{"id":233023,"date":"2024-07-10T06:09:53","date_gmt":"2024-07-10T10:09:53","guid":{"rendered":"https:\/\/www.eldiario.net\/portal\/?p=233023"},"modified":"2024-07-10T06:09:53","modified_gmt":"2024-07-10T10:09:53","slug":"horoscopo-wm-298","status":"publish","type":"post","link":"https:\/\/www.eldiario.net\/portal\/2024\/07\/10\/horoscopo-wm-298\/","title":{"rendered":"Hor\u00f3scopo WM"},"content":{"rendered":"<p>A nuestros lectores:\u00a0Betty B. Mercado, sobrina y colaboradora del fallecido astr\u00f3logo Walter Mercado, contin\u00faa su legado escribiendo los hor\u00f3scopos.<br \/>\nAries<br \/>\n(20 de marzo &#8211;\u00a018 de abril)<br \/>\nLas estrellas iluminan tu camino hacia nuevas oportunidades. Te encontrar\u00e1s en el sitio correcto en el momento correcto para que lo que realmente te conviene se manifieste en tu vida. Los viajes y la buena comunicaci\u00f3n con el mundo que te rodea ser\u00e1n tus mejores instrumentos para enriquecerte en experiencias. N\u00fameros de suerte: 30, 17, 25.<br \/>\nTauro<br \/>\n(19 de abril &#8211; 19\u00a0de mayo)<br \/>\nTodo comienza a cambiar o evolucionar para ti. Solo una actitud muy pesimista y negativa podr\u00e1 bloquear las buenas oportunidades que llegan a tu vida profesional en estos momentos. Prep\u00e1rate para expandirte y caminar por caminos no transitados por ti. Dile si a la vida y a todo lo que se presente, Tauro. N\u00fameros de suerte: 37, 10, 11.<br \/>\nG\u00e9minis<br \/>\n(20 de mayo &#8211; 19\u00a0de junio)<br \/>\nTodo proyecto en el que te envuelvas ser\u00e1 divertido para ti. Tu creatividad y tu buena disposici\u00f3n te aseguran resultados maravillosos en todo lo que hagas. Tu comunicaci\u00f3n es placentera y positiva y te abrir\u00e1 nuevas oportunidades en el amor. Si tienes pareja aprovecha estas buenas influencias para intensificar a\u00fan m\u00e1s esta relaci\u00f3n. N\u00fameros de suerte: 19, 20, 2.<br \/>\nC\u00e1ncer<br \/>\n(20 de junio &#8211;\u00a021 de julio)<br \/>\nExcelente periodo para educarte, aprender, expandir tus conocimientos en lo profesional y tambi\u00e9n en lo espiritual. Todo aquello que parec\u00eda enredado, dif\u00edcil de resolver, ahora como un acto de magia, comienza a resolverse, a desenredarse, lo que traer\u00e1 paz y tranquilidad a tu vida. N\u00fameros de suerte: 26, 17, 30.<br \/>\nLeo<br \/>\n(22 de julio &#8211;\u00a021 de agosto)<br \/>\nTu hogar o el lugar donde vives y compartes con otros sufre una transformaci\u00f3n, un cambio. Las mudanzas, la renta, un nuevo miembro que llega a compartirlo, una renovaci\u00f3n, venta o compra, est\u00e1n entre estos cambios. Act\u00faa con cautela, sin perder el control y no pierdas tu temperamento en momentos de confusi\u00f3n. N\u00fameros de suerte: 11, 25, 19.<br \/>\nVirgo<br \/>\n(22 de agosto &#8211;\u00a021 de sept.)<br \/>\nBuscas estabilizar tu vida y poco a poco lo ir\u00e1s logrando, Virgo. Te llevar\u00e1s mejor con tu pareja, especialmente en asuntos de negocios y dinero. Podr\u00e1n llegar a acuerdos y beneficios para ambos. Si est\u00e1s soltero, surgen conversaciones para formalizar esa relaci\u00f3n, dar un paso definitivo en la vida de los dos. N\u00fameros de suerte: 35, 26, 13.<br \/>\nLibra<br \/>\n(22 de sept. &#8211;\u00a022 de oct.)<br \/>\nNuevas oportunidades se presentan para mejorar tu calidad de vida, Libra. Todo lo que tenga que ver con las comunicaciones trabaja a tu favor y promete darte buenos resultados. Excelente periodo para comenzar a escribir un libro en donde expreses todas esas ricas experiencias que se han manifestado en tu vida. N\u00fameros de suerte: 25, 24, 11.<br \/>\nEscorpi\u00f3n<br \/>\n(23 de oct. &#8211; 20 de nov.)<br \/>\nTodo lo que tenga que ver con los textos, los viajes y las comunicaciones est\u00e1 excelentemente aspectado, abri\u00e9ndote nuevas oportunidades de progreso. Es un periodo de mucha productividad, dar\u00e1s lo mejor de ti. Si est\u00e1s interesado en alguien, pon todo tu esfuerzo para lucir atractivo y llamar la atenci\u00f3n de esa persona. N\u00fameros de suerte: 6, 31, 9.<br \/>\nSagitario<br \/>\n(21 de nov. &#8211;\u00a020 de dic.)<br \/>\nTodo lo que planeaste y trabajaste para hacer crecer tu dinero, comienza a dar sus frutos. Est\u00e1s en el mejor momento para empezar a lanzarte en un nuevo negocio. Eres t\u00fa ahora \u00e9l o la que mande y ordene. Ser\u00e1s l\u00edder y muchos pondr\u00e1n atenci\u00f3n a lo que tienes que decir. N\u00fameros de suerte: 23, 10, 7.<br \/>\nCapricornio<br \/>\n(21 de dic. &#8211;\u00a018 de ene.)<br \/>\nEl triunfo y la suerte de tu pareja te beneficiar\u00e1n a ti tambi\u00e9n. Todo lo que tenga que ver con herencias, compraventa est\u00e1 favorecido. Invertir en equipo nuevo y tecnolog\u00eda te ayudar\u00e1 a acelerar el trabajo, pero tienes que estar bien consciente de sacar ese tiempo libre para descansar la mente y compartir con tus seres queridos. N\u00fameros de suerte: 25, 26, 18.<br \/>\nAcuario<br \/>\n(19 de ene. &#8211;\u00a017 de feb.)<br \/>\nTus amigos y tus responsabilidades con tu amor tiran hacia diferentes caminos. Es importante que tu pareja participe m\u00e1s en tu vida. Separa tiempo para meditar, descansar, relajarte y as\u00ed podr\u00e1s manifestar mejor tus sentimientos. Los planetas te llenan de mucha energ\u00eda positiva para que lleves a cabo tus planes exitosamente. N\u00fameros de suerte: 17, 20, 14.<br \/>\nPiscis<br \/>\n(18 de feb. &#8211; 19\u00a0de marzo)<br \/>\nUnirte a tu grupo social o de trabajo es tu mejor alternativa en estos momentos para obtener lo que tanto quieres lograr. La comunicaci\u00f3n es muy importante. Tiendes a ser un tanto testarudo a veces y quieres imponer tus puntos de vista. Escucha, participa y recoge lo que te conviene, m\u00e9zclalo con lo que te quede y el \u00e9xito ser\u00e1 tuyo. N\u00fameros de suerte: 5, 18, 44.<\/p>\n","protected":false},"excerpt":{"rendered":"<p>A nuestros lectores:\u00a0Betty B. Mercado, sobrina y colaboradora del fallecido astr\u00f3logo Walter Mercado, contin\u00faa su legado escribiendo los hor\u00f3scopos. Aries (20 de marzo &#8211;\u00a018 de abril) Las estrellas iluminan tu camino hacia nuevas oportunidades. Te encontrar\u00e1s en el sitio correcto en el momento correcto para que lo que realmente te conviene se manifieste en tu [&hellip;]<\/p>\n","protected":false},"author":1,"featured_media":161083,"comment_status":"open","ping_status":"open","sticky":false,"template":"","format":"standard","meta":{"_acf_changed":false,"footnotes":""},"categories":[8],"tags":[],"class_list":["post-233023","post","type-post","status-publish","format-standard","has-post-thumbnail","category-cultural"],"acf":{"antetitulo":""},"yoast_head":"<!-- This site is optimized with the Yoast SEO plugin v28.4 - https:\/\/yoast.com\/product\/yoast-seo-wordpress\/ -->\n<title>Hor\u00f3scopo WM - El Diario - Bolivia<\/title>\n<meta name=\"robots\" content=\"index, follow, max-snippet:-1, max-image-preview:large, max-video-preview:-1\" \/>\n<link rel=\"canonical\" href=\"https:\/\/www.eldiario.net\/portal\/2024\/07\/10\/horoscopo-wm-298\/\" \/>\n<meta property=\"og:locale\" content=\"es_ES\" \/>\n<meta property=\"og:type\" content=\"article\" \/>\n<meta property=\"og:title\" content=\"Hor\u00f3scopo WM - El Diario - Bolivia\" \/>\n<meta property=\"og:description\" content=\"A nuestros lectores:\u00a0Betty B. Mercado, sobrina y colaboradora del fallecido astr\u00f3logo Walter Mercado, contin\u00faa su legado escribiendo los hor\u00f3scopos. Aries (20 de marzo &#8211;\u00a018 de abril) Las estrellas iluminan tu camino hacia nuevas oportunidades. Te encontrar\u00e1s en el sitio correcto en el momento correcto para que lo que realmente te conviene se manifieste en tu [&hellip;]\" \/>\n<meta property=\"og:url\" content=\"https:\/\/www.eldiario.net\/portal\/2024\/07\/10\/horoscopo-wm-298\/\" \/>\n<meta property=\"og:site_name\" content=\"El Diario - Bolivia\" \/>\n<meta property=\"article:publisher\" content=\"https:\/\/www.facebook.com\/eldiario.bolivia\/\" \/>\n<meta property=\"article:published_time\" content=\"2024-07-10T10:09:53+00:00\" \/>\n<meta property=\"og:image\" content=\"https:\/\/www.eldiario.net\/portal\/wp-content\/uploads\/2023\/06\/CANCER.jpg\" \/>\n\t<meta property=\"og:image:width\" content=\"1200\" \/>\n\t<meta property=\"og:image:height\" content=\"675\" \/>\n\t<meta property=\"og:image:type\" content=\"image\/jpeg\" \/>\n<meta name=\"author\" content=\"Jeanette\" \/>\n<meta name=\"twitter:card\" content=\"summary_large_image\" \/>\n<meta name=\"twitter:creator\" content=\"@eldiario_net\" \/>\n<meta name=\"twitter:site\" content=\"@eldiario_net\" \/>\n<meta name=\"twitter:label1\" content=\"Escrito por\" \/>\n\t<meta name=\"twitter:data1\" content=\"Jeanette\" \/>\n\t<meta name=\"twitter:label2\" content=\"Tiempo de lectura\" \/>\n\t<meta name=\"twitter:data2\" content=\"4 minutos\" \/>\n<script type=\"application\/ld+json\" class=\"yoast-schema-graph\">{\"@context\":\"https:\\\/\\\/schema.org\",\"@graph\":[{\"@type\":\"Article\",\"@id\":\"https:\\\/\\\/www.eldiario.net\\\/portal\\\/2024\\\/07\\\/10\\\/horoscopo-wm-298\\\/#article\",\"isPartOf\":{\"@id\":\"https:\\\/\\\/www.eldiario.net\\\/portal\\\/2024\\\/07\\\/10\\\/horoscopo-wm-298\\\/\"},\"author\":{\"name\":\"Jeanette\",\"@id\":\"https:\\\/\\\/www.eldiario.net\\\/portal\\\/#\\\/schema\\\/person\\\/f46445640444750d7d753ccd04ae01b7\"},\"headline\":\"Hor\u00f3scopo WM\",\"datePublished\":\"2024-07-10T10:09:53+00:00\",\"mainEntityOfPage\":{\"@id\":\"https:\\\/\\\/www.eldiario.net\\\/portal\\\/2024\\\/07\\\/10\\\/horoscopo-wm-298\\\/\"},\"wordCount\":815,\"commentCount\":0,\"publisher\":{\"@id\":\"https:\\\/\\\/www.eldiario.net\\\/portal\\\/#organization\"},\"image\":{\"@id\":\"https:\\\/\\\/www.eldiario.net\\\/portal\\\/2024\\\/07\\\/10\\\/horoscopo-wm-298\\\/#primaryimage\"},\"thumbnailUrl\":\"https:\\\/\\\/www.eldiario.net\\\/portal\\\/wp-content\\\/uploads\\\/2023\\\/06\\\/CANCER.jpg\",\"articleSection\":[\"Cultural\"],\"inLanguage\":\"es\",\"potentialAction\":[{\"@type\":\"CommentAction\",\"name\":\"Comment\",\"target\":[\"https:\\\/\\\/www.eldiario.net\\\/portal\\\/2024\\\/07\\\/10\\\/horoscopo-wm-298\\\/#respond\"]}]},{\"@type\":\"WebPage\",\"@id\":\"https:\\\/\\\/www.eldiario.net\\\/portal\\\/2024\\\/07\\\/10\\\/horoscopo-wm-298\\\/\",\"url\":\"https:\\\/\\\/www.eldiario.net\\\/portal\\\/2024\\\/07\\\/10\\\/horoscopo-wm-298\\\/\",\"name\":\"Hor\u00f3scopo WM - El Diario - Bolivia\",\"isPartOf\":{\"@id\":\"https:\\\/\\\/www.eldiario.net\\\/portal\\\/#website\"},\"primaryImageOfPage\":{\"@id\":\"https:\\\/\\\/www.eldiario.net\\\/portal\\\/2024\\\/07\\\/10\\\/horoscopo-wm-298\\\/#primaryimage\"},\"image\":{\"@id\":\"https:\\\/\\\/www.eldiario.net\\\/portal\\\/2024\\\/07\\\/10\\\/horoscopo-wm-298\\\/#primaryimage\"},\"thumbnailUrl\":\"https:\\\/\\\/www.eldiario.net\\\/portal\\\/wp-content\\\/uploads\\\/2023\\\/06\\\/CANCER.jpg\",\"datePublished\":\"2024-07-10T10:09:53+00:00\",\"breadcrumb\":{\"@id\":\"https:\\\/\\\/www.eldiario.net\\\/portal\\\/2024\\\/07\\\/10\\\/horoscopo-wm-298\\\/#breadcrumb\"},\"inLanguage\":\"es\",\"potentialAction\":[{\"@type\":\"ReadAction\",\"target\":[\"https:\\\/\\\/www.eldiario.net\\\/portal\\\/2024\\\/07\\\/10\\\/horoscopo-wm-298\\\/\"]}]},{\"@type\":\"ImageObject\",\"inLanguage\":\"es\",\"@id\":\"https:\\\/\\\/www.eldiario.net\\\/portal\\\/2024\\\/07\\\/10\\\/horoscopo-wm-298\\\/#primaryimage\",\"url\":\"https:\\\/\\\/www.eldiario.net\\\/portal\\\/wp-content\\\/uploads\\\/2023\\\/06\\\/CANCER.jpg\",\"contentUrl\":\"https:\\\/\\\/www.eldiario.net\\\/portal\\\/wp-content\\\/uploads\\\/2023\\\/06\\\/CANCER.jpg\",\"width\":1200,\"height\":675},{\"@type\":\"BreadcrumbList\",\"@id\":\"https:\\\/\\\/www.eldiario.net\\\/portal\\\/2024\\\/07\\\/10\\\/horoscopo-wm-298\\\/#breadcrumb\",\"itemListElement\":[{\"@type\":\"ListItem\",\"position\":1,\"name\":\"Portada\",\"item\":\"https:\\\/\\\/www.eldiario.net\\\/portal\\\/\"},{\"@type\":\"ListItem\",\"position\":2,\"name\":\"Hor\u00f3scopo WM\"}]},{\"@type\":\"WebSite\",\"@id\":\"https:\\\/\\\/www.eldiario.net\\\/portal\\\/#website\",\"url\":\"https:\\\/\\\/www.eldiario.net\\\/portal\\\/\",\"name\":\"El Diario - Decano de la prensa nacional\",\"description\":\"El Diario - Decano de la prensa nacional\",\"publisher\":{\"@id\":\"https:\\\/\\\/www.eldiario.net\\\/portal\\\/#organization\"},\"potentialAction\":[{\"@type\":\"SearchAction\",\"target\":{\"@type\":\"EntryPoint\",\"urlTemplate\":\"https:\\\/\\\/www.eldiario.net\\\/portal\\\/?s={search_term_string}\"},\"query-input\":{\"@type\":\"PropertyValueSpecification\",\"valueRequired\":true,\"valueName\":\"search_term_string\"}}],\"inLanguage\":\"es\"},{\"@type\":\"Organization\",\"@id\":\"https:\\\/\\\/www.eldiario.net\\\/portal\\\/#organization\",\"name\":\"El Diario - Decano de la prensa nacional\",\"url\":\"https:\\\/\\\/www.eldiario.net\\\/portal\\\/\",\"logo\":{\"@type\":\"ImageObject\",\"inLanguage\":\"es\",\"@id\":\"https:\\\/\\\/www.eldiario.net\\\/portal\\\/#\\\/schema\\\/logo\\\/image\\\/\",\"url\":\"https:\\\/\\\/www.eldiario.net\\\/portal\\\/wp-content\\\/uploads\\\/2023\\\/07\\\/logo_ED.jpg\",\"contentUrl\":\"https:\\\/\\\/www.eldiario.net\\\/portal\\\/wp-content\\\/uploads\\\/2023\\\/07\\\/logo_ED.jpg\",\"width\":272,\"height\":52,\"caption\":\"El Diario - Decano de la prensa nacional\"},\"image\":{\"@id\":\"https:\\\/\\\/www.eldiario.net\\\/portal\\\/#\\\/schema\\\/logo\\\/image\\\/\"},\"sameAs\":[\"https:\\\/\\\/www.facebook.com\\\/eldiario.bolivia\\\/\",\"https:\\\/\\\/x.com\\\/eldiario_net\"]},{\"@type\":\"Person\",\"@id\":\"https:\\\/\\\/www.eldiario.net\\\/portal\\\/#\\\/schema\\\/person\\\/f46445640444750d7d753ccd04ae01b7\",\"name\":\"Jeanette\",\"image\":{\"@type\":\"ImageObject\",\"inLanguage\":\"es\",\"@id\":\"https:\\\/\\\/secure.gravatar.com\\\/avatar\\\/3ea2118a5f7dad2b7138b1187a6b7ee55f160b9968b66013c3a3ef39dd7e5798?s=96&d=mm&r=g\",\"url\":\"https:\\\/\\\/secure.gravatar.com\\\/avatar\\\/3ea2118a5f7dad2b7138b1187a6b7ee55f160b9968b66013c3a3ef39dd7e5798?s=96&d=mm&r=g\",\"contentUrl\":\"https:\\\/\\\/secure.gravatar.com\\\/avatar\\\/3ea2118a5f7dad2b7138b1187a6b7ee55f160b9968b66013c3a3ef39dd7e5798?s=96&d=mm&r=g\",\"caption\":\"Jeanette\"},\"sameAs\":[\"https:\\\/\\\/www.eldiario.net\\\/portal\"],\"url\":\"https:\\\/\\\/www.eldiario.net\\\/portal\\\/author\\\/jeanette\\\/\"}]}<\/script>\n<!-- \/ Yoast SEO plugin. -->","yoast_head_json":{"title":"Hor\u00f3scopo WM - El Diario - Bolivia","robots":{"index":"index","follow":"follow","max-snippet":"max-snippet:-1","max-image-preview":"max-image-preview:large","max-video-preview":"max-video-preview:-1"},"canonical":"https:\/\/www.eldiario.net\/portal\/2024\/07\/10\/horoscopo-wm-298\/","og_locale":"es_ES","og_type":"article","og_title":"Hor\u00f3scopo WM - El Diario - Bolivia","og_description":"A nuestros lectores:\u00a0Betty B. Mercado, sobrina y colaboradora del fallecido astr\u00f3logo Walter Mercado, contin\u00faa su legado escribiendo los hor\u00f3scopos. Aries (20 de marzo &#8211;\u00a018 de abril) Las estrellas iluminan tu camino hacia nuevas oportunidades. Te encontrar\u00e1s en el sitio correcto en el momento correcto para que lo que realmente te conviene se manifieste en tu [&hellip;]","og_url":"https:\/\/www.eldiario.net\/portal\/2024\/07\/10\/horoscopo-wm-298\/","og_site_name":"El Diario - Bolivia","article_publisher":"https:\/\/www.facebook.com\/eldiario.bolivia\/","article_published_time":"2024-07-10T10:09:53+00:00","og_image":[{"width":1200,"height":675,"url":"https:\/\/www.eldiario.net\/portal\/wp-content\/uploads\/2023\/06\/CANCER.jpg","type":"image\/jpeg"}],"author":"Jeanette","twitter_card":"summary_large_image","twitter_creator":"@eldiario_net","twitter_site":"@eldiario_net","twitter_misc":{"Escrito por":"Jeanette","Tiempo de lectura":"4 minutos"},"schema":{"@context":"https:\/\/schema.org","@graph":[{"@type":"Article","@id":"https:\/\/www.eldiario.net\/portal\/2024\/07\/10\/horoscopo-wm-298\/#article","isPartOf":{"@id":"https:\/\/www.eldiario.net\/portal\/2024\/07\/10\/horoscopo-wm-298\/"},"author":{"name":"Jeanette","@id":"https:\/\/www.eldiario.net\/portal\/#\/schema\/person\/f46445640444750d7d753ccd04ae01b7"},"headline":"Hor\u00f3scopo WM","datePublished":"2024-07-10T10:09:53+00:00","mainEntityOfPage":{"@id":"https:\/\/www.eldiario.net\/portal\/2024\/07\/10\/horoscopo-wm-298\/"},"wordCount":815,"commentCount":0,"publisher":{"@id":"https:\/\/www.eldiario.net\/portal\/#organization"},"image":{"@id":"https:\/\/www.eldiario.net\/portal\/2024\/07\/10\/horoscopo-wm-298\/#primaryimage"},"thumbnailUrl":"https:\/\/www.eldiario.net\/portal\/wp-content\/uploads\/2023\/06\/CANCER.jpg","articleSection":["Cultural"],"inLanguage":"es","potentialAction":[{"@type":"CommentAction","name":"Comment","target":["https:\/\/www.eldiario.net\/portal\/2024\/07\/10\/horoscopo-wm-298\/#respond"]}]},{"@type":"WebPage","@id":"https:\/\/www.eldiario.net\/portal\/2024\/07\/10\/horoscopo-wm-298\/","url":"https:\/\/www.eldiario.net\/portal\/2024\/07\/10\/horoscopo-wm-298\/","name":"Hor\u00f3scopo WM - El Diario - Bolivia","isPartOf":{"@id":"https:\/\/www.eldiario.net\/portal\/#website"},"primaryImageOfPage":{"@id":"https:\/\/www.eldiario.net\/portal\/2024\/07\/10\/horoscopo-wm-298\/#primaryimage"},"image":{"@id":"https:\/\/www.eldiario.net\/portal\/2024\/07\/10\/horoscopo-wm-298\/#primaryimage"},"thumbnailUrl":"https:\/\/www.eldiario.net\/portal\/wp-content\/uploads\/2023\/06\/CANCER.jpg","datePublished":"2024-07-10T10:09:53+00:00","breadcrumb":{"@id":"https:\/\/www.eldiario.net\/portal\/2024\/07\/10\/horoscopo-wm-298\/#breadcrumb"},"inLanguage":"es","potentialAction":[{"@type":"ReadAction","target":["https:\/\/www.eldiario.net\/portal\/2024\/07\/10\/horoscopo-wm-298\/"]}]},{"@type":"ImageObject","inLanguage":"es","@id":"https:\/\/www.eldiario.net\/portal\/2024\/07\/10\/horoscopo-wm-298\/#primaryimage","url":"https:\/\/www.eldiario.net\/portal\/wp-content\/uploads\/2023\/06\/CANCER.jpg","contentUrl":"https:\/\/www.eldiario.net\/portal\/wp-content\/uploads\/2023\/06\/CANCER.jpg","width":1200,"height":675},{"@type":"BreadcrumbList","@id":"https:\/\/www.eldiario.net\/portal\/2024\/07\/10\/horoscopo-wm-298\/#breadcrumb","itemListElement":[{"@type":"ListItem","position":1,"name":"Portada","item":"https:\/\/www.eldiario.net\/portal\/"},{"@type":"ListItem","position":2,"name":"Hor\u00f3scopo WM"}]},{"@type":"WebSite","@id":"https:\/\/www.eldiario.net\/portal\/#website","url":"https:\/\/www.eldiario.net\/portal\/","name":"El Diario - Decano de la prensa nacional","description":"El Diario - Decano de la prensa nacional","publisher":{"@id":"https:\/\/www.eldiario.net\/portal\/#organization"},"potentialAction":[{"@type":"SearchAction","target":{"@type":"EntryPoint","urlTemplate":"https:\/\/www.eldiario.net\/portal\/?s={search_term_string}"},"query-input":{"@type":"PropertyValueSpecification","valueRequired":true,"valueName":"search_term_string"}}],"inLanguage":"es"},{"@type":"Organization","@id":"https:\/\/www.eldiario.net\/portal\/#organization","name":"El Diario - Decano de la prensa nacional","url":"https:\/\/www.eldiario.net\/portal\/","logo":{"@type":"ImageObject","inLanguage":"es","@id":"https:\/\/www.eldiario.net\/portal\/#\/schema\/logo\/image\/","url":"https:\/\/www.eldiario.net\/portal\/wp-content\/uploads\/2023\/07\/logo_ED.jpg","contentUrl":"https:\/\/www.eldiario.net\/portal\/wp-content\/uploads\/2023\/07\/logo_ED.jpg","width":272,"height":52,"caption":"El Diario - Decano de la prensa nacional"},"image":{"@id":"https:\/\/www.eldiario.net\/portal\/#\/schema\/logo\/image\/"},"sameAs":["https:\/\/www.facebook.com\/eldiario.bolivia\/","https:\/\/x.com\/eldiario_net"]},{"@type":"Person","@id":"https:\/\/www.eldiario.net\/portal\/#\/schema\/person\/f46445640444750d7d753ccd04ae01b7","name":"Jeanette","image":{"@type":"ImageObject","inLanguage":"es","@id":"https:\/\/secure.gravatar.com\/avatar\/3ea2118a5f7dad2b7138b1187a6b7ee55f160b9968b66013c3a3ef39dd7e5798?s=96&d=mm&r=g","url":"https:\/\/secure.gravatar.com\/avatar\/3ea2118a5f7dad2b7138b1187a6b7ee55f160b9968b66013c3a3ef39dd7e5798?s=96&d=mm&r=g","contentUrl":"https:\/\/secure.gravatar.com\/avatar\/3ea2118a5f7dad2b7138b1187a6b7ee55f160b9968b66013c3a3ef39dd7e5798?s=96&d=mm&r=g","caption":"Jeanette"},"sameAs":["https:\/\/www.eldiario.net\/portal"],"url":"https:\/\/www.eldiario.net\/portal\/author\/jeanette\/"}]}},"_links":{"self":[{"href":"https:\/\/www.eldiario.net\/portal\/wp-json\/wp\/v2\/posts\/233023","targetHints":{"allow":["GET"]}}],"collection":[{"href":"https:\/\/www.eldiario.net\/portal\/wp-json\/wp\/v2\/posts"}],"about":[{"href":"https:\/\/www.eldiario.net\/portal\/wp-json\/wp\/v2\/types\/post"}],"author":[{"embeddable":true,"href":"https:\/\/www.eldiario.net\/portal\/wp-json\/wp\/v2\/users\/1"}],"replies":[{"embeddable":true,"href":"https:\/\/www.eldiario.net\/portal\/wp-json\/wp\/v2\/comments?post=233023"}],"version-history":[{"count":1,"href":"https:\/\/www.eldiario.net\/portal\/wp-json\/wp\/v2\/posts\/233023\/revisions"}],"predecessor-version":[{"id":233024,"href":"https:\/\/www.eldiario.net\/portal\/wp-json\/wp\/v2\/posts\/233023\/revisions\/233024"}],"wp:featuredmedia":[{"embeddable":true,"href":"https:\/\/www.eldiario.net\/portal\/wp-json\/wp\/v2\/media\/161083"}],"wp:attachment":[{"href":"https:\/\/www.eldiario.net\/portal\/wp-json\/wp\/v2\/media?parent=233023"}],"wp:term":[{"taxonomy":"category","embeddable":true,"href":"https:\/\/www.eldiario.net\/portal\/wp-json\/wp\/v2\/categories?post=233023"},{"taxonomy":"post_tag","embeddable":true,"href":"https:\/\/www.eldiario.net\/portal\/wp-json\/wp\/v2\/tags?post=233023"}],"curies":[{"name":"wp","href":"https:\/\/api.w.org\/{rel}","templated":true}]}}