{"id":233020,"date":"2024-07-10T06:08:56","date_gmt":"2024-07-10T10:08:56","guid":{"rendered":"https:\/\/www.eldiario.net\/portal\/?p=233020"},"modified":"2024-07-10T06:08:56","modified_gmt":"2024-07-10T10:08:56","slug":"encuentro-convocado-por-el-tse-ahonda-division-del-mas","status":"publish","type":"post","link":"https:\/\/www.eldiario.net\/portal\/2024\/07\/10\/encuentro-convocado-por-el-tse-ahonda-division-del-mas\/","title":{"rendered":"Encuentro convocado por el  TSE ahonda divisi\u00f3n del MAS"},"content":{"rendered":"<p>Tras ampliarse la invitaci\u00f3n del Tribunal Supremo Electoral (TSE) a l\u00edderes de 11 partidos pol\u00edticos y de dos alianzas electorales con presencia en la Asamblea Legislativa Plurinacional (ALP) para participar del denominado \u201cEncuentro Multipartidario e Interinstitucional por la Democracia\u201d, a realizarse esta jornada, dirigentes y Asamble\u00edstas de las dos alas oficialistas intercambiaron cuestionamientos por la presencia de Evo Morales en este encuentro.<br \/>\nEl principal punto de discrepancia entre miembros del partido azul tiene que ver con la invitaci\u00f3n del l\u00edder cocalero al evento, cuestionando que el ente electoral no asuma una posici\u00f3n definitiva con respecto a reconocer una nueva directiva en el MAS, elegida anteriormente durante un congreso convocado por sectores afines al \u201carcismo\u201d, o permitir que las organizaciones que conforman este partido puedan elegir libremente a sus representantes.<br \/>\nAl respecto, advirtiendo que existieron presiones pol\u00edticas sobre el TSE para abrir la invitaci\u00f3n al Encuentro Multipartidario, no solo para presidentes o delegados de cada partido, sino tambi\u00e9n para l\u00edderes de los mismos, el diputado Freddy Vel\u00e1squez, lament\u00f3 que el \u00d3rgano Electoral no demuestre una postura firme reconociendo o pronunci\u00e1ndose definitivamente sobre la nueva dirigencia del MAS.<br \/>\n\u201cEstamos viendo a un Tribunal Electoral en vilo, que no sabe lo que quiere y ahora tal vez por la presi\u00f3n, el TSE ya deber\u00eda tener una posici\u00f3n con respecto a quien se va reconocer como una directiva leg\u00edtima elegida por las organizaciones sociales\u201d, dijo.<br \/>\nAsimismo, insistiendo en que la invitaci\u00f3n del TSE a Morales responde a la presi\u00f3n ejercida por sectores \u201cevistas\u201d, Vel\u00e1squez advirti\u00f3 que est\u00e9 ente trata de evitar conflictuar la realizaci\u00f3n del evento, cediendo en favor a esta presencia. \u201cPienso que ellos no quieren ponerse en conflicto y vemos los resultados, no estamos viendo autoridades decididas a tomar una posici\u00f3n\u201d, lament\u00f3 el asamble\u00edsta.<br \/>\nEn la misma l\u00ednea, el diputado oficialista, Gustavo Vega, calific\u00f3 como una medida carente de seriedad el que inicialmente el TSE no haya invitado al dirigente cocalero para participar del encuentro y posteriormente se haya cedido a la presi\u00f3n pol\u00edtica permitiendo su asistencia.<br \/>\n\u201cVemos con preocupaci\u00f3n el trabajo que est\u00e1 haciendo el \u00d3rgano Electoral, creo que hay poca seriedad pero creemos que en democracia deben participar todos, esto para evitar que haya un conflicto en lo posterior\u201d, sostuvo.<br \/>\nDesde el ala \u201cevista\u201d, el diputado Ren\u00e1n Cabezas, descart\u00f3 que se haya ejercido cualquier tipo de presi\u00f3n sobre el TSE, afirmando que esta instancia solo rectific\u00f3 una determinaci\u00f3n claramente discriminatoria contra el l\u00edder cocalero.<br \/>\n\u201cSe estaba haciendo un atropello, el \u00d3rgano Electoral tiene que actuar de forma independiente generando confianza y ser factor de unidad sin subordinarse al \u00d3rgano Ejecutivo. Tienen una oportunidad hist\u00f3rica para demostrar que los bolivianos podemos resolver nuestras diferencias en democracia\u201d, expres\u00f3 Cabezas, adelantando que el \u201cevismo\u201d acompa\u00f1ar\u00e1 a su l\u00edder con una marcha hasta instalaciones del TSE.<br \/>\nEl parlamentario adem\u00e1s adelant\u00f3 que la postura del MAS ser\u00e1 rechazar la posibilidad de que las elecciones primarias tengan un car\u00e1cter abierto, como se plante\u00f3 desde varios sectores de la oposici\u00f3n, as\u00ed como exigir que el TSE cumpla con su rol establecido en las normativas vigentes. \u201cEs posible cumplir con esta agenda, solo hace falta voluntad pol\u00edtica\u201d, asegur\u00f3.<br \/>\nAnte la disputa oficialista, el diputado Alejandro Reyes, de Comunidad Ciudadana, afirm\u00f3 que el encuentro a realizarse esta jornada en instalaciones del TSE es el espacio perfecto para definir t\u00e9cnicamente los lineamientos para los pr\u00f3ximos procesos electorales, evitando que el espacio se use como palestra para concretar los intereses pol\u00edtico-electorales que, en la actualidad dividen al partido azul.<br \/>\n\u201cTenemos que llevar una posici\u00f3n t\u00e9cnica y clara, adem\u00e1s decir que est\u00e1 no puede ser una reuni\u00f3n para que Morales busque viabilizar su candidatura, tiene que haber una agenda t\u00e9cnica y clara, un compromiso ante el pueblo boliviano\u201d, sostuvo.<br \/>\nEn ese sentido, pidi\u00f3 al actual jefe del MAS parar con la l\u00f3gica de la confrontaci\u00f3n y la convulsi\u00f3n del pa\u00eds para optar por un retiro digno de la pol\u00edtica, dejando de insistir en apetitos personales y candidaturas legalmente inviables.<br \/>\n\u201cQue pase a ser un expresidente y deje de involucrarse en temas internos sabiendo que ya no puede ser candidato\u201d, sugiri\u00f3 Reyes.<br \/>\nAyer, el Tribunal Supremo Electoral anuncio tener todo listo para la realizaci\u00f3n del Encuentro Multipartidario Interinstitucional por la Democracia, a desarrollarse esta jornada desde las 10:00 horas, en instalaciones de este \u00d3rgano del Estado.<br \/>\nEl presidente del TSE, Oscar Hassenteufel, en conferencia de prensa junto a todos los vocales que conforman la Sala Plena, anuncio que se cursaron invitaciones a los jefes y delegados de los 11 partidos pol\u00edticos y de las dos alianzas pol\u00edticas con representaci\u00f3n parlamentaria, al Presidente del Estado y a los presidentes de las c\u00e1maras de Diputados y de Senadores.<br \/>\n\u201cAl momento actual puedo informarles que las 11 organizaciones pol\u00edticas y las dos alianzas han confirmado su asistencia\u201d, a\u00f1adi\u00f3 Hassenteufel.<br \/>\nAsimismo, se\u00f1al\u00f3 que el TSE llevar\u00e1 algunas propuestas para encarar el ciclo electoral 2024-2025. Una de ellas apunta a que dado el avance lento del proceso de las Elecciones Judiciales se haya llegado a casi un a\u00f1o de demora, por lo que hacer la Elecci\u00f3n Judicial, todav\u00eda con fecha incierta vendr\u00eda a superponerse con las Elecciones Primarias cuya convocatoria, en el marco normativo actual, deber\u00eda salir en el mes de agosto. \u201cPor esto se va a plantear que por esta vez se suspendan las Elecciones Primarias\u201d, explic\u00f3.<br \/>\nSe\u00f1alando que otro problema en realizar las Elecciones Judiciales y Primarias de manera simult\u00e1nea es la contaminaci\u00f3n con elementos pol\u00edticos que puedan sufrir las Elecciones Judiciales, Hassenteufel anunci\u00f3 que tambi\u00e9n se expondr\u00e1 el proyecto que realiza la entidad electoral para implementar la transmisi\u00f3n r\u00e1pida de resultados electorales, que podr\u00eda ser puesta a prueba en los comicios Judiciales, para luego una vez probado y garantizado aplicarlo en las Elecciones Generales.<br \/>\n\u201cEl Tribunal no tiene la obligaci\u00f3n legal de hacerlo; pero estamos convencidos de que es una obligaci\u00f3n hacerlo por el reclamo social que existe\u201d, remarc\u00f3.<br \/>\nSobre la fecha de convocatoria a las Elecciones Generales 2025 indic\u00f3 que \u00e9sta deber\u00eda realizarse en el mes de abril de 2025 \u201cy tener la previsi\u00f3n de que la segunda vuelta pueda hacerse en el mes de octubre, de manera tal que podamos garantizar que la transmisi\u00f3n del mando se realice el 8 de noviembre\u201d.<\/p>\n","protected":false},"excerpt":{"rendered":"<p>Tras ampliarse la invitaci\u00f3n del Tribunal Supremo Electoral (TSE) a l\u00edderes de 11 partidos pol\u00edticos y de dos alianzas electorales con presencia en la Asamblea Legislativa Plurinacional (ALP) para participar del denominado \u201cEncuentro Multipartidario e Interinstitucional por la Democracia\u201d, a realizarse esta jornada, dirigentes y Asamble\u00edstas de las dos alas oficialistas intercambiaron cuestionamientos por la [&hellip;]<\/p>\n","protected":false},"author":1,"featured_media":233021,"comment_status":"open","ping_status":"open","sticky":false,"template":"","format":"standard","meta":{"_acf_changed":false,"footnotes":""},"categories":[14],"tags":[],"class_list":["post-233020","post","type-post","status-publish","format-standard","has-post-thumbnail","category-politica"],"acf":{"antetitulo":"Ven presi\u00f3n sobre \u00d3rgano Electoral"},"yoast_head":"<!-- This site is optimized with the Yoast SEO plugin v28.4 - https:\/\/yoast.com\/product\/yoast-seo-wordpress\/ -->\n<title>Encuentro convocado por el TSE ahonda divisi\u00f3n del MAS - El Diario - Bolivia<\/title>\n<meta name=\"robots\" content=\"index, follow, max-snippet:-1, max-image-preview:large, max-video-preview:-1\" \/>\n<link rel=\"canonical\" href=\"https:\/\/www.eldiario.net\/portal\/2024\/07\/10\/encuentro-convocado-por-el-tse-ahonda-division-del-mas\/\" \/>\n<meta property=\"og:locale\" content=\"es_ES\" \/>\n<meta property=\"og:type\" content=\"article\" \/>\n<meta property=\"og:title\" content=\"Encuentro convocado por el TSE ahonda divisi\u00f3n del MAS - El Diario - Bolivia\" \/>\n<meta property=\"og:description\" content=\"Tras ampliarse la invitaci\u00f3n del Tribunal Supremo Electoral (TSE) a l\u00edderes de 11 partidos pol\u00edticos y de dos alianzas electorales con presencia en la Asamblea Legislativa Plurinacional (ALP) para participar del denominado \u201cEncuentro Multipartidario e Interinstitucional por la Democracia\u201d, a realizarse esta jornada, dirigentes y Asamble\u00edstas de las dos alas oficialistas intercambiaron cuestionamientos por la [&hellip;]\" \/>\n<meta property=\"og:url\" content=\"https:\/\/www.eldiario.net\/portal\/2024\/07\/10\/encuentro-convocado-por-el-tse-ahonda-division-del-mas\/\" \/>\n<meta property=\"og:site_name\" content=\"El Diario - Bolivia\" \/>\n<meta property=\"article:publisher\" content=\"https:\/\/www.facebook.com\/eldiario.bolivia\/\" \/>\n<meta property=\"article:published_time\" content=\"2024-07-10T10:08:56+00:00\" \/>\n<meta property=\"og:image\" content=\"https:\/\/www.eldiario.net\/portal\/wp-content\/uploads\/2024\/07\/40-POL-3.jpg\" \/>\n\t<meta property=\"og:image:width\" content=\"1124\" \/>\n\t<meta property=\"og:image:height\" content=\"750\" \/>\n\t<meta property=\"og:image:type\" content=\"image\/jpeg\" \/>\n<meta name=\"author\" content=\"Jeanette\" \/>\n<meta name=\"twitter:card\" content=\"summary_large_image\" \/>\n<meta name=\"twitter:creator\" content=\"@eldiario_net\" \/>\n<meta name=\"twitter:site\" content=\"@eldiario_net\" \/>\n<meta name=\"twitter:label1\" content=\"Escrito por\" \/>\n\t<meta name=\"twitter:data1\" content=\"Jeanette\" \/>\n\t<meta name=\"twitter:label2\" content=\"Tiempo de lectura\" \/>\n\t<meta name=\"twitter:data2\" content=\"5 minutos\" \/>\n<script type=\"application\/ld+json\" class=\"yoast-schema-graph\">{\"@context\":\"https:\\\/\\\/schema.org\",\"@graph\":[{\"@type\":\"Article\",\"@id\":\"https:\\\/\\\/www.eldiario.net\\\/portal\\\/2024\\\/07\\\/10\\\/encuentro-convocado-por-el-tse-ahonda-division-del-mas\\\/#article\",\"isPartOf\":{\"@id\":\"https:\\\/\\\/www.eldiario.net\\\/portal\\\/2024\\\/07\\\/10\\\/encuentro-convocado-por-el-tse-ahonda-division-del-mas\\\/\"},\"author\":{\"name\":\"Jeanette\",\"@id\":\"https:\\\/\\\/www.eldiario.net\\\/portal\\\/#\\\/schema\\\/person\\\/f46445640444750d7d753ccd04ae01b7\"},\"headline\":\"Encuentro convocado por el TSE ahonda divisi\u00f3n del MAS\",\"datePublished\":\"2024-07-10T10:08:56+00:00\",\"mainEntityOfPage\":{\"@id\":\"https:\\\/\\\/www.eldiario.net\\\/portal\\\/2024\\\/07\\\/10\\\/encuentro-convocado-por-el-tse-ahonda-division-del-mas\\\/\"},\"wordCount\":1109,\"commentCount\":0,\"publisher\":{\"@id\":\"https:\\\/\\\/www.eldiario.net\\\/portal\\\/#organization\"},\"image\":{\"@id\":\"https:\\\/\\\/www.eldiario.net\\\/portal\\\/2024\\\/07\\\/10\\\/encuentro-convocado-por-el-tse-ahonda-division-del-mas\\\/#primaryimage\"},\"thumbnailUrl\":\"https:\\\/\\\/www.eldiario.net\\\/portal\\\/wp-content\\\/uploads\\\/2024\\\/07\\\/40-POL-3.jpg\",\"articleSection\":[\"Pol\u00edtica\"],\"inLanguage\":\"es\",\"potentialAction\":[{\"@type\":\"CommentAction\",\"name\":\"Comment\",\"target\":[\"https:\\\/\\\/www.eldiario.net\\\/portal\\\/2024\\\/07\\\/10\\\/encuentro-convocado-por-el-tse-ahonda-division-del-mas\\\/#respond\"]}]},{\"@type\":\"WebPage\",\"@id\":\"https:\\\/\\\/www.eldiario.net\\\/portal\\\/2024\\\/07\\\/10\\\/encuentro-convocado-por-el-tse-ahonda-division-del-mas\\\/\",\"url\":\"https:\\\/\\\/www.eldiario.net\\\/portal\\\/2024\\\/07\\\/10\\\/encuentro-convocado-por-el-tse-ahonda-division-del-mas\\\/\",\"name\":\"Encuentro convocado por el TSE ahonda divisi\u00f3n del MAS - El Diario - Bolivia\",\"isPartOf\":{\"@id\":\"https:\\\/\\\/www.eldiario.net\\\/portal\\\/#website\"},\"primaryImageOfPage\":{\"@id\":\"https:\\\/\\\/www.eldiario.net\\\/portal\\\/2024\\\/07\\\/10\\\/encuentro-convocado-por-el-tse-ahonda-division-del-mas\\\/#primaryimage\"},\"image\":{\"@id\":\"https:\\\/\\\/www.eldiario.net\\\/portal\\\/2024\\\/07\\\/10\\\/encuentro-convocado-por-el-tse-ahonda-division-del-mas\\\/#primaryimage\"},\"thumbnailUrl\":\"https:\\\/\\\/www.eldiario.net\\\/portal\\\/wp-content\\\/uploads\\\/2024\\\/07\\\/40-POL-3.jpg\",\"datePublished\":\"2024-07-10T10:08:56+00:00\",\"breadcrumb\":{\"@id\":\"https:\\\/\\\/www.eldiario.net\\\/portal\\\/2024\\\/07\\\/10\\\/encuentro-convocado-por-el-tse-ahonda-division-del-mas\\\/#breadcrumb\"},\"inLanguage\":\"es\",\"potentialAction\":[{\"@type\":\"ReadAction\",\"target\":[\"https:\\\/\\\/www.eldiario.net\\\/portal\\\/2024\\\/07\\\/10\\\/encuentro-convocado-por-el-tse-ahonda-division-del-mas\\\/\"]}]},{\"@type\":\"ImageObject\",\"inLanguage\":\"es\",\"@id\":\"https:\\\/\\\/www.eldiario.net\\\/portal\\\/2024\\\/07\\\/10\\\/encuentro-convocado-por-el-tse-ahonda-division-del-mas\\\/#primaryimage\",\"url\":\"https:\\\/\\\/www.eldiario.net\\\/portal\\\/wp-content\\\/uploads\\\/2024\\\/07\\\/40-POL-3.jpg\",\"contentUrl\":\"https:\\\/\\\/www.eldiario.net\\\/portal\\\/wp-content\\\/uploads\\\/2024\\\/07\\\/40-POL-3.jpg\",\"width\":1124,\"height\":750,\"caption\":\"TSE (referencial)\"},{\"@type\":\"BreadcrumbList\",\"@id\":\"https:\\\/\\\/www.eldiario.net\\\/portal\\\/2024\\\/07\\\/10\\\/encuentro-convocado-por-el-tse-ahonda-division-del-mas\\\/#breadcrumb\",\"itemListElement\":[{\"@type\":\"ListItem\",\"position\":1,\"name\":\"Portada\",\"item\":\"https:\\\/\\\/www.eldiario.net\\\/portal\\\/\"},{\"@type\":\"ListItem\",\"position\":2,\"name\":\"Encuentro convocado por el TSE ahonda divisi\u00f3n del MAS\"}]},{\"@type\":\"WebSite\",\"@id\":\"https:\\\/\\\/www.eldiario.net\\\/portal\\\/#website\",\"url\":\"https:\\\/\\\/www.eldiario.net\\\/portal\\\/\",\"name\":\"El Diario - Decano de la prensa nacional\",\"description\":\"El Diario - Decano de la prensa nacional\",\"publisher\":{\"@id\":\"https:\\\/\\\/www.eldiario.net\\\/portal\\\/#organization\"},\"potentialAction\":[{\"@type\":\"SearchAction\",\"target\":{\"@type\":\"EntryPoint\",\"urlTemplate\":\"https:\\\/\\\/www.eldiario.net\\\/portal\\\/?s={search_term_string}\"},\"query-input\":{\"@type\":\"PropertyValueSpecification\",\"valueRequired\":true,\"valueName\":\"search_term_string\"}}],\"inLanguage\":\"es\"},{\"@type\":\"Organization\",\"@id\":\"https:\\\/\\\/www.eldiario.net\\\/portal\\\/#organization\",\"name\":\"El Diario - Decano de la prensa nacional\",\"url\":\"https:\\\/\\\/www.eldiario.net\\\/portal\\\/\",\"logo\":{\"@type\":\"ImageObject\",\"inLanguage\":\"es\",\"@id\":\"https:\\\/\\\/www.eldiario.net\\\/portal\\\/#\\\/schema\\\/logo\\\/image\\\/\",\"url\":\"https:\\\/\\\/www.eldiario.net\\\/portal\\\/wp-content\\\/uploads\\\/2023\\\/07\\\/logo_ED.jpg\",\"contentUrl\":\"https:\\\/\\\/www.eldiario.net\\\/portal\\\/wp-content\\\/uploads\\\/2023\\\/07\\\/logo_ED.jpg\",\"width\":272,\"height\":52,\"caption\":\"El Diario - Decano de la prensa nacional\"},\"image\":{\"@id\":\"https:\\\/\\\/www.eldiario.net\\\/portal\\\/#\\\/schema\\\/logo\\\/image\\\/\"},\"sameAs\":[\"https:\\\/\\\/www.facebook.com\\\/eldiario.bolivia\\\/\",\"https:\\\/\\\/x.com\\\/eldiario_net\"]},{\"@type\":\"Person\",\"@id\":\"https:\\\/\\\/www.eldiario.net\\\/portal\\\/#\\\/schema\\\/person\\\/f46445640444750d7d753ccd04ae01b7\",\"name\":\"Jeanette\",\"image\":{\"@type\":\"ImageObject\",\"inLanguage\":\"es\",\"@id\":\"https:\\\/\\\/secure.gravatar.com\\\/avatar\\\/3ea2118a5f7dad2b7138b1187a6b7ee55f160b9968b66013c3a3ef39dd7e5798?s=96&d=mm&r=g\",\"url\":\"https:\\\/\\\/secure.gravatar.com\\\/avatar\\\/3ea2118a5f7dad2b7138b1187a6b7ee55f160b9968b66013c3a3ef39dd7e5798?s=96&d=mm&r=g\",\"contentUrl\":\"https:\\\/\\\/secure.gravatar.com\\\/avatar\\\/3ea2118a5f7dad2b7138b1187a6b7ee55f160b9968b66013c3a3ef39dd7e5798?s=96&d=mm&r=g\",\"caption\":\"Jeanette\"},\"sameAs\":[\"https:\\\/\\\/www.eldiario.net\\\/portal\"],\"url\":\"https:\\\/\\\/www.eldiario.net\\\/portal\\\/author\\\/jeanette\\\/\"}]}<\/script>\n<!-- \/ Yoast SEO plugin. -->","yoast_head_json":{"title":"Encuentro convocado por el TSE ahonda divisi\u00f3n del MAS - El Diario - Bolivia","robots":{"index":"index","follow":"follow","max-snippet":"max-snippet:-1","max-image-preview":"max-image-preview:large","max-video-preview":"max-video-preview:-1"},"canonical":"https:\/\/www.eldiario.net\/portal\/2024\/07\/10\/encuentro-convocado-por-el-tse-ahonda-division-del-mas\/","og_locale":"es_ES","og_type":"article","og_title":"Encuentro convocado por el TSE ahonda divisi\u00f3n del MAS - El Diario - Bolivia","og_description":"Tras ampliarse la invitaci\u00f3n del Tribunal Supremo Electoral (TSE) a l\u00edderes de 11 partidos pol\u00edticos y de dos alianzas electorales con presencia en la Asamblea Legislativa Plurinacional (ALP) para participar del denominado \u201cEncuentro Multipartidario e Interinstitucional por la Democracia\u201d, a realizarse esta jornada, dirigentes y Asamble\u00edstas de las dos alas oficialistas intercambiaron cuestionamientos por la [&hellip;]","og_url":"https:\/\/www.eldiario.net\/portal\/2024\/07\/10\/encuentro-convocado-por-el-tse-ahonda-division-del-mas\/","og_site_name":"El Diario - Bolivia","article_publisher":"https:\/\/www.facebook.com\/eldiario.bolivia\/","article_published_time":"2024-07-10T10:08:56+00:00","og_image":[{"width":1124,"height":750,"url":"https:\/\/www.eldiario.net\/portal\/wp-content\/uploads\/2024\/07\/40-POL-3.jpg","type":"image\/jpeg"}],"author":"Jeanette","twitter_card":"summary_large_image","twitter_creator":"@eldiario_net","twitter_site":"@eldiario_net","twitter_misc":{"Escrito por":"Jeanette","Tiempo de lectura":"5 minutos"},"schema":{"@context":"https:\/\/schema.org","@graph":[{"@type":"Article","@id":"https:\/\/www.eldiario.net\/portal\/2024\/07\/10\/encuentro-convocado-por-el-tse-ahonda-division-del-mas\/#article","isPartOf":{"@id":"https:\/\/www.eldiario.net\/portal\/2024\/07\/10\/encuentro-convocado-por-el-tse-ahonda-division-del-mas\/"},"author":{"name":"Jeanette","@id":"https:\/\/www.eldiario.net\/portal\/#\/schema\/person\/f46445640444750d7d753ccd04ae01b7"},"headline":"Encuentro convocado por el TSE ahonda divisi\u00f3n del MAS","datePublished":"2024-07-10T10:08:56+00:00","mainEntityOfPage":{"@id":"https:\/\/www.eldiario.net\/portal\/2024\/07\/10\/encuentro-convocado-por-el-tse-ahonda-division-del-mas\/"},"wordCount":1109,"commentCount":0,"publisher":{"@id":"https:\/\/www.eldiario.net\/portal\/#organization"},"image":{"@id":"https:\/\/www.eldiario.net\/portal\/2024\/07\/10\/encuentro-convocado-por-el-tse-ahonda-division-del-mas\/#primaryimage"},"thumbnailUrl":"https:\/\/www.eldiario.net\/portal\/wp-content\/uploads\/2024\/07\/40-POL-3.jpg","articleSection":["Pol\u00edtica"],"inLanguage":"es","potentialAction":[{"@type":"CommentAction","name":"Comment","target":["https:\/\/www.eldiario.net\/portal\/2024\/07\/10\/encuentro-convocado-por-el-tse-ahonda-division-del-mas\/#respond"]}]},{"@type":"WebPage","@id":"https:\/\/www.eldiario.net\/portal\/2024\/07\/10\/encuentro-convocado-por-el-tse-ahonda-division-del-mas\/","url":"https:\/\/www.eldiario.net\/portal\/2024\/07\/10\/encuentro-convocado-por-el-tse-ahonda-division-del-mas\/","name":"Encuentro convocado por el TSE ahonda divisi\u00f3n del MAS - El Diario - Bolivia","isPartOf":{"@id":"https:\/\/www.eldiario.net\/portal\/#website"},"primaryImageOfPage":{"@id":"https:\/\/www.eldiario.net\/portal\/2024\/07\/10\/encuentro-convocado-por-el-tse-ahonda-division-del-mas\/#primaryimage"},"image":{"@id":"https:\/\/www.eldiario.net\/portal\/2024\/07\/10\/encuentro-convocado-por-el-tse-ahonda-division-del-mas\/#primaryimage"},"thumbnailUrl":"https:\/\/www.eldiario.net\/portal\/wp-content\/uploads\/2024\/07\/40-POL-3.jpg","datePublished":"2024-07-10T10:08:56+00:00","breadcrumb":{"@id":"https:\/\/www.eldiario.net\/portal\/2024\/07\/10\/encuentro-convocado-por-el-tse-ahonda-division-del-mas\/#breadcrumb"},"inLanguage":"es","potentialAction":[{"@type":"ReadAction","target":["https:\/\/www.eldiario.net\/portal\/2024\/07\/10\/encuentro-convocado-por-el-tse-ahonda-division-del-mas\/"]}]},{"@type":"ImageObject","inLanguage":"es","@id":"https:\/\/www.eldiario.net\/portal\/2024\/07\/10\/encuentro-convocado-por-el-tse-ahonda-division-del-mas\/#primaryimage","url":"https:\/\/www.eldiario.net\/portal\/wp-content\/uploads\/2024\/07\/40-POL-3.jpg","contentUrl":"https:\/\/www.eldiario.net\/portal\/wp-content\/uploads\/2024\/07\/40-POL-3.jpg","width":1124,"height":750,"caption":"TSE (referencial)"},{"@type":"BreadcrumbList","@id":"https:\/\/www.eldiario.net\/portal\/2024\/07\/10\/encuentro-convocado-por-el-tse-ahonda-division-del-mas\/#breadcrumb","itemListElement":[{"@type":"ListItem","position":1,"name":"Portada","item":"https:\/\/www.eldiario.net\/portal\/"},{"@type":"ListItem","position":2,"name":"Encuentro convocado por el TSE ahonda divisi\u00f3n del MAS"}]},{"@type":"WebSite","@id":"https:\/\/www.eldiario.net\/portal\/#website","url":"https:\/\/www.eldiario.net\/portal\/","name":"El Diario - Decano de la prensa nacional","description":"El Diario - Decano de la prensa nacional","publisher":{"@id":"https:\/\/www.eldiario.net\/portal\/#organization"},"potentialAction":[{"@type":"SearchAction","target":{"@type":"EntryPoint","urlTemplate":"https:\/\/www.eldiario.net\/portal\/?s={search_term_string}"},"query-input":{"@type":"PropertyValueSpecification","valueRequired":true,"valueName":"search_term_string"}}],"inLanguage":"es"},{"@type":"Organization","@id":"https:\/\/www.eldiario.net\/portal\/#organization","name":"El Diario - Decano de la prensa nacional","url":"https:\/\/www.eldiario.net\/portal\/","logo":{"@type":"ImageObject","inLanguage":"es","@id":"https:\/\/www.eldiario.net\/portal\/#\/schema\/logo\/image\/","url":"https:\/\/www.eldiario.net\/portal\/wp-content\/uploads\/2023\/07\/logo_ED.jpg","contentUrl":"https:\/\/www.eldiario.net\/portal\/wp-content\/uploads\/2023\/07\/logo_ED.jpg","width":272,"height":52,"caption":"El Diario - Decano de la prensa nacional"},"image":{"@id":"https:\/\/www.eldiario.net\/portal\/#\/schema\/logo\/image\/"},"sameAs":["https:\/\/www.facebook.com\/eldiario.bolivia\/","https:\/\/x.com\/eldiario_net"]},{"@type":"Person","@id":"https:\/\/www.eldiario.net\/portal\/#\/schema\/person\/f46445640444750d7d753ccd04ae01b7","name":"Jeanette","image":{"@type":"ImageObject","inLanguage":"es","@id":"https:\/\/secure.gravatar.com\/avatar\/3ea2118a5f7dad2b7138b1187a6b7ee55f160b9968b66013c3a3ef39dd7e5798?s=96&d=mm&r=g","url":"https:\/\/secure.gravatar.com\/avatar\/3ea2118a5f7dad2b7138b1187a6b7ee55f160b9968b66013c3a3ef39dd7e5798?s=96&d=mm&r=g","contentUrl":"https:\/\/secure.gravatar.com\/avatar\/3ea2118a5f7dad2b7138b1187a6b7ee55f160b9968b66013c3a3ef39dd7e5798?s=96&d=mm&r=g","caption":"Jeanette"},"sameAs":["https:\/\/www.eldiario.net\/portal"],"url":"https:\/\/www.eldiario.net\/portal\/author\/jeanette\/"}]}},"_links":{"self":[{"href":"https:\/\/www.eldiario.net\/portal\/wp-json\/wp\/v2\/posts\/233020","targetHints":{"allow":["GET"]}}],"collection":[{"href":"https:\/\/www.eldiario.net\/portal\/wp-json\/wp\/v2\/posts"}],"about":[{"href":"https:\/\/www.eldiario.net\/portal\/wp-json\/wp\/v2\/types\/post"}],"author":[{"embeddable":true,"href":"https:\/\/www.eldiario.net\/portal\/wp-json\/wp\/v2\/users\/1"}],"replies":[{"embeddable":true,"href":"https:\/\/www.eldiario.net\/portal\/wp-json\/wp\/v2\/comments?post=233020"}],"version-history":[{"count":1,"href":"https:\/\/www.eldiario.net\/portal\/wp-json\/wp\/v2\/posts\/233020\/revisions"}],"predecessor-version":[{"id":233022,"href":"https:\/\/www.eldiario.net\/portal\/wp-json\/wp\/v2\/posts\/233020\/revisions\/233022"}],"wp:featuredmedia":[{"embeddable":true,"href":"https:\/\/www.eldiario.net\/portal\/wp-json\/wp\/v2\/media\/233021"}],"wp:attachment":[{"href":"https:\/\/www.eldiario.net\/portal\/wp-json\/wp\/v2\/media?parent=233020"}],"wp:term":[{"taxonomy":"category","embeddable":true,"href":"https:\/\/www.eldiario.net\/portal\/wp-json\/wp\/v2\/categories?post=233020"},{"taxonomy":"post_tag","embeddable":true,"href":"https:\/\/www.eldiario.net\/portal\/wp-json\/wp\/v2\/tags?post=233020"}],"curies":[{"name":"wp","href":"https:\/\/api.w.org\/{rel}","templated":true}]}}