{"id":233012,"date":"2024-07-10T06:06:24","date_gmt":"2024-07-10T10:06:24","guid":{"rendered":"https:\/\/www.eldiario.net\/portal\/?p=233012"},"modified":"2024-07-10T06:06:24","modified_gmt":"2024-07-10T10:06:24","slug":"sectores-empresariales-deben-exigir-respuestas-economicas-contundentes","status":"publish","type":"post","link":"https:\/\/www.eldiario.net\/portal\/2024\/07\/10\/sectores-empresariales-deben-exigir-respuestas-economicas-contundentes\/","title":{"rendered":"Sectores empresariales deben exigir  respuestas econ\u00f3micas contundentes"},"content":{"rendered":"<p>Afirmando que el pa\u00eds se va quedando aislado del mundo mientras el Gobierno trata de distraer con el supuesto intento de golpe y la persecuci\u00f3n, la senadora por la agrupaci\u00f3n Creemos, Centa Rek, sostuvo que, tras la reciente determinaci\u00f3n de las principales empresas navieras del mundo para ya no realizar transacciones econ\u00f3micas en Bolivia, la situaci\u00f3n se hace insostenible para las empresas, lo que demanda al sector, exigir al gobierno una respuesta econ\u00f3mica contundente.<br \/>\n\u201cRealmente, la situaci\u00f3n econ\u00f3mica en Bolivia es triste, no se puede permanecer en esta indiferencia sin generar alguna acci\u00f3n, sin obligar al gobierno a que d\u00e9 una respuesta econ\u00f3mica para poder salir de la crisis econ\u00f3mica, del problema de divisas; en este momento es como si los bolivianos estuvi\u00e9ramos observando la destrucci\u00f3n y nos sentamos indefensos, sin ninguna respuesta. Hay que convocar a las organizaciones a las instituciones econ\u00f3micas para que tomemos cartas en el asunto\u201d, sostuvo Rek.<br \/>\nD\u00edas atr\u00e1s, un comunicado de la empresa de transporte y log\u00edstica \u201ca.hartrodt\u201d se\u00f1al\u00f3 que las operaciones con el transporte de carga desde y hacia Bolivia \u201cdeben considerar el 35% por concepto de transferencia bancaria y tipo de cambio aplicado\u201d, en caso que decidan hacer los cobros en el pa\u00eds.<br \/>\nAl respecto, Rek critic\u00f3 que el gobierno de Luis Arce busque entretener a los bolivianos con sus relatos de golpe y autogolpe de Estado, cuando la situaci\u00f3n es delicada y requiere toda la atenci\u00f3n.<br \/>\n\u201cEl gobierno del presidente Arce nos tiene entretenidos con la teor\u00eda del supuesto golpe, con el supuesto autogolpe, amenazando a la ciudadana, que cualquier protesta social que surja de esta situaci\u00f3n cr\u00edtica es por desestabilizar su gesti\u00f3n. No, aqu\u00ed se trata de la econom\u00eda, una frase celebre en una campa\u00f1a en Estados Unidos dijo es la econom\u00eda, Bolivia tiene un problema econ\u00f3mico serio, no nos podemos ir la debacle, eso no es politiquer\u00eda y eso no es desestabilizar al gobierno\u201d, indic\u00f3 Rek.<br \/>\nLa semana pasada, tres de las principales navieras del mundo anunciaron que dejar\u00e1n de recibir pagos desde Bolivia para dar curso a las operaciones de comercio exterior, en ese sentido, se anunci\u00f3 que, a partir de este mes, solo se aceptar\u00e1n d\u00f3lares pagados en sus oficinas de Chile y Per\u00fa.<br \/>\nLas navieras MSC, Hapag Lloyd y One (Mercator) informaron a sus clientes en Bolivia sobre la suspensi\u00f3n en la recepci\u00f3n de pagos en Bolivia para cargas de importaci\u00f3n y exportaci\u00f3n.<br \/>\nEsta semana, la naviera Maersk Line se sum\u00f3 a este grupo, anunciando que la medida de suspender la recepci\u00f3n de pagos en Bolivia, se implementar\u00e1 de forma gradual a partir del 1 de julio.<\/p>\n","protected":false},"excerpt":{"rendered":"<p>Afirmando que el pa\u00eds se va quedando aislado del mundo mientras el Gobierno trata de distraer con el supuesto intento de golpe y la persecuci\u00f3n, la senadora por la agrupaci\u00f3n Creemos, Centa Rek, sostuvo que, tras la reciente determinaci\u00f3n de las principales empresas navieras del mundo para ya no realizar transacciones econ\u00f3micas en Bolivia, la [&hellip;]<\/p>\n","protected":false},"author":1,"featured_media":233013,"comment_status":"open","ping_status":"open","sticky":false,"template":"","format":"standard","meta":{"_acf_changed":false,"footnotes":""},"categories":[14],"tags":[],"class_list":["post-233012","post","type-post","status-publish","format-standard","has-post-thumbnail","category-politica"],"acf":{"antetitulo":"Senadora Centa Rek"},"yoast_head":"<!-- This site is optimized with the Yoast SEO plugin v28.4 - https:\/\/yoast.com\/product\/yoast-seo-wordpress\/ -->\n<title>Sectores empresariales deben exigir respuestas econ\u00f3micas contundentes - El Diario - Bolivia<\/title>\n<meta name=\"robots\" content=\"index, follow, max-snippet:-1, max-image-preview:large, max-video-preview:-1\" \/>\n<link rel=\"canonical\" href=\"https:\/\/www.eldiario.net\/portal\/2024\/07\/10\/sectores-empresariales-deben-exigir-respuestas-economicas-contundentes\/\" \/>\n<meta property=\"og:locale\" content=\"es_ES\" \/>\n<meta property=\"og:type\" content=\"article\" \/>\n<meta property=\"og:title\" content=\"Sectores empresariales deben exigir respuestas econ\u00f3micas contundentes - El Diario - Bolivia\" \/>\n<meta property=\"og:description\" content=\"Afirmando que el pa\u00eds se va quedando aislado del mundo mientras el Gobierno trata de distraer con el supuesto intento de golpe y la persecuci\u00f3n, la senadora por la agrupaci\u00f3n Creemos, Centa Rek, sostuvo que, tras la reciente determinaci\u00f3n de las principales empresas navieras del mundo para ya no realizar transacciones econ\u00f3micas en Bolivia, la [&hellip;]\" \/>\n<meta property=\"og:url\" content=\"https:\/\/www.eldiario.net\/portal\/2024\/07\/10\/sectores-empresariales-deben-exigir-respuestas-economicas-contundentes\/\" \/>\n<meta property=\"og:site_name\" content=\"El Diario - Bolivia\" \/>\n<meta property=\"article:publisher\" content=\"https:\/\/www.facebook.com\/eldiario.bolivia\/\" \/>\n<meta property=\"article:published_time\" content=\"2024-07-10T10:06:24+00:00\" \/>\n<meta property=\"og:image\" content=\"https:\/\/www.eldiario.net\/portal\/wp-content\/uploads\/2024\/07\/41-POL-2.jpg\" \/>\n\t<meta property=\"og:image:width\" content=\"1576\" \/>\n\t<meta property=\"og:image:height\" content=\"1080\" \/>\n\t<meta property=\"og:image:type\" content=\"image\/jpeg\" \/>\n<meta name=\"author\" content=\"Jeanette\" \/>\n<meta name=\"twitter:card\" content=\"summary_large_image\" \/>\n<meta name=\"twitter:creator\" content=\"@eldiario_net\" \/>\n<meta name=\"twitter:site\" content=\"@eldiario_net\" \/>\n<meta name=\"twitter:label1\" content=\"Escrito por\" \/>\n\t<meta name=\"twitter:data1\" content=\"Jeanette\" \/>\n\t<meta name=\"twitter:label2\" content=\"Tiempo de lectura\" \/>\n\t<meta name=\"twitter:data2\" content=\"3 minutos\" \/>\n<script type=\"application\/ld+json\" class=\"yoast-schema-graph\">{\"@context\":\"https:\\\/\\\/schema.org\",\"@graph\":[{\"@type\":\"Article\",\"@id\":\"https:\\\/\\\/www.eldiario.net\\\/portal\\\/2024\\\/07\\\/10\\\/sectores-empresariales-deben-exigir-respuestas-economicas-contundentes\\\/#article\",\"isPartOf\":{\"@id\":\"https:\\\/\\\/www.eldiario.net\\\/portal\\\/2024\\\/07\\\/10\\\/sectores-empresariales-deben-exigir-respuestas-economicas-contundentes\\\/\"},\"author\":{\"name\":\"Jeanette\",\"@id\":\"https:\\\/\\\/www.eldiario.net\\\/portal\\\/#\\\/schema\\\/person\\\/f46445640444750d7d753ccd04ae01b7\"},\"headline\":\"Sectores empresariales deben exigir respuestas econ\u00f3micas contundentes\",\"datePublished\":\"2024-07-10T10:06:24+00:00\",\"mainEntityOfPage\":{\"@id\":\"https:\\\/\\\/www.eldiario.net\\\/portal\\\/2024\\\/07\\\/10\\\/sectores-empresariales-deben-exigir-respuestas-economicas-contundentes\\\/\"},\"wordCount\":477,\"commentCount\":0,\"publisher\":{\"@id\":\"https:\\\/\\\/www.eldiario.net\\\/portal\\\/#organization\"},\"image\":{\"@id\":\"https:\\\/\\\/www.eldiario.net\\\/portal\\\/2024\\\/07\\\/10\\\/sectores-empresariales-deben-exigir-respuestas-economicas-contundentes\\\/#primaryimage\"},\"thumbnailUrl\":\"https:\\\/\\\/www.eldiario.net\\\/portal\\\/wp-content\\\/uploads\\\/2024\\\/07\\\/41-POL-2.jpg\",\"articleSection\":[\"Pol\u00edtica\"],\"inLanguage\":\"es\",\"potentialAction\":[{\"@type\":\"CommentAction\",\"name\":\"Comment\",\"target\":[\"https:\\\/\\\/www.eldiario.net\\\/portal\\\/2024\\\/07\\\/10\\\/sectores-empresariales-deben-exigir-respuestas-economicas-contundentes\\\/#respond\"]}]},{\"@type\":\"WebPage\",\"@id\":\"https:\\\/\\\/www.eldiario.net\\\/portal\\\/2024\\\/07\\\/10\\\/sectores-empresariales-deben-exigir-respuestas-economicas-contundentes\\\/\",\"url\":\"https:\\\/\\\/www.eldiario.net\\\/portal\\\/2024\\\/07\\\/10\\\/sectores-empresariales-deben-exigir-respuestas-economicas-contundentes\\\/\",\"name\":\"Sectores empresariales deben exigir respuestas econ\u00f3micas contundentes - El Diario - Bolivia\",\"isPartOf\":{\"@id\":\"https:\\\/\\\/www.eldiario.net\\\/portal\\\/#website\"},\"primaryImageOfPage\":{\"@id\":\"https:\\\/\\\/www.eldiario.net\\\/portal\\\/2024\\\/07\\\/10\\\/sectores-empresariales-deben-exigir-respuestas-economicas-contundentes\\\/#primaryimage\"},\"image\":{\"@id\":\"https:\\\/\\\/www.eldiario.net\\\/portal\\\/2024\\\/07\\\/10\\\/sectores-empresariales-deben-exigir-respuestas-economicas-contundentes\\\/#primaryimage\"},\"thumbnailUrl\":\"https:\\\/\\\/www.eldiario.net\\\/portal\\\/wp-content\\\/uploads\\\/2024\\\/07\\\/41-POL-2.jpg\",\"datePublished\":\"2024-07-10T10:06:24+00:00\",\"breadcrumb\":{\"@id\":\"https:\\\/\\\/www.eldiario.net\\\/portal\\\/2024\\\/07\\\/10\\\/sectores-empresariales-deben-exigir-respuestas-economicas-contundentes\\\/#breadcrumb\"},\"inLanguage\":\"es\",\"potentialAction\":[{\"@type\":\"ReadAction\",\"target\":[\"https:\\\/\\\/www.eldiario.net\\\/portal\\\/2024\\\/07\\\/10\\\/sectores-empresariales-deben-exigir-respuestas-economicas-contundentes\\\/\"]}]},{\"@type\":\"ImageObject\",\"inLanguage\":\"es\",\"@id\":\"https:\\\/\\\/www.eldiario.net\\\/portal\\\/2024\\\/07\\\/10\\\/sectores-empresariales-deben-exigir-respuestas-economicas-contundentes\\\/#primaryimage\",\"url\":\"https:\\\/\\\/www.eldiario.net\\\/portal\\\/wp-content\\\/uploads\\\/2024\\\/07\\\/41-POL-2.jpg\",\"contentUrl\":\"https:\\\/\\\/www.eldiario.net\\\/portal\\\/wp-content\\\/uploads\\\/2024\\\/07\\\/41-POL-2.jpg\",\"width\":1576,\"height\":1080,\"caption\":\"la senadora, Centa Rek (Creemos).\"},{\"@type\":\"BreadcrumbList\",\"@id\":\"https:\\\/\\\/www.eldiario.net\\\/portal\\\/2024\\\/07\\\/10\\\/sectores-empresariales-deben-exigir-respuestas-economicas-contundentes\\\/#breadcrumb\",\"itemListElement\":[{\"@type\":\"ListItem\",\"position\":1,\"name\":\"Portada\",\"item\":\"https:\\\/\\\/www.eldiario.net\\\/portal\\\/\"},{\"@type\":\"ListItem\",\"position\":2,\"name\":\"Sectores empresariales deben exigir respuestas econ\u00f3micas contundentes\"}]},{\"@type\":\"WebSite\",\"@id\":\"https:\\\/\\\/www.eldiario.net\\\/portal\\\/#website\",\"url\":\"https:\\\/\\\/www.eldiario.net\\\/portal\\\/\",\"name\":\"El Diario - Decano de la prensa nacional\",\"description\":\"El Diario - Decano de la prensa nacional\",\"publisher\":{\"@id\":\"https:\\\/\\\/www.eldiario.net\\\/portal\\\/#organization\"},\"potentialAction\":[{\"@type\":\"SearchAction\",\"target\":{\"@type\":\"EntryPoint\",\"urlTemplate\":\"https:\\\/\\\/www.eldiario.net\\\/portal\\\/?s={search_term_string}\"},\"query-input\":{\"@type\":\"PropertyValueSpecification\",\"valueRequired\":true,\"valueName\":\"search_term_string\"}}],\"inLanguage\":\"es\"},{\"@type\":\"Organization\",\"@id\":\"https:\\\/\\\/www.eldiario.net\\\/portal\\\/#organization\",\"name\":\"El Diario - Decano de la prensa nacional\",\"url\":\"https:\\\/\\\/www.eldiario.net\\\/portal\\\/\",\"logo\":{\"@type\":\"ImageObject\",\"inLanguage\":\"es\",\"@id\":\"https:\\\/\\\/www.eldiario.net\\\/portal\\\/#\\\/schema\\\/logo\\\/image\\\/\",\"url\":\"https:\\\/\\\/www.eldiario.net\\\/portal\\\/wp-content\\\/uploads\\\/2023\\\/07\\\/logo_ED.jpg\",\"contentUrl\":\"https:\\\/\\\/www.eldiario.net\\\/portal\\\/wp-content\\\/uploads\\\/2023\\\/07\\\/logo_ED.jpg\",\"width\":272,\"height\":52,\"caption\":\"El Diario - Decano de la prensa nacional\"},\"image\":{\"@id\":\"https:\\\/\\\/www.eldiario.net\\\/portal\\\/#\\\/schema\\\/logo\\\/image\\\/\"},\"sameAs\":[\"https:\\\/\\\/www.facebook.com\\\/eldiario.bolivia\\\/\",\"https:\\\/\\\/x.com\\\/eldiario_net\"]},{\"@type\":\"Person\",\"@id\":\"https:\\\/\\\/www.eldiario.net\\\/portal\\\/#\\\/schema\\\/person\\\/f46445640444750d7d753ccd04ae01b7\",\"name\":\"Jeanette\",\"image\":{\"@type\":\"ImageObject\",\"inLanguage\":\"es\",\"@id\":\"https:\\\/\\\/secure.gravatar.com\\\/avatar\\\/3ea2118a5f7dad2b7138b1187a6b7ee55f160b9968b66013c3a3ef39dd7e5798?s=96&d=mm&r=g\",\"url\":\"https:\\\/\\\/secure.gravatar.com\\\/avatar\\\/3ea2118a5f7dad2b7138b1187a6b7ee55f160b9968b66013c3a3ef39dd7e5798?s=96&d=mm&r=g\",\"contentUrl\":\"https:\\\/\\\/secure.gravatar.com\\\/avatar\\\/3ea2118a5f7dad2b7138b1187a6b7ee55f160b9968b66013c3a3ef39dd7e5798?s=96&d=mm&r=g\",\"caption\":\"Jeanette\"},\"sameAs\":[\"https:\\\/\\\/www.eldiario.net\\\/portal\"],\"url\":\"https:\\\/\\\/www.eldiario.net\\\/portal\\\/author\\\/jeanette\\\/\"}]}<\/script>\n<!-- \/ Yoast SEO plugin. -->","yoast_head_json":{"title":"Sectores empresariales deben exigir respuestas econ\u00f3micas contundentes - El Diario - Bolivia","robots":{"index":"index","follow":"follow","max-snippet":"max-snippet:-1","max-image-preview":"max-image-preview:large","max-video-preview":"max-video-preview:-1"},"canonical":"https:\/\/www.eldiario.net\/portal\/2024\/07\/10\/sectores-empresariales-deben-exigir-respuestas-economicas-contundentes\/","og_locale":"es_ES","og_type":"article","og_title":"Sectores empresariales deben exigir respuestas econ\u00f3micas contundentes - El Diario - Bolivia","og_description":"Afirmando que el pa\u00eds se va quedando aislado del mundo mientras el Gobierno trata de distraer con el supuesto intento de golpe y la persecuci\u00f3n, la senadora por la agrupaci\u00f3n Creemos, Centa Rek, sostuvo que, tras la reciente determinaci\u00f3n de las principales empresas navieras del mundo para ya no realizar transacciones econ\u00f3micas en Bolivia, la [&hellip;]","og_url":"https:\/\/www.eldiario.net\/portal\/2024\/07\/10\/sectores-empresariales-deben-exigir-respuestas-economicas-contundentes\/","og_site_name":"El Diario - Bolivia","article_publisher":"https:\/\/www.facebook.com\/eldiario.bolivia\/","article_published_time":"2024-07-10T10:06:24+00:00","og_image":[{"width":1576,"height":1080,"url":"https:\/\/www.eldiario.net\/portal\/wp-content\/uploads\/2024\/07\/41-POL-2.jpg","type":"image\/jpeg"}],"author":"Jeanette","twitter_card":"summary_large_image","twitter_creator":"@eldiario_net","twitter_site":"@eldiario_net","twitter_misc":{"Escrito por":"Jeanette","Tiempo de lectura":"3 minutos"},"schema":{"@context":"https:\/\/schema.org","@graph":[{"@type":"Article","@id":"https:\/\/www.eldiario.net\/portal\/2024\/07\/10\/sectores-empresariales-deben-exigir-respuestas-economicas-contundentes\/#article","isPartOf":{"@id":"https:\/\/www.eldiario.net\/portal\/2024\/07\/10\/sectores-empresariales-deben-exigir-respuestas-economicas-contundentes\/"},"author":{"name":"Jeanette","@id":"https:\/\/www.eldiario.net\/portal\/#\/schema\/person\/f46445640444750d7d753ccd04ae01b7"},"headline":"Sectores empresariales deben exigir respuestas econ\u00f3micas contundentes","datePublished":"2024-07-10T10:06:24+00:00","mainEntityOfPage":{"@id":"https:\/\/www.eldiario.net\/portal\/2024\/07\/10\/sectores-empresariales-deben-exigir-respuestas-economicas-contundentes\/"},"wordCount":477,"commentCount":0,"publisher":{"@id":"https:\/\/www.eldiario.net\/portal\/#organization"},"image":{"@id":"https:\/\/www.eldiario.net\/portal\/2024\/07\/10\/sectores-empresariales-deben-exigir-respuestas-economicas-contundentes\/#primaryimage"},"thumbnailUrl":"https:\/\/www.eldiario.net\/portal\/wp-content\/uploads\/2024\/07\/41-POL-2.jpg","articleSection":["Pol\u00edtica"],"inLanguage":"es","potentialAction":[{"@type":"CommentAction","name":"Comment","target":["https:\/\/www.eldiario.net\/portal\/2024\/07\/10\/sectores-empresariales-deben-exigir-respuestas-economicas-contundentes\/#respond"]}]},{"@type":"WebPage","@id":"https:\/\/www.eldiario.net\/portal\/2024\/07\/10\/sectores-empresariales-deben-exigir-respuestas-economicas-contundentes\/","url":"https:\/\/www.eldiario.net\/portal\/2024\/07\/10\/sectores-empresariales-deben-exigir-respuestas-economicas-contundentes\/","name":"Sectores empresariales deben exigir respuestas econ\u00f3micas contundentes - El Diario - Bolivia","isPartOf":{"@id":"https:\/\/www.eldiario.net\/portal\/#website"},"primaryImageOfPage":{"@id":"https:\/\/www.eldiario.net\/portal\/2024\/07\/10\/sectores-empresariales-deben-exigir-respuestas-economicas-contundentes\/#primaryimage"},"image":{"@id":"https:\/\/www.eldiario.net\/portal\/2024\/07\/10\/sectores-empresariales-deben-exigir-respuestas-economicas-contundentes\/#primaryimage"},"thumbnailUrl":"https:\/\/www.eldiario.net\/portal\/wp-content\/uploads\/2024\/07\/41-POL-2.jpg","datePublished":"2024-07-10T10:06:24+00:00","breadcrumb":{"@id":"https:\/\/www.eldiario.net\/portal\/2024\/07\/10\/sectores-empresariales-deben-exigir-respuestas-economicas-contundentes\/#breadcrumb"},"inLanguage":"es","potentialAction":[{"@type":"ReadAction","target":["https:\/\/www.eldiario.net\/portal\/2024\/07\/10\/sectores-empresariales-deben-exigir-respuestas-economicas-contundentes\/"]}]},{"@type":"ImageObject","inLanguage":"es","@id":"https:\/\/www.eldiario.net\/portal\/2024\/07\/10\/sectores-empresariales-deben-exigir-respuestas-economicas-contundentes\/#primaryimage","url":"https:\/\/www.eldiario.net\/portal\/wp-content\/uploads\/2024\/07\/41-POL-2.jpg","contentUrl":"https:\/\/www.eldiario.net\/portal\/wp-content\/uploads\/2024\/07\/41-POL-2.jpg","width":1576,"height":1080,"caption":"la senadora, Centa Rek (Creemos)."},{"@type":"BreadcrumbList","@id":"https:\/\/www.eldiario.net\/portal\/2024\/07\/10\/sectores-empresariales-deben-exigir-respuestas-economicas-contundentes\/#breadcrumb","itemListElement":[{"@type":"ListItem","position":1,"name":"Portada","item":"https:\/\/www.eldiario.net\/portal\/"},{"@type":"ListItem","position":2,"name":"Sectores empresariales deben exigir respuestas econ\u00f3micas contundentes"}]},{"@type":"WebSite","@id":"https:\/\/www.eldiario.net\/portal\/#website","url":"https:\/\/www.eldiario.net\/portal\/","name":"El Diario - Decano de la prensa nacional","description":"El Diario - Decano de la prensa nacional","publisher":{"@id":"https:\/\/www.eldiario.net\/portal\/#organization"},"potentialAction":[{"@type":"SearchAction","target":{"@type":"EntryPoint","urlTemplate":"https:\/\/www.eldiario.net\/portal\/?s={search_term_string}"},"query-input":{"@type":"PropertyValueSpecification","valueRequired":true,"valueName":"search_term_string"}}],"inLanguage":"es"},{"@type":"Organization","@id":"https:\/\/www.eldiario.net\/portal\/#organization","name":"El Diario - Decano de la prensa nacional","url":"https:\/\/www.eldiario.net\/portal\/","logo":{"@type":"ImageObject","inLanguage":"es","@id":"https:\/\/www.eldiario.net\/portal\/#\/schema\/logo\/image\/","url":"https:\/\/www.eldiario.net\/portal\/wp-content\/uploads\/2023\/07\/logo_ED.jpg","contentUrl":"https:\/\/www.eldiario.net\/portal\/wp-content\/uploads\/2023\/07\/logo_ED.jpg","width":272,"height":52,"caption":"El Diario - Decano de la prensa nacional"},"image":{"@id":"https:\/\/www.eldiario.net\/portal\/#\/schema\/logo\/image\/"},"sameAs":["https:\/\/www.facebook.com\/eldiario.bolivia\/","https:\/\/x.com\/eldiario_net"]},{"@type":"Person","@id":"https:\/\/www.eldiario.net\/portal\/#\/schema\/person\/f46445640444750d7d753ccd04ae01b7","name":"Jeanette","image":{"@type":"ImageObject","inLanguage":"es","@id":"https:\/\/secure.gravatar.com\/avatar\/3ea2118a5f7dad2b7138b1187a6b7ee55f160b9968b66013c3a3ef39dd7e5798?s=96&d=mm&r=g","url":"https:\/\/secure.gravatar.com\/avatar\/3ea2118a5f7dad2b7138b1187a6b7ee55f160b9968b66013c3a3ef39dd7e5798?s=96&d=mm&r=g","contentUrl":"https:\/\/secure.gravatar.com\/avatar\/3ea2118a5f7dad2b7138b1187a6b7ee55f160b9968b66013c3a3ef39dd7e5798?s=96&d=mm&r=g","caption":"Jeanette"},"sameAs":["https:\/\/www.eldiario.net\/portal"],"url":"https:\/\/www.eldiario.net\/portal\/author\/jeanette\/"}]}},"_links":{"self":[{"href":"https:\/\/www.eldiario.net\/portal\/wp-json\/wp\/v2\/posts\/233012","targetHints":{"allow":["GET"]}}],"collection":[{"href":"https:\/\/www.eldiario.net\/portal\/wp-json\/wp\/v2\/posts"}],"about":[{"href":"https:\/\/www.eldiario.net\/portal\/wp-json\/wp\/v2\/types\/post"}],"author":[{"embeddable":true,"href":"https:\/\/www.eldiario.net\/portal\/wp-json\/wp\/v2\/users\/1"}],"replies":[{"embeddable":true,"href":"https:\/\/www.eldiario.net\/portal\/wp-json\/wp\/v2\/comments?post=233012"}],"version-history":[{"count":1,"href":"https:\/\/www.eldiario.net\/portal\/wp-json\/wp\/v2\/posts\/233012\/revisions"}],"predecessor-version":[{"id":233014,"href":"https:\/\/www.eldiario.net\/portal\/wp-json\/wp\/v2\/posts\/233012\/revisions\/233014"}],"wp:featuredmedia":[{"embeddable":true,"href":"https:\/\/www.eldiario.net\/portal\/wp-json\/wp\/v2\/media\/233013"}],"wp:attachment":[{"href":"https:\/\/www.eldiario.net\/portal\/wp-json\/wp\/v2\/media?parent=233012"}],"wp:term":[{"taxonomy":"category","embeddable":true,"href":"https:\/\/www.eldiario.net\/portal\/wp-json\/wp\/v2\/categories?post=233012"},{"taxonomy":"post_tag","embeddable":true,"href":"https:\/\/www.eldiario.net\/portal\/wp-json\/wp\/v2\/tags?post=233012"}],"curies":[{"name":"wp","href":"https:\/\/api.w.org\/{rel}","templated":true}]}}