{"id":233009,"date":"2024-07-10T06:05:38","date_gmt":"2024-07-10T10:05:38","guid":{"rendered":"https:\/\/www.eldiario.net\/portal\/?p=233009"},"modified":"2024-07-10T06:05:38","modified_gmt":"2024-07-10T10:05:38","slug":"oposicion-advierte-que-maduro-prepara-un-escenario-de-violencia","status":"publish","type":"post","link":"https:\/\/www.eldiario.net\/portal\/2024\/07\/10\/oposicion-advierte-que-maduro-prepara-un-escenario-de-violencia\/","title":{"rendered":"Oposici\u00f3n advierte que Maduro  prepara un escenario de violencia"},"content":{"rendered":"<p>El Partido Comunista de Venezuela (PCV) manifest\u00f3 ayer su preocupaci\u00f3n por el discurso del r\u00e9gimen de Nicol\u00e1s Maduro, dirigido a fabricar un escenario de violencia de cara a las elecciones presidenciales del pr\u00f3ximo 28 de julio.<br \/>\nSeg\u00fan Neirlay Andrade, integrante del Bur\u00f3 Pol\u00edtico del PCV, el chavismo busca fomentar la abstenci\u00f3n a trav\u00e9s de pr\u00e1cticas que siembran temor y desesperanza en la poblaci\u00f3n.<br \/>\nEn una rueda de prensa en Caracas, Andrade resalt\u00f3 la continua hostilidad del r\u00e9gimen contra activistas pol\u00edticos y el cierre arbitrario de peque\u00f1os negocios como t\u00e1cticas gubernamentales para desmotivar la participaci\u00f3n ciudadana. \u201cEstamos hablando de provocaciones, de detenciones arbitrarias\u201d, advirti\u00f3. Adem\u00e1s, se\u00f1al\u00f3 que se est\u00e1n creando matrices de opini\u00f3n dirigidas a sembrar dudas sobre el desenlace del proceso electoral, lo cual va acompa\u00f1ado de calificativos despectivos para personas que cuestionan al gobierno.<br \/>\nEl PCV, que respalda la candidatura presidencial del opositor Enrique M\u00e1rquez, asever\u00f3 tambi\u00e9n su rechazo a la propaganda gubernamental que presenta las pr\u00f3ximas elecciones como una confrontaci\u00f3n entre un \u201cpolo socialista\u201d y un \u201cpolo capitalista\u201d.<br \/>\n\u201cEn Venezuela no hay socialismo y este Gobierno no solamente no es socialista, sino que adem\u00e1s es cada vez m\u00e1s reaccionario y les sirve a las c\u00fapulas empresariales con su paquete neoliberal de ajuste, que condena a millones de familias venezolanas a una situaci\u00f3n de precariedad nunca antes vista y que ocasion\u00f3 la migraci\u00f3n masiva de miles de venezolanos que tuvieron que salir de nuestro pa\u00eds para vender su fuerza de trabajo en mejores condiciones\u201d, afirm\u00f3 Andrade.<br \/>\nAsimismo, Andrade indic\u00f3 que el PCV descarta que las t\u00e1cticas gubernamentales del chavismo tengan un efecto significativo en la ciudadan\u00eda, ya que advierte que el pueblo venezolano sigue creyendo en el voto como una herramienta para superar la crisis. \u201cEl pueblo venezolano cifr\u00f3 en el voto la posibilidad de salir de esta cat\u00e1strofe\u201d, dijo.<br \/>\nPOL\u00cdTICA PETROLERA<br \/>\n\u201cLESIVA\u201d<br \/>\nPor otra parte, el PCV calific\u00f3 la pol\u00edtica petrolera de Maduro de \u201clesiva a la soberan\u00eda nacional\u201d por entregar concesiones a empresas extranjeras de este sector, como la estadounidense Chevron.<br \/>\n\u201cEl Gobierno de Nicol\u00e1s Maduro se convirti\u00f3 en un capataz de Chevron y del capital transnacional, mientras negocia y roba riqueza de la naci\u00f3n, condena a los trabajadores de la industria petrolera a condiciones deplorables\u201d, se\u00f1al\u00f3 Andrade, citada en una nota.<br \/>\nLa integrante del Bur\u00f3 Pol\u00edtico del PCV, sostuvo que la concesi\u00f3n de Chevron para operar en la naci\u00f3n caribe\u00f1a es \u201cviolatoria\u201d de la Constituci\u00f3n, sin precisar qu\u00e9 art\u00edculos o puntos de la carta magna agrede.<br \/>\nTambi\u00e9n dijo que esta situaci\u00f3n se extiende a las empresas b\u00e1sicas de Guayana, en el estado Bol\u00edvar (sur), en las que capitales transnacionales obtienen grandes ganancias, mientras miles de trabajadores se mantienen con ingresos miserables y se les impide incorporarse a sus puestos de trabajo, bajo la atroz figura de trabajadores desactivados.<br \/>\nEn abril pasado, Estados Unidos revirti\u00f3 el levantamiento parcial de las restricciones a la exportaci\u00f3n de petr\u00f3leo y gas venezolano, ordenado seis meses antes, en respuesta a lo que considera un incumplimiento de los compromisos electorales del r\u00e9gimen venezolano. (Infobae\/Efe)<\/p>\n","protected":false},"excerpt":{"rendered":"<p>El Partido Comunista de Venezuela (PCV) manifest\u00f3 ayer su preocupaci\u00f3n por el discurso del r\u00e9gimen de Nicol\u00e1s Maduro, dirigido a fabricar un escenario de violencia de cara a las elecciones presidenciales del pr\u00f3ximo 28 de julio. Seg\u00fan Neirlay Andrade, integrante del Bur\u00f3 Pol\u00edtico del PCV, el chavismo busca fomentar la abstenci\u00f3n a trav\u00e9s de pr\u00e1cticas [&hellip;]<\/p>\n","protected":false},"author":1,"featured_media":233010,"comment_status":"open","ping_status":"open","sticky":false,"template":"","format":"standard","meta":{"_acf_changed":false,"footnotes":""},"categories":[3],"tags":[],"class_list":["post-233009","post","type-post","status-publish","format-standard","has-post-thumbnail","category-internacional"],"acf":{"antetitulo":"Elecciones en Venezuela "},"yoast_head":"<!-- This site is optimized with the Yoast SEO plugin v28.4 - https:\/\/yoast.com\/product\/yoast-seo-wordpress\/ -->\n<title>Oposici\u00f3n advierte que Maduro prepara un escenario de violencia - El Diario - Bolivia<\/title>\n<meta name=\"robots\" content=\"index, follow, max-snippet:-1, max-image-preview:large, max-video-preview:-1\" \/>\n<link rel=\"canonical\" href=\"https:\/\/www.eldiario.net\/portal\/2024\/07\/10\/oposicion-advierte-que-maduro-prepara-un-escenario-de-violencia\/\" \/>\n<meta property=\"og:locale\" content=\"es_ES\" \/>\n<meta property=\"og:type\" content=\"article\" \/>\n<meta property=\"og:title\" content=\"Oposici\u00f3n advierte que Maduro prepara un escenario de violencia - El Diario - Bolivia\" \/>\n<meta property=\"og:description\" content=\"El Partido Comunista de Venezuela (PCV) manifest\u00f3 ayer su preocupaci\u00f3n por el discurso del r\u00e9gimen de Nicol\u00e1s Maduro, dirigido a fabricar un escenario de violencia de cara a las elecciones presidenciales del pr\u00f3ximo 28 de julio. Seg\u00fan Neirlay Andrade, integrante del Bur\u00f3 Pol\u00edtico del PCV, el chavismo busca fomentar la abstenci\u00f3n a trav\u00e9s de pr\u00e1cticas [&hellip;]\" \/>\n<meta property=\"og:url\" content=\"https:\/\/www.eldiario.net\/portal\/2024\/07\/10\/oposicion-advierte-que-maduro-prepara-un-escenario-de-violencia\/\" \/>\n<meta property=\"og:site_name\" content=\"El Diario - Bolivia\" \/>\n<meta property=\"article:publisher\" content=\"https:\/\/www.facebook.com\/eldiario.bolivia\/\" \/>\n<meta property=\"article:published_time\" content=\"2024-07-10T10:05:38+00:00\" \/>\n<meta property=\"og:image\" content=\"https:\/\/www.eldiario.net\/portal\/wp-content\/uploads\/2024\/07\/ATAQUE.jpg\" \/>\n\t<meta property=\"og:image:width\" content=\"1200\" \/>\n\t<meta property=\"og:image:height\" content=\"675\" \/>\n\t<meta property=\"og:image:type\" content=\"image\/jpeg\" \/>\n<meta name=\"author\" content=\"Jeanette\" \/>\n<meta name=\"twitter:card\" content=\"summary_large_image\" \/>\n<meta name=\"twitter:creator\" content=\"@eldiario_net\" \/>\n<meta name=\"twitter:site\" content=\"@eldiario_net\" \/>\n<meta name=\"twitter:label1\" content=\"Escrito por\" \/>\n\t<meta name=\"twitter:data1\" content=\"Jeanette\" \/>\n\t<meta name=\"twitter:label2\" content=\"Tiempo de lectura\" \/>\n\t<meta name=\"twitter:data2\" content=\"3 minutos\" \/>\n<script type=\"application\/ld+json\" class=\"yoast-schema-graph\">{\"@context\":\"https:\\\/\\\/schema.org\",\"@graph\":[{\"@type\":\"Article\",\"@id\":\"https:\\\/\\\/www.eldiario.net\\\/portal\\\/2024\\\/07\\\/10\\\/oposicion-advierte-que-maduro-prepara-un-escenario-de-violencia\\\/#article\",\"isPartOf\":{\"@id\":\"https:\\\/\\\/www.eldiario.net\\\/portal\\\/2024\\\/07\\\/10\\\/oposicion-advierte-que-maduro-prepara-un-escenario-de-violencia\\\/\"},\"author\":{\"name\":\"Jeanette\",\"@id\":\"https:\\\/\\\/www.eldiario.net\\\/portal\\\/#\\\/schema\\\/person\\\/f46445640444750d7d753ccd04ae01b7\"},\"headline\":\"Oposici\u00f3n advierte que Maduro prepara un escenario de violencia\",\"datePublished\":\"2024-07-10T10:05:38+00:00\",\"mainEntityOfPage\":{\"@id\":\"https:\\\/\\\/www.eldiario.net\\\/portal\\\/2024\\\/07\\\/10\\\/oposicion-advierte-que-maduro-prepara-un-escenario-de-violencia\\\/\"},\"wordCount\":564,\"commentCount\":0,\"publisher\":{\"@id\":\"https:\\\/\\\/www.eldiario.net\\\/portal\\\/#organization\"},\"image\":{\"@id\":\"https:\\\/\\\/www.eldiario.net\\\/portal\\\/2024\\\/07\\\/10\\\/oposicion-advierte-que-maduro-prepara-un-escenario-de-violencia\\\/#primaryimage\"},\"thumbnailUrl\":\"https:\\\/\\\/www.eldiario.net\\\/portal\\\/wp-content\\\/uploads\\\/2024\\\/07\\\/ATAQUE.jpg\",\"articleSection\":[\"Internacional\"],\"inLanguage\":\"es\",\"potentialAction\":[{\"@type\":\"CommentAction\",\"name\":\"Comment\",\"target\":[\"https:\\\/\\\/www.eldiario.net\\\/portal\\\/2024\\\/07\\\/10\\\/oposicion-advierte-que-maduro-prepara-un-escenario-de-violencia\\\/#respond\"]}]},{\"@type\":\"WebPage\",\"@id\":\"https:\\\/\\\/www.eldiario.net\\\/portal\\\/2024\\\/07\\\/10\\\/oposicion-advierte-que-maduro-prepara-un-escenario-de-violencia\\\/\",\"url\":\"https:\\\/\\\/www.eldiario.net\\\/portal\\\/2024\\\/07\\\/10\\\/oposicion-advierte-que-maduro-prepara-un-escenario-de-violencia\\\/\",\"name\":\"Oposici\u00f3n advierte que Maduro prepara un escenario de violencia - El Diario - Bolivia\",\"isPartOf\":{\"@id\":\"https:\\\/\\\/www.eldiario.net\\\/portal\\\/#website\"},\"primaryImageOfPage\":{\"@id\":\"https:\\\/\\\/www.eldiario.net\\\/portal\\\/2024\\\/07\\\/10\\\/oposicion-advierte-que-maduro-prepara-un-escenario-de-violencia\\\/#primaryimage\"},\"image\":{\"@id\":\"https:\\\/\\\/www.eldiario.net\\\/portal\\\/2024\\\/07\\\/10\\\/oposicion-advierte-que-maduro-prepara-un-escenario-de-violencia\\\/#primaryimage\"},\"thumbnailUrl\":\"https:\\\/\\\/www.eldiario.net\\\/portal\\\/wp-content\\\/uploads\\\/2024\\\/07\\\/ATAQUE.jpg\",\"datePublished\":\"2024-07-10T10:05:38+00:00\",\"breadcrumb\":{\"@id\":\"https:\\\/\\\/www.eldiario.net\\\/portal\\\/2024\\\/07\\\/10\\\/oposicion-advierte-que-maduro-prepara-un-escenario-de-violencia\\\/#breadcrumb\"},\"inLanguage\":\"es\",\"potentialAction\":[{\"@type\":\"ReadAction\",\"target\":[\"https:\\\/\\\/www.eldiario.net\\\/portal\\\/2024\\\/07\\\/10\\\/oposicion-advierte-que-maduro-prepara-un-escenario-de-violencia\\\/\"]}]},{\"@type\":\"ImageObject\",\"inLanguage\":\"es\",\"@id\":\"https:\\\/\\\/www.eldiario.net\\\/portal\\\/2024\\\/07\\\/10\\\/oposicion-advierte-que-maduro-prepara-un-escenario-de-violencia\\\/#primaryimage\",\"url\":\"https:\\\/\\\/www.eldiario.net\\\/portal\\\/wp-content\\\/uploads\\\/2024\\\/07\\\/ATAQUE.jpg\",\"contentUrl\":\"https:\\\/\\\/www.eldiario.net\\\/portal\\\/wp-content\\\/uploads\\\/2024\\\/07\\\/ATAQUE.jpg\",\"width\":1200,\"height\":675,\"caption\":\"EL PARTIDO PCV ADVIRTI\u00d3 QUE EL D\u00cdA DE LAS ELECCIONES PODR\u00edA EXISTIR VIOLENCIA.\"},{\"@type\":\"BreadcrumbList\",\"@id\":\"https:\\\/\\\/www.eldiario.net\\\/portal\\\/2024\\\/07\\\/10\\\/oposicion-advierte-que-maduro-prepara-un-escenario-de-violencia\\\/#breadcrumb\",\"itemListElement\":[{\"@type\":\"ListItem\",\"position\":1,\"name\":\"Portada\",\"item\":\"https:\\\/\\\/www.eldiario.net\\\/portal\\\/\"},{\"@type\":\"ListItem\",\"position\":2,\"name\":\"Oposici\u00f3n advierte que Maduro prepara un escenario de violencia\"}]},{\"@type\":\"WebSite\",\"@id\":\"https:\\\/\\\/www.eldiario.net\\\/portal\\\/#website\",\"url\":\"https:\\\/\\\/www.eldiario.net\\\/portal\\\/\",\"name\":\"El Diario - Decano de la prensa nacional\",\"description\":\"El Diario - Decano de la prensa nacional\",\"publisher\":{\"@id\":\"https:\\\/\\\/www.eldiario.net\\\/portal\\\/#organization\"},\"potentialAction\":[{\"@type\":\"SearchAction\",\"target\":{\"@type\":\"EntryPoint\",\"urlTemplate\":\"https:\\\/\\\/www.eldiario.net\\\/portal\\\/?s={search_term_string}\"},\"query-input\":{\"@type\":\"PropertyValueSpecification\",\"valueRequired\":true,\"valueName\":\"search_term_string\"}}],\"inLanguage\":\"es\"},{\"@type\":\"Organization\",\"@id\":\"https:\\\/\\\/www.eldiario.net\\\/portal\\\/#organization\",\"name\":\"El Diario - Decano de la prensa nacional\",\"url\":\"https:\\\/\\\/www.eldiario.net\\\/portal\\\/\",\"logo\":{\"@type\":\"ImageObject\",\"inLanguage\":\"es\",\"@id\":\"https:\\\/\\\/www.eldiario.net\\\/portal\\\/#\\\/schema\\\/logo\\\/image\\\/\",\"url\":\"https:\\\/\\\/www.eldiario.net\\\/portal\\\/wp-content\\\/uploads\\\/2023\\\/07\\\/logo_ED.jpg\",\"contentUrl\":\"https:\\\/\\\/www.eldiario.net\\\/portal\\\/wp-content\\\/uploads\\\/2023\\\/07\\\/logo_ED.jpg\",\"width\":272,\"height\":52,\"caption\":\"El Diario - Decano de la prensa nacional\"},\"image\":{\"@id\":\"https:\\\/\\\/www.eldiario.net\\\/portal\\\/#\\\/schema\\\/logo\\\/image\\\/\"},\"sameAs\":[\"https:\\\/\\\/www.facebook.com\\\/eldiario.bolivia\\\/\",\"https:\\\/\\\/x.com\\\/eldiario_net\"]},{\"@type\":\"Person\",\"@id\":\"https:\\\/\\\/www.eldiario.net\\\/portal\\\/#\\\/schema\\\/person\\\/f46445640444750d7d753ccd04ae01b7\",\"name\":\"Jeanette\",\"image\":{\"@type\":\"ImageObject\",\"inLanguage\":\"es\",\"@id\":\"https:\\\/\\\/secure.gravatar.com\\\/avatar\\\/3ea2118a5f7dad2b7138b1187a6b7ee55f160b9968b66013c3a3ef39dd7e5798?s=96&d=mm&r=g\",\"url\":\"https:\\\/\\\/secure.gravatar.com\\\/avatar\\\/3ea2118a5f7dad2b7138b1187a6b7ee55f160b9968b66013c3a3ef39dd7e5798?s=96&d=mm&r=g\",\"contentUrl\":\"https:\\\/\\\/secure.gravatar.com\\\/avatar\\\/3ea2118a5f7dad2b7138b1187a6b7ee55f160b9968b66013c3a3ef39dd7e5798?s=96&d=mm&r=g\",\"caption\":\"Jeanette\"},\"sameAs\":[\"https:\\\/\\\/www.eldiario.net\\\/portal\"],\"url\":\"https:\\\/\\\/www.eldiario.net\\\/portal\\\/author\\\/jeanette\\\/\"}]}<\/script>\n<!-- \/ Yoast SEO plugin. -->","yoast_head_json":{"title":"Oposici\u00f3n advierte que Maduro prepara un escenario de violencia - El Diario - Bolivia","robots":{"index":"index","follow":"follow","max-snippet":"max-snippet:-1","max-image-preview":"max-image-preview:large","max-video-preview":"max-video-preview:-1"},"canonical":"https:\/\/www.eldiario.net\/portal\/2024\/07\/10\/oposicion-advierte-que-maduro-prepara-un-escenario-de-violencia\/","og_locale":"es_ES","og_type":"article","og_title":"Oposici\u00f3n advierte que Maduro prepara un escenario de violencia - El Diario - Bolivia","og_description":"El Partido Comunista de Venezuela (PCV) manifest\u00f3 ayer su preocupaci\u00f3n por el discurso del r\u00e9gimen de Nicol\u00e1s Maduro, dirigido a fabricar un escenario de violencia de cara a las elecciones presidenciales del pr\u00f3ximo 28 de julio. Seg\u00fan Neirlay Andrade, integrante del Bur\u00f3 Pol\u00edtico del PCV, el chavismo busca fomentar la abstenci\u00f3n a trav\u00e9s de pr\u00e1cticas [&hellip;]","og_url":"https:\/\/www.eldiario.net\/portal\/2024\/07\/10\/oposicion-advierte-que-maduro-prepara-un-escenario-de-violencia\/","og_site_name":"El Diario - Bolivia","article_publisher":"https:\/\/www.facebook.com\/eldiario.bolivia\/","article_published_time":"2024-07-10T10:05:38+00:00","og_image":[{"width":1200,"height":675,"url":"https:\/\/www.eldiario.net\/portal\/wp-content\/uploads\/2024\/07\/ATAQUE.jpg","type":"image\/jpeg"}],"author":"Jeanette","twitter_card":"summary_large_image","twitter_creator":"@eldiario_net","twitter_site":"@eldiario_net","twitter_misc":{"Escrito por":"Jeanette","Tiempo de lectura":"3 minutos"},"schema":{"@context":"https:\/\/schema.org","@graph":[{"@type":"Article","@id":"https:\/\/www.eldiario.net\/portal\/2024\/07\/10\/oposicion-advierte-que-maduro-prepara-un-escenario-de-violencia\/#article","isPartOf":{"@id":"https:\/\/www.eldiario.net\/portal\/2024\/07\/10\/oposicion-advierte-que-maduro-prepara-un-escenario-de-violencia\/"},"author":{"name":"Jeanette","@id":"https:\/\/www.eldiario.net\/portal\/#\/schema\/person\/f46445640444750d7d753ccd04ae01b7"},"headline":"Oposici\u00f3n advierte que Maduro prepara un escenario de violencia","datePublished":"2024-07-10T10:05:38+00:00","mainEntityOfPage":{"@id":"https:\/\/www.eldiario.net\/portal\/2024\/07\/10\/oposicion-advierte-que-maduro-prepara-un-escenario-de-violencia\/"},"wordCount":564,"commentCount":0,"publisher":{"@id":"https:\/\/www.eldiario.net\/portal\/#organization"},"image":{"@id":"https:\/\/www.eldiario.net\/portal\/2024\/07\/10\/oposicion-advierte-que-maduro-prepara-un-escenario-de-violencia\/#primaryimage"},"thumbnailUrl":"https:\/\/www.eldiario.net\/portal\/wp-content\/uploads\/2024\/07\/ATAQUE.jpg","articleSection":["Internacional"],"inLanguage":"es","potentialAction":[{"@type":"CommentAction","name":"Comment","target":["https:\/\/www.eldiario.net\/portal\/2024\/07\/10\/oposicion-advierte-que-maduro-prepara-un-escenario-de-violencia\/#respond"]}]},{"@type":"WebPage","@id":"https:\/\/www.eldiario.net\/portal\/2024\/07\/10\/oposicion-advierte-que-maduro-prepara-un-escenario-de-violencia\/","url":"https:\/\/www.eldiario.net\/portal\/2024\/07\/10\/oposicion-advierte-que-maduro-prepara-un-escenario-de-violencia\/","name":"Oposici\u00f3n advierte que Maduro prepara un escenario de violencia - El Diario - Bolivia","isPartOf":{"@id":"https:\/\/www.eldiario.net\/portal\/#website"},"primaryImageOfPage":{"@id":"https:\/\/www.eldiario.net\/portal\/2024\/07\/10\/oposicion-advierte-que-maduro-prepara-un-escenario-de-violencia\/#primaryimage"},"image":{"@id":"https:\/\/www.eldiario.net\/portal\/2024\/07\/10\/oposicion-advierte-que-maduro-prepara-un-escenario-de-violencia\/#primaryimage"},"thumbnailUrl":"https:\/\/www.eldiario.net\/portal\/wp-content\/uploads\/2024\/07\/ATAQUE.jpg","datePublished":"2024-07-10T10:05:38+00:00","breadcrumb":{"@id":"https:\/\/www.eldiario.net\/portal\/2024\/07\/10\/oposicion-advierte-que-maduro-prepara-un-escenario-de-violencia\/#breadcrumb"},"inLanguage":"es","potentialAction":[{"@type":"ReadAction","target":["https:\/\/www.eldiario.net\/portal\/2024\/07\/10\/oposicion-advierte-que-maduro-prepara-un-escenario-de-violencia\/"]}]},{"@type":"ImageObject","inLanguage":"es","@id":"https:\/\/www.eldiario.net\/portal\/2024\/07\/10\/oposicion-advierte-que-maduro-prepara-un-escenario-de-violencia\/#primaryimage","url":"https:\/\/www.eldiario.net\/portal\/wp-content\/uploads\/2024\/07\/ATAQUE.jpg","contentUrl":"https:\/\/www.eldiario.net\/portal\/wp-content\/uploads\/2024\/07\/ATAQUE.jpg","width":1200,"height":675,"caption":"EL PARTIDO PCV ADVIRTI\u00d3 QUE EL D\u00cdA DE LAS ELECCIONES PODR\u00edA EXISTIR VIOLENCIA."},{"@type":"BreadcrumbList","@id":"https:\/\/www.eldiario.net\/portal\/2024\/07\/10\/oposicion-advierte-que-maduro-prepara-un-escenario-de-violencia\/#breadcrumb","itemListElement":[{"@type":"ListItem","position":1,"name":"Portada","item":"https:\/\/www.eldiario.net\/portal\/"},{"@type":"ListItem","position":2,"name":"Oposici\u00f3n advierte que Maduro prepara un escenario de violencia"}]},{"@type":"WebSite","@id":"https:\/\/www.eldiario.net\/portal\/#website","url":"https:\/\/www.eldiario.net\/portal\/","name":"El Diario - Decano de la prensa nacional","description":"El Diario - Decano de la prensa nacional","publisher":{"@id":"https:\/\/www.eldiario.net\/portal\/#organization"},"potentialAction":[{"@type":"SearchAction","target":{"@type":"EntryPoint","urlTemplate":"https:\/\/www.eldiario.net\/portal\/?s={search_term_string}"},"query-input":{"@type":"PropertyValueSpecification","valueRequired":true,"valueName":"search_term_string"}}],"inLanguage":"es"},{"@type":"Organization","@id":"https:\/\/www.eldiario.net\/portal\/#organization","name":"El Diario - Decano de la prensa nacional","url":"https:\/\/www.eldiario.net\/portal\/","logo":{"@type":"ImageObject","inLanguage":"es","@id":"https:\/\/www.eldiario.net\/portal\/#\/schema\/logo\/image\/","url":"https:\/\/www.eldiario.net\/portal\/wp-content\/uploads\/2023\/07\/logo_ED.jpg","contentUrl":"https:\/\/www.eldiario.net\/portal\/wp-content\/uploads\/2023\/07\/logo_ED.jpg","width":272,"height":52,"caption":"El Diario - Decano de la prensa nacional"},"image":{"@id":"https:\/\/www.eldiario.net\/portal\/#\/schema\/logo\/image\/"},"sameAs":["https:\/\/www.facebook.com\/eldiario.bolivia\/","https:\/\/x.com\/eldiario_net"]},{"@type":"Person","@id":"https:\/\/www.eldiario.net\/portal\/#\/schema\/person\/f46445640444750d7d753ccd04ae01b7","name":"Jeanette","image":{"@type":"ImageObject","inLanguage":"es","@id":"https:\/\/secure.gravatar.com\/avatar\/3ea2118a5f7dad2b7138b1187a6b7ee55f160b9968b66013c3a3ef39dd7e5798?s=96&d=mm&r=g","url":"https:\/\/secure.gravatar.com\/avatar\/3ea2118a5f7dad2b7138b1187a6b7ee55f160b9968b66013c3a3ef39dd7e5798?s=96&d=mm&r=g","contentUrl":"https:\/\/secure.gravatar.com\/avatar\/3ea2118a5f7dad2b7138b1187a6b7ee55f160b9968b66013c3a3ef39dd7e5798?s=96&d=mm&r=g","caption":"Jeanette"},"sameAs":["https:\/\/www.eldiario.net\/portal"],"url":"https:\/\/www.eldiario.net\/portal\/author\/jeanette\/"}]}},"_links":{"self":[{"href":"https:\/\/www.eldiario.net\/portal\/wp-json\/wp\/v2\/posts\/233009","targetHints":{"allow":["GET"]}}],"collection":[{"href":"https:\/\/www.eldiario.net\/portal\/wp-json\/wp\/v2\/posts"}],"about":[{"href":"https:\/\/www.eldiario.net\/portal\/wp-json\/wp\/v2\/types\/post"}],"author":[{"embeddable":true,"href":"https:\/\/www.eldiario.net\/portal\/wp-json\/wp\/v2\/users\/1"}],"replies":[{"embeddable":true,"href":"https:\/\/www.eldiario.net\/portal\/wp-json\/wp\/v2\/comments?post=233009"}],"version-history":[{"count":1,"href":"https:\/\/www.eldiario.net\/portal\/wp-json\/wp\/v2\/posts\/233009\/revisions"}],"predecessor-version":[{"id":233011,"href":"https:\/\/www.eldiario.net\/portal\/wp-json\/wp\/v2\/posts\/233009\/revisions\/233011"}],"wp:featuredmedia":[{"embeddable":true,"href":"https:\/\/www.eldiario.net\/portal\/wp-json\/wp\/v2\/media\/233010"}],"wp:attachment":[{"href":"https:\/\/www.eldiario.net\/portal\/wp-json\/wp\/v2\/media?parent=233009"}],"wp:term":[{"taxonomy":"category","embeddable":true,"href":"https:\/\/www.eldiario.net\/portal\/wp-json\/wp\/v2\/categories?post=233009"},{"taxonomy":"post_tag","embeddable":true,"href":"https:\/\/www.eldiario.net\/portal\/wp-json\/wp\/v2\/tags?post=233009"}],"curies":[{"name":"wp","href":"https:\/\/api.w.org\/{rel}","templated":true}]}}