{"id":233007,"date":"2024-07-10T06:05:02","date_gmt":"2024-07-10T10:05:02","guid":{"rendered":"https:\/\/www.eldiario.net\/portal\/?p=233007"},"modified":"2024-07-10T06:05:02","modified_gmt":"2024-07-10T10:05:02","slug":"hambruna-se-ha-extendido-a-la-totalidad-de-la-franja-de-gaza","status":"publish","type":"post","link":"https:\/\/www.eldiario.net\/portal\/2024\/07\/10\/hambruna-se-ha-extendido-a-la-totalidad-de-la-franja-de-gaza\/","title":{"rendered":"Hambruna se ha extendido a la  totalidad de la Franja de Gaza"},"content":{"rendered":"<p>Un grupo de relatores de Naciones Unidas afirm\u00f3 ayer que la muerte de hambre de varios ni\u00f1os palestinos durante los \u00faltimos d\u00edas en la Franja de Gaza \u201cno deja duda\u201d de que la hambruna se extendi\u00f3 en todo el enclave, tras enfrentamientos de Israel, el Movimiento de Resistencia Isl\u00e1mica (Ham\u00e1s) y otras facciones palestinas.<br \/>\nLos expertos indicaron que un beb\u00e9 de seis meses muri\u00f3 el 30 de mayo, mientras que un ni\u00f1o de trece a\u00f1os lo hizo el 1 de junio y otro de nueve a\u00f1os falleci\u00f3 en 3 de junio. \u201cLos tres ni\u00f1os murieron a causa de la desnutrici\u00f3n y la falta de acceso a una atenci\u00f3n sanitaria adecuada\u201d, lamentaron.<br \/>\n\u201cCon la muerte de estos ni\u00f1os por inanici\u00f3n a pesar del tratamiento m\u00e9dico en el centro de Gaza, no hay duda de que la hambruna se extendi\u00f3 desde el norte de Gaza hacia el centro y el sur de Gaza\u201d, afirmaron.<br \/>\n\u201cCuando el primer ni\u00f1o muere por desnutrici\u00f3n y deshidrataci\u00f3n, resulta irrefutable que la hambruna se apoder\u00f3 de ella\u201d, se\u00f1alaron, a tiempo de denunciar que la campa\u00f1a intencionada y selectiva de hambre por parte de Israel contra el pueblo palestino es una forma de violencia genocida y provoc\u00f3 hambruna en toda Gaza.<br \/>\nPor ello, hicieron un llamamiento a la comunidad internacional para que d\u00e9 prioridad a la entrega de ayuda humanitaria por tierra por cualquier medio necesario, ponga fin al asedio de Israel y establezca un alto al fuego. En este sentido, resaltaron que el mundo debi\u00f3 haber intervenido antes para evitar la campa\u00f1a genocida de hambre.<br \/>\n\u201cCuando un beb\u00e9 de dos meses y Yazan al Kafarn\u00e9, de 10 a\u00f1os, murieron de hambre el 24 de febrero y el 4 de marzo respectivamente, esto confirm\u00f3 que la hambruna hab\u00eda afectado al norte de Gaza\u201d, recordaron, antes de cifrar en 34 los palestinos muertos de hambre desde el 7 de octubre, la mayor\u00eda, ni\u00f1os. \u201cLa inacci\u00f3n es complicidad\u201d, se\u00f1alan.<br \/>\nEl Ej\u00e9rcito de Israel desencaden\u00f3 una ofensiva contra la Franja tras los ataques ejecutados del 7 de octubre, que dejaron unos 1.200 muertos y cerca de 240 secuestrados. Las autoridades de Gaza denunciaron m\u00e1s de 38.200 muertos, a los que se suman m\u00e1s de 560 palestinos muertos en Cisjordania y Jerusal\u00e9n Este. (Europa Press)<\/p>\n","protected":false},"excerpt":{"rendered":"<p>Un grupo de relatores de Naciones Unidas afirm\u00f3 ayer que la muerte de hambre de varios ni\u00f1os palestinos durante los \u00faltimos d\u00edas en la Franja de Gaza \u201cno deja duda\u201d de que la hambruna se extendi\u00f3 en todo el enclave, tras enfrentamientos de Israel, el Movimiento de Resistencia Isl\u00e1mica (Ham\u00e1s) y otras facciones palestinas. Los [&hellip;]<\/p>\n","protected":false},"author":1,"featured_media":194703,"comment_status":"open","ping_status":"open","sticky":false,"template":"","format":"standard","meta":{"_acf_changed":false,"footnotes":""},"categories":[3],"tags":[],"class_list":["post-233007","post","type-post","status-publish","format-standard","has-post-thumbnail","category-internacional"],"acf":{"antetitulo":"Seg\u00fan relatores de la ONU"},"yoast_head":"<!-- This site is optimized with the Yoast SEO plugin v28.4 - https:\/\/yoast.com\/product\/yoast-seo-wordpress\/ -->\n<title>Hambruna se ha extendido a la totalidad de la Franja de Gaza - El Diario - Bolivia<\/title>\n<meta name=\"robots\" content=\"index, follow, max-snippet:-1, max-image-preview:large, max-video-preview:-1\" \/>\n<link rel=\"canonical\" href=\"https:\/\/www.eldiario.net\/portal\/2024\/07\/10\/hambruna-se-ha-extendido-a-la-totalidad-de-la-franja-de-gaza\/\" \/>\n<meta property=\"og:locale\" content=\"es_ES\" \/>\n<meta property=\"og:type\" content=\"article\" \/>\n<meta property=\"og:title\" content=\"Hambruna se ha extendido a la totalidad de la Franja de Gaza - El Diario - Bolivia\" \/>\n<meta property=\"og:description\" content=\"Un grupo de relatores de Naciones Unidas afirm\u00f3 ayer que la muerte de hambre de varios ni\u00f1os palestinos durante los \u00faltimos d\u00edas en la Franja de Gaza \u201cno deja duda\u201d de que la hambruna se extendi\u00f3 en todo el enclave, tras enfrentamientos de Israel, el Movimiento de Resistencia Isl\u00e1mica (Ham\u00e1s) y otras facciones palestinas. Los [&hellip;]\" \/>\n<meta property=\"og:url\" content=\"https:\/\/www.eldiario.net\/portal\/2024\/07\/10\/hambruna-se-ha-extendido-a-la-totalidad-de-la-franja-de-gaza\/\" \/>\n<meta property=\"og:site_name\" content=\"El Diario - Bolivia\" \/>\n<meta property=\"article:publisher\" content=\"https:\/\/www.facebook.com\/eldiario.bolivia\/\" \/>\n<meta property=\"article:published_time\" content=\"2024-07-10T10:05:02+00:00\" \/>\n<meta property=\"og:image\" content=\"https:\/\/www.eldiario.net\/portal\/wp-content\/uploads\/2023\/12\/Internacional.jpg\" \/>\n\t<meta property=\"og:image:width\" content=\"800\" \/>\n\t<meta property=\"og:image:height\" content=\"500\" \/>\n\t<meta property=\"og:image:type\" content=\"image\/jpeg\" \/>\n<meta name=\"author\" content=\"Jeanette\" \/>\n<meta name=\"twitter:card\" content=\"summary_large_image\" \/>\n<meta name=\"twitter:creator\" content=\"@eldiario_net\" \/>\n<meta name=\"twitter:site\" content=\"@eldiario_net\" \/>\n<meta name=\"twitter:label1\" content=\"Escrito por\" \/>\n\t<meta name=\"twitter:data1\" content=\"Jeanette\" \/>\n\t<meta name=\"twitter:label2\" content=\"Tiempo de lectura\" \/>\n\t<meta name=\"twitter:data2\" content=\"2 minutos\" \/>\n<script type=\"application\/ld+json\" class=\"yoast-schema-graph\">{\"@context\":\"https:\\\/\\\/schema.org\",\"@graph\":[{\"@type\":\"Article\",\"@id\":\"https:\\\/\\\/www.eldiario.net\\\/portal\\\/2024\\\/07\\\/10\\\/hambruna-se-ha-extendido-a-la-totalidad-de-la-franja-de-gaza\\\/#article\",\"isPartOf\":{\"@id\":\"https:\\\/\\\/www.eldiario.net\\\/portal\\\/2024\\\/07\\\/10\\\/hambruna-se-ha-extendido-a-la-totalidad-de-la-franja-de-gaza\\\/\"},\"author\":{\"name\":\"Jeanette\",\"@id\":\"https:\\\/\\\/www.eldiario.net\\\/portal\\\/#\\\/schema\\\/person\\\/f46445640444750d7d753ccd04ae01b7\"},\"headline\":\"Hambruna se ha extendido a la totalidad de la Franja de Gaza\",\"datePublished\":\"2024-07-10T10:05:02+00:00\",\"mainEntityOfPage\":{\"@id\":\"https:\\\/\\\/www.eldiario.net\\\/portal\\\/2024\\\/07\\\/10\\\/hambruna-se-ha-extendido-a-la-totalidad-de-la-franja-de-gaza\\\/\"},\"wordCount\":401,\"commentCount\":0,\"publisher\":{\"@id\":\"https:\\\/\\\/www.eldiario.net\\\/portal\\\/#organization\"},\"image\":{\"@id\":\"https:\\\/\\\/www.eldiario.net\\\/portal\\\/2024\\\/07\\\/10\\\/hambruna-se-ha-extendido-a-la-totalidad-de-la-franja-de-gaza\\\/#primaryimage\"},\"thumbnailUrl\":\"https:\\\/\\\/www.eldiario.net\\\/portal\\\/wp-content\\\/uploads\\\/2023\\\/12\\\/Internacional.jpg\",\"articleSection\":[\"Internacional\"],\"inLanguage\":\"es\",\"potentialAction\":[{\"@type\":\"CommentAction\",\"name\":\"Comment\",\"target\":[\"https:\\\/\\\/www.eldiario.net\\\/portal\\\/2024\\\/07\\\/10\\\/hambruna-se-ha-extendido-a-la-totalidad-de-la-franja-de-gaza\\\/#respond\"]}]},{\"@type\":\"WebPage\",\"@id\":\"https:\\\/\\\/www.eldiario.net\\\/portal\\\/2024\\\/07\\\/10\\\/hambruna-se-ha-extendido-a-la-totalidad-de-la-franja-de-gaza\\\/\",\"url\":\"https:\\\/\\\/www.eldiario.net\\\/portal\\\/2024\\\/07\\\/10\\\/hambruna-se-ha-extendido-a-la-totalidad-de-la-franja-de-gaza\\\/\",\"name\":\"Hambruna se ha extendido a la totalidad de la Franja de Gaza - El Diario - Bolivia\",\"isPartOf\":{\"@id\":\"https:\\\/\\\/www.eldiario.net\\\/portal\\\/#website\"},\"primaryImageOfPage\":{\"@id\":\"https:\\\/\\\/www.eldiario.net\\\/portal\\\/2024\\\/07\\\/10\\\/hambruna-se-ha-extendido-a-la-totalidad-de-la-franja-de-gaza\\\/#primaryimage\"},\"image\":{\"@id\":\"https:\\\/\\\/www.eldiario.net\\\/portal\\\/2024\\\/07\\\/10\\\/hambruna-se-ha-extendido-a-la-totalidad-de-la-franja-de-gaza\\\/#primaryimage\"},\"thumbnailUrl\":\"https:\\\/\\\/www.eldiario.net\\\/portal\\\/wp-content\\\/uploads\\\/2023\\\/12\\\/Internacional.jpg\",\"datePublished\":\"2024-07-10T10:05:02+00:00\",\"breadcrumb\":{\"@id\":\"https:\\\/\\\/www.eldiario.net\\\/portal\\\/2024\\\/07\\\/10\\\/hambruna-se-ha-extendido-a-la-totalidad-de-la-franja-de-gaza\\\/#breadcrumb\"},\"inLanguage\":\"es\",\"potentialAction\":[{\"@type\":\"ReadAction\",\"target\":[\"https:\\\/\\\/www.eldiario.net\\\/portal\\\/2024\\\/07\\\/10\\\/hambruna-se-ha-extendido-a-la-totalidad-de-la-franja-de-gaza\\\/\"]}]},{\"@type\":\"ImageObject\",\"inLanguage\":\"es\",\"@id\":\"https:\\\/\\\/www.eldiario.net\\\/portal\\\/2024\\\/07\\\/10\\\/hambruna-se-ha-extendido-a-la-totalidad-de-la-franja-de-gaza\\\/#primaryimage\",\"url\":\"https:\\\/\\\/www.eldiario.net\\\/portal\\\/wp-content\\\/uploads\\\/2023\\\/12\\\/Internacional.jpg\",\"contentUrl\":\"https:\\\/\\\/www.eldiario.net\\\/portal\\\/wp-content\\\/uploads\\\/2023\\\/12\\\/Internacional.jpg\",\"width\":800,\"height\":500},{\"@type\":\"BreadcrumbList\",\"@id\":\"https:\\\/\\\/www.eldiario.net\\\/portal\\\/2024\\\/07\\\/10\\\/hambruna-se-ha-extendido-a-la-totalidad-de-la-franja-de-gaza\\\/#breadcrumb\",\"itemListElement\":[{\"@type\":\"ListItem\",\"position\":1,\"name\":\"Portada\",\"item\":\"https:\\\/\\\/www.eldiario.net\\\/portal\\\/\"},{\"@type\":\"ListItem\",\"position\":2,\"name\":\"Hambruna se ha extendido a la totalidad de la Franja de Gaza\"}]},{\"@type\":\"WebSite\",\"@id\":\"https:\\\/\\\/www.eldiario.net\\\/portal\\\/#website\",\"url\":\"https:\\\/\\\/www.eldiario.net\\\/portal\\\/\",\"name\":\"El Diario - Decano de la prensa nacional\",\"description\":\"El Diario - Decano de la prensa nacional\",\"publisher\":{\"@id\":\"https:\\\/\\\/www.eldiario.net\\\/portal\\\/#organization\"},\"potentialAction\":[{\"@type\":\"SearchAction\",\"target\":{\"@type\":\"EntryPoint\",\"urlTemplate\":\"https:\\\/\\\/www.eldiario.net\\\/portal\\\/?s={search_term_string}\"},\"query-input\":{\"@type\":\"PropertyValueSpecification\",\"valueRequired\":true,\"valueName\":\"search_term_string\"}}],\"inLanguage\":\"es\"},{\"@type\":\"Organization\",\"@id\":\"https:\\\/\\\/www.eldiario.net\\\/portal\\\/#organization\",\"name\":\"El Diario - Decano de la prensa nacional\",\"url\":\"https:\\\/\\\/www.eldiario.net\\\/portal\\\/\",\"logo\":{\"@type\":\"ImageObject\",\"inLanguage\":\"es\",\"@id\":\"https:\\\/\\\/www.eldiario.net\\\/portal\\\/#\\\/schema\\\/logo\\\/image\\\/\",\"url\":\"https:\\\/\\\/www.eldiario.net\\\/portal\\\/wp-content\\\/uploads\\\/2023\\\/07\\\/logo_ED.jpg\",\"contentUrl\":\"https:\\\/\\\/www.eldiario.net\\\/portal\\\/wp-content\\\/uploads\\\/2023\\\/07\\\/logo_ED.jpg\",\"width\":272,\"height\":52,\"caption\":\"El Diario - Decano de la prensa nacional\"},\"image\":{\"@id\":\"https:\\\/\\\/www.eldiario.net\\\/portal\\\/#\\\/schema\\\/logo\\\/image\\\/\"},\"sameAs\":[\"https:\\\/\\\/www.facebook.com\\\/eldiario.bolivia\\\/\",\"https:\\\/\\\/x.com\\\/eldiario_net\"]},{\"@type\":\"Person\",\"@id\":\"https:\\\/\\\/www.eldiario.net\\\/portal\\\/#\\\/schema\\\/person\\\/f46445640444750d7d753ccd04ae01b7\",\"name\":\"Jeanette\",\"image\":{\"@type\":\"ImageObject\",\"inLanguage\":\"es\",\"@id\":\"https:\\\/\\\/secure.gravatar.com\\\/avatar\\\/3ea2118a5f7dad2b7138b1187a6b7ee55f160b9968b66013c3a3ef39dd7e5798?s=96&d=mm&r=g\",\"url\":\"https:\\\/\\\/secure.gravatar.com\\\/avatar\\\/3ea2118a5f7dad2b7138b1187a6b7ee55f160b9968b66013c3a3ef39dd7e5798?s=96&d=mm&r=g\",\"contentUrl\":\"https:\\\/\\\/secure.gravatar.com\\\/avatar\\\/3ea2118a5f7dad2b7138b1187a6b7ee55f160b9968b66013c3a3ef39dd7e5798?s=96&d=mm&r=g\",\"caption\":\"Jeanette\"},\"sameAs\":[\"https:\\\/\\\/www.eldiario.net\\\/portal\"],\"url\":\"https:\\\/\\\/www.eldiario.net\\\/portal\\\/author\\\/jeanette\\\/\"}]}<\/script>\n<!-- \/ Yoast SEO plugin. -->","yoast_head_json":{"title":"Hambruna se ha extendido a la totalidad de la Franja de Gaza - El Diario - Bolivia","robots":{"index":"index","follow":"follow","max-snippet":"max-snippet:-1","max-image-preview":"max-image-preview:large","max-video-preview":"max-video-preview:-1"},"canonical":"https:\/\/www.eldiario.net\/portal\/2024\/07\/10\/hambruna-se-ha-extendido-a-la-totalidad-de-la-franja-de-gaza\/","og_locale":"es_ES","og_type":"article","og_title":"Hambruna se ha extendido a la totalidad de la Franja de Gaza - El Diario - Bolivia","og_description":"Un grupo de relatores de Naciones Unidas afirm\u00f3 ayer que la muerte de hambre de varios ni\u00f1os palestinos durante los \u00faltimos d\u00edas en la Franja de Gaza \u201cno deja duda\u201d de que la hambruna se extendi\u00f3 en todo el enclave, tras enfrentamientos de Israel, el Movimiento de Resistencia Isl\u00e1mica (Ham\u00e1s) y otras facciones palestinas. Los [&hellip;]","og_url":"https:\/\/www.eldiario.net\/portal\/2024\/07\/10\/hambruna-se-ha-extendido-a-la-totalidad-de-la-franja-de-gaza\/","og_site_name":"El Diario - Bolivia","article_publisher":"https:\/\/www.facebook.com\/eldiario.bolivia\/","article_published_time":"2024-07-10T10:05:02+00:00","og_image":[{"width":800,"height":500,"url":"https:\/\/www.eldiario.net\/portal\/wp-content\/uploads\/2023\/12\/Internacional.jpg","type":"image\/jpeg"}],"author":"Jeanette","twitter_card":"summary_large_image","twitter_creator":"@eldiario_net","twitter_site":"@eldiario_net","twitter_misc":{"Escrito por":"Jeanette","Tiempo de lectura":"2 minutos"},"schema":{"@context":"https:\/\/schema.org","@graph":[{"@type":"Article","@id":"https:\/\/www.eldiario.net\/portal\/2024\/07\/10\/hambruna-se-ha-extendido-a-la-totalidad-de-la-franja-de-gaza\/#article","isPartOf":{"@id":"https:\/\/www.eldiario.net\/portal\/2024\/07\/10\/hambruna-se-ha-extendido-a-la-totalidad-de-la-franja-de-gaza\/"},"author":{"name":"Jeanette","@id":"https:\/\/www.eldiario.net\/portal\/#\/schema\/person\/f46445640444750d7d753ccd04ae01b7"},"headline":"Hambruna se ha extendido a la totalidad de la Franja de Gaza","datePublished":"2024-07-10T10:05:02+00:00","mainEntityOfPage":{"@id":"https:\/\/www.eldiario.net\/portal\/2024\/07\/10\/hambruna-se-ha-extendido-a-la-totalidad-de-la-franja-de-gaza\/"},"wordCount":401,"commentCount":0,"publisher":{"@id":"https:\/\/www.eldiario.net\/portal\/#organization"},"image":{"@id":"https:\/\/www.eldiario.net\/portal\/2024\/07\/10\/hambruna-se-ha-extendido-a-la-totalidad-de-la-franja-de-gaza\/#primaryimage"},"thumbnailUrl":"https:\/\/www.eldiario.net\/portal\/wp-content\/uploads\/2023\/12\/Internacional.jpg","articleSection":["Internacional"],"inLanguage":"es","potentialAction":[{"@type":"CommentAction","name":"Comment","target":["https:\/\/www.eldiario.net\/portal\/2024\/07\/10\/hambruna-se-ha-extendido-a-la-totalidad-de-la-franja-de-gaza\/#respond"]}]},{"@type":"WebPage","@id":"https:\/\/www.eldiario.net\/portal\/2024\/07\/10\/hambruna-se-ha-extendido-a-la-totalidad-de-la-franja-de-gaza\/","url":"https:\/\/www.eldiario.net\/portal\/2024\/07\/10\/hambruna-se-ha-extendido-a-la-totalidad-de-la-franja-de-gaza\/","name":"Hambruna se ha extendido a la totalidad de la Franja de Gaza - El Diario - Bolivia","isPartOf":{"@id":"https:\/\/www.eldiario.net\/portal\/#website"},"primaryImageOfPage":{"@id":"https:\/\/www.eldiario.net\/portal\/2024\/07\/10\/hambruna-se-ha-extendido-a-la-totalidad-de-la-franja-de-gaza\/#primaryimage"},"image":{"@id":"https:\/\/www.eldiario.net\/portal\/2024\/07\/10\/hambruna-se-ha-extendido-a-la-totalidad-de-la-franja-de-gaza\/#primaryimage"},"thumbnailUrl":"https:\/\/www.eldiario.net\/portal\/wp-content\/uploads\/2023\/12\/Internacional.jpg","datePublished":"2024-07-10T10:05:02+00:00","breadcrumb":{"@id":"https:\/\/www.eldiario.net\/portal\/2024\/07\/10\/hambruna-se-ha-extendido-a-la-totalidad-de-la-franja-de-gaza\/#breadcrumb"},"inLanguage":"es","potentialAction":[{"@type":"ReadAction","target":["https:\/\/www.eldiario.net\/portal\/2024\/07\/10\/hambruna-se-ha-extendido-a-la-totalidad-de-la-franja-de-gaza\/"]}]},{"@type":"ImageObject","inLanguage":"es","@id":"https:\/\/www.eldiario.net\/portal\/2024\/07\/10\/hambruna-se-ha-extendido-a-la-totalidad-de-la-franja-de-gaza\/#primaryimage","url":"https:\/\/www.eldiario.net\/portal\/wp-content\/uploads\/2023\/12\/Internacional.jpg","contentUrl":"https:\/\/www.eldiario.net\/portal\/wp-content\/uploads\/2023\/12\/Internacional.jpg","width":800,"height":500},{"@type":"BreadcrumbList","@id":"https:\/\/www.eldiario.net\/portal\/2024\/07\/10\/hambruna-se-ha-extendido-a-la-totalidad-de-la-franja-de-gaza\/#breadcrumb","itemListElement":[{"@type":"ListItem","position":1,"name":"Portada","item":"https:\/\/www.eldiario.net\/portal\/"},{"@type":"ListItem","position":2,"name":"Hambruna se ha extendido a la totalidad de la Franja de Gaza"}]},{"@type":"WebSite","@id":"https:\/\/www.eldiario.net\/portal\/#website","url":"https:\/\/www.eldiario.net\/portal\/","name":"El Diario - Decano de la prensa nacional","description":"El Diario - Decano de la prensa nacional","publisher":{"@id":"https:\/\/www.eldiario.net\/portal\/#organization"},"potentialAction":[{"@type":"SearchAction","target":{"@type":"EntryPoint","urlTemplate":"https:\/\/www.eldiario.net\/portal\/?s={search_term_string}"},"query-input":{"@type":"PropertyValueSpecification","valueRequired":true,"valueName":"search_term_string"}}],"inLanguage":"es"},{"@type":"Organization","@id":"https:\/\/www.eldiario.net\/portal\/#organization","name":"El Diario - Decano de la prensa nacional","url":"https:\/\/www.eldiario.net\/portal\/","logo":{"@type":"ImageObject","inLanguage":"es","@id":"https:\/\/www.eldiario.net\/portal\/#\/schema\/logo\/image\/","url":"https:\/\/www.eldiario.net\/portal\/wp-content\/uploads\/2023\/07\/logo_ED.jpg","contentUrl":"https:\/\/www.eldiario.net\/portal\/wp-content\/uploads\/2023\/07\/logo_ED.jpg","width":272,"height":52,"caption":"El Diario - Decano de la prensa nacional"},"image":{"@id":"https:\/\/www.eldiario.net\/portal\/#\/schema\/logo\/image\/"},"sameAs":["https:\/\/www.facebook.com\/eldiario.bolivia\/","https:\/\/x.com\/eldiario_net"]},{"@type":"Person","@id":"https:\/\/www.eldiario.net\/portal\/#\/schema\/person\/f46445640444750d7d753ccd04ae01b7","name":"Jeanette","image":{"@type":"ImageObject","inLanguage":"es","@id":"https:\/\/secure.gravatar.com\/avatar\/3ea2118a5f7dad2b7138b1187a6b7ee55f160b9968b66013c3a3ef39dd7e5798?s=96&d=mm&r=g","url":"https:\/\/secure.gravatar.com\/avatar\/3ea2118a5f7dad2b7138b1187a6b7ee55f160b9968b66013c3a3ef39dd7e5798?s=96&d=mm&r=g","contentUrl":"https:\/\/secure.gravatar.com\/avatar\/3ea2118a5f7dad2b7138b1187a6b7ee55f160b9968b66013c3a3ef39dd7e5798?s=96&d=mm&r=g","caption":"Jeanette"},"sameAs":["https:\/\/www.eldiario.net\/portal"],"url":"https:\/\/www.eldiario.net\/portal\/author\/jeanette\/"}]}},"_links":{"self":[{"href":"https:\/\/www.eldiario.net\/portal\/wp-json\/wp\/v2\/posts\/233007","targetHints":{"allow":["GET"]}}],"collection":[{"href":"https:\/\/www.eldiario.net\/portal\/wp-json\/wp\/v2\/posts"}],"about":[{"href":"https:\/\/www.eldiario.net\/portal\/wp-json\/wp\/v2\/types\/post"}],"author":[{"embeddable":true,"href":"https:\/\/www.eldiario.net\/portal\/wp-json\/wp\/v2\/users\/1"}],"replies":[{"embeddable":true,"href":"https:\/\/www.eldiario.net\/portal\/wp-json\/wp\/v2\/comments?post=233007"}],"version-history":[{"count":1,"href":"https:\/\/www.eldiario.net\/portal\/wp-json\/wp\/v2\/posts\/233007\/revisions"}],"predecessor-version":[{"id":233008,"href":"https:\/\/www.eldiario.net\/portal\/wp-json\/wp\/v2\/posts\/233007\/revisions\/233008"}],"wp:featuredmedia":[{"embeddable":true,"href":"https:\/\/www.eldiario.net\/portal\/wp-json\/wp\/v2\/media\/194703"}],"wp:attachment":[{"href":"https:\/\/www.eldiario.net\/portal\/wp-json\/wp\/v2\/media?parent=233007"}],"wp:term":[{"taxonomy":"category","embeddable":true,"href":"https:\/\/www.eldiario.net\/portal\/wp-json\/wp\/v2\/categories?post=233007"},{"taxonomy":"post_tag","embeddable":true,"href":"https:\/\/www.eldiario.net\/portal\/wp-json\/wp\/v2\/tags?post=233007"}],"curies":[{"name":"wp","href":"https:\/\/api.w.org\/{rel}","templated":true}]}}