{"id":233005,"date":"2024-07-10T06:04:34","date_gmt":"2024-07-10T10:04:34","guid":{"rendered":"https:\/\/www.eldiario.net\/portal\/?p=233005"},"modified":"2024-07-10T06:04:34","modified_gmt":"2024-07-10T10:04:34","slug":"hallan-en-peru-el-cuerpo-de-un-estadounidense-de-hace-22-anos","status":"publish","type":"post","link":"https:\/\/www.eldiario.net\/portal\/2024\/07\/10\/hallan-en-peru-el-cuerpo-de-un-estadounidense-de-hace-22-anos\/","title":{"rendered":"Hallan en Per\u00fa el cuerpo de un  estadounidense de hace 22 a\u00f1os"},"content":{"rendered":"<p>Las autoridades peruanas encontraron el cad\u00e1ver momificado de un estadounidense que muri\u00f3 hace 22 a\u00f1os, junto a otros dos monta\u00f1istas de esa misma nacionalidad, luego que los tres quedaron atrapados en una avalancha de nieve mientras intentaban escalar la monta\u00f1a m\u00e1s alta de Per\u00fa, seg\u00fan inform\u00f3 ayer la Polic\u00eda.<br \/>\nEl agente Luis Pe\u00f1a, de la comisar\u00eda de Ranrahirca, en la regi\u00f3n Ancash, confirm\u00f3 v\u00eda telef\u00f3nica a The Associated Press el hallazgo del cuerpo del estadounidense William Stampfl, un ingeniero civil de 58 a\u00f1os en el momento de su muerte. Fue encontrado el viernes 5 de julio en el remoto campo n\u00famero uno, a unos 5.200 metros de altitud, del monte Huascar\u00e1n, que mide 6.768 metros, considerado la m\u00e1s alta de Per\u00fa.<br \/>\nEntre las pertenencias que permitieron la r\u00e1pida identificaci\u00f3n, el agente relat\u00f3 que encontraron la licencia de conducir que indicaba que Stampfl viv\u00eda en Chino, una ciudad en el Condado de San Bernardino, California.<br \/>\nEl hielo que cubr\u00eda el cuerpo momificado preserv\u00f3 en buen estado la ropa, los arneses, las sogas y las botas del escalador, dijo Pe\u00f1a.<br \/>\nEl grupo de rescatistas que hall\u00f3 el cuerpo de Stampfl estuvo integrado por polic\u00edas del Departamento de Salvamento de Alta Monta\u00f1a y de una empresa que ofrece gu\u00edas para subir nevados, especializados en este tipo de actividades. El descenso con el cuerpo del monta\u00f1ista colocado en una camilla fue lento y dif\u00edcil, dijo el agente. Los restos ya fueron trasladados a la morgue de la ciudad de Yungay, en la regi\u00f3n Ancash, donde podr\u00e1 ser sometido a otro tipo de an\u00e1lisis.<br \/>\nStampfl desapareci\u00f3 el 24 de junio de 2002 en una avalancha junto a sus amigos Matthew Richardson, de 40 a\u00f1os; y Steve Erskine, de 51. Tras la fatalidad s\u00f3lo se encontr\u00f3 el cuerpo de Erskine, pero a\u00fan falta recuperar el cad\u00e1ver de Richardson.<br \/>\nEl Huascar\u00e1n es un pico visitado con frecuencia por escaladores de todo el mundo y ubicado dentro de la Cordillera Blanca. El cambio clim\u00e1tico afect\u00f3 a la cordillera, donde se logr\u00f3 derretir el 27% de su cobertura de hielo en casi 50 a\u00f1os, seg\u00fan datos oficiales.<br \/>\nDe acuerdo a las autoridades, la temporada de mayor llegada de escaladores a la Cordillera Blanca ocurre entre mayo y septiembre. En mayo las autoridades hallaron el cuerpo de un israel\u00ed que estaba desaparecido, mientras que en junio un italiano muri\u00f3 mientras intentaba escalar otro nevado de la cadena monta\u00f1osa. (Infobae\/Ap)<\/p>\n","protected":false},"excerpt":{"rendered":"<p>Las autoridades peruanas encontraron el cad\u00e1ver momificado de un estadounidense que muri\u00f3 hace 22 a\u00f1os, junto a otros dos monta\u00f1istas de esa misma nacionalidad, luego que los tres quedaron atrapados en una avalancha de nieve mientras intentaban escalar la monta\u00f1a m\u00e1s alta de Per\u00fa, seg\u00fan inform\u00f3 ayer la Polic\u00eda. El agente Luis Pe\u00f1a, de la [&hellip;]<\/p>\n","protected":false},"author":1,"featured_media":194703,"comment_status":"open","ping_status":"open","sticky":false,"template":"","format":"standard","meta":{"_acf_changed":false,"footnotes":""},"categories":[3],"tags":[],"class_list":["post-233005","post","type-post","status-publish","format-standard","has-post-thumbnail","category-internacional"],"acf":{"antetitulo":"En la cumbre m\u00e1s alta"},"yoast_head":"<!-- This site is optimized with the Yoast SEO plugin v28.4 - https:\/\/yoast.com\/product\/yoast-seo-wordpress\/ -->\n<title>Hallan en Per\u00fa el cuerpo de un estadounidense de hace 22 a\u00f1os - El Diario - Bolivia<\/title>\n<meta name=\"robots\" content=\"index, follow, max-snippet:-1, max-image-preview:large, max-video-preview:-1\" \/>\n<link rel=\"canonical\" href=\"https:\/\/www.eldiario.net\/portal\/2024\/07\/10\/hallan-en-peru-el-cuerpo-de-un-estadounidense-de-hace-22-anos\/\" \/>\n<meta property=\"og:locale\" content=\"es_ES\" \/>\n<meta property=\"og:type\" content=\"article\" \/>\n<meta property=\"og:title\" content=\"Hallan en Per\u00fa el cuerpo de un estadounidense de hace 22 a\u00f1os - El Diario - Bolivia\" \/>\n<meta property=\"og:description\" content=\"Las autoridades peruanas encontraron el cad\u00e1ver momificado de un estadounidense que muri\u00f3 hace 22 a\u00f1os, junto a otros dos monta\u00f1istas de esa misma nacionalidad, luego que los tres quedaron atrapados en una avalancha de nieve mientras intentaban escalar la monta\u00f1a m\u00e1s alta de Per\u00fa, seg\u00fan inform\u00f3 ayer la Polic\u00eda. El agente Luis Pe\u00f1a, de la [&hellip;]\" \/>\n<meta property=\"og:url\" content=\"https:\/\/www.eldiario.net\/portal\/2024\/07\/10\/hallan-en-peru-el-cuerpo-de-un-estadounidense-de-hace-22-anos\/\" \/>\n<meta property=\"og:site_name\" content=\"El Diario - Bolivia\" \/>\n<meta property=\"article:publisher\" content=\"https:\/\/www.facebook.com\/eldiario.bolivia\/\" \/>\n<meta property=\"article:published_time\" content=\"2024-07-10T10:04:34+00:00\" \/>\n<meta property=\"og:image\" content=\"https:\/\/www.eldiario.net\/portal\/wp-content\/uploads\/2023\/12\/Internacional.jpg\" \/>\n\t<meta property=\"og:image:width\" content=\"800\" \/>\n\t<meta property=\"og:image:height\" content=\"500\" \/>\n\t<meta property=\"og:image:type\" content=\"image\/jpeg\" \/>\n<meta name=\"author\" content=\"Jeanette\" \/>\n<meta name=\"twitter:card\" content=\"summary_large_image\" \/>\n<meta name=\"twitter:creator\" content=\"@eldiario_net\" \/>\n<meta name=\"twitter:site\" content=\"@eldiario_net\" \/>\n<meta name=\"twitter:label1\" content=\"Escrito por\" \/>\n\t<meta name=\"twitter:data1\" content=\"Jeanette\" \/>\n\t<meta name=\"twitter:label2\" content=\"Tiempo de lectura\" \/>\n\t<meta name=\"twitter:data2\" content=\"3 minutos\" \/>\n<script type=\"application\/ld+json\" class=\"yoast-schema-graph\">{\"@context\":\"https:\\\/\\\/schema.org\",\"@graph\":[{\"@type\":\"Article\",\"@id\":\"https:\\\/\\\/www.eldiario.net\\\/portal\\\/2024\\\/07\\\/10\\\/hallan-en-peru-el-cuerpo-de-un-estadounidense-de-hace-22-anos\\\/#article\",\"isPartOf\":{\"@id\":\"https:\\\/\\\/www.eldiario.net\\\/portal\\\/2024\\\/07\\\/10\\\/hallan-en-peru-el-cuerpo-de-un-estadounidense-de-hace-22-anos\\\/\"},\"author\":{\"name\":\"Jeanette\",\"@id\":\"https:\\\/\\\/www.eldiario.net\\\/portal\\\/#\\\/schema\\\/person\\\/f46445640444750d7d753ccd04ae01b7\"},\"headline\":\"Hallan en Per\u00fa el cuerpo de un estadounidense de hace 22 a\u00f1os\",\"datePublished\":\"2024-07-10T10:04:34+00:00\",\"mainEntityOfPage\":{\"@id\":\"https:\\\/\\\/www.eldiario.net\\\/portal\\\/2024\\\/07\\\/10\\\/hallan-en-peru-el-cuerpo-de-un-estadounidense-de-hace-22-anos\\\/\"},\"wordCount\":438,\"commentCount\":0,\"publisher\":{\"@id\":\"https:\\\/\\\/www.eldiario.net\\\/portal\\\/#organization\"},\"image\":{\"@id\":\"https:\\\/\\\/www.eldiario.net\\\/portal\\\/2024\\\/07\\\/10\\\/hallan-en-peru-el-cuerpo-de-un-estadounidense-de-hace-22-anos\\\/#primaryimage\"},\"thumbnailUrl\":\"https:\\\/\\\/www.eldiario.net\\\/portal\\\/wp-content\\\/uploads\\\/2023\\\/12\\\/Internacional.jpg\",\"articleSection\":[\"Internacional\"],\"inLanguage\":\"es\",\"potentialAction\":[{\"@type\":\"CommentAction\",\"name\":\"Comment\",\"target\":[\"https:\\\/\\\/www.eldiario.net\\\/portal\\\/2024\\\/07\\\/10\\\/hallan-en-peru-el-cuerpo-de-un-estadounidense-de-hace-22-anos\\\/#respond\"]}]},{\"@type\":\"WebPage\",\"@id\":\"https:\\\/\\\/www.eldiario.net\\\/portal\\\/2024\\\/07\\\/10\\\/hallan-en-peru-el-cuerpo-de-un-estadounidense-de-hace-22-anos\\\/\",\"url\":\"https:\\\/\\\/www.eldiario.net\\\/portal\\\/2024\\\/07\\\/10\\\/hallan-en-peru-el-cuerpo-de-un-estadounidense-de-hace-22-anos\\\/\",\"name\":\"Hallan en Per\u00fa el cuerpo de un estadounidense de hace 22 a\u00f1os - El Diario - Bolivia\",\"isPartOf\":{\"@id\":\"https:\\\/\\\/www.eldiario.net\\\/portal\\\/#website\"},\"primaryImageOfPage\":{\"@id\":\"https:\\\/\\\/www.eldiario.net\\\/portal\\\/2024\\\/07\\\/10\\\/hallan-en-peru-el-cuerpo-de-un-estadounidense-de-hace-22-anos\\\/#primaryimage\"},\"image\":{\"@id\":\"https:\\\/\\\/www.eldiario.net\\\/portal\\\/2024\\\/07\\\/10\\\/hallan-en-peru-el-cuerpo-de-un-estadounidense-de-hace-22-anos\\\/#primaryimage\"},\"thumbnailUrl\":\"https:\\\/\\\/www.eldiario.net\\\/portal\\\/wp-content\\\/uploads\\\/2023\\\/12\\\/Internacional.jpg\",\"datePublished\":\"2024-07-10T10:04:34+00:00\",\"breadcrumb\":{\"@id\":\"https:\\\/\\\/www.eldiario.net\\\/portal\\\/2024\\\/07\\\/10\\\/hallan-en-peru-el-cuerpo-de-un-estadounidense-de-hace-22-anos\\\/#breadcrumb\"},\"inLanguage\":\"es\",\"potentialAction\":[{\"@type\":\"ReadAction\",\"target\":[\"https:\\\/\\\/www.eldiario.net\\\/portal\\\/2024\\\/07\\\/10\\\/hallan-en-peru-el-cuerpo-de-un-estadounidense-de-hace-22-anos\\\/\"]}]},{\"@type\":\"ImageObject\",\"inLanguage\":\"es\",\"@id\":\"https:\\\/\\\/www.eldiario.net\\\/portal\\\/2024\\\/07\\\/10\\\/hallan-en-peru-el-cuerpo-de-un-estadounidense-de-hace-22-anos\\\/#primaryimage\",\"url\":\"https:\\\/\\\/www.eldiario.net\\\/portal\\\/wp-content\\\/uploads\\\/2023\\\/12\\\/Internacional.jpg\",\"contentUrl\":\"https:\\\/\\\/www.eldiario.net\\\/portal\\\/wp-content\\\/uploads\\\/2023\\\/12\\\/Internacional.jpg\",\"width\":800,\"height\":500},{\"@type\":\"BreadcrumbList\",\"@id\":\"https:\\\/\\\/www.eldiario.net\\\/portal\\\/2024\\\/07\\\/10\\\/hallan-en-peru-el-cuerpo-de-un-estadounidense-de-hace-22-anos\\\/#breadcrumb\",\"itemListElement\":[{\"@type\":\"ListItem\",\"position\":1,\"name\":\"Portada\",\"item\":\"https:\\\/\\\/www.eldiario.net\\\/portal\\\/\"},{\"@type\":\"ListItem\",\"position\":2,\"name\":\"Hallan en Per\u00fa el cuerpo de un estadounidense de hace 22 a\u00f1os\"}]},{\"@type\":\"WebSite\",\"@id\":\"https:\\\/\\\/www.eldiario.net\\\/portal\\\/#website\",\"url\":\"https:\\\/\\\/www.eldiario.net\\\/portal\\\/\",\"name\":\"El Diario - Decano de la prensa nacional\",\"description\":\"El Diario - Decano de la prensa nacional\",\"publisher\":{\"@id\":\"https:\\\/\\\/www.eldiario.net\\\/portal\\\/#organization\"},\"potentialAction\":[{\"@type\":\"SearchAction\",\"target\":{\"@type\":\"EntryPoint\",\"urlTemplate\":\"https:\\\/\\\/www.eldiario.net\\\/portal\\\/?s={search_term_string}\"},\"query-input\":{\"@type\":\"PropertyValueSpecification\",\"valueRequired\":true,\"valueName\":\"search_term_string\"}}],\"inLanguage\":\"es\"},{\"@type\":\"Organization\",\"@id\":\"https:\\\/\\\/www.eldiario.net\\\/portal\\\/#organization\",\"name\":\"El Diario - Decano de la prensa nacional\",\"url\":\"https:\\\/\\\/www.eldiario.net\\\/portal\\\/\",\"logo\":{\"@type\":\"ImageObject\",\"inLanguage\":\"es\",\"@id\":\"https:\\\/\\\/www.eldiario.net\\\/portal\\\/#\\\/schema\\\/logo\\\/image\\\/\",\"url\":\"https:\\\/\\\/www.eldiario.net\\\/portal\\\/wp-content\\\/uploads\\\/2023\\\/07\\\/logo_ED.jpg\",\"contentUrl\":\"https:\\\/\\\/www.eldiario.net\\\/portal\\\/wp-content\\\/uploads\\\/2023\\\/07\\\/logo_ED.jpg\",\"width\":272,\"height\":52,\"caption\":\"El Diario - Decano de la prensa nacional\"},\"image\":{\"@id\":\"https:\\\/\\\/www.eldiario.net\\\/portal\\\/#\\\/schema\\\/logo\\\/image\\\/\"},\"sameAs\":[\"https:\\\/\\\/www.facebook.com\\\/eldiario.bolivia\\\/\",\"https:\\\/\\\/x.com\\\/eldiario_net\"]},{\"@type\":\"Person\",\"@id\":\"https:\\\/\\\/www.eldiario.net\\\/portal\\\/#\\\/schema\\\/person\\\/f46445640444750d7d753ccd04ae01b7\",\"name\":\"Jeanette\",\"image\":{\"@type\":\"ImageObject\",\"inLanguage\":\"es\",\"@id\":\"https:\\\/\\\/secure.gravatar.com\\\/avatar\\\/3ea2118a5f7dad2b7138b1187a6b7ee55f160b9968b66013c3a3ef39dd7e5798?s=96&d=mm&r=g\",\"url\":\"https:\\\/\\\/secure.gravatar.com\\\/avatar\\\/3ea2118a5f7dad2b7138b1187a6b7ee55f160b9968b66013c3a3ef39dd7e5798?s=96&d=mm&r=g\",\"contentUrl\":\"https:\\\/\\\/secure.gravatar.com\\\/avatar\\\/3ea2118a5f7dad2b7138b1187a6b7ee55f160b9968b66013c3a3ef39dd7e5798?s=96&d=mm&r=g\",\"caption\":\"Jeanette\"},\"sameAs\":[\"https:\\\/\\\/www.eldiario.net\\\/portal\"],\"url\":\"https:\\\/\\\/www.eldiario.net\\\/portal\\\/author\\\/jeanette\\\/\"}]}<\/script>\n<!-- \/ Yoast SEO plugin. -->","yoast_head_json":{"title":"Hallan en Per\u00fa el cuerpo de un estadounidense de hace 22 a\u00f1os - El Diario - Bolivia","robots":{"index":"index","follow":"follow","max-snippet":"max-snippet:-1","max-image-preview":"max-image-preview:large","max-video-preview":"max-video-preview:-1"},"canonical":"https:\/\/www.eldiario.net\/portal\/2024\/07\/10\/hallan-en-peru-el-cuerpo-de-un-estadounidense-de-hace-22-anos\/","og_locale":"es_ES","og_type":"article","og_title":"Hallan en Per\u00fa el cuerpo de un estadounidense de hace 22 a\u00f1os - El Diario - Bolivia","og_description":"Las autoridades peruanas encontraron el cad\u00e1ver momificado de un estadounidense que muri\u00f3 hace 22 a\u00f1os, junto a otros dos monta\u00f1istas de esa misma nacionalidad, luego que los tres quedaron atrapados en una avalancha de nieve mientras intentaban escalar la monta\u00f1a m\u00e1s alta de Per\u00fa, seg\u00fan inform\u00f3 ayer la Polic\u00eda. El agente Luis Pe\u00f1a, de la [&hellip;]","og_url":"https:\/\/www.eldiario.net\/portal\/2024\/07\/10\/hallan-en-peru-el-cuerpo-de-un-estadounidense-de-hace-22-anos\/","og_site_name":"El Diario - Bolivia","article_publisher":"https:\/\/www.facebook.com\/eldiario.bolivia\/","article_published_time":"2024-07-10T10:04:34+00:00","og_image":[{"width":800,"height":500,"url":"https:\/\/www.eldiario.net\/portal\/wp-content\/uploads\/2023\/12\/Internacional.jpg","type":"image\/jpeg"}],"author":"Jeanette","twitter_card":"summary_large_image","twitter_creator":"@eldiario_net","twitter_site":"@eldiario_net","twitter_misc":{"Escrito por":"Jeanette","Tiempo de lectura":"3 minutos"},"schema":{"@context":"https:\/\/schema.org","@graph":[{"@type":"Article","@id":"https:\/\/www.eldiario.net\/portal\/2024\/07\/10\/hallan-en-peru-el-cuerpo-de-un-estadounidense-de-hace-22-anos\/#article","isPartOf":{"@id":"https:\/\/www.eldiario.net\/portal\/2024\/07\/10\/hallan-en-peru-el-cuerpo-de-un-estadounidense-de-hace-22-anos\/"},"author":{"name":"Jeanette","@id":"https:\/\/www.eldiario.net\/portal\/#\/schema\/person\/f46445640444750d7d753ccd04ae01b7"},"headline":"Hallan en Per\u00fa el cuerpo de un estadounidense de hace 22 a\u00f1os","datePublished":"2024-07-10T10:04:34+00:00","mainEntityOfPage":{"@id":"https:\/\/www.eldiario.net\/portal\/2024\/07\/10\/hallan-en-peru-el-cuerpo-de-un-estadounidense-de-hace-22-anos\/"},"wordCount":438,"commentCount":0,"publisher":{"@id":"https:\/\/www.eldiario.net\/portal\/#organization"},"image":{"@id":"https:\/\/www.eldiario.net\/portal\/2024\/07\/10\/hallan-en-peru-el-cuerpo-de-un-estadounidense-de-hace-22-anos\/#primaryimage"},"thumbnailUrl":"https:\/\/www.eldiario.net\/portal\/wp-content\/uploads\/2023\/12\/Internacional.jpg","articleSection":["Internacional"],"inLanguage":"es","potentialAction":[{"@type":"CommentAction","name":"Comment","target":["https:\/\/www.eldiario.net\/portal\/2024\/07\/10\/hallan-en-peru-el-cuerpo-de-un-estadounidense-de-hace-22-anos\/#respond"]}]},{"@type":"WebPage","@id":"https:\/\/www.eldiario.net\/portal\/2024\/07\/10\/hallan-en-peru-el-cuerpo-de-un-estadounidense-de-hace-22-anos\/","url":"https:\/\/www.eldiario.net\/portal\/2024\/07\/10\/hallan-en-peru-el-cuerpo-de-un-estadounidense-de-hace-22-anos\/","name":"Hallan en Per\u00fa el cuerpo de un estadounidense de hace 22 a\u00f1os - El Diario - Bolivia","isPartOf":{"@id":"https:\/\/www.eldiario.net\/portal\/#website"},"primaryImageOfPage":{"@id":"https:\/\/www.eldiario.net\/portal\/2024\/07\/10\/hallan-en-peru-el-cuerpo-de-un-estadounidense-de-hace-22-anos\/#primaryimage"},"image":{"@id":"https:\/\/www.eldiario.net\/portal\/2024\/07\/10\/hallan-en-peru-el-cuerpo-de-un-estadounidense-de-hace-22-anos\/#primaryimage"},"thumbnailUrl":"https:\/\/www.eldiario.net\/portal\/wp-content\/uploads\/2023\/12\/Internacional.jpg","datePublished":"2024-07-10T10:04:34+00:00","breadcrumb":{"@id":"https:\/\/www.eldiario.net\/portal\/2024\/07\/10\/hallan-en-peru-el-cuerpo-de-un-estadounidense-de-hace-22-anos\/#breadcrumb"},"inLanguage":"es","potentialAction":[{"@type":"ReadAction","target":["https:\/\/www.eldiario.net\/portal\/2024\/07\/10\/hallan-en-peru-el-cuerpo-de-un-estadounidense-de-hace-22-anos\/"]}]},{"@type":"ImageObject","inLanguage":"es","@id":"https:\/\/www.eldiario.net\/portal\/2024\/07\/10\/hallan-en-peru-el-cuerpo-de-un-estadounidense-de-hace-22-anos\/#primaryimage","url":"https:\/\/www.eldiario.net\/portal\/wp-content\/uploads\/2023\/12\/Internacional.jpg","contentUrl":"https:\/\/www.eldiario.net\/portal\/wp-content\/uploads\/2023\/12\/Internacional.jpg","width":800,"height":500},{"@type":"BreadcrumbList","@id":"https:\/\/www.eldiario.net\/portal\/2024\/07\/10\/hallan-en-peru-el-cuerpo-de-un-estadounidense-de-hace-22-anos\/#breadcrumb","itemListElement":[{"@type":"ListItem","position":1,"name":"Portada","item":"https:\/\/www.eldiario.net\/portal\/"},{"@type":"ListItem","position":2,"name":"Hallan en Per\u00fa el cuerpo de un estadounidense de hace 22 a\u00f1os"}]},{"@type":"WebSite","@id":"https:\/\/www.eldiario.net\/portal\/#website","url":"https:\/\/www.eldiario.net\/portal\/","name":"El Diario - Decano de la prensa nacional","description":"El Diario - Decano de la prensa nacional","publisher":{"@id":"https:\/\/www.eldiario.net\/portal\/#organization"},"potentialAction":[{"@type":"SearchAction","target":{"@type":"EntryPoint","urlTemplate":"https:\/\/www.eldiario.net\/portal\/?s={search_term_string}"},"query-input":{"@type":"PropertyValueSpecification","valueRequired":true,"valueName":"search_term_string"}}],"inLanguage":"es"},{"@type":"Organization","@id":"https:\/\/www.eldiario.net\/portal\/#organization","name":"El Diario - Decano de la prensa nacional","url":"https:\/\/www.eldiario.net\/portal\/","logo":{"@type":"ImageObject","inLanguage":"es","@id":"https:\/\/www.eldiario.net\/portal\/#\/schema\/logo\/image\/","url":"https:\/\/www.eldiario.net\/portal\/wp-content\/uploads\/2023\/07\/logo_ED.jpg","contentUrl":"https:\/\/www.eldiario.net\/portal\/wp-content\/uploads\/2023\/07\/logo_ED.jpg","width":272,"height":52,"caption":"El Diario - Decano de la prensa nacional"},"image":{"@id":"https:\/\/www.eldiario.net\/portal\/#\/schema\/logo\/image\/"},"sameAs":["https:\/\/www.facebook.com\/eldiario.bolivia\/","https:\/\/x.com\/eldiario_net"]},{"@type":"Person","@id":"https:\/\/www.eldiario.net\/portal\/#\/schema\/person\/f46445640444750d7d753ccd04ae01b7","name":"Jeanette","image":{"@type":"ImageObject","inLanguage":"es","@id":"https:\/\/secure.gravatar.com\/avatar\/3ea2118a5f7dad2b7138b1187a6b7ee55f160b9968b66013c3a3ef39dd7e5798?s=96&d=mm&r=g","url":"https:\/\/secure.gravatar.com\/avatar\/3ea2118a5f7dad2b7138b1187a6b7ee55f160b9968b66013c3a3ef39dd7e5798?s=96&d=mm&r=g","contentUrl":"https:\/\/secure.gravatar.com\/avatar\/3ea2118a5f7dad2b7138b1187a6b7ee55f160b9968b66013c3a3ef39dd7e5798?s=96&d=mm&r=g","caption":"Jeanette"},"sameAs":["https:\/\/www.eldiario.net\/portal"],"url":"https:\/\/www.eldiario.net\/portal\/author\/jeanette\/"}]}},"_links":{"self":[{"href":"https:\/\/www.eldiario.net\/portal\/wp-json\/wp\/v2\/posts\/233005","targetHints":{"allow":["GET"]}}],"collection":[{"href":"https:\/\/www.eldiario.net\/portal\/wp-json\/wp\/v2\/posts"}],"about":[{"href":"https:\/\/www.eldiario.net\/portal\/wp-json\/wp\/v2\/types\/post"}],"author":[{"embeddable":true,"href":"https:\/\/www.eldiario.net\/portal\/wp-json\/wp\/v2\/users\/1"}],"replies":[{"embeddable":true,"href":"https:\/\/www.eldiario.net\/portal\/wp-json\/wp\/v2\/comments?post=233005"}],"version-history":[{"count":1,"href":"https:\/\/www.eldiario.net\/portal\/wp-json\/wp\/v2\/posts\/233005\/revisions"}],"predecessor-version":[{"id":233006,"href":"https:\/\/www.eldiario.net\/portal\/wp-json\/wp\/v2\/posts\/233005\/revisions\/233006"}],"wp:featuredmedia":[{"embeddable":true,"href":"https:\/\/www.eldiario.net\/portal\/wp-json\/wp\/v2\/media\/194703"}],"wp:attachment":[{"href":"https:\/\/www.eldiario.net\/portal\/wp-json\/wp\/v2\/media?parent=233005"}],"wp:term":[{"taxonomy":"category","embeddable":true,"href":"https:\/\/www.eldiario.net\/portal\/wp-json\/wp\/v2\/categories?post=233005"},{"taxonomy":"post_tag","embeddable":true,"href":"https:\/\/www.eldiario.net\/portal\/wp-json\/wp\/v2\/tags?post=233005"}],"curies":[{"name":"wp","href":"https:\/\/api.w.org\/{rel}","templated":true}]}}