{"id":233002,"date":"2024-07-10T06:03:56","date_gmt":"2024-07-10T10:03:56","guid":{"rendered":"https:\/\/www.eldiario.net\/portal\/?p=233002"},"modified":"2024-07-10T06:03:56","modified_gmt":"2024-07-10T10:03:56","slug":"sedes-aconseja-ampliar-descanso-pedagogico-por-incremento-de-iras","status":"publish","type":"post","link":"https:\/\/www.eldiario.net\/portal\/2024\/07\/10\/sedes-aconseja-ampliar-descanso-pedagogico-por-incremento-de-iras\/","title":{"rendered":"Sedes aconseja ampliar descanso pedag\u00f3gico por incremento de IRAs"},"content":{"rendered":"<p>El Servicio Departamental de Salud (Sedes) de La Paz, a trav\u00e9s de la Unidad de Epidemiolog\u00eda, recomend\u00f3 la ampliaci\u00f3n del descanso pedag\u00f3gico de invierno, debido a que prev\u00e9 el incremento de casos en Infecciones Respiratorias Agudas (IRAs) a causa del intenso fr\u00edo.<br \/>\nDe acuerdo con el informe presentado por el jefe de la Unidad de Epidemiolog\u00eda e Investigaci\u00f3n del Sedes La Paz, Javier Mamani, los casos de resfr\u00edos se incrementaron en el departamento, por lo que considera que, debido a que las temperaturas continuar\u00e1n descendiendo, las vacaciones escolares deben ampliarse por una semana m\u00e1s.<br \/>\n\u201cEn relaci\u00f3n a las infecciones respiratorias, no queda m\u00e1s que para precautelar lo que es la salud en nuestros ni\u00f1os, nuestros adolescentes, recomendar a lo que es el Ministerio de Educaci\u00f3n, como Servicio Departamental de Salud &#8211; Unidad de Epidemiolog\u00eda, de ampliar lo que son las vacaciones\u201d, se\u00f1al\u00f3.<br \/>\nMamani detall\u00f3 que en la \u00faltima semana se registr\u00f3 un incremento de 17 mil a 18 mil casos reportados de infecciones respiratorias y presume que con el descenso de temperaturas la cantidad aumentar\u00e1, por eso aconsej\u00f3 ampliar el descanso pedag\u00f3gico para evitar contagios en las unidades educativas.<br \/>\nAsimismo, manifest\u00f3 que en el departamento de La Paz, los casos de neumon\u00eda llegaron 429 en la \u00faltima semana, adem\u00e1s se registraron tres casos de influenza y cuatro del virus sincitial.<br \/>\nREGIONALIZADO<br \/>\nRespecto al tema, autoridades de los ministerios de Salud y Educaci\u00f3n evaluar\u00e1n los informes de los Sedes y del Servicio Nacional de Meteorolog\u00eda e Hidrolog\u00eda (Senamhi) para determinar en qu\u00e9 departamentos corresponde una posible ampliaci\u00f3n del descanso pedag\u00f3gico.<br \/>\n\u201cEstamos recibiendo los informes de los diferentes Sedes de los departamentos y esos informes nos van a dar los elementos m\u00e1s claros y pr\u00e1cticos para tomar la decisi\u00f3n en qu\u00e9 departamentos se va a ampliar el receso de invierno\u201d, indic\u00f3 el ministro de Educaci\u00f3n, Omar Veliz.<br \/>\nCorrobor\u00f3 que, los informes oficiales de los \u00faltimos d\u00edas, dan cuenta de un incremento de las Infecciones Respiratorias Agudas (IRAs) y el descenso de temperaturas baj\u00f3 a cero en algunas regiones, hechos que preocupan a las autoridades educativas.<br \/>\nPor eso, nuevamente recomend\u00f3 a los padres de familia llevar a sus hijos a los centros de salud para hacerlos vacunar contra la covid-19, Influenza y completar el esquema de vacunas, que es la \u00fanica manera de estar protegidos.<br \/>\nEl descanso pedag\u00f3gico inici\u00f3 el 1 de julio y se tiene previsto que culmine este viernes 12.<br \/>\nDe acuerdo con datos del Senamhi debido al incremento de fr\u00edo, se activ\u00f3 la alerta Naranja hasta el 15 de este mes. El ingreso del frente fr\u00edo generar\u00e1 descensos bruscos de temperatura en el oriente y sur del pa\u00eds. Se pronosticaron heladas en los valles de Tarija, Chuquisaca y Santa Cruz, adem\u00e1s de nevadas en las cordilleras.<\/p>\n","protected":false},"excerpt":{"rendered":"<p>El Servicio Departamental de Salud (Sedes) de La Paz, a trav\u00e9s de la Unidad de Epidemiolog\u00eda, recomend\u00f3 la ampliaci\u00f3n del descanso pedag\u00f3gico de invierno, debido a que prev\u00e9 el incremento de casos en Infecciones Respiratorias Agudas (IRAs) a causa del intenso fr\u00edo. De acuerdo con el informe presentado por el jefe de la Unidad de [&hellip;]<\/p>\n","protected":false},"author":1,"featured_media":233003,"comment_status":"open","ping_status":"open","sticky":false,"template":"","format":"standard","meta":{"_acf_changed":false,"footnotes":""},"categories":[12],"tags":[],"class_list":["post-233002","post","type-post","status-publish","format-standard","has-post-thumbnail","category-nacional"],"acf":{"antetitulo":"Ministerio evaluar\u00e1 por regiones"},"yoast_head":"<!-- This site is optimized with the Yoast SEO plugin v28.4 - https:\/\/yoast.com\/product\/yoast-seo-wordpress\/ -->\n<title>Sedes aconseja ampliar descanso pedag\u00f3gico por incremento de IRAs - El Diario - Bolivia<\/title>\n<meta name=\"robots\" content=\"index, follow, max-snippet:-1, max-image-preview:large, max-video-preview:-1\" \/>\n<link rel=\"canonical\" href=\"https:\/\/www.eldiario.net\/portal\/2024\/07\/10\/sedes-aconseja-ampliar-descanso-pedagogico-por-incremento-de-iras\/\" \/>\n<meta property=\"og:locale\" content=\"es_ES\" \/>\n<meta property=\"og:type\" content=\"article\" \/>\n<meta property=\"og:title\" content=\"Sedes aconseja ampliar descanso pedag\u00f3gico por incremento de IRAs - El Diario - Bolivia\" \/>\n<meta property=\"og:description\" content=\"El Servicio Departamental de Salud (Sedes) de La Paz, a trav\u00e9s de la Unidad de Epidemiolog\u00eda, recomend\u00f3 la ampliaci\u00f3n del descanso pedag\u00f3gico de invierno, debido a que prev\u00e9 el incremento de casos en Infecciones Respiratorias Agudas (IRAs) a causa del intenso fr\u00edo. De acuerdo con el informe presentado por el jefe de la Unidad de [&hellip;]\" \/>\n<meta property=\"og:url\" content=\"https:\/\/www.eldiario.net\/portal\/2024\/07\/10\/sedes-aconseja-ampliar-descanso-pedagogico-por-incremento-de-iras\/\" \/>\n<meta property=\"og:site_name\" content=\"El Diario - Bolivia\" \/>\n<meta property=\"article:publisher\" content=\"https:\/\/www.facebook.com\/eldiario.bolivia\/\" \/>\n<meta property=\"article:published_time\" content=\"2024-07-10T10:03:56+00:00\" \/>\n<meta property=\"og:image\" content=\"https:\/\/www.eldiario.net\/portal\/wp-content\/uploads\/2024\/07\/F1-descanso.jpg\" \/>\n\t<meta property=\"og:image:width\" content=\"1200\" \/>\n\t<meta property=\"og:image:height\" content=\"801\" \/>\n\t<meta property=\"og:image:type\" content=\"image\/jpeg\" \/>\n<meta name=\"author\" content=\"Jeanette\" \/>\n<meta name=\"twitter:card\" content=\"summary_large_image\" \/>\n<meta name=\"twitter:creator\" content=\"@eldiario_net\" \/>\n<meta name=\"twitter:site\" content=\"@eldiario_net\" \/>\n<meta name=\"twitter:label1\" content=\"Escrito por\" \/>\n\t<meta name=\"twitter:data1\" content=\"Jeanette\" \/>\n\t<meta name=\"twitter:label2\" content=\"Tiempo de lectura\" \/>\n\t<meta name=\"twitter:data2\" content=\"3 minutos\" \/>\n<script type=\"application\/ld+json\" class=\"yoast-schema-graph\">{\"@context\":\"https:\\\/\\\/schema.org\",\"@graph\":[{\"@type\":\"Article\",\"@id\":\"https:\\\/\\\/www.eldiario.net\\\/portal\\\/2024\\\/07\\\/10\\\/sedes-aconseja-ampliar-descanso-pedagogico-por-incremento-de-iras\\\/#article\",\"isPartOf\":{\"@id\":\"https:\\\/\\\/www.eldiario.net\\\/portal\\\/2024\\\/07\\\/10\\\/sedes-aconseja-ampliar-descanso-pedagogico-por-incremento-de-iras\\\/\"},\"author\":{\"name\":\"Jeanette\",\"@id\":\"https:\\\/\\\/www.eldiario.net\\\/portal\\\/#\\\/schema\\\/person\\\/f46445640444750d7d753ccd04ae01b7\"},\"headline\":\"Sedes aconseja ampliar descanso pedag\u00f3gico por incremento de IRAs\",\"datePublished\":\"2024-07-10T10:03:56+00:00\",\"mainEntityOfPage\":{\"@id\":\"https:\\\/\\\/www.eldiario.net\\\/portal\\\/2024\\\/07\\\/10\\\/sedes-aconseja-ampliar-descanso-pedagogico-por-incremento-de-iras\\\/\"},\"wordCount\":495,\"commentCount\":0,\"publisher\":{\"@id\":\"https:\\\/\\\/www.eldiario.net\\\/portal\\\/#organization\"},\"image\":{\"@id\":\"https:\\\/\\\/www.eldiario.net\\\/portal\\\/2024\\\/07\\\/10\\\/sedes-aconseja-ampliar-descanso-pedagogico-por-incremento-de-iras\\\/#primaryimage\"},\"thumbnailUrl\":\"https:\\\/\\\/www.eldiario.net\\\/portal\\\/wp-content\\\/uploads\\\/2024\\\/07\\\/F1-descanso.jpg\",\"articleSection\":[\"Nacional\"],\"inLanguage\":\"es\",\"potentialAction\":[{\"@type\":\"CommentAction\",\"name\":\"Comment\",\"target\":[\"https:\\\/\\\/www.eldiario.net\\\/portal\\\/2024\\\/07\\\/10\\\/sedes-aconseja-ampliar-descanso-pedagogico-por-incremento-de-iras\\\/#respond\"]}]},{\"@type\":\"WebPage\",\"@id\":\"https:\\\/\\\/www.eldiario.net\\\/portal\\\/2024\\\/07\\\/10\\\/sedes-aconseja-ampliar-descanso-pedagogico-por-incremento-de-iras\\\/\",\"url\":\"https:\\\/\\\/www.eldiario.net\\\/portal\\\/2024\\\/07\\\/10\\\/sedes-aconseja-ampliar-descanso-pedagogico-por-incremento-de-iras\\\/\",\"name\":\"Sedes aconseja ampliar descanso pedag\u00f3gico por incremento de IRAs - El Diario - Bolivia\",\"isPartOf\":{\"@id\":\"https:\\\/\\\/www.eldiario.net\\\/portal\\\/#website\"},\"primaryImageOfPage\":{\"@id\":\"https:\\\/\\\/www.eldiario.net\\\/portal\\\/2024\\\/07\\\/10\\\/sedes-aconseja-ampliar-descanso-pedagogico-por-incremento-de-iras\\\/#primaryimage\"},\"image\":{\"@id\":\"https:\\\/\\\/www.eldiario.net\\\/portal\\\/2024\\\/07\\\/10\\\/sedes-aconseja-ampliar-descanso-pedagogico-por-incremento-de-iras\\\/#primaryimage\"},\"thumbnailUrl\":\"https:\\\/\\\/www.eldiario.net\\\/portal\\\/wp-content\\\/uploads\\\/2024\\\/07\\\/F1-descanso.jpg\",\"datePublished\":\"2024-07-10T10:03:56+00:00\",\"breadcrumb\":{\"@id\":\"https:\\\/\\\/www.eldiario.net\\\/portal\\\/2024\\\/07\\\/10\\\/sedes-aconseja-ampliar-descanso-pedagogico-por-incremento-de-iras\\\/#breadcrumb\"},\"inLanguage\":\"es\",\"potentialAction\":[{\"@type\":\"ReadAction\",\"target\":[\"https:\\\/\\\/www.eldiario.net\\\/portal\\\/2024\\\/07\\\/10\\\/sedes-aconseja-ampliar-descanso-pedagogico-por-incremento-de-iras\\\/\"]}]},{\"@type\":\"ImageObject\",\"inLanguage\":\"es\",\"@id\":\"https:\\\/\\\/www.eldiario.net\\\/portal\\\/2024\\\/07\\\/10\\\/sedes-aconseja-ampliar-descanso-pedagogico-por-incremento-de-iras\\\/#primaryimage\",\"url\":\"https:\\\/\\\/www.eldiario.net\\\/portal\\\/wp-content\\\/uploads\\\/2024\\\/07\\\/F1-descanso.jpg\",\"contentUrl\":\"https:\\\/\\\/www.eldiario.net\\\/portal\\\/wp-content\\\/uploads\\\/2024\\\/07\\\/F1-descanso.jpg\",\"width\":1200,\"height\":801,\"caption\":\"Hoy se conocer\u00e1, entre otros aspectos, si se ampl\u00eda o no el descanso pedag\u00f3gico.\"},{\"@type\":\"BreadcrumbList\",\"@id\":\"https:\\\/\\\/www.eldiario.net\\\/portal\\\/2024\\\/07\\\/10\\\/sedes-aconseja-ampliar-descanso-pedagogico-por-incremento-de-iras\\\/#breadcrumb\",\"itemListElement\":[{\"@type\":\"ListItem\",\"position\":1,\"name\":\"Portada\",\"item\":\"https:\\\/\\\/www.eldiario.net\\\/portal\\\/\"},{\"@type\":\"ListItem\",\"position\":2,\"name\":\"Sedes aconseja ampliar descanso pedag\u00f3gico por incremento de IRAs\"}]},{\"@type\":\"WebSite\",\"@id\":\"https:\\\/\\\/www.eldiario.net\\\/portal\\\/#website\",\"url\":\"https:\\\/\\\/www.eldiario.net\\\/portal\\\/\",\"name\":\"El Diario - Decano de la prensa nacional\",\"description\":\"El Diario - Decano de la prensa nacional\",\"publisher\":{\"@id\":\"https:\\\/\\\/www.eldiario.net\\\/portal\\\/#organization\"},\"potentialAction\":[{\"@type\":\"SearchAction\",\"target\":{\"@type\":\"EntryPoint\",\"urlTemplate\":\"https:\\\/\\\/www.eldiario.net\\\/portal\\\/?s={search_term_string}\"},\"query-input\":{\"@type\":\"PropertyValueSpecification\",\"valueRequired\":true,\"valueName\":\"search_term_string\"}}],\"inLanguage\":\"es\"},{\"@type\":\"Organization\",\"@id\":\"https:\\\/\\\/www.eldiario.net\\\/portal\\\/#organization\",\"name\":\"El Diario - Decano de la prensa nacional\",\"url\":\"https:\\\/\\\/www.eldiario.net\\\/portal\\\/\",\"logo\":{\"@type\":\"ImageObject\",\"inLanguage\":\"es\",\"@id\":\"https:\\\/\\\/www.eldiario.net\\\/portal\\\/#\\\/schema\\\/logo\\\/image\\\/\",\"url\":\"https:\\\/\\\/www.eldiario.net\\\/portal\\\/wp-content\\\/uploads\\\/2023\\\/07\\\/logo_ED.jpg\",\"contentUrl\":\"https:\\\/\\\/www.eldiario.net\\\/portal\\\/wp-content\\\/uploads\\\/2023\\\/07\\\/logo_ED.jpg\",\"width\":272,\"height\":52,\"caption\":\"El Diario - Decano de la prensa nacional\"},\"image\":{\"@id\":\"https:\\\/\\\/www.eldiario.net\\\/portal\\\/#\\\/schema\\\/logo\\\/image\\\/\"},\"sameAs\":[\"https:\\\/\\\/www.facebook.com\\\/eldiario.bolivia\\\/\",\"https:\\\/\\\/x.com\\\/eldiario_net\"]},{\"@type\":\"Person\",\"@id\":\"https:\\\/\\\/www.eldiario.net\\\/portal\\\/#\\\/schema\\\/person\\\/f46445640444750d7d753ccd04ae01b7\",\"name\":\"Jeanette\",\"image\":{\"@type\":\"ImageObject\",\"inLanguage\":\"es\",\"@id\":\"https:\\\/\\\/secure.gravatar.com\\\/avatar\\\/3ea2118a5f7dad2b7138b1187a6b7ee55f160b9968b66013c3a3ef39dd7e5798?s=96&d=mm&r=g\",\"url\":\"https:\\\/\\\/secure.gravatar.com\\\/avatar\\\/3ea2118a5f7dad2b7138b1187a6b7ee55f160b9968b66013c3a3ef39dd7e5798?s=96&d=mm&r=g\",\"contentUrl\":\"https:\\\/\\\/secure.gravatar.com\\\/avatar\\\/3ea2118a5f7dad2b7138b1187a6b7ee55f160b9968b66013c3a3ef39dd7e5798?s=96&d=mm&r=g\",\"caption\":\"Jeanette\"},\"sameAs\":[\"https:\\\/\\\/www.eldiario.net\\\/portal\"],\"url\":\"https:\\\/\\\/www.eldiario.net\\\/portal\\\/author\\\/jeanette\\\/\"}]}<\/script>\n<!-- \/ Yoast SEO plugin. -->","yoast_head_json":{"title":"Sedes aconseja ampliar descanso pedag\u00f3gico por incremento de IRAs - El Diario - Bolivia","robots":{"index":"index","follow":"follow","max-snippet":"max-snippet:-1","max-image-preview":"max-image-preview:large","max-video-preview":"max-video-preview:-1"},"canonical":"https:\/\/www.eldiario.net\/portal\/2024\/07\/10\/sedes-aconseja-ampliar-descanso-pedagogico-por-incremento-de-iras\/","og_locale":"es_ES","og_type":"article","og_title":"Sedes aconseja ampliar descanso pedag\u00f3gico por incremento de IRAs - El Diario - Bolivia","og_description":"El Servicio Departamental de Salud (Sedes) de La Paz, a trav\u00e9s de la Unidad de Epidemiolog\u00eda, recomend\u00f3 la ampliaci\u00f3n del descanso pedag\u00f3gico de invierno, debido a que prev\u00e9 el incremento de casos en Infecciones Respiratorias Agudas (IRAs) a causa del intenso fr\u00edo. De acuerdo con el informe presentado por el jefe de la Unidad de [&hellip;]","og_url":"https:\/\/www.eldiario.net\/portal\/2024\/07\/10\/sedes-aconseja-ampliar-descanso-pedagogico-por-incremento-de-iras\/","og_site_name":"El Diario - Bolivia","article_publisher":"https:\/\/www.facebook.com\/eldiario.bolivia\/","article_published_time":"2024-07-10T10:03:56+00:00","og_image":[{"width":1200,"height":801,"url":"https:\/\/www.eldiario.net\/portal\/wp-content\/uploads\/2024\/07\/F1-descanso.jpg","type":"image\/jpeg"}],"author":"Jeanette","twitter_card":"summary_large_image","twitter_creator":"@eldiario_net","twitter_site":"@eldiario_net","twitter_misc":{"Escrito por":"Jeanette","Tiempo de lectura":"3 minutos"},"schema":{"@context":"https:\/\/schema.org","@graph":[{"@type":"Article","@id":"https:\/\/www.eldiario.net\/portal\/2024\/07\/10\/sedes-aconseja-ampliar-descanso-pedagogico-por-incremento-de-iras\/#article","isPartOf":{"@id":"https:\/\/www.eldiario.net\/portal\/2024\/07\/10\/sedes-aconseja-ampliar-descanso-pedagogico-por-incremento-de-iras\/"},"author":{"name":"Jeanette","@id":"https:\/\/www.eldiario.net\/portal\/#\/schema\/person\/f46445640444750d7d753ccd04ae01b7"},"headline":"Sedes aconseja ampliar descanso pedag\u00f3gico por incremento de IRAs","datePublished":"2024-07-10T10:03:56+00:00","mainEntityOfPage":{"@id":"https:\/\/www.eldiario.net\/portal\/2024\/07\/10\/sedes-aconseja-ampliar-descanso-pedagogico-por-incremento-de-iras\/"},"wordCount":495,"commentCount":0,"publisher":{"@id":"https:\/\/www.eldiario.net\/portal\/#organization"},"image":{"@id":"https:\/\/www.eldiario.net\/portal\/2024\/07\/10\/sedes-aconseja-ampliar-descanso-pedagogico-por-incremento-de-iras\/#primaryimage"},"thumbnailUrl":"https:\/\/www.eldiario.net\/portal\/wp-content\/uploads\/2024\/07\/F1-descanso.jpg","articleSection":["Nacional"],"inLanguage":"es","potentialAction":[{"@type":"CommentAction","name":"Comment","target":["https:\/\/www.eldiario.net\/portal\/2024\/07\/10\/sedes-aconseja-ampliar-descanso-pedagogico-por-incremento-de-iras\/#respond"]}]},{"@type":"WebPage","@id":"https:\/\/www.eldiario.net\/portal\/2024\/07\/10\/sedes-aconseja-ampliar-descanso-pedagogico-por-incremento-de-iras\/","url":"https:\/\/www.eldiario.net\/portal\/2024\/07\/10\/sedes-aconseja-ampliar-descanso-pedagogico-por-incremento-de-iras\/","name":"Sedes aconseja ampliar descanso pedag\u00f3gico por incremento de IRAs - El Diario - Bolivia","isPartOf":{"@id":"https:\/\/www.eldiario.net\/portal\/#website"},"primaryImageOfPage":{"@id":"https:\/\/www.eldiario.net\/portal\/2024\/07\/10\/sedes-aconseja-ampliar-descanso-pedagogico-por-incremento-de-iras\/#primaryimage"},"image":{"@id":"https:\/\/www.eldiario.net\/portal\/2024\/07\/10\/sedes-aconseja-ampliar-descanso-pedagogico-por-incremento-de-iras\/#primaryimage"},"thumbnailUrl":"https:\/\/www.eldiario.net\/portal\/wp-content\/uploads\/2024\/07\/F1-descanso.jpg","datePublished":"2024-07-10T10:03:56+00:00","breadcrumb":{"@id":"https:\/\/www.eldiario.net\/portal\/2024\/07\/10\/sedes-aconseja-ampliar-descanso-pedagogico-por-incremento-de-iras\/#breadcrumb"},"inLanguage":"es","potentialAction":[{"@type":"ReadAction","target":["https:\/\/www.eldiario.net\/portal\/2024\/07\/10\/sedes-aconseja-ampliar-descanso-pedagogico-por-incremento-de-iras\/"]}]},{"@type":"ImageObject","inLanguage":"es","@id":"https:\/\/www.eldiario.net\/portal\/2024\/07\/10\/sedes-aconseja-ampliar-descanso-pedagogico-por-incremento-de-iras\/#primaryimage","url":"https:\/\/www.eldiario.net\/portal\/wp-content\/uploads\/2024\/07\/F1-descanso.jpg","contentUrl":"https:\/\/www.eldiario.net\/portal\/wp-content\/uploads\/2024\/07\/F1-descanso.jpg","width":1200,"height":801,"caption":"Hoy se conocer\u00e1, entre otros aspectos, si se ampl\u00eda o no el descanso pedag\u00f3gico."},{"@type":"BreadcrumbList","@id":"https:\/\/www.eldiario.net\/portal\/2024\/07\/10\/sedes-aconseja-ampliar-descanso-pedagogico-por-incremento-de-iras\/#breadcrumb","itemListElement":[{"@type":"ListItem","position":1,"name":"Portada","item":"https:\/\/www.eldiario.net\/portal\/"},{"@type":"ListItem","position":2,"name":"Sedes aconseja ampliar descanso pedag\u00f3gico por incremento de IRAs"}]},{"@type":"WebSite","@id":"https:\/\/www.eldiario.net\/portal\/#website","url":"https:\/\/www.eldiario.net\/portal\/","name":"El Diario - Decano de la prensa nacional","description":"El Diario - Decano de la prensa nacional","publisher":{"@id":"https:\/\/www.eldiario.net\/portal\/#organization"},"potentialAction":[{"@type":"SearchAction","target":{"@type":"EntryPoint","urlTemplate":"https:\/\/www.eldiario.net\/portal\/?s={search_term_string}"},"query-input":{"@type":"PropertyValueSpecification","valueRequired":true,"valueName":"search_term_string"}}],"inLanguage":"es"},{"@type":"Organization","@id":"https:\/\/www.eldiario.net\/portal\/#organization","name":"El Diario - Decano de la prensa nacional","url":"https:\/\/www.eldiario.net\/portal\/","logo":{"@type":"ImageObject","inLanguage":"es","@id":"https:\/\/www.eldiario.net\/portal\/#\/schema\/logo\/image\/","url":"https:\/\/www.eldiario.net\/portal\/wp-content\/uploads\/2023\/07\/logo_ED.jpg","contentUrl":"https:\/\/www.eldiario.net\/portal\/wp-content\/uploads\/2023\/07\/logo_ED.jpg","width":272,"height":52,"caption":"El Diario - Decano de la prensa nacional"},"image":{"@id":"https:\/\/www.eldiario.net\/portal\/#\/schema\/logo\/image\/"},"sameAs":["https:\/\/www.facebook.com\/eldiario.bolivia\/","https:\/\/x.com\/eldiario_net"]},{"@type":"Person","@id":"https:\/\/www.eldiario.net\/portal\/#\/schema\/person\/f46445640444750d7d753ccd04ae01b7","name":"Jeanette","image":{"@type":"ImageObject","inLanguage":"es","@id":"https:\/\/secure.gravatar.com\/avatar\/3ea2118a5f7dad2b7138b1187a6b7ee55f160b9968b66013c3a3ef39dd7e5798?s=96&d=mm&r=g","url":"https:\/\/secure.gravatar.com\/avatar\/3ea2118a5f7dad2b7138b1187a6b7ee55f160b9968b66013c3a3ef39dd7e5798?s=96&d=mm&r=g","contentUrl":"https:\/\/secure.gravatar.com\/avatar\/3ea2118a5f7dad2b7138b1187a6b7ee55f160b9968b66013c3a3ef39dd7e5798?s=96&d=mm&r=g","caption":"Jeanette"},"sameAs":["https:\/\/www.eldiario.net\/portal"],"url":"https:\/\/www.eldiario.net\/portal\/author\/jeanette\/"}]}},"_links":{"self":[{"href":"https:\/\/www.eldiario.net\/portal\/wp-json\/wp\/v2\/posts\/233002","targetHints":{"allow":["GET"]}}],"collection":[{"href":"https:\/\/www.eldiario.net\/portal\/wp-json\/wp\/v2\/posts"}],"about":[{"href":"https:\/\/www.eldiario.net\/portal\/wp-json\/wp\/v2\/types\/post"}],"author":[{"embeddable":true,"href":"https:\/\/www.eldiario.net\/portal\/wp-json\/wp\/v2\/users\/1"}],"replies":[{"embeddable":true,"href":"https:\/\/www.eldiario.net\/portal\/wp-json\/wp\/v2\/comments?post=233002"}],"version-history":[{"count":1,"href":"https:\/\/www.eldiario.net\/portal\/wp-json\/wp\/v2\/posts\/233002\/revisions"}],"predecessor-version":[{"id":233004,"href":"https:\/\/www.eldiario.net\/portal\/wp-json\/wp\/v2\/posts\/233002\/revisions\/233004"}],"wp:featuredmedia":[{"embeddable":true,"href":"https:\/\/www.eldiario.net\/portal\/wp-json\/wp\/v2\/media\/233003"}],"wp:attachment":[{"href":"https:\/\/www.eldiario.net\/portal\/wp-json\/wp\/v2\/media?parent=233002"}],"wp:term":[{"taxonomy":"category","embeddable":true,"href":"https:\/\/www.eldiario.net\/portal\/wp-json\/wp\/v2\/categories?post=233002"},{"taxonomy":"post_tag","embeddable":true,"href":"https:\/\/www.eldiario.net\/portal\/wp-json\/wp\/v2\/tags?post=233002"}],"curies":[{"name":"wp","href":"https:\/\/api.w.org\/{rel}","templated":true}]}}