{"id":232999,"date":"2024-07-10T06:02:56","date_gmt":"2024-07-10T10:02:56","guid":{"rendered":"https:\/\/www.eldiario.net\/portal\/?p=232999"},"modified":"2024-07-10T06:02:56","modified_gmt":"2024-07-10T10:02:56","slug":"conforman-comite-interinstitucional-y-exige-archivar-el-proyecto-de-ley-035","status":"publish","type":"post","link":"https:\/\/www.eldiario.net\/portal\/2024\/07\/10\/conforman-comite-interinstitucional-y-exige-archivar-el-proyecto-de-ley-035\/","title":{"rendered":"Conforman comit\u00e9 interinstitucional y exige archivar el proyecto de ley 035"},"content":{"rendered":"<p>Durante la reuni\u00f3n realizada por sectores m\u00e9dicos y de la universidad, en el departamento de Cochabamba, se conform\u00f3 un comit\u00e9 interinstitucional y se determin\u00f3 exigir el archivo del proyecto de Ley 035, donde se refiere a la jubilaci\u00f3n a los 65 a\u00f1os de edad, caso contrario realizar\u00e1n el paro de 120 horas entre otras medidas.<br \/>\n\u201cRechaza la jubilaci\u00f3n forzosa. Rechazar un\u00e1nime y enf\u00e1ticamente cualquier forma de jubilaci\u00f3n forzosa y por ende rechaza la propuesta de la comisi\u00f3n exigiendo el archivo del proyecto de ley 035, en caso de no atenderse a la propuesta de los sectores movilizados (\u2026) se proceder\u00e1 al paro de 120 horas del sector salud y con medidas de presi\u00f3n intersectoriales conjunta\u201d, se\u00f1ala el documento redactado.<br \/>\nRespecto al tiempo o plazo, un representante se\u00f1al\u00f3 que no se lleg\u00f3 a determinar eso, \u201cpero tampoco esperaremos demasiado tiempo, imaginamos que la pr\u00f3xima semana nos convocar\u00e1n a reunirnos\u201d, sostuvo.<br \/>\nEl comit\u00e9 est\u00e1 conformado por colegios profesionales de las ramas m\u00e9dicas, sindicatos del sector salud y la confederaci\u00f3n universitaria de docentes, entre otros.<br \/>\nEl dirigente de la Federaci\u00f3n de Sindicatos de Ramas M\u00e9dicas en Salud (Fesirmes), Daniel Cazas, indic\u00f3 que se har\u00e1 llegar una carta al Gobierno con la propuesta del comit\u00e9 interinstitucional, pero dependiendo de la respuesta se recurrir\u00e1 al paro de 120 horas y otras medidas que realizar\u00e1n universidades y sectores movilizados.<br \/>\nLos sectores m\u00e9dicos rechazaban el art\u00edculo \u00fanico del proyecto de ley 035, que establec\u00eda la jubilaci\u00f3n a los 65 a\u00f1os, a menos, que el trabajador apruebe un examen ocupacional. Sin embargo, la Comisi\u00f3n de Planificaci\u00f3n de Diputados no accedi\u00f3 a esa propuesta.<\/p>\n","protected":false},"excerpt":{"rendered":"<p>Durante la reuni\u00f3n realizada por sectores m\u00e9dicos y de la universidad, en el departamento de Cochabamba, se conform\u00f3 un comit\u00e9 interinstitucional y se determin\u00f3 exigir el archivo del proyecto de Ley 035, donde se refiere a la jubilaci\u00f3n a los 65 a\u00f1os de edad, caso contrario realizar\u00e1n el paro de 120 horas entre otras medidas. [&hellip;]<\/p>\n","protected":false},"author":1,"featured_media":233000,"comment_status":"open","ping_status":"open","sticky":false,"template":"","format":"standard","meta":{"_acf_changed":false,"footnotes":""},"categories":[12],"tags":[],"class_list":["post-232999","post","type-post","status-publish","format-standard","has-post-thumbnail","category-nacional"],"acf":{"antetitulo":""},"yoast_head":"<!-- This site is optimized with the Yoast SEO plugin v28.4 - https:\/\/yoast.com\/product\/yoast-seo-wordpress\/ -->\n<title>Conforman comit\u00e9 interinstitucional y exige archivar el proyecto de ley 035 - El Diario - Bolivia<\/title>\n<meta name=\"robots\" content=\"index, follow, max-snippet:-1, max-image-preview:large, max-video-preview:-1\" \/>\n<link rel=\"canonical\" href=\"https:\/\/www.eldiario.net\/portal\/2024\/07\/10\/conforman-comite-interinstitucional-y-exige-archivar-el-proyecto-de-ley-035\/\" \/>\n<meta property=\"og:locale\" content=\"es_ES\" \/>\n<meta property=\"og:type\" content=\"article\" \/>\n<meta property=\"og:title\" content=\"Conforman comit\u00e9 interinstitucional y exige archivar el proyecto de ley 035 - El Diario - Bolivia\" \/>\n<meta property=\"og:description\" content=\"Durante la reuni\u00f3n realizada por sectores m\u00e9dicos y de la universidad, en el departamento de Cochabamba, se conform\u00f3 un comit\u00e9 interinstitucional y se determin\u00f3 exigir el archivo del proyecto de Ley 035, donde se refiere a la jubilaci\u00f3n a los 65 a\u00f1os de edad, caso contrario realizar\u00e1n el paro de 120 horas entre otras medidas. [&hellip;]\" \/>\n<meta property=\"og:url\" content=\"https:\/\/www.eldiario.net\/portal\/2024\/07\/10\/conforman-comite-interinstitucional-y-exige-archivar-el-proyecto-de-ley-035\/\" \/>\n<meta property=\"og:site_name\" content=\"El Diario - Bolivia\" \/>\n<meta property=\"article:publisher\" content=\"https:\/\/www.facebook.com\/eldiario.bolivia\/\" \/>\n<meta property=\"article:published_time\" content=\"2024-07-10T10:02:56+00:00\" \/>\n<meta property=\"og:image\" content=\"https:\/\/www.eldiario.net\/portal\/wp-content\/uploads\/2024\/07\/F-2-comite.jpg\" \/>\n\t<meta property=\"og:image:width\" content=\"800\" \/>\n\t<meta property=\"og:image:height\" content=\"478\" \/>\n\t<meta property=\"og:image:type\" content=\"image\/jpeg\" \/>\n<meta name=\"author\" content=\"Jeanette\" \/>\n<meta name=\"twitter:card\" content=\"summary_large_image\" \/>\n<meta name=\"twitter:creator\" content=\"@eldiario_net\" \/>\n<meta name=\"twitter:site\" content=\"@eldiario_net\" \/>\n<meta name=\"twitter:label1\" content=\"Escrito por\" \/>\n\t<meta name=\"twitter:data1\" content=\"Jeanette\" \/>\n\t<meta name=\"twitter:label2\" content=\"Tiempo de lectura\" \/>\n\t<meta name=\"twitter:data2\" content=\"2 minutos\" \/>\n<script type=\"application\/ld+json\" class=\"yoast-schema-graph\">{\"@context\":\"https:\\\/\\\/schema.org\",\"@graph\":[{\"@type\":\"Article\",\"@id\":\"https:\\\/\\\/www.eldiario.net\\\/portal\\\/2024\\\/07\\\/10\\\/conforman-comite-interinstitucional-y-exige-archivar-el-proyecto-de-ley-035\\\/#article\",\"isPartOf\":{\"@id\":\"https:\\\/\\\/www.eldiario.net\\\/portal\\\/2024\\\/07\\\/10\\\/conforman-comite-interinstitucional-y-exige-archivar-el-proyecto-de-ley-035\\\/\"},\"author\":{\"name\":\"Jeanette\",\"@id\":\"https:\\\/\\\/www.eldiario.net\\\/portal\\\/#\\\/schema\\\/person\\\/f46445640444750d7d753ccd04ae01b7\"},\"headline\":\"Conforman comit\u00e9 interinstitucional y exige archivar el proyecto de ley 035\",\"datePublished\":\"2024-07-10T10:02:56+00:00\",\"mainEntityOfPage\":{\"@id\":\"https:\\\/\\\/www.eldiario.net\\\/portal\\\/2024\\\/07\\\/10\\\/conforman-comite-interinstitucional-y-exige-archivar-el-proyecto-de-ley-035\\\/\"},\"wordCount\":293,\"commentCount\":0,\"publisher\":{\"@id\":\"https:\\\/\\\/www.eldiario.net\\\/portal\\\/#organization\"},\"image\":{\"@id\":\"https:\\\/\\\/www.eldiario.net\\\/portal\\\/2024\\\/07\\\/10\\\/conforman-comite-interinstitucional-y-exige-archivar-el-proyecto-de-ley-035\\\/#primaryimage\"},\"thumbnailUrl\":\"https:\\\/\\\/www.eldiario.net\\\/portal\\\/wp-content\\\/uploads\\\/2024\\\/07\\\/F-2-comite.jpg\",\"articleSection\":[\"Nacional\"],\"inLanguage\":\"es\",\"potentialAction\":[{\"@type\":\"CommentAction\",\"name\":\"Comment\",\"target\":[\"https:\\\/\\\/www.eldiario.net\\\/portal\\\/2024\\\/07\\\/10\\\/conforman-comite-interinstitucional-y-exige-archivar-el-proyecto-de-ley-035\\\/#respond\"]}]},{\"@type\":\"WebPage\",\"@id\":\"https:\\\/\\\/www.eldiario.net\\\/portal\\\/2024\\\/07\\\/10\\\/conforman-comite-interinstitucional-y-exige-archivar-el-proyecto-de-ley-035\\\/\",\"url\":\"https:\\\/\\\/www.eldiario.net\\\/portal\\\/2024\\\/07\\\/10\\\/conforman-comite-interinstitucional-y-exige-archivar-el-proyecto-de-ley-035\\\/\",\"name\":\"Conforman comit\u00e9 interinstitucional y exige archivar el proyecto de ley 035 - El Diario - Bolivia\",\"isPartOf\":{\"@id\":\"https:\\\/\\\/www.eldiario.net\\\/portal\\\/#website\"},\"primaryImageOfPage\":{\"@id\":\"https:\\\/\\\/www.eldiario.net\\\/portal\\\/2024\\\/07\\\/10\\\/conforman-comite-interinstitucional-y-exige-archivar-el-proyecto-de-ley-035\\\/#primaryimage\"},\"image\":{\"@id\":\"https:\\\/\\\/www.eldiario.net\\\/portal\\\/2024\\\/07\\\/10\\\/conforman-comite-interinstitucional-y-exige-archivar-el-proyecto-de-ley-035\\\/#primaryimage\"},\"thumbnailUrl\":\"https:\\\/\\\/www.eldiario.net\\\/portal\\\/wp-content\\\/uploads\\\/2024\\\/07\\\/F-2-comite.jpg\",\"datePublished\":\"2024-07-10T10:02:56+00:00\",\"breadcrumb\":{\"@id\":\"https:\\\/\\\/www.eldiario.net\\\/portal\\\/2024\\\/07\\\/10\\\/conforman-comite-interinstitucional-y-exige-archivar-el-proyecto-de-ley-035\\\/#breadcrumb\"},\"inLanguage\":\"es\",\"potentialAction\":[{\"@type\":\"ReadAction\",\"target\":[\"https:\\\/\\\/www.eldiario.net\\\/portal\\\/2024\\\/07\\\/10\\\/conforman-comite-interinstitucional-y-exige-archivar-el-proyecto-de-ley-035\\\/\"]}]},{\"@type\":\"ImageObject\",\"inLanguage\":\"es\",\"@id\":\"https:\\\/\\\/www.eldiario.net\\\/portal\\\/2024\\\/07\\\/10\\\/conforman-comite-interinstitucional-y-exige-archivar-el-proyecto-de-ley-035\\\/#primaryimage\",\"url\":\"https:\\\/\\\/www.eldiario.net\\\/portal\\\/wp-content\\\/uploads\\\/2024\\\/07\\\/F-2-comite.jpg\",\"contentUrl\":\"https:\\\/\\\/www.eldiario.net\\\/portal\\\/wp-content\\\/uploads\\\/2024\\\/07\\\/F-2-comite.jpg\",\"width\":800,\"height\":478,\"caption\":\"La comisi\u00f3n interinstitucional durante la conferencia de prensa.\"},{\"@type\":\"BreadcrumbList\",\"@id\":\"https:\\\/\\\/www.eldiario.net\\\/portal\\\/2024\\\/07\\\/10\\\/conforman-comite-interinstitucional-y-exige-archivar-el-proyecto-de-ley-035\\\/#breadcrumb\",\"itemListElement\":[{\"@type\":\"ListItem\",\"position\":1,\"name\":\"Portada\",\"item\":\"https:\\\/\\\/www.eldiario.net\\\/portal\\\/\"},{\"@type\":\"ListItem\",\"position\":2,\"name\":\"Conforman comit\u00e9 interinstitucional y exige archivar el proyecto de ley 035\"}]},{\"@type\":\"WebSite\",\"@id\":\"https:\\\/\\\/www.eldiario.net\\\/portal\\\/#website\",\"url\":\"https:\\\/\\\/www.eldiario.net\\\/portal\\\/\",\"name\":\"El Diario - Decano de la prensa nacional\",\"description\":\"El Diario - Decano de la prensa nacional\",\"publisher\":{\"@id\":\"https:\\\/\\\/www.eldiario.net\\\/portal\\\/#organization\"},\"potentialAction\":[{\"@type\":\"SearchAction\",\"target\":{\"@type\":\"EntryPoint\",\"urlTemplate\":\"https:\\\/\\\/www.eldiario.net\\\/portal\\\/?s={search_term_string}\"},\"query-input\":{\"@type\":\"PropertyValueSpecification\",\"valueRequired\":true,\"valueName\":\"search_term_string\"}}],\"inLanguage\":\"es\"},{\"@type\":\"Organization\",\"@id\":\"https:\\\/\\\/www.eldiario.net\\\/portal\\\/#organization\",\"name\":\"El Diario - Decano de la prensa nacional\",\"url\":\"https:\\\/\\\/www.eldiario.net\\\/portal\\\/\",\"logo\":{\"@type\":\"ImageObject\",\"inLanguage\":\"es\",\"@id\":\"https:\\\/\\\/www.eldiario.net\\\/portal\\\/#\\\/schema\\\/logo\\\/image\\\/\",\"url\":\"https:\\\/\\\/www.eldiario.net\\\/portal\\\/wp-content\\\/uploads\\\/2023\\\/07\\\/logo_ED.jpg\",\"contentUrl\":\"https:\\\/\\\/www.eldiario.net\\\/portal\\\/wp-content\\\/uploads\\\/2023\\\/07\\\/logo_ED.jpg\",\"width\":272,\"height\":52,\"caption\":\"El Diario - Decano de la prensa nacional\"},\"image\":{\"@id\":\"https:\\\/\\\/www.eldiario.net\\\/portal\\\/#\\\/schema\\\/logo\\\/image\\\/\"},\"sameAs\":[\"https:\\\/\\\/www.facebook.com\\\/eldiario.bolivia\\\/\",\"https:\\\/\\\/x.com\\\/eldiario_net\"]},{\"@type\":\"Person\",\"@id\":\"https:\\\/\\\/www.eldiario.net\\\/portal\\\/#\\\/schema\\\/person\\\/f46445640444750d7d753ccd04ae01b7\",\"name\":\"Jeanette\",\"image\":{\"@type\":\"ImageObject\",\"inLanguage\":\"es\",\"@id\":\"https:\\\/\\\/secure.gravatar.com\\\/avatar\\\/3ea2118a5f7dad2b7138b1187a6b7ee55f160b9968b66013c3a3ef39dd7e5798?s=96&d=mm&r=g\",\"url\":\"https:\\\/\\\/secure.gravatar.com\\\/avatar\\\/3ea2118a5f7dad2b7138b1187a6b7ee55f160b9968b66013c3a3ef39dd7e5798?s=96&d=mm&r=g\",\"contentUrl\":\"https:\\\/\\\/secure.gravatar.com\\\/avatar\\\/3ea2118a5f7dad2b7138b1187a6b7ee55f160b9968b66013c3a3ef39dd7e5798?s=96&d=mm&r=g\",\"caption\":\"Jeanette\"},\"sameAs\":[\"https:\\\/\\\/www.eldiario.net\\\/portal\"],\"url\":\"https:\\\/\\\/www.eldiario.net\\\/portal\\\/author\\\/jeanette\\\/\"}]}<\/script>\n<!-- \/ Yoast SEO plugin. -->","yoast_head_json":{"title":"Conforman comit\u00e9 interinstitucional y exige archivar el proyecto de ley 035 - El Diario - Bolivia","robots":{"index":"index","follow":"follow","max-snippet":"max-snippet:-1","max-image-preview":"max-image-preview:large","max-video-preview":"max-video-preview:-1"},"canonical":"https:\/\/www.eldiario.net\/portal\/2024\/07\/10\/conforman-comite-interinstitucional-y-exige-archivar-el-proyecto-de-ley-035\/","og_locale":"es_ES","og_type":"article","og_title":"Conforman comit\u00e9 interinstitucional y exige archivar el proyecto de ley 035 - El Diario - Bolivia","og_description":"Durante la reuni\u00f3n realizada por sectores m\u00e9dicos y de la universidad, en el departamento de Cochabamba, se conform\u00f3 un comit\u00e9 interinstitucional y se determin\u00f3 exigir el archivo del proyecto de Ley 035, donde se refiere a la jubilaci\u00f3n a los 65 a\u00f1os de edad, caso contrario realizar\u00e1n el paro de 120 horas entre otras medidas. [&hellip;]","og_url":"https:\/\/www.eldiario.net\/portal\/2024\/07\/10\/conforman-comite-interinstitucional-y-exige-archivar-el-proyecto-de-ley-035\/","og_site_name":"El Diario - Bolivia","article_publisher":"https:\/\/www.facebook.com\/eldiario.bolivia\/","article_published_time":"2024-07-10T10:02:56+00:00","og_image":[{"width":800,"height":478,"url":"https:\/\/www.eldiario.net\/portal\/wp-content\/uploads\/2024\/07\/F-2-comite.jpg","type":"image\/jpeg"}],"author":"Jeanette","twitter_card":"summary_large_image","twitter_creator":"@eldiario_net","twitter_site":"@eldiario_net","twitter_misc":{"Escrito por":"Jeanette","Tiempo de lectura":"2 minutos"},"schema":{"@context":"https:\/\/schema.org","@graph":[{"@type":"Article","@id":"https:\/\/www.eldiario.net\/portal\/2024\/07\/10\/conforman-comite-interinstitucional-y-exige-archivar-el-proyecto-de-ley-035\/#article","isPartOf":{"@id":"https:\/\/www.eldiario.net\/portal\/2024\/07\/10\/conforman-comite-interinstitucional-y-exige-archivar-el-proyecto-de-ley-035\/"},"author":{"name":"Jeanette","@id":"https:\/\/www.eldiario.net\/portal\/#\/schema\/person\/f46445640444750d7d753ccd04ae01b7"},"headline":"Conforman comit\u00e9 interinstitucional y exige archivar el proyecto de ley 035","datePublished":"2024-07-10T10:02:56+00:00","mainEntityOfPage":{"@id":"https:\/\/www.eldiario.net\/portal\/2024\/07\/10\/conforman-comite-interinstitucional-y-exige-archivar-el-proyecto-de-ley-035\/"},"wordCount":293,"commentCount":0,"publisher":{"@id":"https:\/\/www.eldiario.net\/portal\/#organization"},"image":{"@id":"https:\/\/www.eldiario.net\/portal\/2024\/07\/10\/conforman-comite-interinstitucional-y-exige-archivar-el-proyecto-de-ley-035\/#primaryimage"},"thumbnailUrl":"https:\/\/www.eldiario.net\/portal\/wp-content\/uploads\/2024\/07\/F-2-comite.jpg","articleSection":["Nacional"],"inLanguage":"es","potentialAction":[{"@type":"CommentAction","name":"Comment","target":["https:\/\/www.eldiario.net\/portal\/2024\/07\/10\/conforman-comite-interinstitucional-y-exige-archivar-el-proyecto-de-ley-035\/#respond"]}]},{"@type":"WebPage","@id":"https:\/\/www.eldiario.net\/portal\/2024\/07\/10\/conforman-comite-interinstitucional-y-exige-archivar-el-proyecto-de-ley-035\/","url":"https:\/\/www.eldiario.net\/portal\/2024\/07\/10\/conforman-comite-interinstitucional-y-exige-archivar-el-proyecto-de-ley-035\/","name":"Conforman comit\u00e9 interinstitucional y exige archivar el proyecto de ley 035 - El Diario - Bolivia","isPartOf":{"@id":"https:\/\/www.eldiario.net\/portal\/#website"},"primaryImageOfPage":{"@id":"https:\/\/www.eldiario.net\/portal\/2024\/07\/10\/conforman-comite-interinstitucional-y-exige-archivar-el-proyecto-de-ley-035\/#primaryimage"},"image":{"@id":"https:\/\/www.eldiario.net\/portal\/2024\/07\/10\/conforman-comite-interinstitucional-y-exige-archivar-el-proyecto-de-ley-035\/#primaryimage"},"thumbnailUrl":"https:\/\/www.eldiario.net\/portal\/wp-content\/uploads\/2024\/07\/F-2-comite.jpg","datePublished":"2024-07-10T10:02:56+00:00","breadcrumb":{"@id":"https:\/\/www.eldiario.net\/portal\/2024\/07\/10\/conforman-comite-interinstitucional-y-exige-archivar-el-proyecto-de-ley-035\/#breadcrumb"},"inLanguage":"es","potentialAction":[{"@type":"ReadAction","target":["https:\/\/www.eldiario.net\/portal\/2024\/07\/10\/conforman-comite-interinstitucional-y-exige-archivar-el-proyecto-de-ley-035\/"]}]},{"@type":"ImageObject","inLanguage":"es","@id":"https:\/\/www.eldiario.net\/portal\/2024\/07\/10\/conforman-comite-interinstitucional-y-exige-archivar-el-proyecto-de-ley-035\/#primaryimage","url":"https:\/\/www.eldiario.net\/portal\/wp-content\/uploads\/2024\/07\/F-2-comite.jpg","contentUrl":"https:\/\/www.eldiario.net\/portal\/wp-content\/uploads\/2024\/07\/F-2-comite.jpg","width":800,"height":478,"caption":"La comisi\u00f3n interinstitucional durante la conferencia de prensa."},{"@type":"BreadcrumbList","@id":"https:\/\/www.eldiario.net\/portal\/2024\/07\/10\/conforman-comite-interinstitucional-y-exige-archivar-el-proyecto-de-ley-035\/#breadcrumb","itemListElement":[{"@type":"ListItem","position":1,"name":"Portada","item":"https:\/\/www.eldiario.net\/portal\/"},{"@type":"ListItem","position":2,"name":"Conforman comit\u00e9 interinstitucional y exige archivar el proyecto de ley 035"}]},{"@type":"WebSite","@id":"https:\/\/www.eldiario.net\/portal\/#website","url":"https:\/\/www.eldiario.net\/portal\/","name":"El Diario - Decano de la prensa nacional","description":"El Diario - Decano de la prensa nacional","publisher":{"@id":"https:\/\/www.eldiario.net\/portal\/#organization"},"potentialAction":[{"@type":"SearchAction","target":{"@type":"EntryPoint","urlTemplate":"https:\/\/www.eldiario.net\/portal\/?s={search_term_string}"},"query-input":{"@type":"PropertyValueSpecification","valueRequired":true,"valueName":"search_term_string"}}],"inLanguage":"es"},{"@type":"Organization","@id":"https:\/\/www.eldiario.net\/portal\/#organization","name":"El Diario - Decano de la prensa nacional","url":"https:\/\/www.eldiario.net\/portal\/","logo":{"@type":"ImageObject","inLanguage":"es","@id":"https:\/\/www.eldiario.net\/portal\/#\/schema\/logo\/image\/","url":"https:\/\/www.eldiario.net\/portal\/wp-content\/uploads\/2023\/07\/logo_ED.jpg","contentUrl":"https:\/\/www.eldiario.net\/portal\/wp-content\/uploads\/2023\/07\/logo_ED.jpg","width":272,"height":52,"caption":"El Diario - Decano de la prensa nacional"},"image":{"@id":"https:\/\/www.eldiario.net\/portal\/#\/schema\/logo\/image\/"},"sameAs":["https:\/\/www.facebook.com\/eldiario.bolivia\/","https:\/\/x.com\/eldiario_net"]},{"@type":"Person","@id":"https:\/\/www.eldiario.net\/portal\/#\/schema\/person\/f46445640444750d7d753ccd04ae01b7","name":"Jeanette","image":{"@type":"ImageObject","inLanguage":"es","@id":"https:\/\/secure.gravatar.com\/avatar\/3ea2118a5f7dad2b7138b1187a6b7ee55f160b9968b66013c3a3ef39dd7e5798?s=96&d=mm&r=g","url":"https:\/\/secure.gravatar.com\/avatar\/3ea2118a5f7dad2b7138b1187a6b7ee55f160b9968b66013c3a3ef39dd7e5798?s=96&d=mm&r=g","contentUrl":"https:\/\/secure.gravatar.com\/avatar\/3ea2118a5f7dad2b7138b1187a6b7ee55f160b9968b66013c3a3ef39dd7e5798?s=96&d=mm&r=g","caption":"Jeanette"},"sameAs":["https:\/\/www.eldiario.net\/portal"],"url":"https:\/\/www.eldiario.net\/portal\/author\/jeanette\/"}]}},"_links":{"self":[{"href":"https:\/\/www.eldiario.net\/portal\/wp-json\/wp\/v2\/posts\/232999","targetHints":{"allow":["GET"]}}],"collection":[{"href":"https:\/\/www.eldiario.net\/portal\/wp-json\/wp\/v2\/posts"}],"about":[{"href":"https:\/\/www.eldiario.net\/portal\/wp-json\/wp\/v2\/types\/post"}],"author":[{"embeddable":true,"href":"https:\/\/www.eldiario.net\/portal\/wp-json\/wp\/v2\/users\/1"}],"replies":[{"embeddable":true,"href":"https:\/\/www.eldiario.net\/portal\/wp-json\/wp\/v2\/comments?post=232999"}],"version-history":[{"count":1,"href":"https:\/\/www.eldiario.net\/portal\/wp-json\/wp\/v2\/posts\/232999\/revisions"}],"predecessor-version":[{"id":233001,"href":"https:\/\/www.eldiario.net\/portal\/wp-json\/wp\/v2\/posts\/232999\/revisions\/233001"}],"wp:featuredmedia":[{"embeddable":true,"href":"https:\/\/www.eldiario.net\/portal\/wp-json\/wp\/v2\/media\/233000"}],"wp:attachment":[{"href":"https:\/\/www.eldiario.net\/portal\/wp-json\/wp\/v2\/media?parent=232999"}],"wp:term":[{"taxonomy":"category","embeddable":true,"href":"https:\/\/www.eldiario.net\/portal\/wp-json\/wp\/v2\/categories?post=232999"},{"taxonomy":"post_tag","embeddable":true,"href":"https:\/\/www.eldiario.net\/portal\/wp-json\/wp\/v2\/tags?post=232999"}],"curies":[{"name":"wp","href":"https:\/\/api.w.org\/{rel}","templated":true}]}}