{"id":232996,"date":"2024-07-10T06:02:22","date_gmt":"2024-07-10T10:02:22","guid":{"rendered":"https:\/\/www.eldiario.net\/portal\/?p=232996"},"modified":"2024-07-10T06:02:22","modified_gmt":"2024-07-10T10:02:22","slug":"preparan-carrera-de-cochecitos-sin-motor","status":"publish","type":"post","link":"https:\/\/www.eldiario.net\/portal\/2024\/07\/10\/preparan-carrera-de-cochecitos-sin-motor\/","title":{"rendered":"Preparan carrera de cochecitos sin motor"},"content":{"rendered":"<p>Con el objetivo de promover la integraci\u00f3n y participaci\u00f3n de la poblaci\u00f3n de La Paz y el territorio nacional, la Direcci\u00f3n de Deportes dependiente de la Secretar\u00eda Municipal de Salud y Deportes del Gobierno Aut\u00f3nomo Municipal de La Paz (Gamlp) convoc\u00f3 a la \u201cXXIII versi\u00f3n de Carrera de Cochecitos sin Motor 2024\u201d, a realizarse el domingo 21 de julio.<br \/>\nAutoridades ediles anunciaron que la competencia arrancar\u00e1 a las 10:30 horas del 21 de julio y, este a\u00f1o, cambiar\u00e1 el recorrido. La partida ser\u00e1 en la calle Jos\u00e9 Gamarra de Alto San Pedro y llegar\u00e1 hasta el estadio Luis Lastra, en la zona de Sopocachi. Ser\u00e1n 3.4 kil\u00f3metros de circuito. Las inscripciones est\u00e1n abiertas y se realizan en la Direcci\u00f3n Municipal de Deportes de la Alcald\u00eda pace\u00f1a.<br \/>\n\u201cLa partida va a ser en la calle Jos\u00e9 Gamarra, esquina de la calle Le\u00f3n Loza, que es en Alto San Pedro, seguido por la calle Ayll\u00f3n y bajando nos vamos a encontrar con la calle Albert Austria. Pasando por el Mercado Strongest vamos a continuar por las Jaime Freire hasta llegar a la Plaza Espa\u00f1a y por \u00faltimo vamos a bajar por la calle del Canal 11 (Romec\u00edn Campos) de Red 1 llegando hasta el Estadio Luis Lastra\u201d, inform\u00f3 la jefe de unidad de Promoci\u00f3n a la Actividad F\u00edsica y Deportiva, Katherine Olivera.<br \/>\nPara la ocasi\u00f3n se habilitaron tres categor\u00edas: \u201cA\u201d, de seis a 12 a\u00f1os, con un cacharro con plataforma de madera, llantas de rodamiento y un copiloto mayor de 16 a\u00f1os; \u201cB\u201d, de seis a 12 a\u00f1os, con un coche de construcci\u00f3n artesanal con motivos aleg\u00f3ricos, llantas de goma y un copiloto mayor de 16 a\u00f1os; y \u201cC\u201d de car\u00e1cter libre que contempla carros de metal, llantas de goma y copiloto mayor de 16 a\u00f1os.<br \/>\n\u201cEl a\u00f1o pasado hemos tenido 500 inscritos, esperamos llegar al mismo n\u00famero, incluso superarlo. Estamos cambiando la ruta de este lugar y sabemos que va a ser de mayor atractivo y que los ni\u00f1os van a poder disfrutar y compartir eso con toda la gente que nos va a acompa\u00f1ar en el trayecto\u201d, acot\u00f3 la directora Municipal de Deportes, Carmen Pozo.<br \/>\nDe acuerdo con la secretaria municipal de Salud y Deportes de la comuna pace\u00f1a, F\u00e1tima Verduguez, esta carrera inici\u00f3 por los a\u00f1os 50 y fue declarada Patrimonio Cultural e Inmaterial del Municipio de La Paz en 2016.<br \/>\n\u201cBuscamos realizar este juego de anta\u00f1o registrado desde los a\u00f1os 50, que aprovecha la topograf\u00eda maravillosa que tiene nuestra ciudad. Cada a\u00f1o, la Secretar\u00eda de Salud y Deportes, junto a la Direcci\u00f3n de Deportes, fomenta esta competici\u00f3n. Este a\u00f1o no podemos quedar al margen, se est\u00e1 implementando una categor\u00eda con participantes de otros departamentos\u201d, adelant\u00f3 Verduguez.<\/p>\n","protected":false},"excerpt":{"rendered":"<p>Con el objetivo de promover la integraci\u00f3n y participaci\u00f3n de la poblaci\u00f3n de La Paz y el territorio nacional, la Direcci\u00f3n de Deportes dependiente de la Secretar\u00eda Municipal de Salud y Deportes del Gobierno Aut\u00f3nomo Municipal de La Paz (Gamlp) convoc\u00f3 a la \u201cXXIII versi\u00f3n de Carrera de Cochecitos sin Motor 2024\u201d, a realizarse el [&hellip;]<\/p>\n","protected":false},"author":1,"featured_media":232997,"comment_status":"open","ping_status":"open","sticky":false,"template":"","format":"standard","meta":{"_acf_changed":false,"footnotes":""},"categories":[12],"tags":[],"class_list":["post-232996","post","type-post","status-publish","format-standard","has-post-thumbnail","category-nacional"],"acf":{"antetitulo":"Con ruta nueva"},"yoast_head":"<!-- This site is optimized with the Yoast SEO plugin v28.4 - https:\/\/yoast.com\/product\/yoast-seo-wordpress\/ -->\n<title>Preparan carrera de cochecitos sin motor - El Diario - Bolivia<\/title>\n<meta name=\"robots\" content=\"index, follow, max-snippet:-1, max-image-preview:large, max-video-preview:-1\" \/>\n<link rel=\"canonical\" href=\"https:\/\/www.eldiario.net\/portal\/2024\/07\/10\/preparan-carrera-de-cochecitos-sin-motor\/\" \/>\n<meta property=\"og:locale\" content=\"es_ES\" \/>\n<meta property=\"og:type\" content=\"article\" \/>\n<meta property=\"og:title\" content=\"Preparan carrera de cochecitos sin motor - El Diario - Bolivia\" \/>\n<meta property=\"og:description\" content=\"Con el objetivo de promover la integraci\u00f3n y participaci\u00f3n de la poblaci\u00f3n de La Paz y el territorio nacional, la Direcci\u00f3n de Deportes dependiente de la Secretar\u00eda Municipal de Salud y Deportes del Gobierno Aut\u00f3nomo Municipal de La Paz (Gamlp) convoc\u00f3 a la \u201cXXIII versi\u00f3n de Carrera de Cochecitos sin Motor 2024\u201d, a realizarse el [&hellip;]\" \/>\n<meta property=\"og:url\" content=\"https:\/\/www.eldiario.net\/portal\/2024\/07\/10\/preparan-carrera-de-cochecitos-sin-motor\/\" \/>\n<meta property=\"og:site_name\" content=\"El Diario - Bolivia\" \/>\n<meta property=\"article:publisher\" content=\"https:\/\/www.facebook.com\/eldiario.bolivia\/\" \/>\n<meta property=\"article:published_time\" content=\"2024-07-10T10:02:22+00:00\" \/>\n<meta property=\"og:image\" content=\"https:\/\/www.eldiario.net\/portal\/wp-content\/uploads\/2024\/07\/F-3-carrera.jpg\" \/>\n\t<meta property=\"og:image:width\" content=\"1124\" \/>\n\t<meta property=\"og:image:height\" content=\"750\" \/>\n\t<meta property=\"og:image:type\" content=\"image\/jpeg\" \/>\n<meta name=\"author\" content=\"Jeanette\" \/>\n<meta name=\"twitter:card\" content=\"summary_large_image\" \/>\n<meta name=\"twitter:creator\" content=\"@eldiario_net\" \/>\n<meta name=\"twitter:site\" content=\"@eldiario_net\" \/>\n<meta name=\"twitter:label1\" content=\"Escrito por\" \/>\n\t<meta name=\"twitter:data1\" content=\"Jeanette\" \/>\n\t<meta name=\"twitter:label2\" content=\"Tiempo de lectura\" \/>\n\t<meta name=\"twitter:data2\" content=\"3 minutos\" \/>\n<script type=\"application\/ld+json\" class=\"yoast-schema-graph\">{\"@context\":\"https:\\\/\\\/schema.org\",\"@graph\":[{\"@type\":\"Article\",\"@id\":\"https:\\\/\\\/www.eldiario.net\\\/portal\\\/2024\\\/07\\\/10\\\/preparan-carrera-de-cochecitos-sin-motor\\\/#article\",\"isPartOf\":{\"@id\":\"https:\\\/\\\/www.eldiario.net\\\/portal\\\/2024\\\/07\\\/10\\\/preparan-carrera-de-cochecitos-sin-motor\\\/\"},\"author\":{\"name\":\"Jeanette\",\"@id\":\"https:\\\/\\\/www.eldiario.net\\\/portal\\\/#\\\/schema\\\/person\\\/f46445640444750d7d753ccd04ae01b7\"},\"headline\":\"Preparan carrera de cochecitos sin motor\",\"datePublished\":\"2024-07-10T10:02:22+00:00\",\"mainEntityOfPage\":{\"@id\":\"https:\\\/\\\/www.eldiario.net\\\/portal\\\/2024\\\/07\\\/10\\\/preparan-carrera-de-cochecitos-sin-motor\\\/\"},\"wordCount\":484,\"commentCount\":0,\"publisher\":{\"@id\":\"https:\\\/\\\/www.eldiario.net\\\/portal\\\/#organization\"},\"image\":{\"@id\":\"https:\\\/\\\/www.eldiario.net\\\/portal\\\/2024\\\/07\\\/10\\\/preparan-carrera-de-cochecitos-sin-motor\\\/#primaryimage\"},\"thumbnailUrl\":\"https:\\\/\\\/www.eldiario.net\\\/portal\\\/wp-content\\\/uploads\\\/2024\\\/07\\\/F-3-carrera.jpg\",\"articleSection\":[\"Nacional\"],\"inLanguage\":\"es\",\"potentialAction\":[{\"@type\":\"CommentAction\",\"name\":\"Comment\",\"target\":[\"https:\\\/\\\/www.eldiario.net\\\/portal\\\/2024\\\/07\\\/10\\\/preparan-carrera-de-cochecitos-sin-motor\\\/#respond\"]}]},{\"@type\":\"WebPage\",\"@id\":\"https:\\\/\\\/www.eldiario.net\\\/portal\\\/2024\\\/07\\\/10\\\/preparan-carrera-de-cochecitos-sin-motor\\\/\",\"url\":\"https:\\\/\\\/www.eldiario.net\\\/portal\\\/2024\\\/07\\\/10\\\/preparan-carrera-de-cochecitos-sin-motor\\\/\",\"name\":\"Preparan carrera de cochecitos sin motor - El Diario - Bolivia\",\"isPartOf\":{\"@id\":\"https:\\\/\\\/www.eldiario.net\\\/portal\\\/#website\"},\"primaryImageOfPage\":{\"@id\":\"https:\\\/\\\/www.eldiario.net\\\/portal\\\/2024\\\/07\\\/10\\\/preparan-carrera-de-cochecitos-sin-motor\\\/#primaryimage\"},\"image\":{\"@id\":\"https:\\\/\\\/www.eldiario.net\\\/portal\\\/2024\\\/07\\\/10\\\/preparan-carrera-de-cochecitos-sin-motor\\\/#primaryimage\"},\"thumbnailUrl\":\"https:\\\/\\\/www.eldiario.net\\\/portal\\\/wp-content\\\/uploads\\\/2024\\\/07\\\/F-3-carrera.jpg\",\"datePublished\":\"2024-07-10T10:02:22+00:00\",\"breadcrumb\":{\"@id\":\"https:\\\/\\\/www.eldiario.net\\\/portal\\\/2024\\\/07\\\/10\\\/preparan-carrera-de-cochecitos-sin-motor\\\/#breadcrumb\"},\"inLanguage\":\"es\",\"potentialAction\":[{\"@type\":\"ReadAction\",\"target\":[\"https:\\\/\\\/www.eldiario.net\\\/portal\\\/2024\\\/07\\\/10\\\/preparan-carrera-de-cochecitos-sin-motor\\\/\"]}]},{\"@type\":\"ImageObject\",\"inLanguage\":\"es\",\"@id\":\"https:\\\/\\\/www.eldiario.net\\\/portal\\\/2024\\\/07\\\/10\\\/preparan-carrera-de-cochecitos-sin-motor\\\/#primaryimage\",\"url\":\"https:\\\/\\\/www.eldiario.net\\\/portal\\\/wp-content\\\/uploads\\\/2024\\\/07\\\/F-3-carrera.jpg\",\"contentUrl\":\"https:\\\/\\\/www.eldiario.net\\\/portal\\\/wp-content\\\/uploads\\\/2024\\\/07\\\/F-3-carrera.jpg\",\"width\":1124,\"height\":750,\"caption\":\"La competencia se realizar\u00e1 el 21 de este mes.\"},{\"@type\":\"BreadcrumbList\",\"@id\":\"https:\\\/\\\/www.eldiario.net\\\/portal\\\/2024\\\/07\\\/10\\\/preparan-carrera-de-cochecitos-sin-motor\\\/#breadcrumb\",\"itemListElement\":[{\"@type\":\"ListItem\",\"position\":1,\"name\":\"Portada\",\"item\":\"https:\\\/\\\/www.eldiario.net\\\/portal\\\/\"},{\"@type\":\"ListItem\",\"position\":2,\"name\":\"Preparan carrera de cochecitos sin motor\"}]},{\"@type\":\"WebSite\",\"@id\":\"https:\\\/\\\/www.eldiario.net\\\/portal\\\/#website\",\"url\":\"https:\\\/\\\/www.eldiario.net\\\/portal\\\/\",\"name\":\"El Diario - Decano de la prensa nacional\",\"description\":\"El Diario - Decano de la prensa nacional\",\"publisher\":{\"@id\":\"https:\\\/\\\/www.eldiario.net\\\/portal\\\/#organization\"},\"potentialAction\":[{\"@type\":\"SearchAction\",\"target\":{\"@type\":\"EntryPoint\",\"urlTemplate\":\"https:\\\/\\\/www.eldiario.net\\\/portal\\\/?s={search_term_string}\"},\"query-input\":{\"@type\":\"PropertyValueSpecification\",\"valueRequired\":true,\"valueName\":\"search_term_string\"}}],\"inLanguage\":\"es\"},{\"@type\":\"Organization\",\"@id\":\"https:\\\/\\\/www.eldiario.net\\\/portal\\\/#organization\",\"name\":\"El Diario - Decano de la prensa nacional\",\"url\":\"https:\\\/\\\/www.eldiario.net\\\/portal\\\/\",\"logo\":{\"@type\":\"ImageObject\",\"inLanguage\":\"es\",\"@id\":\"https:\\\/\\\/www.eldiario.net\\\/portal\\\/#\\\/schema\\\/logo\\\/image\\\/\",\"url\":\"https:\\\/\\\/www.eldiario.net\\\/portal\\\/wp-content\\\/uploads\\\/2023\\\/07\\\/logo_ED.jpg\",\"contentUrl\":\"https:\\\/\\\/www.eldiario.net\\\/portal\\\/wp-content\\\/uploads\\\/2023\\\/07\\\/logo_ED.jpg\",\"width\":272,\"height\":52,\"caption\":\"El Diario - Decano de la prensa nacional\"},\"image\":{\"@id\":\"https:\\\/\\\/www.eldiario.net\\\/portal\\\/#\\\/schema\\\/logo\\\/image\\\/\"},\"sameAs\":[\"https:\\\/\\\/www.facebook.com\\\/eldiario.bolivia\\\/\",\"https:\\\/\\\/x.com\\\/eldiario_net\"]},{\"@type\":\"Person\",\"@id\":\"https:\\\/\\\/www.eldiario.net\\\/portal\\\/#\\\/schema\\\/person\\\/f46445640444750d7d753ccd04ae01b7\",\"name\":\"Jeanette\",\"image\":{\"@type\":\"ImageObject\",\"inLanguage\":\"es\",\"@id\":\"https:\\\/\\\/secure.gravatar.com\\\/avatar\\\/3ea2118a5f7dad2b7138b1187a6b7ee55f160b9968b66013c3a3ef39dd7e5798?s=96&d=mm&r=g\",\"url\":\"https:\\\/\\\/secure.gravatar.com\\\/avatar\\\/3ea2118a5f7dad2b7138b1187a6b7ee55f160b9968b66013c3a3ef39dd7e5798?s=96&d=mm&r=g\",\"contentUrl\":\"https:\\\/\\\/secure.gravatar.com\\\/avatar\\\/3ea2118a5f7dad2b7138b1187a6b7ee55f160b9968b66013c3a3ef39dd7e5798?s=96&d=mm&r=g\",\"caption\":\"Jeanette\"},\"sameAs\":[\"https:\\\/\\\/www.eldiario.net\\\/portal\"],\"url\":\"https:\\\/\\\/www.eldiario.net\\\/portal\\\/author\\\/jeanette\\\/\"}]}<\/script>\n<!-- \/ Yoast SEO plugin. -->","yoast_head_json":{"title":"Preparan carrera de cochecitos sin motor - El Diario - Bolivia","robots":{"index":"index","follow":"follow","max-snippet":"max-snippet:-1","max-image-preview":"max-image-preview:large","max-video-preview":"max-video-preview:-1"},"canonical":"https:\/\/www.eldiario.net\/portal\/2024\/07\/10\/preparan-carrera-de-cochecitos-sin-motor\/","og_locale":"es_ES","og_type":"article","og_title":"Preparan carrera de cochecitos sin motor - El Diario - Bolivia","og_description":"Con el objetivo de promover la integraci\u00f3n y participaci\u00f3n de la poblaci\u00f3n de La Paz y el territorio nacional, la Direcci\u00f3n de Deportes dependiente de la Secretar\u00eda Municipal de Salud y Deportes del Gobierno Aut\u00f3nomo Municipal de La Paz (Gamlp) convoc\u00f3 a la \u201cXXIII versi\u00f3n de Carrera de Cochecitos sin Motor 2024\u201d, a realizarse el [&hellip;]","og_url":"https:\/\/www.eldiario.net\/portal\/2024\/07\/10\/preparan-carrera-de-cochecitos-sin-motor\/","og_site_name":"El Diario - Bolivia","article_publisher":"https:\/\/www.facebook.com\/eldiario.bolivia\/","article_published_time":"2024-07-10T10:02:22+00:00","og_image":[{"width":1124,"height":750,"url":"https:\/\/www.eldiario.net\/portal\/wp-content\/uploads\/2024\/07\/F-3-carrera.jpg","type":"image\/jpeg"}],"author":"Jeanette","twitter_card":"summary_large_image","twitter_creator":"@eldiario_net","twitter_site":"@eldiario_net","twitter_misc":{"Escrito por":"Jeanette","Tiempo de lectura":"3 minutos"},"schema":{"@context":"https:\/\/schema.org","@graph":[{"@type":"Article","@id":"https:\/\/www.eldiario.net\/portal\/2024\/07\/10\/preparan-carrera-de-cochecitos-sin-motor\/#article","isPartOf":{"@id":"https:\/\/www.eldiario.net\/portal\/2024\/07\/10\/preparan-carrera-de-cochecitos-sin-motor\/"},"author":{"name":"Jeanette","@id":"https:\/\/www.eldiario.net\/portal\/#\/schema\/person\/f46445640444750d7d753ccd04ae01b7"},"headline":"Preparan carrera de cochecitos sin motor","datePublished":"2024-07-10T10:02:22+00:00","mainEntityOfPage":{"@id":"https:\/\/www.eldiario.net\/portal\/2024\/07\/10\/preparan-carrera-de-cochecitos-sin-motor\/"},"wordCount":484,"commentCount":0,"publisher":{"@id":"https:\/\/www.eldiario.net\/portal\/#organization"},"image":{"@id":"https:\/\/www.eldiario.net\/portal\/2024\/07\/10\/preparan-carrera-de-cochecitos-sin-motor\/#primaryimage"},"thumbnailUrl":"https:\/\/www.eldiario.net\/portal\/wp-content\/uploads\/2024\/07\/F-3-carrera.jpg","articleSection":["Nacional"],"inLanguage":"es","potentialAction":[{"@type":"CommentAction","name":"Comment","target":["https:\/\/www.eldiario.net\/portal\/2024\/07\/10\/preparan-carrera-de-cochecitos-sin-motor\/#respond"]}]},{"@type":"WebPage","@id":"https:\/\/www.eldiario.net\/portal\/2024\/07\/10\/preparan-carrera-de-cochecitos-sin-motor\/","url":"https:\/\/www.eldiario.net\/portal\/2024\/07\/10\/preparan-carrera-de-cochecitos-sin-motor\/","name":"Preparan carrera de cochecitos sin motor - El Diario - Bolivia","isPartOf":{"@id":"https:\/\/www.eldiario.net\/portal\/#website"},"primaryImageOfPage":{"@id":"https:\/\/www.eldiario.net\/portal\/2024\/07\/10\/preparan-carrera-de-cochecitos-sin-motor\/#primaryimage"},"image":{"@id":"https:\/\/www.eldiario.net\/portal\/2024\/07\/10\/preparan-carrera-de-cochecitos-sin-motor\/#primaryimage"},"thumbnailUrl":"https:\/\/www.eldiario.net\/portal\/wp-content\/uploads\/2024\/07\/F-3-carrera.jpg","datePublished":"2024-07-10T10:02:22+00:00","breadcrumb":{"@id":"https:\/\/www.eldiario.net\/portal\/2024\/07\/10\/preparan-carrera-de-cochecitos-sin-motor\/#breadcrumb"},"inLanguage":"es","potentialAction":[{"@type":"ReadAction","target":["https:\/\/www.eldiario.net\/portal\/2024\/07\/10\/preparan-carrera-de-cochecitos-sin-motor\/"]}]},{"@type":"ImageObject","inLanguage":"es","@id":"https:\/\/www.eldiario.net\/portal\/2024\/07\/10\/preparan-carrera-de-cochecitos-sin-motor\/#primaryimage","url":"https:\/\/www.eldiario.net\/portal\/wp-content\/uploads\/2024\/07\/F-3-carrera.jpg","contentUrl":"https:\/\/www.eldiario.net\/portal\/wp-content\/uploads\/2024\/07\/F-3-carrera.jpg","width":1124,"height":750,"caption":"La competencia se realizar\u00e1 el 21 de este mes."},{"@type":"BreadcrumbList","@id":"https:\/\/www.eldiario.net\/portal\/2024\/07\/10\/preparan-carrera-de-cochecitos-sin-motor\/#breadcrumb","itemListElement":[{"@type":"ListItem","position":1,"name":"Portada","item":"https:\/\/www.eldiario.net\/portal\/"},{"@type":"ListItem","position":2,"name":"Preparan carrera de cochecitos sin motor"}]},{"@type":"WebSite","@id":"https:\/\/www.eldiario.net\/portal\/#website","url":"https:\/\/www.eldiario.net\/portal\/","name":"El Diario - Decano de la prensa nacional","description":"El Diario - Decano de la prensa nacional","publisher":{"@id":"https:\/\/www.eldiario.net\/portal\/#organization"},"potentialAction":[{"@type":"SearchAction","target":{"@type":"EntryPoint","urlTemplate":"https:\/\/www.eldiario.net\/portal\/?s={search_term_string}"},"query-input":{"@type":"PropertyValueSpecification","valueRequired":true,"valueName":"search_term_string"}}],"inLanguage":"es"},{"@type":"Organization","@id":"https:\/\/www.eldiario.net\/portal\/#organization","name":"El Diario - Decano de la prensa nacional","url":"https:\/\/www.eldiario.net\/portal\/","logo":{"@type":"ImageObject","inLanguage":"es","@id":"https:\/\/www.eldiario.net\/portal\/#\/schema\/logo\/image\/","url":"https:\/\/www.eldiario.net\/portal\/wp-content\/uploads\/2023\/07\/logo_ED.jpg","contentUrl":"https:\/\/www.eldiario.net\/portal\/wp-content\/uploads\/2023\/07\/logo_ED.jpg","width":272,"height":52,"caption":"El Diario - Decano de la prensa nacional"},"image":{"@id":"https:\/\/www.eldiario.net\/portal\/#\/schema\/logo\/image\/"},"sameAs":["https:\/\/www.facebook.com\/eldiario.bolivia\/","https:\/\/x.com\/eldiario_net"]},{"@type":"Person","@id":"https:\/\/www.eldiario.net\/portal\/#\/schema\/person\/f46445640444750d7d753ccd04ae01b7","name":"Jeanette","image":{"@type":"ImageObject","inLanguage":"es","@id":"https:\/\/secure.gravatar.com\/avatar\/3ea2118a5f7dad2b7138b1187a6b7ee55f160b9968b66013c3a3ef39dd7e5798?s=96&d=mm&r=g","url":"https:\/\/secure.gravatar.com\/avatar\/3ea2118a5f7dad2b7138b1187a6b7ee55f160b9968b66013c3a3ef39dd7e5798?s=96&d=mm&r=g","contentUrl":"https:\/\/secure.gravatar.com\/avatar\/3ea2118a5f7dad2b7138b1187a6b7ee55f160b9968b66013c3a3ef39dd7e5798?s=96&d=mm&r=g","caption":"Jeanette"},"sameAs":["https:\/\/www.eldiario.net\/portal"],"url":"https:\/\/www.eldiario.net\/portal\/author\/jeanette\/"}]}},"_links":{"self":[{"href":"https:\/\/www.eldiario.net\/portal\/wp-json\/wp\/v2\/posts\/232996","targetHints":{"allow":["GET"]}}],"collection":[{"href":"https:\/\/www.eldiario.net\/portal\/wp-json\/wp\/v2\/posts"}],"about":[{"href":"https:\/\/www.eldiario.net\/portal\/wp-json\/wp\/v2\/types\/post"}],"author":[{"embeddable":true,"href":"https:\/\/www.eldiario.net\/portal\/wp-json\/wp\/v2\/users\/1"}],"replies":[{"embeddable":true,"href":"https:\/\/www.eldiario.net\/portal\/wp-json\/wp\/v2\/comments?post=232996"}],"version-history":[{"count":1,"href":"https:\/\/www.eldiario.net\/portal\/wp-json\/wp\/v2\/posts\/232996\/revisions"}],"predecessor-version":[{"id":232998,"href":"https:\/\/www.eldiario.net\/portal\/wp-json\/wp\/v2\/posts\/232996\/revisions\/232998"}],"wp:featuredmedia":[{"embeddable":true,"href":"https:\/\/www.eldiario.net\/portal\/wp-json\/wp\/v2\/media\/232997"}],"wp:attachment":[{"href":"https:\/\/www.eldiario.net\/portal\/wp-json\/wp\/v2\/media?parent=232996"}],"wp:term":[{"taxonomy":"category","embeddable":true,"href":"https:\/\/www.eldiario.net\/portal\/wp-json\/wp\/v2\/categories?post=232996"},{"taxonomy":"post_tag","embeddable":true,"href":"https:\/\/www.eldiario.net\/portal\/wp-json\/wp\/v2\/tags?post=232996"}],"curies":[{"name":"wp","href":"https:\/\/api.w.org\/{rel}","templated":true}]}}