{"id":232994,"date":"2024-07-10T06:01:45","date_gmt":"2024-07-10T10:01:45","guid":{"rendered":"https:\/\/www.eldiario.net\/portal\/?p=232994"},"modified":"2024-07-10T06:01:45","modified_gmt":"2024-07-10T10:01:45","slug":"eligen-tres-proyectos-que-plantean-solucion-al-trafico-vehicular-de-la-ceja","status":"publish","type":"post","link":"https:\/\/www.eldiario.net\/portal\/2024\/07\/10\/eligen-tres-proyectos-que-plantean-solucion-al-trafico-vehicular-de-la-ceja\/","title":{"rendered":"Eligen tres proyectos que plantean soluci\u00f3n al tr\u00e1fico vehicular de la Ceja"},"content":{"rendered":"<p>Con la elecci\u00f3n de tres proyectos, que ser\u00e1n premiados con medio mill\u00f3n de bolivianos, concluy\u00f3 el concurso de \u201cAnteproyectos de soluciones alternativas al tr\u00e1fico vehicular de la Ceja de El Alto\u201d. Los seleccionados son grupos de profesionales, entre arquitectos e ingenieros, quienes presentaron sus propuestas en maquetas.<br \/>\n\u201cMedio mill\u00f3n de bolivianos entregar\u00e1 el hermano presidente Lucho (Luis Arce Catacora) en premios (\u2026). Estamos cumpliendo como Gobierno nacional en la soluci\u00f3n de este tr\u00e1fico que existe en El Alto, ca\u00f3tico y desesperante en ciertos horarios\u201d, se\u00f1al\u00f3 el ministro de Obras P\u00fablicas, Edgar Monta\u00f1o.<br \/>\nEl primer lugar fue para el proyecto de Jos\u00e9 Mauricio N\u00fa\u00f1ez Ari\u00f1ez, bajo el pseud\u00f3nimo A\u00d1Q, gan\u00f3 Bs 250.000. El segundo lugar lo ocup\u00f3 el equipo conformado por Luis Leonardo Callisaya Castillo, Elvira Zabala Bra\u00f1ez y Brandon Quisbert Yujra, quienes se hicieron acreedores de Bs 150.000. En tanto que, el tercer lugar fue para Salom\u00f3n Espejo Quispe, que se llev\u00f3 Bs 100.000.<br \/>\nEl proyecto ganador espera su estudio de dise\u00f1o t\u00e9cnico de preinversi\u00f3n y posteriormente buscar\u00e1 financiamiento para su ejecuci\u00f3n.<br \/>\nEl responsable de la empresa unipersonal de recibir los proyectos, Alan Vera Velasco, fue el encargado de anunciar a los tres finalistas tras una evaluaci\u00f3n que se hizo junto con un jurado calificador.<br \/>\nVera consider\u00f3 a la Ceja como el nodo \u201cm\u00e1s conflictivo\u201d del pa\u00eds y que, pese a que varias personas y autoridades intentaron intervenir con proyectos para mejorar la transitabilidad, no lo pudieron lograr.<br \/>\nEn total, se presentaron 25 proyectos al concurso y fueron evaluados por un jurado calificador conformado por representantes del Colegio de Arquitectos de Bolivia, Colegio de Arquitectos de La Paz, Colegio de Arquitectos de El Alto, la Alcald\u00eda de El Alto y la Sociedad de Ingenieros de Bolivia.<\/p>\n","protected":false},"excerpt":{"rendered":"<p>Con la elecci\u00f3n de tres proyectos, que ser\u00e1n premiados con medio mill\u00f3n de bolivianos, concluy\u00f3 el concurso de \u201cAnteproyectos de soluciones alternativas al tr\u00e1fico vehicular de la Ceja de El Alto\u201d. Los seleccionados son grupos de profesionales, entre arquitectos e ingenieros, quienes presentaron sus propuestas en maquetas. \u201cMedio mill\u00f3n de bolivianos entregar\u00e1 el hermano presidente [&hellip;]<\/p>\n","protected":false},"author":1,"featured_media":194726,"comment_status":"open","ping_status":"open","sticky":false,"template":"","format":"standard","meta":{"_acf_changed":false,"footnotes":""},"categories":[12],"tags":[],"class_list":["post-232994","post","type-post","status-publish","format-standard","has-post-thumbnail","category-nacional"],"acf":{"antetitulo":""},"yoast_head":"<!-- This site is optimized with the Yoast SEO plugin v28.4 - https:\/\/yoast.com\/product\/yoast-seo-wordpress\/ -->\n<title>Eligen tres proyectos que plantean soluci\u00f3n al tr\u00e1fico vehicular de la Ceja - El Diario - Bolivia<\/title>\n<meta name=\"robots\" content=\"index, follow, max-snippet:-1, max-image-preview:large, max-video-preview:-1\" \/>\n<link rel=\"canonical\" href=\"https:\/\/www.eldiario.net\/portal\/2024\/07\/10\/eligen-tres-proyectos-que-plantean-solucion-al-trafico-vehicular-de-la-ceja\/\" \/>\n<meta property=\"og:locale\" content=\"es_ES\" \/>\n<meta property=\"og:type\" content=\"article\" \/>\n<meta property=\"og:title\" content=\"Eligen tres proyectos que plantean soluci\u00f3n al tr\u00e1fico vehicular de la Ceja - El Diario - Bolivia\" \/>\n<meta property=\"og:description\" content=\"Con la elecci\u00f3n de tres proyectos, que ser\u00e1n premiados con medio mill\u00f3n de bolivianos, concluy\u00f3 el concurso de \u201cAnteproyectos de soluciones alternativas al tr\u00e1fico vehicular de la Ceja de El Alto\u201d. Los seleccionados son grupos de profesionales, entre arquitectos e ingenieros, quienes presentaron sus propuestas en maquetas. \u201cMedio mill\u00f3n de bolivianos entregar\u00e1 el hermano presidente [&hellip;]\" \/>\n<meta property=\"og:url\" content=\"https:\/\/www.eldiario.net\/portal\/2024\/07\/10\/eligen-tres-proyectos-que-plantean-solucion-al-trafico-vehicular-de-la-ceja\/\" \/>\n<meta property=\"og:site_name\" content=\"El Diario - Bolivia\" \/>\n<meta property=\"article:publisher\" content=\"https:\/\/www.facebook.com\/eldiario.bolivia\/\" \/>\n<meta property=\"article:published_time\" content=\"2024-07-10T10:01:45+00:00\" \/>\n<meta property=\"og:image\" content=\"https:\/\/www.eldiario.net\/portal\/wp-content\/uploads\/2023\/12\/Nacional.jpg\" \/>\n\t<meta property=\"og:image:width\" content=\"800\" \/>\n\t<meta property=\"og:image:height\" content=\"500\" \/>\n\t<meta property=\"og:image:type\" content=\"image\/jpeg\" \/>\n<meta name=\"author\" content=\"Jeanette\" \/>\n<meta name=\"twitter:card\" content=\"summary_large_image\" \/>\n<meta name=\"twitter:creator\" content=\"@eldiario_net\" \/>\n<meta name=\"twitter:site\" content=\"@eldiario_net\" \/>\n<meta name=\"twitter:label1\" content=\"Escrito por\" \/>\n\t<meta name=\"twitter:data1\" content=\"Jeanette\" \/>\n\t<meta name=\"twitter:label2\" content=\"Tiempo de lectura\" \/>\n\t<meta name=\"twitter:data2\" content=\"2 minutos\" \/>\n<script type=\"application\/ld+json\" class=\"yoast-schema-graph\">{\"@context\":\"https:\\\/\\\/schema.org\",\"@graph\":[{\"@type\":\"Article\",\"@id\":\"https:\\\/\\\/www.eldiario.net\\\/portal\\\/2024\\\/07\\\/10\\\/eligen-tres-proyectos-que-plantean-solucion-al-trafico-vehicular-de-la-ceja\\\/#article\",\"isPartOf\":{\"@id\":\"https:\\\/\\\/www.eldiario.net\\\/portal\\\/2024\\\/07\\\/10\\\/eligen-tres-proyectos-que-plantean-solucion-al-trafico-vehicular-de-la-ceja\\\/\"},\"author\":{\"name\":\"Jeanette\",\"@id\":\"https:\\\/\\\/www.eldiario.net\\\/portal\\\/#\\\/schema\\\/person\\\/f46445640444750d7d753ccd04ae01b7\"},\"headline\":\"Eligen tres proyectos que plantean soluci\u00f3n al tr\u00e1fico vehicular de la Ceja\",\"datePublished\":\"2024-07-10T10:01:45+00:00\",\"mainEntityOfPage\":{\"@id\":\"https:\\\/\\\/www.eldiario.net\\\/portal\\\/2024\\\/07\\\/10\\\/eligen-tres-proyectos-que-plantean-solucion-al-trafico-vehicular-de-la-ceja\\\/\"},\"wordCount\":320,\"commentCount\":0,\"publisher\":{\"@id\":\"https:\\\/\\\/www.eldiario.net\\\/portal\\\/#organization\"},\"image\":{\"@id\":\"https:\\\/\\\/www.eldiario.net\\\/portal\\\/2024\\\/07\\\/10\\\/eligen-tres-proyectos-que-plantean-solucion-al-trafico-vehicular-de-la-ceja\\\/#primaryimage\"},\"thumbnailUrl\":\"https:\\\/\\\/www.eldiario.net\\\/portal\\\/wp-content\\\/uploads\\\/2023\\\/12\\\/Nacional.jpg\",\"articleSection\":[\"Nacional\"],\"inLanguage\":\"es\",\"potentialAction\":[{\"@type\":\"CommentAction\",\"name\":\"Comment\",\"target\":[\"https:\\\/\\\/www.eldiario.net\\\/portal\\\/2024\\\/07\\\/10\\\/eligen-tres-proyectos-que-plantean-solucion-al-trafico-vehicular-de-la-ceja\\\/#respond\"]}]},{\"@type\":\"WebPage\",\"@id\":\"https:\\\/\\\/www.eldiario.net\\\/portal\\\/2024\\\/07\\\/10\\\/eligen-tres-proyectos-que-plantean-solucion-al-trafico-vehicular-de-la-ceja\\\/\",\"url\":\"https:\\\/\\\/www.eldiario.net\\\/portal\\\/2024\\\/07\\\/10\\\/eligen-tres-proyectos-que-plantean-solucion-al-trafico-vehicular-de-la-ceja\\\/\",\"name\":\"Eligen tres proyectos que plantean soluci\u00f3n al tr\u00e1fico vehicular de la Ceja - El Diario - Bolivia\",\"isPartOf\":{\"@id\":\"https:\\\/\\\/www.eldiario.net\\\/portal\\\/#website\"},\"primaryImageOfPage\":{\"@id\":\"https:\\\/\\\/www.eldiario.net\\\/portal\\\/2024\\\/07\\\/10\\\/eligen-tres-proyectos-que-plantean-solucion-al-trafico-vehicular-de-la-ceja\\\/#primaryimage\"},\"image\":{\"@id\":\"https:\\\/\\\/www.eldiario.net\\\/portal\\\/2024\\\/07\\\/10\\\/eligen-tres-proyectos-que-plantean-solucion-al-trafico-vehicular-de-la-ceja\\\/#primaryimage\"},\"thumbnailUrl\":\"https:\\\/\\\/www.eldiario.net\\\/portal\\\/wp-content\\\/uploads\\\/2023\\\/12\\\/Nacional.jpg\",\"datePublished\":\"2024-07-10T10:01:45+00:00\",\"breadcrumb\":{\"@id\":\"https:\\\/\\\/www.eldiario.net\\\/portal\\\/2024\\\/07\\\/10\\\/eligen-tres-proyectos-que-plantean-solucion-al-trafico-vehicular-de-la-ceja\\\/#breadcrumb\"},\"inLanguage\":\"es\",\"potentialAction\":[{\"@type\":\"ReadAction\",\"target\":[\"https:\\\/\\\/www.eldiario.net\\\/portal\\\/2024\\\/07\\\/10\\\/eligen-tres-proyectos-que-plantean-solucion-al-trafico-vehicular-de-la-ceja\\\/\"]}]},{\"@type\":\"ImageObject\",\"inLanguage\":\"es\",\"@id\":\"https:\\\/\\\/www.eldiario.net\\\/portal\\\/2024\\\/07\\\/10\\\/eligen-tres-proyectos-que-plantean-solucion-al-trafico-vehicular-de-la-ceja\\\/#primaryimage\",\"url\":\"https:\\\/\\\/www.eldiario.net\\\/portal\\\/wp-content\\\/uploads\\\/2023\\\/12\\\/Nacional.jpg\",\"contentUrl\":\"https:\\\/\\\/www.eldiario.net\\\/portal\\\/wp-content\\\/uploads\\\/2023\\\/12\\\/Nacional.jpg\",\"width\":800,\"height\":500},{\"@type\":\"BreadcrumbList\",\"@id\":\"https:\\\/\\\/www.eldiario.net\\\/portal\\\/2024\\\/07\\\/10\\\/eligen-tres-proyectos-que-plantean-solucion-al-trafico-vehicular-de-la-ceja\\\/#breadcrumb\",\"itemListElement\":[{\"@type\":\"ListItem\",\"position\":1,\"name\":\"Portada\",\"item\":\"https:\\\/\\\/www.eldiario.net\\\/portal\\\/\"},{\"@type\":\"ListItem\",\"position\":2,\"name\":\"Eligen tres proyectos que plantean soluci\u00f3n al tr\u00e1fico vehicular de la Ceja\"}]},{\"@type\":\"WebSite\",\"@id\":\"https:\\\/\\\/www.eldiario.net\\\/portal\\\/#website\",\"url\":\"https:\\\/\\\/www.eldiario.net\\\/portal\\\/\",\"name\":\"El Diario - Decano de la prensa nacional\",\"description\":\"El Diario - Decano de la prensa nacional\",\"publisher\":{\"@id\":\"https:\\\/\\\/www.eldiario.net\\\/portal\\\/#organization\"},\"potentialAction\":[{\"@type\":\"SearchAction\",\"target\":{\"@type\":\"EntryPoint\",\"urlTemplate\":\"https:\\\/\\\/www.eldiario.net\\\/portal\\\/?s={search_term_string}\"},\"query-input\":{\"@type\":\"PropertyValueSpecification\",\"valueRequired\":true,\"valueName\":\"search_term_string\"}}],\"inLanguage\":\"es\"},{\"@type\":\"Organization\",\"@id\":\"https:\\\/\\\/www.eldiario.net\\\/portal\\\/#organization\",\"name\":\"El Diario - Decano de la prensa nacional\",\"url\":\"https:\\\/\\\/www.eldiario.net\\\/portal\\\/\",\"logo\":{\"@type\":\"ImageObject\",\"inLanguage\":\"es\",\"@id\":\"https:\\\/\\\/www.eldiario.net\\\/portal\\\/#\\\/schema\\\/logo\\\/image\\\/\",\"url\":\"https:\\\/\\\/www.eldiario.net\\\/portal\\\/wp-content\\\/uploads\\\/2023\\\/07\\\/logo_ED.jpg\",\"contentUrl\":\"https:\\\/\\\/www.eldiario.net\\\/portal\\\/wp-content\\\/uploads\\\/2023\\\/07\\\/logo_ED.jpg\",\"width\":272,\"height\":52,\"caption\":\"El Diario - Decano de la prensa nacional\"},\"image\":{\"@id\":\"https:\\\/\\\/www.eldiario.net\\\/portal\\\/#\\\/schema\\\/logo\\\/image\\\/\"},\"sameAs\":[\"https:\\\/\\\/www.facebook.com\\\/eldiario.bolivia\\\/\",\"https:\\\/\\\/x.com\\\/eldiario_net\"]},{\"@type\":\"Person\",\"@id\":\"https:\\\/\\\/www.eldiario.net\\\/portal\\\/#\\\/schema\\\/person\\\/f46445640444750d7d753ccd04ae01b7\",\"name\":\"Jeanette\",\"image\":{\"@type\":\"ImageObject\",\"inLanguage\":\"es\",\"@id\":\"https:\\\/\\\/secure.gravatar.com\\\/avatar\\\/3ea2118a5f7dad2b7138b1187a6b7ee55f160b9968b66013c3a3ef39dd7e5798?s=96&d=mm&r=g\",\"url\":\"https:\\\/\\\/secure.gravatar.com\\\/avatar\\\/3ea2118a5f7dad2b7138b1187a6b7ee55f160b9968b66013c3a3ef39dd7e5798?s=96&d=mm&r=g\",\"contentUrl\":\"https:\\\/\\\/secure.gravatar.com\\\/avatar\\\/3ea2118a5f7dad2b7138b1187a6b7ee55f160b9968b66013c3a3ef39dd7e5798?s=96&d=mm&r=g\",\"caption\":\"Jeanette\"},\"sameAs\":[\"https:\\\/\\\/www.eldiario.net\\\/portal\"],\"url\":\"https:\\\/\\\/www.eldiario.net\\\/portal\\\/author\\\/jeanette\\\/\"}]}<\/script>\n<!-- \/ Yoast SEO plugin. -->","yoast_head_json":{"title":"Eligen tres proyectos que plantean soluci\u00f3n al tr\u00e1fico vehicular de la Ceja - El Diario - Bolivia","robots":{"index":"index","follow":"follow","max-snippet":"max-snippet:-1","max-image-preview":"max-image-preview:large","max-video-preview":"max-video-preview:-1"},"canonical":"https:\/\/www.eldiario.net\/portal\/2024\/07\/10\/eligen-tres-proyectos-que-plantean-solucion-al-trafico-vehicular-de-la-ceja\/","og_locale":"es_ES","og_type":"article","og_title":"Eligen tres proyectos que plantean soluci\u00f3n al tr\u00e1fico vehicular de la Ceja - El Diario - Bolivia","og_description":"Con la elecci\u00f3n de tres proyectos, que ser\u00e1n premiados con medio mill\u00f3n de bolivianos, concluy\u00f3 el concurso de \u201cAnteproyectos de soluciones alternativas al tr\u00e1fico vehicular de la Ceja de El Alto\u201d. Los seleccionados son grupos de profesionales, entre arquitectos e ingenieros, quienes presentaron sus propuestas en maquetas. \u201cMedio mill\u00f3n de bolivianos entregar\u00e1 el hermano presidente [&hellip;]","og_url":"https:\/\/www.eldiario.net\/portal\/2024\/07\/10\/eligen-tres-proyectos-que-plantean-solucion-al-trafico-vehicular-de-la-ceja\/","og_site_name":"El Diario - Bolivia","article_publisher":"https:\/\/www.facebook.com\/eldiario.bolivia\/","article_published_time":"2024-07-10T10:01:45+00:00","og_image":[{"width":800,"height":500,"url":"https:\/\/www.eldiario.net\/portal\/wp-content\/uploads\/2023\/12\/Nacional.jpg","type":"image\/jpeg"}],"author":"Jeanette","twitter_card":"summary_large_image","twitter_creator":"@eldiario_net","twitter_site":"@eldiario_net","twitter_misc":{"Escrito por":"Jeanette","Tiempo de lectura":"2 minutos"},"schema":{"@context":"https:\/\/schema.org","@graph":[{"@type":"Article","@id":"https:\/\/www.eldiario.net\/portal\/2024\/07\/10\/eligen-tres-proyectos-que-plantean-solucion-al-trafico-vehicular-de-la-ceja\/#article","isPartOf":{"@id":"https:\/\/www.eldiario.net\/portal\/2024\/07\/10\/eligen-tres-proyectos-que-plantean-solucion-al-trafico-vehicular-de-la-ceja\/"},"author":{"name":"Jeanette","@id":"https:\/\/www.eldiario.net\/portal\/#\/schema\/person\/f46445640444750d7d753ccd04ae01b7"},"headline":"Eligen tres proyectos que plantean soluci\u00f3n al tr\u00e1fico vehicular de la Ceja","datePublished":"2024-07-10T10:01:45+00:00","mainEntityOfPage":{"@id":"https:\/\/www.eldiario.net\/portal\/2024\/07\/10\/eligen-tres-proyectos-que-plantean-solucion-al-trafico-vehicular-de-la-ceja\/"},"wordCount":320,"commentCount":0,"publisher":{"@id":"https:\/\/www.eldiario.net\/portal\/#organization"},"image":{"@id":"https:\/\/www.eldiario.net\/portal\/2024\/07\/10\/eligen-tres-proyectos-que-plantean-solucion-al-trafico-vehicular-de-la-ceja\/#primaryimage"},"thumbnailUrl":"https:\/\/www.eldiario.net\/portal\/wp-content\/uploads\/2023\/12\/Nacional.jpg","articleSection":["Nacional"],"inLanguage":"es","potentialAction":[{"@type":"CommentAction","name":"Comment","target":["https:\/\/www.eldiario.net\/portal\/2024\/07\/10\/eligen-tres-proyectos-que-plantean-solucion-al-trafico-vehicular-de-la-ceja\/#respond"]}]},{"@type":"WebPage","@id":"https:\/\/www.eldiario.net\/portal\/2024\/07\/10\/eligen-tres-proyectos-que-plantean-solucion-al-trafico-vehicular-de-la-ceja\/","url":"https:\/\/www.eldiario.net\/portal\/2024\/07\/10\/eligen-tres-proyectos-que-plantean-solucion-al-trafico-vehicular-de-la-ceja\/","name":"Eligen tres proyectos que plantean soluci\u00f3n al tr\u00e1fico vehicular de la Ceja - El Diario - Bolivia","isPartOf":{"@id":"https:\/\/www.eldiario.net\/portal\/#website"},"primaryImageOfPage":{"@id":"https:\/\/www.eldiario.net\/portal\/2024\/07\/10\/eligen-tres-proyectos-que-plantean-solucion-al-trafico-vehicular-de-la-ceja\/#primaryimage"},"image":{"@id":"https:\/\/www.eldiario.net\/portal\/2024\/07\/10\/eligen-tres-proyectos-que-plantean-solucion-al-trafico-vehicular-de-la-ceja\/#primaryimage"},"thumbnailUrl":"https:\/\/www.eldiario.net\/portal\/wp-content\/uploads\/2023\/12\/Nacional.jpg","datePublished":"2024-07-10T10:01:45+00:00","breadcrumb":{"@id":"https:\/\/www.eldiario.net\/portal\/2024\/07\/10\/eligen-tres-proyectos-que-plantean-solucion-al-trafico-vehicular-de-la-ceja\/#breadcrumb"},"inLanguage":"es","potentialAction":[{"@type":"ReadAction","target":["https:\/\/www.eldiario.net\/portal\/2024\/07\/10\/eligen-tres-proyectos-que-plantean-solucion-al-trafico-vehicular-de-la-ceja\/"]}]},{"@type":"ImageObject","inLanguage":"es","@id":"https:\/\/www.eldiario.net\/portal\/2024\/07\/10\/eligen-tres-proyectos-que-plantean-solucion-al-trafico-vehicular-de-la-ceja\/#primaryimage","url":"https:\/\/www.eldiario.net\/portal\/wp-content\/uploads\/2023\/12\/Nacional.jpg","contentUrl":"https:\/\/www.eldiario.net\/portal\/wp-content\/uploads\/2023\/12\/Nacional.jpg","width":800,"height":500},{"@type":"BreadcrumbList","@id":"https:\/\/www.eldiario.net\/portal\/2024\/07\/10\/eligen-tres-proyectos-que-plantean-solucion-al-trafico-vehicular-de-la-ceja\/#breadcrumb","itemListElement":[{"@type":"ListItem","position":1,"name":"Portada","item":"https:\/\/www.eldiario.net\/portal\/"},{"@type":"ListItem","position":2,"name":"Eligen tres proyectos que plantean soluci\u00f3n al tr\u00e1fico vehicular de la Ceja"}]},{"@type":"WebSite","@id":"https:\/\/www.eldiario.net\/portal\/#website","url":"https:\/\/www.eldiario.net\/portal\/","name":"El Diario - Decano de la prensa nacional","description":"El Diario - Decano de la prensa nacional","publisher":{"@id":"https:\/\/www.eldiario.net\/portal\/#organization"},"potentialAction":[{"@type":"SearchAction","target":{"@type":"EntryPoint","urlTemplate":"https:\/\/www.eldiario.net\/portal\/?s={search_term_string}"},"query-input":{"@type":"PropertyValueSpecification","valueRequired":true,"valueName":"search_term_string"}}],"inLanguage":"es"},{"@type":"Organization","@id":"https:\/\/www.eldiario.net\/portal\/#organization","name":"El Diario - Decano de la prensa nacional","url":"https:\/\/www.eldiario.net\/portal\/","logo":{"@type":"ImageObject","inLanguage":"es","@id":"https:\/\/www.eldiario.net\/portal\/#\/schema\/logo\/image\/","url":"https:\/\/www.eldiario.net\/portal\/wp-content\/uploads\/2023\/07\/logo_ED.jpg","contentUrl":"https:\/\/www.eldiario.net\/portal\/wp-content\/uploads\/2023\/07\/logo_ED.jpg","width":272,"height":52,"caption":"El Diario - Decano de la prensa nacional"},"image":{"@id":"https:\/\/www.eldiario.net\/portal\/#\/schema\/logo\/image\/"},"sameAs":["https:\/\/www.facebook.com\/eldiario.bolivia\/","https:\/\/x.com\/eldiario_net"]},{"@type":"Person","@id":"https:\/\/www.eldiario.net\/portal\/#\/schema\/person\/f46445640444750d7d753ccd04ae01b7","name":"Jeanette","image":{"@type":"ImageObject","inLanguage":"es","@id":"https:\/\/secure.gravatar.com\/avatar\/3ea2118a5f7dad2b7138b1187a6b7ee55f160b9968b66013c3a3ef39dd7e5798?s=96&d=mm&r=g","url":"https:\/\/secure.gravatar.com\/avatar\/3ea2118a5f7dad2b7138b1187a6b7ee55f160b9968b66013c3a3ef39dd7e5798?s=96&d=mm&r=g","contentUrl":"https:\/\/secure.gravatar.com\/avatar\/3ea2118a5f7dad2b7138b1187a6b7ee55f160b9968b66013c3a3ef39dd7e5798?s=96&d=mm&r=g","caption":"Jeanette"},"sameAs":["https:\/\/www.eldiario.net\/portal"],"url":"https:\/\/www.eldiario.net\/portal\/author\/jeanette\/"}]}},"_links":{"self":[{"href":"https:\/\/www.eldiario.net\/portal\/wp-json\/wp\/v2\/posts\/232994","targetHints":{"allow":["GET"]}}],"collection":[{"href":"https:\/\/www.eldiario.net\/portal\/wp-json\/wp\/v2\/posts"}],"about":[{"href":"https:\/\/www.eldiario.net\/portal\/wp-json\/wp\/v2\/types\/post"}],"author":[{"embeddable":true,"href":"https:\/\/www.eldiario.net\/portal\/wp-json\/wp\/v2\/users\/1"}],"replies":[{"embeddable":true,"href":"https:\/\/www.eldiario.net\/portal\/wp-json\/wp\/v2\/comments?post=232994"}],"version-history":[{"count":1,"href":"https:\/\/www.eldiario.net\/portal\/wp-json\/wp\/v2\/posts\/232994\/revisions"}],"predecessor-version":[{"id":232995,"href":"https:\/\/www.eldiario.net\/portal\/wp-json\/wp\/v2\/posts\/232994\/revisions\/232995"}],"wp:featuredmedia":[{"embeddable":true,"href":"https:\/\/www.eldiario.net\/portal\/wp-json\/wp\/v2\/media\/194726"}],"wp:attachment":[{"href":"https:\/\/www.eldiario.net\/portal\/wp-json\/wp\/v2\/media?parent=232994"}],"wp:term":[{"taxonomy":"category","embeddable":true,"href":"https:\/\/www.eldiario.net\/portal\/wp-json\/wp\/v2\/categories?post=232994"},{"taxonomy":"post_tag","embeddable":true,"href":"https:\/\/www.eldiario.net\/portal\/wp-json\/wp\/v2\/tags?post=232994"}],"curies":[{"name":"wp","href":"https:\/\/api.w.org\/{rel}","templated":true}]}}