{"id":232988,"date":"2024-07-10T05:59:57","date_gmt":"2024-07-10T09:59:57","guid":{"rendered":"https:\/\/www.eldiario.net\/portal\/?p=232988"},"modified":"2024-07-10T05:59:57","modified_gmt":"2024-07-10T09:59:57","slug":"la-tierra-es-el-planeta-azul-gracias-a-asteroides-tardios","status":"publish","type":"post","link":"https:\/\/www.eldiario.net\/portal\/2024\/07\/10\/la-tierra-es-el-planeta-azul-gracias-a-asteroides-tardios\/","title":{"rendered":"La Tierra es el \u201cPlaneta Azul\u201d  gracias a asteroides tard\u00edos"},"content":{"rendered":"<p>Que asteroides distantes trajeran agua a la Tierra solo fue posible porque los componentes b\u00e1sicos del Sistema Solar, ricos en agua, se formaron m\u00e1s tarde, m\u00e1s despacio y a temperaturas m\u00e1s bajas.<br \/>\nPor el contrario, los planetesimales m\u00e1s cercanos al centro del Sistema Solar conten\u00edan poca o ninguna agua o hielo porque se formaron m\u00e1s r\u00e1pidamente y a temperaturas m\u00e1s altas. La Tierra se convirti\u00f3 en el Planeta Azul gracias a los planetesimales que se formaron relativamente tarde y lejos del Sol, seg\u00fan concluye un nuevo estudio publicado en la revista Scientific Reports.<br \/>\n\u201cSi no se hubiera producido este retraso en la formaci\u00f3n de los planetesimales, hoy la Tierra ser\u00eda un planeta completamente seco\u201d, afirma el autor principal Wladimir Neumann, del Instituto de Investigaci\u00f3n Planetaria del DLR (Agencia Espacial Alemana).<br \/>\n\u201cEn pocas palabras, la distancia a la que se encontraban respecto del Sol en el momento de su formaci\u00f3n fue decisiva para la composici\u00f3n de los planetesimales\u201d. En el lejano disco de polvo y gas, los planetesimales se formaron algo m\u00e1s tarde y m\u00e1s lentamente que en el Sistema Solar interior, un fen\u00f3meno cr\u00edtico que se repiti\u00f3 una y otra vez. \u201cLos planetesimales tard\u00edos no se calentaron tanto y por lo tanto, no perdieron el agua que conten\u00edan\u201d, contin\u00faa Neumann.<br \/>\n\u201cM\u00e1s tarde, muchos de estos planetesimales ricos en agua llegaron al Sistema Solar interior, probablemente trayendo grandes cantidades de agua a la Tierra\u201d. Tambi\u00e9n es posible que as\u00ed fuera como nuestro vecino planetario exterior, Marte, adquiriera el agua que desde entonces perdi\u00f3 casi por completo, pero cuyos rastros todav\u00eda se pueden ver hoy en d\u00eda. Se sugiri\u00f3 que Venus tambi\u00e9n pudo haber tenido agua durante varios cientos de millones de a\u00f1os en sus etapas iniciales.<br \/>\nSeg\u00fan los est\u00e1ndares astron\u00f3micos, las cosas sucedieron muy r\u00e1pidamente durante el per\u00edodo m\u00e1s temprano del Sistema Solar. Despu\u00e9s de la explosi\u00f3n de dos o m\u00e1s estrellas quemadas en uno de los brazos espirales de la V\u00eda L\u00e1ctea, los gases de los restos de estas supernovas se condensaron para formar una nueva estrella. Hace unos 4.500 millones de a\u00f1os, hab\u00eda acumulado tanta masa que los \u00e1tomos de hidr\u00f3geno se fusionaron en helio en su interior, generando energ\u00eda. La nueva estrella que se form\u00f3 fue el Sol, orbitado por un disco de acreci\u00f3n formado por el polvo y el gas que quedaron de este proceso y que se extiende miles de millones de kil\u00f3metros en el espacio.<br \/>\nLos bloques de construcci\u00f3n de los planetas se crearon dentro del disco de acreci\u00f3n. Los meteoritos, fragmentos de cuerpos progenitores que se formaron en ese momento, dan testimonio de ello. Alrededor del 86 por ciento de los meteoritos son condritas, que a su vez contienen c\u00f3ndrulos, o peque\u00f1as esferas. Los c\u00f3ndrulos se formaron en el disco protoplanetario en diferentes momentos a lo largo de unos pocos millones de a\u00f1os, cuando el material se calent\u00f3 y fundi\u00f3 s\u00fabitamente, formando gotitas. Luego, las gotitas se solidificaron y se agruparon con polvo y gases, incluido el agua, para formar cuerpos m\u00e1s grandes.<br \/>\nEl Sol se \u201cencendi\u00f3\u201d hace 4.567 millones de a\u00f1os, y los planetas terminaron de formarse relativamente pronto despu\u00e9s de eso. Pero como todav\u00eda quedaban innumerables cuerpos peque\u00f1os, fueron tiempos muy turbulentos en el Sistema Solar, con los planetas j\u00f3venes asediados por frecuentes impactos de asteroides y cometas. En particular, es probable que los asteroides de la zona exterior del cintur\u00f3n de asteroides principal entre Marte y J\u00fapiter, que se formaron m\u00e1s all\u00e1 de una distancia del Sol conocida como la \u201cl\u00ednea de nieve\u201d, hayan suministrado a la Tierra grandes cantidades de agua. Durante mucho tiempo no se supo con certeza c\u00f3mo hab\u00eda llegado el agua a los planetesimales. (Europa Press)<\/p>\n","protected":false},"excerpt":{"rendered":"<p>Que asteroides distantes trajeran agua a la Tierra solo fue posible porque los componentes b\u00e1sicos del Sistema Solar, ricos en agua, se formaron m\u00e1s tarde, m\u00e1s despacio y a temperaturas m\u00e1s bajas. Por el contrario, los planetesimales m\u00e1s cercanos al centro del Sistema Solar conten\u00edan poca o ninguna agua o hielo porque se formaron m\u00e1s [&hellip;]<\/p>\n","protected":false},"author":1,"featured_media":232989,"comment_status":"open","ping_status":"open","sticky":false,"template":"","format":"standard","meta":{"_acf_changed":false,"footnotes":""},"categories":[3],"tags":[],"class_list":["post-232988","post","type-post","status-publish","format-standard","has-post-thumbnail","category-internacional"],"acf":{"antetitulo":"Formados lejos del Sol"},"yoast_head":"<!-- This site is optimized with the Yoast SEO plugin v28.4 - https:\/\/yoast.com\/product\/yoast-seo-wordpress\/ -->\n<title>La Tierra es el \u201cPlaneta Azul\u201d gracias a asteroides tard\u00edos - El Diario - Bolivia<\/title>\n<meta name=\"robots\" content=\"index, follow, max-snippet:-1, max-image-preview:large, max-video-preview:-1\" \/>\n<link rel=\"canonical\" href=\"https:\/\/www.eldiario.net\/portal\/2024\/07\/10\/la-tierra-es-el-planeta-azul-gracias-a-asteroides-tardios\/\" \/>\n<meta property=\"og:locale\" content=\"es_ES\" \/>\n<meta property=\"og:type\" content=\"article\" \/>\n<meta property=\"og:title\" content=\"La Tierra es el \u201cPlaneta Azul\u201d gracias a asteroides tard\u00edos - El Diario - Bolivia\" \/>\n<meta property=\"og:description\" content=\"Que asteroides distantes trajeran agua a la Tierra solo fue posible porque los componentes b\u00e1sicos del Sistema Solar, ricos en agua, se formaron m\u00e1s tarde, m\u00e1s despacio y a temperaturas m\u00e1s bajas. Por el contrario, los planetesimales m\u00e1s cercanos al centro del Sistema Solar conten\u00edan poca o ninguna agua o hielo porque se formaron m\u00e1s [&hellip;]\" \/>\n<meta property=\"og:url\" content=\"https:\/\/www.eldiario.net\/portal\/2024\/07\/10\/la-tierra-es-el-planeta-azul-gracias-a-asteroides-tardios\/\" \/>\n<meta property=\"og:site_name\" content=\"El Diario - Bolivia\" \/>\n<meta property=\"article:publisher\" content=\"https:\/\/www.facebook.com\/eldiario.bolivia\/\" \/>\n<meta property=\"article:published_time\" content=\"2024-07-10T09:59:57+00:00\" \/>\n<meta property=\"og:image\" content=\"https:\/\/www.eldiario.net\/portal\/wp-content\/uploads\/2024\/07\/METEORO.jpg\" \/>\n\t<meta property=\"og:image:width\" content=\"1000\" \/>\n\t<meta property=\"og:image:height\" content=\"584\" \/>\n\t<meta property=\"og:image:type\" content=\"image\/jpeg\" \/>\n<meta name=\"author\" content=\"Jeanette\" \/>\n<meta name=\"twitter:card\" content=\"summary_large_image\" \/>\n<meta name=\"twitter:creator\" content=\"@eldiario_net\" \/>\n<meta name=\"twitter:site\" content=\"@eldiario_net\" \/>\n<meta name=\"twitter:label1\" content=\"Escrito por\" \/>\n\t<meta name=\"twitter:data1\" content=\"Jeanette\" \/>\n\t<meta name=\"twitter:label2\" content=\"Tiempo de lectura\" \/>\n\t<meta name=\"twitter:data2\" content=\"3 minutos\" \/>\n<script type=\"application\/ld+json\" class=\"yoast-schema-graph\">{\"@context\":\"https:\\\/\\\/schema.org\",\"@graph\":[{\"@type\":\"Article\",\"@id\":\"https:\\\/\\\/www.eldiario.net\\\/portal\\\/2024\\\/07\\\/10\\\/la-tierra-es-el-planeta-azul-gracias-a-asteroides-tardios\\\/#article\",\"isPartOf\":{\"@id\":\"https:\\\/\\\/www.eldiario.net\\\/portal\\\/2024\\\/07\\\/10\\\/la-tierra-es-el-planeta-azul-gracias-a-asteroides-tardios\\\/\"},\"author\":{\"name\":\"Jeanette\",\"@id\":\"https:\\\/\\\/www.eldiario.net\\\/portal\\\/#\\\/schema\\\/person\\\/f46445640444750d7d753ccd04ae01b7\"},\"headline\":\"La Tierra es el \u201cPlaneta Azul\u201d gracias a asteroides tard\u00edos\",\"datePublished\":\"2024-07-10T09:59:57+00:00\",\"mainEntityOfPage\":{\"@id\":\"https:\\\/\\\/www.eldiario.net\\\/portal\\\/2024\\\/07\\\/10\\\/la-tierra-es-el-planeta-azul-gracias-a-asteroides-tardios\\\/\"},\"wordCount\":681,\"commentCount\":0,\"publisher\":{\"@id\":\"https:\\\/\\\/www.eldiario.net\\\/portal\\\/#organization\"},\"image\":{\"@id\":\"https:\\\/\\\/www.eldiario.net\\\/portal\\\/2024\\\/07\\\/10\\\/la-tierra-es-el-planeta-azul-gracias-a-asteroides-tardios\\\/#primaryimage\"},\"thumbnailUrl\":\"https:\\\/\\\/www.eldiario.net\\\/portal\\\/wp-content\\\/uploads\\\/2024\\\/07\\\/METEORO.jpg\",\"articleSection\":[\"Internacional\"],\"inLanguage\":\"es\",\"potentialAction\":[{\"@type\":\"CommentAction\",\"name\":\"Comment\",\"target\":[\"https:\\\/\\\/www.eldiario.net\\\/portal\\\/2024\\\/07\\\/10\\\/la-tierra-es-el-planeta-azul-gracias-a-asteroides-tardios\\\/#respond\"]}]},{\"@type\":\"WebPage\",\"@id\":\"https:\\\/\\\/www.eldiario.net\\\/portal\\\/2024\\\/07\\\/10\\\/la-tierra-es-el-planeta-azul-gracias-a-asteroides-tardios\\\/\",\"url\":\"https:\\\/\\\/www.eldiario.net\\\/portal\\\/2024\\\/07\\\/10\\\/la-tierra-es-el-planeta-azul-gracias-a-asteroides-tardios\\\/\",\"name\":\"La Tierra es el \u201cPlaneta Azul\u201d gracias a asteroides tard\u00edos - El Diario - Bolivia\",\"isPartOf\":{\"@id\":\"https:\\\/\\\/www.eldiario.net\\\/portal\\\/#website\"},\"primaryImageOfPage\":{\"@id\":\"https:\\\/\\\/www.eldiario.net\\\/portal\\\/2024\\\/07\\\/10\\\/la-tierra-es-el-planeta-azul-gracias-a-asteroides-tardios\\\/#primaryimage\"},\"image\":{\"@id\":\"https:\\\/\\\/www.eldiario.net\\\/portal\\\/2024\\\/07\\\/10\\\/la-tierra-es-el-planeta-azul-gracias-a-asteroides-tardios\\\/#primaryimage\"},\"thumbnailUrl\":\"https:\\\/\\\/www.eldiario.net\\\/portal\\\/wp-content\\\/uploads\\\/2024\\\/07\\\/METEORO.jpg\",\"datePublished\":\"2024-07-10T09:59:57+00:00\",\"breadcrumb\":{\"@id\":\"https:\\\/\\\/www.eldiario.net\\\/portal\\\/2024\\\/07\\\/10\\\/la-tierra-es-el-planeta-azul-gracias-a-asteroides-tardios\\\/#breadcrumb\"},\"inLanguage\":\"es\",\"potentialAction\":[{\"@type\":\"ReadAction\",\"target\":[\"https:\\\/\\\/www.eldiario.net\\\/portal\\\/2024\\\/07\\\/10\\\/la-tierra-es-el-planeta-azul-gracias-a-asteroides-tardios\\\/\"]}]},{\"@type\":\"ImageObject\",\"inLanguage\":\"es\",\"@id\":\"https:\\\/\\\/www.eldiario.net\\\/portal\\\/2024\\\/07\\\/10\\\/la-tierra-es-el-planeta-azul-gracias-a-asteroides-tardios\\\/#primaryimage\",\"url\":\"https:\\\/\\\/www.eldiario.net\\\/portal\\\/wp-content\\\/uploads\\\/2024\\\/07\\\/METEORO.jpg\",\"contentUrl\":\"https:\\\/\\\/www.eldiario.net\\\/portal\\\/wp-content\\\/uploads\\\/2024\\\/07\\\/METEORO.jpg\",\"width\":1000,\"height\":584,\"caption\":\"el METEORITO RECOGIDO EN ALEMANIA, EN 2019, MUESTRA RARA CONDRITA DE TIPO C1.\"},{\"@type\":\"BreadcrumbList\",\"@id\":\"https:\\\/\\\/www.eldiario.net\\\/portal\\\/2024\\\/07\\\/10\\\/la-tierra-es-el-planeta-azul-gracias-a-asteroides-tardios\\\/#breadcrumb\",\"itemListElement\":[{\"@type\":\"ListItem\",\"position\":1,\"name\":\"Portada\",\"item\":\"https:\\\/\\\/www.eldiario.net\\\/portal\\\/\"},{\"@type\":\"ListItem\",\"position\":2,\"name\":\"La Tierra es el \u201cPlaneta Azul\u201d gracias a asteroides tard\u00edos\"}]},{\"@type\":\"WebSite\",\"@id\":\"https:\\\/\\\/www.eldiario.net\\\/portal\\\/#website\",\"url\":\"https:\\\/\\\/www.eldiario.net\\\/portal\\\/\",\"name\":\"El Diario - Decano de la prensa nacional\",\"description\":\"El Diario - Decano de la prensa nacional\",\"publisher\":{\"@id\":\"https:\\\/\\\/www.eldiario.net\\\/portal\\\/#organization\"},\"potentialAction\":[{\"@type\":\"SearchAction\",\"target\":{\"@type\":\"EntryPoint\",\"urlTemplate\":\"https:\\\/\\\/www.eldiario.net\\\/portal\\\/?s={search_term_string}\"},\"query-input\":{\"@type\":\"PropertyValueSpecification\",\"valueRequired\":true,\"valueName\":\"search_term_string\"}}],\"inLanguage\":\"es\"},{\"@type\":\"Organization\",\"@id\":\"https:\\\/\\\/www.eldiario.net\\\/portal\\\/#organization\",\"name\":\"El Diario - Decano de la prensa nacional\",\"url\":\"https:\\\/\\\/www.eldiario.net\\\/portal\\\/\",\"logo\":{\"@type\":\"ImageObject\",\"inLanguage\":\"es\",\"@id\":\"https:\\\/\\\/www.eldiario.net\\\/portal\\\/#\\\/schema\\\/logo\\\/image\\\/\",\"url\":\"https:\\\/\\\/www.eldiario.net\\\/portal\\\/wp-content\\\/uploads\\\/2023\\\/07\\\/logo_ED.jpg\",\"contentUrl\":\"https:\\\/\\\/www.eldiario.net\\\/portal\\\/wp-content\\\/uploads\\\/2023\\\/07\\\/logo_ED.jpg\",\"width\":272,\"height\":52,\"caption\":\"El Diario - Decano de la prensa nacional\"},\"image\":{\"@id\":\"https:\\\/\\\/www.eldiario.net\\\/portal\\\/#\\\/schema\\\/logo\\\/image\\\/\"},\"sameAs\":[\"https:\\\/\\\/www.facebook.com\\\/eldiario.bolivia\\\/\",\"https:\\\/\\\/x.com\\\/eldiario_net\"]},{\"@type\":\"Person\",\"@id\":\"https:\\\/\\\/www.eldiario.net\\\/portal\\\/#\\\/schema\\\/person\\\/f46445640444750d7d753ccd04ae01b7\",\"name\":\"Jeanette\",\"image\":{\"@type\":\"ImageObject\",\"inLanguage\":\"es\",\"@id\":\"https:\\\/\\\/secure.gravatar.com\\\/avatar\\\/3ea2118a5f7dad2b7138b1187a6b7ee55f160b9968b66013c3a3ef39dd7e5798?s=96&d=mm&r=g\",\"url\":\"https:\\\/\\\/secure.gravatar.com\\\/avatar\\\/3ea2118a5f7dad2b7138b1187a6b7ee55f160b9968b66013c3a3ef39dd7e5798?s=96&d=mm&r=g\",\"contentUrl\":\"https:\\\/\\\/secure.gravatar.com\\\/avatar\\\/3ea2118a5f7dad2b7138b1187a6b7ee55f160b9968b66013c3a3ef39dd7e5798?s=96&d=mm&r=g\",\"caption\":\"Jeanette\"},\"sameAs\":[\"https:\\\/\\\/www.eldiario.net\\\/portal\"],\"url\":\"https:\\\/\\\/www.eldiario.net\\\/portal\\\/author\\\/jeanette\\\/\"}]}<\/script>\n<!-- \/ Yoast SEO plugin. -->","yoast_head_json":{"title":"La Tierra es el \u201cPlaneta Azul\u201d gracias a asteroides tard\u00edos - El Diario - Bolivia","robots":{"index":"index","follow":"follow","max-snippet":"max-snippet:-1","max-image-preview":"max-image-preview:large","max-video-preview":"max-video-preview:-1"},"canonical":"https:\/\/www.eldiario.net\/portal\/2024\/07\/10\/la-tierra-es-el-planeta-azul-gracias-a-asteroides-tardios\/","og_locale":"es_ES","og_type":"article","og_title":"La Tierra es el \u201cPlaneta Azul\u201d gracias a asteroides tard\u00edos - El Diario - Bolivia","og_description":"Que asteroides distantes trajeran agua a la Tierra solo fue posible porque los componentes b\u00e1sicos del Sistema Solar, ricos en agua, se formaron m\u00e1s tarde, m\u00e1s despacio y a temperaturas m\u00e1s bajas. Por el contrario, los planetesimales m\u00e1s cercanos al centro del Sistema Solar conten\u00edan poca o ninguna agua o hielo porque se formaron m\u00e1s [&hellip;]","og_url":"https:\/\/www.eldiario.net\/portal\/2024\/07\/10\/la-tierra-es-el-planeta-azul-gracias-a-asteroides-tardios\/","og_site_name":"El Diario - Bolivia","article_publisher":"https:\/\/www.facebook.com\/eldiario.bolivia\/","article_published_time":"2024-07-10T09:59:57+00:00","og_image":[{"width":1000,"height":584,"url":"https:\/\/www.eldiario.net\/portal\/wp-content\/uploads\/2024\/07\/METEORO.jpg","type":"image\/jpeg"}],"author":"Jeanette","twitter_card":"summary_large_image","twitter_creator":"@eldiario_net","twitter_site":"@eldiario_net","twitter_misc":{"Escrito por":"Jeanette","Tiempo de lectura":"3 minutos"},"schema":{"@context":"https:\/\/schema.org","@graph":[{"@type":"Article","@id":"https:\/\/www.eldiario.net\/portal\/2024\/07\/10\/la-tierra-es-el-planeta-azul-gracias-a-asteroides-tardios\/#article","isPartOf":{"@id":"https:\/\/www.eldiario.net\/portal\/2024\/07\/10\/la-tierra-es-el-planeta-azul-gracias-a-asteroides-tardios\/"},"author":{"name":"Jeanette","@id":"https:\/\/www.eldiario.net\/portal\/#\/schema\/person\/f46445640444750d7d753ccd04ae01b7"},"headline":"La Tierra es el \u201cPlaneta Azul\u201d gracias a asteroides tard\u00edos","datePublished":"2024-07-10T09:59:57+00:00","mainEntityOfPage":{"@id":"https:\/\/www.eldiario.net\/portal\/2024\/07\/10\/la-tierra-es-el-planeta-azul-gracias-a-asteroides-tardios\/"},"wordCount":681,"commentCount":0,"publisher":{"@id":"https:\/\/www.eldiario.net\/portal\/#organization"},"image":{"@id":"https:\/\/www.eldiario.net\/portal\/2024\/07\/10\/la-tierra-es-el-planeta-azul-gracias-a-asteroides-tardios\/#primaryimage"},"thumbnailUrl":"https:\/\/www.eldiario.net\/portal\/wp-content\/uploads\/2024\/07\/METEORO.jpg","articleSection":["Internacional"],"inLanguage":"es","potentialAction":[{"@type":"CommentAction","name":"Comment","target":["https:\/\/www.eldiario.net\/portal\/2024\/07\/10\/la-tierra-es-el-planeta-azul-gracias-a-asteroides-tardios\/#respond"]}]},{"@type":"WebPage","@id":"https:\/\/www.eldiario.net\/portal\/2024\/07\/10\/la-tierra-es-el-planeta-azul-gracias-a-asteroides-tardios\/","url":"https:\/\/www.eldiario.net\/portal\/2024\/07\/10\/la-tierra-es-el-planeta-azul-gracias-a-asteroides-tardios\/","name":"La Tierra es el \u201cPlaneta Azul\u201d gracias a asteroides tard\u00edos - El Diario - Bolivia","isPartOf":{"@id":"https:\/\/www.eldiario.net\/portal\/#website"},"primaryImageOfPage":{"@id":"https:\/\/www.eldiario.net\/portal\/2024\/07\/10\/la-tierra-es-el-planeta-azul-gracias-a-asteroides-tardios\/#primaryimage"},"image":{"@id":"https:\/\/www.eldiario.net\/portal\/2024\/07\/10\/la-tierra-es-el-planeta-azul-gracias-a-asteroides-tardios\/#primaryimage"},"thumbnailUrl":"https:\/\/www.eldiario.net\/portal\/wp-content\/uploads\/2024\/07\/METEORO.jpg","datePublished":"2024-07-10T09:59:57+00:00","breadcrumb":{"@id":"https:\/\/www.eldiario.net\/portal\/2024\/07\/10\/la-tierra-es-el-planeta-azul-gracias-a-asteroides-tardios\/#breadcrumb"},"inLanguage":"es","potentialAction":[{"@type":"ReadAction","target":["https:\/\/www.eldiario.net\/portal\/2024\/07\/10\/la-tierra-es-el-planeta-azul-gracias-a-asteroides-tardios\/"]}]},{"@type":"ImageObject","inLanguage":"es","@id":"https:\/\/www.eldiario.net\/portal\/2024\/07\/10\/la-tierra-es-el-planeta-azul-gracias-a-asteroides-tardios\/#primaryimage","url":"https:\/\/www.eldiario.net\/portal\/wp-content\/uploads\/2024\/07\/METEORO.jpg","contentUrl":"https:\/\/www.eldiario.net\/portal\/wp-content\/uploads\/2024\/07\/METEORO.jpg","width":1000,"height":584,"caption":"el METEORITO RECOGIDO EN ALEMANIA, EN 2019, MUESTRA RARA CONDRITA DE TIPO C1."},{"@type":"BreadcrumbList","@id":"https:\/\/www.eldiario.net\/portal\/2024\/07\/10\/la-tierra-es-el-planeta-azul-gracias-a-asteroides-tardios\/#breadcrumb","itemListElement":[{"@type":"ListItem","position":1,"name":"Portada","item":"https:\/\/www.eldiario.net\/portal\/"},{"@type":"ListItem","position":2,"name":"La Tierra es el \u201cPlaneta Azul\u201d gracias a asteroides tard\u00edos"}]},{"@type":"WebSite","@id":"https:\/\/www.eldiario.net\/portal\/#website","url":"https:\/\/www.eldiario.net\/portal\/","name":"El Diario - Decano de la prensa nacional","description":"El Diario - Decano de la prensa nacional","publisher":{"@id":"https:\/\/www.eldiario.net\/portal\/#organization"},"potentialAction":[{"@type":"SearchAction","target":{"@type":"EntryPoint","urlTemplate":"https:\/\/www.eldiario.net\/portal\/?s={search_term_string}"},"query-input":{"@type":"PropertyValueSpecification","valueRequired":true,"valueName":"search_term_string"}}],"inLanguage":"es"},{"@type":"Organization","@id":"https:\/\/www.eldiario.net\/portal\/#organization","name":"El Diario - Decano de la prensa nacional","url":"https:\/\/www.eldiario.net\/portal\/","logo":{"@type":"ImageObject","inLanguage":"es","@id":"https:\/\/www.eldiario.net\/portal\/#\/schema\/logo\/image\/","url":"https:\/\/www.eldiario.net\/portal\/wp-content\/uploads\/2023\/07\/logo_ED.jpg","contentUrl":"https:\/\/www.eldiario.net\/portal\/wp-content\/uploads\/2023\/07\/logo_ED.jpg","width":272,"height":52,"caption":"El Diario - Decano de la prensa nacional"},"image":{"@id":"https:\/\/www.eldiario.net\/portal\/#\/schema\/logo\/image\/"},"sameAs":["https:\/\/www.facebook.com\/eldiario.bolivia\/","https:\/\/x.com\/eldiario_net"]},{"@type":"Person","@id":"https:\/\/www.eldiario.net\/portal\/#\/schema\/person\/f46445640444750d7d753ccd04ae01b7","name":"Jeanette","image":{"@type":"ImageObject","inLanguage":"es","@id":"https:\/\/secure.gravatar.com\/avatar\/3ea2118a5f7dad2b7138b1187a6b7ee55f160b9968b66013c3a3ef39dd7e5798?s=96&d=mm&r=g","url":"https:\/\/secure.gravatar.com\/avatar\/3ea2118a5f7dad2b7138b1187a6b7ee55f160b9968b66013c3a3ef39dd7e5798?s=96&d=mm&r=g","contentUrl":"https:\/\/secure.gravatar.com\/avatar\/3ea2118a5f7dad2b7138b1187a6b7ee55f160b9968b66013c3a3ef39dd7e5798?s=96&d=mm&r=g","caption":"Jeanette"},"sameAs":["https:\/\/www.eldiario.net\/portal"],"url":"https:\/\/www.eldiario.net\/portal\/author\/jeanette\/"}]}},"_links":{"self":[{"href":"https:\/\/www.eldiario.net\/portal\/wp-json\/wp\/v2\/posts\/232988","targetHints":{"allow":["GET"]}}],"collection":[{"href":"https:\/\/www.eldiario.net\/portal\/wp-json\/wp\/v2\/posts"}],"about":[{"href":"https:\/\/www.eldiario.net\/portal\/wp-json\/wp\/v2\/types\/post"}],"author":[{"embeddable":true,"href":"https:\/\/www.eldiario.net\/portal\/wp-json\/wp\/v2\/users\/1"}],"replies":[{"embeddable":true,"href":"https:\/\/www.eldiario.net\/portal\/wp-json\/wp\/v2\/comments?post=232988"}],"version-history":[{"count":1,"href":"https:\/\/www.eldiario.net\/portal\/wp-json\/wp\/v2\/posts\/232988\/revisions"}],"predecessor-version":[{"id":232990,"href":"https:\/\/www.eldiario.net\/portal\/wp-json\/wp\/v2\/posts\/232988\/revisions\/232990"}],"wp:featuredmedia":[{"embeddable":true,"href":"https:\/\/www.eldiario.net\/portal\/wp-json\/wp\/v2\/media\/232989"}],"wp:attachment":[{"href":"https:\/\/www.eldiario.net\/portal\/wp-json\/wp\/v2\/media?parent=232988"}],"wp:term":[{"taxonomy":"category","embeddable":true,"href":"https:\/\/www.eldiario.net\/portal\/wp-json\/wp\/v2\/categories?post=232988"},{"taxonomy":"post_tag","embeddable":true,"href":"https:\/\/www.eldiario.net\/portal\/wp-json\/wp\/v2\/tags?post=232988"}],"curies":[{"name":"wp","href":"https:\/\/api.w.org\/{rel}","templated":true}]}}