{"id":232982,"date":"2024-07-10T05:58:44","date_gmt":"2024-07-10T09:58:44","guid":{"rendered":"https:\/\/www.eldiario.net\/portal\/?p=232982"},"modified":"2024-07-10T05:58:44","modified_gmt":"2024-07-10T09:58:44","slug":"senales-de-radio-miden-partes-de-la-atmosfera-marciana","status":"publish","type":"post","link":"https:\/\/www.eldiario.net\/portal\/2024\/07\/10\/senales-de-radio-miden-partes-de-la-atmosfera-marciana\/","title":{"rendered":"Se\u00f1ales de radio miden partes  de la atm\u00f3sfera marciana"},"content":{"rendered":"<p>Tecnolog\u00eda reprogramada a bordo de las naves Trace Gas Orbiter y Mars Express de la ESA permitieron medir partes de la atm\u00f3sfera marciana que antes eran imposibles de sondear.<br \/>\nEsto incluye \u00e1reas que pueden bloquear las se\u00f1ales de radio si no se tienen en cuenta adecuadamente, algo crucial para futuras misiones de habitabilidad en Marte. Los resultados de las primeras 83 mediciones.<br \/>\nTrace Gas Orbiter (TGO) y Mars Express (MEX) mantienen un enlace de radio, de modo que cuando una pasa detr\u00e1s del planeta, las ondas de radio atraviesan las capas m\u00e1s profundas de la atm\u00f3sfera marciana.<br \/>\nLos cambios en la refractividad de la atm\u00f3sfera (c\u00f3mo dobla las ondas de radio) causan cambios min\u00fasculos, pero detectables en las frecuencias de radio que recibe la nave espacial. Al analizar este cambio, los cient\u00edficos pueden determinar la densidad de la atm\u00f3sfera inferior y la densidad de electrones en la ionosfera (una capa superior cargada de la atm\u00f3sfera). La t\u00e9cnica se llama ocultaci\u00f3n mutua por radio.<br \/>\nEl autor principal del estudio Jacob Parrott, estudiante del Departamento de F\u00edsica de Imperial College de Londres, dijo en un comunicado: \u201clos sistemas de MEX y TGO no fueron dise\u00f1ados inicialmente para hacer esto; las antenas de radio que usamos fueron hechas para la comunicaci\u00f3n entre orbitadores y exploradores en la superficie del planeta\u201d.<br \/>\n\u201cEs probable que esta t\u00e9cnica innovadora sea un cambio de juego para futuras misiones, demostrando que la ocultaci\u00f3n de radio mutua entre dos naves espaciales en \u00f3rbita es una forma econ\u00f3mica de extraer m\u00e1s valor cient\u00edfico de los equipos existentes\u201d.<br \/>\nAnteriormente, la ocultaci\u00f3n de radio se realizaba utilizando el enlace de radio desde un orbitador de Marte a grandes estaciones terrestres en la Tierra. La se\u00f1al de radio del orbitador se monitoreaba cuando la nave espacial se \u201cestablec\u00eda\u201d (se ocultaba) detr\u00e1s de Marte, lo que significa que la se\u00f1al pasaba a trav\u00e9s de las capas de la atm\u00f3sfera del planeta.<br \/>\nEl uso de dos naves en \u00f3rbita para tomar esta medici\u00f3n ya es una forma com\u00fan de investigar la atm\u00f3sfera de la Tierra: miles de tales mediciones ocurren entre sat\u00e9lites de navegaci\u00f3n globales, donde los datos que proporcionan se utilizan para el monitoreo atmosf\u00e9rico y la predicci\u00f3n del clima.<br \/>\nSin embargo, este m\u00e9todo s\u00f3lo se hab\u00eda utilizado en Marte tres veces antes; por la NASA en 2007 como demostraci\u00f3n de hardware. El nuevo uso por parte de las dos naves espaciales de la ESA marca la primera vez que esta t\u00e9cnica se aplic\u00f3 de forma rutinaria a otro planeta.<br \/>\nAhora que se demostr\u00f3 su viabilidad, los cient\u00edficos e ingenieros que est\u00e1n detr\u00e1s del trabajo est\u00e1n estudiando c\u00f3mo ampliar el uso de esta t\u00e9cnica en futuras misiones a Marte.<br \/>\nEl coautor del estudio, el Dr. Colin Wilson, cient\u00edfico del proyecto para el ExoMars Trace Gas Orbiter y Mars Express en la ESA, indic\u00f3 que \u201cla ESA demostr\u00f3 ahora la viabilidad de esta t\u00e9cnica, que podr\u00eda ser transformadora para la ciencia de Marte en el futuro\u201d.<br \/>\n\u201cActualmente hay siete naves espaciales orbitando Marte; a medida que aumenta el n\u00famero de naves espaciales, como lo har\u00e1 en las pr\u00f3ximas d\u00e9cadas, el n\u00famero de oportunidades de ocultaci\u00f3n de radio aumenta r\u00e1pidamente. Por lo tanto, esta t\u00e9cnica ser\u00e1 una herramienta cada vez m\u00e1s importante para estudiar Marte\u201d.<br \/>\nLa ocultaci\u00f3n entre naves espaciales permite tomar m\u00e1s mediciones y permite explorar nuevas regiones de la atm\u00f3sfera.<br \/>\nDebido a que las mediciones de ocultaci\u00f3n por radio convencionales en Marte implican un enlace de radio con una estaci\u00f3n terrestre en la Tierra, la ubicaci\u00f3n de la medici\u00f3n es fija en relaci\u00f3n con el lento movimiento de la Tierra. Esto dificulta capturar los cambios globales en Marte, ya que los investigadores a menudo miran los mismos puntos. (Europa Press)<\/p>\n","protected":false},"excerpt":{"rendered":"<p>Tecnolog\u00eda reprogramada a bordo de las naves Trace Gas Orbiter y Mars Express de la ESA permitieron medir partes de la atm\u00f3sfera marciana que antes eran imposibles de sondear. Esto incluye \u00e1reas que pueden bloquear las se\u00f1ales de radio si no se tienen en cuenta adecuadamente, algo crucial para futuras misiones de habitabilidad en Marte. [&hellip;]<\/p>\n","protected":false},"author":1,"featured_media":232983,"comment_status":"open","ping_status":"open","sticky":false,"template":"","format":"standard","meta":{"_acf_changed":false,"footnotes":""},"categories":[3],"tags":[],"class_list":["post-232982","post","type-post","status-publish","format-standard","has-post-thumbnail","category-internacional"],"acf":{"antetitulo":"Resultados de 83 mediciones"},"yoast_head":"<!-- This site is optimized with the Yoast SEO plugin v28.4 - https:\/\/yoast.com\/product\/yoast-seo-wordpress\/ -->\n<title>Se\u00f1ales de radio miden partes de la atm\u00f3sfera marciana - El Diario - Bolivia<\/title>\n<meta name=\"robots\" content=\"index, follow, max-snippet:-1, max-image-preview:large, max-video-preview:-1\" \/>\n<link rel=\"canonical\" href=\"https:\/\/www.eldiario.net\/portal\/2024\/07\/10\/senales-de-radio-miden-partes-de-la-atmosfera-marciana\/\" \/>\n<meta property=\"og:locale\" content=\"es_ES\" \/>\n<meta property=\"og:type\" content=\"article\" \/>\n<meta property=\"og:title\" content=\"Se\u00f1ales de radio miden partes de la atm\u00f3sfera marciana - El Diario - Bolivia\" \/>\n<meta property=\"og:description\" content=\"Tecnolog\u00eda reprogramada a bordo de las naves Trace Gas Orbiter y Mars Express de la ESA permitieron medir partes de la atm\u00f3sfera marciana que antes eran imposibles de sondear. Esto incluye \u00e1reas que pueden bloquear las se\u00f1ales de radio si no se tienen en cuenta adecuadamente, algo crucial para futuras misiones de habitabilidad en Marte. [&hellip;]\" \/>\n<meta property=\"og:url\" content=\"https:\/\/www.eldiario.net\/portal\/2024\/07\/10\/senales-de-radio-miden-partes-de-la-atmosfera-marciana\/\" \/>\n<meta property=\"og:site_name\" content=\"El Diario - Bolivia\" \/>\n<meta property=\"article:publisher\" content=\"https:\/\/www.facebook.com\/eldiario.bolivia\/\" \/>\n<meta property=\"article:published_time\" content=\"2024-07-10T09:58:44+00:00\" \/>\n<meta property=\"og:image\" content=\"https:\/\/www.eldiario.net\/portal\/wp-content\/uploads\/2024\/07\/ATMO.jpg\" \/>\n\t<meta property=\"og:image:width\" content=\"1000\" \/>\n\t<meta property=\"og:image:height\" content=\"669\" \/>\n\t<meta property=\"og:image:type\" content=\"image\/jpeg\" \/>\n<meta name=\"author\" content=\"Jeanette\" \/>\n<meta name=\"twitter:card\" content=\"summary_large_image\" \/>\n<meta name=\"twitter:creator\" content=\"@eldiario_net\" \/>\n<meta name=\"twitter:site\" content=\"@eldiario_net\" \/>\n<meta name=\"twitter:label1\" content=\"Escrito por\" \/>\n\t<meta name=\"twitter:data1\" content=\"Jeanette\" \/>\n\t<meta name=\"twitter:label2\" content=\"Tiempo de lectura\" \/>\n\t<meta name=\"twitter:data2\" content=\"3 minutos\" \/>\n<script type=\"application\/ld+json\" class=\"yoast-schema-graph\">{\"@context\":\"https:\\\/\\\/schema.org\",\"@graph\":[{\"@type\":\"Article\",\"@id\":\"https:\\\/\\\/www.eldiario.net\\\/portal\\\/2024\\\/07\\\/10\\\/senales-de-radio-miden-partes-de-la-atmosfera-marciana\\\/#article\",\"isPartOf\":{\"@id\":\"https:\\\/\\\/www.eldiario.net\\\/portal\\\/2024\\\/07\\\/10\\\/senales-de-radio-miden-partes-de-la-atmosfera-marciana\\\/\"},\"author\":{\"name\":\"Jeanette\",\"@id\":\"https:\\\/\\\/www.eldiario.net\\\/portal\\\/#\\\/schema\\\/person\\\/f46445640444750d7d753ccd04ae01b7\"},\"headline\":\"Se\u00f1ales de radio miden partes de la atm\u00f3sfera marciana\",\"datePublished\":\"2024-07-10T09:58:44+00:00\",\"mainEntityOfPage\":{\"@id\":\"https:\\\/\\\/www.eldiario.net\\\/portal\\\/2024\\\/07\\\/10\\\/senales-de-radio-miden-partes-de-la-atmosfera-marciana\\\/\"},\"wordCount\":691,\"commentCount\":0,\"publisher\":{\"@id\":\"https:\\\/\\\/www.eldiario.net\\\/portal\\\/#organization\"},\"image\":{\"@id\":\"https:\\\/\\\/www.eldiario.net\\\/portal\\\/2024\\\/07\\\/10\\\/senales-de-radio-miden-partes-de-la-atmosfera-marciana\\\/#primaryimage\"},\"thumbnailUrl\":\"https:\\\/\\\/www.eldiario.net\\\/portal\\\/wp-content\\\/uploads\\\/2024\\\/07\\\/ATMO.jpg\",\"articleSection\":[\"Internacional\"],\"inLanguage\":\"es\",\"potentialAction\":[{\"@type\":\"CommentAction\",\"name\":\"Comment\",\"target\":[\"https:\\\/\\\/www.eldiario.net\\\/portal\\\/2024\\\/07\\\/10\\\/senales-de-radio-miden-partes-de-la-atmosfera-marciana\\\/#respond\"]}]},{\"@type\":\"WebPage\",\"@id\":\"https:\\\/\\\/www.eldiario.net\\\/portal\\\/2024\\\/07\\\/10\\\/senales-de-radio-miden-partes-de-la-atmosfera-marciana\\\/\",\"url\":\"https:\\\/\\\/www.eldiario.net\\\/portal\\\/2024\\\/07\\\/10\\\/senales-de-radio-miden-partes-de-la-atmosfera-marciana\\\/\",\"name\":\"Se\u00f1ales de radio miden partes de la atm\u00f3sfera marciana - El Diario - Bolivia\",\"isPartOf\":{\"@id\":\"https:\\\/\\\/www.eldiario.net\\\/portal\\\/#website\"},\"primaryImageOfPage\":{\"@id\":\"https:\\\/\\\/www.eldiario.net\\\/portal\\\/2024\\\/07\\\/10\\\/senales-de-radio-miden-partes-de-la-atmosfera-marciana\\\/#primaryimage\"},\"image\":{\"@id\":\"https:\\\/\\\/www.eldiario.net\\\/portal\\\/2024\\\/07\\\/10\\\/senales-de-radio-miden-partes-de-la-atmosfera-marciana\\\/#primaryimage\"},\"thumbnailUrl\":\"https:\\\/\\\/www.eldiario.net\\\/portal\\\/wp-content\\\/uploads\\\/2024\\\/07\\\/ATMO.jpg\",\"datePublished\":\"2024-07-10T09:58:44+00:00\",\"breadcrumb\":{\"@id\":\"https:\\\/\\\/www.eldiario.net\\\/portal\\\/2024\\\/07\\\/10\\\/senales-de-radio-miden-partes-de-la-atmosfera-marciana\\\/#breadcrumb\"},\"inLanguage\":\"es\",\"potentialAction\":[{\"@type\":\"ReadAction\",\"target\":[\"https:\\\/\\\/www.eldiario.net\\\/portal\\\/2024\\\/07\\\/10\\\/senales-de-radio-miden-partes-de-la-atmosfera-marciana\\\/\"]}]},{\"@type\":\"ImageObject\",\"inLanguage\":\"es\",\"@id\":\"https:\\\/\\\/www.eldiario.net\\\/portal\\\/2024\\\/07\\\/10\\\/senales-de-radio-miden-partes-de-la-atmosfera-marciana\\\/#primaryimage\",\"url\":\"https:\\\/\\\/www.eldiario.net\\\/portal\\\/wp-content\\\/uploads\\\/2024\\\/07\\\/ATMO.jpg\",\"contentUrl\":\"https:\\\/\\\/www.eldiario.net\\\/portal\\\/wp-content\\\/uploads\\\/2024\\\/07\\\/ATMO.jpg\",\"width\":1000,\"height\":669,\"caption\":\"ILUSTRACI\u00d3N DE LA NUEVA T\u00c9CNICA DE MEDICI\u00d3N ATMOSF\u00c9RICA, APROVECHANDO LA OCULTACI\u00d3N POR RADIO. Imperial College London\"},{\"@type\":\"BreadcrumbList\",\"@id\":\"https:\\\/\\\/www.eldiario.net\\\/portal\\\/2024\\\/07\\\/10\\\/senales-de-radio-miden-partes-de-la-atmosfera-marciana\\\/#breadcrumb\",\"itemListElement\":[{\"@type\":\"ListItem\",\"position\":1,\"name\":\"Portada\",\"item\":\"https:\\\/\\\/www.eldiario.net\\\/portal\\\/\"},{\"@type\":\"ListItem\",\"position\":2,\"name\":\"Se\u00f1ales de radio miden partes de la atm\u00f3sfera marciana\"}]},{\"@type\":\"WebSite\",\"@id\":\"https:\\\/\\\/www.eldiario.net\\\/portal\\\/#website\",\"url\":\"https:\\\/\\\/www.eldiario.net\\\/portal\\\/\",\"name\":\"El Diario - Decano de la prensa nacional\",\"description\":\"El Diario - Decano de la prensa nacional\",\"publisher\":{\"@id\":\"https:\\\/\\\/www.eldiario.net\\\/portal\\\/#organization\"},\"potentialAction\":[{\"@type\":\"SearchAction\",\"target\":{\"@type\":\"EntryPoint\",\"urlTemplate\":\"https:\\\/\\\/www.eldiario.net\\\/portal\\\/?s={search_term_string}\"},\"query-input\":{\"@type\":\"PropertyValueSpecification\",\"valueRequired\":true,\"valueName\":\"search_term_string\"}}],\"inLanguage\":\"es\"},{\"@type\":\"Organization\",\"@id\":\"https:\\\/\\\/www.eldiario.net\\\/portal\\\/#organization\",\"name\":\"El Diario - Decano de la prensa nacional\",\"url\":\"https:\\\/\\\/www.eldiario.net\\\/portal\\\/\",\"logo\":{\"@type\":\"ImageObject\",\"inLanguage\":\"es\",\"@id\":\"https:\\\/\\\/www.eldiario.net\\\/portal\\\/#\\\/schema\\\/logo\\\/image\\\/\",\"url\":\"https:\\\/\\\/www.eldiario.net\\\/portal\\\/wp-content\\\/uploads\\\/2023\\\/07\\\/logo_ED.jpg\",\"contentUrl\":\"https:\\\/\\\/www.eldiario.net\\\/portal\\\/wp-content\\\/uploads\\\/2023\\\/07\\\/logo_ED.jpg\",\"width\":272,\"height\":52,\"caption\":\"El Diario - Decano de la prensa nacional\"},\"image\":{\"@id\":\"https:\\\/\\\/www.eldiario.net\\\/portal\\\/#\\\/schema\\\/logo\\\/image\\\/\"},\"sameAs\":[\"https:\\\/\\\/www.facebook.com\\\/eldiario.bolivia\\\/\",\"https:\\\/\\\/x.com\\\/eldiario_net\"]},{\"@type\":\"Person\",\"@id\":\"https:\\\/\\\/www.eldiario.net\\\/portal\\\/#\\\/schema\\\/person\\\/f46445640444750d7d753ccd04ae01b7\",\"name\":\"Jeanette\",\"image\":{\"@type\":\"ImageObject\",\"inLanguage\":\"es\",\"@id\":\"https:\\\/\\\/secure.gravatar.com\\\/avatar\\\/3ea2118a5f7dad2b7138b1187a6b7ee55f160b9968b66013c3a3ef39dd7e5798?s=96&d=mm&r=g\",\"url\":\"https:\\\/\\\/secure.gravatar.com\\\/avatar\\\/3ea2118a5f7dad2b7138b1187a6b7ee55f160b9968b66013c3a3ef39dd7e5798?s=96&d=mm&r=g\",\"contentUrl\":\"https:\\\/\\\/secure.gravatar.com\\\/avatar\\\/3ea2118a5f7dad2b7138b1187a6b7ee55f160b9968b66013c3a3ef39dd7e5798?s=96&d=mm&r=g\",\"caption\":\"Jeanette\"},\"sameAs\":[\"https:\\\/\\\/www.eldiario.net\\\/portal\"],\"url\":\"https:\\\/\\\/www.eldiario.net\\\/portal\\\/author\\\/jeanette\\\/\"}]}<\/script>\n<!-- \/ Yoast SEO plugin. -->","yoast_head_json":{"title":"Se\u00f1ales de radio miden partes de la atm\u00f3sfera marciana - El Diario - Bolivia","robots":{"index":"index","follow":"follow","max-snippet":"max-snippet:-1","max-image-preview":"max-image-preview:large","max-video-preview":"max-video-preview:-1"},"canonical":"https:\/\/www.eldiario.net\/portal\/2024\/07\/10\/senales-de-radio-miden-partes-de-la-atmosfera-marciana\/","og_locale":"es_ES","og_type":"article","og_title":"Se\u00f1ales de radio miden partes de la atm\u00f3sfera marciana - El Diario - Bolivia","og_description":"Tecnolog\u00eda reprogramada a bordo de las naves Trace Gas Orbiter y Mars Express de la ESA permitieron medir partes de la atm\u00f3sfera marciana que antes eran imposibles de sondear. Esto incluye \u00e1reas que pueden bloquear las se\u00f1ales de radio si no se tienen en cuenta adecuadamente, algo crucial para futuras misiones de habitabilidad en Marte. [&hellip;]","og_url":"https:\/\/www.eldiario.net\/portal\/2024\/07\/10\/senales-de-radio-miden-partes-de-la-atmosfera-marciana\/","og_site_name":"El Diario - Bolivia","article_publisher":"https:\/\/www.facebook.com\/eldiario.bolivia\/","article_published_time":"2024-07-10T09:58:44+00:00","og_image":[{"width":1000,"height":669,"url":"https:\/\/www.eldiario.net\/portal\/wp-content\/uploads\/2024\/07\/ATMO.jpg","type":"image\/jpeg"}],"author":"Jeanette","twitter_card":"summary_large_image","twitter_creator":"@eldiario_net","twitter_site":"@eldiario_net","twitter_misc":{"Escrito por":"Jeanette","Tiempo de lectura":"3 minutos"},"schema":{"@context":"https:\/\/schema.org","@graph":[{"@type":"Article","@id":"https:\/\/www.eldiario.net\/portal\/2024\/07\/10\/senales-de-radio-miden-partes-de-la-atmosfera-marciana\/#article","isPartOf":{"@id":"https:\/\/www.eldiario.net\/portal\/2024\/07\/10\/senales-de-radio-miden-partes-de-la-atmosfera-marciana\/"},"author":{"name":"Jeanette","@id":"https:\/\/www.eldiario.net\/portal\/#\/schema\/person\/f46445640444750d7d753ccd04ae01b7"},"headline":"Se\u00f1ales de radio miden partes de la atm\u00f3sfera marciana","datePublished":"2024-07-10T09:58:44+00:00","mainEntityOfPage":{"@id":"https:\/\/www.eldiario.net\/portal\/2024\/07\/10\/senales-de-radio-miden-partes-de-la-atmosfera-marciana\/"},"wordCount":691,"commentCount":0,"publisher":{"@id":"https:\/\/www.eldiario.net\/portal\/#organization"},"image":{"@id":"https:\/\/www.eldiario.net\/portal\/2024\/07\/10\/senales-de-radio-miden-partes-de-la-atmosfera-marciana\/#primaryimage"},"thumbnailUrl":"https:\/\/www.eldiario.net\/portal\/wp-content\/uploads\/2024\/07\/ATMO.jpg","articleSection":["Internacional"],"inLanguage":"es","potentialAction":[{"@type":"CommentAction","name":"Comment","target":["https:\/\/www.eldiario.net\/portal\/2024\/07\/10\/senales-de-radio-miden-partes-de-la-atmosfera-marciana\/#respond"]}]},{"@type":"WebPage","@id":"https:\/\/www.eldiario.net\/portal\/2024\/07\/10\/senales-de-radio-miden-partes-de-la-atmosfera-marciana\/","url":"https:\/\/www.eldiario.net\/portal\/2024\/07\/10\/senales-de-radio-miden-partes-de-la-atmosfera-marciana\/","name":"Se\u00f1ales de radio miden partes de la atm\u00f3sfera marciana - El Diario - Bolivia","isPartOf":{"@id":"https:\/\/www.eldiario.net\/portal\/#website"},"primaryImageOfPage":{"@id":"https:\/\/www.eldiario.net\/portal\/2024\/07\/10\/senales-de-radio-miden-partes-de-la-atmosfera-marciana\/#primaryimage"},"image":{"@id":"https:\/\/www.eldiario.net\/portal\/2024\/07\/10\/senales-de-radio-miden-partes-de-la-atmosfera-marciana\/#primaryimage"},"thumbnailUrl":"https:\/\/www.eldiario.net\/portal\/wp-content\/uploads\/2024\/07\/ATMO.jpg","datePublished":"2024-07-10T09:58:44+00:00","breadcrumb":{"@id":"https:\/\/www.eldiario.net\/portal\/2024\/07\/10\/senales-de-radio-miden-partes-de-la-atmosfera-marciana\/#breadcrumb"},"inLanguage":"es","potentialAction":[{"@type":"ReadAction","target":["https:\/\/www.eldiario.net\/portal\/2024\/07\/10\/senales-de-radio-miden-partes-de-la-atmosfera-marciana\/"]}]},{"@type":"ImageObject","inLanguage":"es","@id":"https:\/\/www.eldiario.net\/portal\/2024\/07\/10\/senales-de-radio-miden-partes-de-la-atmosfera-marciana\/#primaryimage","url":"https:\/\/www.eldiario.net\/portal\/wp-content\/uploads\/2024\/07\/ATMO.jpg","contentUrl":"https:\/\/www.eldiario.net\/portal\/wp-content\/uploads\/2024\/07\/ATMO.jpg","width":1000,"height":669,"caption":"ILUSTRACI\u00d3N DE LA NUEVA T\u00c9CNICA DE MEDICI\u00d3N ATMOSF\u00c9RICA, APROVECHANDO LA OCULTACI\u00d3N POR RADIO. Imperial College London"},{"@type":"BreadcrumbList","@id":"https:\/\/www.eldiario.net\/portal\/2024\/07\/10\/senales-de-radio-miden-partes-de-la-atmosfera-marciana\/#breadcrumb","itemListElement":[{"@type":"ListItem","position":1,"name":"Portada","item":"https:\/\/www.eldiario.net\/portal\/"},{"@type":"ListItem","position":2,"name":"Se\u00f1ales de radio miden partes de la atm\u00f3sfera marciana"}]},{"@type":"WebSite","@id":"https:\/\/www.eldiario.net\/portal\/#website","url":"https:\/\/www.eldiario.net\/portal\/","name":"El Diario - Decano de la prensa nacional","description":"El Diario - Decano de la prensa nacional","publisher":{"@id":"https:\/\/www.eldiario.net\/portal\/#organization"},"potentialAction":[{"@type":"SearchAction","target":{"@type":"EntryPoint","urlTemplate":"https:\/\/www.eldiario.net\/portal\/?s={search_term_string}"},"query-input":{"@type":"PropertyValueSpecification","valueRequired":true,"valueName":"search_term_string"}}],"inLanguage":"es"},{"@type":"Organization","@id":"https:\/\/www.eldiario.net\/portal\/#organization","name":"El Diario - Decano de la prensa nacional","url":"https:\/\/www.eldiario.net\/portal\/","logo":{"@type":"ImageObject","inLanguage":"es","@id":"https:\/\/www.eldiario.net\/portal\/#\/schema\/logo\/image\/","url":"https:\/\/www.eldiario.net\/portal\/wp-content\/uploads\/2023\/07\/logo_ED.jpg","contentUrl":"https:\/\/www.eldiario.net\/portal\/wp-content\/uploads\/2023\/07\/logo_ED.jpg","width":272,"height":52,"caption":"El Diario - Decano de la prensa nacional"},"image":{"@id":"https:\/\/www.eldiario.net\/portal\/#\/schema\/logo\/image\/"},"sameAs":["https:\/\/www.facebook.com\/eldiario.bolivia\/","https:\/\/x.com\/eldiario_net"]},{"@type":"Person","@id":"https:\/\/www.eldiario.net\/portal\/#\/schema\/person\/f46445640444750d7d753ccd04ae01b7","name":"Jeanette","image":{"@type":"ImageObject","inLanguage":"es","@id":"https:\/\/secure.gravatar.com\/avatar\/3ea2118a5f7dad2b7138b1187a6b7ee55f160b9968b66013c3a3ef39dd7e5798?s=96&d=mm&r=g","url":"https:\/\/secure.gravatar.com\/avatar\/3ea2118a5f7dad2b7138b1187a6b7ee55f160b9968b66013c3a3ef39dd7e5798?s=96&d=mm&r=g","contentUrl":"https:\/\/secure.gravatar.com\/avatar\/3ea2118a5f7dad2b7138b1187a6b7ee55f160b9968b66013c3a3ef39dd7e5798?s=96&d=mm&r=g","caption":"Jeanette"},"sameAs":["https:\/\/www.eldiario.net\/portal"],"url":"https:\/\/www.eldiario.net\/portal\/author\/jeanette\/"}]}},"_links":{"self":[{"href":"https:\/\/www.eldiario.net\/portal\/wp-json\/wp\/v2\/posts\/232982","targetHints":{"allow":["GET"]}}],"collection":[{"href":"https:\/\/www.eldiario.net\/portal\/wp-json\/wp\/v2\/posts"}],"about":[{"href":"https:\/\/www.eldiario.net\/portal\/wp-json\/wp\/v2\/types\/post"}],"author":[{"embeddable":true,"href":"https:\/\/www.eldiario.net\/portal\/wp-json\/wp\/v2\/users\/1"}],"replies":[{"embeddable":true,"href":"https:\/\/www.eldiario.net\/portal\/wp-json\/wp\/v2\/comments?post=232982"}],"version-history":[{"count":1,"href":"https:\/\/www.eldiario.net\/portal\/wp-json\/wp\/v2\/posts\/232982\/revisions"}],"predecessor-version":[{"id":232984,"href":"https:\/\/www.eldiario.net\/portal\/wp-json\/wp\/v2\/posts\/232982\/revisions\/232984"}],"wp:featuredmedia":[{"embeddable":true,"href":"https:\/\/www.eldiario.net\/portal\/wp-json\/wp\/v2\/media\/232983"}],"wp:attachment":[{"href":"https:\/\/www.eldiario.net\/portal\/wp-json\/wp\/v2\/media?parent=232982"}],"wp:term":[{"taxonomy":"category","embeddable":true,"href":"https:\/\/www.eldiario.net\/portal\/wp-json\/wp\/v2\/categories?post=232982"},{"taxonomy":"post_tag","embeddable":true,"href":"https:\/\/www.eldiario.net\/portal\/wp-json\/wp\/v2\/tags?post=232982"}],"curies":[{"name":"wp","href":"https:\/\/api.w.org\/{rel}","templated":true}]}}