{"id":232976,"date":"2024-07-10T05:57:24","date_gmt":"2024-07-10T09:57:24","guid":{"rendered":"https:\/\/www.eldiario.net\/portal\/?p=232976"},"modified":"2024-07-10T05:57:24","modified_gmt":"2024-07-10T09:57:24","slug":"fiscalia-pedira-maxima-condena-para-jeanine-anez-por-genocidio","status":"publish","type":"post","link":"https:\/\/www.eldiario.net\/portal\/2024\/07\/10\/fiscalia-pedira-maxima-condena-para-jeanine-anez-por-genocidio\/","title":{"rendered":"Fiscal\u00eda pedir\u00e1 m\u00e1xima condena para Jeanine \u00c1\u00f1ez por genocidio"},"content":{"rendered":"<p>El fiscal superior, Sergio Fajardo, inform\u00f3 ayer que la comisi\u00f3n de fiscales del caso \u201cSenkata\u201d pedir\u00e1 la m\u00e1xima sentencia para 18 acusados por el delito de Genocidio, en el juicio que iniciar\u00e1 el 2 de septiembre de 2024. Entre los acusados est\u00e1n la expresidenta interina del Estado, Jeanine \u00c1\u00f1ez, tres de sus exministros, una decena de exjefes militares y tres excomandantes de Polic\u00eda; en palabras de \u00c1\u00f1ez, el Gobierno puso fecha para su \u201clinchamiento\u201d.<br \/>\nAl respecto, la exmandataria se pronunci\u00f3 lamentando que la Justicia boliviana sometida al masismo, a la que denomina \u201csicariato judicial\u201d, la condene por un delito que es atribuible a l\u00edderes hist\u00f3ricos de la izquierda internacional como Fidel Castro o Josef Stalin, a quienes llam\u00f3 \u201casesinos\u201d.<br \/>\n\u201cHan puesto fecha a mi linchamiento: 2 de septiembre. El sicariato judicial, organizaci\u00f3n incompetente para juzgar a una expresidenta y sometido al r\u00e9gimen de Arce y Evo Morales, me condenar\u00e1 por \u2018genocidio\u2019 como si fuera el Che, Fidel, Putin, Stalin o cualquiera de sus asesinos\u201d, expres\u00f3 \u00c1\u00f1ez en una publicaci\u00f3n en sus redes sociales, en la que adjunta el auto de apertura del juicio oral, a celebrarse ese d\u00eda de manera virtual desde las 09:00.<br \/>\nPor su lado, Fajardo asever\u00f3 que la Comisi\u00f3n de Fiscales del caso Senkata requerir\u00e1 la m\u00e1xima pena para \u00c1\u00f1ez y el resto de acusados, \u201ctoda vez de que se acredit\u00f3 la existencia del hecho a trav\u00e9s de la prueba documental presentada\u201d. En criterio de la Fiscal\u00eda, el Requerimiento Conclusivo presentado contiene un legajo probatorio con m\u00e1s de 700 elementos probatorios que sustentan la tesis acusatoria.<br \/>\nEntre los elementos de prueba de la investigaci\u00f3n existen 25 dict\u00e1menes periciales, casi 450 pruebas documentales y 11 informes t\u00e9cnicos. Asimismo, se habr\u00edan realizado 126 entrevistas, 40 entrevistas informativas de miembros de las Fuerzas Armadas, 30 informativas de efectivos policiales y 50 entrevistas informativas a v\u00edctimas, entre otras, seg\u00fan una nota de la Fiscal\u00eda General del Estado (FGE).<br \/>\nEl auto de apertura del juicio oral fue emitido el 3 de julio del 2024 por el Tribunal Cuarto de Sentencia Penal, Anticorrupci\u00f3n y Contra la Violencia Hacia las Mujeres de la ciudad de El Alto, seg\u00fan dicta el documento compartido por \u00c1\u00f1ez.<\/p>\n<p>CASO SENKATA<br \/>\nEntre octubre y noviembre de 2019, Bolivia atravesaba un escenario de conflictividad social y pol\u00edtica por las denuncias de fraude electoral en favor del entonces presidente del Estado, Evo Morales. Como tal panorama lo oblig\u00f3 a renunciar a la silla presidencial, esto deriv\u00f3 en que \u00c1\u00f1ez asuma la presidencia tras varios d\u00edas de acefal\u00eda de poder, pues el vicepresidente, \u00c1lvaro Garc\u00eda Linera tambi\u00e9n hab\u00eda presentado su renuncia.<br \/>\nSin embargo, ante la polarizaci\u00f3n social recalcitrante y el rechazo de algunos sectores de la poblaci\u00f3n al nuevo gabinete de gobierno, se registraron manifestaciones y marchas en apoyo al Movimiento al Socialismo (MAS), el cual posicion\u00f3 la versi\u00f3n de que existi\u00f3 un golpe de Estado por parte de \u00c1\u00f1ez y las fuerzas castrenses para derrocar a Morales. Esta teor\u00eda fue apoyada por el hecho de que se conoci\u00f3 que el Alto Mando militar recomend\u00f3 a Morales renunciar a la presidencia ante la crisis social.<br \/>\nEntre estas manifestaciones, el 19 de noviembre se registr\u00f3 un bloqueo a una planta de Yacimientos Petrol\u00edferos Fiscales Bolivianos (YPFB) en la zona de Senkata, en El Alto. Efectivos policiales y militares se desplazaron de manera conjunta para evitar da\u00f1os en la planta. La Fiscal\u00eda sostiene que hubo una represi\u00f3n desproporcionada en contra de manifestantes civiles desarmados, en el que se habr\u00edan usado \u201carmas con municiones de guerra, veh\u00edculos mecanizados blindados, adem\u00e1s de helic\u00f3pteros y aviones-caza\u201d.<br \/>\nEstos hechos dejaron como resultado el saldo de diez personas fallecidas y \u201cun centenar\u201d de heridos, todos por impacto de proyectil de arma de fuego, agreg\u00f3 la FGE.<\/p>\n<p>LOS 18 ACUSADOS<br \/>\nAdem\u00e1s de \u00c1\u00f1ez, est\u00e1n acusados en este caso el exministro de Gobierno, Arturo Murillo; el exministro de Defensa, Luis Fernando L\u00f3pez; el exministro de Hidrocarburos, V\u00edctor Z. C., y el exdirector de la Agencia Nacional de Hidrocarburos, Luis F. V.<br \/>\nEntre los exjefes militares acusados, figuran el excomandante en Jefe de las Fuerzas Armadas (FFAA), Sergio C.O.C.; el exjefe de Estado Mayor, Pablo A.G.C.; el exinspector General de las FFAA, Aldo B.M.; el excomandante de la Armada, Mois\u00e9s O.M.H.; el excomandante de la Fuerza A\u00e9rea, Ciro O.\u00c1.G.; el excomandante del Ej\u00e9rcito, Iv\u00e1n P.I.R.; el excomandante de la Mecanizada I, Franko O.S.G.; el exsubjefe del Departamento Tercero de Log\u00edstica, Julio C.T.R.; el exsubcomandante del Regimiento de Satinadores I Germ\u00e1n Busch de Challapata, Miguel E.S.S.; y el exsubcomandante de la Escuela de C\u00f3ndores de Bolivia de Yacuiba, Alfredo M.I.G.<br \/>\nFinalmente, entre los exjefes implicados de la instituci\u00f3n verde olivo, est\u00e1n el excomandante General de la Polic\u00eda; Rodolfo A.M.T.; el excomandante Departamental de La Paz, Julio W.C.A.; y el excomandante Regional de la Polic\u00eda de El Alto, Eloy I.R.D.C.<\/p>\n\r\n                <style type=\"text\/css\">\r\n                    \r\n                    #tdi_1  .td-doubleSlider-2 .td-item1 {\r\n                        background: url(https:\/\/www.eldiario.net\/portal\/wp-content\/uploads\/2024\/07\/10-SEN-80x60.jpg) 0 0 no-repeat;\r\n                    }\r\n                    #tdi_1  .td-doubleSlider-2 .td-item2 {\r\n                        background: url(https:\/\/www.eldiario.net\/portal\/wp-content\/uploads\/2024\/07\/10-FIS-80x60.jpg) 0 0 no-repeat;\r\n                    }\r\n                <\/style>\r\n\r\n                <div id=\"tdi_1\" class=\"td-gallery td-slide-on-2-columns\">\r\n                    <div class=\"post_td_gallery\">\r\n                        <div class=\"td-gallery-slide-top\">\r\n                           <div class=\"td-gallery-title\"><\/div>\r\n\r\n                            <div class=\"td-gallery-controls-wrapper\">\r\n                                <div class=\"td-gallery-slide-count\"><span class=\"td-gallery-slide-item-focus\">1<\/span> de 2<\/div>\r\n                                <div class=\"td-gallery-slide-prev-next-but\">\r\n                                    <i class = \"td-icon-left doubleSliderPrevButton\"><\/i>\r\n                                    <i class = \"td-icon-right doubleSliderNextButton\"><\/i>\r\n                                <\/div>\r\n                            <\/div>\r\n                        <\/div>\r\n\r\n                        <div class = \"td-doubleSlider-1 \">\r\n                            <div class = \"td-slider\">\r\n                                \r\n                    <div class = \"td-slide-item td-item1\">\r\n                        <figure class=\"td-slide-galery-figure td-slide-popup-gallery\">\r\n                            <a class=\"slide-gallery-image-link\" href=\"https:\/\/www.eldiario.net\/portal\/wp-content\/uploads\/2024\/07\/10-SEN.jpg\" title=\"10-SEN\"  data-caption=\" Im\u00e1genes registradas de las movilizaciones en Senkata, en noviembre de 2019.\"  data-description=\"\">\r\n                                <img decoding=\"async\" src=\"https:\/\/www.eldiario.net\/portal\/wp-content\/uploads\/2024\/07\/10-SEN-607x420.jpg\" srcset=\"https:\/\/www.eldiario.net\/portal\/wp-content\/uploads\/2024\/07\/10-SEN-607x420.jpg 607w, https:\/\/www.eldiario.net\/portal\/wp-content\/uploads\/2024\/07\/10-SEN-300x208.jpg 300w, https:\/\/www.eldiario.net\/portal\/wp-content\/uploads\/2024\/07\/10-SEN-1024x709.jpg 1024w, https:\/\/www.eldiario.net\/portal\/wp-content\/uploads\/2024\/07\/10-SEN-768x532.jpg 768w, https:\/\/www.eldiario.net\/portal\/wp-content\/uploads\/2024\/07\/10-SEN-218x150.jpg 218w, https:\/\/www.eldiario.net\/portal\/wp-content\/uploads\/2024\/07\/10-SEN-696x482.jpg 696w, https:\/\/www.eldiario.net\/portal\/wp-content\/uploads\/2024\/07\/10-SEN-1068x739.jpg 1068w, https:\/\/www.eldiario.net\/portal\/wp-content\/uploads\/2024\/07\/10-SEN.jpg 1232w\" sizes=\"(max-width: 607px) 100vw, 607px\" alt=\"\">\r\n                            <\/a>\r\n                            <figcaption class = \"td-slide-caption td-gallery-slide-content\"><div class = \"td-gallery-slide-copywrite\"> Im\u00e1genes registradas de las movilizaciones en Senkata, en noviembre de 2019.<\/div><\/figcaption>\r\n                        <\/figure>\r\n                    <\/div>\r\n                    <div class = \"td-slide-item td-item2\">\r\n                        <figure class=\"td-slide-galery-figure td-slide-popup-gallery\">\r\n                            <a class=\"slide-gallery-image-link\" href=\"https:\/\/www.eldiario.net\/portal\/wp-content\/uploads\/2024\/07\/10-FIS.jpg\" title=\"10 FIS\"  data-caption=\"El fiscal superior de la FGE, Sergio Fajardo, en conferencia de prensa.\"  data-description=\"\">\r\n                                <img decoding=\"async\" src=\"https:\/\/www.eldiario.net\/portal\/wp-content\/uploads\/2024\/07\/10-FIS-513x420.jpg\" srcset=\"https:\/\/www.eldiario.net\/portal\/wp-content\/uploads\/2024\/07\/10-FIS-513x420.jpg 513w, https:\/\/www.eldiario.net\/portal\/wp-content\/uploads\/2024\/07\/10-FIS-300x245.jpg 300w, https:\/\/www.eldiario.net\/portal\/wp-content\/uploads\/2024\/07\/10-FIS-768x628.jpg 768w, https:\/\/www.eldiario.net\/portal\/wp-content\/uploads\/2024\/07\/10-FIS-696x569.jpg 696w, https:\/\/www.eldiario.net\/portal\/wp-content\/uploads\/2024\/07\/10-FIS.jpg 973w\" sizes=\"(max-width: 513px) 100vw, 513px\" alt=\"\">\r\n                            <\/a>\r\n                            <figcaption class = \"td-slide-caption td-gallery-slide-content\"><div class = \"td-gallery-slide-copywrite\">El fiscal superior de la FGE, Sergio Fajardo, en conferencia de prensa.<\/div><\/figcaption>\r\n                        <\/figure>\r\n                    <\/div>\r\n                            <\/div>\r\n                        <\/div>\r\n\r\n                        <div class = \"td-doubleSlider-2\">\r\n                            <div class = \"td-slider\">\r\n                                \r\n                    <div class = \"td-button td-item1\">\r\n                        <div class = \"td-border\"><\/div>\r\n                    <\/div>\r\n                    <div class = \"td-button td-item2\">\r\n                        <div class = \"td-border\"><\/div>\r\n                    <\/div>\r\n                            <\/div>\r\n                        <\/div>\r\n\r\n                    <\/div>\r\n\r\n                <\/div>\r\n                \n","protected":false},"excerpt":{"rendered":"<p>El fiscal superior, Sergio Fajardo, inform\u00f3 ayer que la comisi\u00f3n de fiscales del caso \u201cSenkata\u201d pedir\u00e1 la m\u00e1xima sentencia para 18 acusados por el delito de Genocidio, en el juicio que iniciar\u00e1 el 2 de septiembre de 2024. Entre los acusados est\u00e1n la expresidenta interina del Estado, Jeanine \u00c1\u00f1ez, tres de sus exministros, una decena [&hellip;]<\/p>\n","protected":false},"author":1,"featured_media":232977,"comment_status":"open","ping_status":"open","sticky":false,"template":"","format":"standard","meta":{"_acf_changed":false,"footnotes":""},"categories":[39],"tags":[],"class_list":["post-232976","post","type-post","status-publish","format-standard","has-post-thumbnail","category-sociedad"],"acf":{"antetitulo":"Caso Senkata"},"yoast_head":"<!-- This site is optimized with the Yoast SEO plugin v28.4 - https:\/\/yoast.com\/product\/yoast-seo-wordpress\/ -->\n<title>Fiscal\u00eda pedir\u00e1 m\u00e1xima condena para Jeanine \u00c1\u00f1ez por genocidio - El Diario - Bolivia<\/title>\n<meta name=\"robots\" content=\"index, follow, max-snippet:-1, max-image-preview:large, max-video-preview:-1\" \/>\n<link rel=\"canonical\" href=\"https:\/\/www.eldiario.net\/portal\/2024\/07\/10\/fiscalia-pedira-maxima-condena-para-jeanine-anez-por-genocidio\/\" \/>\n<meta property=\"og:locale\" content=\"es_ES\" \/>\n<meta property=\"og:type\" content=\"article\" \/>\n<meta property=\"og:title\" content=\"Fiscal\u00eda pedir\u00e1 m\u00e1xima condena para Jeanine \u00c1\u00f1ez por genocidio - El Diario - Bolivia\" \/>\n<meta property=\"og:description\" content=\"El fiscal superior, Sergio Fajardo, inform\u00f3 ayer que la comisi\u00f3n de fiscales del caso \u201cSenkata\u201d pedir\u00e1 la m\u00e1xima sentencia para 18 acusados por el delito de Genocidio, en el juicio que iniciar\u00e1 el 2 de septiembre de 2024. Entre los acusados est\u00e1n la expresidenta interina del Estado, Jeanine \u00c1\u00f1ez, tres de sus exministros, una decena [&hellip;]\" \/>\n<meta property=\"og:url\" content=\"https:\/\/www.eldiario.net\/portal\/2024\/07\/10\/fiscalia-pedira-maxima-condena-para-jeanine-anez-por-genocidio\/\" \/>\n<meta property=\"og:site_name\" content=\"El Diario - Bolivia\" \/>\n<meta property=\"article:publisher\" content=\"https:\/\/www.facebook.com\/eldiario.bolivia\/\" \/>\n<meta property=\"article:published_time\" content=\"2024-07-10T09:57:24+00:00\" \/>\n<meta property=\"og:image\" content=\"https:\/\/www.eldiario.net\/portal\/wp-content\/uploads\/2024\/07\/10-SEN.jpg\" \/>\n\t<meta property=\"og:image:width\" content=\"1232\" \/>\n\t<meta property=\"og:image:height\" content=\"853\" \/>\n\t<meta property=\"og:image:type\" content=\"image\/jpeg\" \/>\n<meta name=\"author\" content=\"Jeanette\" \/>\n<meta name=\"twitter:card\" content=\"summary_large_image\" \/>\n<meta name=\"twitter:creator\" content=\"@eldiario_net\" \/>\n<meta name=\"twitter:site\" content=\"@eldiario_net\" \/>\n<meta name=\"twitter:label1\" content=\"Escrito por\" \/>\n\t<meta name=\"twitter:data1\" content=\"Jeanette\" \/>\n\t<meta name=\"twitter:label2\" content=\"Tiempo de lectura\" \/>\n\t<meta name=\"twitter:data2\" content=\"4 minutos\" \/>\n<script type=\"application\/ld+json\" class=\"yoast-schema-graph\">{\"@context\":\"https:\\\/\\\/schema.org\",\"@graph\":[{\"@type\":\"Article\",\"@id\":\"https:\\\/\\\/www.eldiario.net\\\/portal\\\/2024\\\/07\\\/10\\\/fiscalia-pedira-maxima-condena-para-jeanine-anez-por-genocidio\\\/#article\",\"isPartOf\":{\"@id\":\"https:\\\/\\\/www.eldiario.net\\\/portal\\\/2024\\\/07\\\/10\\\/fiscalia-pedira-maxima-condena-para-jeanine-anez-por-genocidio\\\/\"},\"author\":{\"name\":\"Jeanette\",\"@id\":\"https:\\\/\\\/www.eldiario.net\\\/portal\\\/#\\\/schema\\\/person\\\/f46445640444750d7d753ccd04ae01b7\"},\"headline\":\"Fiscal\u00eda pedir\u00e1 m\u00e1xima condena para Jeanine \u00c1\u00f1ez por genocidio\",\"datePublished\":\"2024-07-10T09:57:24+00:00\",\"mainEntityOfPage\":{\"@id\":\"https:\\\/\\\/www.eldiario.net\\\/portal\\\/2024\\\/07\\\/10\\\/fiscalia-pedira-maxima-condena-para-jeanine-anez-por-genocidio\\\/\"},\"wordCount\":880,\"commentCount\":0,\"publisher\":{\"@id\":\"https:\\\/\\\/www.eldiario.net\\\/portal\\\/#organization\"},\"image\":{\"@id\":\"https:\\\/\\\/www.eldiario.net\\\/portal\\\/2024\\\/07\\\/10\\\/fiscalia-pedira-maxima-condena-para-jeanine-anez-por-genocidio\\\/#primaryimage\"},\"thumbnailUrl\":\"https:\\\/\\\/www.eldiario.net\\\/portal\\\/wp-content\\\/uploads\\\/2024\\\/07\\\/10-SEN.jpg\",\"articleSection\":[\"Sociedad - Seguridad\"],\"inLanguage\":\"es\",\"potentialAction\":[{\"@type\":\"CommentAction\",\"name\":\"Comment\",\"target\":[\"https:\\\/\\\/www.eldiario.net\\\/portal\\\/2024\\\/07\\\/10\\\/fiscalia-pedira-maxima-condena-para-jeanine-anez-por-genocidio\\\/#respond\"]}]},{\"@type\":\"WebPage\",\"@id\":\"https:\\\/\\\/www.eldiario.net\\\/portal\\\/2024\\\/07\\\/10\\\/fiscalia-pedira-maxima-condena-para-jeanine-anez-por-genocidio\\\/\",\"url\":\"https:\\\/\\\/www.eldiario.net\\\/portal\\\/2024\\\/07\\\/10\\\/fiscalia-pedira-maxima-condena-para-jeanine-anez-por-genocidio\\\/\",\"name\":\"Fiscal\u00eda pedir\u00e1 m\u00e1xima condena para Jeanine \u00c1\u00f1ez por genocidio - El Diario - Bolivia\",\"isPartOf\":{\"@id\":\"https:\\\/\\\/www.eldiario.net\\\/portal\\\/#website\"},\"primaryImageOfPage\":{\"@id\":\"https:\\\/\\\/www.eldiario.net\\\/portal\\\/2024\\\/07\\\/10\\\/fiscalia-pedira-maxima-condena-para-jeanine-anez-por-genocidio\\\/#primaryimage\"},\"image\":{\"@id\":\"https:\\\/\\\/www.eldiario.net\\\/portal\\\/2024\\\/07\\\/10\\\/fiscalia-pedira-maxima-condena-para-jeanine-anez-por-genocidio\\\/#primaryimage\"},\"thumbnailUrl\":\"https:\\\/\\\/www.eldiario.net\\\/portal\\\/wp-content\\\/uploads\\\/2024\\\/07\\\/10-SEN.jpg\",\"datePublished\":\"2024-07-10T09:57:24+00:00\",\"breadcrumb\":{\"@id\":\"https:\\\/\\\/www.eldiario.net\\\/portal\\\/2024\\\/07\\\/10\\\/fiscalia-pedira-maxima-condena-para-jeanine-anez-por-genocidio\\\/#breadcrumb\"},\"inLanguage\":\"es\",\"potentialAction\":[{\"@type\":\"ReadAction\",\"target\":[\"https:\\\/\\\/www.eldiario.net\\\/portal\\\/2024\\\/07\\\/10\\\/fiscalia-pedira-maxima-condena-para-jeanine-anez-por-genocidio\\\/\"]}]},{\"@type\":\"ImageObject\",\"inLanguage\":\"es\",\"@id\":\"https:\\\/\\\/www.eldiario.net\\\/portal\\\/2024\\\/07\\\/10\\\/fiscalia-pedira-maxima-condena-para-jeanine-anez-por-genocidio\\\/#primaryimage\",\"url\":\"https:\\\/\\\/www.eldiario.net\\\/portal\\\/wp-content\\\/uploads\\\/2024\\\/07\\\/10-SEN.jpg\",\"contentUrl\":\"https:\\\/\\\/www.eldiario.net\\\/portal\\\/wp-content\\\/uploads\\\/2024\\\/07\\\/10-SEN.jpg\",\"width\":1232,\"height\":853,\"caption\":\"Im\u00e1genes registradas de las movilizaciones en Senkata, en noviembre de 2019.\"},{\"@type\":\"BreadcrumbList\",\"@id\":\"https:\\\/\\\/www.eldiario.net\\\/portal\\\/2024\\\/07\\\/10\\\/fiscalia-pedira-maxima-condena-para-jeanine-anez-por-genocidio\\\/#breadcrumb\",\"itemListElement\":[{\"@type\":\"ListItem\",\"position\":1,\"name\":\"Portada\",\"item\":\"https:\\\/\\\/www.eldiario.net\\\/portal\\\/\"},{\"@type\":\"ListItem\",\"position\":2,\"name\":\"Fiscal\u00eda pedir\u00e1 m\u00e1xima condena para Jeanine \u00c1\u00f1ez por genocidio\"}]},{\"@type\":\"WebSite\",\"@id\":\"https:\\\/\\\/www.eldiario.net\\\/portal\\\/#website\",\"url\":\"https:\\\/\\\/www.eldiario.net\\\/portal\\\/\",\"name\":\"El Diario - Decano de la prensa nacional\",\"description\":\"El Diario - Decano de la prensa nacional\",\"publisher\":{\"@id\":\"https:\\\/\\\/www.eldiario.net\\\/portal\\\/#organization\"},\"potentialAction\":[{\"@type\":\"SearchAction\",\"target\":{\"@type\":\"EntryPoint\",\"urlTemplate\":\"https:\\\/\\\/www.eldiario.net\\\/portal\\\/?s={search_term_string}\"},\"query-input\":{\"@type\":\"PropertyValueSpecification\",\"valueRequired\":true,\"valueName\":\"search_term_string\"}}],\"inLanguage\":\"es\"},{\"@type\":\"Organization\",\"@id\":\"https:\\\/\\\/www.eldiario.net\\\/portal\\\/#organization\",\"name\":\"El Diario - Decano de la prensa nacional\",\"url\":\"https:\\\/\\\/www.eldiario.net\\\/portal\\\/\",\"logo\":{\"@type\":\"ImageObject\",\"inLanguage\":\"es\",\"@id\":\"https:\\\/\\\/www.eldiario.net\\\/portal\\\/#\\\/schema\\\/logo\\\/image\\\/\",\"url\":\"https:\\\/\\\/www.eldiario.net\\\/portal\\\/wp-content\\\/uploads\\\/2023\\\/07\\\/logo_ED.jpg\",\"contentUrl\":\"https:\\\/\\\/www.eldiario.net\\\/portal\\\/wp-content\\\/uploads\\\/2023\\\/07\\\/logo_ED.jpg\",\"width\":272,\"height\":52,\"caption\":\"El Diario - Decano de la prensa nacional\"},\"image\":{\"@id\":\"https:\\\/\\\/www.eldiario.net\\\/portal\\\/#\\\/schema\\\/logo\\\/image\\\/\"},\"sameAs\":[\"https:\\\/\\\/www.facebook.com\\\/eldiario.bolivia\\\/\",\"https:\\\/\\\/x.com\\\/eldiario_net\"]},{\"@type\":\"Person\",\"@id\":\"https:\\\/\\\/www.eldiario.net\\\/portal\\\/#\\\/schema\\\/person\\\/f46445640444750d7d753ccd04ae01b7\",\"name\":\"Jeanette\",\"image\":{\"@type\":\"ImageObject\",\"inLanguage\":\"es\",\"@id\":\"https:\\\/\\\/secure.gravatar.com\\\/avatar\\\/3ea2118a5f7dad2b7138b1187a6b7ee55f160b9968b66013c3a3ef39dd7e5798?s=96&d=mm&r=g\",\"url\":\"https:\\\/\\\/secure.gravatar.com\\\/avatar\\\/3ea2118a5f7dad2b7138b1187a6b7ee55f160b9968b66013c3a3ef39dd7e5798?s=96&d=mm&r=g\",\"contentUrl\":\"https:\\\/\\\/secure.gravatar.com\\\/avatar\\\/3ea2118a5f7dad2b7138b1187a6b7ee55f160b9968b66013c3a3ef39dd7e5798?s=96&d=mm&r=g\",\"caption\":\"Jeanette\"},\"sameAs\":[\"https:\\\/\\\/www.eldiario.net\\\/portal\"],\"url\":\"https:\\\/\\\/www.eldiario.net\\\/portal\\\/author\\\/jeanette\\\/\"}]}<\/script>\n<!-- \/ Yoast SEO plugin. -->","yoast_head_json":{"title":"Fiscal\u00eda pedir\u00e1 m\u00e1xima condena para Jeanine \u00c1\u00f1ez por genocidio - El Diario - Bolivia","robots":{"index":"index","follow":"follow","max-snippet":"max-snippet:-1","max-image-preview":"max-image-preview:large","max-video-preview":"max-video-preview:-1"},"canonical":"https:\/\/www.eldiario.net\/portal\/2024\/07\/10\/fiscalia-pedira-maxima-condena-para-jeanine-anez-por-genocidio\/","og_locale":"es_ES","og_type":"article","og_title":"Fiscal\u00eda pedir\u00e1 m\u00e1xima condena para Jeanine \u00c1\u00f1ez por genocidio - El Diario - Bolivia","og_description":"El fiscal superior, Sergio Fajardo, inform\u00f3 ayer que la comisi\u00f3n de fiscales del caso \u201cSenkata\u201d pedir\u00e1 la m\u00e1xima sentencia para 18 acusados por el delito de Genocidio, en el juicio que iniciar\u00e1 el 2 de septiembre de 2024. Entre los acusados est\u00e1n la expresidenta interina del Estado, Jeanine \u00c1\u00f1ez, tres de sus exministros, una decena [&hellip;]","og_url":"https:\/\/www.eldiario.net\/portal\/2024\/07\/10\/fiscalia-pedira-maxima-condena-para-jeanine-anez-por-genocidio\/","og_site_name":"El Diario - Bolivia","article_publisher":"https:\/\/www.facebook.com\/eldiario.bolivia\/","article_published_time":"2024-07-10T09:57:24+00:00","og_image":[{"width":1232,"height":853,"url":"https:\/\/www.eldiario.net\/portal\/wp-content\/uploads\/2024\/07\/10-SEN.jpg","type":"image\/jpeg"}],"author":"Jeanette","twitter_card":"summary_large_image","twitter_creator":"@eldiario_net","twitter_site":"@eldiario_net","twitter_misc":{"Escrito por":"Jeanette","Tiempo de lectura":"4 minutos"},"schema":{"@context":"https:\/\/schema.org","@graph":[{"@type":"Article","@id":"https:\/\/www.eldiario.net\/portal\/2024\/07\/10\/fiscalia-pedira-maxima-condena-para-jeanine-anez-por-genocidio\/#article","isPartOf":{"@id":"https:\/\/www.eldiario.net\/portal\/2024\/07\/10\/fiscalia-pedira-maxima-condena-para-jeanine-anez-por-genocidio\/"},"author":{"name":"Jeanette","@id":"https:\/\/www.eldiario.net\/portal\/#\/schema\/person\/f46445640444750d7d753ccd04ae01b7"},"headline":"Fiscal\u00eda pedir\u00e1 m\u00e1xima condena para Jeanine \u00c1\u00f1ez por genocidio","datePublished":"2024-07-10T09:57:24+00:00","mainEntityOfPage":{"@id":"https:\/\/www.eldiario.net\/portal\/2024\/07\/10\/fiscalia-pedira-maxima-condena-para-jeanine-anez-por-genocidio\/"},"wordCount":880,"commentCount":0,"publisher":{"@id":"https:\/\/www.eldiario.net\/portal\/#organization"},"image":{"@id":"https:\/\/www.eldiario.net\/portal\/2024\/07\/10\/fiscalia-pedira-maxima-condena-para-jeanine-anez-por-genocidio\/#primaryimage"},"thumbnailUrl":"https:\/\/www.eldiario.net\/portal\/wp-content\/uploads\/2024\/07\/10-SEN.jpg","articleSection":["Sociedad - Seguridad"],"inLanguage":"es","potentialAction":[{"@type":"CommentAction","name":"Comment","target":["https:\/\/www.eldiario.net\/portal\/2024\/07\/10\/fiscalia-pedira-maxima-condena-para-jeanine-anez-por-genocidio\/#respond"]}]},{"@type":"WebPage","@id":"https:\/\/www.eldiario.net\/portal\/2024\/07\/10\/fiscalia-pedira-maxima-condena-para-jeanine-anez-por-genocidio\/","url":"https:\/\/www.eldiario.net\/portal\/2024\/07\/10\/fiscalia-pedira-maxima-condena-para-jeanine-anez-por-genocidio\/","name":"Fiscal\u00eda pedir\u00e1 m\u00e1xima condena para Jeanine \u00c1\u00f1ez por genocidio - El Diario - Bolivia","isPartOf":{"@id":"https:\/\/www.eldiario.net\/portal\/#website"},"primaryImageOfPage":{"@id":"https:\/\/www.eldiario.net\/portal\/2024\/07\/10\/fiscalia-pedira-maxima-condena-para-jeanine-anez-por-genocidio\/#primaryimage"},"image":{"@id":"https:\/\/www.eldiario.net\/portal\/2024\/07\/10\/fiscalia-pedira-maxima-condena-para-jeanine-anez-por-genocidio\/#primaryimage"},"thumbnailUrl":"https:\/\/www.eldiario.net\/portal\/wp-content\/uploads\/2024\/07\/10-SEN.jpg","datePublished":"2024-07-10T09:57:24+00:00","breadcrumb":{"@id":"https:\/\/www.eldiario.net\/portal\/2024\/07\/10\/fiscalia-pedira-maxima-condena-para-jeanine-anez-por-genocidio\/#breadcrumb"},"inLanguage":"es","potentialAction":[{"@type":"ReadAction","target":["https:\/\/www.eldiario.net\/portal\/2024\/07\/10\/fiscalia-pedira-maxima-condena-para-jeanine-anez-por-genocidio\/"]}]},{"@type":"ImageObject","inLanguage":"es","@id":"https:\/\/www.eldiario.net\/portal\/2024\/07\/10\/fiscalia-pedira-maxima-condena-para-jeanine-anez-por-genocidio\/#primaryimage","url":"https:\/\/www.eldiario.net\/portal\/wp-content\/uploads\/2024\/07\/10-SEN.jpg","contentUrl":"https:\/\/www.eldiario.net\/portal\/wp-content\/uploads\/2024\/07\/10-SEN.jpg","width":1232,"height":853,"caption":"Im\u00e1genes registradas de las movilizaciones en Senkata, en noviembre de 2019."},{"@type":"BreadcrumbList","@id":"https:\/\/www.eldiario.net\/portal\/2024\/07\/10\/fiscalia-pedira-maxima-condena-para-jeanine-anez-por-genocidio\/#breadcrumb","itemListElement":[{"@type":"ListItem","position":1,"name":"Portada","item":"https:\/\/www.eldiario.net\/portal\/"},{"@type":"ListItem","position":2,"name":"Fiscal\u00eda pedir\u00e1 m\u00e1xima condena para Jeanine \u00c1\u00f1ez por genocidio"}]},{"@type":"WebSite","@id":"https:\/\/www.eldiario.net\/portal\/#website","url":"https:\/\/www.eldiario.net\/portal\/","name":"El Diario - Decano de la prensa nacional","description":"El Diario - Decano de la prensa nacional","publisher":{"@id":"https:\/\/www.eldiario.net\/portal\/#organization"},"potentialAction":[{"@type":"SearchAction","target":{"@type":"EntryPoint","urlTemplate":"https:\/\/www.eldiario.net\/portal\/?s={search_term_string}"},"query-input":{"@type":"PropertyValueSpecification","valueRequired":true,"valueName":"search_term_string"}}],"inLanguage":"es"},{"@type":"Organization","@id":"https:\/\/www.eldiario.net\/portal\/#organization","name":"El Diario - Decano de la prensa nacional","url":"https:\/\/www.eldiario.net\/portal\/","logo":{"@type":"ImageObject","inLanguage":"es","@id":"https:\/\/www.eldiario.net\/portal\/#\/schema\/logo\/image\/","url":"https:\/\/www.eldiario.net\/portal\/wp-content\/uploads\/2023\/07\/logo_ED.jpg","contentUrl":"https:\/\/www.eldiario.net\/portal\/wp-content\/uploads\/2023\/07\/logo_ED.jpg","width":272,"height":52,"caption":"El Diario - Decano de la prensa nacional"},"image":{"@id":"https:\/\/www.eldiario.net\/portal\/#\/schema\/logo\/image\/"},"sameAs":["https:\/\/www.facebook.com\/eldiario.bolivia\/","https:\/\/x.com\/eldiario_net"]},{"@type":"Person","@id":"https:\/\/www.eldiario.net\/portal\/#\/schema\/person\/f46445640444750d7d753ccd04ae01b7","name":"Jeanette","image":{"@type":"ImageObject","inLanguage":"es","@id":"https:\/\/secure.gravatar.com\/avatar\/3ea2118a5f7dad2b7138b1187a6b7ee55f160b9968b66013c3a3ef39dd7e5798?s=96&d=mm&r=g","url":"https:\/\/secure.gravatar.com\/avatar\/3ea2118a5f7dad2b7138b1187a6b7ee55f160b9968b66013c3a3ef39dd7e5798?s=96&d=mm&r=g","contentUrl":"https:\/\/secure.gravatar.com\/avatar\/3ea2118a5f7dad2b7138b1187a6b7ee55f160b9968b66013c3a3ef39dd7e5798?s=96&d=mm&r=g","caption":"Jeanette"},"sameAs":["https:\/\/www.eldiario.net\/portal"],"url":"https:\/\/www.eldiario.net\/portal\/author\/jeanette\/"}]}},"_links":{"self":[{"href":"https:\/\/www.eldiario.net\/portal\/wp-json\/wp\/v2\/posts\/232976","targetHints":{"allow":["GET"]}}],"collection":[{"href":"https:\/\/www.eldiario.net\/portal\/wp-json\/wp\/v2\/posts"}],"about":[{"href":"https:\/\/www.eldiario.net\/portal\/wp-json\/wp\/v2\/types\/post"}],"author":[{"embeddable":true,"href":"https:\/\/www.eldiario.net\/portal\/wp-json\/wp\/v2\/users\/1"}],"replies":[{"embeddable":true,"href":"https:\/\/www.eldiario.net\/portal\/wp-json\/wp\/v2\/comments?post=232976"}],"version-history":[{"count":1,"href":"https:\/\/www.eldiario.net\/portal\/wp-json\/wp\/v2\/posts\/232976\/revisions"}],"predecessor-version":[{"id":232979,"href":"https:\/\/www.eldiario.net\/portal\/wp-json\/wp\/v2\/posts\/232976\/revisions\/232979"}],"wp:featuredmedia":[{"embeddable":true,"href":"https:\/\/www.eldiario.net\/portal\/wp-json\/wp\/v2\/media\/232977"}],"wp:attachment":[{"href":"https:\/\/www.eldiario.net\/portal\/wp-json\/wp\/v2\/media?parent=232976"}],"wp:term":[{"taxonomy":"category","embeddable":true,"href":"https:\/\/www.eldiario.net\/portal\/wp-json\/wp\/v2\/categories?post=232976"},{"taxonomy":"post_tag","embeddable":true,"href":"https:\/\/www.eldiario.net\/portal\/wp-json\/wp\/v2\/tags?post=232976"}],"curies":[{"name":"wp","href":"https:\/\/api.w.org\/{rel}","templated":true}]}}