{"id":232971,"date":"2024-07-10T05:55:18","date_gmt":"2024-07-10T09:55:18","guid":{"rendered":"https:\/\/www.eldiario.net\/portal\/?p=232971"},"modified":"2024-07-10T06:18:39","modified_gmt":"2024-07-10T10:18:39","slug":"audiencia-de-uruguaya-detenida-con-marihuana-sera-el-jueves","status":"publish","type":"post","link":"https:\/\/www.eldiario.net\/portal\/2024\/07\/10\/audiencia-de-uruguaya-detenida-con-marihuana-sera-el-jueves\/","title":{"rendered":"Audiencia de uruguaya detenida con marihuana ser\u00e1 el jueves"},"content":{"rendered":"<p>El abogado Rodrigo Rey, quien representa a una uruguaya de 27 a\u00f1os detenida en el penal de Obrajes por portar siete gramos de marihuana, inform\u00f3 que este jueves se definir\u00e1 la situaci\u00f3n jur\u00eddica de su defendida, quien acept\u00f3 ir a un juicio abreviado para quedar en libertad.<br \/>\n\u201cQueremos que esa audiencia no se suspenda, porque en esa audiencia nos podremos declarar culpables por el delito de consumo y obtener la liberaci\u00f3n. La audiencia va a ser este jueves 11 de julio a las 14:00 directamente en el Juzgado de El Alto\u201d, indic\u00f3 Rey en un contacto con Br\u00fajula Digital.<br \/>\nRey agreg\u00f3 que se firm\u00f3 acuerdo con el fiscal del caso para que la mujer de 27 a\u00f1os se declare culpable y vaya a un juicio abreviado para recuperar su libertad.<br \/>\nLa uruguaya y su madre de 67 a\u00f1os fueron detenidas el 17 de marzo en el aeropuerto de El Alto, cuando estaban por retornar a su pa\u00eds luego de vacacionar en Bolivia. En ese momento, se encontr\u00f3 siete gramos de marihuana en su equipaje.<br \/>\nAmbas mujeres fueron detenidas acusadas por tr\u00e1fico de sustancia controladas; sin embargo, el 8 de mayo, la justicia cambi\u00f3 la tipificaci\u00f3n a delito por consumo en contra de la hija. La madre fue sobrese\u00edda y dej\u00f3 el penal de mujeres el 4 de julio.<br \/>\nEl abogado mencion\u00f3 que no tiene sentido tener un d\u00eda m\u00e1s a una mujer uruguaya y que el \u201csistema judicial boliviano tiene que dar una se\u00f1al de civismo y liberar a la mujer, porque se ir\u00e1 con una condena, no se ir\u00e1 impune\u201d.<br \/>\n\u201cDesde el 8 de mayo no nos convocaron a audiencia y tuvimos que esperar hasta el 5 de julio, pero cometieron ese error (de notificaci\u00f3n). Es la oportunidad de que la Justicia (boliviana) muestre civismo, porque en esa audiencia se debe resolver el dictado de sentencia y ya, porque nosotros remitimos una petici\u00f3n al juzgado el 27 de junio y queremos que esto se ratifique y homologue el juicio abreviado y se dicte la condena\u201d, dijo Rey. (Br\u00fajula Digital)<\/p>\n<p>Pie de foto: La madre (rostro eliminado) recuper\u00f3 su libertad el 4 de julio.<br \/>\nFoto: Rodrigo Rey<\/p>\n","protected":false},"excerpt":{"rendered":"<p>El abogado Rodrigo Rey, quien representa a una uruguaya de 27 a\u00f1os detenida en el penal de Obrajes por portar siete gramos de marihuana, inform\u00f3 que este jueves se definir\u00e1 la situaci\u00f3n jur\u00eddica de su defendida, quien acept\u00f3 ir a un juicio abreviado para quedar en libertad. \u201cQueremos que esa audiencia no se suspenda, porque [&hellip;]<\/p>\n","protected":false},"author":1,"featured_media":233056,"comment_status":"open","ping_status":"open","sticky":false,"template":"","format":"standard","meta":{"_acf_changed":false,"footnotes":""},"categories":[39],"tags":[],"class_list":["post-232971","post","type-post","status-publish","format-standard","has-post-thumbnail","category-sociedad"],"acf":{"antetitulo":""},"yoast_head":"<!-- This site is optimized with the Yoast SEO plugin v28.4 - https:\/\/yoast.com\/product\/yoast-seo-wordpress\/ -->\n<title>Audiencia de uruguaya detenida con marihuana ser\u00e1 el jueves - El Diario - Bolivia<\/title>\n<meta name=\"robots\" content=\"index, follow, max-snippet:-1, max-image-preview:large, max-video-preview:-1\" \/>\n<link rel=\"canonical\" href=\"https:\/\/www.eldiario.net\/portal\/2024\/07\/10\/audiencia-de-uruguaya-detenida-con-marihuana-sera-el-jueves\/\" \/>\n<meta property=\"og:locale\" content=\"es_ES\" \/>\n<meta property=\"og:type\" content=\"article\" \/>\n<meta property=\"og:title\" content=\"Audiencia de uruguaya detenida con marihuana ser\u00e1 el jueves - El Diario - Bolivia\" \/>\n<meta property=\"og:description\" content=\"El abogado Rodrigo Rey, quien representa a una uruguaya de 27 a\u00f1os detenida en el penal de Obrajes por portar siete gramos de marihuana, inform\u00f3 que este jueves se definir\u00e1 la situaci\u00f3n jur\u00eddica de su defendida, quien acept\u00f3 ir a un juicio abreviado para quedar en libertad. \u201cQueremos que esa audiencia no se suspenda, porque [&hellip;]\" \/>\n<meta property=\"og:url\" content=\"https:\/\/www.eldiario.net\/portal\/2024\/07\/10\/audiencia-de-uruguaya-detenida-con-marihuana-sera-el-jueves\/\" \/>\n<meta property=\"og:site_name\" content=\"El Diario - Bolivia\" \/>\n<meta property=\"article:publisher\" content=\"https:\/\/www.facebook.com\/eldiario.bolivia\/\" \/>\n<meta property=\"article:published_time\" content=\"2024-07-10T09:55:18+00:00\" \/>\n<meta property=\"article:modified_time\" content=\"2024-07-10T10:18:39+00:00\" \/>\n<meta property=\"og:image\" content=\"https:\/\/www.eldiario.net\/portal\/wp-content\/uploads\/2024\/07\/10-URUG.jpg\" \/>\n\t<meta property=\"og:image:width\" content=\"663\" \/>\n\t<meta property=\"og:image:height\" content=\"399\" \/>\n\t<meta property=\"og:image:type\" content=\"image\/jpeg\" \/>\n<meta name=\"author\" content=\"Jeanette\" \/>\n<meta name=\"twitter:card\" content=\"summary_large_image\" \/>\n<meta name=\"twitter:creator\" content=\"@eldiario_net\" \/>\n<meta name=\"twitter:site\" content=\"@eldiario_net\" \/>\n<meta name=\"twitter:label1\" content=\"Escrito por\" \/>\n\t<meta name=\"twitter:data1\" content=\"Jeanette\" \/>\n\t<meta name=\"twitter:label2\" content=\"Tiempo de lectura\" \/>\n\t<meta name=\"twitter:data2\" content=\"2 minutos\" \/>\n<script type=\"application\/ld+json\" class=\"yoast-schema-graph\">{\"@context\":\"https:\\\/\\\/schema.org\",\"@graph\":[{\"@type\":\"Article\",\"@id\":\"https:\\\/\\\/www.eldiario.net\\\/portal\\\/2024\\\/07\\\/10\\\/audiencia-de-uruguaya-detenida-con-marihuana-sera-el-jueves\\\/#article\",\"isPartOf\":{\"@id\":\"https:\\\/\\\/www.eldiario.net\\\/portal\\\/2024\\\/07\\\/10\\\/audiencia-de-uruguaya-detenida-con-marihuana-sera-el-jueves\\\/\"},\"author\":{\"name\":\"Jeanette\",\"@id\":\"https:\\\/\\\/www.eldiario.net\\\/portal\\\/#\\\/schema\\\/person\\\/f46445640444750d7d753ccd04ae01b7\"},\"headline\":\"Audiencia de uruguaya detenida con marihuana ser\u00e1 el jueves\",\"datePublished\":\"2024-07-10T09:55:18+00:00\",\"dateModified\":\"2024-07-10T10:18:39+00:00\",\"mainEntityOfPage\":{\"@id\":\"https:\\\/\\\/www.eldiario.net\\\/portal\\\/2024\\\/07\\\/10\\\/audiencia-de-uruguaya-detenida-con-marihuana-sera-el-jueves\\\/\"},\"wordCount\":371,\"commentCount\":0,\"publisher\":{\"@id\":\"https:\\\/\\\/www.eldiario.net\\\/portal\\\/#organization\"},\"image\":{\"@id\":\"https:\\\/\\\/www.eldiario.net\\\/portal\\\/2024\\\/07\\\/10\\\/audiencia-de-uruguaya-detenida-con-marihuana-sera-el-jueves\\\/#primaryimage\"},\"thumbnailUrl\":\"https:\\\/\\\/www.eldiario.net\\\/portal\\\/wp-content\\\/uploads\\\/2024\\\/07\\\/10-URUG.jpg\",\"articleSection\":[\"Sociedad - Seguridad\"],\"inLanguage\":\"es\",\"potentialAction\":[{\"@type\":\"CommentAction\",\"name\":\"Comment\",\"target\":[\"https:\\\/\\\/www.eldiario.net\\\/portal\\\/2024\\\/07\\\/10\\\/audiencia-de-uruguaya-detenida-con-marihuana-sera-el-jueves\\\/#respond\"]}]},{\"@type\":\"WebPage\",\"@id\":\"https:\\\/\\\/www.eldiario.net\\\/portal\\\/2024\\\/07\\\/10\\\/audiencia-de-uruguaya-detenida-con-marihuana-sera-el-jueves\\\/\",\"url\":\"https:\\\/\\\/www.eldiario.net\\\/portal\\\/2024\\\/07\\\/10\\\/audiencia-de-uruguaya-detenida-con-marihuana-sera-el-jueves\\\/\",\"name\":\"Audiencia de uruguaya detenida con marihuana ser\u00e1 el jueves - El Diario - Bolivia\",\"isPartOf\":{\"@id\":\"https:\\\/\\\/www.eldiario.net\\\/portal\\\/#website\"},\"primaryImageOfPage\":{\"@id\":\"https:\\\/\\\/www.eldiario.net\\\/portal\\\/2024\\\/07\\\/10\\\/audiencia-de-uruguaya-detenida-con-marihuana-sera-el-jueves\\\/#primaryimage\"},\"image\":{\"@id\":\"https:\\\/\\\/www.eldiario.net\\\/portal\\\/2024\\\/07\\\/10\\\/audiencia-de-uruguaya-detenida-con-marihuana-sera-el-jueves\\\/#primaryimage\"},\"thumbnailUrl\":\"https:\\\/\\\/www.eldiario.net\\\/portal\\\/wp-content\\\/uploads\\\/2024\\\/07\\\/10-URUG.jpg\",\"datePublished\":\"2024-07-10T09:55:18+00:00\",\"dateModified\":\"2024-07-10T10:18:39+00:00\",\"breadcrumb\":{\"@id\":\"https:\\\/\\\/www.eldiario.net\\\/portal\\\/2024\\\/07\\\/10\\\/audiencia-de-uruguaya-detenida-con-marihuana-sera-el-jueves\\\/#breadcrumb\"},\"inLanguage\":\"es\",\"potentialAction\":[{\"@type\":\"ReadAction\",\"target\":[\"https:\\\/\\\/www.eldiario.net\\\/portal\\\/2024\\\/07\\\/10\\\/audiencia-de-uruguaya-detenida-con-marihuana-sera-el-jueves\\\/\"]}]},{\"@type\":\"ImageObject\",\"inLanguage\":\"es\",\"@id\":\"https:\\\/\\\/www.eldiario.net\\\/portal\\\/2024\\\/07\\\/10\\\/audiencia-de-uruguaya-detenida-con-marihuana-sera-el-jueves\\\/#primaryimage\",\"url\":\"https:\\\/\\\/www.eldiario.net\\\/portal\\\/wp-content\\\/uploads\\\/2024\\\/07\\\/10-URUG.jpg\",\"contentUrl\":\"https:\\\/\\\/www.eldiario.net\\\/portal\\\/wp-content\\\/uploads\\\/2024\\\/07\\\/10-URUG.jpg\",\"width\":663,\"height\":399},{\"@type\":\"BreadcrumbList\",\"@id\":\"https:\\\/\\\/www.eldiario.net\\\/portal\\\/2024\\\/07\\\/10\\\/audiencia-de-uruguaya-detenida-con-marihuana-sera-el-jueves\\\/#breadcrumb\",\"itemListElement\":[{\"@type\":\"ListItem\",\"position\":1,\"name\":\"Portada\",\"item\":\"https:\\\/\\\/www.eldiario.net\\\/portal\\\/\"},{\"@type\":\"ListItem\",\"position\":2,\"name\":\"Audiencia de uruguaya detenida con marihuana ser\u00e1 el jueves\"}]},{\"@type\":\"WebSite\",\"@id\":\"https:\\\/\\\/www.eldiario.net\\\/portal\\\/#website\",\"url\":\"https:\\\/\\\/www.eldiario.net\\\/portal\\\/\",\"name\":\"El Diario - Decano de la prensa nacional\",\"description\":\"El Diario - Decano de la prensa nacional\",\"publisher\":{\"@id\":\"https:\\\/\\\/www.eldiario.net\\\/portal\\\/#organization\"},\"potentialAction\":[{\"@type\":\"SearchAction\",\"target\":{\"@type\":\"EntryPoint\",\"urlTemplate\":\"https:\\\/\\\/www.eldiario.net\\\/portal\\\/?s={search_term_string}\"},\"query-input\":{\"@type\":\"PropertyValueSpecification\",\"valueRequired\":true,\"valueName\":\"search_term_string\"}}],\"inLanguage\":\"es\"},{\"@type\":\"Organization\",\"@id\":\"https:\\\/\\\/www.eldiario.net\\\/portal\\\/#organization\",\"name\":\"El Diario - Decano de la prensa nacional\",\"url\":\"https:\\\/\\\/www.eldiario.net\\\/portal\\\/\",\"logo\":{\"@type\":\"ImageObject\",\"inLanguage\":\"es\",\"@id\":\"https:\\\/\\\/www.eldiario.net\\\/portal\\\/#\\\/schema\\\/logo\\\/image\\\/\",\"url\":\"https:\\\/\\\/www.eldiario.net\\\/portal\\\/wp-content\\\/uploads\\\/2023\\\/07\\\/logo_ED.jpg\",\"contentUrl\":\"https:\\\/\\\/www.eldiario.net\\\/portal\\\/wp-content\\\/uploads\\\/2023\\\/07\\\/logo_ED.jpg\",\"width\":272,\"height\":52,\"caption\":\"El Diario - Decano de la prensa nacional\"},\"image\":{\"@id\":\"https:\\\/\\\/www.eldiario.net\\\/portal\\\/#\\\/schema\\\/logo\\\/image\\\/\"},\"sameAs\":[\"https:\\\/\\\/www.facebook.com\\\/eldiario.bolivia\\\/\",\"https:\\\/\\\/x.com\\\/eldiario_net\"]},{\"@type\":\"Person\",\"@id\":\"https:\\\/\\\/www.eldiario.net\\\/portal\\\/#\\\/schema\\\/person\\\/f46445640444750d7d753ccd04ae01b7\",\"name\":\"Jeanette\",\"image\":{\"@type\":\"ImageObject\",\"inLanguage\":\"es\",\"@id\":\"https:\\\/\\\/secure.gravatar.com\\\/avatar\\\/3ea2118a5f7dad2b7138b1187a6b7ee55f160b9968b66013c3a3ef39dd7e5798?s=96&d=mm&r=g\",\"url\":\"https:\\\/\\\/secure.gravatar.com\\\/avatar\\\/3ea2118a5f7dad2b7138b1187a6b7ee55f160b9968b66013c3a3ef39dd7e5798?s=96&d=mm&r=g\",\"contentUrl\":\"https:\\\/\\\/secure.gravatar.com\\\/avatar\\\/3ea2118a5f7dad2b7138b1187a6b7ee55f160b9968b66013c3a3ef39dd7e5798?s=96&d=mm&r=g\",\"caption\":\"Jeanette\"},\"sameAs\":[\"https:\\\/\\\/www.eldiario.net\\\/portal\"],\"url\":\"https:\\\/\\\/www.eldiario.net\\\/portal\\\/author\\\/jeanette\\\/\"}]}<\/script>\n<!-- \/ Yoast SEO plugin. -->","yoast_head_json":{"title":"Audiencia de uruguaya detenida con marihuana ser\u00e1 el jueves - El Diario - Bolivia","robots":{"index":"index","follow":"follow","max-snippet":"max-snippet:-1","max-image-preview":"max-image-preview:large","max-video-preview":"max-video-preview:-1"},"canonical":"https:\/\/www.eldiario.net\/portal\/2024\/07\/10\/audiencia-de-uruguaya-detenida-con-marihuana-sera-el-jueves\/","og_locale":"es_ES","og_type":"article","og_title":"Audiencia de uruguaya detenida con marihuana ser\u00e1 el jueves - El Diario - Bolivia","og_description":"El abogado Rodrigo Rey, quien representa a una uruguaya de 27 a\u00f1os detenida en el penal de Obrajes por portar siete gramos de marihuana, inform\u00f3 que este jueves se definir\u00e1 la situaci\u00f3n jur\u00eddica de su defendida, quien acept\u00f3 ir a un juicio abreviado para quedar en libertad. \u201cQueremos que esa audiencia no se suspenda, porque [&hellip;]","og_url":"https:\/\/www.eldiario.net\/portal\/2024\/07\/10\/audiencia-de-uruguaya-detenida-con-marihuana-sera-el-jueves\/","og_site_name":"El Diario - Bolivia","article_publisher":"https:\/\/www.facebook.com\/eldiario.bolivia\/","article_published_time":"2024-07-10T09:55:18+00:00","article_modified_time":"2024-07-10T10:18:39+00:00","og_image":[{"width":663,"height":399,"url":"https:\/\/www.eldiario.net\/portal\/wp-content\/uploads\/2024\/07\/10-URUG.jpg","type":"image\/jpeg"}],"author":"Jeanette","twitter_card":"summary_large_image","twitter_creator":"@eldiario_net","twitter_site":"@eldiario_net","twitter_misc":{"Escrito por":"Jeanette","Tiempo de lectura":"2 minutos"},"schema":{"@context":"https:\/\/schema.org","@graph":[{"@type":"Article","@id":"https:\/\/www.eldiario.net\/portal\/2024\/07\/10\/audiencia-de-uruguaya-detenida-con-marihuana-sera-el-jueves\/#article","isPartOf":{"@id":"https:\/\/www.eldiario.net\/portal\/2024\/07\/10\/audiencia-de-uruguaya-detenida-con-marihuana-sera-el-jueves\/"},"author":{"name":"Jeanette","@id":"https:\/\/www.eldiario.net\/portal\/#\/schema\/person\/f46445640444750d7d753ccd04ae01b7"},"headline":"Audiencia de uruguaya detenida con marihuana ser\u00e1 el jueves","datePublished":"2024-07-10T09:55:18+00:00","dateModified":"2024-07-10T10:18:39+00:00","mainEntityOfPage":{"@id":"https:\/\/www.eldiario.net\/portal\/2024\/07\/10\/audiencia-de-uruguaya-detenida-con-marihuana-sera-el-jueves\/"},"wordCount":371,"commentCount":0,"publisher":{"@id":"https:\/\/www.eldiario.net\/portal\/#organization"},"image":{"@id":"https:\/\/www.eldiario.net\/portal\/2024\/07\/10\/audiencia-de-uruguaya-detenida-con-marihuana-sera-el-jueves\/#primaryimage"},"thumbnailUrl":"https:\/\/www.eldiario.net\/portal\/wp-content\/uploads\/2024\/07\/10-URUG.jpg","articleSection":["Sociedad - Seguridad"],"inLanguage":"es","potentialAction":[{"@type":"CommentAction","name":"Comment","target":["https:\/\/www.eldiario.net\/portal\/2024\/07\/10\/audiencia-de-uruguaya-detenida-con-marihuana-sera-el-jueves\/#respond"]}]},{"@type":"WebPage","@id":"https:\/\/www.eldiario.net\/portal\/2024\/07\/10\/audiencia-de-uruguaya-detenida-con-marihuana-sera-el-jueves\/","url":"https:\/\/www.eldiario.net\/portal\/2024\/07\/10\/audiencia-de-uruguaya-detenida-con-marihuana-sera-el-jueves\/","name":"Audiencia de uruguaya detenida con marihuana ser\u00e1 el jueves - El Diario - Bolivia","isPartOf":{"@id":"https:\/\/www.eldiario.net\/portal\/#website"},"primaryImageOfPage":{"@id":"https:\/\/www.eldiario.net\/portal\/2024\/07\/10\/audiencia-de-uruguaya-detenida-con-marihuana-sera-el-jueves\/#primaryimage"},"image":{"@id":"https:\/\/www.eldiario.net\/portal\/2024\/07\/10\/audiencia-de-uruguaya-detenida-con-marihuana-sera-el-jueves\/#primaryimage"},"thumbnailUrl":"https:\/\/www.eldiario.net\/portal\/wp-content\/uploads\/2024\/07\/10-URUG.jpg","datePublished":"2024-07-10T09:55:18+00:00","dateModified":"2024-07-10T10:18:39+00:00","breadcrumb":{"@id":"https:\/\/www.eldiario.net\/portal\/2024\/07\/10\/audiencia-de-uruguaya-detenida-con-marihuana-sera-el-jueves\/#breadcrumb"},"inLanguage":"es","potentialAction":[{"@type":"ReadAction","target":["https:\/\/www.eldiario.net\/portal\/2024\/07\/10\/audiencia-de-uruguaya-detenida-con-marihuana-sera-el-jueves\/"]}]},{"@type":"ImageObject","inLanguage":"es","@id":"https:\/\/www.eldiario.net\/portal\/2024\/07\/10\/audiencia-de-uruguaya-detenida-con-marihuana-sera-el-jueves\/#primaryimage","url":"https:\/\/www.eldiario.net\/portal\/wp-content\/uploads\/2024\/07\/10-URUG.jpg","contentUrl":"https:\/\/www.eldiario.net\/portal\/wp-content\/uploads\/2024\/07\/10-URUG.jpg","width":663,"height":399},{"@type":"BreadcrumbList","@id":"https:\/\/www.eldiario.net\/portal\/2024\/07\/10\/audiencia-de-uruguaya-detenida-con-marihuana-sera-el-jueves\/#breadcrumb","itemListElement":[{"@type":"ListItem","position":1,"name":"Portada","item":"https:\/\/www.eldiario.net\/portal\/"},{"@type":"ListItem","position":2,"name":"Audiencia de uruguaya detenida con marihuana ser\u00e1 el jueves"}]},{"@type":"WebSite","@id":"https:\/\/www.eldiario.net\/portal\/#website","url":"https:\/\/www.eldiario.net\/portal\/","name":"El Diario - Decano de la prensa nacional","description":"El Diario - Decano de la prensa nacional","publisher":{"@id":"https:\/\/www.eldiario.net\/portal\/#organization"},"potentialAction":[{"@type":"SearchAction","target":{"@type":"EntryPoint","urlTemplate":"https:\/\/www.eldiario.net\/portal\/?s={search_term_string}"},"query-input":{"@type":"PropertyValueSpecification","valueRequired":true,"valueName":"search_term_string"}}],"inLanguage":"es"},{"@type":"Organization","@id":"https:\/\/www.eldiario.net\/portal\/#organization","name":"El Diario - Decano de la prensa nacional","url":"https:\/\/www.eldiario.net\/portal\/","logo":{"@type":"ImageObject","inLanguage":"es","@id":"https:\/\/www.eldiario.net\/portal\/#\/schema\/logo\/image\/","url":"https:\/\/www.eldiario.net\/portal\/wp-content\/uploads\/2023\/07\/logo_ED.jpg","contentUrl":"https:\/\/www.eldiario.net\/portal\/wp-content\/uploads\/2023\/07\/logo_ED.jpg","width":272,"height":52,"caption":"El Diario - Decano de la prensa nacional"},"image":{"@id":"https:\/\/www.eldiario.net\/portal\/#\/schema\/logo\/image\/"},"sameAs":["https:\/\/www.facebook.com\/eldiario.bolivia\/","https:\/\/x.com\/eldiario_net"]},{"@type":"Person","@id":"https:\/\/www.eldiario.net\/portal\/#\/schema\/person\/f46445640444750d7d753ccd04ae01b7","name":"Jeanette","image":{"@type":"ImageObject","inLanguage":"es","@id":"https:\/\/secure.gravatar.com\/avatar\/3ea2118a5f7dad2b7138b1187a6b7ee55f160b9968b66013c3a3ef39dd7e5798?s=96&d=mm&r=g","url":"https:\/\/secure.gravatar.com\/avatar\/3ea2118a5f7dad2b7138b1187a6b7ee55f160b9968b66013c3a3ef39dd7e5798?s=96&d=mm&r=g","contentUrl":"https:\/\/secure.gravatar.com\/avatar\/3ea2118a5f7dad2b7138b1187a6b7ee55f160b9968b66013c3a3ef39dd7e5798?s=96&d=mm&r=g","caption":"Jeanette"},"sameAs":["https:\/\/www.eldiario.net\/portal"],"url":"https:\/\/www.eldiario.net\/portal\/author\/jeanette\/"}]}},"_links":{"self":[{"href":"https:\/\/www.eldiario.net\/portal\/wp-json\/wp\/v2\/posts\/232971","targetHints":{"allow":["GET"]}}],"collection":[{"href":"https:\/\/www.eldiario.net\/portal\/wp-json\/wp\/v2\/posts"}],"about":[{"href":"https:\/\/www.eldiario.net\/portal\/wp-json\/wp\/v2\/types\/post"}],"author":[{"embeddable":true,"href":"https:\/\/www.eldiario.net\/portal\/wp-json\/wp\/v2\/users\/1"}],"replies":[{"embeddable":true,"href":"https:\/\/www.eldiario.net\/portal\/wp-json\/wp\/v2\/comments?post=232971"}],"version-history":[{"count":1,"href":"https:\/\/www.eldiario.net\/portal\/wp-json\/wp\/v2\/posts\/232971\/revisions"}],"predecessor-version":[{"id":232972,"href":"https:\/\/www.eldiario.net\/portal\/wp-json\/wp\/v2\/posts\/232971\/revisions\/232972"}],"wp:featuredmedia":[{"embeddable":true,"href":"https:\/\/www.eldiario.net\/portal\/wp-json\/wp\/v2\/media\/233056"}],"wp:attachment":[{"href":"https:\/\/www.eldiario.net\/portal\/wp-json\/wp\/v2\/media?parent=232971"}],"wp:term":[{"taxonomy":"category","embeddable":true,"href":"https:\/\/www.eldiario.net\/portal\/wp-json\/wp\/v2\/categories?post=232971"},{"taxonomy":"post_tag","embeddable":true,"href":"https:\/\/www.eldiario.net\/portal\/wp-json\/wp\/v2\/tags?post=232971"}],"curies":[{"name":"wp","href":"https:\/\/api.w.org\/{rel}","templated":true}]}}