{"id":232959,"date":"2024-07-10T05:51:09","date_gmt":"2024-07-10T09:51:09","guid":{"rendered":"https:\/\/www.eldiario.net\/portal\/?p=232959"},"modified":"2024-07-10T05:51:09","modified_gmt":"2024-07-10T09:51:09","slug":"comunidad-tsimane-se-abre-paso-en-estacion-biologica-del-beni","status":"publish","type":"post","link":"https:\/\/www.eldiario.net\/portal\/2024\/07\/10\/comunidad-tsimane-se-abre-paso-en-estacion-biologica-del-beni\/","title":{"rendered":"Comunidad tsimane se abre paso  en Estaci\u00f3n Biol\u00f3gica del Beni"},"content":{"rendered":"<p>Celosos del cuidado del bosque, los pueblos ind\u00edgenas son, por lo general, sus guardianes naturales. Son los primeros en alzar la voz de denuncia cuando un invasor acecha su casa. Pero, \u00bfqu\u00e9 sucede cuando son ellos quienes encienden las motosierras y se abren camino en un \u00e1rea protegida, dejando centenares de \u00e1rboles por los suelos, a t\u00edtulo de necesidad y derecho ancestral?<br \/>\nLo que sigue a continuaci\u00f3n es la historia de una paradoja.<br \/>\nLos protagonistas son miembros de la etnia chim\u00e1n (tsimane) de la comunidad Campo Bello, colindante con el l\u00edmite sudoeste del \u00e1rea protegida Reserva de la Biosfera-Estaci\u00f3n Biol\u00f3gica del Beni (RB-EBB) cerca al r\u00edo Maniqui en San Borja, Beni.<br \/>\nPor otro lado, est\u00e1 la administraci\u00f3n de la Reserva y los guardaparques. Estos denuncian que los chimanes est\u00e1n \u201cavasallando\u201d un sector al interior del \u00e1rea protegida con la creaci\u00f3n de una nueva comunidad llamada Betel.<br \/>\nLos ind\u00edgenas arguyen que su ingreso hace seis a\u00f1os, quiz\u00e1 sean m\u00e1s, se justifica en parte, porque pertenece a su territorio tradicional, pese a que su Tierra Comunitaria de Origen (TCO) se sobrepone al \u00e1rea protegida solo en la parte noroeste y norte.<br \/>\nTambi\u00e9n aducen que ya no tienen espacio en los alrededores para la siembra y cosecha de pl\u00e1tano, arroz, yuca y ma\u00edz, principalmente. Adem\u00e1s, alegan que su lugar actual, Campo Bello, es bajo y se inunda en \u00e9poca de lluvia por la crecida del r\u00edo pudriendo sus productos, los cuales son su \u00fanica v\u00eda de subsistencia econ\u00f3mica tras venderlos a precios muy bajos en San Borja.<br \/>\nEn Betel ya hay al menos 20 familias que se han ido instalando desde 2018, siendo que el saneamiento final de la Reserva por parte del Instituto Nacional de Reforma Agraria (INRA) data de 1999 y legalmente, de acuerdo al Reglamento General de \u00c1reas Protegidas, no deber\u00eda permitirse ning\u00fan asentamiento nuevo. No obstante, la mayor parte de los pobladores de Campo Bello ya tienen sus chacos productivos ah\u00ed. Se trasladan a diario en motocicletas y a pie.<br \/>\nSumado al conflicto legal y sociocultural, dos bi\u00f3logos analizan las consecuencias de este tipo de asentamientos. Inundaciones, degradaci\u00f3n del bosque y el ecosistema con la inevitable afectaci\u00f3n a la fauna, son algunos de los efectos negativos. Incluso, en un escenario m\u00e1s complejo, comentan que si contin\u00faa el ingreso humano descontrolado al lugar, de aqu\u00ed a un tiempo ya no habr\u00eda \u00e1rea protegida que proteger.<\/p>\n<p>DISCORDIA<br \/>\nPara llegar a Campo Bello es preciso ingresar por la comunidad Galilea, ubicada a 15 minutos de San Borja por la carretera que une a ese municipio con San Ignacio de Moxos. De ah\u00ed en moto se llega en otros 15. La reuni\u00f3n con los chimanes de este lugar se pacta por la necesidad de contraparte para este reportaje. En la cancha de cemento del pueblo, un tinglado de techo plomizo, esperan varios hombres -entre los cuales est\u00e1n Rom\u00e1n Durvano Tayo (52) y Rub\u00e9n Quete Tayo (43)-, mujeres y ni\u00f1os.<br \/>\nRom\u00e1n es el actual corregidor de Campo Bello. Cuenta que en el lugar viven 60 familias de esa etnia, unas 325 personas. Recuerda que el origen de este asentamiento se puede rastrear hasta la primera d\u00e9cada del siglo XX y que para los tiempos actuales se quedaron sin espacio en sus parcelas productivas.<br \/>\n\u201cSolo tenemos 299 hect\u00e1reas, no es apto para chaquear; es peque\u00f1a la comunidad, por eso hemos entrado dentro del \u00e1rea protegida. De eso est\u00e1n molestos los guardaparques, ellos quieren que salgamos\u201d, dice Rom\u00e1n, quien viste una camisa ros\u00e1cea y tiene la voz bajita.<br \/>\nTres metros m\u00e1s all\u00e1 Rub\u00e9n observa la entrevista con Rom\u00e1n mientras manipula unas hojas de papel tama\u00f1o carta. Se trata, como despu\u00e9s mostrar\u00e1, del plano de la nueva comunidad de la cual es corregidor, Betel, y su personer\u00eda jur\u00eddica. \u00bfPor qu\u00e9 Betel? \u201cNosotros buscamos ese nombre en la Biblia\u201d, dir\u00e1 Rub\u00e9n un par de horas despu\u00e9s.<br \/>\nEl primer corregidor de Betel, Lorenzo Durvano Tayo (57), a\u00f1ade que ellos, los chimanes del lugar, son evang\u00e9licos y profesan la Palabra de Dios. En 1953 lleg\u00f3 a la regi\u00f3n la misi\u00f3n evang\u00e9lica Nuevas Tribus y hacia 1975 el ling\u00fcista Guillermo Hill termin\u00f3 de traducir la Biblia a la lengua tsimane, seg\u00fan el antrop\u00f3logo \u00c1lvaro D\u00edez Astete.<br \/>\nEse material fue usado \u201cintensivamente\u201d para la educaci\u00f3n biling\u00fce que realizaban los misioneros entre los a\u00f1os 1960 y 1990, refiere este investigador en su Compendio de etnias ind\u00edgenas y ecoregiones de Bolivia.<br \/>\nHoy en d\u00eda, varias d\u00e9cadas despu\u00e9s, la nueva, pol\u00e9mica, \u00bfe ilegal? comunidad Betel es objeto de ri\u00f1a. Para ir al lugar y conocer de qu\u00e9 se trata la demanda de la administraci\u00f3n de la Reserva, el conductor designado es Mario Tayo Durvano (28), presidente de la Junta Escolar de Campo Bello. 10 minutos despu\u00e9s de haber partido de Campo Bello, este padre de cinco ni\u00f1os se\u00f1ala en el suelo, desde la parte delantera de la moto, una l\u00ednea sobre la tierra. Dice, con el desenfado de quien no tiene nada de qu\u00e9 preocuparse, que es el inicio del \u00e1rea protegida. El veh\u00edculo avanza a velocidad constante.<br \/>\nDe a poco, la espesura arb\u00f3rea se convierte en una senda ancha. Adondequiera que se mire hay gigantes ca\u00eddos. Algunos yacen en el herbazal -en pleno proceso de desecado o quemados- y otros aun de pie, pero con medio cuerpo superior volado. Los hay de tronco grueso, como los bibosi, y los m\u00e1s delgados, chonta y palo Mar\u00eda. La caracter\u00edstica com\u00fan entre todos ellos es que los cortes presentan la lisura que solo podr\u00eda dejar una motosierra.<br \/>\nEl desembarco se da en el predio de Carmelo Canchi Saravia quien se estableci\u00f3 el lugar desde hace tres a\u00f1os y medio con su esposa y sus cinco hijos. Tiene dos casitas tipo pahuichi que \u00e9l mismo construy\u00f3. Mientras una de sus hijas, de siete a\u00f1os, juega con un machete, Carmelo cuenta que entraron al lugar huyendo de las inundaciones en \u00e9poca de lluvia. \u201c\u00bfD\u00f3nde m\u00e1s vamos a vivir?\u201d, dice cuando se le pregunta por el reclamo de los guardaparques.<br \/>\nEntrevistado sobre el tema, el concejal de San Borja C\u00e1ndido Neri Tayo, miembro de la etnia chim\u00e1n, sale en defensa de los suyos. \u201cCreo que tambi\u00e9n hay que entender a nuestros hermanos que son due\u00f1os de ese territorio; la ley no est\u00e1 escrita en piedra\u201d.<\/p>\n<p>AMENAZA<br \/>\nEl \u201cmotosierrismo\u201d al interior de esta \u00e1rea protegida y en sus zonas de influencia externa fue advertido hace m\u00e1s de una d\u00e9cada. Se expuso esa problem\u00e1tica en el Plan de Manejo de 2006 y tambi\u00e9n mediante el investigador Marco Octavio Ribera.<br \/>\nEn su obra Primera Aproximaci\u00f3n a un inventario de unidades ecoregionales amenazadas en Bolivia (2011), Ribera califica al bosque de la llanura amaz\u00f3nica preandina de la EBB-Apere como \u201cvulnerable\u201d y que \u201cla explotaci\u00f3n informal v\u00eda motosierrismo gener\u00f3 severas afectaciones a los ecosistemas y recursos, en especial sobre la mara y cedro\u201d.<br \/>\nCuando Carola Vaca Salazar dej\u00f3 la Jefatura de Protecci\u00f3n de la RB-EBB, el 22 de abril de 2021, denunci\u00f3 en su carta de renuncia que desde 2010, a\u00f1o de su ingreso, hubo presi\u00f3n pol\u00edtica constante, acoso y amenazas para que ni ella ni los guardaparques pudieran hacer un trabajo id\u00f3neo.<br \/>\nMencion\u00f3 que las amenazas del \u00e1rea protegida a esa fecha eran el cuartoneo (pr\u00e1ctica de tala para dividir en cuatro, a lo largo, un \u00e1rbol y facilitar su transporte) ilegal e \u201cintentos de avasallar el \u00e1rea so pretexto de ser propietarios al anterior proceso de saneamiento\u201d.<br \/>\n\u00bfY QU\u00c9 SUCEDE CON BETEL?<br \/>\n\u201cYo estuve 10 a\u00f1os de Jefa de Protecci\u00f3n y esa comunidad Betel toda la vida se quer\u00eda entrar y el d\u00eda que se entraban iban y los sac\u00e1bamos, despu\u00e9s ya se entraron nom\u00e1s\u201d, explica Vaca en entrevista telef\u00f3nica con La Nube. \u201cEl tema siempre fue la madera, ellos se entran para sacar madera, porque ellos tienen una comunidad que es Campo Bello; pero la mitad de los comentarios se fue a meter all\u00e1 porque quieren sacar madera\u201d, afirma.<br \/>\nMaguin Guti\u00e9rrez Cayuba es presidente del Gran Consejo Chim\u00e1n, la organizaci\u00f3n que aglutina y representa a todos los chimanes de Bolivia, m\u00e1s de 120 comunidades. Desde su oficina en San Borja, explica que en su etnia son, en esencia, cazadores y pescadores y que, adem\u00e1s, viven de los cultivos. El bosque, dice Guti\u00e9rrez, es madre, aire puro, mercado y una farmacia verde. Pero en el caso de las cercan\u00edas a la Estaci\u00f3n Biol\u00f3gica del Beni admite que en el \u00faltimo tiempo sus hermanos no actuaron de la mejor manera.<br \/>\nD\u00edez Astete, contactado para este trabajo period\u00edstico, explica que puede considerarse que los chimanes del lugar tienen un derecho coextensivo con esta \u00e1rea protegida siempre y cuando sea para sobrevivencia y garantizar su seguridad alimentaria, dado que son tradicionalmente cazadores y recolectores.<br \/>\n\u201cActualmente, cuando la sociedad externa ha venido apropi\u00e1ndose de su territorio ancestral de diferentes maneras, se comprende que las comunidades, y a veces solo familias chimane aisladas, recurran a volver al monte como puedan hacerlo\u201d. Sin embargo, observa que la motosierra es un instrumento depredador de los colonizadores y que es l\u00f3gico que su uso por parte de los chimanes sea asociado a una pr\u00e1ctica avasalladora.<br \/>\nEl plano de Betel es de mayo de 2017 y la personer\u00eda jur\u00eddica de 2019. El guardaparques, Marcos Uzquiano, apunta sobre el primero que no tiene ninguna legalidad, que fue hecho por un t\u00e9cnico particular y que no est\u00e1 aprobado por el INRA ni por ninguna entidad competente.<br \/>\nRespecto a la personer\u00eda jur\u00eddica, la Gobernaci\u00f3n de Beni inform\u00f3 para este reportaje que no existe ning\u00fan documento que les haya alertado de la superposici\u00f3n de la comunidad Betel y el \u00e1rea protegida. Adem\u00e1s, detallaron que quien hizo la solicitud de tr\u00e1mite fue Carlos Cari, quien en su momento se present\u00f3 ante esa oficina como \u201ccorregidor de la comunidad ind\u00edgena tsimane Betel\u201d.<br \/>\nSeg\u00fan el plano de Betel y contrastando los mapas existentes en el actual Plan de Manejo de la Reserva se observa que: es un \u00e1rea de bosque primario. En 2023 Global Forest Watch (GFW) report\u00f3 que por tres a\u00f1os seguidos Bolivia fue el tercer pa\u00eds en perder este tipo de vegetaci\u00f3n que es, en pocas palabras, un sistema de \u00e1rboles de gran tama\u00f1o mezclados con otros m\u00e1s peque\u00f1os, que almacenan carbono y regulan el clima.<br \/>\nEs una zona de uso extractivo; se permite recolecci\u00f3n, caza y pesca con m\u00e9todos tradicionales y se proh\u00edbe caminos o senderos para veh\u00edculos, adem\u00e1s de ser parte de la zona \u201ctamp\u00f3n\u201d que deber\u00eda amortiguar los efectos de las acciones humanas sobre la zona n\u00facleo.<br \/>\nSon tierras fiscales. Seg\u00fan el Reglamento General de \u00c1reas Protegidas, en tierras fiscales ubicadas en \u00e1reas protegidas solo podr\u00e1n otorgarse concesiones \u201cde uso para protecci\u00f3n de la biodiversidad, investigaci\u00f3n cient\u00edfica y ecoturismo\u201d, que no es el caso de Betel.<\/p>\n<p>INRA RESPALD\u00d3 A LA RESERVA<br \/>\nEl 12 de julio de 2023 a primera hora de la tarde hubo una reuni\u00f3n en el campamento Los Petos, una de las tres bases de operaci\u00f3n de los guardaparques de la RB-EBB, a escasos 100 metros de la ribera del r\u00edo Maniqui. El objetivo fue exponer los reparos de la administraci\u00f3n de la Reserva sobre el nuevo asentamiento.<br \/>\nEstuvieron presentes, seg\u00fan el acta del d\u00eda, el entonces Director Departamental del INRA Beni, Ramiro Ortiz; el abogado del INRA Beni, Alejandro Cruz; el Director de la RB-EBB, Rolando S\u00e1nchez de la Vega, miembros del Gran Consejo Chim\u00e1n, corregidores de las comunidades Campo Bello, Monte Rosa, Puerto Bel\u00e9n y Chacal, adem\u00e1s del presidente de Gesti\u00f3n de la Reserva y guardaparques.<br \/>\nDe acuerdo al acta, Cruz les explic\u00f3 a los comunarios \u201cque no existe ninguna posibilidad que el INRA proceda a sanear dentro de la jurisdicci\u00f3n de \u00e1reas protegidas\u201d. En tanto que Ortiz, m\u00e1s espec\u00edfico a\u00fan, les dijo que \u201cno se debe ni se puede ingresar bajo ning\u00fan concepto a sanear ni titular nuevos asentamientos humanos\u201d dentro de la Reserva. El Reglamento General de \u00c1reas Protegidas manda que \u201cla ocupaci\u00f3n ileg\u00edtima de APs no confiere ning\u00fan derecho a sus autores\u201d.<br \/>\nLa etn\u00f3loga Cecilia Miranda Ch\u00e1vez, quien tiene m\u00e1s de 25 a\u00f1os de experiencia en gesti\u00f3n de \u00e1reas protegidas, coincide con las apreciaciones de Ortiz y Cruz y a\u00f1ade que no es la primera vez que una comunidad chim\u00e1n est\u00e1 involucrada en \u201csaqueo\u201d de recursos naturales.<br \/>\nUn mes antes de la reuni\u00f3n en Los Petos, el 22 de junio de 2023 mediante una Resoluci\u00f3n, el Director de la Reserva instruy\u00f3 a Carlos Cari Caiti, quien tramit\u00f3 la personer\u00eda y es uno de los l\u00edderes de la comunidad, desalojar el \u00e1rea, paralizar desmontes y otras actividades. Pero al d\u00eda de hoy nada ha cambiado.<br \/>\n\u00bfQu\u00e9 pasar\u00e1 cuando los chacos de Betel reduzcan su productividad?<br \/>\nPese a todo lo expuesto, Rom\u00e1n avisa: \u201cestamos pensando ingresar m\u00e1s porque no hay espacio\u201d. Los cultivos de pl\u00e1tano, dice, solo aguantan un a\u00f1o en un lugar. \u201cCada a\u00f1o hay que habilitar de nuevo (un) chaco (\u2026). Estamos pidiendo (al Estado) que traslade el l\u00edmite (de la RB-EBB) \u2018m\u00e1s allacito\u2019, nosotros vamos a administrar esa tierra, tenemos planos y personer\u00eda jur\u00eddica de la comunidad Betel\u201d, responde para este reportaje.<br \/>\nPero Carola Vaca advierte que si estas acciones prosperan la zona n\u00facleo estar\u00eda en riesgo. \u201cAl entrar en la reserva est\u00e1n en un lugar estrat\u00e9gico, no necesitan pasar por el r\u00edo para sacar madera, est\u00e1n en un lugar donde pueden salir al camino\u201d. La zona n\u00facleo o zona de protecci\u00f3n estricta de la Reserva, indica el Plan de Manejo, representa el 30% del \u00e1rea protegida y alberga bosque alto denso no inundable, lagunas, pantanos y, entre otros animales, al mono lucachi cenizo, especie end\u00e9mica y en peligro de extinci\u00f3n.<br \/>\nEsta investigaci\u00f3n fue realizada en el marco del \u201cFondo concursable de periodismo de investigaci\u00f3n sobre la Amazon\u00eda boliviana y justicia clim\u00e1tica\u201d, organizado por el Ipdrs, con apoyo de Oxfam y ASDI. (San Borja, Beni\/La Nube, Gabriel D\u00edez Lacunza)<\/p>\n\r\n                <style type=\"text\/css\">\r\n                    \r\n                    #tdi_1  .td-doubleSlider-2 .td-item1 {\r\n                        background: url(https:\/\/www.eldiario.net\/portal\/wp-content\/uploads\/2024\/07\/70-NAL-4-80x60.jpg) 0 0 no-repeat;\r\n                    }\r\n                    #tdi_1  .td-doubleSlider-2 .td-item2 {\r\n                        background: url(https:\/\/www.eldiario.net\/portal\/wp-content\/uploads\/2024\/07\/71-NAL-5-80x60.jpg) 0 0 no-repeat;\r\n                    }\r\n                    #tdi_1  .td-doubleSlider-2 .td-item3 {\r\n                        background: url(https:\/\/www.eldiario.net\/portal\/wp-content\/uploads\/2024\/07\/72-NAL-5-80x60.jpg) 0 0 no-repeat;\r\n                    }\r\n                <\/style>\r\n\r\n                <div id=\"tdi_1\" class=\"td-gallery td-slide-on-2-columns\">\r\n                    <div class=\"post_td_gallery\">\r\n                        <div class=\"td-gallery-slide-top\">\r\n                           <div class=\"td-gallery-title\"><\/div>\r\n\r\n                            <div class=\"td-gallery-controls-wrapper\">\r\n                                <div class=\"td-gallery-slide-count\"><span class=\"td-gallery-slide-item-focus\">1<\/span> de 3<\/div>\r\n                                <div class=\"td-gallery-slide-prev-next-but\">\r\n                                    <i class = \"td-icon-left doubleSliderPrevButton\"><\/i>\r\n                                    <i class = \"td-icon-right doubleSliderNextButton\"><\/i>\r\n                                <\/div>\r\n                            <\/div>\r\n                        <\/div>\r\n\r\n                        <div class = \"td-doubleSlider-1 \">\r\n                            <div class = \"td-slider\">\r\n                                \r\n                    <div class = \"td-slide-item td-item1\">\r\n                        <figure class=\"td-slide-galery-figure td-slide-popup-gallery\">\r\n                            <a class=\"slide-gallery-image-link\" href=\"https:\/\/www.eldiario.net\/portal\/wp-content\/uploads\/2024\/07\/70-NAL-4.jpg\" title=\"70-NAL\"  data-caption=\"La acci\u00f3n de las motosierras depreda la naturaleza.\"  data-description=\"\">\r\n                                <img decoding=\"async\" src=\"https:\/\/www.eldiario.net\/portal\/wp-content\/uploads\/2024\/07\/70-NAL-4.jpg\" srcset=\"https:\/\/www.eldiario.net\/portal\/wp-content\/uploads\/2024\/07\/70-NAL-4.jpg 720w, https:\/\/www.eldiario.net\/portal\/wp-content\/uploads\/2024\/07\/70-NAL-4-300x170.jpg 300w, https:\/\/www.eldiario.net\/portal\/wp-content\/uploads\/2024\/07\/70-NAL-4-696x393.jpg 696w\" sizes=\"(max-width: 720px) 100vw, 720px\" alt=\"\">\r\n                            <\/a>\r\n                            <figcaption class = \"td-slide-caption td-gallery-slide-content\"><div class = \"td-gallery-slide-copywrite\">La acci\u00f3n de las motosierras depreda la naturaleza.<\/div><\/figcaption>\r\n                        <\/figure>\r\n                    <\/div>\r\n                    <div class = \"td-slide-item td-item2\">\r\n                        <figure class=\"td-slide-galery-figure td-slide-popup-gallery\">\r\n                            <a class=\"slide-gallery-image-link\" href=\"https:\/\/www.eldiario.net\/portal\/wp-content\/uploads\/2024\/07\/71-NAL-5.jpg\" title=\"71-NAL\"  data-caption=\"Una comunaria en la preparaci\u00f3n del sustento diario.\"  data-description=\"\">\r\n                                <img decoding=\"async\" src=\"https:\/\/www.eldiario.net\/portal\/wp-content\/uploads\/2024\/07\/71-NAL-5-690x420.jpg\" srcset=\"https:\/\/www.eldiario.net\/portal\/wp-content\/uploads\/2024\/07\/71-NAL-5-690x420.jpg 690w, https:\/\/www.eldiario.net\/portal\/wp-content\/uploads\/2024\/07\/71-NAL-5-300x183.jpg 300w, https:\/\/www.eldiario.net\/portal\/wp-content\/uploads\/2024\/07\/71-NAL-5-696x423.jpg 696w, https:\/\/www.eldiario.net\/portal\/wp-content\/uploads\/2024\/07\/71-NAL-5.jpg 720w\" sizes=\"(max-width: 690px) 100vw, 690px\" alt=\"\">\r\n                            <\/a>\r\n                            <figcaption class = \"td-slide-caption td-gallery-slide-content\"><div class = \"td-gallery-slide-copywrite\">Una comunaria en la preparaci\u00f3n del sustento diario.<\/div><\/figcaption>\r\n                        <\/figure>\r\n                    <\/div>\r\n                    <div class = \"td-slide-item td-item3\">\r\n                        <figure class=\"td-slide-galery-figure td-slide-popup-gallery\">\r\n                            <a class=\"slide-gallery-image-link\" href=\"https:\/\/www.eldiario.net\/portal\/wp-content\/uploads\/2024\/07\/72-NAL-5.jpg\" title=\"72-NAL\"  data-caption=\"El motosierrismo  genera severas afectaciones a los ecosistemas y recursos, en especial sobre la mara y cedro.\"  data-description=\"\">\r\n                                <img decoding=\"async\" src=\"https:\/\/www.eldiario.net\/portal\/wp-content\/uploads\/2024\/07\/72-NAL-5.jpg\" srcset=\"https:\/\/www.eldiario.net\/portal\/wp-content\/uploads\/2024\/07\/72-NAL-5.jpg 720w, https:\/\/www.eldiario.net\/portal\/wp-content\/uploads\/2024\/07\/72-NAL-5-300x172.jpg 300w, https:\/\/www.eldiario.net\/portal\/wp-content\/uploads\/2024\/07\/72-NAL-5-696x399.jpg 696w\" sizes=\"(max-width: 720px) 100vw, 720px\" alt=\"\">\r\n                            <\/a>\r\n                            <figcaption class = \"td-slide-caption td-gallery-slide-content\"><div class = \"td-gallery-slide-copywrite\">El motosierrismo  genera severas afectaciones a los ecosistemas y recursos, en especial sobre la mara y cedro.<\/div><\/figcaption>\r\n                        <\/figure>\r\n                    <\/div>\r\n                            <\/div>\r\n                        <\/div>\r\n\r\n                        <div class = \"td-doubleSlider-2\">\r\n                            <div class = \"td-slider\">\r\n                                \r\n                    <div class = \"td-button td-item1\">\r\n                        <div class = \"td-border\"><\/div>\r\n                    <\/div>\r\n                    <div class = \"td-button td-item2\">\r\n                        <div class = \"td-border\"><\/div>\r\n                    <\/div>\r\n                    <div class = \"td-button td-item3\">\r\n                        <div class = \"td-border\"><\/div>\r\n                    <\/div>\r\n                            <\/div>\r\n                        <\/div>\r\n\r\n                    <\/div>\r\n\r\n                <\/div>\r\n                \n","protected":false},"excerpt":{"rendered":"<p>Celosos del cuidado del bosque, los pueblos ind\u00edgenas son, por lo general, sus guardianes naturales. Son los primeros en alzar la voz de denuncia cuando un invasor acecha su casa. Pero, \u00bfqu\u00e9 sucede cuando son ellos quienes encienden las motosierras y se abren camino en un \u00e1rea protegida, dejando centenares de \u00e1rboles por los suelos, [&hellip;]<\/p>\n","protected":false},"author":1,"featured_media":232960,"comment_status":"open","ping_status":"open","sticky":false,"template":"","format":"standard","meta":{"_acf_changed":false,"footnotes":""},"categories":[12],"tags":[],"class_list":["post-232959","post","type-post","status-publish","format-standard","has-post-thumbnail","category-nacional"],"acf":{"antetitulo":"A plan de motosierras"},"yoast_head":"<!-- This site is optimized with the Yoast SEO plugin v28.4 - https:\/\/yoast.com\/product\/yoast-seo-wordpress\/ -->\n<title>Comunidad tsimane se abre paso en Estaci\u00f3n Biol\u00f3gica del Beni - El Diario - Bolivia<\/title>\n<meta name=\"robots\" content=\"index, follow, max-snippet:-1, max-image-preview:large, max-video-preview:-1\" \/>\n<link rel=\"canonical\" href=\"https:\/\/www.eldiario.net\/portal\/2024\/07\/10\/comunidad-tsimane-se-abre-paso-en-estacion-biologica-del-beni\/\" \/>\n<meta property=\"og:locale\" content=\"es_ES\" \/>\n<meta property=\"og:type\" content=\"article\" \/>\n<meta property=\"og:title\" content=\"Comunidad tsimane se abre paso en Estaci\u00f3n Biol\u00f3gica del Beni - El Diario - Bolivia\" \/>\n<meta property=\"og:description\" content=\"Celosos del cuidado del bosque, los pueblos ind\u00edgenas son, por lo general, sus guardianes naturales. Son los primeros en alzar la voz de denuncia cuando un invasor acecha su casa. Pero, \u00bfqu\u00e9 sucede cuando son ellos quienes encienden las motosierras y se abren camino en un \u00e1rea protegida, dejando centenares de \u00e1rboles por los suelos, [&hellip;]\" \/>\n<meta property=\"og:url\" content=\"https:\/\/www.eldiario.net\/portal\/2024\/07\/10\/comunidad-tsimane-se-abre-paso-en-estacion-biologica-del-beni\/\" \/>\n<meta property=\"og:site_name\" content=\"El Diario - Bolivia\" \/>\n<meta property=\"article:publisher\" content=\"https:\/\/www.facebook.com\/eldiario.bolivia\/\" \/>\n<meta property=\"article:published_time\" content=\"2024-07-10T09:51:09+00:00\" \/>\n<meta property=\"og:image\" content=\"https:\/\/www.eldiario.net\/portal\/wp-content\/uploads\/2024\/07\/70-NAL-4.jpg\" \/>\n\t<meta property=\"og:image:width\" content=\"720\" \/>\n\t<meta property=\"og:image:height\" content=\"407\" \/>\n\t<meta property=\"og:image:type\" content=\"image\/jpeg\" \/>\n<meta name=\"author\" content=\"Jeanette\" \/>\n<meta name=\"twitter:card\" content=\"summary_large_image\" \/>\n<meta name=\"twitter:creator\" content=\"@eldiario_net\" \/>\n<meta name=\"twitter:site\" content=\"@eldiario_net\" \/>\n<meta name=\"twitter:label1\" content=\"Escrito por\" \/>\n\t<meta name=\"twitter:data1\" content=\"Jeanette\" \/>\n\t<meta name=\"twitter:label2\" content=\"Tiempo de lectura\" \/>\n\t<meta name=\"twitter:data2\" content=\"11 minutos\" \/>\n<script type=\"application\/ld+json\" class=\"yoast-schema-graph\">{\"@context\":\"https:\\\/\\\/schema.org\",\"@graph\":[{\"@type\":\"Article\",\"@id\":\"https:\\\/\\\/www.eldiario.net\\\/portal\\\/2024\\\/07\\\/10\\\/comunidad-tsimane-se-abre-paso-en-estacion-biologica-del-beni\\\/#article\",\"isPartOf\":{\"@id\":\"https:\\\/\\\/www.eldiario.net\\\/portal\\\/2024\\\/07\\\/10\\\/comunidad-tsimane-se-abre-paso-en-estacion-biologica-del-beni\\\/\"},\"author\":{\"name\":\"Jeanette\",\"@id\":\"https:\\\/\\\/www.eldiario.net\\\/portal\\\/#\\\/schema\\\/person\\\/f46445640444750d7d753ccd04ae01b7\"},\"headline\":\"Comunidad tsimane se abre paso en Estaci\u00f3n Biol\u00f3gica del Beni\",\"datePublished\":\"2024-07-10T09:51:09+00:00\",\"mainEntityOfPage\":{\"@id\":\"https:\\\/\\\/www.eldiario.net\\\/portal\\\/2024\\\/07\\\/10\\\/comunidad-tsimane-se-abre-paso-en-estacion-biologica-del-beni\\\/\"},\"wordCount\":2482,\"commentCount\":0,\"publisher\":{\"@id\":\"https:\\\/\\\/www.eldiario.net\\\/portal\\\/#organization\"},\"image\":{\"@id\":\"https:\\\/\\\/www.eldiario.net\\\/portal\\\/2024\\\/07\\\/10\\\/comunidad-tsimane-se-abre-paso-en-estacion-biologica-del-beni\\\/#primaryimage\"},\"thumbnailUrl\":\"https:\\\/\\\/www.eldiario.net\\\/portal\\\/wp-content\\\/uploads\\\/2024\\\/07\\\/70-NAL-4.jpg\",\"articleSection\":[\"Nacional\"],\"inLanguage\":\"es\",\"potentialAction\":[{\"@type\":\"CommentAction\",\"name\":\"Comment\",\"target\":[\"https:\\\/\\\/www.eldiario.net\\\/portal\\\/2024\\\/07\\\/10\\\/comunidad-tsimane-se-abre-paso-en-estacion-biologica-del-beni\\\/#respond\"]}]},{\"@type\":\"WebPage\",\"@id\":\"https:\\\/\\\/www.eldiario.net\\\/portal\\\/2024\\\/07\\\/10\\\/comunidad-tsimane-se-abre-paso-en-estacion-biologica-del-beni\\\/\",\"url\":\"https:\\\/\\\/www.eldiario.net\\\/portal\\\/2024\\\/07\\\/10\\\/comunidad-tsimane-se-abre-paso-en-estacion-biologica-del-beni\\\/\",\"name\":\"Comunidad tsimane se abre paso en Estaci\u00f3n Biol\u00f3gica del Beni - El Diario - Bolivia\",\"isPartOf\":{\"@id\":\"https:\\\/\\\/www.eldiario.net\\\/portal\\\/#website\"},\"primaryImageOfPage\":{\"@id\":\"https:\\\/\\\/www.eldiario.net\\\/portal\\\/2024\\\/07\\\/10\\\/comunidad-tsimane-se-abre-paso-en-estacion-biologica-del-beni\\\/#primaryimage\"},\"image\":{\"@id\":\"https:\\\/\\\/www.eldiario.net\\\/portal\\\/2024\\\/07\\\/10\\\/comunidad-tsimane-se-abre-paso-en-estacion-biologica-del-beni\\\/#primaryimage\"},\"thumbnailUrl\":\"https:\\\/\\\/www.eldiario.net\\\/portal\\\/wp-content\\\/uploads\\\/2024\\\/07\\\/70-NAL-4.jpg\",\"datePublished\":\"2024-07-10T09:51:09+00:00\",\"breadcrumb\":{\"@id\":\"https:\\\/\\\/www.eldiario.net\\\/portal\\\/2024\\\/07\\\/10\\\/comunidad-tsimane-se-abre-paso-en-estacion-biologica-del-beni\\\/#breadcrumb\"},\"inLanguage\":\"es\",\"potentialAction\":[{\"@type\":\"ReadAction\",\"target\":[\"https:\\\/\\\/www.eldiario.net\\\/portal\\\/2024\\\/07\\\/10\\\/comunidad-tsimane-se-abre-paso-en-estacion-biologica-del-beni\\\/\"]}]},{\"@type\":\"ImageObject\",\"inLanguage\":\"es\",\"@id\":\"https:\\\/\\\/www.eldiario.net\\\/portal\\\/2024\\\/07\\\/10\\\/comunidad-tsimane-se-abre-paso-en-estacion-biologica-del-beni\\\/#primaryimage\",\"url\":\"https:\\\/\\\/www.eldiario.net\\\/portal\\\/wp-content\\\/uploads\\\/2024\\\/07\\\/70-NAL-4.jpg\",\"contentUrl\":\"https:\\\/\\\/www.eldiario.net\\\/portal\\\/wp-content\\\/uploads\\\/2024\\\/07\\\/70-NAL-4.jpg\",\"width\":720,\"height\":407,\"caption\":\"La acci\u00f3n de las motosierras depreda la naturaleza.\"},{\"@type\":\"BreadcrumbList\",\"@id\":\"https:\\\/\\\/www.eldiario.net\\\/portal\\\/2024\\\/07\\\/10\\\/comunidad-tsimane-se-abre-paso-en-estacion-biologica-del-beni\\\/#breadcrumb\",\"itemListElement\":[{\"@type\":\"ListItem\",\"position\":1,\"name\":\"Portada\",\"item\":\"https:\\\/\\\/www.eldiario.net\\\/portal\\\/\"},{\"@type\":\"ListItem\",\"position\":2,\"name\":\"Comunidad tsimane se abre paso en Estaci\u00f3n Biol\u00f3gica del Beni\"}]},{\"@type\":\"WebSite\",\"@id\":\"https:\\\/\\\/www.eldiario.net\\\/portal\\\/#website\",\"url\":\"https:\\\/\\\/www.eldiario.net\\\/portal\\\/\",\"name\":\"El Diario - Decano de la prensa nacional\",\"description\":\"El Diario - Decano de la prensa nacional\",\"publisher\":{\"@id\":\"https:\\\/\\\/www.eldiario.net\\\/portal\\\/#organization\"},\"potentialAction\":[{\"@type\":\"SearchAction\",\"target\":{\"@type\":\"EntryPoint\",\"urlTemplate\":\"https:\\\/\\\/www.eldiario.net\\\/portal\\\/?s={search_term_string}\"},\"query-input\":{\"@type\":\"PropertyValueSpecification\",\"valueRequired\":true,\"valueName\":\"search_term_string\"}}],\"inLanguage\":\"es\"},{\"@type\":\"Organization\",\"@id\":\"https:\\\/\\\/www.eldiario.net\\\/portal\\\/#organization\",\"name\":\"El Diario - Decano de la prensa nacional\",\"url\":\"https:\\\/\\\/www.eldiario.net\\\/portal\\\/\",\"logo\":{\"@type\":\"ImageObject\",\"inLanguage\":\"es\",\"@id\":\"https:\\\/\\\/www.eldiario.net\\\/portal\\\/#\\\/schema\\\/logo\\\/image\\\/\",\"url\":\"https:\\\/\\\/www.eldiario.net\\\/portal\\\/wp-content\\\/uploads\\\/2023\\\/07\\\/logo_ED.jpg\",\"contentUrl\":\"https:\\\/\\\/www.eldiario.net\\\/portal\\\/wp-content\\\/uploads\\\/2023\\\/07\\\/logo_ED.jpg\",\"width\":272,\"height\":52,\"caption\":\"El Diario - Decano de la prensa nacional\"},\"image\":{\"@id\":\"https:\\\/\\\/www.eldiario.net\\\/portal\\\/#\\\/schema\\\/logo\\\/image\\\/\"},\"sameAs\":[\"https:\\\/\\\/www.facebook.com\\\/eldiario.bolivia\\\/\",\"https:\\\/\\\/x.com\\\/eldiario_net\"]},{\"@type\":\"Person\",\"@id\":\"https:\\\/\\\/www.eldiario.net\\\/portal\\\/#\\\/schema\\\/person\\\/f46445640444750d7d753ccd04ae01b7\",\"name\":\"Jeanette\",\"image\":{\"@type\":\"ImageObject\",\"inLanguage\":\"es\",\"@id\":\"https:\\\/\\\/secure.gravatar.com\\\/avatar\\\/3ea2118a5f7dad2b7138b1187a6b7ee55f160b9968b66013c3a3ef39dd7e5798?s=96&d=mm&r=g\",\"url\":\"https:\\\/\\\/secure.gravatar.com\\\/avatar\\\/3ea2118a5f7dad2b7138b1187a6b7ee55f160b9968b66013c3a3ef39dd7e5798?s=96&d=mm&r=g\",\"contentUrl\":\"https:\\\/\\\/secure.gravatar.com\\\/avatar\\\/3ea2118a5f7dad2b7138b1187a6b7ee55f160b9968b66013c3a3ef39dd7e5798?s=96&d=mm&r=g\",\"caption\":\"Jeanette\"},\"sameAs\":[\"https:\\\/\\\/www.eldiario.net\\\/portal\"],\"url\":\"https:\\\/\\\/www.eldiario.net\\\/portal\\\/author\\\/jeanette\\\/\"}]}<\/script>\n<!-- \/ Yoast SEO plugin. -->","yoast_head_json":{"title":"Comunidad tsimane se abre paso en Estaci\u00f3n Biol\u00f3gica del Beni - El Diario - Bolivia","robots":{"index":"index","follow":"follow","max-snippet":"max-snippet:-1","max-image-preview":"max-image-preview:large","max-video-preview":"max-video-preview:-1"},"canonical":"https:\/\/www.eldiario.net\/portal\/2024\/07\/10\/comunidad-tsimane-se-abre-paso-en-estacion-biologica-del-beni\/","og_locale":"es_ES","og_type":"article","og_title":"Comunidad tsimane se abre paso en Estaci\u00f3n Biol\u00f3gica del Beni - El Diario - Bolivia","og_description":"Celosos del cuidado del bosque, los pueblos ind\u00edgenas son, por lo general, sus guardianes naturales. Son los primeros en alzar la voz de denuncia cuando un invasor acecha su casa. Pero, \u00bfqu\u00e9 sucede cuando son ellos quienes encienden las motosierras y se abren camino en un \u00e1rea protegida, dejando centenares de \u00e1rboles por los suelos, [&hellip;]","og_url":"https:\/\/www.eldiario.net\/portal\/2024\/07\/10\/comunidad-tsimane-se-abre-paso-en-estacion-biologica-del-beni\/","og_site_name":"El Diario - Bolivia","article_publisher":"https:\/\/www.facebook.com\/eldiario.bolivia\/","article_published_time":"2024-07-10T09:51:09+00:00","og_image":[{"width":720,"height":407,"url":"https:\/\/www.eldiario.net\/portal\/wp-content\/uploads\/2024\/07\/70-NAL-4.jpg","type":"image\/jpeg"}],"author":"Jeanette","twitter_card":"summary_large_image","twitter_creator":"@eldiario_net","twitter_site":"@eldiario_net","twitter_misc":{"Escrito por":"Jeanette","Tiempo de lectura":"11 minutos"},"schema":{"@context":"https:\/\/schema.org","@graph":[{"@type":"Article","@id":"https:\/\/www.eldiario.net\/portal\/2024\/07\/10\/comunidad-tsimane-se-abre-paso-en-estacion-biologica-del-beni\/#article","isPartOf":{"@id":"https:\/\/www.eldiario.net\/portal\/2024\/07\/10\/comunidad-tsimane-se-abre-paso-en-estacion-biologica-del-beni\/"},"author":{"name":"Jeanette","@id":"https:\/\/www.eldiario.net\/portal\/#\/schema\/person\/f46445640444750d7d753ccd04ae01b7"},"headline":"Comunidad tsimane se abre paso en Estaci\u00f3n Biol\u00f3gica del Beni","datePublished":"2024-07-10T09:51:09+00:00","mainEntityOfPage":{"@id":"https:\/\/www.eldiario.net\/portal\/2024\/07\/10\/comunidad-tsimane-se-abre-paso-en-estacion-biologica-del-beni\/"},"wordCount":2482,"commentCount":0,"publisher":{"@id":"https:\/\/www.eldiario.net\/portal\/#organization"},"image":{"@id":"https:\/\/www.eldiario.net\/portal\/2024\/07\/10\/comunidad-tsimane-se-abre-paso-en-estacion-biologica-del-beni\/#primaryimage"},"thumbnailUrl":"https:\/\/www.eldiario.net\/portal\/wp-content\/uploads\/2024\/07\/70-NAL-4.jpg","articleSection":["Nacional"],"inLanguage":"es","potentialAction":[{"@type":"CommentAction","name":"Comment","target":["https:\/\/www.eldiario.net\/portal\/2024\/07\/10\/comunidad-tsimane-se-abre-paso-en-estacion-biologica-del-beni\/#respond"]}]},{"@type":"WebPage","@id":"https:\/\/www.eldiario.net\/portal\/2024\/07\/10\/comunidad-tsimane-se-abre-paso-en-estacion-biologica-del-beni\/","url":"https:\/\/www.eldiario.net\/portal\/2024\/07\/10\/comunidad-tsimane-se-abre-paso-en-estacion-biologica-del-beni\/","name":"Comunidad tsimane se abre paso en Estaci\u00f3n Biol\u00f3gica del Beni - El Diario - Bolivia","isPartOf":{"@id":"https:\/\/www.eldiario.net\/portal\/#website"},"primaryImageOfPage":{"@id":"https:\/\/www.eldiario.net\/portal\/2024\/07\/10\/comunidad-tsimane-se-abre-paso-en-estacion-biologica-del-beni\/#primaryimage"},"image":{"@id":"https:\/\/www.eldiario.net\/portal\/2024\/07\/10\/comunidad-tsimane-se-abre-paso-en-estacion-biologica-del-beni\/#primaryimage"},"thumbnailUrl":"https:\/\/www.eldiario.net\/portal\/wp-content\/uploads\/2024\/07\/70-NAL-4.jpg","datePublished":"2024-07-10T09:51:09+00:00","breadcrumb":{"@id":"https:\/\/www.eldiario.net\/portal\/2024\/07\/10\/comunidad-tsimane-se-abre-paso-en-estacion-biologica-del-beni\/#breadcrumb"},"inLanguage":"es","potentialAction":[{"@type":"ReadAction","target":["https:\/\/www.eldiario.net\/portal\/2024\/07\/10\/comunidad-tsimane-se-abre-paso-en-estacion-biologica-del-beni\/"]}]},{"@type":"ImageObject","inLanguage":"es","@id":"https:\/\/www.eldiario.net\/portal\/2024\/07\/10\/comunidad-tsimane-se-abre-paso-en-estacion-biologica-del-beni\/#primaryimage","url":"https:\/\/www.eldiario.net\/portal\/wp-content\/uploads\/2024\/07\/70-NAL-4.jpg","contentUrl":"https:\/\/www.eldiario.net\/portal\/wp-content\/uploads\/2024\/07\/70-NAL-4.jpg","width":720,"height":407,"caption":"La acci\u00f3n de las motosierras depreda la naturaleza."},{"@type":"BreadcrumbList","@id":"https:\/\/www.eldiario.net\/portal\/2024\/07\/10\/comunidad-tsimane-se-abre-paso-en-estacion-biologica-del-beni\/#breadcrumb","itemListElement":[{"@type":"ListItem","position":1,"name":"Portada","item":"https:\/\/www.eldiario.net\/portal\/"},{"@type":"ListItem","position":2,"name":"Comunidad tsimane se abre paso en Estaci\u00f3n Biol\u00f3gica del Beni"}]},{"@type":"WebSite","@id":"https:\/\/www.eldiario.net\/portal\/#website","url":"https:\/\/www.eldiario.net\/portal\/","name":"El Diario - Decano de la prensa nacional","description":"El Diario - Decano de la prensa nacional","publisher":{"@id":"https:\/\/www.eldiario.net\/portal\/#organization"},"potentialAction":[{"@type":"SearchAction","target":{"@type":"EntryPoint","urlTemplate":"https:\/\/www.eldiario.net\/portal\/?s={search_term_string}"},"query-input":{"@type":"PropertyValueSpecification","valueRequired":true,"valueName":"search_term_string"}}],"inLanguage":"es"},{"@type":"Organization","@id":"https:\/\/www.eldiario.net\/portal\/#organization","name":"El Diario - Decano de la prensa nacional","url":"https:\/\/www.eldiario.net\/portal\/","logo":{"@type":"ImageObject","inLanguage":"es","@id":"https:\/\/www.eldiario.net\/portal\/#\/schema\/logo\/image\/","url":"https:\/\/www.eldiario.net\/portal\/wp-content\/uploads\/2023\/07\/logo_ED.jpg","contentUrl":"https:\/\/www.eldiario.net\/portal\/wp-content\/uploads\/2023\/07\/logo_ED.jpg","width":272,"height":52,"caption":"El Diario - Decano de la prensa nacional"},"image":{"@id":"https:\/\/www.eldiario.net\/portal\/#\/schema\/logo\/image\/"},"sameAs":["https:\/\/www.facebook.com\/eldiario.bolivia\/","https:\/\/x.com\/eldiario_net"]},{"@type":"Person","@id":"https:\/\/www.eldiario.net\/portal\/#\/schema\/person\/f46445640444750d7d753ccd04ae01b7","name":"Jeanette","image":{"@type":"ImageObject","inLanguage":"es","@id":"https:\/\/secure.gravatar.com\/avatar\/3ea2118a5f7dad2b7138b1187a6b7ee55f160b9968b66013c3a3ef39dd7e5798?s=96&d=mm&r=g","url":"https:\/\/secure.gravatar.com\/avatar\/3ea2118a5f7dad2b7138b1187a6b7ee55f160b9968b66013c3a3ef39dd7e5798?s=96&d=mm&r=g","contentUrl":"https:\/\/secure.gravatar.com\/avatar\/3ea2118a5f7dad2b7138b1187a6b7ee55f160b9968b66013c3a3ef39dd7e5798?s=96&d=mm&r=g","caption":"Jeanette"},"sameAs":["https:\/\/www.eldiario.net\/portal"],"url":"https:\/\/www.eldiario.net\/portal\/author\/jeanette\/"}]}},"_links":{"self":[{"href":"https:\/\/www.eldiario.net\/portal\/wp-json\/wp\/v2\/posts\/232959","targetHints":{"allow":["GET"]}}],"collection":[{"href":"https:\/\/www.eldiario.net\/portal\/wp-json\/wp\/v2\/posts"}],"about":[{"href":"https:\/\/www.eldiario.net\/portal\/wp-json\/wp\/v2\/types\/post"}],"author":[{"embeddable":true,"href":"https:\/\/www.eldiario.net\/portal\/wp-json\/wp\/v2\/users\/1"}],"replies":[{"embeddable":true,"href":"https:\/\/www.eldiario.net\/portal\/wp-json\/wp\/v2\/comments?post=232959"}],"version-history":[{"count":1,"href":"https:\/\/www.eldiario.net\/portal\/wp-json\/wp\/v2\/posts\/232959\/revisions"}],"predecessor-version":[{"id":232963,"href":"https:\/\/www.eldiario.net\/portal\/wp-json\/wp\/v2\/posts\/232959\/revisions\/232963"}],"wp:featuredmedia":[{"embeddable":true,"href":"https:\/\/www.eldiario.net\/portal\/wp-json\/wp\/v2\/media\/232960"}],"wp:attachment":[{"href":"https:\/\/www.eldiario.net\/portal\/wp-json\/wp\/v2\/media?parent=232959"}],"wp:term":[{"taxonomy":"category","embeddable":true,"href":"https:\/\/www.eldiario.net\/portal\/wp-json\/wp\/v2\/categories?post=232959"},{"taxonomy":"post_tag","embeddable":true,"href":"https:\/\/www.eldiario.net\/portal\/wp-json\/wp\/v2\/tags?post=232959"}],"curies":[{"name":"wp","href":"https:\/\/api.w.org\/{rel}","templated":true}]}}