{"id":232956,"date":"2024-07-10T05:48:22","date_gmt":"2024-07-10T09:48:22","guid":{"rendered":"https:\/\/www.eldiario.net\/portal\/?p=232956"},"modified":"2024-07-10T05:48:22","modified_gmt":"2024-07-10T09:48:22","slug":"gobiernos-de-bolivia-y-brasil-firman-10-acuerdos-bilaterales","status":"publish","type":"post","link":"https:\/\/www.eldiario.net\/portal\/2024\/07\/10\/gobiernos-de-bolivia-y-brasil-firman-10-acuerdos-bilaterales\/","title":{"rendered":"Gobiernos de Bolivia y Brasil firman 10 acuerdos bilaterales"},"content":{"rendered":"<p>Los presidentes Luis Arce, de Bolivia, y Lula da Silva, de Brasil, suscribieron ayer 10 acuerdos bilaterales en la capital cruce\u00f1a. Los convenios van desde la lucha contra la trata y tr\u00e1fico de personas, lucha contra el narcotr\u00e1fico, temas de acceso de salud entre los pa\u00edses y cooperaci\u00f3n energ\u00e9tica.<br \/>\nAmbos mandatarios presidieron el trabajo t\u00e9cnico de sus ministros que concluy\u00f3 con la firma de acuerdos, en el marco de la reuni\u00f3n bilateral. \u201cHoy arranca una nueva era de las relaciones exteriores, relaciones entre Brasil y Bolivia\u201d, dijo Arce; entretanto, su colega brasile\u00f1o asegur\u00f3 que \u201cha iniciado una nueva era para Brasil y Bolivia\u201d.<br \/>\nTambi\u00e9n abordaron el tema de aumentar vol\u00famenes de venta de gas e inversiones de Petrobras en el pa\u00eds, en materia de exploraci\u00f3n ante el fracaso de Yacimientos Petrol\u00edferos Fiscales (YPFB) en esta actividad.<br \/>\nAl respecto, el presidente del Colegio Departamental de Economistas de Tarija, Fernando Romero, evalu\u00f3 los acuerdos efectuados entre Bolivia y Brasil, dijo que la iniciativa no resuelve los problemas econ\u00f3micos del pa\u00eds en el corto plazo, pero adem\u00e1s genera desaf\u00edos para el pa\u00eds.<br \/>\nAsimismo, sostuvo que se necesitan medidas estructurales, sobre todo en el \u00e1mbito fiscal, generar estabilidad pol\u00edtica y social en el pa\u00eds, y un reajuste importante en su modelo econ\u00f3mico y de gesti\u00f3n p\u00fablica que garantice la actividad privada empresarial tanto nacional como extranjera; empero, dijo que se abren oportunidades y se presentan grandes retos para el sector p\u00fablico y privado con los acuerdos, memor\u00e1ndum, adendas y dem\u00e1s convenios.<\/p>\n","protected":false},"excerpt":{"rendered":"<p>Los presidentes Luis Arce, de Bolivia, y Lula da Silva, de Brasil, suscribieron ayer 10 acuerdos bilaterales en la capital cruce\u00f1a. Los convenios van desde la lucha contra la trata y tr\u00e1fico de personas, lucha contra el narcotr\u00e1fico, temas de acceso de salud entre los pa\u00edses y cooperaci\u00f3n energ\u00e9tica. Ambos mandatarios presidieron el trabajo t\u00e9cnico [&hellip;]<\/p>\n","protected":false},"author":1,"featured_media":232957,"comment_status":"open","ping_status":"open","sticky":false,"template":"","format":"standard","meta":{"_acf_changed":false,"footnotes":""},"categories":[17],"tags":[],"class_list":["post-232956","post","type-post","status-publish","format-standard","has-post-thumbnail","category-principal"],"acf":{"antetitulo":"En \u00e1reas econ\u00f3micas y sociales"},"yoast_head":"<!-- This site is optimized with the Yoast SEO plugin v28.4 - https:\/\/yoast.com\/product\/yoast-seo-wordpress\/ -->\n<title>Gobiernos de Bolivia y Brasil firman 10 acuerdos bilaterales - El Diario - Bolivia<\/title>\n<meta name=\"robots\" content=\"index, follow, max-snippet:-1, max-image-preview:large, max-video-preview:-1\" \/>\n<link rel=\"canonical\" href=\"https:\/\/www.eldiario.net\/portal\/2024\/07\/10\/gobiernos-de-bolivia-y-brasil-firman-10-acuerdos-bilaterales\/\" \/>\n<meta property=\"og:locale\" content=\"es_ES\" \/>\n<meta property=\"og:type\" content=\"article\" \/>\n<meta property=\"og:title\" content=\"Gobiernos de Bolivia y Brasil firman 10 acuerdos bilaterales - El Diario - Bolivia\" \/>\n<meta property=\"og:description\" content=\"Los presidentes Luis Arce, de Bolivia, y Lula da Silva, de Brasil, suscribieron ayer 10 acuerdos bilaterales en la capital cruce\u00f1a. Los convenios van desde la lucha contra la trata y tr\u00e1fico de personas, lucha contra el narcotr\u00e1fico, temas de acceso de salud entre los pa\u00edses y cooperaci\u00f3n energ\u00e9tica. Ambos mandatarios presidieron el trabajo t\u00e9cnico [&hellip;]\" \/>\n<meta property=\"og:url\" content=\"https:\/\/www.eldiario.net\/portal\/2024\/07\/10\/gobiernos-de-bolivia-y-brasil-firman-10-acuerdos-bilaterales\/\" \/>\n<meta property=\"og:site_name\" content=\"El Diario - Bolivia\" \/>\n<meta property=\"article:publisher\" content=\"https:\/\/www.facebook.com\/eldiario.bolivia\/\" \/>\n<meta property=\"article:published_time\" content=\"2024-07-10T09:48:22+00:00\" \/>\n<meta property=\"og:image\" content=\"https:\/\/www.eldiario.net\/portal\/wp-content\/uploads\/2024\/07\/P-1-15-cm-x-11-2.jpg\" \/>\n\t<meta property=\"og:image:width\" content=\"1200\" \/>\n\t<meta property=\"og:image:height\" content=\"864\" \/>\n\t<meta property=\"og:image:type\" content=\"image\/jpeg\" \/>\n<meta name=\"author\" content=\"Jeanette\" \/>\n<meta name=\"twitter:card\" content=\"summary_large_image\" \/>\n<meta name=\"twitter:creator\" content=\"@eldiario_net\" \/>\n<meta name=\"twitter:site\" content=\"@eldiario_net\" \/>\n<meta name=\"twitter:label1\" content=\"Escrito por\" \/>\n\t<meta name=\"twitter:data1\" content=\"Jeanette\" \/>\n\t<meta name=\"twitter:label2\" content=\"Tiempo de lectura\" \/>\n\t<meta name=\"twitter:data2\" content=\"2 minutos\" \/>\n<script type=\"application\/ld+json\" class=\"yoast-schema-graph\">{\"@context\":\"https:\\\/\\\/schema.org\",\"@graph\":[{\"@type\":\"Article\",\"@id\":\"https:\\\/\\\/www.eldiario.net\\\/portal\\\/2024\\\/07\\\/10\\\/gobiernos-de-bolivia-y-brasil-firman-10-acuerdos-bilaterales\\\/#article\",\"isPartOf\":{\"@id\":\"https:\\\/\\\/www.eldiario.net\\\/portal\\\/2024\\\/07\\\/10\\\/gobiernos-de-bolivia-y-brasil-firman-10-acuerdos-bilaterales\\\/\"},\"author\":{\"name\":\"Jeanette\",\"@id\":\"https:\\\/\\\/www.eldiario.net\\\/portal\\\/#\\\/schema\\\/person\\\/f46445640444750d7d753ccd04ae01b7\"},\"headline\":\"Gobiernos de Bolivia y Brasil firman 10 acuerdos bilaterales\",\"datePublished\":\"2024-07-10T09:48:22+00:00\",\"mainEntityOfPage\":{\"@id\":\"https:\\\/\\\/www.eldiario.net\\\/portal\\\/2024\\\/07\\\/10\\\/gobiernos-de-bolivia-y-brasil-firman-10-acuerdos-bilaterales\\\/\"},\"wordCount\":281,\"commentCount\":0,\"publisher\":{\"@id\":\"https:\\\/\\\/www.eldiario.net\\\/portal\\\/#organization\"},\"image\":{\"@id\":\"https:\\\/\\\/www.eldiario.net\\\/portal\\\/2024\\\/07\\\/10\\\/gobiernos-de-bolivia-y-brasil-firman-10-acuerdos-bilaterales\\\/#primaryimage\"},\"thumbnailUrl\":\"https:\\\/\\\/www.eldiario.net\\\/portal\\\/wp-content\\\/uploads\\\/2024\\\/07\\\/P-1-15-cm-x-11-2.jpg\",\"articleSection\":[\"Principal\"],\"inLanguage\":\"es\",\"potentialAction\":[{\"@type\":\"CommentAction\",\"name\":\"Comment\",\"target\":[\"https:\\\/\\\/www.eldiario.net\\\/portal\\\/2024\\\/07\\\/10\\\/gobiernos-de-bolivia-y-brasil-firman-10-acuerdos-bilaterales\\\/#respond\"]}]},{\"@type\":\"WebPage\",\"@id\":\"https:\\\/\\\/www.eldiario.net\\\/portal\\\/2024\\\/07\\\/10\\\/gobiernos-de-bolivia-y-brasil-firman-10-acuerdos-bilaterales\\\/\",\"url\":\"https:\\\/\\\/www.eldiario.net\\\/portal\\\/2024\\\/07\\\/10\\\/gobiernos-de-bolivia-y-brasil-firman-10-acuerdos-bilaterales\\\/\",\"name\":\"Gobiernos de Bolivia y Brasil firman 10 acuerdos bilaterales - El Diario - Bolivia\",\"isPartOf\":{\"@id\":\"https:\\\/\\\/www.eldiario.net\\\/portal\\\/#website\"},\"primaryImageOfPage\":{\"@id\":\"https:\\\/\\\/www.eldiario.net\\\/portal\\\/2024\\\/07\\\/10\\\/gobiernos-de-bolivia-y-brasil-firman-10-acuerdos-bilaterales\\\/#primaryimage\"},\"image\":{\"@id\":\"https:\\\/\\\/www.eldiario.net\\\/portal\\\/2024\\\/07\\\/10\\\/gobiernos-de-bolivia-y-brasil-firman-10-acuerdos-bilaterales\\\/#primaryimage\"},\"thumbnailUrl\":\"https:\\\/\\\/www.eldiario.net\\\/portal\\\/wp-content\\\/uploads\\\/2024\\\/07\\\/P-1-15-cm-x-11-2.jpg\",\"datePublished\":\"2024-07-10T09:48:22+00:00\",\"breadcrumb\":{\"@id\":\"https:\\\/\\\/www.eldiario.net\\\/portal\\\/2024\\\/07\\\/10\\\/gobiernos-de-bolivia-y-brasil-firman-10-acuerdos-bilaterales\\\/#breadcrumb\"},\"inLanguage\":\"es\",\"potentialAction\":[{\"@type\":\"ReadAction\",\"target\":[\"https:\\\/\\\/www.eldiario.net\\\/portal\\\/2024\\\/07\\\/10\\\/gobiernos-de-bolivia-y-brasil-firman-10-acuerdos-bilaterales\\\/\"]}]},{\"@type\":\"ImageObject\",\"inLanguage\":\"es\",\"@id\":\"https:\\\/\\\/www.eldiario.net\\\/portal\\\/2024\\\/07\\\/10\\\/gobiernos-de-bolivia-y-brasil-firman-10-acuerdos-bilaterales\\\/#primaryimage\",\"url\":\"https:\\\/\\\/www.eldiario.net\\\/portal\\\/wp-content\\\/uploads\\\/2024\\\/07\\\/P-1-15-cm-x-11-2.jpg\",\"contentUrl\":\"https:\\\/\\\/www.eldiario.net\\\/portal\\\/wp-content\\\/uploads\\\/2024\\\/07\\\/P-1-15-cm-x-11-2.jpg\",\"width\":1200,\"height\":864,\"caption\":\"Tras la reuni\u00f3n de los presidentes de Brasil, Luiz In\u00e1cio Lula da Silva y de Bolivia, Luis Arce, se firmaron tres memorandos de entendimiento, una adenda y dos cartas de intenci\u00f3n.\"},{\"@type\":\"BreadcrumbList\",\"@id\":\"https:\\\/\\\/www.eldiario.net\\\/portal\\\/2024\\\/07\\\/10\\\/gobiernos-de-bolivia-y-brasil-firman-10-acuerdos-bilaterales\\\/#breadcrumb\",\"itemListElement\":[{\"@type\":\"ListItem\",\"position\":1,\"name\":\"Portada\",\"item\":\"https:\\\/\\\/www.eldiario.net\\\/portal\\\/\"},{\"@type\":\"ListItem\",\"position\":2,\"name\":\"Gobiernos de Bolivia y Brasil firman 10 acuerdos bilaterales\"}]},{\"@type\":\"WebSite\",\"@id\":\"https:\\\/\\\/www.eldiario.net\\\/portal\\\/#website\",\"url\":\"https:\\\/\\\/www.eldiario.net\\\/portal\\\/\",\"name\":\"El Diario - Decano de la prensa nacional\",\"description\":\"El Diario - Decano de la prensa nacional\",\"publisher\":{\"@id\":\"https:\\\/\\\/www.eldiario.net\\\/portal\\\/#organization\"},\"potentialAction\":[{\"@type\":\"SearchAction\",\"target\":{\"@type\":\"EntryPoint\",\"urlTemplate\":\"https:\\\/\\\/www.eldiario.net\\\/portal\\\/?s={search_term_string}\"},\"query-input\":{\"@type\":\"PropertyValueSpecification\",\"valueRequired\":true,\"valueName\":\"search_term_string\"}}],\"inLanguage\":\"es\"},{\"@type\":\"Organization\",\"@id\":\"https:\\\/\\\/www.eldiario.net\\\/portal\\\/#organization\",\"name\":\"El Diario - Decano de la prensa nacional\",\"url\":\"https:\\\/\\\/www.eldiario.net\\\/portal\\\/\",\"logo\":{\"@type\":\"ImageObject\",\"inLanguage\":\"es\",\"@id\":\"https:\\\/\\\/www.eldiario.net\\\/portal\\\/#\\\/schema\\\/logo\\\/image\\\/\",\"url\":\"https:\\\/\\\/www.eldiario.net\\\/portal\\\/wp-content\\\/uploads\\\/2023\\\/07\\\/logo_ED.jpg\",\"contentUrl\":\"https:\\\/\\\/www.eldiario.net\\\/portal\\\/wp-content\\\/uploads\\\/2023\\\/07\\\/logo_ED.jpg\",\"width\":272,\"height\":52,\"caption\":\"El Diario - Decano de la prensa nacional\"},\"image\":{\"@id\":\"https:\\\/\\\/www.eldiario.net\\\/portal\\\/#\\\/schema\\\/logo\\\/image\\\/\"},\"sameAs\":[\"https:\\\/\\\/www.facebook.com\\\/eldiario.bolivia\\\/\",\"https:\\\/\\\/x.com\\\/eldiario_net\"]},{\"@type\":\"Person\",\"@id\":\"https:\\\/\\\/www.eldiario.net\\\/portal\\\/#\\\/schema\\\/person\\\/f46445640444750d7d753ccd04ae01b7\",\"name\":\"Jeanette\",\"image\":{\"@type\":\"ImageObject\",\"inLanguage\":\"es\",\"@id\":\"https:\\\/\\\/secure.gravatar.com\\\/avatar\\\/3ea2118a5f7dad2b7138b1187a6b7ee55f160b9968b66013c3a3ef39dd7e5798?s=96&d=mm&r=g\",\"url\":\"https:\\\/\\\/secure.gravatar.com\\\/avatar\\\/3ea2118a5f7dad2b7138b1187a6b7ee55f160b9968b66013c3a3ef39dd7e5798?s=96&d=mm&r=g\",\"contentUrl\":\"https:\\\/\\\/secure.gravatar.com\\\/avatar\\\/3ea2118a5f7dad2b7138b1187a6b7ee55f160b9968b66013c3a3ef39dd7e5798?s=96&d=mm&r=g\",\"caption\":\"Jeanette\"},\"sameAs\":[\"https:\\\/\\\/www.eldiario.net\\\/portal\"],\"url\":\"https:\\\/\\\/www.eldiario.net\\\/portal\\\/author\\\/jeanette\\\/\"}]}<\/script>\n<!-- \/ Yoast SEO plugin. -->","yoast_head_json":{"title":"Gobiernos de Bolivia y Brasil firman 10 acuerdos bilaterales - El Diario - Bolivia","robots":{"index":"index","follow":"follow","max-snippet":"max-snippet:-1","max-image-preview":"max-image-preview:large","max-video-preview":"max-video-preview:-1"},"canonical":"https:\/\/www.eldiario.net\/portal\/2024\/07\/10\/gobiernos-de-bolivia-y-brasil-firman-10-acuerdos-bilaterales\/","og_locale":"es_ES","og_type":"article","og_title":"Gobiernos de Bolivia y Brasil firman 10 acuerdos bilaterales - El Diario - Bolivia","og_description":"Los presidentes Luis Arce, de Bolivia, y Lula da Silva, de Brasil, suscribieron ayer 10 acuerdos bilaterales en la capital cruce\u00f1a. Los convenios van desde la lucha contra la trata y tr\u00e1fico de personas, lucha contra el narcotr\u00e1fico, temas de acceso de salud entre los pa\u00edses y cooperaci\u00f3n energ\u00e9tica. Ambos mandatarios presidieron el trabajo t\u00e9cnico [&hellip;]","og_url":"https:\/\/www.eldiario.net\/portal\/2024\/07\/10\/gobiernos-de-bolivia-y-brasil-firman-10-acuerdos-bilaterales\/","og_site_name":"El Diario - Bolivia","article_publisher":"https:\/\/www.facebook.com\/eldiario.bolivia\/","article_published_time":"2024-07-10T09:48:22+00:00","og_image":[{"width":1200,"height":864,"url":"https:\/\/www.eldiario.net\/portal\/wp-content\/uploads\/2024\/07\/P-1-15-cm-x-11-2.jpg","type":"image\/jpeg"}],"author":"Jeanette","twitter_card":"summary_large_image","twitter_creator":"@eldiario_net","twitter_site":"@eldiario_net","twitter_misc":{"Escrito por":"Jeanette","Tiempo de lectura":"2 minutos"},"schema":{"@context":"https:\/\/schema.org","@graph":[{"@type":"Article","@id":"https:\/\/www.eldiario.net\/portal\/2024\/07\/10\/gobiernos-de-bolivia-y-brasil-firman-10-acuerdos-bilaterales\/#article","isPartOf":{"@id":"https:\/\/www.eldiario.net\/portal\/2024\/07\/10\/gobiernos-de-bolivia-y-brasil-firman-10-acuerdos-bilaterales\/"},"author":{"name":"Jeanette","@id":"https:\/\/www.eldiario.net\/portal\/#\/schema\/person\/f46445640444750d7d753ccd04ae01b7"},"headline":"Gobiernos de Bolivia y Brasil firman 10 acuerdos bilaterales","datePublished":"2024-07-10T09:48:22+00:00","mainEntityOfPage":{"@id":"https:\/\/www.eldiario.net\/portal\/2024\/07\/10\/gobiernos-de-bolivia-y-brasil-firman-10-acuerdos-bilaterales\/"},"wordCount":281,"commentCount":0,"publisher":{"@id":"https:\/\/www.eldiario.net\/portal\/#organization"},"image":{"@id":"https:\/\/www.eldiario.net\/portal\/2024\/07\/10\/gobiernos-de-bolivia-y-brasil-firman-10-acuerdos-bilaterales\/#primaryimage"},"thumbnailUrl":"https:\/\/www.eldiario.net\/portal\/wp-content\/uploads\/2024\/07\/P-1-15-cm-x-11-2.jpg","articleSection":["Principal"],"inLanguage":"es","potentialAction":[{"@type":"CommentAction","name":"Comment","target":["https:\/\/www.eldiario.net\/portal\/2024\/07\/10\/gobiernos-de-bolivia-y-brasil-firman-10-acuerdos-bilaterales\/#respond"]}]},{"@type":"WebPage","@id":"https:\/\/www.eldiario.net\/portal\/2024\/07\/10\/gobiernos-de-bolivia-y-brasil-firman-10-acuerdos-bilaterales\/","url":"https:\/\/www.eldiario.net\/portal\/2024\/07\/10\/gobiernos-de-bolivia-y-brasil-firman-10-acuerdos-bilaterales\/","name":"Gobiernos de Bolivia y Brasil firman 10 acuerdos bilaterales - El Diario - Bolivia","isPartOf":{"@id":"https:\/\/www.eldiario.net\/portal\/#website"},"primaryImageOfPage":{"@id":"https:\/\/www.eldiario.net\/portal\/2024\/07\/10\/gobiernos-de-bolivia-y-brasil-firman-10-acuerdos-bilaterales\/#primaryimage"},"image":{"@id":"https:\/\/www.eldiario.net\/portal\/2024\/07\/10\/gobiernos-de-bolivia-y-brasil-firman-10-acuerdos-bilaterales\/#primaryimage"},"thumbnailUrl":"https:\/\/www.eldiario.net\/portal\/wp-content\/uploads\/2024\/07\/P-1-15-cm-x-11-2.jpg","datePublished":"2024-07-10T09:48:22+00:00","breadcrumb":{"@id":"https:\/\/www.eldiario.net\/portal\/2024\/07\/10\/gobiernos-de-bolivia-y-brasil-firman-10-acuerdos-bilaterales\/#breadcrumb"},"inLanguage":"es","potentialAction":[{"@type":"ReadAction","target":["https:\/\/www.eldiario.net\/portal\/2024\/07\/10\/gobiernos-de-bolivia-y-brasil-firman-10-acuerdos-bilaterales\/"]}]},{"@type":"ImageObject","inLanguage":"es","@id":"https:\/\/www.eldiario.net\/portal\/2024\/07\/10\/gobiernos-de-bolivia-y-brasil-firman-10-acuerdos-bilaterales\/#primaryimage","url":"https:\/\/www.eldiario.net\/portal\/wp-content\/uploads\/2024\/07\/P-1-15-cm-x-11-2.jpg","contentUrl":"https:\/\/www.eldiario.net\/portal\/wp-content\/uploads\/2024\/07\/P-1-15-cm-x-11-2.jpg","width":1200,"height":864,"caption":"Tras la reuni\u00f3n de los presidentes de Brasil, Luiz In\u00e1cio Lula da Silva y de Bolivia, Luis Arce, se firmaron tres memorandos de entendimiento, una adenda y dos cartas de intenci\u00f3n."},{"@type":"BreadcrumbList","@id":"https:\/\/www.eldiario.net\/portal\/2024\/07\/10\/gobiernos-de-bolivia-y-brasil-firman-10-acuerdos-bilaterales\/#breadcrumb","itemListElement":[{"@type":"ListItem","position":1,"name":"Portada","item":"https:\/\/www.eldiario.net\/portal\/"},{"@type":"ListItem","position":2,"name":"Gobiernos de Bolivia y Brasil firman 10 acuerdos bilaterales"}]},{"@type":"WebSite","@id":"https:\/\/www.eldiario.net\/portal\/#website","url":"https:\/\/www.eldiario.net\/portal\/","name":"El Diario - Decano de la prensa nacional","description":"El Diario - Decano de la prensa nacional","publisher":{"@id":"https:\/\/www.eldiario.net\/portal\/#organization"},"potentialAction":[{"@type":"SearchAction","target":{"@type":"EntryPoint","urlTemplate":"https:\/\/www.eldiario.net\/portal\/?s={search_term_string}"},"query-input":{"@type":"PropertyValueSpecification","valueRequired":true,"valueName":"search_term_string"}}],"inLanguage":"es"},{"@type":"Organization","@id":"https:\/\/www.eldiario.net\/portal\/#organization","name":"El Diario - Decano de la prensa nacional","url":"https:\/\/www.eldiario.net\/portal\/","logo":{"@type":"ImageObject","inLanguage":"es","@id":"https:\/\/www.eldiario.net\/portal\/#\/schema\/logo\/image\/","url":"https:\/\/www.eldiario.net\/portal\/wp-content\/uploads\/2023\/07\/logo_ED.jpg","contentUrl":"https:\/\/www.eldiario.net\/portal\/wp-content\/uploads\/2023\/07\/logo_ED.jpg","width":272,"height":52,"caption":"El Diario - Decano de la prensa nacional"},"image":{"@id":"https:\/\/www.eldiario.net\/portal\/#\/schema\/logo\/image\/"},"sameAs":["https:\/\/www.facebook.com\/eldiario.bolivia\/","https:\/\/x.com\/eldiario_net"]},{"@type":"Person","@id":"https:\/\/www.eldiario.net\/portal\/#\/schema\/person\/f46445640444750d7d753ccd04ae01b7","name":"Jeanette","image":{"@type":"ImageObject","inLanguage":"es","@id":"https:\/\/secure.gravatar.com\/avatar\/3ea2118a5f7dad2b7138b1187a6b7ee55f160b9968b66013c3a3ef39dd7e5798?s=96&d=mm&r=g","url":"https:\/\/secure.gravatar.com\/avatar\/3ea2118a5f7dad2b7138b1187a6b7ee55f160b9968b66013c3a3ef39dd7e5798?s=96&d=mm&r=g","contentUrl":"https:\/\/secure.gravatar.com\/avatar\/3ea2118a5f7dad2b7138b1187a6b7ee55f160b9968b66013c3a3ef39dd7e5798?s=96&d=mm&r=g","caption":"Jeanette"},"sameAs":["https:\/\/www.eldiario.net\/portal"],"url":"https:\/\/www.eldiario.net\/portal\/author\/jeanette\/"}]}},"_links":{"self":[{"href":"https:\/\/www.eldiario.net\/portal\/wp-json\/wp\/v2\/posts\/232956","targetHints":{"allow":["GET"]}}],"collection":[{"href":"https:\/\/www.eldiario.net\/portal\/wp-json\/wp\/v2\/posts"}],"about":[{"href":"https:\/\/www.eldiario.net\/portal\/wp-json\/wp\/v2\/types\/post"}],"author":[{"embeddable":true,"href":"https:\/\/www.eldiario.net\/portal\/wp-json\/wp\/v2\/users\/1"}],"replies":[{"embeddable":true,"href":"https:\/\/www.eldiario.net\/portal\/wp-json\/wp\/v2\/comments?post=232956"}],"version-history":[{"count":1,"href":"https:\/\/www.eldiario.net\/portal\/wp-json\/wp\/v2\/posts\/232956\/revisions"}],"predecessor-version":[{"id":232958,"href":"https:\/\/www.eldiario.net\/portal\/wp-json\/wp\/v2\/posts\/232956\/revisions\/232958"}],"wp:featuredmedia":[{"embeddable":true,"href":"https:\/\/www.eldiario.net\/portal\/wp-json\/wp\/v2\/media\/232957"}],"wp:attachment":[{"href":"https:\/\/www.eldiario.net\/portal\/wp-json\/wp\/v2\/media?parent=232956"}],"wp:term":[{"taxonomy":"category","embeddable":true,"href":"https:\/\/www.eldiario.net\/portal\/wp-json\/wp\/v2\/categories?post=232956"},{"taxonomy":"post_tag","embeddable":true,"href":"https:\/\/www.eldiario.net\/portal\/wp-json\/wp\/v2\/tags?post=232956"}],"curies":[{"name":"wp","href":"https:\/\/api.w.org\/{rel}","templated":true}]}}