{"id":232941,"date":"2024-07-10T05:44:31","date_gmt":"2024-07-10T09:44:31","guid":{"rendered":"https:\/\/www.eldiario.net\/portal\/?p=232941"},"modified":"2024-07-10T05:44:31","modified_gmt":"2024-07-10T09:44:31","slug":"maduro-prepara-escenario-de-violencia-para-comicios","status":"publish","type":"post","link":"https:\/\/www.eldiario.net\/portal\/2024\/07\/10\/maduro-prepara-escenario-de-violencia-para-comicios\/","title":{"rendered":"Maduro prepara \u201cescenario de violencia\u201d para comicios"},"content":{"rendered":"<p>El discurso del r\u00e9gimen de Nicol\u00e1s Maduro dirigido a \u201cfabricar un escenario de violencia\u201d de cara a las elecciones presidenciales del pr\u00f3ximo 28 de julio, gener\u00f3 la preocupaci\u00f3n del Partido Comunista de Venezuela (PCV).<br \/>\nNeirlay Andrade, integrante del Bur\u00f3 Pol\u00edtico del PCV, sostuvo que el chavismo busca fomentar la abstenci\u00f3n a trav\u00e9s de pr\u00e1cticas que siembran temor y desesperanza en la poblaci\u00f3n. \u201cEstamos hablando de provocaciones, de detenciones arbitrarias\u201d, advirti\u00f3.<br \/>\nAdem\u00e1s, se\u00f1al\u00f3 que se est\u00e1n creando \u201cmatrices de opini\u00f3n dirigidas a sembrar dudas sobre el desenlace del proceso electoral\u201d, lo cual va acompa\u00f1ado de calificativos despectivos para personas que cuestionan al gobierno.<\/p>\n","protected":false},"excerpt":{"rendered":"<p>El discurso del r\u00e9gimen de Nicol\u00e1s Maduro dirigido a \u201cfabricar un escenario de violencia\u201d de cara a las elecciones presidenciales del pr\u00f3ximo 28 de julio, gener\u00f3 la preocupaci\u00f3n del Partido Comunista de Venezuela (PCV). Neirlay Andrade, integrante del Bur\u00f3 Pol\u00edtico del PCV, sostuvo que el chavismo busca fomentar la abstenci\u00f3n a trav\u00e9s de pr\u00e1cticas que [&hellip;]<\/p>\n","protected":false},"author":1,"featured_media":232942,"comment_status":"open","ping_status":"open","sticky":false,"template":"","format":"standard","meta":{"_acf_changed":false,"footnotes":""},"categories":[15],"tags":[],"class_list":["post-232941","post","type-post","status-publish","format-standard","has-post-thumbnail","category-portada"],"acf":{"antetitulo":"Advertencia de oposici\u00f3n"},"yoast_head":"<!-- This site is optimized with the Yoast SEO plugin v28.4 - https:\/\/yoast.com\/product\/yoast-seo-wordpress\/ -->\n<title>Maduro prepara \u201cescenario de violencia\u201d para comicios - El Diario - Bolivia<\/title>\n<meta name=\"robots\" content=\"index, follow, max-snippet:-1, max-image-preview:large, max-video-preview:-1\" \/>\n<link rel=\"canonical\" href=\"https:\/\/www.eldiario.net\/portal\/2024\/07\/10\/maduro-prepara-escenario-de-violencia-para-comicios\/\" \/>\n<meta property=\"og:locale\" content=\"es_ES\" \/>\n<meta property=\"og:type\" content=\"article\" \/>\n<meta property=\"og:title\" content=\"Maduro prepara \u201cescenario de violencia\u201d para comicios - El Diario - Bolivia\" \/>\n<meta property=\"og:description\" content=\"El discurso del r\u00e9gimen de Nicol\u00e1s Maduro dirigido a \u201cfabricar un escenario de violencia\u201d de cara a las elecciones presidenciales del pr\u00f3ximo 28 de julio, gener\u00f3 la preocupaci\u00f3n del Partido Comunista de Venezuela (PCV). Neirlay Andrade, integrante del Bur\u00f3 Pol\u00edtico del PCV, sostuvo que el chavismo busca fomentar la abstenci\u00f3n a trav\u00e9s de pr\u00e1cticas que [&hellip;]\" \/>\n<meta property=\"og:url\" content=\"https:\/\/www.eldiario.net\/portal\/2024\/07\/10\/maduro-prepara-escenario-de-violencia-para-comicios\/\" \/>\n<meta property=\"og:site_name\" content=\"El Diario - Bolivia\" \/>\n<meta property=\"article:publisher\" content=\"https:\/\/www.facebook.com\/eldiario.bolivia\/\" \/>\n<meta property=\"article:published_time\" content=\"2024-07-10T09:44:31+00:00\" \/>\n<meta property=\"og:image\" content=\"https:\/\/www.eldiario.net\/portal\/wp-content\/uploads\/2024\/07\/P-6-10-cm-x-7.jpg\" \/>\n\t<meta property=\"og:image:width\" content=\"449\" \/>\n\t<meta property=\"og:image:height\" content=\"204\" \/>\n\t<meta property=\"og:image:type\" content=\"image\/jpeg\" \/>\n<meta name=\"author\" content=\"Jeanette\" \/>\n<meta name=\"twitter:card\" content=\"summary_large_image\" \/>\n<meta name=\"twitter:creator\" content=\"@eldiario_net\" \/>\n<meta name=\"twitter:site\" content=\"@eldiario_net\" \/>\n<meta name=\"twitter:label1\" content=\"Escrito por\" \/>\n\t<meta name=\"twitter:data1\" content=\"Jeanette\" \/>\n\t<meta name=\"twitter:label2\" content=\"Tiempo de lectura\" \/>\n\t<meta name=\"twitter:data2\" content=\"1 minuto\" \/>\n<script type=\"application\/ld+json\" class=\"yoast-schema-graph\">{\"@context\":\"https:\\\/\\\/schema.org\",\"@graph\":[{\"@type\":\"Article\",\"@id\":\"https:\\\/\\\/www.eldiario.net\\\/portal\\\/2024\\\/07\\\/10\\\/maduro-prepara-escenario-de-violencia-para-comicios\\\/#article\",\"isPartOf\":{\"@id\":\"https:\\\/\\\/www.eldiario.net\\\/portal\\\/2024\\\/07\\\/10\\\/maduro-prepara-escenario-de-violencia-para-comicios\\\/\"},\"author\":{\"name\":\"Jeanette\",\"@id\":\"https:\\\/\\\/www.eldiario.net\\\/portal\\\/#\\\/schema\\\/person\\\/f46445640444750d7d753ccd04ae01b7\"},\"headline\":\"Maduro prepara \u201cescenario de violencia\u201d para comicios\",\"datePublished\":\"2024-07-10T09:44:31+00:00\",\"mainEntityOfPage\":{\"@id\":\"https:\\\/\\\/www.eldiario.net\\\/portal\\\/2024\\\/07\\\/10\\\/maduro-prepara-escenario-de-violencia-para-comicios\\\/\"},\"wordCount\":122,\"commentCount\":0,\"publisher\":{\"@id\":\"https:\\\/\\\/www.eldiario.net\\\/portal\\\/#organization\"},\"image\":{\"@id\":\"https:\\\/\\\/www.eldiario.net\\\/portal\\\/2024\\\/07\\\/10\\\/maduro-prepara-escenario-de-violencia-para-comicios\\\/#primaryimage\"},\"thumbnailUrl\":\"https:\\\/\\\/www.eldiario.net\\\/portal\\\/wp-content\\\/uploads\\\/2024\\\/07\\\/P-6-10-cm-x-7.jpg\",\"articleSection\":[\"Portada\"],\"inLanguage\":\"es\",\"potentialAction\":[{\"@type\":\"CommentAction\",\"name\":\"Comment\",\"target\":[\"https:\\\/\\\/www.eldiario.net\\\/portal\\\/2024\\\/07\\\/10\\\/maduro-prepara-escenario-de-violencia-para-comicios\\\/#respond\"]}]},{\"@type\":\"WebPage\",\"@id\":\"https:\\\/\\\/www.eldiario.net\\\/portal\\\/2024\\\/07\\\/10\\\/maduro-prepara-escenario-de-violencia-para-comicios\\\/\",\"url\":\"https:\\\/\\\/www.eldiario.net\\\/portal\\\/2024\\\/07\\\/10\\\/maduro-prepara-escenario-de-violencia-para-comicios\\\/\",\"name\":\"Maduro prepara \u201cescenario de violencia\u201d para comicios - El Diario - Bolivia\",\"isPartOf\":{\"@id\":\"https:\\\/\\\/www.eldiario.net\\\/portal\\\/#website\"},\"primaryImageOfPage\":{\"@id\":\"https:\\\/\\\/www.eldiario.net\\\/portal\\\/2024\\\/07\\\/10\\\/maduro-prepara-escenario-de-violencia-para-comicios\\\/#primaryimage\"},\"image\":{\"@id\":\"https:\\\/\\\/www.eldiario.net\\\/portal\\\/2024\\\/07\\\/10\\\/maduro-prepara-escenario-de-violencia-para-comicios\\\/#primaryimage\"},\"thumbnailUrl\":\"https:\\\/\\\/www.eldiario.net\\\/portal\\\/wp-content\\\/uploads\\\/2024\\\/07\\\/P-6-10-cm-x-7.jpg\",\"datePublished\":\"2024-07-10T09:44:31+00:00\",\"breadcrumb\":{\"@id\":\"https:\\\/\\\/www.eldiario.net\\\/portal\\\/2024\\\/07\\\/10\\\/maduro-prepara-escenario-de-violencia-para-comicios\\\/#breadcrumb\"},\"inLanguage\":\"es\",\"potentialAction\":[{\"@type\":\"ReadAction\",\"target\":[\"https:\\\/\\\/www.eldiario.net\\\/portal\\\/2024\\\/07\\\/10\\\/maduro-prepara-escenario-de-violencia-para-comicios\\\/\"]}]},{\"@type\":\"ImageObject\",\"inLanguage\":\"es\",\"@id\":\"https:\\\/\\\/www.eldiario.net\\\/portal\\\/2024\\\/07\\\/10\\\/maduro-prepara-escenario-de-violencia-para-comicios\\\/#primaryimage\",\"url\":\"https:\\\/\\\/www.eldiario.net\\\/portal\\\/wp-content\\\/uploads\\\/2024\\\/07\\\/P-6-10-cm-x-7.jpg\",\"contentUrl\":\"https:\\\/\\\/www.eldiario.net\\\/portal\\\/wp-content\\\/uploads\\\/2024\\\/07\\\/P-6-10-cm-x-7.jpg\",\"width\":449,\"height\":204,\"caption\":\"La advertencia del Partido Comunista de Venezuela sobre Maduro y las elecciones presidenciales.\"},{\"@type\":\"BreadcrumbList\",\"@id\":\"https:\\\/\\\/www.eldiario.net\\\/portal\\\/2024\\\/07\\\/10\\\/maduro-prepara-escenario-de-violencia-para-comicios\\\/#breadcrumb\",\"itemListElement\":[{\"@type\":\"ListItem\",\"position\":1,\"name\":\"Portada\",\"item\":\"https:\\\/\\\/www.eldiario.net\\\/portal\\\/\"},{\"@type\":\"ListItem\",\"position\":2,\"name\":\"Maduro prepara \u201cescenario de violencia\u201d para comicios\"}]},{\"@type\":\"WebSite\",\"@id\":\"https:\\\/\\\/www.eldiario.net\\\/portal\\\/#website\",\"url\":\"https:\\\/\\\/www.eldiario.net\\\/portal\\\/\",\"name\":\"El Diario - Decano de la prensa nacional\",\"description\":\"El Diario - Decano de la prensa nacional\",\"publisher\":{\"@id\":\"https:\\\/\\\/www.eldiario.net\\\/portal\\\/#organization\"},\"potentialAction\":[{\"@type\":\"SearchAction\",\"target\":{\"@type\":\"EntryPoint\",\"urlTemplate\":\"https:\\\/\\\/www.eldiario.net\\\/portal\\\/?s={search_term_string}\"},\"query-input\":{\"@type\":\"PropertyValueSpecification\",\"valueRequired\":true,\"valueName\":\"search_term_string\"}}],\"inLanguage\":\"es\"},{\"@type\":\"Organization\",\"@id\":\"https:\\\/\\\/www.eldiario.net\\\/portal\\\/#organization\",\"name\":\"El Diario - Decano de la prensa nacional\",\"url\":\"https:\\\/\\\/www.eldiario.net\\\/portal\\\/\",\"logo\":{\"@type\":\"ImageObject\",\"inLanguage\":\"es\",\"@id\":\"https:\\\/\\\/www.eldiario.net\\\/portal\\\/#\\\/schema\\\/logo\\\/image\\\/\",\"url\":\"https:\\\/\\\/www.eldiario.net\\\/portal\\\/wp-content\\\/uploads\\\/2023\\\/07\\\/logo_ED.jpg\",\"contentUrl\":\"https:\\\/\\\/www.eldiario.net\\\/portal\\\/wp-content\\\/uploads\\\/2023\\\/07\\\/logo_ED.jpg\",\"width\":272,\"height\":52,\"caption\":\"El Diario - Decano de la prensa nacional\"},\"image\":{\"@id\":\"https:\\\/\\\/www.eldiario.net\\\/portal\\\/#\\\/schema\\\/logo\\\/image\\\/\"},\"sameAs\":[\"https:\\\/\\\/www.facebook.com\\\/eldiario.bolivia\\\/\",\"https:\\\/\\\/x.com\\\/eldiario_net\"]},{\"@type\":\"Person\",\"@id\":\"https:\\\/\\\/www.eldiario.net\\\/portal\\\/#\\\/schema\\\/person\\\/f46445640444750d7d753ccd04ae01b7\",\"name\":\"Jeanette\",\"image\":{\"@type\":\"ImageObject\",\"inLanguage\":\"es\",\"@id\":\"https:\\\/\\\/secure.gravatar.com\\\/avatar\\\/3ea2118a5f7dad2b7138b1187a6b7ee55f160b9968b66013c3a3ef39dd7e5798?s=96&d=mm&r=g\",\"url\":\"https:\\\/\\\/secure.gravatar.com\\\/avatar\\\/3ea2118a5f7dad2b7138b1187a6b7ee55f160b9968b66013c3a3ef39dd7e5798?s=96&d=mm&r=g\",\"contentUrl\":\"https:\\\/\\\/secure.gravatar.com\\\/avatar\\\/3ea2118a5f7dad2b7138b1187a6b7ee55f160b9968b66013c3a3ef39dd7e5798?s=96&d=mm&r=g\",\"caption\":\"Jeanette\"},\"sameAs\":[\"https:\\\/\\\/www.eldiario.net\\\/portal\"],\"url\":\"https:\\\/\\\/www.eldiario.net\\\/portal\\\/author\\\/jeanette\\\/\"}]}<\/script>\n<!-- \/ Yoast SEO plugin. -->","yoast_head_json":{"title":"Maduro prepara \u201cescenario de violencia\u201d para comicios - El Diario - Bolivia","robots":{"index":"index","follow":"follow","max-snippet":"max-snippet:-1","max-image-preview":"max-image-preview:large","max-video-preview":"max-video-preview:-1"},"canonical":"https:\/\/www.eldiario.net\/portal\/2024\/07\/10\/maduro-prepara-escenario-de-violencia-para-comicios\/","og_locale":"es_ES","og_type":"article","og_title":"Maduro prepara \u201cescenario de violencia\u201d para comicios - El Diario - Bolivia","og_description":"El discurso del r\u00e9gimen de Nicol\u00e1s Maduro dirigido a \u201cfabricar un escenario de violencia\u201d de cara a las elecciones presidenciales del pr\u00f3ximo 28 de julio, gener\u00f3 la preocupaci\u00f3n del Partido Comunista de Venezuela (PCV). Neirlay Andrade, integrante del Bur\u00f3 Pol\u00edtico del PCV, sostuvo que el chavismo busca fomentar la abstenci\u00f3n a trav\u00e9s de pr\u00e1cticas que [&hellip;]","og_url":"https:\/\/www.eldiario.net\/portal\/2024\/07\/10\/maduro-prepara-escenario-de-violencia-para-comicios\/","og_site_name":"El Diario - Bolivia","article_publisher":"https:\/\/www.facebook.com\/eldiario.bolivia\/","article_published_time":"2024-07-10T09:44:31+00:00","og_image":[{"width":449,"height":204,"url":"https:\/\/www.eldiario.net\/portal\/wp-content\/uploads\/2024\/07\/P-6-10-cm-x-7.jpg","type":"image\/jpeg"}],"author":"Jeanette","twitter_card":"summary_large_image","twitter_creator":"@eldiario_net","twitter_site":"@eldiario_net","twitter_misc":{"Escrito por":"Jeanette","Tiempo de lectura":"1 minuto"},"schema":{"@context":"https:\/\/schema.org","@graph":[{"@type":"Article","@id":"https:\/\/www.eldiario.net\/portal\/2024\/07\/10\/maduro-prepara-escenario-de-violencia-para-comicios\/#article","isPartOf":{"@id":"https:\/\/www.eldiario.net\/portal\/2024\/07\/10\/maduro-prepara-escenario-de-violencia-para-comicios\/"},"author":{"name":"Jeanette","@id":"https:\/\/www.eldiario.net\/portal\/#\/schema\/person\/f46445640444750d7d753ccd04ae01b7"},"headline":"Maduro prepara \u201cescenario de violencia\u201d para comicios","datePublished":"2024-07-10T09:44:31+00:00","mainEntityOfPage":{"@id":"https:\/\/www.eldiario.net\/portal\/2024\/07\/10\/maduro-prepara-escenario-de-violencia-para-comicios\/"},"wordCount":122,"commentCount":0,"publisher":{"@id":"https:\/\/www.eldiario.net\/portal\/#organization"},"image":{"@id":"https:\/\/www.eldiario.net\/portal\/2024\/07\/10\/maduro-prepara-escenario-de-violencia-para-comicios\/#primaryimage"},"thumbnailUrl":"https:\/\/www.eldiario.net\/portal\/wp-content\/uploads\/2024\/07\/P-6-10-cm-x-7.jpg","articleSection":["Portada"],"inLanguage":"es","potentialAction":[{"@type":"CommentAction","name":"Comment","target":["https:\/\/www.eldiario.net\/portal\/2024\/07\/10\/maduro-prepara-escenario-de-violencia-para-comicios\/#respond"]}]},{"@type":"WebPage","@id":"https:\/\/www.eldiario.net\/portal\/2024\/07\/10\/maduro-prepara-escenario-de-violencia-para-comicios\/","url":"https:\/\/www.eldiario.net\/portal\/2024\/07\/10\/maduro-prepara-escenario-de-violencia-para-comicios\/","name":"Maduro prepara \u201cescenario de violencia\u201d para comicios - El Diario - Bolivia","isPartOf":{"@id":"https:\/\/www.eldiario.net\/portal\/#website"},"primaryImageOfPage":{"@id":"https:\/\/www.eldiario.net\/portal\/2024\/07\/10\/maduro-prepara-escenario-de-violencia-para-comicios\/#primaryimage"},"image":{"@id":"https:\/\/www.eldiario.net\/portal\/2024\/07\/10\/maduro-prepara-escenario-de-violencia-para-comicios\/#primaryimage"},"thumbnailUrl":"https:\/\/www.eldiario.net\/portal\/wp-content\/uploads\/2024\/07\/P-6-10-cm-x-7.jpg","datePublished":"2024-07-10T09:44:31+00:00","breadcrumb":{"@id":"https:\/\/www.eldiario.net\/portal\/2024\/07\/10\/maduro-prepara-escenario-de-violencia-para-comicios\/#breadcrumb"},"inLanguage":"es","potentialAction":[{"@type":"ReadAction","target":["https:\/\/www.eldiario.net\/portal\/2024\/07\/10\/maduro-prepara-escenario-de-violencia-para-comicios\/"]}]},{"@type":"ImageObject","inLanguage":"es","@id":"https:\/\/www.eldiario.net\/portal\/2024\/07\/10\/maduro-prepara-escenario-de-violencia-para-comicios\/#primaryimage","url":"https:\/\/www.eldiario.net\/portal\/wp-content\/uploads\/2024\/07\/P-6-10-cm-x-7.jpg","contentUrl":"https:\/\/www.eldiario.net\/portal\/wp-content\/uploads\/2024\/07\/P-6-10-cm-x-7.jpg","width":449,"height":204,"caption":"La advertencia del Partido Comunista de Venezuela sobre Maduro y las elecciones presidenciales."},{"@type":"BreadcrumbList","@id":"https:\/\/www.eldiario.net\/portal\/2024\/07\/10\/maduro-prepara-escenario-de-violencia-para-comicios\/#breadcrumb","itemListElement":[{"@type":"ListItem","position":1,"name":"Portada","item":"https:\/\/www.eldiario.net\/portal\/"},{"@type":"ListItem","position":2,"name":"Maduro prepara \u201cescenario de violencia\u201d para comicios"}]},{"@type":"WebSite","@id":"https:\/\/www.eldiario.net\/portal\/#website","url":"https:\/\/www.eldiario.net\/portal\/","name":"El Diario - Decano de la prensa nacional","description":"El Diario - Decano de la prensa nacional","publisher":{"@id":"https:\/\/www.eldiario.net\/portal\/#organization"},"potentialAction":[{"@type":"SearchAction","target":{"@type":"EntryPoint","urlTemplate":"https:\/\/www.eldiario.net\/portal\/?s={search_term_string}"},"query-input":{"@type":"PropertyValueSpecification","valueRequired":true,"valueName":"search_term_string"}}],"inLanguage":"es"},{"@type":"Organization","@id":"https:\/\/www.eldiario.net\/portal\/#organization","name":"El Diario - Decano de la prensa nacional","url":"https:\/\/www.eldiario.net\/portal\/","logo":{"@type":"ImageObject","inLanguage":"es","@id":"https:\/\/www.eldiario.net\/portal\/#\/schema\/logo\/image\/","url":"https:\/\/www.eldiario.net\/portal\/wp-content\/uploads\/2023\/07\/logo_ED.jpg","contentUrl":"https:\/\/www.eldiario.net\/portal\/wp-content\/uploads\/2023\/07\/logo_ED.jpg","width":272,"height":52,"caption":"El Diario - Decano de la prensa nacional"},"image":{"@id":"https:\/\/www.eldiario.net\/portal\/#\/schema\/logo\/image\/"},"sameAs":["https:\/\/www.facebook.com\/eldiario.bolivia\/","https:\/\/x.com\/eldiario_net"]},{"@type":"Person","@id":"https:\/\/www.eldiario.net\/portal\/#\/schema\/person\/f46445640444750d7d753ccd04ae01b7","name":"Jeanette","image":{"@type":"ImageObject","inLanguage":"es","@id":"https:\/\/secure.gravatar.com\/avatar\/3ea2118a5f7dad2b7138b1187a6b7ee55f160b9968b66013c3a3ef39dd7e5798?s=96&d=mm&r=g","url":"https:\/\/secure.gravatar.com\/avatar\/3ea2118a5f7dad2b7138b1187a6b7ee55f160b9968b66013c3a3ef39dd7e5798?s=96&d=mm&r=g","contentUrl":"https:\/\/secure.gravatar.com\/avatar\/3ea2118a5f7dad2b7138b1187a6b7ee55f160b9968b66013c3a3ef39dd7e5798?s=96&d=mm&r=g","caption":"Jeanette"},"sameAs":["https:\/\/www.eldiario.net\/portal"],"url":"https:\/\/www.eldiario.net\/portal\/author\/jeanette\/"}]}},"_links":{"self":[{"href":"https:\/\/www.eldiario.net\/portal\/wp-json\/wp\/v2\/posts\/232941","targetHints":{"allow":["GET"]}}],"collection":[{"href":"https:\/\/www.eldiario.net\/portal\/wp-json\/wp\/v2\/posts"}],"about":[{"href":"https:\/\/www.eldiario.net\/portal\/wp-json\/wp\/v2\/types\/post"}],"author":[{"embeddable":true,"href":"https:\/\/www.eldiario.net\/portal\/wp-json\/wp\/v2\/users\/1"}],"replies":[{"embeddable":true,"href":"https:\/\/www.eldiario.net\/portal\/wp-json\/wp\/v2\/comments?post=232941"}],"version-history":[{"count":1,"href":"https:\/\/www.eldiario.net\/portal\/wp-json\/wp\/v2\/posts\/232941\/revisions"}],"predecessor-version":[{"id":232943,"href":"https:\/\/www.eldiario.net\/portal\/wp-json\/wp\/v2\/posts\/232941\/revisions\/232943"}],"wp:featuredmedia":[{"embeddable":true,"href":"https:\/\/www.eldiario.net\/portal\/wp-json\/wp\/v2\/media\/232942"}],"wp:attachment":[{"href":"https:\/\/www.eldiario.net\/portal\/wp-json\/wp\/v2\/media?parent=232941"}],"wp:term":[{"taxonomy":"category","embeddable":true,"href":"https:\/\/www.eldiario.net\/portal\/wp-json\/wp\/v2\/categories?post=232941"},{"taxonomy":"post_tag","embeddable":true,"href":"https:\/\/www.eldiario.net\/portal\/wp-json\/wp\/v2\/tags?post=232941"}],"curies":[{"name":"wp","href":"https:\/\/api.w.org\/{rel}","templated":true}]}}