{"id":232932,"date":"2024-07-10T05:36:19","date_gmt":"2024-07-10T09:36:19","guid":{"rendered":"https:\/\/www.eldiario.net\/portal\/?p=232932"},"modified":"2024-07-10T05:37:10","modified_gmt":"2024-07-10T09:37:10","slug":"el-musef-invita-a-redescubrir-el-poder-de-las-plumas","status":"publish","type":"post","link":"https:\/\/www.eldiario.net\/portal\/2024\/07\/10\/el-musef-invita-a-redescubrir-el-poder-de-las-plumas\/","title":{"rendered":"El MUSEF invita a redescubrir  \u00abEl Poder de las Plumas\u00bb"},"content":{"rendered":"<p>El Museo Nacional de Etnograf\u00eda y Folklore (MUSEF) se enorgullece por resaltar una vez m\u00e1s una joya de su colecci\u00f3n editorial: \u00abEl Poder de las Plumas\u00bb.<\/p>\n<p>Esta edici\u00f3n es fruto de a\u00f1os de investigaci\u00f3n meticulosa y presenta una colecci\u00f3n impresionante de piezas de arte plumario, cada una de ellas cuidadosamente analizada y contextualizada.<\/p>\n<p>Los autores, destacados antrop\u00f3logos y etn\u00f3grafos, han compilado datos de diversas fuentes arqueol\u00f3gicas y etnogr\u00e1ficas, brindando al lector una visi\u00f3n hol\u00edstica sobre c\u00f3mo las plumas fueron m\u00e1s que simples adornos: eran s\u00edmbolos de poder, espiritualidad y conexi\u00f3n con la naturaleza.<\/p>\n<p><strong>Plumas: S\u00edmbolos de Poder y Espiritualidad<\/strong><\/p>\n<p>En las culturas prehisp\u00e1nicas, las plumas ten\u00edan un significado que iba m\u00e1s all\u00e1 de la mera decoraci\u00f3n. Eran s\u00edmbolos de estatus y poder, y su uso estaba reservado para la \u00e9lite. Las plumas de aves ex\u00f3ticas, como el quetzal y el guacamayo, eran especialmente valoradas por sus colores vibrantes y su rareza. A trav\u00e9s de ceremonias y rituales, las plumas eran utilizadas para conectar a las personas con el mundo espiritual, siendo elementos sagrados que simbolizaban la fertilidad, la abundancia y la protecci\u00f3n divina.<\/p>\n<p><strong>T\u00e9cnicas y Creatividad<\/strong><\/p>\n<p>Seg\u00fan la informaci\u00f3n proporcionada por el MUSEF, el libro destaca la habilidad t\u00e9cnica y la creatividad de las personas en la \u00e9poca prehisp\u00e1nica, quienes integraban las plumas en vestimentas, tocados y otros objetos con una precisi\u00f3n impresionante. Cada pluma era seleccionada cuidadosamente e insertada para crear patrones detallados y vibrantes que no solo embellec\u00edan los objetos, sino que tambi\u00e9n contaban historias y preservaban tradiciones culturales.<\/p>\n<p><strong>Redes de Interacci\u00f3n y Comercio<\/strong><\/p>\n<p>\u00abEl Poder de las Plumas\u00bb explora tambi\u00e9n c\u00f3mo las plumas eran testigos de las complejas redes de comercio e interacci\u00f3n entre diferentes regiones y culturas. La presencia de plumas amaz\u00f3nicas en contextos andinos, por ejemplo, evidencia la existencia de relaciones interregionales que facilitaban el intercambio de bienes y conocimientos. Estos intercambios no solo enriquec\u00edan las culturas locales, sino que tambi\u00e9n fortalec\u00edan lazos sociales y econ\u00f3micos en el manejo de pisos ecol\u00f3gicos y la percepci\u00f3n de territorios discontinuos.<\/p>\n<p><strong>Objetos Destacados:<\/strong><\/p>\n<p><strong>La Pelota de Goma y Plumas: <\/strong>Entre las muchas piezas fascinantes que son presentadas en el libro, una destaca por su singularidad y colorido: una pelota hecha de goma y adornada con plumas de colores brillantes, perteneciente a la cultura More. Este objeto, probablemente creado para alegrar la vida de ni\u00f1os y j\u00f3venes, ilustra c\u00f3mo las plumas pod\u00edan ser utilizadas en contextos l\u00fadicos y decorativos. Las plumas caudales y coberteras de diversas aves est\u00e1n incrustadas en la masa de goma, sugiriendo una funci\u00f3n tanto est\u00e9tica como recreativa.<\/p>\n<p><strong>M\u00e1scara Chan\u00e9 Guaran\u00ed: <\/strong>Utilizada en ceremonias de la comunidad Chan\u00e9 Guaran\u00ed, esta m\u00e1scara representa esp\u00edritus y deidades, siendo esencial para la conexi\u00f3n espiritual y la cohesi\u00f3n comunitaria. Elaborada con madera, plumas de aves locales, fibras vegetales y pigmentos naturales, refleja la maestr\u00eda artesanal y el simbolismo de protecci\u00f3n y poder espiritual a trav\u00e9s de sus motivos geom\u00e9tricos y antropomorfos. Las plumas, dispuestas en un patr\u00f3n radial, simbolizan la conexi\u00f3n con el mundo celestial. Conservada con t\u00e9cnicas avanzadas, debido a la fragilidad de sus materiales, la m\u00e1scara es un testimonio vivo de la herencia cultural Chan\u00e9 Guaran\u00ed.<\/p>\n<p><strong>Conservaci\u00f3n y Preservaci\u00f3n<\/strong><\/p>\n<p>La conservaci\u00f3n del arte plumario es un desaf\u00edo debido a la naturaleza delicada de las plumas. \u00abEl Poder de las Plumas\u00bb aborda los m\u00e9todos modernos de conservaci\u00f3n que son utilizados para preservar estas piezas invaluables, destacando la importancia de mantener vivas estas tradiciones. La obra subraya la necesidad de proteger y valorar estos elementos culturales, especialmente en un mundo donde los recursos naturales y el conocimiento ancestral est\u00e1n en riesgo.<\/p>\n<p><strong>Un Legado Duradero<\/strong><\/p>\n<p>A trav\u00e9s de \u00abEl Poder de las Plumas\u00bb, el MUSEF busca no solo documentar y celebrar el arte plumario prehisp\u00e1nico, sino tambi\u00e9n inspirar a las nuevas generaciones para valorar y preservar nuestro patrimonio cultural. Esta obra es un testimonio del ingenio y la creatividad humana, y una invitaci\u00f3n a explorar las profundidades de nuestras historias y tradiciones.<\/p>\n<p><strong>Una Invitaci\u00f3n a Redescubrir<\/strong><\/p>\n<p>El MUSEF invita a acad\u00e9micos, estudiantes y amantes de la cultura a redescubrir \u00abEl Poder de las Plumas\u00bb. Disponible en la tienda del museo y en librer\u00edas seleccionadas, este libro es una puerta a un pasado rico y vibrante, ofreciendo una perspectiva \u00fanica sobre la sofisticaci\u00f3n y el profundo significado de las culturas prehisp\u00e1nicas. Adem\u00e1s, el museo complementa esta obra con una exposici\u00f3n permanente que permite a los visitantes apreciar de cerca la maestr\u00eda y la belleza del arte plumario. As\u00ed mismo, todas las personas pueden realizar un recorrido virtual a trav\u00e9s de su p\u00e1gina web: http:\/\/www.musef.org.bo\/<\/p>\n<p>En una era donde la modernidad a menudo eclipsa las tradiciones ancestrales, \u00abEl Poder de las Plumas\u00bb se erige como un recordatorio del sofisticado legado cultural de las civilizaciones prehisp\u00e1nicas. Este libro no solo celebra la belleza del arte plumario, sino que tambi\u00e9n invita a reflexionar sobre la sostenibilidad y el respeto por nuestro entorno natural. Al redescubrir esta obra, los lectores se conectan con una historia rica y diversa, y encuentran inspiraci\u00f3n en las tradiciones que han moldeado nuestra identidad cultural.<\/p>\n<p>Debido a la importante aceptaci\u00f3n que ha tenido esta edici\u00f3n por parte del p\u00fablico, el MUSEF ha decidido liberar la versi\u00f3n digital para que todos puedan acceder a ella. A continuaci\u00f3n, se proporciona el enlace para su descarga gratuita.<\/p>\n<p>http:\/\/www.musef.org.bo\/2015_El_Poder_de_las_Plumas.pdf<\/p>\n\r\n                <style type=\"text\/css\">\r\n                    \r\n                    #tdi_1  .td-doubleSlider-2 .td-item1 {\r\n                        background: url(https:\/\/www.eldiario.net\/portal\/wp-content\/uploads\/2024\/07\/1-2-80x60.jpg) 0 0 no-repeat;\r\n                    }\r\n                    #tdi_1  .td-doubleSlider-2 .td-item2 {\r\n                        background: url(https:\/\/www.eldiario.net\/portal\/wp-content\/uploads\/2024\/07\/2-3-80x60.jpg) 0 0 no-repeat;\r\n                    }\r\n                    #tdi_1  .td-doubleSlider-2 .td-item3 {\r\n                        background: url(https:\/\/www.eldiario.net\/portal\/wp-content\/uploads\/2024\/07\/3-2-80x60.jpg) 0 0 no-repeat;\r\n                    }\r\n                    #tdi_1  .td-doubleSlider-2 .td-item4 {\r\n                        background: url(https:\/\/www.eldiario.net\/portal\/wp-content\/uploads\/2024\/07\/4-4-80x60.jpg) 0 0 no-repeat;\r\n                    }\r\n                    #tdi_1  .td-doubleSlider-2 .td-item5 {\r\n                        background: url(https:\/\/www.eldiario.net\/portal\/wp-content\/uploads\/2024\/07\/5-4-80x60.jpg) 0 0 no-repeat;\r\n                    }\r\n                <\/style>\r\n\r\n                <div id=\"tdi_1\" class=\"td-gallery td-slide-on-2-columns\">\r\n                    <div class=\"post_td_gallery\">\r\n                        <div class=\"td-gallery-slide-top\">\r\n                           <div class=\"td-gallery-title\"><\/div>\r\n\r\n                            <div class=\"td-gallery-controls-wrapper\">\r\n                                <div class=\"td-gallery-slide-count\"><span class=\"td-gallery-slide-item-focus\">1<\/span> de 5<\/div>\r\n                                <div class=\"td-gallery-slide-prev-next-but\">\r\n                                    <i class = \"td-icon-left doubleSliderPrevButton\"><\/i>\r\n                                    <i class = \"td-icon-right doubleSliderNextButton\"><\/i>\r\n                                <\/div>\r\n                            <\/div>\r\n                        <\/div>\r\n\r\n                        <div class = \"td-doubleSlider-1 \">\r\n                            <div class = \"td-slider\">\r\n                                \r\n                    <div class = \"td-slide-item td-item1\">\r\n                        <figure class=\"td-slide-galery-figure td-slide-popup-gallery\">\r\n                            <a class=\"slide-gallery-image-link\" href=\"https:\/\/www.eldiario.net\/portal\/wp-content\/uploads\/2024\/07\/1-2.jpg\" title=\"1\"  data-caption=\"\"  data-description=\"\">\r\n                                <img decoding=\"async\" src=\"https:\/\/www.eldiario.net\/portal\/wp-content\/uploads\/2024\/07\/1-2-840x420.jpg\" srcset=\"https:\/\/www.eldiario.net\/portal\/wp-content\/uploads\/2024\/07\/1-2-840x420.jpg 840w, https:\/\/www.eldiario.net\/portal\/wp-content\/uploads\/2024\/07\/1-2-300x150.jpg 300w, https:\/\/www.eldiario.net\/portal\/wp-content\/uploads\/2024\/07\/1-2-1024x512.jpg 1024w, https:\/\/www.eldiario.net\/portal\/wp-content\/uploads\/2024\/07\/1-2-768x384.jpg 768w, https:\/\/www.eldiario.net\/portal\/wp-content\/uploads\/2024\/07\/1-2-696x348.jpg 696w, https:\/\/www.eldiario.net\/portal\/wp-content\/uploads\/2024\/07\/1-2-1068x534.jpg 1068w, https:\/\/www.eldiario.net\/portal\/wp-content\/uploads\/2024\/07\/1-2.jpg 1134w\" sizes=\"(max-width: 840px) 100vw, 840px\" alt=\"\">\r\n                            <\/a>\r\n                            \r\n                        <\/figure>\r\n                    <\/div>\r\n                    <div class = \"td-slide-item td-item2\">\r\n                        <figure class=\"td-slide-galery-figure td-slide-popup-gallery\">\r\n                            <a class=\"slide-gallery-image-link\" href=\"https:\/\/www.eldiario.net\/portal\/wp-content\/uploads\/2024\/07\/2-3.jpg\" title=\"2\"  data-caption=\"\"  data-description=\"\">\r\n                                <img decoding=\"async\" src=\"https:\/\/www.eldiario.net\/portal\/wp-content\/uploads\/2024\/07\/2-3-301x420.jpg\" srcset=\"https:\/\/www.eldiario.net\/portal\/wp-content\/uploads\/2024\/07\/2-3-301x420.jpg 301w, https:\/\/www.eldiario.net\/portal\/wp-content\/uploads\/2024\/07\/2-3-215x300.jpg 215w, https:\/\/www.eldiario.net\/portal\/wp-content\/uploads\/2024\/07\/2-3.jpg 406w\" sizes=\"(max-width: 301px) 100vw, 301px\" alt=\"\">\r\n                            <\/a>\r\n                            \r\n                        <\/figure>\r\n                    <\/div>\r\n                    <div class = \"td-slide-item td-item3\">\r\n                        <figure class=\"td-slide-galery-figure td-slide-popup-gallery\">\r\n                            <a class=\"slide-gallery-image-link\" href=\"https:\/\/www.eldiario.net\/portal\/wp-content\/uploads\/2024\/07\/3-2.jpg\" title=\"3\"  data-caption=\"\"  data-description=\"\">\r\n                                <img decoding=\"async\" src=\"https:\/\/www.eldiario.net\/portal\/wp-content\/uploads\/2024\/07\/3-2-322x420.jpg\" srcset=\"https:\/\/www.eldiario.net\/portal\/wp-content\/uploads\/2024\/07\/3-2-322x420.jpg 322w, https:\/\/www.eldiario.net\/portal\/wp-content\/uploads\/2024\/07\/3-2-230x300.jpg 230w, https:\/\/www.eldiario.net\/portal\/wp-content\/uploads\/2024\/07\/3-2.jpg 435w\" sizes=\"(max-width: 322px) 100vw, 322px\" alt=\"\">\r\n                            <\/a>\r\n                            \r\n                        <\/figure>\r\n                    <\/div>\r\n                    <div class = \"td-slide-item td-item4\">\r\n                        <figure class=\"td-slide-galery-figure td-slide-popup-gallery\">\r\n                            <a class=\"slide-gallery-image-link\" href=\"https:\/\/www.eldiario.net\/portal\/wp-content\/uploads\/2024\/07\/4-4.jpg\" title=\"4\"  data-caption=\"\"  data-description=\"\">\r\n                                <img decoding=\"async\" src=\"https:\/\/www.eldiario.net\/portal\/wp-content\/uploads\/2024\/07\/4-4-323x420.jpg\" srcset=\"https:\/\/www.eldiario.net\/portal\/wp-content\/uploads\/2024\/07\/4-4-323x420.jpg 323w, https:\/\/www.eldiario.net\/portal\/wp-content\/uploads\/2024\/07\/4-4-231x300.jpg 231w, https:\/\/www.eldiario.net\/portal\/wp-content\/uploads\/2024\/07\/4-4.jpg 436w\" sizes=\"(max-width: 323px) 100vw, 323px\" alt=\"\">\r\n                            <\/a>\r\n                            \r\n                        <\/figure>\r\n                    <\/div>\r\n                    <div class = \"td-slide-item td-item5\">\r\n                        <figure class=\"td-slide-galery-figure td-slide-popup-gallery\">\r\n                            <a class=\"slide-gallery-image-link\" href=\"https:\/\/www.eldiario.net\/portal\/wp-content\/uploads\/2024\/07\/5-4.jpg\" title=\"5\"  data-caption=\"\"  data-description=\"\">\r\n                                <img decoding=\"async\" src=\"https:\/\/www.eldiario.net\/portal\/wp-content\/uploads\/2024\/07\/5-4-324x420.jpg\" srcset=\"https:\/\/www.eldiario.net\/portal\/wp-content\/uploads\/2024\/07\/5-4-324x420.jpg 324w, https:\/\/www.eldiario.net\/portal\/wp-content\/uploads\/2024\/07\/5-4-231x300.jpg 231w, https:\/\/www.eldiario.net\/portal\/wp-content\/uploads\/2024\/07\/5-4.jpg 437w\" sizes=\"(max-width: 324px) 100vw, 324px\" alt=\"\">\r\n                            <\/a>\r\n                            \r\n                        <\/figure>\r\n                    <\/div>\r\n                            <\/div>\r\n                        <\/div>\r\n\r\n                        <div class = \"td-doubleSlider-2\">\r\n                            <div class = \"td-slider\">\r\n                                \r\n                    <div class = \"td-button td-item1\">\r\n                        <div class = \"td-border\"><\/div>\r\n                    <\/div>\r\n                    <div class = \"td-button td-item2\">\r\n                        <div class = \"td-border\"><\/div>\r\n                    <\/div>\r\n                    <div class = \"td-button td-item3\">\r\n                        <div class = \"td-border\"><\/div>\r\n                    <\/div>\r\n                    <div class = \"td-button td-item4\">\r\n                        <div class = \"td-border\"><\/div>\r\n                    <\/div>\r\n                    <div class = \"td-button td-item5\">\r\n                        <div class = \"td-border\"><\/div>\r\n                    <\/div>\r\n                            <\/div>\r\n                        <\/div>\r\n\r\n                    <\/div>\r\n\r\n                <\/div>\r\n                \n","protected":false},"excerpt":{"rendered":"<p>El Museo Nacional de Etnograf\u00eda y Folklore (MUSEF) se enorgullece por resaltar una vez m\u00e1s una joya de su colecci\u00f3n editorial: \u00abEl Poder de las Plumas\u00bb. Esta edici\u00f3n es fruto de a\u00f1os de investigaci\u00f3n meticulosa y presenta una colecci\u00f3n impresionante de piezas de arte plumario, cada una de ellas cuidadosamente analizada y contextualizada. Los autores, [&hellip;]<\/p>\n","protected":false},"author":1,"featured_media":232933,"comment_status":"open","ping_status":"open","sticky":false,"template":"","format":"standard","meta":{"_acf_changed":false,"footnotes":""},"categories":[41],"tags":[],"class_list":["post-232932","post","type-post","status-publish","format-standard","has-post-thumbnail","category-la-guia"],"acf":{"antetitulo":""},"yoast_head":"<!-- This site is optimized with the Yoast SEO plugin v28.4 - https:\/\/yoast.com\/product\/yoast-seo-wordpress\/ -->\n<title>El MUSEF invita a redescubrir &quot;El Poder de las Plumas&quot; - El Diario - Bolivia<\/title>\n<meta name=\"robots\" content=\"index, follow, max-snippet:-1, max-image-preview:large, max-video-preview:-1\" \/>\n<link rel=\"canonical\" href=\"https:\/\/www.eldiario.net\/portal\/2024\/07\/10\/el-musef-invita-a-redescubrir-el-poder-de-las-plumas\/\" \/>\n<meta property=\"og:locale\" content=\"es_ES\" \/>\n<meta property=\"og:type\" content=\"article\" \/>\n<meta property=\"og:title\" content=\"El MUSEF invita a redescubrir &quot;El Poder de las Plumas&quot; - El Diario - Bolivia\" \/>\n<meta property=\"og:description\" content=\"El Museo Nacional de Etnograf\u00eda y Folklore (MUSEF) se enorgullece por resaltar una vez m\u00e1s una joya de su colecci\u00f3n editorial: \u00abEl Poder de las Plumas\u00bb. Esta edici\u00f3n es fruto de a\u00f1os de investigaci\u00f3n meticulosa y presenta una colecci\u00f3n impresionante de piezas de arte plumario, cada una de ellas cuidadosamente analizada y contextualizada. Los autores, [&hellip;]\" \/>\n<meta property=\"og:url\" content=\"https:\/\/www.eldiario.net\/portal\/2024\/07\/10\/el-musef-invita-a-redescubrir-el-poder-de-las-plumas\/\" \/>\n<meta property=\"og:site_name\" content=\"El Diario - Bolivia\" \/>\n<meta property=\"article:publisher\" content=\"https:\/\/www.facebook.com\/eldiario.bolivia\/\" \/>\n<meta property=\"article:published_time\" content=\"2024-07-10T09:36:19+00:00\" \/>\n<meta property=\"article:modified_time\" content=\"2024-07-10T09:37:10+00:00\" \/>\n<meta property=\"og:image\" content=\"https:\/\/www.eldiario.net\/portal\/wp-content\/uploads\/2024\/07\/1-2.jpg\" \/>\n\t<meta property=\"og:image:width\" content=\"1134\" \/>\n\t<meta property=\"og:image:height\" content=\"567\" \/>\n\t<meta property=\"og:image:type\" content=\"image\/jpeg\" \/>\n<meta name=\"author\" content=\"Jeanette\" \/>\n<meta name=\"twitter:card\" content=\"summary_large_image\" \/>\n<meta name=\"twitter:creator\" content=\"@eldiario_net\" \/>\n<meta name=\"twitter:site\" content=\"@eldiario_net\" \/>\n<meta name=\"twitter:label1\" content=\"Escrito por\" \/>\n\t<meta name=\"twitter:data1\" content=\"Jeanette\" \/>\n\t<meta name=\"twitter:label2\" content=\"Tiempo de lectura\" \/>\n\t<meta name=\"twitter:data2\" content=\"5 minutos\" \/>\n<script type=\"application\/ld+json\" class=\"yoast-schema-graph\">{\"@context\":\"https:\\\/\\\/schema.org\",\"@graph\":[{\"@type\":\"Article\",\"@id\":\"https:\\\/\\\/www.eldiario.net\\\/portal\\\/2024\\\/07\\\/10\\\/el-musef-invita-a-redescubrir-el-poder-de-las-plumas\\\/#article\",\"isPartOf\":{\"@id\":\"https:\\\/\\\/www.eldiario.net\\\/portal\\\/2024\\\/07\\\/10\\\/el-musef-invita-a-redescubrir-el-poder-de-las-plumas\\\/\"},\"author\":{\"name\":\"Jeanette\",\"@id\":\"https:\\\/\\\/www.eldiario.net\\\/portal\\\/#\\\/schema\\\/person\\\/f46445640444750d7d753ccd04ae01b7\"},\"headline\":\"El MUSEF invita a redescubrir \u00abEl Poder de las Plumas\u00bb\",\"datePublished\":\"2024-07-10T09:36:19+00:00\",\"dateModified\":\"2024-07-10T09:37:10+00:00\",\"mainEntityOfPage\":{\"@id\":\"https:\\\/\\\/www.eldiario.net\\\/portal\\\/2024\\\/07\\\/10\\\/el-musef-invita-a-redescubrir-el-poder-de-las-plumas\\\/\"},\"wordCount\":1002,\"commentCount\":0,\"publisher\":{\"@id\":\"https:\\\/\\\/www.eldiario.net\\\/portal\\\/#organization\"},\"image\":{\"@id\":\"https:\\\/\\\/www.eldiario.net\\\/portal\\\/2024\\\/07\\\/10\\\/el-musef-invita-a-redescubrir-el-poder-de-las-plumas\\\/#primaryimage\"},\"thumbnailUrl\":\"https:\\\/\\\/www.eldiario.net\\\/portal\\\/wp-content\\\/uploads\\\/2024\\\/07\\\/1-2.jpg\",\"articleSection\":[\"La Gu\u00eda\"],\"inLanguage\":\"es\",\"potentialAction\":[{\"@type\":\"CommentAction\",\"name\":\"Comment\",\"target\":[\"https:\\\/\\\/www.eldiario.net\\\/portal\\\/2024\\\/07\\\/10\\\/el-musef-invita-a-redescubrir-el-poder-de-las-plumas\\\/#respond\"]}]},{\"@type\":\"WebPage\",\"@id\":\"https:\\\/\\\/www.eldiario.net\\\/portal\\\/2024\\\/07\\\/10\\\/el-musef-invita-a-redescubrir-el-poder-de-las-plumas\\\/\",\"url\":\"https:\\\/\\\/www.eldiario.net\\\/portal\\\/2024\\\/07\\\/10\\\/el-musef-invita-a-redescubrir-el-poder-de-las-plumas\\\/\",\"name\":\"El MUSEF invita a redescubrir \\\"El Poder de las Plumas\\\" - El Diario - Bolivia\",\"isPartOf\":{\"@id\":\"https:\\\/\\\/www.eldiario.net\\\/portal\\\/#website\"},\"primaryImageOfPage\":{\"@id\":\"https:\\\/\\\/www.eldiario.net\\\/portal\\\/2024\\\/07\\\/10\\\/el-musef-invita-a-redescubrir-el-poder-de-las-plumas\\\/#primaryimage\"},\"image\":{\"@id\":\"https:\\\/\\\/www.eldiario.net\\\/portal\\\/2024\\\/07\\\/10\\\/el-musef-invita-a-redescubrir-el-poder-de-las-plumas\\\/#primaryimage\"},\"thumbnailUrl\":\"https:\\\/\\\/www.eldiario.net\\\/portal\\\/wp-content\\\/uploads\\\/2024\\\/07\\\/1-2.jpg\",\"datePublished\":\"2024-07-10T09:36:19+00:00\",\"dateModified\":\"2024-07-10T09:37:10+00:00\",\"breadcrumb\":{\"@id\":\"https:\\\/\\\/www.eldiario.net\\\/portal\\\/2024\\\/07\\\/10\\\/el-musef-invita-a-redescubrir-el-poder-de-las-plumas\\\/#breadcrumb\"},\"inLanguage\":\"es\",\"potentialAction\":[{\"@type\":\"ReadAction\",\"target\":[\"https:\\\/\\\/www.eldiario.net\\\/portal\\\/2024\\\/07\\\/10\\\/el-musef-invita-a-redescubrir-el-poder-de-las-plumas\\\/\"]}]},{\"@type\":\"ImageObject\",\"inLanguage\":\"es\",\"@id\":\"https:\\\/\\\/www.eldiario.net\\\/portal\\\/2024\\\/07\\\/10\\\/el-musef-invita-a-redescubrir-el-poder-de-las-plumas\\\/#primaryimage\",\"url\":\"https:\\\/\\\/www.eldiario.net\\\/portal\\\/wp-content\\\/uploads\\\/2024\\\/07\\\/1-2.jpg\",\"contentUrl\":\"https:\\\/\\\/www.eldiario.net\\\/portal\\\/wp-content\\\/uploads\\\/2024\\\/07\\\/1-2.jpg\",\"width\":1134,\"height\":567},{\"@type\":\"BreadcrumbList\",\"@id\":\"https:\\\/\\\/www.eldiario.net\\\/portal\\\/2024\\\/07\\\/10\\\/el-musef-invita-a-redescubrir-el-poder-de-las-plumas\\\/#breadcrumb\",\"itemListElement\":[{\"@type\":\"ListItem\",\"position\":1,\"name\":\"Portada\",\"item\":\"https:\\\/\\\/www.eldiario.net\\\/portal\\\/\"},{\"@type\":\"ListItem\",\"position\":2,\"name\":\"El MUSEF invita a redescubrir \u00abEl Poder de las Plumas\u00bb\"}]},{\"@type\":\"WebSite\",\"@id\":\"https:\\\/\\\/www.eldiario.net\\\/portal\\\/#website\",\"url\":\"https:\\\/\\\/www.eldiario.net\\\/portal\\\/\",\"name\":\"El Diario - Decano de la prensa nacional\",\"description\":\"El Diario - Decano de la prensa nacional\",\"publisher\":{\"@id\":\"https:\\\/\\\/www.eldiario.net\\\/portal\\\/#organization\"},\"potentialAction\":[{\"@type\":\"SearchAction\",\"target\":{\"@type\":\"EntryPoint\",\"urlTemplate\":\"https:\\\/\\\/www.eldiario.net\\\/portal\\\/?s={search_term_string}\"},\"query-input\":{\"@type\":\"PropertyValueSpecification\",\"valueRequired\":true,\"valueName\":\"search_term_string\"}}],\"inLanguage\":\"es\"},{\"@type\":\"Organization\",\"@id\":\"https:\\\/\\\/www.eldiario.net\\\/portal\\\/#organization\",\"name\":\"El Diario - Decano de la prensa nacional\",\"url\":\"https:\\\/\\\/www.eldiario.net\\\/portal\\\/\",\"logo\":{\"@type\":\"ImageObject\",\"inLanguage\":\"es\",\"@id\":\"https:\\\/\\\/www.eldiario.net\\\/portal\\\/#\\\/schema\\\/logo\\\/image\\\/\",\"url\":\"https:\\\/\\\/www.eldiario.net\\\/portal\\\/wp-content\\\/uploads\\\/2023\\\/07\\\/logo_ED.jpg\",\"contentUrl\":\"https:\\\/\\\/www.eldiario.net\\\/portal\\\/wp-content\\\/uploads\\\/2023\\\/07\\\/logo_ED.jpg\",\"width\":272,\"height\":52,\"caption\":\"El Diario - Decano de la prensa nacional\"},\"image\":{\"@id\":\"https:\\\/\\\/www.eldiario.net\\\/portal\\\/#\\\/schema\\\/logo\\\/image\\\/\"},\"sameAs\":[\"https:\\\/\\\/www.facebook.com\\\/eldiario.bolivia\\\/\",\"https:\\\/\\\/x.com\\\/eldiario_net\"]},{\"@type\":\"Person\",\"@id\":\"https:\\\/\\\/www.eldiario.net\\\/portal\\\/#\\\/schema\\\/person\\\/f46445640444750d7d753ccd04ae01b7\",\"name\":\"Jeanette\",\"image\":{\"@type\":\"ImageObject\",\"inLanguage\":\"es\",\"@id\":\"https:\\\/\\\/secure.gravatar.com\\\/avatar\\\/3ea2118a5f7dad2b7138b1187a6b7ee55f160b9968b66013c3a3ef39dd7e5798?s=96&d=mm&r=g\",\"url\":\"https:\\\/\\\/secure.gravatar.com\\\/avatar\\\/3ea2118a5f7dad2b7138b1187a6b7ee55f160b9968b66013c3a3ef39dd7e5798?s=96&d=mm&r=g\",\"contentUrl\":\"https:\\\/\\\/secure.gravatar.com\\\/avatar\\\/3ea2118a5f7dad2b7138b1187a6b7ee55f160b9968b66013c3a3ef39dd7e5798?s=96&d=mm&r=g\",\"caption\":\"Jeanette\"},\"sameAs\":[\"https:\\\/\\\/www.eldiario.net\\\/portal\"],\"url\":\"https:\\\/\\\/www.eldiario.net\\\/portal\\\/author\\\/jeanette\\\/\"}]}<\/script>\n<!-- \/ Yoast SEO plugin. -->","yoast_head_json":{"title":"El MUSEF invita a redescubrir \"El Poder de las Plumas\" - El Diario - Bolivia","robots":{"index":"index","follow":"follow","max-snippet":"max-snippet:-1","max-image-preview":"max-image-preview:large","max-video-preview":"max-video-preview:-1"},"canonical":"https:\/\/www.eldiario.net\/portal\/2024\/07\/10\/el-musef-invita-a-redescubrir-el-poder-de-las-plumas\/","og_locale":"es_ES","og_type":"article","og_title":"El MUSEF invita a redescubrir \"El Poder de las Plumas\" - El Diario - Bolivia","og_description":"El Museo Nacional de Etnograf\u00eda y Folklore (MUSEF) se enorgullece por resaltar una vez m\u00e1s una joya de su colecci\u00f3n editorial: \u00abEl Poder de las Plumas\u00bb. Esta edici\u00f3n es fruto de a\u00f1os de investigaci\u00f3n meticulosa y presenta una colecci\u00f3n impresionante de piezas de arte plumario, cada una de ellas cuidadosamente analizada y contextualizada. Los autores, [&hellip;]","og_url":"https:\/\/www.eldiario.net\/portal\/2024\/07\/10\/el-musef-invita-a-redescubrir-el-poder-de-las-plumas\/","og_site_name":"El Diario - Bolivia","article_publisher":"https:\/\/www.facebook.com\/eldiario.bolivia\/","article_published_time":"2024-07-10T09:36:19+00:00","article_modified_time":"2024-07-10T09:37:10+00:00","og_image":[{"width":1134,"height":567,"url":"https:\/\/www.eldiario.net\/portal\/wp-content\/uploads\/2024\/07\/1-2.jpg","type":"image\/jpeg"}],"author":"Jeanette","twitter_card":"summary_large_image","twitter_creator":"@eldiario_net","twitter_site":"@eldiario_net","twitter_misc":{"Escrito por":"Jeanette","Tiempo de lectura":"5 minutos"},"schema":{"@context":"https:\/\/schema.org","@graph":[{"@type":"Article","@id":"https:\/\/www.eldiario.net\/portal\/2024\/07\/10\/el-musef-invita-a-redescubrir-el-poder-de-las-plumas\/#article","isPartOf":{"@id":"https:\/\/www.eldiario.net\/portal\/2024\/07\/10\/el-musef-invita-a-redescubrir-el-poder-de-las-plumas\/"},"author":{"name":"Jeanette","@id":"https:\/\/www.eldiario.net\/portal\/#\/schema\/person\/f46445640444750d7d753ccd04ae01b7"},"headline":"El MUSEF invita a redescubrir \u00abEl Poder de las Plumas\u00bb","datePublished":"2024-07-10T09:36:19+00:00","dateModified":"2024-07-10T09:37:10+00:00","mainEntityOfPage":{"@id":"https:\/\/www.eldiario.net\/portal\/2024\/07\/10\/el-musef-invita-a-redescubrir-el-poder-de-las-plumas\/"},"wordCount":1002,"commentCount":0,"publisher":{"@id":"https:\/\/www.eldiario.net\/portal\/#organization"},"image":{"@id":"https:\/\/www.eldiario.net\/portal\/2024\/07\/10\/el-musef-invita-a-redescubrir-el-poder-de-las-plumas\/#primaryimage"},"thumbnailUrl":"https:\/\/www.eldiario.net\/portal\/wp-content\/uploads\/2024\/07\/1-2.jpg","articleSection":["La Gu\u00eda"],"inLanguage":"es","potentialAction":[{"@type":"CommentAction","name":"Comment","target":["https:\/\/www.eldiario.net\/portal\/2024\/07\/10\/el-musef-invita-a-redescubrir-el-poder-de-las-plumas\/#respond"]}]},{"@type":"WebPage","@id":"https:\/\/www.eldiario.net\/portal\/2024\/07\/10\/el-musef-invita-a-redescubrir-el-poder-de-las-plumas\/","url":"https:\/\/www.eldiario.net\/portal\/2024\/07\/10\/el-musef-invita-a-redescubrir-el-poder-de-las-plumas\/","name":"El MUSEF invita a redescubrir \"El Poder de las Plumas\" - El Diario - Bolivia","isPartOf":{"@id":"https:\/\/www.eldiario.net\/portal\/#website"},"primaryImageOfPage":{"@id":"https:\/\/www.eldiario.net\/portal\/2024\/07\/10\/el-musef-invita-a-redescubrir-el-poder-de-las-plumas\/#primaryimage"},"image":{"@id":"https:\/\/www.eldiario.net\/portal\/2024\/07\/10\/el-musef-invita-a-redescubrir-el-poder-de-las-plumas\/#primaryimage"},"thumbnailUrl":"https:\/\/www.eldiario.net\/portal\/wp-content\/uploads\/2024\/07\/1-2.jpg","datePublished":"2024-07-10T09:36:19+00:00","dateModified":"2024-07-10T09:37:10+00:00","breadcrumb":{"@id":"https:\/\/www.eldiario.net\/portal\/2024\/07\/10\/el-musef-invita-a-redescubrir-el-poder-de-las-plumas\/#breadcrumb"},"inLanguage":"es","potentialAction":[{"@type":"ReadAction","target":["https:\/\/www.eldiario.net\/portal\/2024\/07\/10\/el-musef-invita-a-redescubrir-el-poder-de-las-plumas\/"]}]},{"@type":"ImageObject","inLanguage":"es","@id":"https:\/\/www.eldiario.net\/portal\/2024\/07\/10\/el-musef-invita-a-redescubrir-el-poder-de-las-plumas\/#primaryimage","url":"https:\/\/www.eldiario.net\/portal\/wp-content\/uploads\/2024\/07\/1-2.jpg","contentUrl":"https:\/\/www.eldiario.net\/portal\/wp-content\/uploads\/2024\/07\/1-2.jpg","width":1134,"height":567},{"@type":"BreadcrumbList","@id":"https:\/\/www.eldiario.net\/portal\/2024\/07\/10\/el-musef-invita-a-redescubrir-el-poder-de-las-plumas\/#breadcrumb","itemListElement":[{"@type":"ListItem","position":1,"name":"Portada","item":"https:\/\/www.eldiario.net\/portal\/"},{"@type":"ListItem","position":2,"name":"El MUSEF invita a redescubrir \u00abEl Poder de las Plumas\u00bb"}]},{"@type":"WebSite","@id":"https:\/\/www.eldiario.net\/portal\/#website","url":"https:\/\/www.eldiario.net\/portal\/","name":"El Diario - Decano de la prensa nacional","description":"El Diario - Decano de la prensa nacional","publisher":{"@id":"https:\/\/www.eldiario.net\/portal\/#organization"},"potentialAction":[{"@type":"SearchAction","target":{"@type":"EntryPoint","urlTemplate":"https:\/\/www.eldiario.net\/portal\/?s={search_term_string}"},"query-input":{"@type":"PropertyValueSpecification","valueRequired":true,"valueName":"search_term_string"}}],"inLanguage":"es"},{"@type":"Organization","@id":"https:\/\/www.eldiario.net\/portal\/#organization","name":"El Diario - Decano de la prensa nacional","url":"https:\/\/www.eldiario.net\/portal\/","logo":{"@type":"ImageObject","inLanguage":"es","@id":"https:\/\/www.eldiario.net\/portal\/#\/schema\/logo\/image\/","url":"https:\/\/www.eldiario.net\/portal\/wp-content\/uploads\/2023\/07\/logo_ED.jpg","contentUrl":"https:\/\/www.eldiario.net\/portal\/wp-content\/uploads\/2023\/07\/logo_ED.jpg","width":272,"height":52,"caption":"El Diario - Decano de la prensa nacional"},"image":{"@id":"https:\/\/www.eldiario.net\/portal\/#\/schema\/logo\/image\/"},"sameAs":["https:\/\/www.facebook.com\/eldiario.bolivia\/","https:\/\/x.com\/eldiario_net"]},{"@type":"Person","@id":"https:\/\/www.eldiario.net\/portal\/#\/schema\/person\/f46445640444750d7d753ccd04ae01b7","name":"Jeanette","image":{"@type":"ImageObject","inLanguage":"es","@id":"https:\/\/secure.gravatar.com\/avatar\/3ea2118a5f7dad2b7138b1187a6b7ee55f160b9968b66013c3a3ef39dd7e5798?s=96&d=mm&r=g","url":"https:\/\/secure.gravatar.com\/avatar\/3ea2118a5f7dad2b7138b1187a6b7ee55f160b9968b66013c3a3ef39dd7e5798?s=96&d=mm&r=g","contentUrl":"https:\/\/secure.gravatar.com\/avatar\/3ea2118a5f7dad2b7138b1187a6b7ee55f160b9968b66013c3a3ef39dd7e5798?s=96&d=mm&r=g","caption":"Jeanette"},"sameAs":["https:\/\/www.eldiario.net\/portal"],"url":"https:\/\/www.eldiario.net\/portal\/author\/jeanette\/"}]}},"_links":{"self":[{"href":"https:\/\/www.eldiario.net\/portal\/wp-json\/wp\/v2\/posts\/232932","targetHints":{"allow":["GET"]}}],"collection":[{"href":"https:\/\/www.eldiario.net\/portal\/wp-json\/wp\/v2\/posts"}],"about":[{"href":"https:\/\/www.eldiario.net\/portal\/wp-json\/wp\/v2\/types\/post"}],"author":[{"embeddable":true,"href":"https:\/\/www.eldiario.net\/portal\/wp-json\/wp\/v2\/users\/1"}],"replies":[{"embeddable":true,"href":"https:\/\/www.eldiario.net\/portal\/wp-json\/wp\/v2\/comments?post=232932"}],"version-history":[{"count":1,"href":"https:\/\/www.eldiario.net\/portal\/wp-json\/wp\/v2\/posts\/232932\/revisions"}],"predecessor-version":[{"id":232938,"href":"https:\/\/www.eldiario.net\/portal\/wp-json\/wp\/v2\/posts\/232932\/revisions\/232938"}],"wp:featuredmedia":[{"embeddable":true,"href":"https:\/\/www.eldiario.net\/portal\/wp-json\/wp\/v2\/media\/232933"}],"wp:attachment":[{"href":"https:\/\/www.eldiario.net\/portal\/wp-json\/wp\/v2\/media?parent=232932"}],"wp:term":[{"taxonomy":"category","embeddable":true,"href":"https:\/\/www.eldiario.net\/portal\/wp-json\/wp\/v2\/categories?post=232932"},{"taxonomy":"post_tag","embeddable":true,"href":"https:\/\/www.eldiario.net\/portal\/wp-json\/wp\/v2\/tags?post=232932"}],"curies":[{"name":"wp","href":"https:\/\/api.w.org\/{rel}","templated":true}]}}