{"id":232929,"date":"2024-07-10T05:33:40","date_gmt":"2024-07-10T09:33:40","guid":{"rendered":"https:\/\/www.eldiario.net\/portal\/?p=232929"},"modified":"2024-07-10T05:33:40","modified_gmt":"2024-07-10T09:33:40","slug":"encuentro-de-partidos-tendra-4-ejes-tematicos","status":"publish","type":"post","link":"https:\/\/www.eldiario.net\/portal\/2024\/07\/10\/encuentro-de-partidos-tendra-4-ejes-tematicos\/","title":{"rendered":"Encuentro de partidos  tendr\u00e1 4 ejes tem\u00e1ticos"},"content":{"rendered":"<p class=\"v1MsoNormal\">El presidente del Tribunal Supremo Electoral (TSE), \u00d3scar Hassenteufel, inform\u00f3 ayer que en el Encuentro por la Democracia, que reunir\u00e1 a los l\u00edderes de los 11 partidos pol\u00edticos con personer\u00eda jur\u00eddica vigente, se analizar\u00e1n cuatro temas principales.<\/p>\n<p class=\"v1MsoNormal\">\u00abSon cuatro ejes tem\u00e1ticos y reiterarles una vez m\u00e1s que es un encuentro, no una reuni\u00f3n cumbre. Los temas que se considerar\u00e1n el d\u00eda de ma\u00f1ana son (&#8230;) el primero relacionado a las elecciones judiciales en funci\u00f3n de las elecciones primarias que tambi\u00e9n deber\u00edan realizarse simult\u00e1neamente; (el segundo) es hacer un comentario sobre el padr\u00f3n electoral; el tercero, hablar de la transmisi\u00f3n r\u00e1pido de resultados (&#8230;) y el cuarto es relacionado a la asignaci\u00f3n de esca\u00f1os y a la redistribuci\u00f3n de circunscripciones uninominales\u00bb, dijo Hassenteufel en conferencia de prensa.<\/p>\n<p class=\"v1MsoNormal\">Indic\u00f3 que la asignaci\u00f3n de esca\u00f1os depende de los resultados del Censo de Poblaci\u00f3n y Vivienda realizado el 23 de marzo de este a\u00f1o.<\/p>\n<p class=\"v1MsoNormal\">Hassenteufel confirm\u00f3 que el TSE, organizador del evento, invit\u00f3 a los 11 representantes de los partidos pol\u00edticos con personer\u00eda, hayan o no renovado sus directivas.<\/p>\n<p class=\"v1MsoNormal\">Adem\u00e1s, fueron convocados los delegados de partidos con representaci\u00f3n parlamentaria, el presidente, Luis Arce; el vicepresidente, David Choquehuanca y los titulares de Senado, Andr\u00f3nico Rodr\u00edguez, y de Diputados, Israel Huaytari.<\/p>\n<p class=\"v1MsoNormal\">Mencion\u00f3 que las 11 organizaciones pol\u00edticas ya confirmaron su participaci\u00f3n, pero no as\u00ed las autoridades invitadas. (Br\u00fajula Digital)<\/p>\n","protected":false},"excerpt":{"rendered":"<p>El presidente del Tribunal Supremo Electoral (TSE), \u00d3scar Hassenteufel, inform\u00f3 ayer que en el Encuentro por la Democracia, que reunir\u00e1 a los l\u00edderes de los 11 partidos pol\u00edticos con personer\u00eda jur\u00eddica vigente, se analizar\u00e1n cuatro temas principales. \u00abSon cuatro ejes tem\u00e1ticos y reiterarles una vez m\u00e1s que es un encuentro, no una reuni\u00f3n cumbre. Los [&hellip;]<\/p>\n","protected":false},"author":1,"featured_media":232930,"comment_status":"open","ping_status":"open","sticky":false,"template":"","format":"standard","meta":{"_acf_changed":false,"footnotes":""},"categories":[15],"tags":[],"class_list":["post-232929","post","type-post","status-publish","format-standard","has-post-thumbnail","category-portada"],"acf":{"antetitulo":"Presidente del TSE"},"yoast_head":"<!-- This site is optimized with the Yoast SEO plugin v28.4 - https:\/\/yoast.com\/product\/yoast-seo-wordpress\/ -->\n<title>Encuentro de partidos tendr\u00e1 4 ejes tem\u00e1ticos - El Diario - Bolivia<\/title>\n<meta name=\"robots\" content=\"index, follow, max-snippet:-1, max-image-preview:large, max-video-preview:-1\" \/>\n<link rel=\"canonical\" href=\"https:\/\/www.eldiario.net\/portal\/2024\/07\/10\/encuentro-de-partidos-tendra-4-ejes-tematicos\/\" \/>\n<meta property=\"og:locale\" content=\"es_ES\" \/>\n<meta property=\"og:type\" content=\"article\" \/>\n<meta property=\"og:title\" content=\"Encuentro de partidos tendr\u00e1 4 ejes tem\u00e1ticos - El Diario - Bolivia\" \/>\n<meta property=\"og:description\" content=\"El presidente del Tribunal Supremo Electoral (TSE), \u00d3scar Hassenteufel, inform\u00f3 ayer que en el Encuentro por la Democracia, que reunir\u00e1 a los l\u00edderes de los 11 partidos pol\u00edticos con personer\u00eda jur\u00eddica vigente, se analizar\u00e1n cuatro temas principales. \u00abSon cuatro ejes tem\u00e1ticos y reiterarles una vez m\u00e1s que es un encuentro, no una reuni\u00f3n cumbre. Los [&hellip;]\" \/>\n<meta property=\"og:url\" content=\"https:\/\/www.eldiario.net\/portal\/2024\/07\/10\/encuentro-de-partidos-tendra-4-ejes-tematicos\/\" \/>\n<meta property=\"og:site_name\" content=\"El Diario - Bolivia\" \/>\n<meta property=\"article:publisher\" content=\"https:\/\/www.facebook.com\/eldiario.bolivia\/\" \/>\n<meta property=\"article:published_time\" content=\"2024-07-10T09:33:40+00:00\" \/>\n<meta property=\"og:image\" content=\"https:\/\/www.eldiario.net\/portal\/wp-content\/uploads\/2024\/07\/P-4-10-cm-x-7-3.jpg\" \/>\n\t<meta property=\"og:image:width\" content=\"1200\" \/>\n\t<meta property=\"og:image:height\" content=\"809\" \/>\n\t<meta property=\"og:image:type\" content=\"image\/jpeg\" \/>\n<meta name=\"author\" content=\"Jeanette\" \/>\n<meta name=\"twitter:card\" content=\"summary_large_image\" \/>\n<meta name=\"twitter:creator\" content=\"@eldiario_net\" \/>\n<meta name=\"twitter:site\" content=\"@eldiario_net\" \/>\n<meta name=\"twitter:label1\" content=\"Escrito por\" \/>\n\t<meta name=\"twitter:data1\" content=\"Jeanette\" \/>\n\t<meta name=\"twitter:label2\" content=\"Tiempo de lectura\" \/>\n\t<meta name=\"twitter:data2\" content=\"2 minutos\" \/>\n<script type=\"application\/ld+json\" class=\"yoast-schema-graph\">{\"@context\":\"https:\\\/\\\/schema.org\",\"@graph\":[{\"@type\":\"Article\",\"@id\":\"https:\\\/\\\/www.eldiario.net\\\/portal\\\/2024\\\/07\\\/10\\\/encuentro-de-partidos-tendra-4-ejes-tematicos\\\/#article\",\"isPartOf\":{\"@id\":\"https:\\\/\\\/www.eldiario.net\\\/portal\\\/2024\\\/07\\\/10\\\/encuentro-de-partidos-tendra-4-ejes-tematicos\\\/\"},\"author\":{\"name\":\"Jeanette\",\"@id\":\"https:\\\/\\\/www.eldiario.net\\\/portal\\\/#\\\/schema\\\/person\\\/f46445640444750d7d753ccd04ae01b7\"},\"headline\":\"Encuentro de partidos tendr\u00e1 4 ejes tem\u00e1ticos\",\"datePublished\":\"2024-07-10T09:33:40+00:00\",\"mainEntityOfPage\":{\"@id\":\"https:\\\/\\\/www.eldiario.net\\\/portal\\\/2024\\\/07\\\/10\\\/encuentro-de-partidos-tendra-4-ejes-tematicos\\\/\"},\"wordCount\":258,\"commentCount\":0,\"publisher\":{\"@id\":\"https:\\\/\\\/www.eldiario.net\\\/portal\\\/#organization\"},\"image\":{\"@id\":\"https:\\\/\\\/www.eldiario.net\\\/portal\\\/2024\\\/07\\\/10\\\/encuentro-de-partidos-tendra-4-ejes-tematicos\\\/#primaryimage\"},\"thumbnailUrl\":\"https:\\\/\\\/www.eldiario.net\\\/portal\\\/wp-content\\\/uploads\\\/2024\\\/07\\\/P-4-10-cm-x-7-3.jpg\",\"articleSection\":[\"Portada\"],\"inLanguage\":\"es\",\"potentialAction\":[{\"@type\":\"CommentAction\",\"name\":\"Comment\",\"target\":[\"https:\\\/\\\/www.eldiario.net\\\/portal\\\/2024\\\/07\\\/10\\\/encuentro-de-partidos-tendra-4-ejes-tematicos\\\/#respond\"]}]},{\"@type\":\"WebPage\",\"@id\":\"https:\\\/\\\/www.eldiario.net\\\/portal\\\/2024\\\/07\\\/10\\\/encuentro-de-partidos-tendra-4-ejes-tematicos\\\/\",\"url\":\"https:\\\/\\\/www.eldiario.net\\\/portal\\\/2024\\\/07\\\/10\\\/encuentro-de-partidos-tendra-4-ejes-tematicos\\\/\",\"name\":\"Encuentro de partidos tendr\u00e1 4 ejes tem\u00e1ticos - El Diario - Bolivia\",\"isPartOf\":{\"@id\":\"https:\\\/\\\/www.eldiario.net\\\/portal\\\/#website\"},\"primaryImageOfPage\":{\"@id\":\"https:\\\/\\\/www.eldiario.net\\\/portal\\\/2024\\\/07\\\/10\\\/encuentro-de-partidos-tendra-4-ejes-tematicos\\\/#primaryimage\"},\"image\":{\"@id\":\"https:\\\/\\\/www.eldiario.net\\\/portal\\\/2024\\\/07\\\/10\\\/encuentro-de-partidos-tendra-4-ejes-tematicos\\\/#primaryimage\"},\"thumbnailUrl\":\"https:\\\/\\\/www.eldiario.net\\\/portal\\\/wp-content\\\/uploads\\\/2024\\\/07\\\/P-4-10-cm-x-7-3.jpg\",\"datePublished\":\"2024-07-10T09:33:40+00:00\",\"breadcrumb\":{\"@id\":\"https:\\\/\\\/www.eldiario.net\\\/portal\\\/2024\\\/07\\\/10\\\/encuentro-de-partidos-tendra-4-ejes-tematicos\\\/#breadcrumb\"},\"inLanguage\":\"es\",\"potentialAction\":[{\"@type\":\"ReadAction\",\"target\":[\"https:\\\/\\\/www.eldiario.net\\\/portal\\\/2024\\\/07\\\/10\\\/encuentro-de-partidos-tendra-4-ejes-tematicos\\\/\"]}]},{\"@type\":\"ImageObject\",\"inLanguage\":\"es\",\"@id\":\"https:\\\/\\\/www.eldiario.net\\\/portal\\\/2024\\\/07\\\/10\\\/encuentro-de-partidos-tendra-4-ejes-tematicos\\\/#primaryimage\",\"url\":\"https:\\\/\\\/www.eldiario.net\\\/portal\\\/wp-content\\\/uploads\\\/2024\\\/07\\\/P-4-10-cm-x-7-3.jpg\",\"contentUrl\":\"https:\\\/\\\/www.eldiario.net\\\/portal\\\/wp-content\\\/uploads\\\/2024\\\/07\\\/P-4-10-cm-x-7-3.jpg\",\"width\":1200,\"height\":809,\"caption\":\"Presidente del TSE, \u00d3scar Hassenteufel. CR\u00c9DITO: APG\"},{\"@type\":\"BreadcrumbList\",\"@id\":\"https:\\\/\\\/www.eldiario.net\\\/portal\\\/2024\\\/07\\\/10\\\/encuentro-de-partidos-tendra-4-ejes-tematicos\\\/#breadcrumb\",\"itemListElement\":[{\"@type\":\"ListItem\",\"position\":1,\"name\":\"Portada\",\"item\":\"https:\\\/\\\/www.eldiario.net\\\/portal\\\/\"},{\"@type\":\"ListItem\",\"position\":2,\"name\":\"Encuentro de partidos tendr\u00e1 4 ejes tem\u00e1ticos\"}]},{\"@type\":\"WebSite\",\"@id\":\"https:\\\/\\\/www.eldiario.net\\\/portal\\\/#website\",\"url\":\"https:\\\/\\\/www.eldiario.net\\\/portal\\\/\",\"name\":\"El Diario - Decano de la prensa nacional\",\"description\":\"El Diario - Decano de la prensa nacional\",\"publisher\":{\"@id\":\"https:\\\/\\\/www.eldiario.net\\\/portal\\\/#organization\"},\"potentialAction\":[{\"@type\":\"SearchAction\",\"target\":{\"@type\":\"EntryPoint\",\"urlTemplate\":\"https:\\\/\\\/www.eldiario.net\\\/portal\\\/?s={search_term_string}\"},\"query-input\":{\"@type\":\"PropertyValueSpecification\",\"valueRequired\":true,\"valueName\":\"search_term_string\"}}],\"inLanguage\":\"es\"},{\"@type\":\"Organization\",\"@id\":\"https:\\\/\\\/www.eldiario.net\\\/portal\\\/#organization\",\"name\":\"El Diario - Decano de la prensa nacional\",\"url\":\"https:\\\/\\\/www.eldiario.net\\\/portal\\\/\",\"logo\":{\"@type\":\"ImageObject\",\"inLanguage\":\"es\",\"@id\":\"https:\\\/\\\/www.eldiario.net\\\/portal\\\/#\\\/schema\\\/logo\\\/image\\\/\",\"url\":\"https:\\\/\\\/www.eldiario.net\\\/portal\\\/wp-content\\\/uploads\\\/2023\\\/07\\\/logo_ED.jpg\",\"contentUrl\":\"https:\\\/\\\/www.eldiario.net\\\/portal\\\/wp-content\\\/uploads\\\/2023\\\/07\\\/logo_ED.jpg\",\"width\":272,\"height\":52,\"caption\":\"El Diario - Decano de la prensa nacional\"},\"image\":{\"@id\":\"https:\\\/\\\/www.eldiario.net\\\/portal\\\/#\\\/schema\\\/logo\\\/image\\\/\"},\"sameAs\":[\"https:\\\/\\\/www.facebook.com\\\/eldiario.bolivia\\\/\",\"https:\\\/\\\/x.com\\\/eldiario_net\"]},{\"@type\":\"Person\",\"@id\":\"https:\\\/\\\/www.eldiario.net\\\/portal\\\/#\\\/schema\\\/person\\\/f46445640444750d7d753ccd04ae01b7\",\"name\":\"Jeanette\",\"image\":{\"@type\":\"ImageObject\",\"inLanguage\":\"es\",\"@id\":\"https:\\\/\\\/secure.gravatar.com\\\/avatar\\\/3ea2118a5f7dad2b7138b1187a6b7ee55f160b9968b66013c3a3ef39dd7e5798?s=96&d=mm&r=g\",\"url\":\"https:\\\/\\\/secure.gravatar.com\\\/avatar\\\/3ea2118a5f7dad2b7138b1187a6b7ee55f160b9968b66013c3a3ef39dd7e5798?s=96&d=mm&r=g\",\"contentUrl\":\"https:\\\/\\\/secure.gravatar.com\\\/avatar\\\/3ea2118a5f7dad2b7138b1187a6b7ee55f160b9968b66013c3a3ef39dd7e5798?s=96&d=mm&r=g\",\"caption\":\"Jeanette\"},\"sameAs\":[\"https:\\\/\\\/www.eldiario.net\\\/portal\"],\"url\":\"https:\\\/\\\/www.eldiario.net\\\/portal\\\/author\\\/jeanette\\\/\"}]}<\/script>\n<!-- \/ Yoast SEO plugin. -->","yoast_head_json":{"title":"Encuentro de partidos tendr\u00e1 4 ejes tem\u00e1ticos - El Diario - Bolivia","robots":{"index":"index","follow":"follow","max-snippet":"max-snippet:-1","max-image-preview":"max-image-preview:large","max-video-preview":"max-video-preview:-1"},"canonical":"https:\/\/www.eldiario.net\/portal\/2024\/07\/10\/encuentro-de-partidos-tendra-4-ejes-tematicos\/","og_locale":"es_ES","og_type":"article","og_title":"Encuentro de partidos tendr\u00e1 4 ejes tem\u00e1ticos - El Diario - Bolivia","og_description":"El presidente del Tribunal Supremo Electoral (TSE), \u00d3scar Hassenteufel, inform\u00f3 ayer que en el Encuentro por la Democracia, que reunir\u00e1 a los l\u00edderes de los 11 partidos pol\u00edticos con personer\u00eda jur\u00eddica vigente, se analizar\u00e1n cuatro temas principales. \u00abSon cuatro ejes tem\u00e1ticos y reiterarles una vez m\u00e1s que es un encuentro, no una reuni\u00f3n cumbre. Los [&hellip;]","og_url":"https:\/\/www.eldiario.net\/portal\/2024\/07\/10\/encuentro-de-partidos-tendra-4-ejes-tematicos\/","og_site_name":"El Diario - Bolivia","article_publisher":"https:\/\/www.facebook.com\/eldiario.bolivia\/","article_published_time":"2024-07-10T09:33:40+00:00","og_image":[{"width":1200,"height":809,"url":"https:\/\/www.eldiario.net\/portal\/wp-content\/uploads\/2024\/07\/P-4-10-cm-x-7-3.jpg","type":"image\/jpeg"}],"author":"Jeanette","twitter_card":"summary_large_image","twitter_creator":"@eldiario_net","twitter_site":"@eldiario_net","twitter_misc":{"Escrito por":"Jeanette","Tiempo de lectura":"2 minutos"},"schema":{"@context":"https:\/\/schema.org","@graph":[{"@type":"Article","@id":"https:\/\/www.eldiario.net\/portal\/2024\/07\/10\/encuentro-de-partidos-tendra-4-ejes-tematicos\/#article","isPartOf":{"@id":"https:\/\/www.eldiario.net\/portal\/2024\/07\/10\/encuentro-de-partidos-tendra-4-ejes-tematicos\/"},"author":{"name":"Jeanette","@id":"https:\/\/www.eldiario.net\/portal\/#\/schema\/person\/f46445640444750d7d753ccd04ae01b7"},"headline":"Encuentro de partidos tendr\u00e1 4 ejes tem\u00e1ticos","datePublished":"2024-07-10T09:33:40+00:00","mainEntityOfPage":{"@id":"https:\/\/www.eldiario.net\/portal\/2024\/07\/10\/encuentro-de-partidos-tendra-4-ejes-tematicos\/"},"wordCount":258,"commentCount":0,"publisher":{"@id":"https:\/\/www.eldiario.net\/portal\/#organization"},"image":{"@id":"https:\/\/www.eldiario.net\/portal\/2024\/07\/10\/encuentro-de-partidos-tendra-4-ejes-tematicos\/#primaryimage"},"thumbnailUrl":"https:\/\/www.eldiario.net\/portal\/wp-content\/uploads\/2024\/07\/P-4-10-cm-x-7-3.jpg","articleSection":["Portada"],"inLanguage":"es","potentialAction":[{"@type":"CommentAction","name":"Comment","target":["https:\/\/www.eldiario.net\/portal\/2024\/07\/10\/encuentro-de-partidos-tendra-4-ejes-tematicos\/#respond"]}]},{"@type":"WebPage","@id":"https:\/\/www.eldiario.net\/portal\/2024\/07\/10\/encuentro-de-partidos-tendra-4-ejes-tematicos\/","url":"https:\/\/www.eldiario.net\/portal\/2024\/07\/10\/encuentro-de-partidos-tendra-4-ejes-tematicos\/","name":"Encuentro de partidos tendr\u00e1 4 ejes tem\u00e1ticos - El Diario - Bolivia","isPartOf":{"@id":"https:\/\/www.eldiario.net\/portal\/#website"},"primaryImageOfPage":{"@id":"https:\/\/www.eldiario.net\/portal\/2024\/07\/10\/encuentro-de-partidos-tendra-4-ejes-tematicos\/#primaryimage"},"image":{"@id":"https:\/\/www.eldiario.net\/portal\/2024\/07\/10\/encuentro-de-partidos-tendra-4-ejes-tematicos\/#primaryimage"},"thumbnailUrl":"https:\/\/www.eldiario.net\/portal\/wp-content\/uploads\/2024\/07\/P-4-10-cm-x-7-3.jpg","datePublished":"2024-07-10T09:33:40+00:00","breadcrumb":{"@id":"https:\/\/www.eldiario.net\/portal\/2024\/07\/10\/encuentro-de-partidos-tendra-4-ejes-tematicos\/#breadcrumb"},"inLanguage":"es","potentialAction":[{"@type":"ReadAction","target":["https:\/\/www.eldiario.net\/portal\/2024\/07\/10\/encuentro-de-partidos-tendra-4-ejes-tematicos\/"]}]},{"@type":"ImageObject","inLanguage":"es","@id":"https:\/\/www.eldiario.net\/portal\/2024\/07\/10\/encuentro-de-partidos-tendra-4-ejes-tematicos\/#primaryimage","url":"https:\/\/www.eldiario.net\/portal\/wp-content\/uploads\/2024\/07\/P-4-10-cm-x-7-3.jpg","contentUrl":"https:\/\/www.eldiario.net\/portal\/wp-content\/uploads\/2024\/07\/P-4-10-cm-x-7-3.jpg","width":1200,"height":809,"caption":"Presidente del TSE, \u00d3scar Hassenteufel. CR\u00c9DITO: APG"},{"@type":"BreadcrumbList","@id":"https:\/\/www.eldiario.net\/portal\/2024\/07\/10\/encuentro-de-partidos-tendra-4-ejes-tematicos\/#breadcrumb","itemListElement":[{"@type":"ListItem","position":1,"name":"Portada","item":"https:\/\/www.eldiario.net\/portal\/"},{"@type":"ListItem","position":2,"name":"Encuentro de partidos tendr\u00e1 4 ejes tem\u00e1ticos"}]},{"@type":"WebSite","@id":"https:\/\/www.eldiario.net\/portal\/#website","url":"https:\/\/www.eldiario.net\/portal\/","name":"El Diario - Decano de la prensa nacional","description":"El Diario - Decano de la prensa nacional","publisher":{"@id":"https:\/\/www.eldiario.net\/portal\/#organization"},"potentialAction":[{"@type":"SearchAction","target":{"@type":"EntryPoint","urlTemplate":"https:\/\/www.eldiario.net\/portal\/?s={search_term_string}"},"query-input":{"@type":"PropertyValueSpecification","valueRequired":true,"valueName":"search_term_string"}}],"inLanguage":"es"},{"@type":"Organization","@id":"https:\/\/www.eldiario.net\/portal\/#organization","name":"El Diario - Decano de la prensa nacional","url":"https:\/\/www.eldiario.net\/portal\/","logo":{"@type":"ImageObject","inLanguage":"es","@id":"https:\/\/www.eldiario.net\/portal\/#\/schema\/logo\/image\/","url":"https:\/\/www.eldiario.net\/portal\/wp-content\/uploads\/2023\/07\/logo_ED.jpg","contentUrl":"https:\/\/www.eldiario.net\/portal\/wp-content\/uploads\/2023\/07\/logo_ED.jpg","width":272,"height":52,"caption":"El Diario - Decano de la prensa nacional"},"image":{"@id":"https:\/\/www.eldiario.net\/portal\/#\/schema\/logo\/image\/"},"sameAs":["https:\/\/www.facebook.com\/eldiario.bolivia\/","https:\/\/x.com\/eldiario_net"]},{"@type":"Person","@id":"https:\/\/www.eldiario.net\/portal\/#\/schema\/person\/f46445640444750d7d753ccd04ae01b7","name":"Jeanette","image":{"@type":"ImageObject","inLanguage":"es","@id":"https:\/\/secure.gravatar.com\/avatar\/3ea2118a5f7dad2b7138b1187a6b7ee55f160b9968b66013c3a3ef39dd7e5798?s=96&d=mm&r=g","url":"https:\/\/secure.gravatar.com\/avatar\/3ea2118a5f7dad2b7138b1187a6b7ee55f160b9968b66013c3a3ef39dd7e5798?s=96&d=mm&r=g","contentUrl":"https:\/\/secure.gravatar.com\/avatar\/3ea2118a5f7dad2b7138b1187a6b7ee55f160b9968b66013c3a3ef39dd7e5798?s=96&d=mm&r=g","caption":"Jeanette"},"sameAs":["https:\/\/www.eldiario.net\/portal"],"url":"https:\/\/www.eldiario.net\/portal\/author\/jeanette\/"}]}},"_links":{"self":[{"href":"https:\/\/www.eldiario.net\/portal\/wp-json\/wp\/v2\/posts\/232929","targetHints":{"allow":["GET"]}}],"collection":[{"href":"https:\/\/www.eldiario.net\/portal\/wp-json\/wp\/v2\/posts"}],"about":[{"href":"https:\/\/www.eldiario.net\/portal\/wp-json\/wp\/v2\/types\/post"}],"author":[{"embeddable":true,"href":"https:\/\/www.eldiario.net\/portal\/wp-json\/wp\/v2\/users\/1"}],"replies":[{"embeddable":true,"href":"https:\/\/www.eldiario.net\/portal\/wp-json\/wp\/v2\/comments?post=232929"}],"version-history":[{"count":1,"href":"https:\/\/www.eldiario.net\/portal\/wp-json\/wp\/v2\/posts\/232929\/revisions"}],"predecessor-version":[{"id":232931,"href":"https:\/\/www.eldiario.net\/portal\/wp-json\/wp\/v2\/posts\/232929\/revisions\/232931"}],"wp:featuredmedia":[{"embeddable":true,"href":"https:\/\/www.eldiario.net\/portal\/wp-json\/wp\/v2\/media\/232930"}],"wp:attachment":[{"href":"https:\/\/www.eldiario.net\/portal\/wp-json\/wp\/v2\/media?parent=232929"}],"wp:term":[{"taxonomy":"category","embeddable":true,"href":"https:\/\/www.eldiario.net\/portal\/wp-json\/wp\/v2\/categories?post=232929"},{"taxonomy":"post_tag","embeddable":true,"href":"https:\/\/www.eldiario.net\/portal\/wp-json\/wp\/v2\/tags?post=232929"}],"curies":[{"name":"wp","href":"https:\/\/api.w.org\/{rel}","templated":true}]}}