{"id":232922,"date":"2024-07-10T05:30:41","date_gmt":"2024-07-10T09:30:41","guid":{"rendered":"https:\/\/www.eldiario.net\/portal\/?p=232922"},"modified":"2024-07-10T05:30:41","modified_gmt":"2024-07-10T09:30:41","slug":"como-enfrento-la-depresion-de-mi-pareja","status":"publish","type":"post","link":"https:\/\/www.eldiario.net\/portal\/2024\/07\/10\/como-enfrento-la-depresion-de-mi-pareja\/","title":{"rendered":"C\u00f3mo enfrento la depresi\u00f3n de mi pareja"},"content":{"rendered":"<p>Por Sharon Laura Capeluto, psic\u00f3loga<\/p>\n<p>Podr\u00edamos pensar que cuando alguien atraviesa momentos dif\u00edciles, busca refugio y contenci\u00f3n en las personas que ama. Sin embargo, en el caso de la depresi\u00f3n, esto no siempre es cierto, incluso si quien la padece es nuestra pareja. De hecho, es com\u00fan que dichas personas sientan la necesidad de alejarse y buscar soledad.<\/p>\n<p>Si te encuentras en la compleja situaci\u00f3n en la que tu compa\u00f1ero\/a sentimental, que sufre depresi\u00f3n, te pide mantener distancia, es fundamental que no interpretes su deseo como un ataque personal. Tambi\u00e9n, es importante que respetes sus ritmos y necesidades y, al mismo tiempo, cuides de tu propio bienestar. Conozcamos el porqu\u00e9.<\/p>\n<p><strong>Raz\u00f3n por la que tu pareja con depresi\u00f3n quiere estar sola<\/strong><\/p>\n<p>El aislamiento social es un s\u00edntoma com\u00fan en pacientes con este trastorno. Si tu pareja tiene depresi\u00f3n, puede que pierda el inter\u00e9s en estar con otras personas, pues ya no lo disfruta. Es m\u00e1s, no solo la interacci\u00f3n social dej\u00f3 de ser una fuente de placer, sino que le supone un gran esfuerzo emocional y f\u00edsico.<\/p>\n<p>Es importante reconocer que, con frecuencia, la depresi\u00f3n se entremezcla con diagn\u00f3sticos de ansiedad, como el TAG o la ansiedad social. As\u00ed, las situaciones sociales tienden a despertar incomodidad, temor o preocupaci\u00f3n extrema, lo que refuerza el patr\u00f3n de aislamiento.<\/p>\n<p>Imagina lo frustrante que debe ser sentirse incapaz de conectar con los dem\u00e1s. El gran problema es que esto alimenta un c\u00edrculo vicioso da\u00f1ino: cuanto m\u00e1s se a\u00edsla, m\u00e1s soledad se siente, y eso empeora los s\u00edntomas de depresi\u00f3n. Entonces, el retraimiento resulta tanto causa como efecto de un cuadro depresivo.<\/p>\n<p>Adem\u00e1s, es posible que sea la persona consciente de su negatividad y se sienta como una carga para quienes tiene a su alrededor. Este contexto tal vez haga que prefiera estar a solas y evitar la presi\u00f3n de la compa\u00f1\u00eda.<\/p>\n<p><strong>\u00bfC\u00f3mo abordar la situaci\u00f3n?<\/strong><\/p>\n<p>Es comprensible que no sepas c\u00f3mo actuar ante este escenario. La experiencia de tener una pareja con depresi\u00f3n es compleja. Tienes claro que aislarse no le servir\u00e1 de nada, pero notas que rechaza tu compa\u00f1\u00eda y no logras influir en su actitud. A continuaci\u00f3n, te brindamos recomendaciones psicol\u00f3gicas para ayudarle.<\/p>\n<ol>\n<li><strong> Inf\u00f3rmate sobre la depresi\u00f3n<\/strong><\/li>\n<\/ol>\n<p>Este primer paso es fundamental\u00a0 e implica educarte m\u00e1s sobre la depresi\u00f3n. Conocer m\u00e1s a fondo qu\u00e9 es, cu\u00e1les son sus s\u00edntomas, c\u00f3mo es su din\u00e1mica y los tratamientos disponibles da una base s\u00f3lida para entender mejor lo que atraviesa tu pareja y empatizar con ella.<\/p>\n<ol start=\"2\">\n<li><strong> Evita tomarte personal su deseo de estar a solas<\/strong><\/li>\n<\/ol>\n<p>Entiende que el deseo de estar en soledad no significa que no te quiere o valora. No se trata de ti, sino de \u00e9l o ella. Si bien es posible que la relaci\u00f3n afronte un periodo de desconexi\u00f3n, y que esto afecte el estado an\u00edmico de ambos, es importante recordar que su actitud es el reflejo de sus propias luchas internas. Por lo tanto, no lo tomes como un ataque personal; porque es poco probable que lo sea.<\/p>\n<ol start=\"3\">\n<li><strong> Escucha sus emociones sin juzgarlas o minimizarlas<\/strong><\/li>\n<\/ol>\n<p>Cuando comparta sus sentimientos contigo, evita las cr\u00edticas o cuestionamientos. Sus emociones son v\u00e1lidas y leg\u00edtimas, independientemente si las comprendes o no. No se trata de estar de acuerdo o en desacuerdo con lo que siente, sino de ofrecerle un espacio seguro para expresarse.<\/p>\n<p>\u00bfEsto significa que debes sumarte a su negatividad? Por supuesto que no, pero es esencial evitar transmitirle que lo que siente no tiene sentido o que \u201cno tiene derecho a sentirse de esa manera\u201d. Hay que saber validar las emociones de los dem\u00e1s.<\/p>\n<ol start=\"4\">\n<li><strong> Expr\u00e9sate con respeto y sinceridad sobre c\u00f3mo te sientes<\/strong><\/li>\n<\/ol>\n<p>Lo que t\u00fa sientes tambi\u00e9n importa. Puedes comunicarle tu deseo de ayudar y c\u00f3mo te hace sentir su necesidad de soledad, sin echar culpas. Por ejemplo, di algo como: \u201cEntiendo que necesitas espacio y quiero apoyarte en eso. Siento frustraci\u00f3n y tristeza por lo que estamos viviendo, y me gustar\u00eda encontrar formas de ayudarte respetando tus l\u00edmites. \u00bfPodemos hablar sobre eso?\u201d. La comunicaci\u00f3n asertiva es clave en este punto.<\/p>\n<ol start=\"5\">\n<li><strong> Demu\u00e9strale tu apoyo, pero respeta su ritmo y espacio<\/strong><\/li>\n<\/ol>\n<p>Act\u00faa de acuerdo con tus palabras. Si te comprometiste a respetar sus l\u00edmites, aseg\u00farate de ser paciente y no presionar para que haga m\u00e1s de lo que est\u00e1 listo\/a para hacer. Esto significa evitar demandas excesivas o forzarle a participar en actividades sociales que le parezcan abrumadoras.<\/p>\n<p>Sin embargo, animar a tu pareja a mantener h\u00e1bitos saludables, como dormir y comer bien y hacer ejercicio f\u00edsico, puede ser beneficioso. Una rutina de autocuidado impacta de manera positiva en su estado de \u00e1nimo y bienestar general.<\/p>\n<ol start=\"6\">\n<li><strong> En lugar de imponer, br\u00edndale opciones<\/strong><\/li>\n<\/ol>\n<p>Algo que debes saber es que es posible que tenga sentimientos encontrados en relaci\u00f3n con su deseo de estar solo\/a. Por un lado, quiz\u00e1s necesita tiempo a solas para procesar sus emociones o descansar y, por otro lado, puede desear la conexi\u00f3n y apoyo de quienes lo rodean. Reconociendo esta ambivalencia, es importante que te muestres flexible.<\/p>\n<p>En vez de insistir en una \u00fanica alternativa, ofr\u00e9cele varias para que elija lo que m\u00e1s le convenga en ese momento. Por ejemplo, preg\u00fantale si le gustar\u00eda dar un paseo, ver una pel\u00edcula en casa o acordar encontrarse m\u00e1s tarde. Ajusta estas sugerencias en funci\u00f3n de sus intereses o de aquello que sol\u00eda disfrutar.<\/p>\n<ol start=\"7\">\n<li><strong> Ofrece tu ayuda con acciones concretas<\/strong><\/li>\n<\/ol>\n<p>Si tu pareja sufre depresi\u00f3n, puede que incluso las tareas m\u00e1s sencillas le resulten todo un reto. Cosas tan cotidianas como cepillarse los dientes o prepararse el desayuno requieren un gran esfuerzo. Ahora, piensa en lo complejo que ser\u00eda participar de actividades sociales o salir a divertirse contigo.<\/p>\n<p>Por lo tanto, facilitarle las cosas es de gran ayuda. Es factible encargarte de comprar las entradas al cine, elegir el men\u00fa de la cena o, en caso de que no convivan, acercarte a su casa y no esperar que esta persona lo haga.<\/p>\n<ol start=\"8\">\n<li><strong> Define y establece l\u00edmites<\/strong><\/li>\n<\/ol>\n<p>Tambi\u00e9n es fundamental establecer de modo claro lo que podr\u00e1s hacer y lo que no. Definir tus l\u00edmites personales permitir\u00e1 cuidar tu bienestar y evitar el agotamiento emocional. En este proceso, conviene pedir ayuda adicional o decir \u201cno\u201d a ciertos compromisos abrumadores para ti. Apoyar a tu pareja no significa sacrificar tu propia salud.<\/p>\n<ol start=\"9\">\n<li><strong> An\u00edmale a buscar ayuda profesional<\/strong><\/li>\n<\/ol>\n<p>Recuerda que eres su pareja, no su terapeuta. La depresi\u00f3n es un trastorno del estado de \u00e1nimo que, a menudo, requiere tratamiento especializado. Alentarle a consultar con un profesional de la salud mental, e incluso acompa\u00f1arlo en la b\u00fasqueda, es un paso crucial. No obstante, s\u00e9 consciente de que puede mostrar resistencia a recibir ayuda externa y que la \u00faltima decisi\u00f3n no est\u00e1 en ti.<\/p>\n<ol start=\"10\">\n<li><strong> Ten un plan de crisis<\/strong><\/li>\n<\/ol>\n<p>Es algunos casos, es imprescindible contar con un plan de crisis para manejar situaciones cr\u00edticas. Este deber\u00eda incluir n\u00fameros de emergencia y estrategias espec\u00edficas a seguir, si tu pareja muestra signos de empeoramiento significativo o si hay riesgo de autolesi\u00f3n.<\/p>\n<p>Puedes incluso elaborar el plan en su compa\u00f1\u00eda, cuando est\u00e9 estable a nivel an\u00edmico, o junto a su terapeuta o profesional de la salud mental, para que incluya su orientaci\u00f3n experta.<\/p>\n<ol start=\"11\">\n<li><strong> Considera los grupos de apoyo<\/strong><\/li>\n<\/ol>\n<p>Explora la posibilidad de unirte a grupos de apoyo de tu localidad; funciona para ambos. Estos ofrecen un espacio seguro para compartir experiencias, consejos y recursos con personas que pasan por situaciones similares. En conjunto, es m\u00e1s f\u00e1cil encontrar consuelo, orientaci\u00f3n y nuevas estrategias que contribuyan a enfrentar la depresi\u00f3n.<\/p>\n<p><strong>Qu\u00e9 decirle y qu\u00e9 no a una persona con depresi\u00f3n<\/strong><\/p>\n<p>La Organizaci\u00f3n Mundial de la Salud estima que 280 millones de personas en el mundo viven con depresi\u00f3n. Pero todav\u00eda hay muchas dudas sobre c\u00f3mo ayudar. Por lo tanto, es comprensible que no sepas c\u00f3mo abordar la situaci\u00f3n de tener a un ser querido que atraviese este momento dif\u00edcil.<\/p>\n<p>Si bien cada persona es \u00fanica y quiz\u00e1s necesita apoyos diferentes, hay ciertas expresiones que son preferibles de evitar al conversar con alguien que sufre depresi\u00f3n. Hablamos de ellas y ofrecemos alternativas m\u00e1s constructivas y emp\u00e1ticas:<\/p>\n<p>En lugar de decir \u201csolo necesitas cambiar de actitud\u201d, di \u201cestoy aqu\u00ed para escucharte sin juzgar\u201d.<\/p>\n<p>Reemplaza \u201cdeber\u00edas dejar de preocuparte por eso\u201d, por \u201c\u00bfquieres hablar sobre lo que te preocupa?\u201d.<\/p>\n<p>Antes de comentar \u201cno tienes raz\u00f3n para sentirte as\u00ed\u201d, opta por \u201clamento que te sientas as\u00ed, \u00bfc\u00f3mo crees que puedo ayudarte?\u201d.<\/p>\n<p>En vez de proponerle \u00abdeber\u00edas socializar m\u00e1s\u00bb, expresa \u00abnoto que, a veces, prefieres estar solo. Estoy aqu\u00ed si alguna vez quieres compa\u00f1\u00eda\u00bb.<\/p>\n<p>Tu intenci\u00f3n es ayudar y eso es lo m\u00e1s importante. Sin embargo, tambi\u00e9n es fundamental recordar que nuestras palabras tienen un impacto en los dem\u00e1s, en especial en aquellos que se sienten atrapados en la oscuridad de la depresi\u00f3n, donde los sentimientos de vac\u00edo y desesperanza son moneda corriente. Entonces, que tus mensajes reflejen compasi\u00f3n.<\/p>\n<p><strong>Ayuda con lo que eres y con lo que puedes<\/strong><\/p>\n<p>Eres importante en esta ecuaci\u00f3n. Al igual que tu pareja necesita espacio y comprensi\u00f3n para transitar su depresi\u00f3n, t\u00fa tambi\u00e9n mereces cuidado y apoyo. Al fin y al cabo, debe ser muy dif\u00edcil para ti sentir el rechazo de tu pareja, notar que ya no disfruta de tu compa\u00f1\u00eda y no hallar las maneras de ayudarle.<\/p>\n<p>Entonces, no te exijas una carga mayor de la que deber\u00edas, ni te hagas responsable del bienestar de alguien m\u00e1s, ya que no tienes control absoluto sobre ello. Lo adecuado es que ofrezcas la ayuda desde lo que eres y desde lo que est\u00e9 dentro de tus posibilidades.<\/p>\n","protected":false},"excerpt":{"rendered":"<p>Por Sharon Laura Capeluto, psic\u00f3loga Podr\u00edamos pensar que cuando alguien atraviesa momentos dif\u00edciles, busca refugio y contenci\u00f3n en las personas que ama. Sin embargo, en el caso de la depresi\u00f3n, esto no siempre es cierto, incluso si quien la padece es nuestra pareja. De hecho, es com\u00fan que dichas personas sientan la necesidad de alejarse [&hellip;]<\/p>\n","protected":false},"author":1,"featured_media":232923,"comment_status":"open","ping_status":"open","sticky":false,"template":"","format":"standard","meta":{"_acf_changed":false,"footnotes":""},"categories":[42],"tags":[],"class_list":["post-232922","post","type-post","status-publish","format-standard","has-post-thumbnail","category-femenina"],"acf":{"antetitulo":"Psicolog\u00eda"},"yoast_head":"<!-- This site is optimized with the Yoast SEO plugin v28.3 - https:\/\/yoast.com\/product\/yoast-seo-wordpress\/ -->\n<title>C\u00f3mo enfrento la depresi\u00f3n de mi pareja - El Diario - Bolivia<\/title>\n<meta name=\"robots\" content=\"index, follow, max-snippet:-1, max-image-preview:large, max-video-preview:-1\" \/>\n<link rel=\"canonical\" href=\"https:\/\/www.eldiario.net\/portal\/2024\/07\/10\/como-enfrento-la-depresion-de-mi-pareja\/\" \/>\n<meta property=\"og:locale\" content=\"es_ES\" \/>\n<meta property=\"og:type\" content=\"article\" \/>\n<meta property=\"og:title\" content=\"C\u00f3mo enfrento la depresi\u00f3n de mi pareja - El Diario - Bolivia\" \/>\n<meta property=\"og:description\" content=\"Por Sharon Laura Capeluto, psic\u00f3loga Podr\u00edamos pensar que cuando alguien atraviesa momentos dif\u00edciles, busca refugio y contenci\u00f3n en las personas que ama. Sin embargo, en el caso de la depresi\u00f3n, esto no siempre es cierto, incluso si quien la padece es nuestra pareja. De hecho, es com\u00fan que dichas personas sientan la necesidad de alejarse [&hellip;]\" \/>\n<meta property=\"og:url\" content=\"https:\/\/www.eldiario.net\/portal\/2024\/07\/10\/como-enfrento-la-depresion-de-mi-pareja\/\" \/>\n<meta property=\"og:site_name\" content=\"El Diario - Bolivia\" \/>\n<meta property=\"article:publisher\" content=\"https:\/\/www.facebook.com\/eldiario.bolivia\/\" \/>\n<meta property=\"article:published_time\" content=\"2024-07-10T09:30:41+00:00\" \/>\n<meta property=\"og:image\" content=\"https:\/\/www.eldiario.net\/portal\/wp-content\/uploads\/2024\/07\/NOTA-2-FOTO-1.jpg\" \/>\n\t<meta property=\"og:image:width\" content=\"700\" \/>\n\t<meta property=\"og:image:height\" content=\"352\" \/>\n\t<meta property=\"og:image:type\" content=\"image\/jpeg\" \/>\n<meta name=\"author\" content=\"Jeanette\" \/>\n<meta name=\"twitter:card\" content=\"summary_large_image\" \/>\n<meta name=\"twitter:creator\" content=\"@eldiario_net\" \/>\n<meta name=\"twitter:site\" content=\"@eldiario_net\" \/>\n<meta name=\"twitter:label1\" content=\"Escrito por\" \/>\n\t<meta name=\"twitter:data1\" content=\"Jeanette\" \/>\n\t<meta name=\"twitter:label2\" content=\"Tiempo de lectura\" \/>\n\t<meta name=\"twitter:data2\" content=\"8 minutos\" \/>\n<script type=\"application\/ld+json\" class=\"yoast-schema-graph\">{\"@context\":\"https:\\\/\\\/schema.org\",\"@graph\":[{\"@type\":\"Article\",\"@id\":\"https:\\\/\\\/www.eldiario.net\\\/portal\\\/2024\\\/07\\\/10\\\/como-enfrento-la-depresion-de-mi-pareja\\\/#article\",\"isPartOf\":{\"@id\":\"https:\\\/\\\/www.eldiario.net\\\/portal\\\/2024\\\/07\\\/10\\\/como-enfrento-la-depresion-de-mi-pareja\\\/\"},\"author\":{\"name\":\"Jeanette\",\"@id\":\"https:\\\/\\\/www.eldiario.net\\\/portal\\\/#\\\/schema\\\/person\\\/f46445640444750d7d753ccd04ae01b7\"},\"headline\":\"C\u00f3mo enfrento la depresi\u00f3n de mi pareja\",\"datePublished\":\"2024-07-10T09:30:41+00:00\",\"mainEntityOfPage\":{\"@id\":\"https:\\\/\\\/www.eldiario.net\\\/portal\\\/2024\\\/07\\\/10\\\/como-enfrento-la-depresion-de-mi-pareja\\\/\"},\"wordCount\":1730,\"commentCount\":0,\"publisher\":{\"@id\":\"https:\\\/\\\/www.eldiario.net\\\/portal\\\/#organization\"},\"image\":{\"@id\":\"https:\\\/\\\/www.eldiario.net\\\/portal\\\/2024\\\/07\\\/10\\\/como-enfrento-la-depresion-de-mi-pareja\\\/#primaryimage\"},\"thumbnailUrl\":\"https:\\\/\\\/www.eldiario.net\\\/portal\\\/wp-content\\\/uploads\\\/2024\\\/07\\\/NOTA-2-FOTO-1.jpg\",\"articleSection\":[\"Femenina\"],\"inLanguage\":\"es\",\"potentialAction\":[{\"@type\":\"CommentAction\",\"name\":\"Comment\",\"target\":[\"https:\\\/\\\/www.eldiario.net\\\/portal\\\/2024\\\/07\\\/10\\\/como-enfrento-la-depresion-de-mi-pareja\\\/#respond\"]}]},{\"@type\":\"WebPage\",\"@id\":\"https:\\\/\\\/www.eldiario.net\\\/portal\\\/2024\\\/07\\\/10\\\/como-enfrento-la-depresion-de-mi-pareja\\\/\",\"url\":\"https:\\\/\\\/www.eldiario.net\\\/portal\\\/2024\\\/07\\\/10\\\/como-enfrento-la-depresion-de-mi-pareja\\\/\",\"name\":\"C\u00f3mo enfrento la depresi\u00f3n de mi pareja - El Diario - Bolivia\",\"isPartOf\":{\"@id\":\"https:\\\/\\\/www.eldiario.net\\\/portal\\\/#website\"},\"primaryImageOfPage\":{\"@id\":\"https:\\\/\\\/www.eldiario.net\\\/portal\\\/2024\\\/07\\\/10\\\/como-enfrento-la-depresion-de-mi-pareja\\\/#primaryimage\"},\"image\":{\"@id\":\"https:\\\/\\\/www.eldiario.net\\\/portal\\\/2024\\\/07\\\/10\\\/como-enfrento-la-depresion-de-mi-pareja\\\/#primaryimage\"},\"thumbnailUrl\":\"https:\\\/\\\/www.eldiario.net\\\/portal\\\/wp-content\\\/uploads\\\/2024\\\/07\\\/NOTA-2-FOTO-1.jpg\",\"datePublished\":\"2024-07-10T09:30:41+00:00\",\"breadcrumb\":{\"@id\":\"https:\\\/\\\/www.eldiario.net\\\/portal\\\/2024\\\/07\\\/10\\\/como-enfrento-la-depresion-de-mi-pareja\\\/#breadcrumb\"},\"inLanguage\":\"es\",\"potentialAction\":[{\"@type\":\"ReadAction\",\"target\":[\"https:\\\/\\\/www.eldiario.net\\\/portal\\\/2024\\\/07\\\/10\\\/como-enfrento-la-depresion-de-mi-pareja\\\/\"]}]},{\"@type\":\"ImageObject\",\"inLanguage\":\"es\",\"@id\":\"https:\\\/\\\/www.eldiario.net\\\/portal\\\/2024\\\/07\\\/10\\\/como-enfrento-la-depresion-de-mi-pareja\\\/#primaryimage\",\"url\":\"https:\\\/\\\/www.eldiario.net\\\/portal\\\/wp-content\\\/uploads\\\/2024\\\/07\\\/NOTA-2-FOTO-1.jpg\",\"contentUrl\":\"https:\\\/\\\/www.eldiario.net\\\/portal\\\/wp-content\\\/uploads\\\/2024\\\/07\\\/NOTA-2-FOTO-1.jpg\",\"width\":700,\"height\":352,\"caption\":\"EL AISLAMIENTO SOCIAL ES S\u00cdNTOMA COM\u00daN EN PACIENTES CON DEPRESI\u00d3N.\"},{\"@type\":\"BreadcrumbList\",\"@id\":\"https:\\\/\\\/www.eldiario.net\\\/portal\\\/2024\\\/07\\\/10\\\/como-enfrento-la-depresion-de-mi-pareja\\\/#breadcrumb\",\"itemListElement\":[{\"@type\":\"ListItem\",\"position\":1,\"name\":\"Portada\",\"item\":\"https:\\\/\\\/www.eldiario.net\\\/portal\\\/\"},{\"@type\":\"ListItem\",\"position\":2,\"name\":\"C\u00f3mo enfrento la depresi\u00f3n de mi pareja\"}]},{\"@type\":\"WebSite\",\"@id\":\"https:\\\/\\\/www.eldiario.net\\\/portal\\\/#website\",\"url\":\"https:\\\/\\\/www.eldiario.net\\\/portal\\\/\",\"name\":\"El Diario - Decano de la prensa nacional\",\"description\":\"El Diario - Decano de la prensa nacional\",\"publisher\":{\"@id\":\"https:\\\/\\\/www.eldiario.net\\\/portal\\\/#organization\"},\"potentialAction\":[{\"@type\":\"SearchAction\",\"target\":{\"@type\":\"EntryPoint\",\"urlTemplate\":\"https:\\\/\\\/www.eldiario.net\\\/portal\\\/?s={search_term_string}\"},\"query-input\":{\"@type\":\"PropertyValueSpecification\",\"valueRequired\":true,\"valueName\":\"search_term_string\"}}],\"inLanguage\":\"es\"},{\"@type\":\"Organization\",\"@id\":\"https:\\\/\\\/www.eldiario.net\\\/portal\\\/#organization\",\"name\":\"El Diario - Decano de la prensa nacional\",\"url\":\"https:\\\/\\\/www.eldiario.net\\\/portal\\\/\",\"logo\":{\"@type\":\"ImageObject\",\"inLanguage\":\"es\",\"@id\":\"https:\\\/\\\/www.eldiario.net\\\/portal\\\/#\\\/schema\\\/logo\\\/image\\\/\",\"url\":\"https:\\\/\\\/www.eldiario.net\\\/portal\\\/wp-content\\\/uploads\\\/2023\\\/07\\\/logo_ED.jpg\",\"contentUrl\":\"https:\\\/\\\/www.eldiario.net\\\/portal\\\/wp-content\\\/uploads\\\/2023\\\/07\\\/logo_ED.jpg\",\"width\":272,\"height\":52,\"caption\":\"El Diario - Decano de la prensa nacional\"},\"image\":{\"@id\":\"https:\\\/\\\/www.eldiario.net\\\/portal\\\/#\\\/schema\\\/logo\\\/image\\\/\"},\"sameAs\":[\"https:\\\/\\\/www.facebook.com\\\/eldiario.bolivia\\\/\",\"https:\\\/\\\/x.com\\\/eldiario_net\"]},{\"@type\":\"Person\",\"@id\":\"https:\\\/\\\/www.eldiario.net\\\/portal\\\/#\\\/schema\\\/person\\\/f46445640444750d7d753ccd04ae01b7\",\"name\":\"Jeanette\",\"image\":{\"@type\":\"ImageObject\",\"inLanguage\":\"es\",\"@id\":\"https:\\\/\\\/secure.gravatar.com\\\/avatar\\\/3ea2118a5f7dad2b7138b1187a6b7ee55f160b9968b66013c3a3ef39dd7e5798?s=96&d=mm&r=g\",\"url\":\"https:\\\/\\\/secure.gravatar.com\\\/avatar\\\/3ea2118a5f7dad2b7138b1187a6b7ee55f160b9968b66013c3a3ef39dd7e5798?s=96&d=mm&r=g\",\"contentUrl\":\"https:\\\/\\\/secure.gravatar.com\\\/avatar\\\/3ea2118a5f7dad2b7138b1187a6b7ee55f160b9968b66013c3a3ef39dd7e5798?s=96&d=mm&r=g\",\"caption\":\"Jeanette\"},\"sameAs\":[\"https:\\\/\\\/www.eldiario.net\\\/portal\"],\"url\":\"https:\\\/\\\/www.eldiario.net\\\/portal\\\/author\\\/jeanette\\\/\"}]}<\/script>\n<!-- \/ Yoast SEO plugin. -->","yoast_head_json":{"title":"C\u00f3mo enfrento la depresi\u00f3n de mi pareja - El Diario - Bolivia","robots":{"index":"index","follow":"follow","max-snippet":"max-snippet:-1","max-image-preview":"max-image-preview:large","max-video-preview":"max-video-preview:-1"},"canonical":"https:\/\/www.eldiario.net\/portal\/2024\/07\/10\/como-enfrento-la-depresion-de-mi-pareja\/","og_locale":"es_ES","og_type":"article","og_title":"C\u00f3mo enfrento la depresi\u00f3n de mi pareja - El Diario - Bolivia","og_description":"Por Sharon Laura Capeluto, psic\u00f3loga Podr\u00edamos pensar que cuando alguien atraviesa momentos dif\u00edciles, busca refugio y contenci\u00f3n en las personas que ama. Sin embargo, en el caso de la depresi\u00f3n, esto no siempre es cierto, incluso si quien la padece es nuestra pareja. De hecho, es com\u00fan que dichas personas sientan la necesidad de alejarse [&hellip;]","og_url":"https:\/\/www.eldiario.net\/portal\/2024\/07\/10\/como-enfrento-la-depresion-de-mi-pareja\/","og_site_name":"El Diario - Bolivia","article_publisher":"https:\/\/www.facebook.com\/eldiario.bolivia\/","article_published_time":"2024-07-10T09:30:41+00:00","og_image":[{"width":700,"height":352,"url":"https:\/\/www.eldiario.net\/portal\/wp-content\/uploads\/2024\/07\/NOTA-2-FOTO-1.jpg","type":"image\/jpeg"}],"author":"Jeanette","twitter_card":"summary_large_image","twitter_creator":"@eldiario_net","twitter_site":"@eldiario_net","twitter_misc":{"Escrito por":"Jeanette","Tiempo de lectura":"8 minutos"},"schema":{"@context":"https:\/\/schema.org","@graph":[{"@type":"Article","@id":"https:\/\/www.eldiario.net\/portal\/2024\/07\/10\/como-enfrento-la-depresion-de-mi-pareja\/#article","isPartOf":{"@id":"https:\/\/www.eldiario.net\/portal\/2024\/07\/10\/como-enfrento-la-depresion-de-mi-pareja\/"},"author":{"name":"Jeanette","@id":"https:\/\/www.eldiario.net\/portal\/#\/schema\/person\/f46445640444750d7d753ccd04ae01b7"},"headline":"C\u00f3mo enfrento la depresi\u00f3n de mi pareja","datePublished":"2024-07-10T09:30:41+00:00","mainEntityOfPage":{"@id":"https:\/\/www.eldiario.net\/portal\/2024\/07\/10\/como-enfrento-la-depresion-de-mi-pareja\/"},"wordCount":1730,"commentCount":0,"publisher":{"@id":"https:\/\/www.eldiario.net\/portal\/#organization"},"image":{"@id":"https:\/\/www.eldiario.net\/portal\/2024\/07\/10\/como-enfrento-la-depresion-de-mi-pareja\/#primaryimage"},"thumbnailUrl":"https:\/\/www.eldiario.net\/portal\/wp-content\/uploads\/2024\/07\/NOTA-2-FOTO-1.jpg","articleSection":["Femenina"],"inLanguage":"es","potentialAction":[{"@type":"CommentAction","name":"Comment","target":["https:\/\/www.eldiario.net\/portal\/2024\/07\/10\/como-enfrento-la-depresion-de-mi-pareja\/#respond"]}]},{"@type":"WebPage","@id":"https:\/\/www.eldiario.net\/portal\/2024\/07\/10\/como-enfrento-la-depresion-de-mi-pareja\/","url":"https:\/\/www.eldiario.net\/portal\/2024\/07\/10\/como-enfrento-la-depresion-de-mi-pareja\/","name":"C\u00f3mo enfrento la depresi\u00f3n de mi pareja - El Diario - Bolivia","isPartOf":{"@id":"https:\/\/www.eldiario.net\/portal\/#website"},"primaryImageOfPage":{"@id":"https:\/\/www.eldiario.net\/portal\/2024\/07\/10\/como-enfrento-la-depresion-de-mi-pareja\/#primaryimage"},"image":{"@id":"https:\/\/www.eldiario.net\/portal\/2024\/07\/10\/como-enfrento-la-depresion-de-mi-pareja\/#primaryimage"},"thumbnailUrl":"https:\/\/www.eldiario.net\/portal\/wp-content\/uploads\/2024\/07\/NOTA-2-FOTO-1.jpg","datePublished":"2024-07-10T09:30:41+00:00","breadcrumb":{"@id":"https:\/\/www.eldiario.net\/portal\/2024\/07\/10\/como-enfrento-la-depresion-de-mi-pareja\/#breadcrumb"},"inLanguage":"es","potentialAction":[{"@type":"ReadAction","target":["https:\/\/www.eldiario.net\/portal\/2024\/07\/10\/como-enfrento-la-depresion-de-mi-pareja\/"]}]},{"@type":"ImageObject","inLanguage":"es","@id":"https:\/\/www.eldiario.net\/portal\/2024\/07\/10\/como-enfrento-la-depresion-de-mi-pareja\/#primaryimage","url":"https:\/\/www.eldiario.net\/portal\/wp-content\/uploads\/2024\/07\/NOTA-2-FOTO-1.jpg","contentUrl":"https:\/\/www.eldiario.net\/portal\/wp-content\/uploads\/2024\/07\/NOTA-2-FOTO-1.jpg","width":700,"height":352,"caption":"EL AISLAMIENTO SOCIAL ES S\u00cdNTOMA COM\u00daN EN PACIENTES CON DEPRESI\u00d3N."},{"@type":"BreadcrumbList","@id":"https:\/\/www.eldiario.net\/portal\/2024\/07\/10\/como-enfrento-la-depresion-de-mi-pareja\/#breadcrumb","itemListElement":[{"@type":"ListItem","position":1,"name":"Portada","item":"https:\/\/www.eldiario.net\/portal\/"},{"@type":"ListItem","position":2,"name":"C\u00f3mo enfrento la depresi\u00f3n de mi pareja"}]},{"@type":"WebSite","@id":"https:\/\/www.eldiario.net\/portal\/#website","url":"https:\/\/www.eldiario.net\/portal\/","name":"El Diario - Decano de la prensa nacional","description":"El Diario - Decano de la prensa nacional","publisher":{"@id":"https:\/\/www.eldiario.net\/portal\/#organization"},"potentialAction":[{"@type":"SearchAction","target":{"@type":"EntryPoint","urlTemplate":"https:\/\/www.eldiario.net\/portal\/?s={search_term_string}"},"query-input":{"@type":"PropertyValueSpecification","valueRequired":true,"valueName":"search_term_string"}}],"inLanguage":"es"},{"@type":"Organization","@id":"https:\/\/www.eldiario.net\/portal\/#organization","name":"El Diario - Decano de la prensa nacional","url":"https:\/\/www.eldiario.net\/portal\/","logo":{"@type":"ImageObject","inLanguage":"es","@id":"https:\/\/www.eldiario.net\/portal\/#\/schema\/logo\/image\/","url":"https:\/\/www.eldiario.net\/portal\/wp-content\/uploads\/2023\/07\/logo_ED.jpg","contentUrl":"https:\/\/www.eldiario.net\/portal\/wp-content\/uploads\/2023\/07\/logo_ED.jpg","width":272,"height":52,"caption":"El Diario - Decano de la prensa nacional"},"image":{"@id":"https:\/\/www.eldiario.net\/portal\/#\/schema\/logo\/image\/"},"sameAs":["https:\/\/www.facebook.com\/eldiario.bolivia\/","https:\/\/x.com\/eldiario_net"]},{"@type":"Person","@id":"https:\/\/www.eldiario.net\/portal\/#\/schema\/person\/f46445640444750d7d753ccd04ae01b7","name":"Jeanette","image":{"@type":"ImageObject","inLanguage":"es","@id":"https:\/\/secure.gravatar.com\/avatar\/3ea2118a5f7dad2b7138b1187a6b7ee55f160b9968b66013c3a3ef39dd7e5798?s=96&d=mm&r=g","url":"https:\/\/secure.gravatar.com\/avatar\/3ea2118a5f7dad2b7138b1187a6b7ee55f160b9968b66013c3a3ef39dd7e5798?s=96&d=mm&r=g","contentUrl":"https:\/\/secure.gravatar.com\/avatar\/3ea2118a5f7dad2b7138b1187a6b7ee55f160b9968b66013c3a3ef39dd7e5798?s=96&d=mm&r=g","caption":"Jeanette"},"sameAs":["https:\/\/www.eldiario.net\/portal"],"url":"https:\/\/www.eldiario.net\/portal\/author\/jeanette\/"}]}},"_links":{"self":[{"href":"https:\/\/www.eldiario.net\/portal\/wp-json\/wp\/v2\/posts\/232922","targetHints":{"allow":["GET"]}}],"collection":[{"href":"https:\/\/www.eldiario.net\/portal\/wp-json\/wp\/v2\/posts"}],"about":[{"href":"https:\/\/www.eldiario.net\/portal\/wp-json\/wp\/v2\/types\/post"}],"author":[{"embeddable":true,"href":"https:\/\/www.eldiario.net\/portal\/wp-json\/wp\/v2\/users\/1"}],"replies":[{"embeddable":true,"href":"https:\/\/www.eldiario.net\/portal\/wp-json\/wp\/v2\/comments?post=232922"}],"version-history":[{"count":1,"href":"https:\/\/www.eldiario.net\/portal\/wp-json\/wp\/v2\/posts\/232922\/revisions"}],"predecessor-version":[{"id":232924,"href":"https:\/\/www.eldiario.net\/portal\/wp-json\/wp\/v2\/posts\/232922\/revisions\/232924"}],"wp:featuredmedia":[{"embeddable":true,"href":"https:\/\/www.eldiario.net\/portal\/wp-json\/wp\/v2\/media\/232923"}],"wp:attachment":[{"href":"https:\/\/www.eldiario.net\/portal\/wp-json\/wp\/v2\/media?parent=232922"}],"wp:term":[{"taxonomy":"category","embeddable":true,"href":"https:\/\/www.eldiario.net\/portal\/wp-json\/wp\/v2\/categories?post=232922"},{"taxonomy":"post_tag","embeddable":true,"href":"https:\/\/www.eldiario.net\/portal\/wp-json\/wp\/v2\/tags?post=232922"}],"curies":[{"name":"wp","href":"https:\/\/api.w.org\/{rel}","templated":true}]}}