{"id":232919,"date":"2024-07-10T05:29:54","date_gmt":"2024-07-10T09:29:54","guid":{"rendered":"https:\/\/www.eldiario.net\/portal\/?p=232919"},"modified":"2024-07-10T05:29:54","modified_gmt":"2024-07-10T09:29:54","slug":"orion-la-herramienta-de-ia-que-redefine-la-tecnologia","status":"publish","type":"post","link":"https:\/\/www.eldiario.net\/portal\/2024\/07\/10\/orion-la-herramienta-de-ia-que-redefine-la-tecnologia\/","title":{"rendered":"\u201cOrion\u201d, la herramienta de IA que redefine la tecnolog\u00eda"},"content":{"rendered":"<p>\u201cOrion\u201d es la nueva herramienta de inteligencia artificial que destaca en el an\u00e1lisis de datos y estrategias de IA, dise\u00f1ada para revolucionar el panorama digital. Desarrollada internamente por Ariadna Communications Group y lanzada a finales de 2023, la misma ya est\u00e1 siendo implementada con \u00e9xito en colaboraciones con clientes en Bolivia como Nexocorp desde 2024, lo que simboliza un hito en la innovaci\u00f3n tecnol\u00f3gica de la compa\u00f1\u00eda en nuestro pa\u00eds.<\/p>\n<p>Esta herramienta se basa en una metodolog\u00eda que centraliza datos de las compa\u00f1\u00edas para un an\u00e1lisis avanzado, utilizando tecnolog\u00edas de \u00faltima generaci\u00f3n como Big Data Center, Customer Data Platform (CDP), y Data Management Platform (DMP). Asimismo, integra datos de SEO, investigaci\u00f3n, anal\u00edtica web, implementaci\u00f3n, monitoreo, automatizaci\u00f3n, inteligencia artificial, media y e-commerce, asegurando respuestas precisas a necesidades complejas de negocio en tan solo 13 segundos.<\/p>\n<p>\u00abCon Orion, estamos no solo respondiendo a las exigencias del mercado, sino que estamos adelant\u00e1ndonos a ellas. Esta herramienta no solo mejora nuestra capacidad de recopilaci\u00f3n y an\u00e1lisis de datos, sino que tambi\u00e9n refuerza nuestra posici\u00f3n como l\u00edderes en la aplicaci\u00f3n de inteligencia artificial en estrategias de mercado. Adem\u00e1s, nos permite ofrecer a nuestros clientes insights m\u00e1s precisos y estrategias m\u00e1s efectivas, asegurando resultados superiores en todas nuestras campa\u00f1as\u00bb, afirma Andrea Forero, directora Regional de Data e Inteligencia de Negocios de Ariadna.<\/p>\n<p>Adem\u00e1s de su avanzada capacidad de an\u00e1lisis, Orion est\u00e1 dise\u00f1ada para ser altamente adaptable a las futuras regulaciones de privacidad y los cambios en el uso de cookies, asegurando que las estrategias de marketing de Ariadna permanezcan no solo efectivas, sino tambi\u00e9n completamente conformes con las normativas internacionales. Con funcionalidades como la creaci\u00f3n de un ID \u00fanico por usuario y la integraci\u00f3n de plataformas para una mejor interfaz de usuario, \u00e9sta se coloca a la vanguardia de la personalizaci\u00f3n y eficiencia en marketing digital.<\/p>\n<p>Orion tambi\u00e9n incluye un sistema de gesti\u00f3n de etiquetas para seguimiento de conversiones, optimizaci\u00f3n de campa\u00f1as, y creaci\u00f3n de audiencias personalizadas, asegurando que cada acci\u00f3n tomada est\u00e9 bien fundamentada y sea medible en t\u00e9rminos de retorno de inversi\u00f3n<\/p>\n<p>Con esta herramienta, Ariadna Communications Group reafirma su compromiso de proveer soluciones innovadoras a sus clientes, asegurando un impacto real y medible en todas las campa\u00f1as digitales.<\/p>\n","protected":false},"excerpt":{"rendered":"<p>\u201cOrion\u201d es la nueva herramienta de inteligencia artificial que destaca en el an\u00e1lisis de datos y estrategias de IA, dise\u00f1ada para revolucionar el panorama digital. Desarrollada internamente por Ariadna Communications Group y lanzada a finales de 2023, la misma ya est\u00e1 siendo implementada con \u00e9xito en colaboraciones con clientes en Bolivia como Nexocorp desde 2024, [&hellip;]<\/p>\n","protected":false},"author":1,"featured_media":232920,"comment_status":"open","ping_status":"open","sticky":false,"template":"","format":"standard","meta":{"_acf_changed":false,"footnotes":""},"categories":[42],"tags":[],"class_list":["post-232919","post","type-post","status-publish","format-standard","has-post-thumbnail","category-femenina"],"acf":{"antetitulo":""},"yoast_head":"<!-- This site is optimized with the Yoast SEO plugin v28.3 - https:\/\/yoast.com\/product\/yoast-seo-wordpress\/ -->\n<title>\u201cOrion\u201d, la herramienta de IA que redefine la tecnolog\u00eda - El Diario - Bolivia<\/title>\n<meta name=\"robots\" content=\"index, follow, max-snippet:-1, max-image-preview:large, max-video-preview:-1\" \/>\n<link rel=\"canonical\" href=\"https:\/\/www.eldiario.net\/portal\/2024\/07\/10\/orion-la-herramienta-de-ia-que-redefine-la-tecnologia\/\" \/>\n<meta property=\"og:locale\" content=\"es_ES\" \/>\n<meta property=\"og:type\" content=\"article\" \/>\n<meta property=\"og:title\" content=\"\u201cOrion\u201d, la herramienta de IA que redefine la tecnolog\u00eda - El Diario - Bolivia\" \/>\n<meta property=\"og:description\" content=\"\u201cOrion\u201d es la nueva herramienta de inteligencia artificial que destaca en el an\u00e1lisis de datos y estrategias de IA, dise\u00f1ada para revolucionar el panorama digital. Desarrollada internamente por Ariadna Communications Group y lanzada a finales de 2023, la misma ya est\u00e1 siendo implementada con \u00e9xito en colaboraciones con clientes en Bolivia como Nexocorp desde 2024, [&hellip;]\" \/>\n<meta property=\"og:url\" content=\"https:\/\/www.eldiario.net\/portal\/2024\/07\/10\/orion-la-herramienta-de-ia-que-redefine-la-tecnologia\/\" \/>\n<meta property=\"og:site_name\" content=\"El Diario - Bolivia\" \/>\n<meta property=\"article:publisher\" content=\"https:\/\/www.facebook.com\/eldiario.bolivia\/\" \/>\n<meta property=\"article:published_time\" content=\"2024-07-10T09:29:54+00:00\" \/>\n<meta property=\"og:image\" content=\"https:\/\/www.eldiario.net\/portal\/wp-content\/uploads\/2024\/07\/NOTA-3-FOTO-1.jpg\" \/>\n\t<meta property=\"og:image:width\" content=\"1920\" \/>\n\t<meta property=\"og:image:height\" content=\"1146\" \/>\n\t<meta property=\"og:image:type\" content=\"image\/jpeg\" \/>\n<meta name=\"author\" content=\"Jeanette\" \/>\n<meta name=\"twitter:card\" content=\"summary_large_image\" \/>\n<meta name=\"twitter:creator\" content=\"@eldiario_net\" \/>\n<meta name=\"twitter:site\" content=\"@eldiario_net\" \/>\n<meta name=\"twitter:label1\" content=\"Escrito por\" \/>\n\t<meta name=\"twitter:data1\" content=\"Jeanette\" \/>\n\t<meta name=\"twitter:label2\" content=\"Tiempo de lectura\" \/>\n\t<meta name=\"twitter:data2\" content=\"2 minutos\" \/>\n<script type=\"application\/ld+json\" class=\"yoast-schema-graph\">{\"@context\":\"https:\\\/\\\/schema.org\",\"@graph\":[{\"@type\":\"Article\",\"@id\":\"https:\\\/\\\/www.eldiario.net\\\/portal\\\/2024\\\/07\\\/10\\\/orion-la-herramienta-de-ia-que-redefine-la-tecnologia\\\/#article\",\"isPartOf\":{\"@id\":\"https:\\\/\\\/www.eldiario.net\\\/portal\\\/2024\\\/07\\\/10\\\/orion-la-herramienta-de-ia-que-redefine-la-tecnologia\\\/\"},\"author\":{\"name\":\"Jeanette\",\"@id\":\"https:\\\/\\\/www.eldiario.net\\\/portal\\\/#\\\/schema\\\/person\\\/f46445640444750d7d753ccd04ae01b7\"},\"headline\":\"\u201cOrion\u201d, la herramienta de IA que redefine la tecnolog\u00eda\",\"datePublished\":\"2024-07-10T09:29:54+00:00\",\"mainEntityOfPage\":{\"@id\":\"https:\\\/\\\/www.eldiario.net\\\/portal\\\/2024\\\/07\\\/10\\\/orion-la-herramienta-de-ia-que-redefine-la-tecnologia\\\/\"},\"wordCount\":414,\"commentCount\":0,\"publisher\":{\"@id\":\"https:\\\/\\\/www.eldiario.net\\\/portal\\\/#organization\"},\"image\":{\"@id\":\"https:\\\/\\\/www.eldiario.net\\\/portal\\\/2024\\\/07\\\/10\\\/orion-la-herramienta-de-ia-que-redefine-la-tecnologia\\\/#primaryimage\"},\"thumbnailUrl\":\"https:\\\/\\\/www.eldiario.net\\\/portal\\\/wp-content\\\/uploads\\\/2024\\\/07\\\/NOTA-3-FOTO-1.jpg\",\"articleSection\":[\"Femenina\"],\"inLanguage\":\"es\",\"potentialAction\":[{\"@type\":\"CommentAction\",\"name\":\"Comment\",\"target\":[\"https:\\\/\\\/www.eldiario.net\\\/portal\\\/2024\\\/07\\\/10\\\/orion-la-herramienta-de-ia-que-redefine-la-tecnologia\\\/#respond\"]}]},{\"@type\":\"WebPage\",\"@id\":\"https:\\\/\\\/www.eldiario.net\\\/portal\\\/2024\\\/07\\\/10\\\/orion-la-herramienta-de-ia-que-redefine-la-tecnologia\\\/\",\"url\":\"https:\\\/\\\/www.eldiario.net\\\/portal\\\/2024\\\/07\\\/10\\\/orion-la-herramienta-de-ia-que-redefine-la-tecnologia\\\/\",\"name\":\"\u201cOrion\u201d, la herramienta de IA que redefine la tecnolog\u00eda - El Diario - Bolivia\",\"isPartOf\":{\"@id\":\"https:\\\/\\\/www.eldiario.net\\\/portal\\\/#website\"},\"primaryImageOfPage\":{\"@id\":\"https:\\\/\\\/www.eldiario.net\\\/portal\\\/2024\\\/07\\\/10\\\/orion-la-herramienta-de-ia-que-redefine-la-tecnologia\\\/#primaryimage\"},\"image\":{\"@id\":\"https:\\\/\\\/www.eldiario.net\\\/portal\\\/2024\\\/07\\\/10\\\/orion-la-herramienta-de-ia-que-redefine-la-tecnologia\\\/#primaryimage\"},\"thumbnailUrl\":\"https:\\\/\\\/www.eldiario.net\\\/portal\\\/wp-content\\\/uploads\\\/2024\\\/07\\\/NOTA-3-FOTO-1.jpg\",\"datePublished\":\"2024-07-10T09:29:54+00:00\",\"breadcrumb\":{\"@id\":\"https:\\\/\\\/www.eldiario.net\\\/portal\\\/2024\\\/07\\\/10\\\/orion-la-herramienta-de-ia-que-redefine-la-tecnologia\\\/#breadcrumb\"},\"inLanguage\":\"es\",\"potentialAction\":[{\"@type\":\"ReadAction\",\"target\":[\"https:\\\/\\\/www.eldiario.net\\\/portal\\\/2024\\\/07\\\/10\\\/orion-la-herramienta-de-ia-que-redefine-la-tecnologia\\\/\"]}]},{\"@type\":\"ImageObject\",\"inLanguage\":\"es\",\"@id\":\"https:\\\/\\\/www.eldiario.net\\\/portal\\\/2024\\\/07\\\/10\\\/orion-la-herramienta-de-ia-que-redefine-la-tecnologia\\\/#primaryimage\",\"url\":\"https:\\\/\\\/www.eldiario.net\\\/portal\\\/wp-content\\\/uploads\\\/2024\\\/07\\\/NOTA-3-FOTO-1.jpg\",\"contentUrl\":\"https:\\\/\\\/www.eldiario.net\\\/portal\\\/wp-content\\\/uploads\\\/2024\\\/07\\\/NOTA-3-FOTO-1.jpg\",\"width\":1920,\"height\":1146,\"caption\":\"LA METODOLOG\u00cdA DE ORION CENTRALIZA DATOS DE LAS COMPA\u00d1\u00cdAS PARA UN AN\u00c1LISIS AVANZADO.\"},{\"@type\":\"BreadcrumbList\",\"@id\":\"https:\\\/\\\/www.eldiario.net\\\/portal\\\/2024\\\/07\\\/10\\\/orion-la-herramienta-de-ia-que-redefine-la-tecnologia\\\/#breadcrumb\",\"itemListElement\":[{\"@type\":\"ListItem\",\"position\":1,\"name\":\"Portada\",\"item\":\"https:\\\/\\\/www.eldiario.net\\\/portal\\\/\"},{\"@type\":\"ListItem\",\"position\":2,\"name\":\"\u201cOrion\u201d, la herramienta de IA que redefine la tecnolog\u00eda\"}]},{\"@type\":\"WebSite\",\"@id\":\"https:\\\/\\\/www.eldiario.net\\\/portal\\\/#website\",\"url\":\"https:\\\/\\\/www.eldiario.net\\\/portal\\\/\",\"name\":\"El Diario - Decano de la prensa nacional\",\"description\":\"El Diario - Decano de la prensa nacional\",\"publisher\":{\"@id\":\"https:\\\/\\\/www.eldiario.net\\\/portal\\\/#organization\"},\"potentialAction\":[{\"@type\":\"SearchAction\",\"target\":{\"@type\":\"EntryPoint\",\"urlTemplate\":\"https:\\\/\\\/www.eldiario.net\\\/portal\\\/?s={search_term_string}\"},\"query-input\":{\"@type\":\"PropertyValueSpecification\",\"valueRequired\":true,\"valueName\":\"search_term_string\"}}],\"inLanguage\":\"es\"},{\"@type\":\"Organization\",\"@id\":\"https:\\\/\\\/www.eldiario.net\\\/portal\\\/#organization\",\"name\":\"El Diario - Decano de la prensa nacional\",\"url\":\"https:\\\/\\\/www.eldiario.net\\\/portal\\\/\",\"logo\":{\"@type\":\"ImageObject\",\"inLanguage\":\"es\",\"@id\":\"https:\\\/\\\/www.eldiario.net\\\/portal\\\/#\\\/schema\\\/logo\\\/image\\\/\",\"url\":\"https:\\\/\\\/www.eldiario.net\\\/portal\\\/wp-content\\\/uploads\\\/2023\\\/07\\\/logo_ED.jpg\",\"contentUrl\":\"https:\\\/\\\/www.eldiario.net\\\/portal\\\/wp-content\\\/uploads\\\/2023\\\/07\\\/logo_ED.jpg\",\"width\":272,\"height\":52,\"caption\":\"El Diario - Decano de la prensa nacional\"},\"image\":{\"@id\":\"https:\\\/\\\/www.eldiario.net\\\/portal\\\/#\\\/schema\\\/logo\\\/image\\\/\"},\"sameAs\":[\"https:\\\/\\\/www.facebook.com\\\/eldiario.bolivia\\\/\",\"https:\\\/\\\/x.com\\\/eldiario_net\"]},{\"@type\":\"Person\",\"@id\":\"https:\\\/\\\/www.eldiario.net\\\/portal\\\/#\\\/schema\\\/person\\\/f46445640444750d7d753ccd04ae01b7\",\"name\":\"Jeanette\",\"image\":{\"@type\":\"ImageObject\",\"inLanguage\":\"es\",\"@id\":\"https:\\\/\\\/secure.gravatar.com\\\/avatar\\\/3ea2118a5f7dad2b7138b1187a6b7ee55f160b9968b66013c3a3ef39dd7e5798?s=96&d=mm&r=g\",\"url\":\"https:\\\/\\\/secure.gravatar.com\\\/avatar\\\/3ea2118a5f7dad2b7138b1187a6b7ee55f160b9968b66013c3a3ef39dd7e5798?s=96&d=mm&r=g\",\"contentUrl\":\"https:\\\/\\\/secure.gravatar.com\\\/avatar\\\/3ea2118a5f7dad2b7138b1187a6b7ee55f160b9968b66013c3a3ef39dd7e5798?s=96&d=mm&r=g\",\"caption\":\"Jeanette\"},\"sameAs\":[\"https:\\\/\\\/www.eldiario.net\\\/portal\"],\"url\":\"https:\\\/\\\/www.eldiario.net\\\/portal\\\/author\\\/jeanette\\\/\"}]}<\/script>\n<!-- \/ Yoast SEO plugin. -->","yoast_head_json":{"title":"\u201cOrion\u201d, la herramienta de IA que redefine la tecnolog\u00eda - El Diario - Bolivia","robots":{"index":"index","follow":"follow","max-snippet":"max-snippet:-1","max-image-preview":"max-image-preview:large","max-video-preview":"max-video-preview:-1"},"canonical":"https:\/\/www.eldiario.net\/portal\/2024\/07\/10\/orion-la-herramienta-de-ia-que-redefine-la-tecnologia\/","og_locale":"es_ES","og_type":"article","og_title":"\u201cOrion\u201d, la herramienta de IA que redefine la tecnolog\u00eda - El Diario - Bolivia","og_description":"\u201cOrion\u201d es la nueva herramienta de inteligencia artificial que destaca en el an\u00e1lisis de datos y estrategias de IA, dise\u00f1ada para revolucionar el panorama digital. Desarrollada internamente por Ariadna Communications Group y lanzada a finales de 2023, la misma ya est\u00e1 siendo implementada con \u00e9xito en colaboraciones con clientes en Bolivia como Nexocorp desde 2024, [&hellip;]","og_url":"https:\/\/www.eldiario.net\/portal\/2024\/07\/10\/orion-la-herramienta-de-ia-que-redefine-la-tecnologia\/","og_site_name":"El Diario - Bolivia","article_publisher":"https:\/\/www.facebook.com\/eldiario.bolivia\/","article_published_time":"2024-07-10T09:29:54+00:00","og_image":[{"width":1920,"height":1146,"url":"https:\/\/www.eldiario.net\/portal\/wp-content\/uploads\/2024\/07\/NOTA-3-FOTO-1.jpg","type":"image\/jpeg"}],"author":"Jeanette","twitter_card":"summary_large_image","twitter_creator":"@eldiario_net","twitter_site":"@eldiario_net","twitter_misc":{"Escrito por":"Jeanette","Tiempo de lectura":"2 minutos"},"schema":{"@context":"https:\/\/schema.org","@graph":[{"@type":"Article","@id":"https:\/\/www.eldiario.net\/portal\/2024\/07\/10\/orion-la-herramienta-de-ia-que-redefine-la-tecnologia\/#article","isPartOf":{"@id":"https:\/\/www.eldiario.net\/portal\/2024\/07\/10\/orion-la-herramienta-de-ia-que-redefine-la-tecnologia\/"},"author":{"name":"Jeanette","@id":"https:\/\/www.eldiario.net\/portal\/#\/schema\/person\/f46445640444750d7d753ccd04ae01b7"},"headline":"\u201cOrion\u201d, la herramienta de IA que redefine la tecnolog\u00eda","datePublished":"2024-07-10T09:29:54+00:00","mainEntityOfPage":{"@id":"https:\/\/www.eldiario.net\/portal\/2024\/07\/10\/orion-la-herramienta-de-ia-que-redefine-la-tecnologia\/"},"wordCount":414,"commentCount":0,"publisher":{"@id":"https:\/\/www.eldiario.net\/portal\/#organization"},"image":{"@id":"https:\/\/www.eldiario.net\/portal\/2024\/07\/10\/orion-la-herramienta-de-ia-que-redefine-la-tecnologia\/#primaryimage"},"thumbnailUrl":"https:\/\/www.eldiario.net\/portal\/wp-content\/uploads\/2024\/07\/NOTA-3-FOTO-1.jpg","articleSection":["Femenina"],"inLanguage":"es","potentialAction":[{"@type":"CommentAction","name":"Comment","target":["https:\/\/www.eldiario.net\/portal\/2024\/07\/10\/orion-la-herramienta-de-ia-que-redefine-la-tecnologia\/#respond"]}]},{"@type":"WebPage","@id":"https:\/\/www.eldiario.net\/portal\/2024\/07\/10\/orion-la-herramienta-de-ia-que-redefine-la-tecnologia\/","url":"https:\/\/www.eldiario.net\/portal\/2024\/07\/10\/orion-la-herramienta-de-ia-que-redefine-la-tecnologia\/","name":"\u201cOrion\u201d, la herramienta de IA que redefine la tecnolog\u00eda - El Diario - Bolivia","isPartOf":{"@id":"https:\/\/www.eldiario.net\/portal\/#website"},"primaryImageOfPage":{"@id":"https:\/\/www.eldiario.net\/portal\/2024\/07\/10\/orion-la-herramienta-de-ia-que-redefine-la-tecnologia\/#primaryimage"},"image":{"@id":"https:\/\/www.eldiario.net\/portal\/2024\/07\/10\/orion-la-herramienta-de-ia-que-redefine-la-tecnologia\/#primaryimage"},"thumbnailUrl":"https:\/\/www.eldiario.net\/portal\/wp-content\/uploads\/2024\/07\/NOTA-3-FOTO-1.jpg","datePublished":"2024-07-10T09:29:54+00:00","breadcrumb":{"@id":"https:\/\/www.eldiario.net\/portal\/2024\/07\/10\/orion-la-herramienta-de-ia-que-redefine-la-tecnologia\/#breadcrumb"},"inLanguage":"es","potentialAction":[{"@type":"ReadAction","target":["https:\/\/www.eldiario.net\/portal\/2024\/07\/10\/orion-la-herramienta-de-ia-que-redefine-la-tecnologia\/"]}]},{"@type":"ImageObject","inLanguage":"es","@id":"https:\/\/www.eldiario.net\/portal\/2024\/07\/10\/orion-la-herramienta-de-ia-que-redefine-la-tecnologia\/#primaryimage","url":"https:\/\/www.eldiario.net\/portal\/wp-content\/uploads\/2024\/07\/NOTA-3-FOTO-1.jpg","contentUrl":"https:\/\/www.eldiario.net\/portal\/wp-content\/uploads\/2024\/07\/NOTA-3-FOTO-1.jpg","width":1920,"height":1146,"caption":"LA METODOLOG\u00cdA DE ORION CENTRALIZA DATOS DE LAS COMPA\u00d1\u00cdAS PARA UN AN\u00c1LISIS AVANZADO."},{"@type":"BreadcrumbList","@id":"https:\/\/www.eldiario.net\/portal\/2024\/07\/10\/orion-la-herramienta-de-ia-que-redefine-la-tecnologia\/#breadcrumb","itemListElement":[{"@type":"ListItem","position":1,"name":"Portada","item":"https:\/\/www.eldiario.net\/portal\/"},{"@type":"ListItem","position":2,"name":"\u201cOrion\u201d, la herramienta de IA que redefine la tecnolog\u00eda"}]},{"@type":"WebSite","@id":"https:\/\/www.eldiario.net\/portal\/#website","url":"https:\/\/www.eldiario.net\/portal\/","name":"El Diario - Decano de la prensa nacional","description":"El Diario - Decano de la prensa nacional","publisher":{"@id":"https:\/\/www.eldiario.net\/portal\/#organization"},"potentialAction":[{"@type":"SearchAction","target":{"@type":"EntryPoint","urlTemplate":"https:\/\/www.eldiario.net\/portal\/?s={search_term_string}"},"query-input":{"@type":"PropertyValueSpecification","valueRequired":true,"valueName":"search_term_string"}}],"inLanguage":"es"},{"@type":"Organization","@id":"https:\/\/www.eldiario.net\/portal\/#organization","name":"El Diario - Decano de la prensa nacional","url":"https:\/\/www.eldiario.net\/portal\/","logo":{"@type":"ImageObject","inLanguage":"es","@id":"https:\/\/www.eldiario.net\/portal\/#\/schema\/logo\/image\/","url":"https:\/\/www.eldiario.net\/portal\/wp-content\/uploads\/2023\/07\/logo_ED.jpg","contentUrl":"https:\/\/www.eldiario.net\/portal\/wp-content\/uploads\/2023\/07\/logo_ED.jpg","width":272,"height":52,"caption":"El Diario - Decano de la prensa nacional"},"image":{"@id":"https:\/\/www.eldiario.net\/portal\/#\/schema\/logo\/image\/"},"sameAs":["https:\/\/www.facebook.com\/eldiario.bolivia\/","https:\/\/x.com\/eldiario_net"]},{"@type":"Person","@id":"https:\/\/www.eldiario.net\/portal\/#\/schema\/person\/f46445640444750d7d753ccd04ae01b7","name":"Jeanette","image":{"@type":"ImageObject","inLanguage":"es","@id":"https:\/\/secure.gravatar.com\/avatar\/3ea2118a5f7dad2b7138b1187a6b7ee55f160b9968b66013c3a3ef39dd7e5798?s=96&d=mm&r=g","url":"https:\/\/secure.gravatar.com\/avatar\/3ea2118a5f7dad2b7138b1187a6b7ee55f160b9968b66013c3a3ef39dd7e5798?s=96&d=mm&r=g","contentUrl":"https:\/\/secure.gravatar.com\/avatar\/3ea2118a5f7dad2b7138b1187a6b7ee55f160b9968b66013c3a3ef39dd7e5798?s=96&d=mm&r=g","caption":"Jeanette"},"sameAs":["https:\/\/www.eldiario.net\/portal"],"url":"https:\/\/www.eldiario.net\/portal\/author\/jeanette\/"}]}},"_links":{"self":[{"href":"https:\/\/www.eldiario.net\/portal\/wp-json\/wp\/v2\/posts\/232919","targetHints":{"allow":["GET"]}}],"collection":[{"href":"https:\/\/www.eldiario.net\/portal\/wp-json\/wp\/v2\/posts"}],"about":[{"href":"https:\/\/www.eldiario.net\/portal\/wp-json\/wp\/v2\/types\/post"}],"author":[{"embeddable":true,"href":"https:\/\/www.eldiario.net\/portal\/wp-json\/wp\/v2\/users\/1"}],"replies":[{"embeddable":true,"href":"https:\/\/www.eldiario.net\/portal\/wp-json\/wp\/v2\/comments?post=232919"}],"version-history":[{"count":1,"href":"https:\/\/www.eldiario.net\/portal\/wp-json\/wp\/v2\/posts\/232919\/revisions"}],"predecessor-version":[{"id":232921,"href":"https:\/\/www.eldiario.net\/portal\/wp-json\/wp\/v2\/posts\/232919\/revisions\/232921"}],"wp:featuredmedia":[{"embeddable":true,"href":"https:\/\/www.eldiario.net\/portal\/wp-json\/wp\/v2\/media\/232920"}],"wp:attachment":[{"href":"https:\/\/www.eldiario.net\/portal\/wp-json\/wp\/v2\/media?parent=232919"}],"wp:term":[{"taxonomy":"category","embeddable":true,"href":"https:\/\/www.eldiario.net\/portal\/wp-json\/wp\/v2\/categories?post=232919"},{"taxonomy":"post_tag","embeddable":true,"href":"https:\/\/www.eldiario.net\/portal\/wp-json\/wp\/v2\/tags?post=232919"}],"curies":[{"name":"wp","href":"https:\/\/api.w.org\/{rel}","templated":true}]}}