{"id":232915,"date":"2024-07-10T05:29:16","date_gmt":"2024-07-10T09:29:16","guid":{"rendered":"https:\/\/www.eldiario.net\/portal\/?p=232915"},"modified":"2024-07-10T05:29:16","modified_gmt":"2024-07-10T09:29:16","slug":"llaucha","status":"publish","type":"post","link":"https:\/\/www.eldiario.net\/portal\/2024\/07\/10\/llaucha\/","title":{"rendered":"LLAUCHA"},"content":{"rendered":"<p>Queridos lectores, en el diverso mundo de la gastronom\u00eda latinoamericana, la llaucha en Bolivia ocupa un lugar especial, evocando memorias de tardes y ma\u00f1anas en los mercados y plazas de La Paz y Oruro. Esta sabrosa empanada de queso, envuelta en una masa dorada y crocante, es un testimonio del rico mestizaje cultural y la creatividad culinaria de Bolivia.<\/p>\n<p>Las empanadas, en sus innumerables formas y sabores, son un plato emblem\u00e1tico que ha atravesado siglos y fronteras. Su origen se remonta a la antigua Persia, donde se preparaban como peque\u00f1as masas rellenas de carnes y especias, conocidas como \u201csamsa\u201d. Estas delicias viajeras llegaron a la pen\u00ednsula ib\u00e9rica con la invasi\u00f3n de los moros en el siglo VIII, adapt\u00e1ndose al paladar y los ingredientes disponibles en Espa\u00f1a.<\/p>\n<p>Durante la era de los grandes descubrimientos y la colonizaci\u00f3n, las empanadas cruzaron el Atl\u00e1ntico, asent\u00e1ndose en las cocinas del Nuevo Mundo. Cada regi\u00f3n de Am\u00e9rica Latina adapt\u00f3 la empanada, creando versiones \u00fanicas que reflejan su cultura, clima e ingredientes aut\u00f3ctonos. Desde las jugosas empanadas argentinas, rellenas de carne picada y aceitunas, hasta las crujientes empanadas chilenas con pino y pasas, este plato se ha convertido en un s\u00edmbolo de la gastronom\u00eda regional.<\/p>\n<p>La llaucha, una variante boliviana de la empanada, tiene sus ra\u00edces en las zonas altipl\u00e1nicas del pa\u00eds. Se diferencia por su relleno predominante de queso, a menudo mezclado con aj\u00ed, en ocasiones una ulupica y otros condimentos, lo que le confiere un sabor distintivo y reconfortante. Originalmente, estas empanadas se horneaban en hornos de barro, lo que les daba una textura y aroma \u00fanicos. Con el tiempo, la llaucha ha evolucionado, incorporando t\u00e9cnicas modernas de cocci\u00f3n, pero siempre preservando su esencia tradicional.<\/p>\n<p>Esta empanada es m\u00e1s que un simple alimento; es una pieza de la historia boliviana, un recordatorio de la vida cotidiana y las tradiciones que se transmiten de generaci\u00f3n en generaci\u00f3n. Disfrutar de una llaucha es participar en un rito comunitario, un momento de conexi\u00f3n con la cultura y la historia de Bolivia.<\/p>\n<p>As\u00ed que queridos lectores, en las pr\u00f3ximas l\u00edneas, nos embarcaremos en la elaboraci\u00f3n de esta delicia boliviana, explorando los ingredientes y t\u00e9cnicas que hacen de la llaucha un tesoro culinario. Prep\u00e1rense para un viaje de sabor y tradici\u00f3n que nos llevar\u00e1 al coraz\u00f3n del altiplano boliviano.<\/p>\n<p><strong>LLAUCHA<\/strong><\/p>\n<p><strong>Ingredientes:<\/strong><\/p>\n<p><strong>Para la masa:<\/strong><\/p>\n<p>500 gr de harina de trigo<\/p>\n<p>1 cucharilla de sal<\/p>\n<p>1 cucharilla de az\u00facar<\/p>\n<p>1 cucharilla de polvo de hornear<\/p>\n<p>100 gr de mantequilla o margarina<\/p>\n<p>250 ml de agua tibia<\/p>\n<p><strong>Para el relleno:<\/strong><\/p>\n<p>500 gr de queso fresco (puede ser queso criollo o un queso fresco suave)<\/p>\n<p>1 cucharada de aj\u00ed amarillo molido (opcional, para darle un toque picante)<\/p>\n<p>1 huevo (opcional, para ayudar a ligar el relleno)<\/p>\n<p><strong>Para el dorado:<\/strong><\/p>\n<p>1 yema de huevo<\/p>\n<p>2 cucharadas de leche<\/p>\n<p><strong>Preparaci\u00f3n:<\/strong><\/p>\n<p><strong>Preparaci\u00f3n de la masa:<\/strong><\/p>\n<p>En un bowl grande, combinar la harina, la sal, el az\u00facar y el polvo de hornear. A\u00f1adir la mantequilla o margarina a la mezcla de harina y trabajar con las manos hasta obtener una textura arenosa.<\/p>\n<p>Gradualmente, incorporar el agua tibia mientras se mezcla hasta formar una masa suave y el\u00e1stica. Amasar durante unos 10 minutos.<\/p>\n<p>Cubrir la masa con un pa\u00f1o limpio y dejar reposar durante al menos 30 minutos.<\/p>\n<p><strong>Preparaci\u00f3n del relleno:<\/strong><\/p>\n<p>Desmenuzar el queso fresco en un bowl.<\/p>\n<p>Si se desea un toque picante, mezclar el queso con el aj\u00ed amarillo molido. Si se desea un relleno m\u00e1s ligado, a\u00f1adir un huevo batido y mezclar bien.<\/p>\n<p><strong>Ensamblaje de las llauchas:<\/strong><\/p>\n<p>Precalentar el horno a 180\u00b0C (350\u00b0F).<\/p>\n<p>Dividir la masa en porciones iguales y formar bolitas del tama\u00f1o de una pelota de golf.<\/p>\n<p>Con un rodillo, estirar cada bolita de masa en un c\u00edrculo delgado de aproximadamente 15 cm de di\u00e1metro.<\/p>\n<p>Colocar una porci\u00f3n generosa de relleno de queso en el centro de cada c\u00edrculo de masa.<\/p>\n<p>Doblar la masa por la mitad sobre el relleno, presionando los bordes para sellar bien. Se puede hacer un repulgue (doblez decorativo) para asegurar que no se abran durante la cocci\u00f3n.<\/p>\n<p><strong>Dorado y horneado:<\/strong><\/p>\n<p>Batir la yema de huevo con la leche y, con una brocha de cocina, pintar la superficie de cada llaucha.<\/p>\n<p>Colocar las llauchas en una bandeja para hornear engrasada o forrada con papel pergamino. Hornear durante 20-25 minutos o hasta que est\u00e9n doradas y crujientes.<\/p>\n<p>&nbsp;<\/p>\n<p><strong>Servir:<\/strong><\/p>\n<p>Dejar enfriar las llauchas durante unos minutos antes de servir.<\/p>\n<p>Servir las llauchas calientes o a temperatura ambiente. Son perfectas para acompa\u00f1ar un caf\u00e9 o un t\u00e9, y pueden disfrutarse a cualquier hora del d\u00eda.<\/p>\n<p>\u00a1Buen provecho! Con esta receta, podr\u00e1n saborear una aut\u00e9ntica llaucha y compartir un pedacito de la rica tradici\u00f3n culinaria de Bolivia.<\/p>\n<p>Queridos lectores hasta la pr\u00f3xima cucharada de sabidur\u00eda gastron\u00f3mica y no olviden que:<\/p>\n<p>\u201cLa gastronom\u00eda hecha con amor, f\u00edsica, qu\u00edmica y biol\u00f3gicamente sabe mejor\u201d<\/p>\n<p>Chef Franz R. Arandia Belmonte<\/p>\n<p>Gastr\u00f3nomo Profesional e Investigador Gastron\u00f3mico<\/p>\n<p>&nbsp;<\/p>\n<p>Facebook Fan Page: Chef Ara\u00f1a<\/p>\n<p>Facebook: Paladar Mundial Un Gusto Surreal<\/p>\n<p>Blog: Gastrobiologia.wordpress.com<\/p>\n<p>Instagram: Arana_del_monte<\/p>\n<p>Tik tok: chef.aranha<\/p>\n\r\n                <style type=\"text\/css\">\r\n                    \r\n                    #tdi_1  .td-doubleSlider-2 .td-item1 {\r\n                        background: url(https:\/\/www.eldiario.net\/portal\/wp-content\/uploads\/2024\/07\/NOTA-4-FOTO-1-1-80x60.jpg) 0 0 no-repeat;\r\n                    }\r\n                    #tdi_1  .td-doubleSlider-2 .td-item2 {\r\n                        background: url(https:\/\/www.eldiario.net\/portal\/wp-content\/uploads\/2024\/07\/NOTA-4-FOTO-2-1-80x60.jpeg) 0 0 no-repeat;\r\n                    }\r\n                <\/style>\r\n\r\n                <div id=\"tdi_1\" class=\"td-gallery td-slide-on-2-columns\">\r\n                    <div class=\"post_td_gallery\">\r\n                        <div class=\"td-gallery-slide-top\">\r\n                           <div class=\"td-gallery-title\"><\/div>\r\n\r\n                            <div class=\"td-gallery-controls-wrapper\">\r\n                                <div class=\"td-gallery-slide-count\"><span class=\"td-gallery-slide-item-focus\">1<\/span> de 2<\/div>\r\n                                <div class=\"td-gallery-slide-prev-next-but\">\r\n                                    <i class = \"td-icon-left doubleSliderPrevButton\"><\/i>\r\n                                    <i class = \"td-icon-right doubleSliderNextButton\"><\/i>\r\n                                <\/div>\r\n                            <\/div>\r\n                        <\/div>\r\n\r\n                        <div class = \"td-doubleSlider-1 \">\r\n                            <div class = \"td-slider\">\r\n                                \r\n                    <div class = \"td-slide-item td-item1\">\r\n                        <figure class=\"td-slide-galery-figure td-slide-popup-gallery\">\r\n                            <a class=\"slide-gallery-image-link\" href=\"https:\/\/www.eldiario.net\/portal\/wp-content\/uploads\/2024\/07\/NOTA-4-FOTO-1-1.jpg\" title=\"NOTA 4 FOTO 1\"  data-caption=\"LA AUT\u00c9NTICA LLAUCHA.\"  data-description=\"\">\r\n                                <img decoding=\"async\" src=\"https:\/\/www.eldiario.net\/portal\/wp-content\/uploads\/2024\/07\/NOTA-4-FOTO-1-1.jpg\" alt=\"\">\r\n                            <\/a>\r\n                            <figcaption class = \"td-slide-caption td-gallery-slide-content\"><div class = \"td-gallery-slide-copywrite\">LA AUT\u00c9NTICA LLAUCHA.<\/div><\/figcaption>\r\n                        <\/figure>\r\n                    <\/div>\r\n                    <div class = \"td-slide-item td-item2\">\r\n                        <figure class=\"td-slide-galery-figure td-slide-popup-gallery\">\r\n                            <a class=\"slide-gallery-image-link\" href=\"https:\/\/www.eldiario.net\/portal\/wp-content\/uploads\/2024\/07\/NOTA-4-FOTO-2-1.jpeg\" title=\"NOTA 4 FOTO 2\"  data-caption=\"CHEF FRANZ ARANDIA.\"  data-description=\"\">\r\n                                <img decoding=\"async\" src=\"https:\/\/www.eldiario.net\/portal\/wp-content\/uploads\/2024\/07\/NOTA-4-FOTO-2-1-420x420.jpeg\" srcset=\"https:\/\/www.eldiario.net\/portal\/wp-content\/uploads\/2024\/07\/NOTA-4-FOTO-2-1-420x420.jpeg 420w, https:\/\/www.eldiario.net\/portal\/wp-content\/uploads\/2024\/07\/NOTA-4-FOTO-2-1-300x300.jpeg 300w, https:\/\/www.eldiario.net\/portal\/wp-content\/uploads\/2024\/07\/NOTA-4-FOTO-2-1-150x150.jpeg 150w, https:\/\/www.eldiario.net\/portal\/wp-content\/uploads\/2024\/07\/NOTA-4-FOTO-2-1.jpeg 612w\" sizes=\"(max-width: 420px) 100vw, 420px\" alt=\"\">\r\n                            <\/a>\r\n                            <figcaption class = \"td-slide-caption td-gallery-slide-content\"><div class = \"td-gallery-slide-copywrite\">CHEF FRANZ ARANDIA.<\/div><\/figcaption>\r\n                        <\/figure>\r\n                    <\/div>\r\n                            <\/div>\r\n                        <\/div>\r\n\r\n                        <div class = \"td-doubleSlider-2\">\r\n                            <div class = \"td-slider\">\r\n                                \r\n                    <div class = \"td-button td-item1\">\r\n                        <div class = \"td-border\"><\/div>\r\n                    <\/div>\r\n                    <div class = \"td-button td-item2\">\r\n                        <div class = \"td-border\"><\/div>\r\n                    <\/div>\r\n                            <\/div>\r\n                        <\/div>\r\n\r\n                    <\/div>\r\n\r\n                <\/div>\r\n                \n","protected":false},"excerpt":{"rendered":"<p>Queridos lectores, en el diverso mundo de la gastronom\u00eda latinoamericana, la llaucha en Bolivia ocupa un lugar especial, evocando memorias de tardes y ma\u00f1anas en los mercados y plazas de La Paz y Oruro. Esta sabrosa empanada de queso, envuelta en una masa dorada y crocante, es un testimonio del rico mestizaje cultural y la [&hellip;]<\/p>\n","protected":false},"author":1,"featured_media":232916,"comment_status":"open","ping_status":"open","sticky":false,"template":"","format":"standard","meta":{"_acf_changed":false,"footnotes":""},"categories":[42],"tags":[],"class_list":["post-232915","post","type-post","status-publish","format-standard","has-post-thumbnail","category-femenina"],"acf":{"antetitulo":"Gastronom\u00eda"},"yoast_head":"<!-- This site is optimized with the Yoast SEO plugin v28.3 - https:\/\/yoast.com\/product\/yoast-seo-wordpress\/ -->\n<title>LLAUCHA - El Diario - Bolivia<\/title>\n<meta name=\"robots\" content=\"index, follow, max-snippet:-1, max-image-preview:large, max-video-preview:-1\" \/>\n<link rel=\"canonical\" href=\"https:\/\/www.eldiario.net\/portal\/2024\/07\/10\/llaucha\/\" \/>\n<meta property=\"og:locale\" content=\"es_ES\" \/>\n<meta property=\"og:type\" content=\"article\" \/>\n<meta property=\"og:title\" content=\"LLAUCHA - El Diario - Bolivia\" \/>\n<meta property=\"og:description\" content=\"Queridos lectores, en el diverso mundo de la gastronom\u00eda latinoamericana, la llaucha en Bolivia ocupa un lugar especial, evocando memorias de tardes y ma\u00f1anas en los mercados y plazas de La Paz y Oruro. Esta sabrosa empanada de queso, envuelta en una masa dorada y crocante, es un testimonio del rico mestizaje cultural y la [&hellip;]\" \/>\n<meta property=\"og:url\" content=\"https:\/\/www.eldiario.net\/portal\/2024\/07\/10\/llaucha\/\" \/>\n<meta property=\"og:site_name\" content=\"El Diario - Bolivia\" \/>\n<meta property=\"article:publisher\" content=\"https:\/\/www.facebook.com\/eldiario.bolivia\/\" \/>\n<meta property=\"article:published_time\" content=\"2024-07-10T09:29:16+00:00\" \/>\n<meta property=\"og:image\" content=\"https:\/\/www.eldiario.net\/portal\/wp-content\/uploads\/2024\/07\/NOTA-4-FOTO-1-1.jpg\" \/>\n\t<meta property=\"og:image:width\" content=\"276\" \/>\n\t<meta property=\"og:image:height\" content=\"183\" \/>\n\t<meta property=\"og:image:type\" content=\"image\/jpeg\" \/>\n<meta name=\"author\" content=\"Jeanette\" \/>\n<meta name=\"twitter:card\" content=\"summary_large_image\" \/>\n<meta name=\"twitter:creator\" content=\"@eldiario_net\" \/>\n<meta name=\"twitter:site\" content=\"@eldiario_net\" \/>\n<meta name=\"twitter:label1\" content=\"Escrito por\" \/>\n\t<meta name=\"twitter:data1\" content=\"Jeanette\" \/>\n\t<meta name=\"twitter:label2\" content=\"Tiempo de lectura\" \/>\n\t<meta name=\"twitter:data2\" content=\"4 minutos\" \/>\n<script type=\"application\/ld+json\" class=\"yoast-schema-graph\">{\"@context\":\"https:\\\/\\\/schema.org\",\"@graph\":[{\"@type\":\"Article\",\"@id\":\"https:\\\/\\\/www.eldiario.net\\\/portal\\\/2024\\\/07\\\/10\\\/llaucha\\\/#article\",\"isPartOf\":{\"@id\":\"https:\\\/\\\/www.eldiario.net\\\/portal\\\/2024\\\/07\\\/10\\\/llaucha\\\/\"},\"author\":{\"name\":\"Jeanette\",\"@id\":\"https:\\\/\\\/www.eldiario.net\\\/portal\\\/#\\\/schema\\\/person\\\/f46445640444750d7d753ccd04ae01b7\"},\"headline\":\"LLAUCHA\",\"datePublished\":\"2024-07-10T09:29:16+00:00\",\"mainEntityOfPage\":{\"@id\":\"https:\\\/\\\/www.eldiario.net\\\/portal\\\/2024\\\/07\\\/10\\\/llaucha\\\/\"},\"wordCount\":895,\"commentCount\":0,\"publisher\":{\"@id\":\"https:\\\/\\\/www.eldiario.net\\\/portal\\\/#organization\"},\"image\":{\"@id\":\"https:\\\/\\\/www.eldiario.net\\\/portal\\\/2024\\\/07\\\/10\\\/llaucha\\\/#primaryimage\"},\"thumbnailUrl\":\"https:\\\/\\\/www.eldiario.net\\\/portal\\\/wp-content\\\/uploads\\\/2024\\\/07\\\/NOTA-4-FOTO-1-1.jpg\",\"articleSection\":[\"Femenina\"],\"inLanguage\":\"es\",\"potentialAction\":[{\"@type\":\"CommentAction\",\"name\":\"Comment\",\"target\":[\"https:\\\/\\\/www.eldiario.net\\\/portal\\\/2024\\\/07\\\/10\\\/llaucha\\\/#respond\"]}]},{\"@type\":\"WebPage\",\"@id\":\"https:\\\/\\\/www.eldiario.net\\\/portal\\\/2024\\\/07\\\/10\\\/llaucha\\\/\",\"url\":\"https:\\\/\\\/www.eldiario.net\\\/portal\\\/2024\\\/07\\\/10\\\/llaucha\\\/\",\"name\":\"LLAUCHA - El Diario - Bolivia\",\"isPartOf\":{\"@id\":\"https:\\\/\\\/www.eldiario.net\\\/portal\\\/#website\"},\"primaryImageOfPage\":{\"@id\":\"https:\\\/\\\/www.eldiario.net\\\/portal\\\/2024\\\/07\\\/10\\\/llaucha\\\/#primaryimage\"},\"image\":{\"@id\":\"https:\\\/\\\/www.eldiario.net\\\/portal\\\/2024\\\/07\\\/10\\\/llaucha\\\/#primaryimage\"},\"thumbnailUrl\":\"https:\\\/\\\/www.eldiario.net\\\/portal\\\/wp-content\\\/uploads\\\/2024\\\/07\\\/NOTA-4-FOTO-1-1.jpg\",\"datePublished\":\"2024-07-10T09:29:16+00:00\",\"breadcrumb\":{\"@id\":\"https:\\\/\\\/www.eldiario.net\\\/portal\\\/2024\\\/07\\\/10\\\/llaucha\\\/#breadcrumb\"},\"inLanguage\":\"es\",\"potentialAction\":[{\"@type\":\"ReadAction\",\"target\":[\"https:\\\/\\\/www.eldiario.net\\\/portal\\\/2024\\\/07\\\/10\\\/llaucha\\\/\"]}]},{\"@type\":\"ImageObject\",\"inLanguage\":\"es\",\"@id\":\"https:\\\/\\\/www.eldiario.net\\\/portal\\\/2024\\\/07\\\/10\\\/llaucha\\\/#primaryimage\",\"url\":\"https:\\\/\\\/www.eldiario.net\\\/portal\\\/wp-content\\\/uploads\\\/2024\\\/07\\\/NOTA-4-FOTO-1-1.jpg\",\"contentUrl\":\"https:\\\/\\\/www.eldiario.net\\\/portal\\\/wp-content\\\/uploads\\\/2024\\\/07\\\/NOTA-4-FOTO-1-1.jpg\",\"width\":276,\"height\":183,\"caption\":\"LA AUT\u00c9NTICA LLAUCHA.\"},{\"@type\":\"BreadcrumbList\",\"@id\":\"https:\\\/\\\/www.eldiario.net\\\/portal\\\/2024\\\/07\\\/10\\\/llaucha\\\/#breadcrumb\",\"itemListElement\":[{\"@type\":\"ListItem\",\"position\":1,\"name\":\"Portada\",\"item\":\"https:\\\/\\\/www.eldiario.net\\\/portal\\\/\"},{\"@type\":\"ListItem\",\"position\":2,\"name\":\"LLAUCHA\"}]},{\"@type\":\"WebSite\",\"@id\":\"https:\\\/\\\/www.eldiario.net\\\/portal\\\/#website\",\"url\":\"https:\\\/\\\/www.eldiario.net\\\/portal\\\/\",\"name\":\"El Diario - Decano de la prensa nacional\",\"description\":\"El Diario - Decano de la prensa nacional\",\"publisher\":{\"@id\":\"https:\\\/\\\/www.eldiario.net\\\/portal\\\/#organization\"},\"potentialAction\":[{\"@type\":\"SearchAction\",\"target\":{\"@type\":\"EntryPoint\",\"urlTemplate\":\"https:\\\/\\\/www.eldiario.net\\\/portal\\\/?s={search_term_string}\"},\"query-input\":{\"@type\":\"PropertyValueSpecification\",\"valueRequired\":true,\"valueName\":\"search_term_string\"}}],\"inLanguage\":\"es\"},{\"@type\":\"Organization\",\"@id\":\"https:\\\/\\\/www.eldiario.net\\\/portal\\\/#organization\",\"name\":\"El Diario - Decano de la prensa nacional\",\"url\":\"https:\\\/\\\/www.eldiario.net\\\/portal\\\/\",\"logo\":{\"@type\":\"ImageObject\",\"inLanguage\":\"es\",\"@id\":\"https:\\\/\\\/www.eldiario.net\\\/portal\\\/#\\\/schema\\\/logo\\\/image\\\/\",\"url\":\"https:\\\/\\\/www.eldiario.net\\\/portal\\\/wp-content\\\/uploads\\\/2023\\\/07\\\/logo_ED.jpg\",\"contentUrl\":\"https:\\\/\\\/www.eldiario.net\\\/portal\\\/wp-content\\\/uploads\\\/2023\\\/07\\\/logo_ED.jpg\",\"width\":272,\"height\":52,\"caption\":\"El Diario - Decano de la prensa nacional\"},\"image\":{\"@id\":\"https:\\\/\\\/www.eldiario.net\\\/portal\\\/#\\\/schema\\\/logo\\\/image\\\/\"},\"sameAs\":[\"https:\\\/\\\/www.facebook.com\\\/eldiario.bolivia\\\/\",\"https:\\\/\\\/x.com\\\/eldiario_net\"]},{\"@type\":\"Person\",\"@id\":\"https:\\\/\\\/www.eldiario.net\\\/portal\\\/#\\\/schema\\\/person\\\/f46445640444750d7d753ccd04ae01b7\",\"name\":\"Jeanette\",\"image\":{\"@type\":\"ImageObject\",\"inLanguage\":\"es\",\"@id\":\"https:\\\/\\\/secure.gravatar.com\\\/avatar\\\/3ea2118a5f7dad2b7138b1187a6b7ee55f160b9968b66013c3a3ef39dd7e5798?s=96&d=mm&r=g\",\"url\":\"https:\\\/\\\/secure.gravatar.com\\\/avatar\\\/3ea2118a5f7dad2b7138b1187a6b7ee55f160b9968b66013c3a3ef39dd7e5798?s=96&d=mm&r=g\",\"contentUrl\":\"https:\\\/\\\/secure.gravatar.com\\\/avatar\\\/3ea2118a5f7dad2b7138b1187a6b7ee55f160b9968b66013c3a3ef39dd7e5798?s=96&d=mm&r=g\",\"caption\":\"Jeanette\"},\"sameAs\":[\"https:\\\/\\\/www.eldiario.net\\\/portal\"],\"url\":\"https:\\\/\\\/www.eldiario.net\\\/portal\\\/author\\\/jeanette\\\/\"}]}<\/script>\n<!-- \/ Yoast SEO plugin. -->","yoast_head_json":{"title":"LLAUCHA - El Diario - Bolivia","robots":{"index":"index","follow":"follow","max-snippet":"max-snippet:-1","max-image-preview":"max-image-preview:large","max-video-preview":"max-video-preview:-1"},"canonical":"https:\/\/www.eldiario.net\/portal\/2024\/07\/10\/llaucha\/","og_locale":"es_ES","og_type":"article","og_title":"LLAUCHA - El Diario - Bolivia","og_description":"Queridos lectores, en el diverso mundo de la gastronom\u00eda latinoamericana, la llaucha en Bolivia ocupa un lugar especial, evocando memorias de tardes y ma\u00f1anas en los mercados y plazas de La Paz y Oruro. Esta sabrosa empanada de queso, envuelta en una masa dorada y crocante, es un testimonio del rico mestizaje cultural y la [&hellip;]","og_url":"https:\/\/www.eldiario.net\/portal\/2024\/07\/10\/llaucha\/","og_site_name":"El Diario - Bolivia","article_publisher":"https:\/\/www.facebook.com\/eldiario.bolivia\/","article_published_time":"2024-07-10T09:29:16+00:00","og_image":[{"width":276,"height":183,"url":"https:\/\/www.eldiario.net\/portal\/wp-content\/uploads\/2024\/07\/NOTA-4-FOTO-1-1.jpg","type":"image\/jpeg"}],"author":"Jeanette","twitter_card":"summary_large_image","twitter_creator":"@eldiario_net","twitter_site":"@eldiario_net","twitter_misc":{"Escrito por":"Jeanette","Tiempo de lectura":"4 minutos"},"schema":{"@context":"https:\/\/schema.org","@graph":[{"@type":"Article","@id":"https:\/\/www.eldiario.net\/portal\/2024\/07\/10\/llaucha\/#article","isPartOf":{"@id":"https:\/\/www.eldiario.net\/portal\/2024\/07\/10\/llaucha\/"},"author":{"name":"Jeanette","@id":"https:\/\/www.eldiario.net\/portal\/#\/schema\/person\/f46445640444750d7d753ccd04ae01b7"},"headline":"LLAUCHA","datePublished":"2024-07-10T09:29:16+00:00","mainEntityOfPage":{"@id":"https:\/\/www.eldiario.net\/portal\/2024\/07\/10\/llaucha\/"},"wordCount":895,"commentCount":0,"publisher":{"@id":"https:\/\/www.eldiario.net\/portal\/#organization"},"image":{"@id":"https:\/\/www.eldiario.net\/portal\/2024\/07\/10\/llaucha\/#primaryimage"},"thumbnailUrl":"https:\/\/www.eldiario.net\/portal\/wp-content\/uploads\/2024\/07\/NOTA-4-FOTO-1-1.jpg","articleSection":["Femenina"],"inLanguage":"es","potentialAction":[{"@type":"CommentAction","name":"Comment","target":["https:\/\/www.eldiario.net\/portal\/2024\/07\/10\/llaucha\/#respond"]}]},{"@type":"WebPage","@id":"https:\/\/www.eldiario.net\/portal\/2024\/07\/10\/llaucha\/","url":"https:\/\/www.eldiario.net\/portal\/2024\/07\/10\/llaucha\/","name":"LLAUCHA - El Diario - Bolivia","isPartOf":{"@id":"https:\/\/www.eldiario.net\/portal\/#website"},"primaryImageOfPage":{"@id":"https:\/\/www.eldiario.net\/portal\/2024\/07\/10\/llaucha\/#primaryimage"},"image":{"@id":"https:\/\/www.eldiario.net\/portal\/2024\/07\/10\/llaucha\/#primaryimage"},"thumbnailUrl":"https:\/\/www.eldiario.net\/portal\/wp-content\/uploads\/2024\/07\/NOTA-4-FOTO-1-1.jpg","datePublished":"2024-07-10T09:29:16+00:00","breadcrumb":{"@id":"https:\/\/www.eldiario.net\/portal\/2024\/07\/10\/llaucha\/#breadcrumb"},"inLanguage":"es","potentialAction":[{"@type":"ReadAction","target":["https:\/\/www.eldiario.net\/portal\/2024\/07\/10\/llaucha\/"]}]},{"@type":"ImageObject","inLanguage":"es","@id":"https:\/\/www.eldiario.net\/portal\/2024\/07\/10\/llaucha\/#primaryimage","url":"https:\/\/www.eldiario.net\/portal\/wp-content\/uploads\/2024\/07\/NOTA-4-FOTO-1-1.jpg","contentUrl":"https:\/\/www.eldiario.net\/portal\/wp-content\/uploads\/2024\/07\/NOTA-4-FOTO-1-1.jpg","width":276,"height":183,"caption":"LA AUT\u00c9NTICA LLAUCHA."},{"@type":"BreadcrumbList","@id":"https:\/\/www.eldiario.net\/portal\/2024\/07\/10\/llaucha\/#breadcrumb","itemListElement":[{"@type":"ListItem","position":1,"name":"Portada","item":"https:\/\/www.eldiario.net\/portal\/"},{"@type":"ListItem","position":2,"name":"LLAUCHA"}]},{"@type":"WebSite","@id":"https:\/\/www.eldiario.net\/portal\/#website","url":"https:\/\/www.eldiario.net\/portal\/","name":"El Diario - Decano de la prensa nacional","description":"El Diario - Decano de la prensa nacional","publisher":{"@id":"https:\/\/www.eldiario.net\/portal\/#organization"},"potentialAction":[{"@type":"SearchAction","target":{"@type":"EntryPoint","urlTemplate":"https:\/\/www.eldiario.net\/portal\/?s={search_term_string}"},"query-input":{"@type":"PropertyValueSpecification","valueRequired":true,"valueName":"search_term_string"}}],"inLanguage":"es"},{"@type":"Organization","@id":"https:\/\/www.eldiario.net\/portal\/#organization","name":"El Diario - Decano de la prensa nacional","url":"https:\/\/www.eldiario.net\/portal\/","logo":{"@type":"ImageObject","inLanguage":"es","@id":"https:\/\/www.eldiario.net\/portal\/#\/schema\/logo\/image\/","url":"https:\/\/www.eldiario.net\/portal\/wp-content\/uploads\/2023\/07\/logo_ED.jpg","contentUrl":"https:\/\/www.eldiario.net\/portal\/wp-content\/uploads\/2023\/07\/logo_ED.jpg","width":272,"height":52,"caption":"El Diario - Decano de la prensa nacional"},"image":{"@id":"https:\/\/www.eldiario.net\/portal\/#\/schema\/logo\/image\/"},"sameAs":["https:\/\/www.facebook.com\/eldiario.bolivia\/","https:\/\/x.com\/eldiario_net"]},{"@type":"Person","@id":"https:\/\/www.eldiario.net\/portal\/#\/schema\/person\/f46445640444750d7d753ccd04ae01b7","name":"Jeanette","image":{"@type":"ImageObject","inLanguage":"es","@id":"https:\/\/secure.gravatar.com\/avatar\/3ea2118a5f7dad2b7138b1187a6b7ee55f160b9968b66013c3a3ef39dd7e5798?s=96&d=mm&r=g","url":"https:\/\/secure.gravatar.com\/avatar\/3ea2118a5f7dad2b7138b1187a6b7ee55f160b9968b66013c3a3ef39dd7e5798?s=96&d=mm&r=g","contentUrl":"https:\/\/secure.gravatar.com\/avatar\/3ea2118a5f7dad2b7138b1187a6b7ee55f160b9968b66013c3a3ef39dd7e5798?s=96&d=mm&r=g","caption":"Jeanette"},"sameAs":["https:\/\/www.eldiario.net\/portal"],"url":"https:\/\/www.eldiario.net\/portal\/author\/jeanette\/"}]}},"_links":{"self":[{"href":"https:\/\/www.eldiario.net\/portal\/wp-json\/wp\/v2\/posts\/232915","targetHints":{"allow":["GET"]}}],"collection":[{"href":"https:\/\/www.eldiario.net\/portal\/wp-json\/wp\/v2\/posts"}],"about":[{"href":"https:\/\/www.eldiario.net\/portal\/wp-json\/wp\/v2\/types\/post"}],"author":[{"embeddable":true,"href":"https:\/\/www.eldiario.net\/portal\/wp-json\/wp\/v2\/users\/1"}],"replies":[{"embeddable":true,"href":"https:\/\/www.eldiario.net\/portal\/wp-json\/wp\/v2\/comments?post=232915"}],"version-history":[{"count":1,"href":"https:\/\/www.eldiario.net\/portal\/wp-json\/wp\/v2\/posts\/232915\/revisions"}],"predecessor-version":[{"id":232918,"href":"https:\/\/www.eldiario.net\/portal\/wp-json\/wp\/v2\/posts\/232915\/revisions\/232918"}],"wp:featuredmedia":[{"embeddable":true,"href":"https:\/\/www.eldiario.net\/portal\/wp-json\/wp\/v2\/media\/232916"}],"wp:attachment":[{"href":"https:\/\/www.eldiario.net\/portal\/wp-json\/wp\/v2\/media?parent=232915"}],"wp:term":[{"taxonomy":"category","embeddable":true,"href":"https:\/\/www.eldiario.net\/portal\/wp-json\/wp\/v2\/categories?post=232915"},{"taxonomy":"post_tag","embeddable":true,"href":"https:\/\/www.eldiario.net\/portal\/wp-json\/wp\/v2\/tags?post=232915"}],"curies":[{"name":"wp","href":"https:\/\/api.w.org\/{rel}","templated":true}]}}