{"id":232895,"date":"2024-07-10T05:22:30","date_gmt":"2024-07-10T09:22:30","guid":{"rendered":"https:\/\/www.eldiario.net\/portal\/?p=232895"},"modified":"2024-07-10T05:22:45","modified_gmt":"2024-07-10T09:22:45","slug":"paises-bajos-e-inglaterra-van-por-el-boleto-a-la-final","status":"publish","type":"post","link":"https:\/\/www.eldiario.net\/portal\/2024\/07\/10\/paises-bajos-e-inglaterra-van-por-el-boleto-a-la-final\/","title":{"rendered":"Pa\u00edses Bajos e Inglaterra van por el boleto a la final"},"content":{"rendered":"<p>Poco acostumbrados a enfrentarse tan lejos en grandes competiciones, Pa\u00edses Bajos se enfrenta hoy (15:00HB) en semifinales de la Eurocopa-2024 a una Inglaterra que ha pasado de favorita a funambulista, tras un torneo al borde del alambre.<br \/>\nEn el partido de Dortmund, Inglaterra deber\u00eda partir como favorita, por su estatus de subcampeona de la pasada edici\u00f3n y por una plantilla llena de talento. No ser\u00e1 el caso, gracias al buen estado de la &#8216;Oranje&#8217; contra unos &#8216;Three Lions&#8217; con los dientes limados.<br \/>\n\u00abInglaterra desaf\u00eda la l\u00f3gica del f\u00fatbol, no es normal jugar tan mal y seguir ganando\u00bb, opin\u00f3 con amargura el exinternacional Jamie Carragher, tras el pase a la semifinal, en el Daily Telegraph.<br \/>\nEn Alemania, el equipo capitaneado por Harry Kane s\u00f3lo ha ganado en su entrada en liza contra Serbia (1-0) al t\u00e9rmino de los 90 minutos reglamentados.<br \/>\nDespu\u00e9s cerr\u00f3 la fase de grupos con empates contra Dinamarca (1-1) y Eslovenia (0-0), superaron los octavos de final en la pr\u00f3rroga contra Eslovaquia (2-1) y llegaron a los penales en cuartos contra Suiza (1-1, 5-3 tras penales).<br \/>\nEntre la prudencia y la incapacidad de acelerar, Inglaterra se muestra dubitativa, en ocasiones ansiosa, y sufre para transformar en peligro su considerable talento ofensivo: en los partidos de eliminaci\u00f3n directa tan s\u00f3lo ha disparado a puerta cinco veces en 240 minutos.<br \/>\nA pesar de todo ello, la selecci\u00f3n de Gareth Southgate ha alcanzado el &#8216;Top 4&#8217; de un gran torneo por tercera vez en cuatro ocasiones, tras haber llegado ya en el Mundial-2018 (derrota contra Croacia) y en la Eurocopa de 2021 (victoria contra Dinamarca).<br \/>\nLa final del 14 de julio en Berl\u00edn se encuentra a un tiro de piedra de un grupo animado por su resiliencia y su solidaridad.<br \/>\nPa\u00edses Bajos ha cultivado su esperanza de otra manera. Luego de una fase de grupos discreta, con una victoria, un empate y una derrota, pis\u00f3 el acelerador contra Rumania (3-0) y remont\u00f3 contra Turqu\u00eda (2-1).<br \/>\nALINEACIONES PROBABLES<br \/>\nPa\u00edses Bajos: Verbruggen; Dumfries, De Vrij, Van Dijk, Ak\u00e9; Reijnders, Schouten; Bergwijn, Simons, Gakpo; y Memphis.<br \/>\nInglaterra: Pickford; Saka, Walker, Stones, Gu\u00e9hi, Trippier; Mainoo, Rice; Bellingham, Kane y Foden.<\/p>\n","protected":false},"excerpt":{"rendered":"<p>Poco acostumbrados a enfrentarse tan lejos en grandes competiciones, Pa\u00edses Bajos se enfrenta hoy (15:00HB) en semifinales de la Eurocopa-2024 a una Inglaterra que ha pasado de favorita a funambulista, tras un torneo al borde del alambre. En el partido de Dortmund, Inglaterra deber\u00eda partir como favorita, por su estatus de subcampeona de la pasada [&hellip;]<\/p>\n","protected":false},"author":1,"featured_media":232896,"comment_status":"open","ping_status":"open","sticky":false,"template":"","format":"standard","meta":{"_acf_changed":false,"footnotes":""},"categories":[6,53],"tags":[],"class_list":["post-232895","post","type-post","status-publish","format-standard","has-post-thumbnail","category-deportes","category-eurocopa-2024"],"acf":{"antetitulo":""},"yoast_head":"<!-- This site is optimized with the Yoast SEO plugin v28.3 - https:\/\/yoast.com\/product\/yoast-seo-wordpress\/ -->\n<title>Pa\u00edses Bajos e Inglaterra van por el boleto a la final - El Diario - Bolivia<\/title>\n<meta name=\"robots\" content=\"index, follow, max-snippet:-1, max-image-preview:large, max-video-preview:-1\" \/>\n<link rel=\"canonical\" href=\"https:\/\/www.eldiario.net\/portal\/2024\/07\/10\/paises-bajos-e-inglaterra-van-por-el-boleto-a-la-final\/\" \/>\n<meta property=\"og:locale\" content=\"es_ES\" \/>\n<meta property=\"og:type\" content=\"article\" \/>\n<meta property=\"og:title\" content=\"Pa\u00edses Bajos e Inglaterra van por el boleto a la final - El Diario - Bolivia\" \/>\n<meta property=\"og:description\" content=\"Poco acostumbrados a enfrentarse tan lejos en grandes competiciones, Pa\u00edses Bajos se enfrenta hoy (15:00HB) en semifinales de la Eurocopa-2024 a una Inglaterra que ha pasado de favorita a funambulista, tras un torneo al borde del alambre. En el partido de Dortmund, Inglaterra deber\u00eda partir como favorita, por su estatus de subcampeona de la pasada [&hellip;]\" \/>\n<meta property=\"og:url\" content=\"https:\/\/www.eldiario.net\/portal\/2024\/07\/10\/paises-bajos-e-inglaterra-van-por-el-boleto-a-la-final\/\" \/>\n<meta property=\"og:site_name\" content=\"El Diario - Bolivia\" \/>\n<meta property=\"article:publisher\" content=\"https:\/\/www.facebook.com\/eldiario.bolivia\/\" \/>\n<meta property=\"article:published_time\" content=\"2024-07-10T09:22:30+00:00\" \/>\n<meta property=\"article:modified_time\" content=\"2024-07-10T09:22:45+00:00\" \/>\n<meta property=\"og:image\" content=\"https:\/\/www.eldiario.net\/portal\/wp-content\/uploads\/2024\/07\/paises-bajos-1.jpg\" \/>\n\t<meta property=\"og:image:width\" content=\"857\" \/>\n\t<meta property=\"og:image:height\" content=\"561\" \/>\n\t<meta property=\"og:image:type\" content=\"image\/jpeg\" \/>\n<meta name=\"author\" content=\"Jeanette\" \/>\n<meta name=\"twitter:card\" content=\"summary_large_image\" \/>\n<meta name=\"twitter:creator\" content=\"@eldiario_net\" \/>\n<meta name=\"twitter:site\" content=\"@eldiario_net\" \/>\n<meta name=\"twitter:label1\" content=\"Escrito por\" \/>\n\t<meta name=\"twitter:data1\" content=\"Jeanette\" \/>\n\t<meta name=\"twitter:label2\" content=\"Tiempo de lectura\" \/>\n\t<meta name=\"twitter:data2\" content=\"2 minutos\" \/>\n<script type=\"application\/ld+json\" class=\"yoast-schema-graph\">{\"@context\":\"https:\\\/\\\/schema.org\",\"@graph\":[{\"@type\":\"Article\",\"@id\":\"https:\\\/\\\/www.eldiario.net\\\/portal\\\/2024\\\/07\\\/10\\\/paises-bajos-e-inglaterra-van-por-el-boleto-a-la-final\\\/#article\",\"isPartOf\":{\"@id\":\"https:\\\/\\\/www.eldiario.net\\\/portal\\\/2024\\\/07\\\/10\\\/paises-bajos-e-inglaterra-van-por-el-boleto-a-la-final\\\/\"},\"author\":{\"name\":\"Jeanette\",\"@id\":\"https:\\\/\\\/www.eldiario.net\\\/portal\\\/#\\\/schema\\\/person\\\/f46445640444750d7d753ccd04ae01b7\"},\"headline\":\"Pa\u00edses Bajos e Inglaterra van por el boleto a la final\",\"datePublished\":\"2024-07-10T09:22:30+00:00\",\"dateModified\":\"2024-07-10T09:22:45+00:00\",\"mainEntityOfPage\":{\"@id\":\"https:\\\/\\\/www.eldiario.net\\\/portal\\\/2024\\\/07\\\/10\\\/paises-bajos-e-inglaterra-van-por-el-boleto-a-la-final\\\/\"},\"wordCount\":380,\"commentCount\":0,\"publisher\":{\"@id\":\"https:\\\/\\\/www.eldiario.net\\\/portal\\\/#organization\"},\"image\":{\"@id\":\"https:\\\/\\\/www.eldiario.net\\\/portal\\\/2024\\\/07\\\/10\\\/paises-bajos-e-inglaterra-van-por-el-boleto-a-la-final\\\/#primaryimage\"},\"thumbnailUrl\":\"https:\\\/\\\/www.eldiario.net\\\/portal\\\/wp-content\\\/uploads\\\/2024\\\/07\\\/paises-bajos-1.jpg\",\"articleSection\":[\"Deportes\",\"Eurocopa 2024\"],\"inLanguage\":\"es\",\"potentialAction\":[{\"@type\":\"CommentAction\",\"name\":\"Comment\",\"target\":[\"https:\\\/\\\/www.eldiario.net\\\/portal\\\/2024\\\/07\\\/10\\\/paises-bajos-e-inglaterra-van-por-el-boleto-a-la-final\\\/#respond\"]}]},{\"@type\":\"WebPage\",\"@id\":\"https:\\\/\\\/www.eldiario.net\\\/portal\\\/2024\\\/07\\\/10\\\/paises-bajos-e-inglaterra-van-por-el-boleto-a-la-final\\\/\",\"url\":\"https:\\\/\\\/www.eldiario.net\\\/portal\\\/2024\\\/07\\\/10\\\/paises-bajos-e-inglaterra-van-por-el-boleto-a-la-final\\\/\",\"name\":\"Pa\u00edses Bajos e Inglaterra van por el boleto a la final - El Diario - Bolivia\",\"isPartOf\":{\"@id\":\"https:\\\/\\\/www.eldiario.net\\\/portal\\\/#website\"},\"primaryImageOfPage\":{\"@id\":\"https:\\\/\\\/www.eldiario.net\\\/portal\\\/2024\\\/07\\\/10\\\/paises-bajos-e-inglaterra-van-por-el-boleto-a-la-final\\\/#primaryimage\"},\"image\":{\"@id\":\"https:\\\/\\\/www.eldiario.net\\\/portal\\\/2024\\\/07\\\/10\\\/paises-bajos-e-inglaterra-van-por-el-boleto-a-la-final\\\/#primaryimage\"},\"thumbnailUrl\":\"https:\\\/\\\/www.eldiario.net\\\/portal\\\/wp-content\\\/uploads\\\/2024\\\/07\\\/paises-bajos-1.jpg\",\"datePublished\":\"2024-07-10T09:22:30+00:00\",\"dateModified\":\"2024-07-10T09:22:45+00:00\",\"breadcrumb\":{\"@id\":\"https:\\\/\\\/www.eldiario.net\\\/portal\\\/2024\\\/07\\\/10\\\/paises-bajos-e-inglaterra-van-por-el-boleto-a-la-final\\\/#breadcrumb\"},\"inLanguage\":\"es\",\"potentialAction\":[{\"@type\":\"ReadAction\",\"target\":[\"https:\\\/\\\/www.eldiario.net\\\/portal\\\/2024\\\/07\\\/10\\\/paises-bajos-e-inglaterra-van-por-el-boleto-a-la-final\\\/\"]}]},{\"@type\":\"ImageObject\",\"inLanguage\":\"es\",\"@id\":\"https:\\\/\\\/www.eldiario.net\\\/portal\\\/2024\\\/07\\\/10\\\/paises-bajos-e-inglaterra-van-por-el-boleto-a-la-final\\\/#primaryimage\",\"url\":\"https:\\\/\\\/www.eldiario.net\\\/portal\\\/wp-content\\\/uploads\\\/2024\\\/07\\\/paises-bajos-1.jpg\",\"contentUrl\":\"https:\\\/\\\/www.eldiario.net\\\/portal\\\/wp-content\\\/uploads\\\/2024\\\/07\\\/paises-bajos-1.jpg\",\"width\":857,\"height\":561},{\"@type\":\"BreadcrumbList\",\"@id\":\"https:\\\/\\\/www.eldiario.net\\\/portal\\\/2024\\\/07\\\/10\\\/paises-bajos-e-inglaterra-van-por-el-boleto-a-la-final\\\/#breadcrumb\",\"itemListElement\":[{\"@type\":\"ListItem\",\"position\":1,\"name\":\"Portada\",\"item\":\"https:\\\/\\\/www.eldiario.net\\\/portal\\\/\"},{\"@type\":\"ListItem\",\"position\":2,\"name\":\"Pa\u00edses Bajos e Inglaterra van por el boleto a la final\"}]},{\"@type\":\"WebSite\",\"@id\":\"https:\\\/\\\/www.eldiario.net\\\/portal\\\/#website\",\"url\":\"https:\\\/\\\/www.eldiario.net\\\/portal\\\/\",\"name\":\"El Diario - Decano de la prensa nacional\",\"description\":\"El Diario - Decano de la prensa nacional\",\"publisher\":{\"@id\":\"https:\\\/\\\/www.eldiario.net\\\/portal\\\/#organization\"},\"potentialAction\":[{\"@type\":\"SearchAction\",\"target\":{\"@type\":\"EntryPoint\",\"urlTemplate\":\"https:\\\/\\\/www.eldiario.net\\\/portal\\\/?s={search_term_string}\"},\"query-input\":{\"@type\":\"PropertyValueSpecification\",\"valueRequired\":true,\"valueName\":\"search_term_string\"}}],\"inLanguage\":\"es\"},{\"@type\":\"Organization\",\"@id\":\"https:\\\/\\\/www.eldiario.net\\\/portal\\\/#organization\",\"name\":\"El Diario - Decano de la prensa nacional\",\"url\":\"https:\\\/\\\/www.eldiario.net\\\/portal\\\/\",\"logo\":{\"@type\":\"ImageObject\",\"inLanguage\":\"es\",\"@id\":\"https:\\\/\\\/www.eldiario.net\\\/portal\\\/#\\\/schema\\\/logo\\\/image\\\/\",\"url\":\"https:\\\/\\\/www.eldiario.net\\\/portal\\\/wp-content\\\/uploads\\\/2023\\\/07\\\/logo_ED.jpg\",\"contentUrl\":\"https:\\\/\\\/www.eldiario.net\\\/portal\\\/wp-content\\\/uploads\\\/2023\\\/07\\\/logo_ED.jpg\",\"width\":272,\"height\":52,\"caption\":\"El Diario - Decano de la prensa nacional\"},\"image\":{\"@id\":\"https:\\\/\\\/www.eldiario.net\\\/portal\\\/#\\\/schema\\\/logo\\\/image\\\/\"},\"sameAs\":[\"https:\\\/\\\/www.facebook.com\\\/eldiario.bolivia\\\/\",\"https:\\\/\\\/x.com\\\/eldiario_net\"]},{\"@type\":\"Person\",\"@id\":\"https:\\\/\\\/www.eldiario.net\\\/portal\\\/#\\\/schema\\\/person\\\/f46445640444750d7d753ccd04ae01b7\",\"name\":\"Jeanette\",\"image\":{\"@type\":\"ImageObject\",\"inLanguage\":\"es\",\"@id\":\"https:\\\/\\\/secure.gravatar.com\\\/avatar\\\/3ea2118a5f7dad2b7138b1187a6b7ee55f160b9968b66013c3a3ef39dd7e5798?s=96&d=mm&r=g\",\"url\":\"https:\\\/\\\/secure.gravatar.com\\\/avatar\\\/3ea2118a5f7dad2b7138b1187a6b7ee55f160b9968b66013c3a3ef39dd7e5798?s=96&d=mm&r=g\",\"contentUrl\":\"https:\\\/\\\/secure.gravatar.com\\\/avatar\\\/3ea2118a5f7dad2b7138b1187a6b7ee55f160b9968b66013c3a3ef39dd7e5798?s=96&d=mm&r=g\",\"caption\":\"Jeanette\"},\"sameAs\":[\"https:\\\/\\\/www.eldiario.net\\\/portal\"],\"url\":\"https:\\\/\\\/www.eldiario.net\\\/portal\\\/author\\\/jeanette\\\/\"}]}<\/script>\n<!-- \/ Yoast SEO plugin. -->","yoast_head_json":{"title":"Pa\u00edses Bajos e Inglaterra van por el boleto a la final - El Diario - Bolivia","robots":{"index":"index","follow":"follow","max-snippet":"max-snippet:-1","max-image-preview":"max-image-preview:large","max-video-preview":"max-video-preview:-1"},"canonical":"https:\/\/www.eldiario.net\/portal\/2024\/07\/10\/paises-bajos-e-inglaterra-van-por-el-boleto-a-la-final\/","og_locale":"es_ES","og_type":"article","og_title":"Pa\u00edses Bajos e Inglaterra van por el boleto a la final - El Diario - Bolivia","og_description":"Poco acostumbrados a enfrentarse tan lejos en grandes competiciones, Pa\u00edses Bajos se enfrenta hoy (15:00HB) en semifinales de la Eurocopa-2024 a una Inglaterra que ha pasado de favorita a funambulista, tras un torneo al borde del alambre. En el partido de Dortmund, Inglaterra deber\u00eda partir como favorita, por su estatus de subcampeona de la pasada [&hellip;]","og_url":"https:\/\/www.eldiario.net\/portal\/2024\/07\/10\/paises-bajos-e-inglaterra-van-por-el-boleto-a-la-final\/","og_site_name":"El Diario - Bolivia","article_publisher":"https:\/\/www.facebook.com\/eldiario.bolivia\/","article_published_time":"2024-07-10T09:22:30+00:00","article_modified_time":"2024-07-10T09:22:45+00:00","og_image":[{"width":857,"height":561,"url":"https:\/\/www.eldiario.net\/portal\/wp-content\/uploads\/2024\/07\/paises-bajos-1.jpg","type":"image\/jpeg"}],"author":"Jeanette","twitter_card":"summary_large_image","twitter_creator":"@eldiario_net","twitter_site":"@eldiario_net","twitter_misc":{"Escrito por":"Jeanette","Tiempo de lectura":"2 minutos"},"schema":{"@context":"https:\/\/schema.org","@graph":[{"@type":"Article","@id":"https:\/\/www.eldiario.net\/portal\/2024\/07\/10\/paises-bajos-e-inglaterra-van-por-el-boleto-a-la-final\/#article","isPartOf":{"@id":"https:\/\/www.eldiario.net\/portal\/2024\/07\/10\/paises-bajos-e-inglaterra-van-por-el-boleto-a-la-final\/"},"author":{"name":"Jeanette","@id":"https:\/\/www.eldiario.net\/portal\/#\/schema\/person\/f46445640444750d7d753ccd04ae01b7"},"headline":"Pa\u00edses Bajos e Inglaterra van por el boleto a la final","datePublished":"2024-07-10T09:22:30+00:00","dateModified":"2024-07-10T09:22:45+00:00","mainEntityOfPage":{"@id":"https:\/\/www.eldiario.net\/portal\/2024\/07\/10\/paises-bajos-e-inglaterra-van-por-el-boleto-a-la-final\/"},"wordCount":380,"commentCount":0,"publisher":{"@id":"https:\/\/www.eldiario.net\/portal\/#organization"},"image":{"@id":"https:\/\/www.eldiario.net\/portal\/2024\/07\/10\/paises-bajos-e-inglaterra-van-por-el-boleto-a-la-final\/#primaryimage"},"thumbnailUrl":"https:\/\/www.eldiario.net\/portal\/wp-content\/uploads\/2024\/07\/paises-bajos-1.jpg","articleSection":["Deportes","Eurocopa 2024"],"inLanguage":"es","potentialAction":[{"@type":"CommentAction","name":"Comment","target":["https:\/\/www.eldiario.net\/portal\/2024\/07\/10\/paises-bajos-e-inglaterra-van-por-el-boleto-a-la-final\/#respond"]}]},{"@type":"WebPage","@id":"https:\/\/www.eldiario.net\/portal\/2024\/07\/10\/paises-bajos-e-inglaterra-van-por-el-boleto-a-la-final\/","url":"https:\/\/www.eldiario.net\/portal\/2024\/07\/10\/paises-bajos-e-inglaterra-van-por-el-boleto-a-la-final\/","name":"Pa\u00edses Bajos e Inglaterra van por el boleto a la final - El Diario - Bolivia","isPartOf":{"@id":"https:\/\/www.eldiario.net\/portal\/#website"},"primaryImageOfPage":{"@id":"https:\/\/www.eldiario.net\/portal\/2024\/07\/10\/paises-bajos-e-inglaterra-van-por-el-boleto-a-la-final\/#primaryimage"},"image":{"@id":"https:\/\/www.eldiario.net\/portal\/2024\/07\/10\/paises-bajos-e-inglaterra-van-por-el-boleto-a-la-final\/#primaryimage"},"thumbnailUrl":"https:\/\/www.eldiario.net\/portal\/wp-content\/uploads\/2024\/07\/paises-bajos-1.jpg","datePublished":"2024-07-10T09:22:30+00:00","dateModified":"2024-07-10T09:22:45+00:00","breadcrumb":{"@id":"https:\/\/www.eldiario.net\/portal\/2024\/07\/10\/paises-bajos-e-inglaterra-van-por-el-boleto-a-la-final\/#breadcrumb"},"inLanguage":"es","potentialAction":[{"@type":"ReadAction","target":["https:\/\/www.eldiario.net\/portal\/2024\/07\/10\/paises-bajos-e-inglaterra-van-por-el-boleto-a-la-final\/"]}]},{"@type":"ImageObject","inLanguage":"es","@id":"https:\/\/www.eldiario.net\/portal\/2024\/07\/10\/paises-bajos-e-inglaterra-van-por-el-boleto-a-la-final\/#primaryimage","url":"https:\/\/www.eldiario.net\/portal\/wp-content\/uploads\/2024\/07\/paises-bajos-1.jpg","contentUrl":"https:\/\/www.eldiario.net\/portal\/wp-content\/uploads\/2024\/07\/paises-bajos-1.jpg","width":857,"height":561},{"@type":"BreadcrumbList","@id":"https:\/\/www.eldiario.net\/portal\/2024\/07\/10\/paises-bajos-e-inglaterra-van-por-el-boleto-a-la-final\/#breadcrumb","itemListElement":[{"@type":"ListItem","position":1,"name":"Portada","item":"https:\/\/www.eldiario.net\/portal\/"},{"@type":"ListItem","position":2,"name":"Pa\u00edses Bajos e Inglaterra van por el boleto a la final"}]},{"@type":"WebSite","@id":"https:\/\/www.eldiario.net\/portal\/#website","url":"https:\/\/www.eldiario.net\/portal\/","name":"El Diario - Decano de la prensa nacional","description":"El Diario - Decano de la prensa nacional","publisher":{"@id":"https:\/\/www.eldiario.net\/portal\/#organization"},"potentialAction":[{"@type":"SearchAction","target":{"@type":"EntryPoint","urlTemplate":"https:\/\/www.eldiario.net\/portal\/?s={search_term_string}"},"query-input":{"@type":"PropertyValueSpecification","valueRequired":true,"valueName":"search_term_string"}}],"inLanguage":"es"},{"@type":"Organization","@id":"https:\/\/www.eldiario.net\/portal\/#organization","name":"El Diario - Decano de la prensa nacional","url":"https:\/\/www.eldiario.net\/portal\/","logo":{"@type":"ImageObject","inLanguage":"es","@id":"https:\/\/www.eldiario.net\/portal\/#\/schema\/logo\/image\/","url":"https:\/\/www.eldiario.net\/portal\/wp-content\/uploads\/2023\/07\/logo_ED.jpg","contentUrl":"https:\/\/www.eldiario.net\/portal\/wp-content\/uploads\/2023\/07\/logo_ED.jpg","width":272,"height":52,"caption":"El Diario - Decano de la prensa nacional"},"image":{"@id":"https:\/\/www.eldiario.net\/portal\/#\/schema\/logo\/image\/"},"sameAs":["https:\/\/www.facebook.com\/eldiario.bolivia\/","https:\/\/x.com\/eldiario_net"]},{"@type":"Person","@id":"https:\/\/www.eldiario.net\/portal\/#\/schema\/person\/f46445640444750d7d753ccd04ae01b7","name":"Jeanette","image":{"@type":"ImageObject","inLanguage":"es","@id":"https:\/\/secure.gravatar.com\/avatar\/3ea2118a5f7dad2b7138b1187a6b7ee55f160b9968b66013c3a3ef39dd7e5798?s=96&d=mm&r=g","url":"https:\/\/secure.gravatar.com\/avatar\/3ea2118a5f7dad2b7138b1187a6b7ee55f160b9968b66013c3a3ef39dd7e5798?s=96&d=mm&r=g","contentUrl":"https:\/\/secure.gravatar.com\/avatar\/3ea2118a5f7dad2b7138b1187a6b7ee55f160b9968b66013c3a3ef39dd7e5798?s=96&d=mm&r=g","caption":"Jeanette"},"sameAs":["https:\/\/www.eldiario.net\/portal"],"url":"https:\/\/www.eldiario.net\/portal\/author\/jeanette\/"}]}},"_links":{"self":[{"href":"https:\/\/www.eldiario.net\/portal\/wp-json\/wp\/v2\/posts\/232895","targetHints":{"allow":["GET"]}}],"collection":[{"href":"https:\/\/www.eldiario.net\/portal\/wp-json\/wp\/v2\/posts"}],"about":[{"href":"https:\/\/www.eldiario.net\/portal\/wp-json\/wp\/v2\/types\/post"}],"author":[{"embeddable":true,"href":"https:\/\/www.eldiario.net\/portal\/wp-json\/wp\/v2\/users\/1"}],"replies":[{"embeddable":true,"href":"https:\/\/www.eldiario.net\/portal\/wp-json\/wp\/v2\/comments?post=232895"}],"version-history":[{"count":1,"href":"https:\/\/www.eldiario.net\/portal\/wp-json\/wp\/v2\/posts\/232895\/revisions"}],"predecessor-version":[{"id":232897,"href":"https:\/\/www.eldiario.net\/portal\/wp-json\/wp\/v2\/posts\/232895\/revisions\/232897"}],"wp:featuredmedia":[{"embeddable":true,"href":"https:\/\/www.eldiario.net\/portal\/wp-json\/wp\/v2\/media\/232896"}],"wp:attachment":[{"href":"https:\/\/www.eldiario.net\/portal\/wp-json\/wp\/v2\/media?parent=232895"}],"wp:term":[{"taxonomy":"category","embeddable":true,"href":"https:\/\/www.eldiario.net\/portal\/wp-json\/wp\/v2\/categories?post=232895"},{"taxonomy":"post_tag","embeddable":true,"href":"https:\/\/www.eldiario.net\/portal\/wp-json\/wp\/v2\/tags?post=232895"}],"curies":[{"name":"wp","href":"https:\/\/api.w.org\/{rel}","templated":true}]}}