{"id":232883,"date":"2024-07-09T17:30:45","date_gmt":"2024-07-09T21:30:45","guid":{"rendered":"https:\/\/www.eldiario.net\/portal\/?p=232883"},"modified":"2024-07-09T17:32:09","modified_gmt":"2024-07-09T21:32:09","slug":"en-la-paz-vacunan-contra-la-influenza-en-el-prado-mercados-y-plazas","status":"publish","type":"post","link":"https:\/\/www.eldiario.net\/portal\/2024\/07\/09\/en-la-paz-vacunan-contra-la-influenza-en-el-prado-mercados-y-plazas\/","title":{"rendered":"En La Paz vacunan contra la influenza en El Prado, mercados y plazas"},"content":{"rendered":"<p>Hasta este viernes se vacunar\u00e1 contra la influenza en El Prado, plazas y mercados de la ciudad de La Paz. Los interesados s\u00f3lo deber\u00e1n presentar una fotocopia de su c\u00e9dula de identidad.<\/p>\n<p>Seg\u00fan la Agencia Municipal de Noticias, la inmunizaci\u00f3n en El Prado se realizar\u00e1 desde las 9:00 horas en una carpa ubicada en la jardinera central que est\u00e1 frente al Cine Monje Campero.<\/p>\n<p>Un grupo de m\u00e9dicos vacunar\u00e1 por la estaci\u00f3n del Telef\u00e9rico Amarillo de la Curva de Holgu\u00edn, de 8:30 a 10:00 horas; el Mercado Alto Seg\u00fcencoma, de 10:00 a 11:00 horas; y la Plaza de la Mujer de Bajo Seg\u00fcencoma, de 11:00 a 13:00 horas.<\/p>\n<p>Otro equipo de galenos se desplazar\u00e1 por el Mercado Munaypata de 08:30 a 10:00 horas; la plaza Mariscal Santa Cruz de la calle Alcides Arguedas, de 10:00 a 11:00 horas; e inmediaciones del Cementerio General de la avenida Baptista, de 11:00 a 13:00 horas.<\/p>\n","protected":false},"excerpt":{"rendered":"<p>Hasta este viernes se vacunar\u00e1 contra la influenza en El Prado, plazas y mercados de la ciudad de La Paz. Los interesados s\u00f3lo deber\u00e1n presentar una fotocopia de su c\u00e9dula de identidad. Seg\u00fan la Agencia Municipal de Noticias, la inmunizaci\u00f3n en El Prado se realizar\u00e1 desde las 9:00 horas en una carpa ubicada en la [&hellip;]<\/p>\n","protected":false},"author":2,"featured_media":232886,"comment_status":"open","ping_status":"open","sticky":false,"template":"","format":"standard","meta":{"_acf_changed":false,"footnotes":""},"categories":[51],"tags":[],"class_list":["post-232883","post","type-post","status-publish","format-standard","has-post-thumbnail","category-ultima-hora"],"acf":{"antetitulo":""},"yoast_head":"<!-- This site is optimized with the Yoast SEO plugin v28.3 - https:\/\/yoast.com\/product\/yoast-seo-wordpress\/ -->\n<title>En La Paz vacunan contra la influenza en El Prado, mercados y plazas - El Diario - Bolivia<\/title>\n<meta name=\"robots\" content=\"index, follow, max-snippet:-1, max-image-preview:large, max-video-preview:-1\" \/>\n<link rel=\"canonical\" href=\"https:\/\/www.eldiario.net\/portal\/2024\/07\/09\/en-la-paz-vacunan-contra-la-influenza-en-el-prado-mercados-y-plazas\/\" \/>\n<meta property=\"og:locale\" content=\"es_ES\" \/>\n<meta property=\"og:type\" content=\"article\" \/>\n<meta property=\"og:title\" content=\"En La Paz vacunan contra la influenza en El Prado, mercados y plazas - El Diario - Bolivia\" \/>\n<meta property=\"og:description\" content=\"Hasta este viernes se vacunar\u00e1 contra la influenza en El Prado, plazas y mercados de la ciudad de La Paz. Los interesados s\u00f3lo deber\u00e1n presentar una fotocopia de su c\u00e9dula de identidad. Seg\u00fan la Agencia Municipal de Noticias, la inmunizaci\u00f3n en El Prado se realizar\u00e1 desde las 9:00 horas en una carpa ubicada en la [&hellip;]\" \/>\n<meta property=\"og:url\" content=\"https:\/\/www.eldiario.net\/portal\/2024\/07\/09\/en-la-paz-vacunan-contra-la-influenza-en-el-prado-mercados-y-plazas\/\" \/>\n<meta property=\"og:site_name\" content=\"El Diario - Bolivia\" \/>\n<meta property=\"article:publisher\" content=\"https:\/\/www.facebook.com\/eldiario.bolivia\/\" \/>\n<meta property=\"article:published_time\" content=\"2024-07-09T21:30:45+00:00\" \/>\n<meta property=\"article:modified_time\" content=\"2024-07-09T21:32:09+00:00\" \/>\n<meta property=\"og:image\" content=\"https:\/\/www.eldiario.net\/portal\/wp-content\/uploads\/2024\/07\/VACUNACION.jpg\" \/>\n\t<meta property=\"og:image:width\" content=\"768\" \/>\n\t<meta property=\"og:image:height\" content=\"576\" \/>\n\t<meta property=\"og:image:type\" content=\"image\/jpeg\" \/>\n<meta name=\"author\" content=\"luis Camacho\" \/>\n<meta name=\"twitter:card\" content=\"summary_large_image\" \/>\n<meta name=\"twitter:creator\" content=\"@eldiario_net\" \/>\n<meta name=\"twitter:site\" content=\"@eldiario_net\" \/>\n<meta name=\"twitter:label1\" content=\"Escrito por\" \/>\n\t<meta name=\"twitter:data1\" content=\"luis Camacho\" \/>\n\t<meta name=\"twitter:label2\" content=\"Tiempo de lectura\" \/>\n\t<meta name=\"twitter:data2\" content=\"1 minuto\" \/>\n<script type=\"application\/ld+json\" class=\"yoast-schema-graph\">{\"@context\":\"https:\\\/\\\/schema.org\",\"@graph\":[{\"@type\":\"Article\",\"@id\":\"https:\\\/\\\/www.eldiario.net\\\/portal\\\/2024\\\/07\\\/09\\\/en-la-paz-vacunan-contra-la-influenza-en-el-prado-mercados-y-plazas\\\/#article\",\"isPartOf\":{\"@id\":\"https:\\\/\\\/www.eldiario.net\\\/portal\\\/2024\\\/07\\\/09\\\/en-la-paz-vacunan-contra-la-influenza-en-el-prado-mercados-y-plazas\\\/\"},\"author\":{\"name\":\"luis Camacho\",\"@id\":\"https:\\\/\\\/www.eldiario.net\\\/portal\\\/#\\\/schema\\\/person\\\/cab1ae4db27e5f008a62cbffb05fbfee\"},\"headline\":\"En La Paz vacunan contra la influenza en El Prado, mercados y plazas\",\"datePublished\":\"2024-07-09T21:30:45+00:00\",\"dateModified\":\"2024-07-09T21:32:09+00:00\",\"mainEntityOfPage\":{\"@id\":\"https:\\\/\\\/www.eldiario.net\\\/portal\\\/2024\\\/07\\\/09\\\/en-la-paz-vacunan-contra-la-influenza-en-el-prado-mercados-y-plazas\\\/\"},\"wordCount\":163,\"commentCount\":0,\"publisher\":{\"@id\":\"https:\\\/\\\/www.eldiario.net\\\/portal\\\/#organization\"},\"image\":{\"@id\":\"https:\\\/\\\/www.eldiario.net\\\/portal\\\/2024\\\/07\\\/09\\\/en-la-paz-vacunan-contra-la-influenza-en-el-prado-mercados-y-plazas\\\/#primaryimage\"},\"thumbnailUrl\":\"https:\\\/\\\/www.eldiario.net\\\/portal\\\/wp-content\\\/uploads\\\/2024\\\/07\\\/VACUNACION.jpg\",\"articleSection\":[\"\u00daltima Hora\"],\"inLanguage\":\"es\",\"potentialAction\":[{\"@type\":\"CommentAction\",\"name\":\"Comment\",\"target\":[\"https:\\\/\\\/www.eldiario.net\\\/portal\\\/2024\\\/07\\\/09\\\/en-la-paz-vacunan-contra-la-influenza-en-el-prado-mercados-y-plazas\\\/#respond\"]}]},{\"@type\":\"WebPage\",\"@id\":\"https:\\\/\\\/www.eldiario.net\\\/portal\\\/2024\\\/07\\\/09\\\/en-la-paz-vacunan-contra-la-influenza-en-el-prado-mercados-y-plazas\\\/\",\"url\":\"https:\\\/\\\/www.eldiario.net\\\/portal\\\/2024\\\/07\\\/09\\\/en-la-paz-vacunan-contra-la-influenza-en-el-prado-mercados-y-plazas\\\/\",\"name\":\"En La Paz vacunan contra la influenza en El Prado, mercados y plazas - El Diario - Bolivia\",\"isPartOf\":{\"@id\":\"https:\\\/\\\/www.eldiario.net\\\/portal\\\/#website\"},\"primaryImageOfPage\":{\"@id\":\"https:\\\/\\\/www.eldiario.net\\\/portal\\\/2024\\\/07\\\/09\\\/en-la-paz-vacunan-contra-la-influenza-en-el-prado-mercados-y-plazas\\\/#primaryimage\"},\"image\":{\"@id\":\"https:\\\/\\\/www.eldiario.net\\\/portal\\\/2024\\\/07\\\/09\\\/en-la-paz-vacunan-contra-la-influenza-en-el-prado-mercados-y-plazas\\\/#primaryimage\"},\"thumbnailUrl\":\"https:\\\/\\\/www.eldiario.net\\\/portal\\\/wp-content\\\/uploads\\\/2024\\\/07\\\/VACUNACION.jpg\",\"datePublished\":\"2024-07-09T21:30:45+00:00\",\"dateModified\":\"2024-07-09T21:32:09+00:00\",\"breadcrumb\":{\"@id\":\"https:\\\/\\\/www.eldiario.net\\\/portal\\\/2024\\\/07\\\/09\\\/en-la-paz-vacunan-contra-la-influenza-en-el-prado-mercados-y-plazas\\\/#breadcrumb\"},\"inLanguage\":\"es\",\"potentialAction\":[{\"@type\":\"ReadAction\",\"target\":[\"https:\\\/\\\/www.eldiario.net\\\/portal\\\/2024\\\/07\\\/09\\\/en-la-paz-vacunan-contra-la-influenza-en-el-prado-mercados-y-plazas\\\/\"]}]},{\"@type\":\"ImageObject\",\"inLanguage\":\"es\",\"@id\":\"https:\\\/\\\/www.eldiario.net\\\/portal\\\/2024\\\/07\\\/09\\\/en-la-paz-vacunan-contra-la-influenza-en-el-prado-mercados-y-plazas\\\/#primaryimage\",\"url\":\"https:\\\/\\\/www.eldiario.net\\\/portal\\\/wp-content\\\/uploads\\\/2024\\\/07\\\/VACUNACION.jpg\",\"contentUrl\":\"https:\\\/\\\/www.eldiario.net\\\/portal\\\/wp-content\\\/uploads\\\/2024\\\/07\\\/VACUNACION.jpg\",\"width\":768,\"height\":576,\"caption\":\"Foto: Agencia Municipal de Noticias.\"},{\"@type\":\"BreadcrumbList\",\"@id\":\"https:\\\/\\\/www.eldiario.net\\\/portal\\\/2024\\\/07\\\/09\\\/en-la-paz-vacunan-contra-la-influenza-en-el-prado-mercados-y-plazas\\\/#breadcrumb\",\"itemListElement\":[{\"@type\":\"ListItem\",\"position\":1,\"name\":\"Portada\",\"item\":\"https:\\\/\\\/www.eldiario.net\\\/portal\\\/\"},{\"@type\":\"ListItem\",\"position\":2,\"name\":\"En La Paz vacunan contra la influenza en El Prado, mercados y plazas\"}]},{\"@type\":\"WebSite\",\"@id\":\"https:\\\/\\\/www.eldiario.net\\\/portal\\\/#website\",\"url\":\"https:\\\/\\\/www.eldiario.net\\\/portal\\\/\",\"name\":\"El Diario - Decano de la prensa nacional\",\"description\":\"El Diario - Decano de la prensa nacional\",\"publisher\":{\"@id\":\"https:\\\/\\\/www.eldiario.net\\\/portal\\\/#organization\"},\"potentialAction\":[{\"@type\":\"SearchAction\",\"target\":{\"@type\":\"EntryPoint\",\"urlTemplate\":\"https:\\\/\\\/www.eldiario.net\\\/portal\\\/?s={search_term_string}\"},\"query-input\":{\"@type\":\"PropertyValueSpecification\",\"valueRequired\":true,\"valueName\":\"search_term_string\"}}],\"inLanguage\":\"es\"},{\"@type\":\"Organization\",\"@id\":\"https:\\\/\\\/www.eldiario.net\\\/portal\\\/#organization\",\"name\":\"El Diario - Decano de la prensa nacional\",\"url\":\"https:\\\/\\\/www.eldiario.net\\\/portal\\\/\",\"logo\":{\"@type\":\"ImageObject\",\"inLanguage\":\"es\",\"@id\":\"https:\\\/\\\/www.eldiario.net\\\/portal\\\/#\\\/schema\\\/logo\\\/image\\\/\",\"url\":\"https:\\\/\\\/www.eldiario.net\\\/portal\\\/wp-content\\\/uploads\\\/2023\\\/07\\\/logo_ED.jpg\",\"contentUrl\":\"https:\\\/\\\/www.eldiario.net\\\/portal\\\/wp-content\\\/uploads\\\/2023\\\/07\\\/logo_ED.jpg\",\"width\":272,\"height\":52,\"caption\":\"El Diario - Decano de la prensa nacional\"},\"image\":{\"@id\":\"https:\\\/\\\/www.eldiario.net\\\/portal\\\/#\\\/schema\\\/logo\\\/image\\\/\"},\"sameAs\":[\"https:\\\/\\\/www.facebook.com\\\/eldiario.bolivia\\\/\",\"https:\\\/\\\/x.com\\\/eldiario_net\"]},{\"@type\":\"Person\",\"@id\":\"https:\\\/\\\/www.eldiario.net\\\/portal\\\/#\\\/schema\\\/person\\\/cab1ae4db27e5f008a62cbffb05fbfee\",\"name\":\"luis Camacho\",\"image\":{\"@type\":\"ImageObject\",\"inLanguage\":\"es\",\"@id\":\"https:\\\/\\\/secure.gravatar.com\\\/avatar\\\/69ecb836b3826d5a2501bf06ab2a2f2c8ab211cc846758f395df21684cb38313?s=96&d=mm&r=g\",\"url\":\"https:\\\/\\\/secure.gravatar.com\\\/avatar\\\/69ecb836b3826d5a2501bf06ab2a2f2c8ab211cc846758f395df21684cb38313?s=96&d=mm&r=g\",\"contentUrl\":\"https:\\\/\\\/secure.gravatar.com\\\/avatar\\\/69ecb836b3826d5a2501bf06ab2a2f2c8ab211cc846758f395df21684cb38313?s=96&d=mm&r=g\",\"caption\":\"luis Camacho\"},\"url\":\"https:\\\/\\\/www.eldiario.net\\\/portal\\\/author\\\/luis\\\/\"}]}<\/script>\n<!-- \/ Yoast SEO plugin. -->","yoast_head_json":{"title":"En La Paz vacunan contra la influenza en El Prado, mercados y plazas - El Diario - Bolivia","robots":{"index":"index","follow":"follow","max-snippet":"max-snippet:-1","max-image-preview":"max-image-preview:large","max-video-preview":"max-video-preview:-1"},"canonical":"https:\/\/www.eldiario.net\/portal\/2024\/07\/09\/en-la-paz-vacunan-contra-la-influenza-en-el-prado-mercados-y-plazas\/","og_locale":"es_ES","og_type":"article","og_title":"En La Paz vacunan contra la influenza en El Prado, mercados y plazas - El Diario - Bolivia","og_description":"Hasta este viernes se vacunar\u00e1 contra la influenza en El Prado, plazas y mercados de la ciudad de La Paz. Los interesados s\u00f3lo deber\u00e1n presentar una fotocopia de su c\u00e9dula de identidad. Seg\u00fan la Agencia Municipal de Noticias, la inmunizaci\u00f3n en El Prado se realizar\u00e1 desde las 9:00 horas en una carpa ubicada en la [&hellip;]","og_url":"https:\/\/www.eldiario.net\/portal\/2024\/07\/09\/en-la-paz-vacunan-contra-la-influenza-en-el-prado-mercados-y-plazas\/","og_site_name":"El Diario - Bolivia","article_publisher":"https:\/\/www.facebook.com\/eldiario.bolivia\/","article_published_time":"2024-07-09T21:30:45+00:00","article_modified_time":"2024-07-09T21:32:09+00:00","og_image":[{"width":768,"height":576,"url":"https:\/\/www.eldiario.net\/portal\/wp-content\/uploads\/2024\/07\/VACUNACION.jpg","type":"image\/jpeg"}],"author":"luis Camacho","twitter_card":"summary_large_image","twitter_creator":"@eldiario_net","twitter_site":"@eldiario_net","twitter_misc":{"Escrito por":"luis Camacho","Tiempo de lectura":"1 minuto"},"schema":{"@context":"https:\/\/schema.org","@graph":[{"@type":"Article","@id":"https:\/\/www.eldiario.net\/portal\/2024\/07\/09\/en-la-paz-vacunan-contra-la-influenza-en-el-prado-mercados-y-plazas\/#article","isPartOf":{"@id":"https:\/\/www.eldiario.net\/portal\/2024\/07\/09\/en-la-paz-vacunan-contra-la-influenza-en-el-prado-mercados-y-plazas\/"},"author":{"name":"luis Camacho","@id":"https:\/\/www.eldiario.net\/portal\/#\/schema\/person\/cab1ae4db27e5f008a62cbffb05fbfee"},"headline":"En La Paz vacunan contra la influenza en El Prado, mercados y plazas","datePublished":"2024-07-09T21:30:45+00:00","dateModified":"2024-07-09T21:32:09+00:00","mainEntityOfPage":{"@id":"https:\/\/www.eldiario.net\/portal\/2024\/07\/09\/en-la-paz-vacunan-contra-la-influenza-en-el-prado-mercados-y-plazas\/"},"wordCount":163,"commentCount":0,"publisher":{"@id":"https:\/\/www.eldiario.net\/portal\/#organization"},"image":{"@id":"https:\/\/www.eldiario.net\/portal\/2024\/07\/09\/en-la-paz-vacunan-contra-la-influenza-en-el-prado-mercados-y-plazas\/#primaryimage"},"thumbnailUrl":"https:\/\/www.eldiario.net\/portal\/wp-content\/uploads\/2024\/07\/VACUNACION.jpg","articleSection":["\u00daltima Hora"],"inLanguage":"es","potentialAction":[{"@type":"CommentAction","name":"Comment","target":["https:\/\/www.eldiario.net\/portal\/2024\/07\/09\/en-la-paz-vacunan-contra-la-influenza-en-el-prado-mercados-y-plazas\/#respond"]}]},{"@type":"WebPage","@id":"https:\/\/www.eldiario.net\/portal\/2024\/07\/09\/en-la-paz-vacunan-contra-la-influenza-en-el-prado-mercados-y-plazas\/","url":"https:\/\/www.eldiario.net\/portal\/2024\/07\/09\/en-la-paz-vacunan-contra-la-influenza-en-el-prado-mercados-y-plazas\/","name":"En La Paz vacunan contra la influenza en El Prado, mercados y plazas - El Diario - Bolivia","isPartOf":{"@id":"https:\/\/www.eldiario.net\/portal\/#website"},"primaryImageOfPage":{"@id":"https:\/\/www.eldiario.net\/portal\/2024\/07\/09\/en-la-paz-vacunan-contra-la-influenza-en-el-prado-mercados-y-plazas\/#primaryimage"},"image":{"@id":"https:\/\/www.eldiario.net\/portal\/2024\/07\/09\/en-la-paz-vacunan-contra-la-influenza-en-el-prado-mercados-y-plazas\/#primaryimage"},"thumbnailUrl":"https:\/\/www.eldiario.net\/portal\/wp-content\/uploads\/2024\/07\/VACUNACION.jpg","datePublished":"2024-07-09T21:30:45+00:00","dateModified":"2024-07-09T21:32:09+00:00","breadcrumb":{"@id":"https:\/\/www.eldiario.net\/portal\/2024\/07\/09\/en-la-paz-vacunan-contra-la-influenza-en-el-prado-mercados-y-plazas\/#breadcrumb"},"inLanguage":"es","potentialAction":[{"@type":"ReadAction","target":["https:\/\/www.eldiario.net\/portal\/2024\/07\/09\/en-la-paz-vacunan-contra-la-influenza-en-el-prado-mercados-y-plazas\/"]}]},{"@type":"ImageObject","inLanguage":"es","@id":"https:\/\/www.eldiario.net\/portal\/2024\/07\/09\/en-la-paz-vacunan-contra-la-influenza-en-el-prado-mercados-y-plazas\/#primaryimage","url":"https:\/\/www.eldiario.net\/portal\/wp-content\/uploads\/2024\/07\/VACUNACION.jpg","contentUrl":"https:\/\/www.eldiario.net\/portal\/wp-content\/uploads\/2024\/07\/VACUNACION.jpg","width":768,"height":576,"caption":"Foto: Agencia Municipal de Noticias."},{"@type":"BreadcrumbList","@id":"https:\/\/www.eldiario.net\/portal\/2024\/07\/09\/en-la-paz-vacunan-contra-la-influenza-en-el-prado-mercados-y-plazas\/#breadcrumb","itemListElement":[{"@type":"ListItem","position":1,"name":"Portada","item":"https:\/\/www.eldiario.net\/portal\/"},{"@type":"ListItem","position":2,"name":"En La Paz vacunan contra la influenza en El Prado, mercados y plazas"}]},{"@type":"WebSite","@id":"https:\/\/www.eldiario.net\/portal\/#website","url":"https:\/\/www.eldiario.net\/portal\/","name":"El Diario - Decano de la prensa nacional","description":"El Diario - Decano de la prensa nacional","publisher":{"@id":"https:\/\/www.eldiario.net\/portal\/#organization"},"potentialAction":[{"@type":"SearchAction","target":{"@type":"EntryPoint","urlTemplate":"https:\/\/www.eldiario.net\/portal\/?s={search_term_string}"},"query-input":{"@type":"PropertyValueSpecification","valueRequired":true,"valueName":"search_term_string"}}],"inLanguage":"es"},{"@type":"Organization","@id":"https:\/\/www.eldiario.net\/portal\/#organization","name":"El Diario - Decano de la prensa nacional","url":"https:\/\/www.eldiario.net\/portal\/","logo":{"@type":"ImageObject","inLanguage":"es","@id":"https:\/\/www.eldiario.net\/portal\/#\/schema\/logo\/image\/","url":"https:\/\/www.eldiario.net\/portal\/wp-content\/uploads\/2023\/07\/logo_ED.jpg","contentUrl":"https:\/\/www.eldiario.net\/portal\/wp-content\/uploads\/2023\/07\/logo_ED.jpg","width":272,"height":52,"caption":"El Diario - Decano de la prensa nacional"},"image":{"@id":"https:\/\/www.eldiario.net\/portal\/#\/schema\/logo\/image\/"},"sameAs":["https:\/\/www.facebook.com\/eldiario.bolivia\/","https:\/\/x.com\/eldiario_net"]},{"@type":"Person","@id":"https:\/\/www.eldiario.net\/portal\/#\/schema\/person\/cab1ae4db27e5f008a62cbffb05fbfee","name":"luis Camacho","image":{"@type":"ImageObject","inLanguage":"es","@id":"https:\/\/secure.gravatar.com\/avatar\/69ecb836b3826d5a2501bf06ab2a2f2c8ab211cc846758f395df21684cb38313?s=96&d=mm&r=g","url":"https:\/\/secure.gravatar.com\/avatar\/69ecb836b3826d5a2501bf06ab2a2f2c8ab211cc846758f395df21684cb38313?s=96&d=mm&r=g","contentUrl":"https:\/\/secure.gravatar.com\/avatar\/69ecb836b3826d5a2501bf06ab2a2f2c8ab211cc846758f395df21684cb38313?s=96&d=mm&r=g","caption":"luis Camacho"},"url":"https:\/\/www.eldiario.net\/portal\/author\/luis\/"}]}},"_links":{"self":[{"href":"https:\/\/www.eldiario.net\/portal\/wp-json\/wp\/v2\/posts\/232883","targetHints":{"allow":["GET"]}}],"collection":[{"href":"https:\/\/www.eldiario.net\/portal\/wp-json\/wp\/v2\/posts"}],"about":[{"href":"https:\/\/www.eldiario.net\/portal\/wp-json\/wp\/v2\/types\/post"}],"author":[{"embeddable":true,"href":"https:\/\/www.eldiario.net\/portal\/wp-json\/wp\/v2\/users\/2"}],"replies":[{"embeddable":true,"href":"https:\/\/www.eldiario.net\/portal\/wp-json\/wp\/v2\/comments?post=232883"}],"version-history":[{"count":2,"href":"https:\/\/www.eldiario.net\/portal\/wp-json\/wp\/v2\/posts\/232883\/revisions"}],"predecessor-version":[{"id":232888,"href":"https:\/\/www.eldiario.net\/portal\/wp-json\/wp\/v2\/posts\/232883\/revisions\/232888"}],"wp:featuredmedia":[{"embeddable":true,"href":"https:\/\/www.eldiario.net\/portal\/wp-json\/wp\/v2\/media\/232886"}],"wp:attachment":[{"href":"https:\/\/www.eldiario.net\/portal\/wp-json\/wp\/v2\/media?parent=232883"}],"wp:term":[{"taxonomy":"category","embeddable":true,"href":"https:\/\/www.eldiario.net\/portal\/wp-json\/wp\/v2\/categories?post=232883"},{"taxonomy":"post_tag","embeddable":true,"href":"https:\/\/www.eldiario.net\/portal\/wp-json\/wp\/v2\/tags?post=232883"}],"curies":[{"name":"wp","href":"https:\/\/api.w.org\/{rel}","templated":true}]}}