{"id":232602,"date":"2024-07-08T06:16:46","date_gmt":"2024-07-08T10:16:46","guid":{"rendered":"https:\/\/www.eldiario.net\/portal\/?p=232602"},"modified":"2024-07-08T06:16:46","modified_gmt":"2024-07-08T10:16:46","slug":"presidente-de-brasil-llegara-acompanado-de-empresarios","status":"publish","type":"post","link":"https:\/\/www.eldiario.net\/portal\/2024\/07\/08\/presidente-de-brasil-llegara-acompanado-de-empresarios\/","title":{"rendered":"Presidente de Brasil llegar\u00e1  acompa\u00f1ado de empresarios"},"content":{"rendered":"<p>El viceministro de Relaciones Exteriores, Elmer Catarina, inform\u00f3 que el presidente de Brasil, Luiz In\u00e1cio Lula da Silva llegar\u00e1 este lunes a Santa Cruz con una comitiva de m\u00e1s de 100 empresarios, en el marco de una visita oficial a Bolivia luego de 15 a\u00f1os.<br \/>\n\u201cEst\u00e1n llegando m\u00e1s de 100 empresarios del Brasil, se ha hecho la invitaci\u00f3n a pedido del presidente Luis Arce y la ministra Celinda Sosa a todo el sector empresarial boliviano\u201d, sostuvo la autoridad gubernamental y reiter\u00f3 que la sede del Encuentro Binacional de Empresarios ser\u00e1 en Santa Cruz de la Sierra.<br \/>\nEl l\u00edder izquierdista llegar\u00e1 al pa\u00eds despu\u00e9s de 15 a\u00f1os, como un oportuno respaldo pol\u00edtico y en busca de acuerdos econ\u00f3micos, entre ellos una mayor provisi\u00f3n de gas natural al Brasil.<br \/>\n\u201cVoy all\u00ed para fortalecer a Luis Arce, para fortalecer la democracia y mostrarle a los empresarios que es muy importante que Bolivia siga gobernada democr\u00e1ticamente. Si no es as\u00ed, Bolivia no puede ni entrar al Mercosur\u201d, se\u00f1al\u00f3 Lula, un d\u00eda despu\u00e9s de la toma militar de plaza Murillo, el pasado 26 de junio.<br \/>\nAnte la llegada de la comitiva extranjera, el Viceministro boliviano indic\u00f3 que el \u201checho que vengan empresarios interesados en b\u00fasqueda de alg\u00fan producto boliviano, significa que s\u00ed hay una certeza econ\u00f3mica en Bolivia\u201d.<br \/>\nSe adelant\u00f3 que ma\u00f1ana (martes), los empresarios brasile\u00f1os participar\u00e1n en un foro organizado por sus similares bolivianos que abarcar\u00e1 distintas tem\u00e1ticas para reforzar los v\u00ednculos comerciales y productivos de Bolivia y Brasil.<br \/>\nEn tanto, el presidente Arce Catacora y su hom\u00f3logo brasile\u00f1o liderar\u00e1n una reuni\u00f3n ampliada de ministros y se prev\u00e9 la firma de una Declaraci\u00f3n Conjunta, adem\u00e1s de acuerdos de cooperaci\u00f3n en inversiones, agroindustria, fertilizantes, comercio bilateral y otros.<br \/>\nGAS NATURAL<br \/>\nDesde el vecino pa\u00eds se inform\u00f3 que representantes de la industria brasile\u00f1a llegar\u00e1n con Lula da Silva a Bolivia, en un intento por obtener gas natural que deber\u00eda estar disponible tras el vencimiento de un acuerdo de suministro del energ\u00e9tico boliviano a Argentina.<br \/>\nArgentina tiene un contrato de suministro con la petrolera estatal boliviana YPFB que expira en septiembre, eso abre nueva ventana. Entonces, un volumen de hasta alrededor de 4 millones de metros c\u00fabicos por d\u00eda podr\u00eda estar disponible, afirman los representantes.<br \/>\n\u201cVamos a hablar con las autoridades y averiguar qu\u00e9 es posible\u201d, se\u00f1al\u00f3 a Reuters, Lucien Belmonte, presidente ejecutivo de Abividro, una asociaci\u00f3n industrial de firmas de vidrio.<br \/>\nLos representantes brasile\u00f1os esperan firmar un acuerdo directamente con YPFB, lo que, seg\u00fan aseveran, les permitir\u00eda obtener un precio m\u00e1s bajo que si compraran a trav\u00e9s de la petrolera estatal brasile\u00f1a Petrobras, que tiene un contrato en vigor con YPFB. (EL DIARIO, agencias)<\/p>\n","protected":false},"excerpt":{"rendered":"<p>El viceministro de Relaciones Exteriores, Elmer Catarina, inform\u00f3 que el presidente de Brasil, Luiz In\u00e1cio Lula da Silva llegar\u00e1 este lunes a Santa Cruz con una comitiva de m\u00e1s de 100 empresarios, en el marco de una visita oficial a Bolivia luego de 15 a\u00f1os. \u201cEst\u00e1n llegando m\u00e1s de 100 empresarios del Brasil, se ha [&hellip;]<\/p>\n","protected":false},"author":1,"featured_media":232603,"comment_status":"open","ping_status":"open","sticky":false,"template":"","format":"standard","meta":{"_acf_changed":false,"footnotes":""},"categories":[7],"tags":[],"class_list":["post-232602","post","type-post","status-publish","format-standard","has-post-thumbnail","category-economia"],"acf":{"antetitulo":""},"yoast_head":"<!-- This site is optimized with the Yoast SEO plugin v28.3 - https:\/\/yoast.com\/product\/yoast-seo-wordpress\/ -->\n<title>Presidente de Brasil llegar\u00e1 acompa\u00f1ado de empresarios - El Diario - Bolivia<\/title>\n<meta name=\"robots\" content=\"index, follow, max-snippet:-1, max-image-preview:large, max-video-preview:-1\" \/>\n<link rel=\"canonical\" href=\"https:\/\/www.eldiario.net\/portal\/2024\/07\/08\/presidente-de-brasil-llegara-acompanado-de-empresarios\/\" \/>\n<meta property=\"og:locale\" content=\"es_ES\" \/>\n<meta property=\"og:type\" content=\"article\" \/>\n<meta property=\"og:title\" content=\"Presidente de Brasil llegar\u00e1 acompa\u00f1ado de empresarios - El Diario - Bolivia\" \/>\n<meta property=\"og:description\" content=\"El viceministro de Relaciones Exteriores, Elmer Catarina, inform\u00f3 que el presidente de Brasil, Luiz In\u00e1cio Lula da Silva llegar\u00e1 este lunes a Santa Cruz con una comitiva de m\u00e1s de 100 empresarios, en el marco de una visita oficial a Bolivia luego de 15 a\u00f1os. \u201cEst\u00e1n llegando m\u00e1s de 100 empresarios del Brasil, se ha [&hellip;]\" \/>\n<meta property=\"og:url\" content=\"https:\/\/www.eldiario.net\/portal\/2024\/07\/08\/presidente-de-brasil-llegara-acompanado-de-empresarios\/\" \/>\n<meta property=\"og:site_name\" content=\"El Diario - Bolivia\" \/>\n<meta property=\"article:publisher\" content=\"https:\/\/www.facebook.com\/eldiario.bolivia\/\" \/>\n<meta property=\"article:published_time\" content=\"2024-07-08T10:16:46+00:00\" \/>\n<meta property=\"og:image\" content=\"https:\/\/www.eldiario.net\/portal\/wp-content\/uploads\/2024\/07\/F-3-Lula-Arce.jpg\" \/>\n\t<meta property=\"og:image:width\" content=\"1280\" \/>\n\t<meta property=\"og:image:height\" content=\"640\" \/>\n\t<meta property=\"og:image:type\" content=\"image\/jpeg\" \/>\n<meta name=\"author\" content=\"Jeanette\" \/>\n<meta name=\"twitter:card\" content=\"summary_large_image\" \/>\n<meta name=\"twitter:creator\" content=\"@eldiario_net\" \/>\n<meta name=\"twitter:site\" content=\"@eldiario_net\" \/>\n<meta name=\"twitter:label1\" content=\"Escrito por\" \/>\n\t<meta name=\"twitter:data1\" content=\"Jeanette\" \/>\n\t<meta name=\"twitter:label2\" content=\"Tiempo de lectura\" \/>\n\t<meta name=\"twitter:data2\" content=\"3 minutos\" \/>\n<script type=\"application\/ld+json\" class=\"yoast-schema-graph\">{\"@context\":\"https:\\\/\\\/schema.org\",\"@graph\":[{\"@type\":\"Article\",\"@id\":\"https:\\\/\\\/www.eldiario.net\\\/portal\\\/2024\\\/07\\\/08\\\/presidente-de-brasil-llegara-acompanado-de-empresarios\\\/#article\",\"isPartOf\":{\"@id\":\"https:\\\/\\\/www.eldiario.net\\\/portal\\\/2024\\\/07\\\/08\\\/presidente-de-brasil-llegara-acompanado-de-empresarios\\\/\"},\"author\":{\"name\":\"Jeanette\",\"@id\":\"https:\\\/\\\/www.eldiario.net\\\/portal\\\/#\\\/schema\\\/person\\\/f46445640444750d7d753ccd04ae01b7\"},\"headline\":\"Presidente de Brasil llegar\u00e1 acompa\u00f1ado de empresarios\",\"datePublished\":\"2024-07-08T10:16:46+00:00\",\"mainEntityOfPage\":{\"@id\":\"https:\\\/\\\/www.eldiario.net\\\/portal\\\/2024\\\/07\\\/08\\\/presidente-de-brasil-llegara-acompanado-de-empresarios\\\/\"},\"wordCount\":488,\"commentCount\":0,\"publisher\":{\"@id\":\"https:\\\/\\\/www.eldiario.net\\\/portal\\\/#organization\"},\"image\":{\"@id\":\"https:\\\/\\\/www.eldiario.net\\\/portal\\\/2024\\\/07\\\/08\\\/presidente-de-brasil-llegara-acompanado-de-empresarios\\\/#primaryimage\"},\"thumbnailUrl\":\"https:\\\/\\\/www.eldiario.net\\\/portal\\\/wp-content\\\/uploads\\\/2024\\\/07\\\/F-3-Lula-Arce.jpg\",\"articleSection\":[\"Econom\u00eda\"],\"inLanguage\":\"es\",\"potentialAction\":[{\"@type\":\"CommentAction\",\"name\":\"Comment\",\"target\":[\"https:\\\/\\\/www.eldiario.net\\\/portal\\\/2024\\\/07\\\/08\\\/presidente-de-brasil-llegara-acompanado-de-empresarios\\\/#respond\"]}]},{\"@type\":\"WebPage\",\"@id\":\"https:\\\/\\\/www.eldiario.net\\\/portal\\\/2024\\\/07\\\/08\\\/presidente-de-brasil-llegara-acompanado-de-empresarios\\\/\",\"url\":\"https:\\\/\\\/www.eldiario.net\\\/portal\\\/2024\\\/07\\\/08\\\/presidente-de-brasil-llegara-acompanado-de-empresarios\\\/\",\"name\":\"Presidente de Brasil llegar\u00e1 acompa\u00f1ado de empresarios - El Diario - Bolivia\",\"isPartOf\":{\"@id\":\"https:\\\/\\\/www.eldiario.net\\\/portal\\\/#website\"},\"primaryImageOfPage\":{\"@id\":\"https:\\\/\\\/www.eldiario.net\\\/portal\\\/2024\\\/07\\\/08\\\/presidente-de-brasil-llegara-acompanado-de-empresarios\\\/#primaryimage\"},\"image\":{\"@id\":\"https:\\\/\\\/www.eldiario.net\\\/portal\\\/2024\\\/07\\\/08\\\/presidente-de-brasil-llegara-acompanado-de-empresarios\\\/#primaryimage\"},\"thumbnailUrl\":\"https:\\\/\\\/www.eldiario.net\\\/portal\\\/wp-content\\\/uploads\\\/2024\\\/07\\\/F-3-Lula-Arce.jpg\",\"datePublished\":\"2024-07-08T10:16:46+00:00\",\"breadcrumb\":{\"@id\":\"https:\\\/\\\/www.eldiario.net\\\/portal\\\/2024\\\/07\\\/08\\\/presidente-de-brasil-llegara-acompanado-de-empresarios\\\/#breadcrumb\"},\"inLanguage\":\"es\",\"potentialAction\":[{\"@type\":\"ReadAction\",\"target\":[\"https:\\\/\\\/www.eldiario.net\\\/portal\\\/2024\\\/07\\\/08\\\/presidente-de-brasil-llegara-acompanado-de-empresarios\\\/\"]}]},{\"@type\":\"ImageObject\",\"inLanguage\":\"es\",\"@id\":\"https:\\\/\\\/www.eldiario.net\\\/portal\\\/2024\\\/07\\\/08\\\/presidente-de-brasil-llegara-acompanado-de-empresarios\\\/#primaryimage\",\"url\":\"https:\\\/\\\/www.eldiario.net\\\/portal\\\/wp-content\\\/uploads\\\/2024\\\/07\\\/F-3-Lula-Arce.jpg\",\"contentUrl\":\"https:\\\/\\\/www.eldiario.net\\\/portal\\\/wp-content\\\/uploads\\\/2024\\\/07\\\/F-3-Lula-Arce.jpg\",\"width\":1280,\"height\":640,\"caption\":\"Los presidentes de Bolivia y Brasil, Arce y Da Silva.\"},{\"@type\":\"BreadcrumbList\",\"@id\":\"https:\\\/\\\/www.eldiario.net\\\/portal\\\/2024\\\/07\\\/08\\\/presidente-de-brasil-llegara-acompanado-de-empresarios\\\/#breadcrumb\",\"itemListElement\":[{\"@type\":\"ListItem\",\"position\":1,\"name\":\"Portada\",\"item\":\"https:\\\/\\\/www.eldiario.net\\\/portal\\\/\"},{\"@type\":\"ListItem\",\"position\":2,\"name\":\"Presidente de Brasil llegar\u00e1 acompa\u00f1ado de empresarios\"}]},{\"@type\":\"WebSite\",\"@id\":\"https:\\\/\\\/www.eldiario.net\\\/portal\\\/#website\",\"url\":\"https:\\\/\\\/www.eldiario.net\\\/portal\\\/\",\"name\":\"El Diario - Decano de la prensa nacional\",\"description\":\"El Diario - Decano de la prensa nacional\",\"publisher\":{\"@id\":\"https:\\\/\\\/www.eldiario.net\\\/portal\\\/#organization\"},\"potentialAction\":[{\"@type\":\"SearchAction\",\"target\":{\"@type\":\"EntryPoint\",\"urlTemplate\":\"https:\\\/\\\/www.eldiario.net\\\/portal\\\/?s={search_term_string}\"},\"query-input\":{\"@type\":\"PropertyValueSpecification\",\"valueRequired\":true,\"valueName\":\"search_term_string\"}}],\"inLanguage\":\"es\"},{\"@type\":\"Organization\",\"@id\":\"https:\\\/\\\/www.eldiario.net\\\/portal\\\/#organization\",\"name\":\"El Diario - Decano de la prensa nacional\",\"url\":\"https:\\\/\\\/www.eldiario.net\\\/portal\\\/\",\"logo\":{\"@type\":\"ImageObject\",\"inLanguage\":\"es\",\"@id\":\"https:\\\/\\\/www.eldiario.net\\\/portal\\\/#\\\/schema\\\/logo\\\/image\\\/\",\"url\":\"https:\\\/\\\/www.eldiario.net\\\/portal\\\/wp-content\\\/uploads\\\/2023\\\/07\\\/logo_ED.jpg\",\"contentUrl\":\"https:\\\/\\\/www.eldiario.net\\\/portal\\\/wp-content\\\/uploads\\\/2023\\\/07\\\/logo_ED.jpg\",\"width\":272,\"height\":52,\"caption\":\"El Diario - Decano de la prensa nacional\"},\"image\":{\"@id\":\"https:\\\/\\\/www.eldiario.net\\\/portal\\\/#\\\/schema\\\/logo\\\/image\\\/\"},\"sameAs\":[\"https:\\\/\\\/www.facebook.com\\\/eldiario.bolivia\\\/\",\"https:\\\/\\\/x.com\\\/eldiario_net\"]},{\"@type\":\"Person\",\"@id\":\"https:\\\/\\\/www.eldiario.net\\\/portal\\\/#\\\/schema\\\/person\\\/f46445640444750d7d753ccd04ae01b7\",\"name\":\"Jeanette\",\"image\":{\"@type\":\"ImageObject\",\"inLanguage\":\"es\",\"@id\":\"https:\\\/\\\/secure.gravatar.com\\\/avatar\\\/3ea2118a5f7dad2b7138b1187a6b7ee55f160b9968b66013c3a3ef39dd7e5798?s=96&d=mm&r=g\",\"url\":\"https:\\\/\\\/secure.gravatar.com\\\/avatar\\\/3ea2118a5f7dad2b7138b1187a6b7ee55f160b9968b66013c3a3ef39dd7e5798?s=96&d=mm&r=g\",\"contentUrl\":\"https:\\\/\\\/secure.gravatar.com\\\/avatar\\\/3ea2118a5f7dad2b7138b1187a6b7ee55f160b9968b66013c3a3ef39dd7e5798?s=96&d=mm&r=g\",\"caption\":\"Jeanette\"},\"sameAs\":[\"https:\\\/\\\/www.eldiario.net\\\/portal\"],\"url\":\"https:\\\/\\\/www.eldiario.net\\\/portal\\\/author\\\/jeanette\\\/\"}]}<\/script>\n<!-- \/ Yoast SEO plugin. -->","yoast_head_json":{"title":"Presidente de Brasil llegar\u00e1 acompa\u00f1ado de empresarios - El Diario - Bolivia","robots":{"index":"index","follow":"follow","max-snippet":"max-snippet:-1","max-image-preview":"max-image-preview:large","max-video-preview":"max-video-preview:-1"},"canonical":"https:\/\/www.eldiario.net\/portal\/2024\/07\/08\/presidente-de-brasil-llegara-acompanado-de-empresarios\/","og_locale":"es_ES","og_type":"article","og_title":"Presidente de Brasil llegar\u00e1 acompa\u00f1ado de empresarios - El Diario - Bolivia","og_description":"El viceministro de Relaciones Exteriores, Elmer Catarina, inform\u00f3 que el presidente de Brasil, Luiz In\u00e1cio Lula da Silva llegar\u00e1 este lunes a Santa Cruz con una comitiva de m\u00e1s de 100 empresarios, en el marco de una visita oficial a Bolivia luego de 15 a\u00f1os. \u201cEst\u00e1n llegando m\u00e1s de 100 empresarios del Brasil, se ha [&hellip;]","og_url":"https:\/\/www.eldiario.net\/portal\/2024\/07\/08\/presidente-de-brasil-llegara-acompanado-de-empresarios\/","og_site_name":"El Diario - Bolivia","article_publisher":"https:\/\/www.facebook.com\/eldiario.bolivia\/","article_published_time":"2024-07-08T10:16:46+00:00","og_image":[{"width":1280,"height":640,"url":"https:\/\/www.eldiario.net\/portal\/wp-content\/uploads\/2024\/07\/F-3-Lula-Arce.jpg","type":"image\/jpeg"}],"author":"Jeanette","twitter_card":"summary_large_image","twitter_creator":"@eldiario_net","twitter_site":"@eldiario_net","twitter_misc":{"Escrito por":"Jeanette","Tiempo de lectura":"3 minutos"},"schema":{"@context":"https:\/\/schema.org","@graph":[{"@type":"Article","@id":"https:\/\/www.eldiario.net\/portal\/2024\/07\/08\/presidente-de-brasil-llegara-acompanado-de-empresarios\/#article","isPartOf":{"@id":"https:\/\/www.eldiario.net\/portal\/2024\/07\/08\/presidente-de-brasil-llegara-acompanado-de-empresarios\/"},"author":{"name":"Jeanette","@id":"https:\/\/www.eldiario.net\/portal\/#\/schema\/person\/f46445640444750d7d753ccd04ae01b7"},"headline":"Presidente de Brasil llegar\u00e1 acompa\u00f1ado de empresarios","datePublished":"2024-07-08T10:16:46+00:00","mainEntityOfPage":{"@id":"https:\/\/www.eldiario.net\/portal\/2024\/07\/08\/presidente-de-brasil-llegara-acompanado-de-empresarios\/"},"wordCount":488,"commentCount":0,"publisher":{"@id":"https:\/\/www.eldiario.net\/portal\/#organization"},"image":{"@id":"https:\/\/www.eldiario.net\/portal\/2024\/07\/08\/presidente-de-brasil-llegara-acompanado-de-empresarios\/#primaryimage"},"thumbnailUrl":"https:\/\/www.eldiario.net\/portal\/wp-content\/uploads\/2024\/07\/F-3-Lula-Arce.jpg","articleSection":["Econom\u00eda"],"inLanguage":"es","potentialAction":[{"@type":"CommentAction","name":"Comment","target":["https:\/\/www.eldiario.net\/portal\/2024\/07\/08\/presidente-de-brasil-llegara-acompanado-de-empresarios\/#respond"]}]},{"@type":"WebPage","@id":"https:\/\/www.eldiario.net\/portal\/2024\/07\/08\/presidente-de-brasil-llegara-acompanado-de-empresarios\/","url":"https:\/\/www.eldiario.net\/portal\/2024\/07\/08\/presidente-de-brasil-llegara-acompanado-de-empresarios\/","name":"Presidente de Brasil llegar\u00e1 acompa\u00f1ado de empresarios - El Diario - Bolivia","isPartOf":{"@id":"https:\/\/www.eldiario.net\/portal\/#website"},"primaryImageOfPage":{"@id":"https:\/\/www.eldiario.net\/portal\/2024\/07\/08\/presidente-de-brasil-llegara-acompanado-de-empresarios\/#primaryimage"},"image":{"@id":"https:\/\/www.eldiario.net\/portal\/2024\/07\/08\/presidente-de-brasil-llegara-acompanado-de-empresarios\/#primaryimage"},"thumbnailUrl":"https:\/\/www.eldiario.net\/portal\/wp-content\/uploads\/2024\/07\/F-3-Lula-Arce.jpg","datePublished":"2024-07-08T10:16:46+00:00","breadcrumb":{"@id":"https:\/\/www.eldiario.net\/portal\/2024\/07\/08\/presidente-de-brasil-llegara-acompanado-de-empresarios\/#breadcrumb"},"inLanguage":"es","potentialAction":[{"@type":"ReadAction","target":["https:\/\/www.eldiario.net\/portal\/2024\/07\/08\/presidente-de-brasil-llegara-acompanado-de-empresarios\/"]}]},{"@type":"ImageObject","inLanguage":"es","@id":"https:\/\/www.eldiario.net\/portal\/2024\/07\/08\/presidente-de-brasil-llegara-acompanado-de-empresarios\/#primaryimage","url":"https:\/\/www.eldiario.net\/portal\/wp-content\/uploads\/2024\/07\/F-3-Lula-Arce.jpg","contentUrl":"https:\/\/www.eldiario.net\/portal\/wp-content\/uploads\/2024\/07\/F-3-Lula-Arce.jpg","width":1280,"height":640,"caption":"Los presidentes de Bolivia y Brasil, Arce y Da Silva."},{"@type":"BreadcrumbList","@id":"https:\/\/www.eldiario.net\/portal\/2024\/07\/08\/presidente-de-brasil-llegara-acompanado-de-empresarios\/#breadcrumb","itemListElement":[{"@type":"ListItem","position":1,"name":"Portada","item":"https:\/\/www.eldiario.net\/portal\/"},{"@type":"ListItem","position":2,"name":"Presidente de Brasil llegar\u00e1 acompa\u00f1ado de empresarios"}]},{"@type":"WebSite","@id":"https:\/\/www.eldiario.net\/portal\/#website","url":"https:\/\/www.eldiario.net\/portal\/","name":"El Diario - Decano de la prensa nacional","description":"El Diario - Decano de la prensa nacional","publisher":{"@id":"https:\/\/www.eldiario.net\/portal\/#organization"},"potentialAction":[{"@type":"SearchAction","target":{"@type":"EntryPoint","urlTemplate":"https:\/\/www.eldiario.net\/portal\/?s={search_term_string}"},"query-input":{"@type":"PropertyValueSpecification","valueRequired":true,"valueName":"search_term_string"}}],"inLanguage":"es"},{"@type":"Organization","@id":"https:\/\/www.eldiario.net\/portal\/#organization","name":"El Diario - Decano de la prensa nacional","url":"https:\/\/www.eldiario.net\/portal\/","logo":{"@type":"ImageObject","inLanguage":"es","@id":"https:\/\/www.eldiario.net\/portal\/#\/schema\/logo\/image\/","url":"https:\/\/www.eldiario.net\/portal\/wp-content\/uploads\/2023\/07\/logo_ED.jpg","contentUrl":"https:\/\/www.eldiario.net\/portal\/wp-content\/uploads\/2023\/07\/logo_ED.jpg","width":272,"height":52,"caption":"El Diario - Decano de la prensa nacional"},"image":{"@id":"https:\/\/www.eldiario.net\/portal\/#\/schema\/logo\/image\/"},"sameAs":["https:\/\/www.facebook.com\/eldiario.bolivia\/","https:\/\/x.com\/eldiario_net"]},{"@type":"Person","@id":"https:\/\/www.eldiario.net\/portal\/#\/schema\/person\/f46445640444750d7d753ccd04ae01b7","name":"Jeanette","image":{"@type":"ImageObject","inLanguage":"es","@id":"https:\/\/secure.gravatar.com\/avatar\/3ea2118a5f7dad2b7138b1187a6b7ee55f160b9968b66013c3a3ef39dd7e5798?s=96&d=mm&r=g","url":"https:\/\/secure.gravatar.com\/avatar\/3ea2118a5f7dad2b7138b1187a6b7ee55f160b9968b66013c3a3ef39dd7e5798?s=96&d=mm&r=g","contentUrl":"https:\/\/secure.gravatar.com\/avatar\/3ea2118a5f7dad2b7138b1187a6b7ee55f160b9968b66013c3a3ef39dd7e5798?s=96&d=mm&r=g","caption":"Jeanette"},"sameAs":["https:\/\/www.eldiario.net\/portal"],"url":"https:\/\/www.eldiario.net\/portal\/author\/jeanette\/"}]}},"_links":{"self":[{"href":"https:\/\/www.eldiario.net\/portal\/wp-json\/wp\/v2\/posts\/232602","targetHints":{"allow":["GET"]}}],"collection":[{"href":"https:\/\/www.eldiario.net\/portal\/wp-json\/wp\/v2\/posts"}],"about":[{"href":"https:\/\/www.eldiario.net\/portal\/wp-json\/wp\/v2\/types\/post"}],"author":[{"embeddable":true,"href":"https:\/\/www.eldiario.net\/portal\/wp-json\/wp\/v2\/users\/1"}],"replies":[{"embeddable":true,"href":"https:\/\/www.eldiario.net\/portal\/wp-json\/wp\/v2\/comments?post=232602"}],"version-history":[{"count":1,"href":"https:\/\/www.eldiario.net\/portal\/wp-json\/wp\/v2\/posts\/232602\/revisions"}],"predecessor-version":[{"id":232604,"href":"https:\/\/www.eldiario.net\/portal\/wp-json\/wp\/v2\/posts\/232602\/revisions\/232604"}],"wp:featuredmedia":[{"embeddable":true,"href":"https:\/\/www.eldiario.net\/portal\/wp-json\/wp\/v2\/media\/232603"}],"wp:attachment":[{"href":"https:\/\/www.eldiario.net\/portal\/wp-json\/wp\/v2\/media?parent=232602"}],"wp:term":[{"taxonomy":"category","embeddable":true,"href":"https:\/\/www.eldiario.net\/portal\/wp-json\/wp\/v2\/categories?post=232602"},{"taxonomy":"post_tag","embeddable":true,"href":"https:\/\/www.eldiario.net\/portal\/wp-json\/wp\/v2\/tags?post=232602"}],"curies":[{"name":"wp","href":"https:\/\/api.w.org\/{rel}","templated":true}]}}