{"id":232599,"date":"2024-07-08T06:16:01","date_gmt":"2024-07-08T10:16:01","guid":{"rendered":"https:\/\/www.eldiario.net\/portal\/?p=232599"},"modified":"2024-07-08T06:16:01","modified_gmt":"2024-07-08T10:16:01","slug":"destino-turistico-de-tarija-se-promociona-en-europa","status":"publish","type":"post","link":"https:\/\/www.eldiario.net\/portal\/2024\/07\/08\/destino-turistico-de-tarija-se-promociona-en-europa\/","title":{"rendered":"Destino tur\u00edstico de Tarija se promociona en Europa"},"content":{"rendered":"<p>La Fiesta Grande de San Roque, la Ruta del Vino y Singani de Altura son los atractivos incorporados en los paquetes tur\u00edsticos ofertados por al menos 20 empresas asociadas a la industria \u201csin chimeneas\u201d.<br \/>\nLuz Bleidin Fula Londono, de Sudam\u00e9rica Tours, afirma que trabajan en la promoci\u00f3n del destino de Tarija para que sea conocida en Europa y as\u00ed se pueda lograr el arribo de m\u00e1s turistas de B\u00e9lgica y otros pa\u00edses de Europa.<br \/>\nSeg\u00fan Fula Londono, Argentina y Chile son los m\u00e1s conocidos y Bolivia est\u00e1 por detr\u00e1s, pero como especialistas en turismo venden con \u00e9nfasis para despertar el inter\u00e9s de los turistas.<br \/>\nLa jefa de la Unidad de Turismo de la Alcald\u00eda de la ciudad de Tarija y provincia Cercado, Valeria Ortiz, resalta el apoyo de las operadoras de B\u00e9lgica y Luxemburgo en la promoci\u00f3n de los atractivos tur\u00edsticos, como la Ruta del Vino, la Fiesta de San Roque y la campi\u00f1a tarije\u00f1a.<br \/>\nEn su opini\u00f3n, se puede lograr un crecimiento en la llegada de visitantes en el presente a\u00f1o.<br \/>\n\u201cTras la pospandemia, estamos creciendo en un 25% con el arribo de turistas y esperamos seguir con ese ritmo. Por eso estamos promocionando paquetes tur\u00edsticos 2&#215;1 en un esfuerzo para desestacionalizar el turismo en Tarija en esta \u00e9poca de invierno\u201d, asevera Ortiz.<br \/>\nEl coordinador del Comit\u00e9 de Festejos de la Fiesta de San Roque, Omar Flores, es optimista sobre el arribo de m\u00e1s turistas del exterior del pa\u00eds que permitir\u00e1 movimiento econ\u00f3mico y la generaci\u00f3n de empleos.<br \/>\nFlores indica que los operadores de turismo de B\u00e9lgica y Luxemburgo se llevaron v\u00eddeos, fotograf\u00edas y testimonios para ayudar en la promoci\u00f3n de esta festividad religiosa y otros atractivos tur\u00edsticos.<br \/>\n\u201cQuedaron impactados por el recibimiento de la gente que ha sido espont\u00e1nea; degustaron nuestros tamales, las empanadas blancas y la aloja, conocieron tambi\u00e9n la historia de San Roque y les llam\u00f3 la atenci\u00f3n nuestra riqueza cultural\u201d, mencion\u00f3.<br \/>\nCon el apoyo del Viceministerio de Turismo y la C\u00e1mara Boliviana de Turismo (Cabotur), las operadoras de turismo de ambos pa\u00edses llegaron a suelo tarije\u00f1o.<br \/>\nLa delegaci\u00f3n europea inici\u00f3 su periplo por el ecoparque La Rinconada (Santa Cruz) y luego visitaron el Salar de Uyuni (Potos\u00ed), Tiwanaku y el Camino de la Muerte (La Paz). (Tarija Econom\u00eda)<\/p>\n","protected":false},"excerpt":{"rendered":"<p>La Fiesta Grande de San Roque, la Ruta del Vino y Singani de Altura son los atractivos incorporados en los paquetes tur\u00edsticos ofertados por al menos 20 empresas asociadas a la industria \u201csin chimeneas\u201d. Luz Bleidin Fula Londono, de Sudam\u00e9rica Tours, afirma que trabajan en la promoci\u00f3n del destino de Tarija para que sea conocida [&hellip;]<\/p>\n","protected":false},"author":1,"featured_media":232600,"comment_status":"open","ping_status":"open","sticky":false,"template":"","format":"standard","meta":{"_acf_changed":false,"footnotes":""},"categories":[7],"tags":[],"class_list":["post-232599","post","type-post","status-publish","format-standard","has-post-thumbnail","category-economia"],"acf":{"antetitulo":"Con operadoras de B\u00e9lgica y Luxemburgo"},"yoast_head":"<!-- This site is optimized with the Yoast SEO plugin v28.3 - https:\/\/yoast.com\/product\/yoast-seo-wordpress\/ -->\n<title>Destino tur\u00edstico de Tarija se promociona en Europa - El Diario - Bolivia<\/title>\n<meta name=\"robots\" content=\"index, follow, max-snippet:-1, max-image-preview:large, max-video-preview:-1\" \/>\n<link rel=\"canonical\" href=\"https:\/\/www.eldiario.net\/portal\/2024\/07\/08\/destino-turistico-de-tarija-se-promociona-en-europa\/\" \/>\n<meta property=\"og:locale\" content=\"es_ES\" \/>\n<meta property=\"og:type\" content=\"article\" \/>\n<meta property=\"og:title\" content=\"Destino tur\u00edstico de Tarija se promociona en Europa - El Diario - Bolivia\" \/>\n<meta property=\"og:description\" content=\"La Fiesta Grande de San Roque, la Ruta del Vino y Singani de Altura son los atractivos incorporados en los paquetes tur\u00edsticos ofertados por al menos 20 empresas asociadas a la industria \u201csin chimeneas\u201d. Luz Bleidin Fula Londono, de Sudam\u00e9rica Tours, afirma que trabajan en la promoci\u00f3n del destino de Tarija para que sea conocida [&hellip;]\" \/>\n<meta property=\"og:url\" content=\"https:\/\/www.eldiario.net\/portal\/2024\/07\/08\/destino-turistico-de-tarija-se-promociona-en-europa\/\" \/>\n<meta property=\"og:site_name\" content=\"El Diario - Bolivia\" \/>\n<meta property=\"article:publisher\" content=\"https:\/\/www.facebook.com\/eldiario.bolivia\/\" \/>\n<meta property=\"article:published_time\" content=\"2024-07-08T10:16:01+00:00\" \/>\n<meta property=\"og:image\" content=\"https:\/\/www.eldiario.net\/portal\/wp-content\/uploads\/2024\/07\/F-4-eco.jpg\" \/>\n\t<meta property=\"og:image:width\" content=\"1200\" \/>\n\t<meta property=\"og:image:height\" content=\"800\" \/>\n\t<meta property=\"og:image:type\" content=\"image\/jpeg\" \/>\n<meta name=\"author\" content=\"Jeanette\" \/>\n<meta name=\"twitter:card\" content=\"summary_large_image\" \/>\n<meta name=\"twitter:creator\" content=\"@eldiario_net\" \/>\n<meta name=\"twitter:site\" content=\"@eldiario_net\" \/>\n<meta name=\"twitter:label1\" content=\"Escrito por\" \/>\n\t<meta name=\"twitter:data1\" content=\"Jeanette\" \/>\n\t<meta name=\"twitter:label2\" content=\"Tiempo de lectura\" \/>\n\t<meta name=\"twitter:data2\" content=\"2 minutos\" \/>\n<script type=\"application\/ld+json\" class=\"yoast-schema-graph\">{\"@context\":\"https:\\\/\\\/schema.org\",\"@graph\":[{\"@type\":\"Article\",\"@id\":\"https:\\\/\\\/www.eldiario.net\\\/portal\\\/2024\\\/07\\\/08\\\/destino-turistico-de-tarija-se-promociona-en-europa\\\/#article\",\"isPartOf\":{\"@id\":\"https:\\\/\\\/www.eldiario.net\\\/portal\\\/2024\\\/07\\\/08\\\/destino-turistico-de-tarija-se-promociona-en-europa\\\/\"},\"author\":{\"name\":\"Jeanette\",\"@id\":\"https:\\\/\\\/www.eldiario.net\\\/portal\\\/#\\\/schema\\\/person\\\/f46445640444750d7d753ccd04ae01b7\"},\"headline\":\"Destino tur\u00edstico de Tarija se promociona en Europa\",\"datePublished\":\"2024-07-08T10:16:01+00:00\",\"mainEntityOfPage\":{\"@id\":\"https:\\\/\\\/www.eldiario.net\\\/portal\\\/2024\\\/07\\\/08\\\/destino-turistico-de-tarija-se-promociona-en-europa\\\/\"},\"wordCount\":416,\"commentCount\":0,\"publisher\":{\"@id\":\"https:\\\/\\\/www.eldiario.net\\\/portal\\\/#organization\"},\"image\":{\"@id\":\"https:\\\/\\\/www.eldiario.net\\\/portal\\\/2024\\\/07\\\/08\\\/destino-turistico-de-tarija-se-promociona-en-europa\\\/#primaryimage\"},\"thumbnailUrl\":\"https:\\\/\\\/www.eldiario.net\\\/portal\\\/wp-content\\\/uploads\\\/2024\\\/07\\\/F-4-eco.jpg\",\"articleSection\":[\"Econom\u00eda\"],\"inLanguage\":\"es\",\"potentialAction\":[{\"@type\":\"CommentAction\",\"name\":\"Comment\",\"target\":[\"https:\\\/\\\/www.eldiario.net\\\/portal\\\/2024\\\/07\\\/08\\\/destino-turistico-de-tarija-se-promociona-en-europa\\\/#respond\"]}]},{\"@type\":\"WebPage\",\"@id\":\"https:\\\/\\\/www.eldiario.net\\\/portal\\\/2024\\\/07\\\/08\\\/destino-turistico-de-tarija-se-promociona-en-europa\\\/\",\"url\":\"https:\\\/\\\/www.eldiario.net\\\/portal\\\/2024\\\/07\\\/08\\\/destino-turistico-de-tarija-se-promociona-en-europa\\\/\",\"name\":\"Destino tur\u00edstico de Tarija se promociona en Europa - El Diario - Bolivia\",\"isPartOf\":{\"@id\":\"https:\\\/\\\/www.eldiario.net\\\/portal\\\/#website\"},\"primaryImageOfPage\":{\"@id\":\"https:\\\/\\\/www.eldiario.net\\\/portal\\\/2024\\\/07\\\/08\\\/destino-turistico-de-tarija-se-promociona-en-europa\\\/#primaryimage\"},\"image\":{\"@id\":\"https:\\\/\\\/www.eldiario.net\\\/portal\\\/2024\\\/07\\\/08\\\/destino-turistico-de-tarija-se-promociona-en-europa\\\/#primaryimage\"},\"thumbnailUrl\":\"https:\\\/\\\/www.eldiario.net\\\/portal\\\/wp-content\\\/uploads\\\/2024\\\/07\\\/F-4-eco.jpg\",\"datePublished\":\"2024-07-08T10:16:01+00:00\",\"breadcrumb\":{\"@id\":\"https:\\\/\\\/www.eldiario.net\\\/portal\\\/2024\\\/07\\\/08\\\/destino-turistico-de-tarija-se-promociona-en-europa\\\/#breadcrumb\"},\"inLanguage\":\"es\",\"potentialAction\":[{\"@type\":\"ReadAction\",\"target\":[\"https:\\\/\\\/www.eldiario.net\\\/portal\\\/2024\\\/07\\\/08\\\/destino-turistico-de-tarija-se-promociona-en-europa\\\/\"]}]},{\"@type\":\"ImageObject\",\"inLanguage\":\"es\",\"@id\":\"https:\\\/\\\/www.eldiario.net\\\/portal\\\/2024\\\/07\\\/08\\\/destino-turistico-de-tarija-se-promociona-en-europa\\\/#primaryimage\",\"url\":\"https:\\\/\\\/www.eldiario.net\\\/portal\\\/wp-content\\\/uploads\\\/2024\\\/07\\\/F-4-eco.jpg\",\"contentUrl\":\"https:\\\/\\\/www.eldiario.net\\\/portal\\\/wp-content\\\/uploads\\\/2024\\\/07\\\/F-4-eco.jpg\",\"width\":1200,\"height\":800,\"caption\":\"Danzarines de la Fiesta de San Roque, en Tarija.\"},{\"@type\":\"BreadcrumbList\",\"@id\":\"https:\\\/\\\/www.eldiario.net\\\/portal\\\/2024\\\/07\\\/08\\\/destino-turistico-de-tarija-se-promociona-en-europa\\\/#breadcrumb\",\"itemListElement\":[{\"@type\":\"ListItem\",\"position\":1,\"name\":\"Portada\",\"item\":\"https:\\\/\\\/www.eldiario.net\\\/portal\\\/\"},{\"@type\":\"ListItem\",\"position\":2,\"name\":\"Destino tur\u00edstico de Tarija se promociona en Europa\"}]},{\"@type\":\"WebSite\",\"@id\":\"https:\\\/\\\/www.eldiario.net\\\/portal\\\/#website\",\"url\":\"https:\\\/\\\/www.eldiario.net\\\/portal\\\/\",\"name\":\"El Diario - Decano de la prensa nacional\",\"description\":\"El Diario - Decano de la prensa nacional\",\"publisher\":{\"@id\":\"https:\\\/\\\/www.eldiario.net\\\/portal\\\/#organization\"},\"potentialAction\":[{\"@type\":\"SearchAction\",\"target\":{\"@type\":\"EntryPoint\",\"urlTemplate\":\"https:\\\/\\\/www.eldiario.net\\\/portal\\\/?s={search_term_string}\"},\"query-input\":{\"@type\":\"PropertyValueSpecification\",\"valueRequired\":true,\"valueName\":\"search_term_string\"}}],\"inLanguage\":\"es\"},{\"@type\":\"Organization\",\"@id\":\"https:\\\/\\\/www.eldiario.net\\\/portal\\\/#organization\",\"name\":\"El Diario - Decano de la prensa nacional\",\"url\":\"https:\\\/\\\/www.eldiario.net\\\/portal\\\/\",\"logo\":{\"@type\":\"ImageObject\",\"inLanguage\":\"es\",\"@id\":\"https:\\\/\\\/www.eldiario.net\\\/portal\\\/#\\\/schema\\\/logo\\\/image\\\/\",\"url\":\"https:\\\/\\\/www.eldiario.net\\\/portal\\\/wp-content\\\/uploads\\\/2023\\\/07\\\/logo_ED.jpg\",\"contentUrl\":\"https:\\\/\\\/www.eldiario.net\\\/portal\\\/wp-content\\\/uploads\\\/2023\\\/07\\\/logo_ED.jpg\",\"width\":272,\"height\":52,\"caption\":\"El Diario - Decano de la prensa nacional\"},\"image\":{\"@id\":\"https:\\\/\\\/www.eldiario.net\\\/portal\\\/#\\\/schema\\\/logo\\\/image\\\/\"},\"sameAs\":[\"https:\\\/\\\/www.facebook.com\\\/eldiario.bolivia\\\/\",\"https:\\\/\\\/x.com\\\/eldiario_net\"]},{\"@type\":\"Person\",\"@id\":\"https:\\\/\\\/www.eldiario.net\\\/portal\\\/#\\\/schema\\\/person\\\/f46445640444750d7d753ccd04ae01b7\",\"name\":\"Jeanette\",\"image\":{\"@type\":\"ImageObject\",\"inLanguage\":\"es\",\"@id\":\"https:\\\/\\\/secure.gravatar.com\\\/avatar\\\/3ea2118a5f7dad2b7138b1187a6b7ee55f160b9968b66013c3a3ef39dd7e5798?s=96&d=mm&r=g\",\"url\":\"https:\\\/\\\/secure.gravatar.com\\\/avatar\\\/3ea2118a5f7dad2b7138b1187a6b7ee55f160b9968b66013c3a3ef39dd7e5798?s=96&d=mm&r=g\",\"contentUrl\":\"https:\\\/\\\/secure.gravatar.com\\\/avatar\\\/3ea2118a5f7dad2b7138b1187a6b7ee55f160b9968b66013c3a3ef39dd7e5798?s=96&d=mm&r=g\",\"caption\":\"Jeanette\"},\"sameAs\":[\"https:\\\/\\\/www.eldiario.net\\\/portal\"],\"url\":\"https:\\\/\\\/www.eldiario.net\\\/portal\\\/author\\\/jeanette\\\/\"}]}<\/script>\n<!-- \/ Yoast SEO plugin. -->","yoast_head_json":{"title":"Destino tur\u00edstico de Tarija se promociona en Europa - El Diario - Bolivia","robots":{"index":"index","follow":"follow","max-snippet":"max-snippet:-1","max-image-preview":"max-image-preview:large","max-video-preview":"max-video-preview:-1"},"canonical":"https:\/\/www.eldiario.net\/portal\/2024\/07\/08\/destino-turistico-de-tarija-se-promociona-en-europa\/","og_locale":"es_ES","og_type":"article","og_title":"Destino tur\u00edstico de Tarija se promociona en Europa - El Diario - Bolivia","og_description":"La Fiesta Grande de San Roque, la Ruta del Vino y Singani de Altura son los atractivos incorporados en los paquetes tur\u00edsticos ofertados por al menos 20 empresas asociadas a la industria \u201csin chimeneas\u201d. Luz Bleidin Fula Londono, de Sudam\u00e9rica Tours, afirma que trabajan en la promoci\u00f3n del destino de Tarija para que sea conocida [&hellip;]","og_url":"https:\/\/www.eldiario.net\/portal\/2024\/07\/08\/destino-turistico-de-tarija-se-promociona-en-europa\/","og_site_name":"El Diario - Bolivia","article_publisher":"https:\/\/www.facebook.com\/eldiario.bolivia\/","article_published_time":"2024-07-08T10:16:01+00:00","og_image":[{"width":1200,"height":800,"url":"https:\/\/www.eldiario.net\/portal\/wp-content\/uploads\/2024\/07\/F-4-eco.jpg","type":"image\/jpeg"}],"author":"Jeanette","twitter_card":"summary_large_image","twitter_creator":"@eldiario_net","twitter_site":"@eldiario_net","twitter_misc":{"Escrito por":"Jeanette","Tiempo de lectura":"2 minutos"},"schema":{"@context":"https:\/\/schema.org","@graph":[{"@type":"Article","@id":"https:\/\/www.eldiario.net\/portal\/2024\/07\/08\/destino-turistico-de-tarija-se-promociona-en-europa\/#article","isPartOf":{"@id":"https:\/\/www.eldiario.net\/portal\/2024\/07\/08\/destino-turistico-de-tarija-se-promociona-en-europa\/"},"author":{"name":"Jeanette","@id":"https:\/\/www.eldiario.net\/portal\/#\/schema\/person\/f46445640444750d7d753ccd04ae01b7"},"headline":"Destino tur\u00edstico de Tarija se promociona en Europa","datePublished":"2024-07-08T10:16:01+00:00","mainEntityOfPage":{"@id":"https:\/\/www.eldiario.net\/portal\/2024\/07\/08\/destino-turistico-de-tarija-se-promociona-en-europa\/"},"wordCount":416,"commentCount":0,"publisher":{"@id":"https:\/\/www.eldiario.net\/portal\/#organization"},"image":{"@id":"https:\/\/www.eldiario.net\/portal\/2024\/07\/08\/destino-turistico-de-tarija-se-promociona-en-europa\/#primaryimage"},"thumbnailUrl":"https:\/\/www.eldiario.net\/portal\/wp-content\/uploads\/2024\/07\/F-4-eco.jpg","articleSection":["Econom\u00eda"],"inLanguage":"es","potentialAction":[{"@type":"CommentAction","name":"Comment","target":["https:\/\/www.eldiario.net\/portal\/2024\/07\/08\/destino-turistico-de-tarija-se-promociona-en-europa\/#respond"]}]},{"@type":"WebPage","@id":"https:\/\/www.eldiario.net\/portal\/2024\/07\/08\/destino-turistico-de-tarija-se-promociona-en-europa\/","url":"https:\/\/www.eldiario.net\/portal\/2024\/07\/08\/destino-turistico-de-tarija-se-promociona-en-europa\/","name":"Destino tur\u00edstico de Tarija se promociona en Europa - El Diario - Bolivia","isPartOf":{"@id":"https:\/\/www.eldiario.net\/portal\/#website"},"primaryImageOfPage":{"@id":"https:\/\/www.eldiario.net\/portal\/2024\/07\/08\/destino-turistico-de-tarija-se-promociona-en-europa\/#primaryimage"},"image":{"@id":"https:\/\/www.eldiario.net\/portal\/2024\/07\/08\/destino-turistico-de-tarija-se-promociona-en-europa\/#primaryimage"},"thumbnailUrl":"https:\/\/www.eldiario.net\/portal\/wp-content\/uploads\/2024\/07\/F-4-eco.jpg","datePublished":"2024-07-08T10:16:01+00:00","breadcrumb":{"@id":"https:\/\/www.eldiario.net\/portal\/2024\/07\/08\/destino-turistico-de-tarija-se-promociona-en-europa\/#breadcrumb"},"inLanguage":"es","potentialAction":[{"@type":"ReadAction","target":["https:\/\/www.eldiario.net\/portal\/2024\/07\/08\/destino-turistico-de-tarija-se-promociona-en-europa\/"]}]},{"@type":"ImageObject","inLanguage":"es","@id":"https:\/\/www.eldiario.net\/portal\/2024\/07\/08\/destino-turistico-de-tarija-se-promociona-en-europa\/#primaryimage","url":"https:\/\/www.eldiario.net\/portal\/wp-content\/uploads\/2024\/07\/F-4-eco.jpg","contentUrl":"https:\/\/www.eldiario.net\/portal\/wp-content\/uploads\/2024\/07\/F-4-eco.jpg","width":1200,"height":800,"caption":"Danzarines de la Fiesta de San Roque, en Tarija."},{"@type":"BreadcrumbList","@id":"https:\/\/www.eldiario.net\/portal\/2024\/07\/08\/destino-turistico-de-tarija-se-promociona-en-europa\/#breadcrumb","itemListElement":[{"@type":"ListItem","position":1,"name":"Portada","item":"https:\/\/www.eldiario.net\/portal\/"},{"@type":"ListItem","position":2,"name":"Destino tur\u00edstico de Tarija se promociona en Europa"}]},{"@type":"WebSite","@id":"https:\/\/www.eldiario.net\/portal\/#website","url":"https:\/\/www.eldiario.net\/portal\/","name":"El Diario - Decano de la prensa nacional","description":"El Diario - Decano de la prensa nacional","publisher":{"@id":"https:\/\/www.eldiario.net\/portal\/#organization"},"potentialAction":[{"@type":"SearchAction","target":{"@type":"EntryPoint","urlTemplate":"https:\/\/www.eldiario.net\/portal\/?s={search_term_string}"},"query-input":{"@type":"PropertyValueSpecification","valueRequired":true,"valueName":"search_term_string"}}],"inLanguage":"es"},{"@type":"Organization","@id":"https:\/\/www.eldiario.net\/portal\/#organization","name":"El Diario - Decano de la prensa nacional","url":"https:\/\/www.eldiario.net\/portal\/","logo":{"@type":"ImageObject","inLanguage":"es","@id":"https:\/\/www.eldiario.net\/portal\/#\/schema\/logo\/image\/","url":"https:\/\/www.eldiario.net\/portal\/wp-content\/uploads\/2023\/07\/logo_ED.jpg","contentUrl":"https:\/\/www.eldiario.net\/portal\/wp-content\/uploads\/2023\/07\/logo_ED.jpg","width":272,"height":52,"caption":"El Diario - Decano de la prensa nacional"},"image":{"@id":"https:\/\/www.eldiario.net\/portal\/#\/schema\/logo\/image\/"},"sameAs":["https:\/\/www.facebook.com\/eldiario.bolivia\/","https:\/\/x.com\/eldiario_net"]},{"@type":"Person","@id":"https:\/\/www.eldiario.net\/portal\/#\/schema\/person\/f46445640444750d7d753ccd04ae01b7","name":"Jeanette","image":{"@type":"ImageObject","inLanguage":"es","@id":"https:\/\/secure.gravatar.com\/avatar\/3ea2118a5f7dad2b7138b1187a6b7ee55f160b9968b66013c3a3ef39dd7e5798?s=96&d=mm&r=g","url":"https:\/\/secure.gravatar.com\/avatar\/3ea2118a5f7dad2b7138b1187a6b7ee55f160b9968b66013c3a3ef39dd7e5798?s=96&d=mm&r=g","contentUrl":"https:\/\/secure.gravatar.com\/avatar\/3ea2118a5f7dad2b7138b1187a6b7ee55f160b9968b66013c3a3ef39dd7e5798?s=96&d=mm&r=g","caption":"Jeanette"},"sameAs":["https:\/\/www.eldiario.net\/portal"],"url":"https:\/\/www.eldiario.net\/portal\/author\/jeanette\/"}]}},"_links":{"self":[{"href":"https:\/\/www.eldiario.net\/portal\/wp-json\/wp\/v2\/posts\/232599","targetHints":{"allow":["GET"]}}],"collection":[{"href":"https:\/\/www.eldiario.net\/portal\/wp-json\/wp\/v2\/posts"}],"about":[{"href":"https:\/\/www.eldiario.net\/portal\/wp-json\/wp\/v2\/types\/post"}],"author":[{"embeddable":true,"href":"https:\/\/www.eldiario.net\/portal\/wp-json\/wp\/v2\/users\/1"}],"replies":[{"embeddable":true,"href":"https:\/\/www.eldiario.net\/portal\/wp-json\/wp\/v2\/comments?post=232599"}],"version-history":[{"count":1,"href":"https:\/\/www.eldiario.net\/portal\/wp-json\/wp\/v2\/posts\/232599\/revisions"}],"predecessor-version":[{"id":232601,"href":"https:\/\/www.eldiario.net\/portal\/wp-json\/wp\/v2\/posts\/232599\/revisions\/232601"}],"wp:featuredmedia":[{"embeddable":true,"href":"https:\/\/www.eldiario.net\/portal\/wp-json\/wp\/v2\/media\/232600"}],"wp:attachment":[{"href":"https:\/\/www.eldiario.net\/portal\/wp-json\/wp\/v2\/media?parent=232599"}],"wp:term":[{"taxonomy":"category","embeddable":true,"href":"https:\/\/www.eldiario.net\/portal\/wp-json\/wp\/v2\/categories?post=232599"},{"taxonomy":"post_tag","embeddable":true,"href":"https:\/\/www.eldiario.net\/portal\/wp-json\/wp\/v2\/tags?post=232599"}],"curies":[{"name":"wp","href":"https:\/\/api.w.org\/{rel}","templated":true}]}}