{"id":232593,"date":"2024-07-08T06:14:17","date_gmt":"2024-07-08T10:14:17","guid":{"rendered":"https:\/\/www.eldiario.net\/portal\/?p=232593"},"modified":"2024-07-08T06:14:17","modified_gmt":"2024-07-08T10:14:17","slug":"nacionalismo-boliviano-2","status":"publish","type":"post","link":"https:\/\/www.eldiario.net\/portal\/2024\/07\/08\/nacionalismo-boliviano-2\/","title":{"rendered":"Nacionalismo boliviano"},"content":{"rendered":"<p>La situaci\u00f3n del pa\u00eds es actualmente cr\u00edtica, la econom\u00eda est\u00e1 cada vez peor, la inseguridad ciudadana est\u00e1 a la orden del d\u00eda, la institucionalidad es nula y se est\u00e1 atentado en contra de la integridad de la naci\u00f3n boliviana. El responsable es el MAS y su nefasto modelo econ\u00f3mico, es necesario terminar con el despilfarro y las pol\u00edticas socialistas, en caso contrario la situaci\u00f3n solo empeorar\u00e1.<br \/>\nUna de las primeras cosas que hizo el MAS fue fundar el Estado \u201cPlurinacional\u201d, destrozando de esta forma a la naci\u00f3n boliviana y atentado en contra de su unidad. Para el MAS, Bolivia no existe como naci\u00f3n, creando de esta forma una divisi\u00f3n muy profunda, la cual tuvo su momento m\u00e1s cr\u00edtico en los enfrentamientos de 2019. En toda su gesti\u00f3n el MAS no ha hecho m\u00e1s que dividir a Bolivia, enfrentar a las regiones y ser el art\u00edfice de un Estado fallido.<br \/>\nBolivia, como todo pa\u00eds, tiene diferentes regiones, creencias y costumbres, sin embargo, todas ellas conforman el total de la naci\u00f3n boliviana. Una naci\u00f3n siempre tendr\u00e1 sus diferencias con base en sus regiones o costumbres, pero son \u00e9stas las que deben ser un factor de unidad. La naci\u00f3n boliviana nace a partir del mestizaje, que es la base de identidad de todos los pa\u00edses latinoamericanos. Han pasado siglos desde el inicio del mestizaje, tiempo suficiente para que se cree una naci\u00f3n con identidad propia. Una naci\u00f3n que tiene las herencias del mestizaje y que ha podido con el paso del tiempo adoptar y formar sus propias creencias y costumbres, pasando a convertirse en lo que es hoy Bolivia.<br \/>\nHay diferencias en nuestro pa\u00eds, pero eso es algo com\u00fan y, como dije, deben ser un factor de unidad que permita mostrar la plenitud de Bolivia. Sumado a esto, nuestro pa\u00eds decidi\u00f3 ser por su cuenta lo que es, decidimos no anexarnos ni a lo que hoy son Per\u00fa o Argentina. Decidimos crear Bolivia, por lo que la voluntad de formar a la naci\u00f3n boliviana siempre estuvo presente.<br \/>\nA lo largo de la historia, la naci\u00f3n boliviana nunca pudo consolidarse, el momento clave fue con el fin de la guerra del Chaco, cuando los bolivianos empezaron a buscar formar una naci\u00f3n, lo que se tradujo en la revoluci\u00f3n de abril de 1952. La revoluci\u00f3n era necesaria y estuvimos en un momento clave en nuestra historia, para por fin consolidar a la naci\u00f3n boliviana. Sin embargo, el MNR fall\u00f3 en su rol hist\u00f3rico y la revoluci\u00f3n no pudo consolidar a la naci\u00f3n boliviana, generando en su lugar una \u00e9poca de violencia, represi\u00f3n y caos. Lo positivo es que la revoluci\u00f3n puso los primeros cimientos para empezar a pensar en una nueva Bolivia, una que sea capaz de consolidar a la naci\u00f3n y de la que todos sus habitantes puedan formar parte.<br \/>\nCreo que los cimientos que fueron puestos con la revoluci\u00f3n del 52 ya est\u00e1n lo suficientemente fuertes para que empecemos a impulsar el nacionalismo boliviano. Desgraciadamente, con la llegada del MAS al poder, se destruy\u00f3 la idea de naci\u00f3n boliviana y se pas\u00f3 a optar por la idea de plurinacionalidad, algo que no tiene cabida en nuestro pa\u00eds. Esta idea podr\u00eda encajar en pa\u00edses europeos que han sufrido migraciones masivas, donde la identidad nacional y costumbres \u201ct\u00edpicas\u201d se van perdiendo cada vez m\u00e1s. Por ejemplo, en Europa la cultura del islam, la migraci\u00f3n de medio oriente y africana y el concepto de ciudadan\u00eda europea, han pasado a desgastar la idea de naci\u00f3n. Es l\u00f3gico, hay m\u00faltiples culturas que son realmente diversas y son producto principalmente de la migraci\u00f3n. En el caso de Bolivia esto no es as\u00ed, la naci\u00f3n nace con base en el mestizaje iniciado siglos atr\u00e1s. De igual forma nuestro pa\u00eds tiene una religi\u00f3n que es compartida por la gran mayor\u00eda de la poblaci\u00f3n, como es el cristianismo.<br \/>\nEstamos en el momento id\u00f3neo para consolidar a la naci\u00f3n boliviana, terminar de una vez por todas con las divisiones y la rid\u00edcula idea de plurinacionalidad. Todos somos bolivianos y es ahora cuando debemos impulsar la unidad nacional y la consolidaci\u00f3n final de Bolivia como naci\u00f3n.<\/p>\n","protected":false},"excerpt":{"rendered":"<p>La situaci\u00f3n del pa\u00eds es actualmente cr\u00edtica, la econom\u00eda est\u00e1 cada vez peor, la inseguridad ciudadana est\u00e1 a la orden del d\u00eda, la institucionalidad es nula y se est\u00e1 atentado en contra de la integridad de la naci\u00f3n boliviana. El responsable es el MAS y su nefasto modelo econ\u00f3mico, es necesario terminar con el despilfarro [&hellip;]<\/p>\n","protected":false},"author":1,"featured_media":161834,"comment_status":"open","ping_status":"open","sticky":false,"template":"","format":"standard","meta":{"_acf_changed":false,"footnotes":""},"categories":[9],"tags":[],"class_list":["post-232593","post","type-post","status-publish","format-standard","has-post-thumbnail","category-opinion"],"acf":{"antetitulo":""},"yoast_head":"<!-- This site is optimized with the Yoast SEO plugin v28.3 - https:\/\/yoast.com\/product\/yoast-seo-wordpress\/ -->\n<title>Nacionalismo boliviano - El Diario - Bolivia<\/title>\n<meta name=\"robots\" content=\"index, follow, max-snippet:-1, max-image-preview:large, max-video-preview:-1\" \/>\n<link rel=\"canonical\" href=\"https:\/\/www.eldiario.net\/portal\/2024\/07\/08\/nacionalismo-boliviano-2\/\" \/>\n<meta property=\"og:locale\" content=\"es_ES\" \/>\n<meta property=\"og:type\" content=\"article\" \/>\n<meta property=\"og:title\" content=\"Nacionalismo boliviano - El Diario - Bolivia\" \/>\n<meta property=\"og:description\" content=\"La situaci\u00f3n del pa\u00eds es actualmente cr\u00edtica, la econom\u00eda est\u00e1 cada vez peor, la inseguridad ciudadana est\u00e1 a la orden del d\u00eda, la institucionalidad es nula y se est\u00e1 atentado en contra de la integridad de la naci\u00f3n boliviana. El responsable es el MAS y su nefasto modelo econ\u00f3mico, es necesario terminar con el despilfarro [&hellip;]\" \/>\n<meta property=\"og:url\" content=\"https:\/\/www.eldiario.net\/portal\/2024\/07\/08\/nacionalismo-boliviano-2\/\" \/>\n<meta property=\"og:site_name\" content=\"El Diario - Bolivia\" \/>\n<meta property=\"article:publisher\" content=\"https:\/\/www.facebook.com\/eldiario.bolivia\/\" \/>\n<meta property=\"article:published_time\" content=\"2024-07-08T10:14:17+00:00\" \/>\n<meta property=\"og:image\" content=\"https:\/\/www.eldiario.net\/portal\/wp-content\/uploads\/2023\/06\/Fabian-Freire.jpg\" \/>\n\t<meta property=\"og:image:width\" content=\"1200\" \/>\n\t<meta property=\"og:image:height\" content=\"628\" \/>\n\t<meta property=\"og:image:type\" content=\"image\/jpeg\" \/>\n<meta name=\"author\" content=\"Jeanette\" \/>\n<meta name=\"twitter:card\" content=\"summary_large_image\" \/>\n<meta name=\"twitter:creator\" content=\"@eldiario_net\" \/>\n<meta name=\"twitter:site\" content=\"@eldiario_net\" \/>\n<meta name=\"twitter:label1\" content=\"Escrito por\" \/>\n\t<meta name=\"twitter:data1\" content=\"Jeanette\" \/>\n\t<meta name=\"twitter:label2\" content=\"Tiempo de lectura\" \/>\n\t<meta name=\"twitter:data2\" content=\"4 minutos\" \/>\n<script type=\"application\/ld+json\" class=\"yoast-schema-graph\">{\"@context\":\"https:\\\/\\\/schema.org\",\"@graph\":[{\"@type\":\"Article\",\"@id\":\"https:\\\/\\\/www.eldiario.net\\\/portal\\\/2024\\\/07\\\/08\\\/nacionalismo-boliviano-2\\\/#article\",\"isPartOf\":{\"@id\":\"https:\\\/\\\/www.eldiario.net\\\/portal\\\/2024\\\/07\\\/08\\\/nacionalismo-boliviano-2\\\/\"},\"author\":{\"name\":\"Jeanette\",\"@id\":\"https:\\\/\\\/www.eldiario.net\\\/portal\\\/#\\\/schema\\\/person\\\/f46445640444750d7d753ccd04ae01b7\"},\"headline\":\"Nacionalismo boliviano\",\"datePublished\":\"2024-07-08T10:14:17+00:00\",\"mainEntityOfPage\":{\"@id\":\"https:\\\/\\\/www.eldiario.net\\\/portal\\\/2024\\\/07\\\/08\\\/nacionalismo-boliviano-2\\\/\"},\"wordCount\":745,\"commentCount\":0,\"publisher\":{\"@id\":\"https:\\\/\\\/www.eldiario.net\\\/portal\\\/#organization\"},\"image\":{\"@id\":\"https:\\\/\\\/www.eldiario.net\\\/portal\\\/2024\\\/07\\\/08\\\/nacionalismo-boliviano-2\\\/#primaryimage\"},\"thumbnailUrl\":\"https:\\\/\\\/www.eldiario.net\\\/portal\\\/wp-content\\\/uploads\\\/2023\\\/06\\\/Fabian-Freire.jpg\",\"articleSection\":[\"Opini\u00f3n\"],\"inLanguage\":\"es\",\"potentialAction\":[{\"@type\":\"CommentAction\",\"name\":\"Comment\",\"target\":[\"https:\\\/\\\/www.eldiario.net\\\/portal\\\/2024\\\/07\\\/08\\\/nacionalismo-boliviano-2\\\/#respond\"]}]},{\"@type\":\"WebPage\",\"@id\":\"https:\\\/\\\/www.eldiario.net\\\/portal\\\/2024\\\/07\\\/08\\\/nacionalismo-boliviano-2\\\/\",\"url\":\"https:\\\/\\\/www.eldiario.net\\\/portal\\\/2024\\\/07\\\/08\\\/nacionalismo-boliviano-2\\\/\",\"name\":\"Nacionalismo boliviano - El Diario - Bolivia\",\"isPartOf\":{\"@id\":\"https:\\\/\\\/www.eldiario.net\\\/portal\\\/#website\"},\"primaryImageOfPage\":{\"@id\":\"https:\\\/\\\/www.eldiario.net\\\/portal\\\/2024\\\/07\\\/08\\\/nacionalismo-boliviano-2\\\/#primaryimage\"},\"image\":{\"@id\":\"https:\\\/\\\/www.eldiario.net\\\/portal\\\/2024\\\/07\\\/08\\\/nacionalismo-boliviano-2\\\/#primaryimage\"},\"thumbnailUrl\":\"https:\\\/\\\/www.eldiario.net\\\/portal\\\/wp-content\\\/uploads\\\/2023\\\/06\\\/Fabian-Freire.jpg\",\"datePublished\":\"2024-07-08T10:14:17+00:00\",\"breadcrumb\":{\"@id\":\"https:\\\/\\\/www.eldiario.net\\\/portal\\\/2024\\\/07\\\/08\\\/nacionalismo-boliviano-2\\\/#breadcrumb\"},\"inLanguage\":\"es\",\"potentialAction\":[{\"@type\":\"ReadAction\",\"target\":[\"https:\\\/\\\/www.eldiario.net\\\/portal\\\/2024\\\/07\\\/08\\\/nacionalismo-boliviano-2\\\/\"]}]},{\"@type\":\"ImageObject\",\"inLanguage\":\"es\",\"@id\":\"https:\\\/\\\/www.eldiario.net\\\/portal\\\/2024\\\/07\\\/08\\\/nacionalismo-boliviano-2\\\/#primaryimage\",\"url\":\"https:\\\/\\\/www.eldiario.net\\\/portal\\\/wp-content\\\/uploads\\\/2023\\\/06\\\/Fabian-Freire.jpg\",\"contentUrl\":\"https:\\\/\\\/www.eldiario.net\\\/portal\\\/wp-content\\\/uploads\\\/2023\\\/06\\\/Fabian-Freire.jpg\",\"width\":1200,\"height\":628,\"caption\":\"Fabian Freire\"},{\"@type\":\"BreadcrumbList\",\"@id\":\"https:\\\/\\\/www.eldiario.net\\\/portal\\\/2024\\\/07\\\/08\\\/nacionalismo-boliviano-2\\\/#breadcrumb\",\"itemListElement\":[{\"@type\":\"ListItem\",\"position\":1,\"name\":\"Portada\",\"item\":\"https:\\\/\\\/www.eldiario.net\\\/portal\\\/\"},{\"@type\":\"ListItem\",\"position\":2,\"name\":\"Nacionalismo boliviano\"}]},{\"@type\":\"WebSite\",\"@id\":\"https:\\\/\\\/www.eldiario.net\\\/portal\\\/#website\",\"url\":\"https:\\\/\\\/www.eldiario.net\\\/portal\\\/\",\"name\":\"El Diario - Decano de la prensa nacional\",\"description\":\"El Diario - Decano de la prensa nacional\",\"publisher\":{\"@id\":\"https:\\\/\\\/www.eldiario.net\\\/portal\\\/#organization\"},\"potentialAction\":[{\"@type\":\"SearchAction\",\"target\":{\"@type\":\"EntryPoint\",\"urlTemplate\":\"https:\\\/\\\/www.eldiario.net\\\/portal\\\/?s={search_term_string}\"},\"query-input\":{\"@type\":\"PropertyValueSpecification\",\"valueRequired\":true,\"valueName\":\"search_term_string\"}}],\"inLanguage\":\"es\"},{\"@type\":\"Organization\",\"@id\":\"https:\\\/\\\/www.eldiario.net\\\/portal\\\/#organization\",\"name\":\"El Diario - Decano de la prensa nacional\",\"url\":\"https:\\\/\\\/www.eldiario.net\\\/portal\\\/\",\"logo\":{\"@type\":\"ImageObject\",\"inLanguage\":\"es\",\"@id\":\"https:\\\/\\\/www.eldiario.net\\\/portal\\\/#\\\/schema\\\/logo\\\/image\\\/\",\"url\":\"https:\\\/\\\/www.eldiario.net\\\/portal\\\/wp-content\\\/uploads\\\/2023\\\/07\\\/logo_ED.jpg\",\"contentUrl\":\"https:\\\/\\\/www.eldiario.net\\\/portal\\\/wp-content\\\/uploads\\\/2023\\\/07\\\/logo_ED.jpg\",\"width\":272,\"height\":52,\"caption\":\"El Diario - Decano de la prensa nacional\"},\"image\":{\"@id\":\"https:\\\/\\\/www.eldiario.net\\\/portal\\\/#\\\/schema\\\/logo\\\/image\\\/\"},\"sameAs\":[\"https:\\\/\\\/www.facebook.com\\\/eldiario.bolivia\\\/\",\"https:\\\/\\\/x.com\\\/eldiario_net\"]},{\"@type\":\"Person\",\"@id\":\"https:\\\/\\\/www.eldiario.net\\\/portal\\\/#\\\/schema\\\/person\\\/f46445640444750d7d753ccd04ae01b7\",\"name\":\"Jeanette\",\"image\":{\"@type\":\"ImageObject\",\"inLanguage\":\"es\",\"@id\":\"https:\\\/\\\/secure.gravatar.com\\\/avatar\\\/3ea2118a5f7dad2b7138b1187a6b7ee55f160b9968b66013c3a3ef39dd7e5798?s=96&d=mm&r=g\",\"url\":\"https:\\\/\\\/secure.gravatar.com\\\/avatar\\\/3ea2118a5f7dad2b7138b1187a6b7ee55f160b9968b66013c3a3ef39dd7e5798?s=96&d=mm&r=g\",\"contentUrl\":\"https:\\\/\\\/secure.gravatar.com\\\/avatar\\\/3ea2118a5f7dad2b7138b1187a6b7ee55f160b9968b66013c3a3ef39dd7e5798?s=96&d=mm&r=g\",\"caption\":\"Jeanette\"},\"sameAs\":[\"https:\\\/\\\/www.eldiario.net\\\/portal\"],\"url\":\"https:\\\/\\\/www.eldiario.net\\\/portal\\\/author\\\/jeanette\\\/\"}]}<\/script>\n<!-- \/ Yoast SEO plugin. -->","yoast_head_json":{"title":"Nacionalismo boliviano - El Diario - Bolivia","robots":{"index":"index","follow":"follow","max-snippet":"max-snippet:-1","max-image-preview":"max-image-preview:large","max-video-preview":"max-video-preview:-1"},"canonical":"https:\/\/www.eldiario.net\/portal\/2024\/07\/08\/nacionalismo-boliviano-2\/","og_locale":"es_ES","og_type":"article","og_title":"Nacionalismo boliviano - El Diario - Bolivia","og_description":"La situaci\u00f3n del pa\u00eds es actualmente cr\u00edtica, la econom\u00eda est\u00e1 cada vez peor, la inseguridad ciudadana est\u00e1 a la orden del d\u00eda, la institucionalidad es nula y se est\u00e1 atentado en contra de la integridad de la naci\u00f3n boliviana. El responsable es el MAS y su nefasto modelo econ\u00f3mico, es necesario terminar con el despilfarro [&hellip;]","og_url":"https:\/\/www.eldiario.net\/portal\/2024\/07\/08\/nacionalismo-boliviano-2\/","og_site_name":"El Diario - Bolivia","article_publisher":"https:\/\/www.facebook.com\/eldiario.bolivia\/","article_published_time":"2024-07-08T10:14:17+00:00","og_image":[{"width":1200,"height":628,"url":"https:\/\/www.eldiario.net\/portal\/wp-content\/uploads\/2023\/06\/Fabian-Freire.jpg","type":"image\/jpeg"}],"author":"Jeanette","twitter_card":"summary_large_image","twitter_creator":"@eldiario_net","twitter_site":"@eldiario_net","twitter_misc":{"Escrito por":"Jeanette","Tiempo de lectura":"4 minutos"},"schema":{"@context":"https:\/\/schema.org","@graph":[{"@type":"Article","@id":"https:\/\/www.eldiario.net\/portal\/2024\/07\/08\/nacionalismo-boliviano-2\/#article","isPartOf":{"@id":"https:\/\/www.eldiario.net\/portal\/2024\/07\/08\/nacionalismo-boliviano-2\/"},"author":{"name":"Jeanette","@id":"https:\/\/www.eldiario.net\/portal\/#\/schema\/person\/f46445640444750d7d753ccd04ae01b7"},"headline":"Nacionalismo boliviano","datePublished":"2024-07-08T10:14:17+00:00","mainEntityOfPage":{"@id":"https:\/\/www.eldiario.net\/portal\/2024\/07\/08\/nacionalismo-boliviano-2\/"},"wordCount":745,"commentCount":0,"publisher":{"@id":"https:\/\/www.eldiario.net\/portal\/#organization"},"image":{"@id":"https:\/\/www.eldiario.net\/portal\/2024\/07\/08\/nacionalismo-boliviano-2\/#primaryimage"},"thumbnailUrl":"https:\/\/www.eldiario.net\/portal\/wp-content\/uploads\/2023\/06\/Fabian-Freire.jpg","articleSection":["Opini\u00f3n"],"inLanguage":"es","potentialAction":[{"@type":"CommentAction","name":"Comment","target":["https:\/\/www.eldiario.net\/portal\/2024\/07\/08\/nacionalismo-boliviano-2\/#respond"]}]},{"@type":"WebPage","@id":"https:\/\/www.eldiario.net\/portal\/2024\/07\/08\/nacionalismo-boliviano-2\/","url":"https:\/\/www.eldiario.net\/portal\/2024\/07\/08\/nacionalismo-boliviano-2\/","name":"Nacionalismo boliviano - El Diario - Bolivia","isPartOf":{"@id":"https:\/\/www.eldiario.net\/portal\/#website"},"primaryImageOfPage":{"@id":"https:\/\/www.eldiario.net\/portal\/2024\/07\/08\/nacionalismo-boliviano-2\/#primaryimage"},"image":{"@id":"https:\/\/www.eldiario.net\/portal\/2024\/07\/08\/nacionalismo-boliviano-2\/#primaryimage"},"thumbnailUrl":"https:\/\/www.eldiario.net\/portal\/wp-content\/uploads\/2023\/06\/Fabian-Freire.jpg","datePublished":"2024-07-08T10:14:17+00:00","breadcrumb":{"@id":"https:\/\/www.eldiario.net\/portal\/2024\/07\/08\/nacionalismo-boliviano-2\/#breadcrumb"},"inLanguage":"es","potentialAction":[{"@type":"ReadAction","target":["https:\/\/www.eldiario.net\/portal\/2024\/07\/08\/nacionalismo-boliviano-2\/"]}]},{"@type":"ImageObject","inLanguage":"es","@id":"https:\/\/www.eldiario.net\/portal\/2024\/07\/08\/nacionalismo-boliviano-2\/#primaryimage","url":"https:\/\/www.eldiario.net\/portal\/wp-content\/uploads\/2023\/06\/Fabian-Freire.jpg","contentUrl":"https:\/\/www.eldiario.net\/portal\/wp-content\/uploads\/2023\/06\/Fabian-Freire.jpg","width":1200,"height":628,"caption":"Fabian Freire"},{"@type":"BreadcrumbList","@id":"https:\/\/www.eldiario.net\/portal\/2024\/07\/08\/nacionalismo-boliviano-2\/#breadcrumb","itemListElement":[{"@type":"ListItem","position":1,"name":"Portada","item":"https:\/\/www.eldiario.net\/portal\/"},{"@type":"ListItem","position":2,"name":"Nacionalismo boliviano"}]},{"@type":"WebSite","@id":"https:\/\/www.eldiario.net\/portal\/#website","url":"https:\/\/www.eldiario.net\/portal\/","name":"El Diario - Decano de la prensa nacional","description":"El Diario - Decano de la prensa nacional","publisher":{"@id":"https:\/\/www.eldiario.net\/portal\/#organization"},"potentialAction":[{"@type":"SearchAction","target":{"@type":"EntryPoint","urlTemplate":"https:\/\/www.eldiario.net\/portal\/?s={search_term_string}"},"query-input":{"@type":"PropertyValueSpecification","valueRequired":true,"valueName":"search_term_string"}}],"inLanguage":"es"},{"@type":"Organization","@id":"https:\/\/www.eldiario.net\/portal\/#organization","name":"El Diario - Decano de la prensa nacional","url":"https:\/\/www.eldiario.net\/portal\/","logo":{"@type":"ImageObject","inLanguage":"es","@id":"https:\/\/www.eldiario.net\/portal\/#\/schema\/logo\/image\/","url":"https:\/\/www.eldiario.net\/portal\/wp-content\/uploads\/2023\/07\/logo_ED.jpg","contentUrl":"https:\/\/www.eldiario.net\/portal\/wp-content\/uploads\/2023\/07\/logo_ED.jpg","width":272,"height":52,"caption":"El Diario - Decano de la prensa nacional"},"image":{"@id":"https:\/\/www.eldiario.net\/portal\/#\/schema\/logo\/image\/"},"sameAs":["https:\/\/www.facebook.com\/eldiario.bolivia\/","https:\/\/x.com\/eldiario_net"]},{"@type":"Person","@id":"https:\/\/www.eldiario.net\/portal\/#\/schema\/person\/f46445640444750d7d753ccd04ae01b7","name":"Jeanette","image":{"@type":"ImageObject","inLanguage":"es","@id":"https:\/\/secure.gravatar.com\/avatar\/3ea2118a5f7dad2b7138b1187a6b7ee55f160b9968b66013c3a3ef39dd7e5798?s=96&d=mm&r=g","url":"https:\/\/secure.gravatar.com\/avatar\/3ea2118a5f7dad2b7138b1187a6b7ee55f160b9968b66013c3a3ef39dd7e5798?s=96&d=mm&r=g","contentUrl":"https:\/\/secure.gravatar.com\/avatar\/3ea2118a5f7dad2b7138b1187a6b7ee55f160b9968b66013c3a3ef39dd7e5798?s=96&d=mm&r=g","caption":"Jeanette"},"sameAs":["https:\/\/www.eldiario.net\/portal"],"url":"https:\/\/www.eldiario.net\/portal\/author\/jeanette\/"}]}},"_links":{"self":[{"href":"https:\/\/www.eldiario.net\/portal\/wp-json\/wp\/v2\/posts\/232593","targetHints":{"allow":["GET"]}}],"collection":[{"href":"https:\/\/www.eldiario.net\/portal\/wp-json\/wp\/v2\/posts"}],"about":[{"href":"https:\/\/www.eldiario.net\/portal\/wp-json\/wp\/v2\/types\/post"}],"author":[{"embeddable":true,"href":"https:\/\/www.eldiario.net\/portal\/wp-json\/wp\/v2\/users\/1"}],"replies":[{"embeddable":true,"href":"https:\/\/www.eldiario.net\/portal\/wp-json\/wp\/v2\/comments?post=232593"}],"version-history":[{"count":1,"href":"https:\/\/www.eldiario.net\/portal\/wp-json\/wp\/v2\/posts\/232593\/revisions"}],"predecessor-version":[{"id":232594,"href":"https:\/\/www.eldiario.net\/portal\/wp-json\/wp\/v2\/posts\/232593\/revisions\/232594"}],"wp:featuredmedia":[{"embeddable":true,"href":"https:\/\/www.eldiario.net\/portal\/wp-json\/wp\/v2\/media\/161834"}],"wp:attachment":[{"href":"https:\/\/www.eldiario.net\/portal\/wp-json\/wp\/v2\/media?parent=232593"}],"wp:term":[{"taxonomy":"category","embeddable":true,"href":"https:\/\/www.eldiario.net\/portal\/wp-json\/wp\/v2\/categories?post=232593"},{"taxonomy":"post_tag","embeddable":true,"href":"https:\/\/www.eldiario.net\/portal\/wp-json\/wp\/v2\/tags?post=232593"}],"curies":[{"name":"wp","href":"https:\/\/api.w.org\/{rel}","templated":true}]}}