{"id":232591,"date":"2024-07-08T06:13:55","date_gmt":"2024-07-08T10:13:55","guid":{"rendered":"https:\/\/www.eldiario.net\/portal\/?p=232591"},"modified":"2024-07-08T06:13:55","modified_gmt":"2024-07-08T10:13:55","slug":"innovacion-digital-para-resolucion-de-conflictos","status":"publish","type":"post","link":"https:\/\/www.eldiario.net\/portal\/2024\/07\/08\/innovacion-digital-para-resolucion-de-conflictos\/","title":{"rendered":"Innovaci\u00f3n digital para resoluci\u00f3n de conflictos"},"content":{"rendered":"<p>En la era digital, la tecnolog\u00eda ha transformado diversos aspectos de la vida cotidiana, incluyendo la manera de solucionar conflictos y se fomenta la participaci\u00f3n ciudadana. Las plataformas digitales, las aplicaciones m\u00f3viles y las redes sociales han emergido como herramientas poderosas para la mediaci\u00f3n y la resoluci\u00f3n de conflictos, as\u00ed como para la promoci\u00f3n de la conciliaci\u00f3n y la participaci\u00f3n activa de los ciudadanos. Las plataformas digitales han abierto nuevas posibilidades para la mediaci\u00f3n y resoluci\u00f3n de conflictos, proporcionando espacios virtuales, donde las partes pueden interactuar de manera segura y efectiva. Las Plataformas de Mediaci\u00f3n en L\u00ednea, son herramientas que permiten a las partes en conflicto resolver sus disputas a trav\u00e9s de intermediarios neutrales sin necesidad de reunirse en persona. Estas plataformas ofrecen varias ventajas. Accesibilidad: los usuarios pueden acceder a servicios de mediaci\u00f3n desde cualquier lugar y en cualquier momento. Eficiencia: los procesos pueden ser m\u00e1s r\u00e1pidos y menos costosos que las mediaciones tradicionales. Confidencialidad: las plataformas garantizan la privacidad de las partes involucradas. Las aplicaciones m\u00f3viles y herramientas en l\u00ednea est\u00e1n empoderando a los ciudadanos, facilitando su participaci\u00f3n en procesos democr\u00e1ticos y comunitarios.<br \/>\nLas redes sociales tienen un impacto significativo en c\u00f3mo las personas interact\u00faan, organizan y participan en la vida c\u00edvica. Plataformas como Facebook, Twitter y Instagram permiten a los ciudadanos compartir informaci\u00f3n, organizar eventos y participar en discusiones sobre temas relevantes. Estas redes pueden fomentar la conciliaci\u00f3n ciudadana. Crean conciencia: las campa\u00f1as de sensibilizaci\u00f3n pueden llegar a grandes audiencias r\u00e1pidamente. Fomentan el di\u00e1logo: las discusiones en l\u00ednea pueden reunir a personas con diferentes puntos de vista, promoviendo el entendimiento mutuo. Movilizaci\u00f3n social: las redes sociales facilitan la organizaci\u00f3n de movimientos y protestas pac\u00edficas.<br \/>\nAunque las redes sociales pueden promover la conciliaci\u00f3n, tambi\u00e9n presentan desaf\u00edos. Desinformaci\u00f3n: la propagaci\u00f3n de noticias falsas puede exacerbar conflictos y polarizar opiniones. Discurso de odio: las plataformas deben gestionar y moderar el contenido para prevenir el abuso y la incitaci\u00f3n al odio. Burbujas de filtraci\u00f3n: los algoritmos pueden crear c\u00e1maras de eco, donde los usuarios solo se expongan a opiniones similares a las suyas. Movimientos como #BlackLivesMatter y las manifestaciones por el cambio clim\u00e1tico han utilizado las redes sociales para coordinar acciones, difundir mensajes y reunir apoyo a nivel global. Estas plataformas han demostrado ser herramientas poderosas para la movilizaci\u00f3n y la construcci\u00f3n de comunidades en l\u00ednea comprometidas con causas comunes.<br \/>\nLa tecnolog\u00eda redefine la forma de atender conflictos y se fomenta la participaci\u00f3n ciudadana. Las plataformas digitales para la mediaci\u00f3n, las aplicaciones m\u00f3viles para la participaci\u00f3n ciudadana y el impacto de las redes sociales est\u00e1n creando nuevas oportunidades para la conciliaci\u00f3n y el di\u00e1logo en la sociedad. Pero es crucial abordar problemas asociados, como la desinformaci\u00f3n y el discurso de odio, para maximizar los beneficios de estas herramientas tecnol\u00f3gicas. Al hacerlo, podemos avanzar hacia una sociedad m\u00e1s inclusiva, participativa y pac\u00edfica, donde la tecnolog\u00eda sea como un puente para la resoluci\u00f3n de conflictos y la construcci\u00f3n de comunidades m\u00e1s fuertes y cohesionadas.<\/p>\n","protected":false},"excerpt":{"rendered":"<p>En la era digital, la tecnolog\u00eda ha transformado diversos aspectos de la vida cotidiana, incluyendo la manera de solucionar conflictos y se fomenta la participaci\u00f3n ciudadana. Las plataformas digitales, las aplicaciones m\u00f3viles y las redes sociales han emergido como herramientas poderosas para la mediaci\u00f3n y la resoluci\u00f3n de conflictos, as\u00ed como para la promoci\u00f3n de [&hellip;]<\/p>\n","protected":false},"author":1,"featured_media":194790,"comment_status":"open","ping_status":"open","sticky":false,"template":"","format":"standard","meta":{"_acf_changed":false,"footnotes":""},"categories":[9],"tags":[],"class_list":["post-232591","post","type-post","status-publish","format-standard","has-post-thumbnail","category-opinion"],"acf":{"antetitulo":""},"yoast_head":"<!-- This site is optimized with the Yoast SEO plugin v28.4 - https:\/\/yoast.com\/product\/yoast-seo-wordpress\/ -->\n<title>Innovaci\u00f3n digital para resoluci\u00f3n de conflictos - El Diario - Bolivia<\/title>\n<meta name=\"robots\" content=\"index, follow, max-snippet:-1, max-image-preview:large, max-video-preview:-1\" \/>\n<link rel=\"canonical\" href=\"https:\/\/www.eldiario.net\/portal\/2024\/07\/08\/innovacion-digital-para-resolucion-de-conflictos\/\" \/>\n<meta property=\"og:locale\" content=\"es_ES\" \/>\n<meta property=\"og:type\" content=\"article\" \/>\n<meta property=\"og:title\" content=\"Innovaci\u00f3n digital para resoluci\u00f3n de conflictos - El Diario - Bolivia\" \/>\n<meta property=\"og:description\" content=\"En la era digital, la tecnolog\u00eda ha transformado diversos aspectos de la vida cotidiana, incluyendo la manera de solucionar conflictos y se fomenta la participaci\u00f3n ciudadana. Las plataformas digitales, las aplicaciones m\u00f3viles y las redes sociales han emergido como herramientas poderosas para la mediaci\u00f3n y la resoluci\u00f3n de conflictos, as\u00ed como para la promoci\u00f3n de [&hellip;]\" \/>\n<meta property=\"og:url\" content=\"https:\/\/www.eldiario.net\/portal\/2024\/07\/08\/innovacion-digital-para-resolucion-de-conflictos\/\" \/>\n<meta property=\"og:site_name\" content=\"El Diario - Bolivia\" \/>\n<meta property=\"article:publisher\" content=\"https:\/\/www.facebook.com\/eldiario.bolivia\/\" \/>\n<meta property=\"article:published_time\" content=\"2024-07-08T10:13:55+00:00\" \/>\n<meta property=\"og:image\" content=\"https:\/\/www.eldiario.net\/portal\/wp-content\/uploads\/2023\/12\/Opinion.jpg\" \/>\n\t<meta property=\"og:image:width\" content=\"800\" \/>\n\t<meta property=\"og:image:height\" content=\"500\" \/>\n\t<meta property=\"og:image:type\" content=\"image\/jpeg\" \/>\n<meta name=\"author\" content=\"Jeanette\" \/>\n<meta name=\"twitter:card\" content=\"summary_large_image\" \/>\n<meta name=\"twitter:creator\" content=\"@eldiario_net\" \/>\n<meta name=\"twitter:site\" content=\"@eldiario_net\" \/>\n<meta name=\"twitter:label1\" content=\"Escrito por\" \/>\n\t<meta name=\"twitter:data1\" content=\"Jeanette\" \/>\n\t<meta name=\"twitter:label2\" content=\"Tiempo de lectura\" \/>\n\t<meta name=\"twitter:data2\" content=\"3 minutos\" \/>\n<script type=\"application\/ld+json\" class=\"yoast-schema-graph\">{\"@context\":\"https:\\\/\\\/schema.org\",\"@graph\":[{\"@type\":\"Article\",\"@id\":\"https:\\\/\\\/www.eldiario.net\\\/portal\\\/2024\\\/07\\\/08\\\/innovacion-digital-para-resolucion-de-conflictos\\\/#article\",\"isPartOf\":{\"@id\":\"https:\\\/\\\/www.eldiario.net\\\/portal\\\/2024\\\/07\\\/08\\\/innovacion-digital-para-resolucion-de-conflictos\\\/\"},\"author\":{\"name\":\"Jeanette\",\"@id\":\"https:\\\/\\\/www.eldiario.net\\\/portal\\\/#\\\/schema\\\/person\\\/f46445640444750d7d753ccd04ae01b7\"},\"headline\":\"Innovaci\u00f3n digital para resoluci\u00f3n de conflictos\",\"datePublished\":\"2024-07-08T10:13:55+00:00\",\"mainEntityOfPage\":{\"@id\":\"https:\\\/\\\/www.eldiario.net\\\/portal\\\/2024\\\/07\\\/08\\\/innovacion-digital-para-resolucion-de-conflictos\\\/\"},\"wordCount\":561,\"commentCount\":0,\"publisher\":{\"@id\":\"https:\\\/\\\/www.eldiario.net\\\/portal\\\/#organization\"},\"image\":{\"@id\":\"https:\\\/\\\/www.eldiario.net\\\/portal\\\/2024\\\/07\\\/08\\\/innovacion-digital-para-resolucion-de-conflictos\\\/#primaryimage\"},\"thumbnailUrl\":\"https:\\\/\\\/www.eldiario.net\\\/portal\\\/wp-content\\\/uploads\\\/2023\\\/12\\\/Opinion.jpg\",\"articleSection\":[\"Opini\u00f3n\"],\"inLanguage\":\"es\",\"potentialAction\":[{\"@type\":\"CommentAction\",\"name\":\"Comment\",\"target\":[\"https:\\\/\\\/www.eldiario.net\\\/portal\\\/2024\\\/07\\\/08\\\/innovacion-digital-para-resolucion-de-conflictos\\\/#respond\"]}]},{\"@type\":\"WebPage\",\"@id\":\"https:\\\/\\\/www.eldiario.net\\\/portal\\\/2024\\\/07\\\/08\\\/innovacion-digital-para-resolucion-de-conflictos\\\/\",\"url\":\"https:\\\/\\\/www.eldiario.net\\\/portal\\\/2024\\\/07\\\/08\\\/innovacion-digital-para-resolucion-de-conflictos\\\/\",\"name\":\"Innovaci\u00f3n digital para resoluci\u00f3n de conflictos - El Diario - Bolivia\",\"isPartOf\":{\"@id\":\"https:\\\/\\\/www.eldiario.net\\\/portal\\\/#website\"},\"primaryImageOfPage\":{\"@id\":\"https:\\\/\\\/www.eldiario.net\\\/portal\\\/2024\\\/07\\\/08\\\/innovacion-digital-para-resolucion-de-conflictos\\\/#primaryimage\"},\"image\":{\"@id\":\"https:\\\/\\\/www.eldiario.net\\\/portal\\\/2024\\\/07\\\/08\\\/innovacion-digital-para-resolucion-de-conflictos\\\/#primaryimage\"},\"thumbnailUrl\":\"https:\\\/\\\/www.eldiario.net\\\/portal\\\/wp-content\\\/uploads\\\/2023\\\/12\\\/Opinion.jpg\",\"datePublished\":\"2024-07-08T10:13:55+00:00\",\"breadcrumb\":{\"@id\":\"https:\\\/\\\/www.eldiario.net\\\/portal\\\/2024\\\/07\\\/08\\\/innovacion-digital-para-resolucion-de-conflictos\\\/#breadcrumb\"},\"inLanguage\":\"es\",\"potentialAction\":[{\"@type\":\"ReadAction\",\"target\":[\"https:\\\/\\\/www.eldiario.net\\\/portal\\\/2024\\\/07\\\/08\\\/innovacion-digital-para-resolucion-de-conflictos\\\/\"]}]},{\"@type\":\"ImageObject\",\"inLanguage\":\"es\",\"@id\":\"https:\\\/\\\/www.eldiario.net\\\/portal\\\/2024\\\/07\\\/08\\\/innovacion-digital-para-resolucion-de-conflictos\\\/#primaryimage\",\"url\":\"https:\\\/\\\/www.eldiario.net\\\/portal\\\/wp-content\\\/uploads\\\/2023\\\/12\\\/Opinion.jpg\",\"contentUrl\":\"https:\\\/\\\/www.eldiario.net\\\/portal\\\/wp-content\\\/uploads\\\/2023\\\/12\\\/Opinion.jpg\",\"width\":800,\"height\":500},{\"@type\":\"BreadcrumbList\",\"@id\":\"https:\\\/\\\/www.eldiario.net\\\/portal\\\/2024\\\/07\\\/08\\\/innovacion-digital-para-resolucion-de-conflictos\\\/#breadcrumb\",\"itemListElement\":[{\"@type\":\"ListItem\",\"position\":1,\"name\":\"Portada\",\"item\":\"https:\\\/\\\/www.eldiario.net\\\/portal\\\/\"},{\"@type\":\"ListItem\",\"position\":2,\"name\":\"Innovaci\u00f3n digital para resoluci\u00f3n de conflictos\"}]},{\"@type\":\"WebSite\",\"@id\":\"https:\\\/\\\/www.eldiario.net\\\/portal\\\/#website\",\"url\":\"https:\\\/\\\/www.eldiario.net\\\/portal\\\/\",\"name\":\"El Diario - Decano de la prensa nacional\",\"description\":\"El Diario - Decano de la prensa nacional\",\"publisher\":{\"@id\":\"https:\\\/\\\/www.eldiario.net\\\/portal\\\/#organization\"},\"potentialAction\":[{\"@type\":\"SearchAction\",\"target\":{\"@type\":\"EntryPoint\",\"urlTemplate\":\"https:\\\/\\\/www.eldiario.net\\\/portal\\\/?s={search_term_string}\"},\"query-input\":{\"@type\":\"PropertyValueSpecification\",\"valueRequired\":true,\"valueName\":\"search_term_string\"}}],\"inLanguage\":\"es\"},{\"@type\":\"Organization\",\"@id\":\"https:\\\/\\\/www.eldiario.net\\\/portal\\\/#organization\",\"name\":\"El Diario - Decano de la prensa nacional\",\"url\":\"https:\\\/\\\/www.eldiario.net\\\/portal\\\/\",\"logo\":{\"@type\":\"ImageObject\",\"inLanguage\":\"es\",\"@id\":\"https:\\\/\\\/www.eldiario.net\\\/portal\\\/#\\\/schema\\\/logo\\\/image\\\/\",\"url\":\"https:\\\/\\\/www.eldiario.net\\\/portal\\\/wp-content\\\/uploads\\\/2023\\\/07\\\/logo_ED.jpg\",\"contentUrl\":\"https:\\\/\\\/www.eldiario.net\\\/portal\\\/wp-content\\\/uploads\\\/2023\\\/07\\\/logo_ED.jpg\",\"width\":272,\"height\":52,\"caption\":\"El Diario - Decano de la prensa nacional\"},\"image\":{\"@id\":\"https:\\\/\\\/www.eldiario.net\\\/portal\\\/#\\\/schema\\\/logo\\\/image\\\/\"},\"sameAs\":[\"https:\\\/\\\/www.facebook.com\\\/eldiario.bolivia\\\/\",\"https:\\\/\\\/x.com\\\/eldiario_net\"]},{\"@type\":\"Person\",\"@id\":\"https:\\\/\\\/www.eldiario.net\\\/portal\\\/#\\\/schema\\\/person\\\/f46445640444750d7d753ccd04ae01b7\",\"name\":\"Jeanette\",\"image\":{\"@type\":\"ImageObject\",\"inLanguage\":\"es\",\"@id\":\"https:\\\/\\\/secure.gravatar.com\\\/avatar\\\/3ea2118a5f7dad2b7138b1187a6b7ee55f160b9968b66013c3a3ef39dd7e5798?s=96&d=mm&r=g\",\"url\":\"https:\\\/\\\/secure.gravatar.com\\\/avatar\\\/3ea2118a5f7dad2b7138b1187a6b7ee55f160b9968b66013c3a3ef39dd7e5798?s=96&d=mm&r=g\",\"contentUrl\":\"https:\\\/\\\/secure.gravatar.com\\\/avatar\\\/3ea2118a5f7dad2b7138b1187a6b7ee55f160b9968b66013c3a3ef39dd7e5798?s=96&d=mm&r=g\",\"caption\":\"Jeanette\"},\"sameAs\":[\"https:\\\/\\\/www.eldiario.net\\\/portal\"],\"url\":\"https:\\\/\\\/www.eldiario.net\\\/portal\\\/author\\\/jeanette\\\/\"}]}<\/script>\n<!-- \/ Yoast SEO plugin. -->","yoast_head_json":{"title":"Innovaci\u00f3n digital para resoluci\u00f3n de conflictos - El Diario - Bolivia","robots":{"index":"index","follow":"follow","max-snippet":"max-snippet:-1","max-image-preview":"max-image-preview:large","max-video-preview":"max-video-preview:-1"},"canonical":"https:\/\/www.eldiario.net\/portal\/2024\/07\/08\/innovacion-digital-para-resolucion-de-conflictos\/","og_locale":"es_ES","og_type":"article","og_title":"Innovaci\u00f3n digital para resoluci\u00f3n de conflictos - El Diario - Bolivia","og_description":"En la era digital, la tecnolog\u00eda ha transformado diversos aspectos de la vida cotidiana, incluyendo la manera de solucionar conflictos y se fomenta la participaci\u00f3n ciudadana. Las plataformas digitales, las aplicaciones m\u00f3viles y las redes sociales han emergido como herramientas poderosas para la mediaci\u00f3n y la resoluci\u00f3n de conflictos, as\u00ed como para la promoci\u00f3n de [&hellip;]","og_url":"https:\/\/www.eldiario.net\/portal\/2024\/07\/08\/innovacion-digital-para-resolucion-de-conflictos\/","og_site_name":"El Diario - Bolivia","article_publisher":"https:\/\/www.facebook.com\/eldiario.bolivia\/","article_published_time":"2024-07-08T10:13:55+00:00","og_image":[{"width":800,"height":500,"url":"https:\/\/www.eldiario.net\/portal\/wp-content\/uploads\/2023\/12\/Opinion.jpg","type":"image\/jpeg"}],"author":"Jeanette","twitter_card":"summary_large_image","twitter_creator":"@eldiario_net","twitter_site":"@eldiario_net","twitter_misc":{"Escrito por":"Jeanette","Tiempo de lectura":"3 minutos"},"schema":{"@context":"https:\/\/schema.org","@graph":[{"@type":"Article","@id":"https:\/\/www.eldiario.net\/portal\/2024\/07\/08\/innovacion-digital-para-resolucion-de-conflictos\/#article","isPartOf":{"@id":"https:\/\/www.eldiario.net\/portal\/2024\/07\/08\/innovacion-digital-para-resolucion-de-conflictos\/"},"author":{"name":"Jeanette","@id":"https:\/\/www.eldiario.net\/portal\/#\/schema\/person\/f46445640444750d7d753ccd04ae01b7"},"headline":"Innovaci\u00f3n digital para resoluci\u00f3n de conflictos","datePublished":"2024-07-08T10:13:55+00:00","mainEntityOfPage":{"@id":"https:\/\/www.eldiario.net\/portal\/2024\/07\/08\/innovacion-digital-para-resolucion-de-conflictos\/"},"wordCount":561,"commentCount":0,"publisher":{"@id":"https:\/\/www.eldiario.net\/portal\/#organization"},"image":{"@id":"https:\/\/www.eldiario.net\/portal\/2024\/07\/08\/innovacion-digital-para-resolucion-de-conflictos\/#primaryimage"},"thumbnailUrl":"https:\/\/www.eldiario.net\/portal\/wp-content\/uploads\/2023\/12\/Opinion.jpg","articleSection":["Opini\u00f3n"],"inLanguage":"es","potentialAction":[{"@type":"CommentAction","name":"Comment","target":["https:\/\/www.eldiario.net\/portal\/2024\/07\/08\/innovacion-digital-para-resolucion-de-conflictos\/#respond"]}]},{"@type":"WebPage","@id":"https:\/\/www.eldiario.net\/portal\/2024\/07\/08\/innovacion-digital-para-resolucion-de-conflictos\/","url":"https:\/\/www.eldiario.net\/portal\/2024\/07\/08\/innovacion-digital-para-resolucion-de-conflictos\/","name":"Innovaci\u00f3n digital para resoluci\u00f3n de conflictos - El Diario - Bolivia","isPartOf":{"@id":"https:\/\/www.eldiario.net\/portal\/#website"},"primaryImageOfPage":{"@id":"https:\/\/www.eldiario.net\/portal\/2024\/07\/08\/innovacion-digital-para-resolucion-de-conflictos\/#primaryimage"},"image":{"@id":"https:\/\/www.eldiario.net\/portal\/2024\/07\/08\/innovacion-digital-para-resolucion-de-conflictos\/#primaryimage"},"thumbnailUrl":"https:\/\/www.eldiario.net\/portal\/wp-content\/uploads\/2023\/12\/Opinion.jpg","datePublished":"2024-07-08T10:13:55+00:00","breadcrumb":{"@id":"https:\/\/www.eldiario.net\/portal\/2024\/07\/08\/innovacion-digital-para-resolucion-de-conflictos\/#breadcrumb"},"inLanguage":"es","potentialAction":[{"@type":"ReadAction","target":["https:\/\/www.eldiario.net\/portal\/2024\/07\/08\/innovacion-digital-para-resolucion-de-conflictos\/"]}]},{"@type":"ImageObject","inLanguage":"es","@id":"https:\/\/www.eldiario.net\/portal\/2024\/07\/08\/innovacion-digital-para-resolucion-de-conflictos\/#primaryimage","url":"https:\/\/www.eldiario.net\/portal\/wp-content\/uploads\/2023\/12\/Opinion.jpg","contentUrl":"https:\/\/www.eldiario.net\/portal\/wp-content\/uploads\/2023\/12\/Opinion.jpg","width":800,"height":500},{"@type":"BreadcrumbList","@id":"https:\/\/www.eldiario.net\/portal\/2024\/07\/08\/innovacion-digital-para-resolucion-de-conflictos\/#breadcrumb","itemListElement":[{"@type":"ListItem","position":1,"name":"Portada","item":"https:\/\/www.eldiario.net\/portal\/"},{"@type":"ListItem","position":2,"name":"Innovaci\u00f3n digital para resoluci\u00f3n de conflictos"}]},{"@type":"WebSite","@id":"https:\/\/www.eldiario.net\/portal\/#website","url":"https:\/\/www.eldiario.net\/portal\/","name":"El Diario - Decano de la prensa nacional","description":"El Diario - Decano de la prensa nacional","publisher":{"@id":"https:\/\/www.eldiario.net\/portal\/#organization"},"potentialAction":[{"@type":"SearchAction","target":{"@type":"EntryPoint","urlTemplate":"https:\/\/www.eldiario.net\/portal\/?s={search_term_string}"},"query-input":{"@type":"PropertyValueSpecification","valueRequired":true,"valueName":"search_term_string"}}],"inLanguage":"es"},{"@type":"Organization","@id":"https:\/\/www.eldiario.net\/portal\/#organization","name":"El Diario - Decano de la prensa nacional","url":"https:\/\/www.eldiario.net\/portal\/","logo":{"@type":"ImageObject","inLanguage":"es","@id":"https:\/\/www.eldiario.net\/portal\/#\/schema\/logo\/image\/","url":"https:\/\/www.eldiario.net\/portal\/wp-content\/uploads\/2023\/07\/logo_ED.jpg","contentUrl":"https:\/\/www.eldiario.net\/portal\/wp-content\/uploads\/2023\/07\/logo_ED.jpg","width":272,"height":52,"caption":"El Diario - Decano de la prensa nacional"},"image":{"@id":"https:\/\/www.eldiario.net\/portal\/#\/schema\/logo\/image\/"},"sameAs":["https:\/\/www.facebook.com\/eldiario.bolivia\/","https:\/\/x.com\/eldiario_net"]},{"@type":"Person","@id":"https:\/\/www.eldiario.net\/portal\/#\/schema\/person\/f46445640444750d7d753ccd04ae01b7","name":"Jeanette","image":{"@type":"ImageObject","inLanguage":"es","@id":"https:\/\/secure.gravatar.com\/avatar\/3ea2118a5f7dad2b7138b1187a6b7ee55f160b9968b66013c3a3ef39dd7e5798?s=96&d=mm&r=g","url":"https:\/\/secure.gravatar.com\/avatar\/3ea2118a5f7dad2b7138b1187a6b7ee55f160b9968b66013c3a3ef39dd7e5798?s=96&d=mm&r=g","contentUrl":"https:\/\/secure.gravatar.com\/avatar\/3ea2118a5f7dad2b7138b1187a6b7ee55f160b9968b66013c3a3ef39dd7e5798?s=96&d=mm&r=g","caption":"Jeanette"},"sameAs":["https:\/\/www.eldiario.net\/portal"],"url":"https:\/\/www.eldiario.net\/portal\/author\/jeanette\/"}]}},"_links":{"self":[{"href":"https:\/\/www.eldiario.net\/portal\/wp-json\/wp\/v2\/posts\/232591","targetHints":{"allow":["GET"]}}],"collection":[{"href":"https:\/\/www.eldiario.net\/portal\/wp-json\/wp\/v2\/posts"}],"about":[{"href":"https:\/\/www.eldiario.net\/portal\/wp-json\/wp\/v2\/types\/post"}],"author":[{"embeddable":true,"href":"https:\/\/www.eldiario.net\/portal\/wp-json\/wp\/v2\/users\/1"}],"replies":[{"embeddable":true,"href":"https:\/\/www.eldiario.net\/portal\/wp-json\/wp\/v2\/comments?post=232591"}],"version-history":[{"count":1,"href":"https:\/\/www.eldiario.net\/portal\/wp-json\/wp\/v2\/posts\/232591\/revisions"}],"predecessor-version":[{"id":232592,"href":"https:\/\/www.eldiario.net\/portal\/wp-json\/wp\/v2\/posts\/232591\/revisions\/232592"}],"wp:featuredmedia":[{"embeddable":true,"href":"https:\/\/www.eldiario.net\/portal\/wp-json\/wp\/v2\/media\/194790"}],"wp:attachment":[{"href":"https:\/\/www.eldiario.net\/portal\/wp-json\/wp\/v2\/media?parent=232591"}],"wp:term":[{"taxonomy":"category","embeddable":true,"href":"https:\/\/www.eldiario.net\/portal\/wp-json\/wp\/v2\/categories?post=232591"},{"taxonomy":"post_tag","embeddable":true,"href":"https:\/\/www.eldiario.net\/portal\/wp-json\/wp\/v2\/tags?post=232591"}],"curies":[{"name":"wp","href":"https:\/\/api.w.org\/{rel}","templated":true}]}}