{"id":232589,"date":"2024-07-08T06:13:32","date_gmt":"2024-07-08T10:13:32","guid":{"rendered":"https:\/\/www.eldiario.net\/portal\/?p=232589"},"modified":"2024-07-08T06:13:32","modified_gmt":"2024-07-08T10:13:32","slug":"la-perdida-de-lo-autentico","status":"publish","type":"post","link":"https:\/\/www.eldiario.net\/portal\/2024\/07\/08\/la-perdida-de-lo-autentico\/","title":{"rendered":"La p\u00e9rdida de lo aut\u00e9ntico"},"content":{"rendered":"<p>Recuerdo que hace mucho tiempo una compa\u00f1era de trabajo, asistente de la direcci\u00f3n, tecleaba las actas del consejo t\u00e9cnico de la escuela, con m\u00e1quina de escribir alemana, supongo en ese entonces de la Alemania del Este, cuyo ruido era ensordecedor y para borrar un error hab\u00eda una especie de papelito y al teclear sobre \u00e9l, \u201cborraba\u201d la letra.<br \/>\nA\u00f1os despu\u00e9s surgi\u00f3 la m\u00e1quina de escribir el\u00e9ctrica, con menos ruido, m\u00e1s r\u00e1pida la escritura, hasta que desapareci\u00f3, hoy deben ser piezas de museo. A\u00f1os despu\u00e9s surgen las computadoras, con un caj\u00f3n de fondo, luego desaparece \u00e9ste \u00faltimo y ahora hay un sencillo portafolio.<br \/>\nLa tecnolog\u00eda no se detiene, la tendencia es que los procesos industriales, la vida en general sea mucho m\u00e1s r\u00e1pida, se necesita menos empleados, por ende, hay m\u00e1s desempleo, lo cual no es nuevo. Si desea revise las llamadas revoluciones industriales a lo largo de la historia.<br \/>\nNo puedo dejar de mencionar lo que est\u00e1 de \u201cmoda\u201d, el llamado Chat GPT, que es un modelo de lenguaje, cuyo objetivo es generar texto de manera aut\u00f3noma y coherente, donde basta una \u201cinsinuaci\u00f3n\u201d de texto, a partir del cual se generan oraciones y p\u00e1rrafos coherentes.<br \/>\nMiles de art\u00edculos repercuten y cuestionan en el campo de la educaci\u00f3n, sobre todo sobre lo negativo: el fraude, y los docentes una vez m\u00e1s son \u201cdesarmados, aplastados\u201d, pues la tecnolog\u00eda se adecua para el mundo laboral. Despu\u00e9s les corresponde a los docentes, sin dejar de menospreciar la brecha tecnol\u00f3gica.<br \/>\nMencionaba que con la tecnolog\u00eda vivimos m\u00e1s r\u00e1pidos, por ejemplo: \u00abenciende la luz de la cocina; apaga el radio; \u00bfqu\u00e9 hora es?; revise la llanta de su carro\u2026; y en el peor de los casos, no nos hablamos entre s\u00ed, nuestra vista se centra en lo que nos muestra y orienta una pantalla\u00bb \u00a1Incre\u00edble, pero cierto!<br \/>\nY para una muestra concreta, \u00bfpor qu\u00e9 dejamos de ser aut\u00e9nticos, creativos? Enti\u00e9ndase \u00abcar\u00e1cter original y genuino de una cosa, que no es falsa; capacidad de crear nuevas ideas o conceptos, de nuevas asociaciones entre ideas y conceptos conocidos, que habitualmente producen soluciones originales\u00bb. Una compa\u00f1era hab\u00eda utilizado la aplicaci\u00f3n Chat GPT y me mostraba el resultado de un trabajo con sus estudiantes y ped\u00eda que le diera mi opini\u00f3n.<br \/>\nNo se la di, por error o por tratar de no ser poco \u00e9tico, pero lo que hab\u00eda logrado en pocos segundos, era un trabajo muy elemental, pero a la vez complejo para estudiantes de apenas 11 y 12 a\u00f1os, acompa\u00f1ado de ilustraciones (que el propio programa \u201cacompa\u00f1aba\u201d), desequilibrio entre textos e im\u00e1genes, etc.<br \/>\nA qui\u00e9n califico, \u00bfa los estudiantes o a Chat GPT?; \u00bfInvestigaron los estudiantes la realidad de la informaci\u00f3n?; \u00bfcomprend\u00edan lo que \u201calguien\u201d le hab\u00eda escrito? Aprender y aplicar para los estudiantes, no resulta tan sencillo, como cuando orientas \u00abapaga la luz\u00bb. Por suerte la diferencia est\u00e1 es que somos humanos, pensamos, tenemos sentimientos, re\u00edmos y lloramos, amamos a nuestros padres, abuelos inclusive a nuestros docentes.<br \/>\nPor favor, no perdamos nuestro raciocinio.<\/p>\n<p>El autor es Licenciado en Ciencias Pedag\u00f3gicas.<\/p>\n","protected":false},"excerpt":{"rendered":"<p>Recuerdo que hace mucho tiempo una compa\u00f1era de trabajo, asistente de la direcci\u00f3n, tecleaba las actas del consejo t\u00e9cnico de la escuela, con m\u00e1quina de escribir alemana, supongo en ese entonces de la Alemania del Este, cuyo ruido era ensordecedor y para borrar un error hab\u00eda una especie de papelito y al teclear sobre \u00e9l, [&hellip;]<\/p>\n","protected":false},"author":1,"featured_media":160310,"comment_status":"open","ping_status":"open","sticky":false,"template":"","format":"standard","meta":{"_acf_changed":false,"footnotes":""},"categories":[9],"tags":[],"class_list":["post-232589","post","type-post","status-publish","format-standard","has-post-thumbnail","category-opinion"],"acf":{"antetitulo":""},"yoast_head":"<!-- This site is optimized with the Yoast SEO plugin v28.4 - https:\/\/yoast.com\/product\/yoast-seo-wordpress\/ -->\n<title>La p\u00e9rdida de lo aut\u00e9ntico - El Diario - Bolivia<\/title>\n<meta name=\"robots\" content=\"index, follow, max-snippet:-1, max-image-preview:large, max-video-preview:-1\" \/>\n<link rel=\"canonical\" href=\"https:\/\/www.eldiario.net\/portal\/2024\/07\/08\/la-perdida-de-lo-autentico\/\" \/>\n<meta property=\"og:locale\" content=\"es_ES\" \/>\n<meta property=\"og:type\" content=\"article\" \/>\n<meta property=\"og:title\" content=\"La p\u00e9rdida de lo aut\u00e9ntico - El Diario - Bolivia\" \/>\n<meta property=\"og:description\" content=\"Recuerdo que hace mucho tiempo una compa\u00f1era de trabajo, asistente de la direcci\u00f3n, tecleaba las actas del consejo t\u00e9cnico de la escuela, con m\u00e1quina de escribir alemana, supongo en ese entonces de la Alemania del Este, cuyo ruido era ensordecedor y para borrar un error hab\u00eda una especie de papelito y al teclear sobre \u00e9l, [&hellip;]\" \/>\n<meta property=\"og:url\" content=\"https:\/\/www.eldiario.net\/portal\/2024\/07\/08\/la-perdida-de-lo-autentico\/\" \/>\n<meta property=\"og:site_name\" content=\"El Diario - Bolivia\" \/>\n<meta property=\"article:publisher\" content=\"https:\/\/www.facebook.com\/eldiario.bolivia\/\" \/>\n<meta property=\"article:published_time\" content=\"2024-07-08T10:13:32+00:00\" \/>\n<meta property=\"og:image\" content=\"https:\/\/www.eldiario.net\/portal\/wp-content\/uploads\/2023\/06\/Ernesto-Gonzalez-Valdes.jpg\" \/>\n\t<meta property=\"og:image:width\" content=\"1200\" \/>\n\t<meta property=\"og:image:height\" content=\"628\" \/>\n\t<meta property=\"og:image:type\" content=\"image\/jpeg\" \/>\n<meta name=\"author\" content=\"Jeanette\" \/>\n<meta name=\"twitter:card\" content=\"summary_large_image\" \/>\n<meta name=\"twitter:creator\" content=\"@eldiario_net\" \/>\n<meta name=\"twitter:site\" content=\"@eldiario_net\" \/>\n<meta name=\"twitter:label1\" content=\"Escrito por\" \/>\n\t<meta name=\"twitter:data1\" content=\"Jeanette\" \/>\n\t<meta name=\"twitter:label2\" content=\"Tiempo de lectura\" \/>\n\t<meta name=\"twitter:data2\" content=\"3 minutos\" \/>\n<script type=\"application\/ld+json\" class=\"yoast-schema-graph\">{\"@context\":\"https:\\\/\\\/schema.org\",\"@graph\":[{\"@type\":\"Article\",\"@id\":\"https:\\\/\\\/www.eldiario.net\\\/portal\\\/2024\\\/07\\\/08\\\/la-perdida-de-lo-autentico\\\/#article\",\"isPartOf\":{\"@id\":\"https:\\\/\\\/www.eldiario.net\\\/portal\\\/2024\\\/07\\\/08\\\/la-perdida-de-lo-autentico\\\/\"},\"author\":{\"name\":\"Jeanette\",\"@id\":\"https:\\\/\\\/www.eldiario.net\\\/portal\\\/#\\\/schema\\\/person\\\/f46445640444750d7d753ccd04ae01b7\"},\"headline\":\"La p\u00e9rdida de lo aut\u00e9ntico\",\"datePublished\":\"2024-07-08T10:13:32+00:00\",\"mainEntityOfPage\":{\"@id\":\"https:\\\/\\\/www.eldiario.net\\\/portal\\\/2024\\\/07\\\/08\\\/la-perdida-de-lo-autentico\\\/\"},\"wordCount\":558,\"commentCount\":0,\"publisher\":{\"@id\":\"https:\\\/\\\/www.eldiario.net\\\/portal\\\/#organization\"},\"image\":{\"@id\":\"https:\\\/\\\/www.eldiario.net\\\/portal\\\/2024\\\/07\\\/08\\\/la-perdida-de-lo-autentico\\\/#primaryimage\"},\"thumbnailUrl\":\"https:\\\/\\\/www.eldiario.net\\\/portal\\\/wp-content\\\/uploads\\\/2023\\\/06\\\/Ernesto-Gonzalez-Valdes.jpg\",\"articleSection\":[\"Opini\u00f3n\"],\"inLanguage\":\"es\",\"potentialAction\":[{\"@type\":\"CommentAction\",\"name\":\"Comment\",\"target\":[\"https:\\\/\\\/www.eldiario.net\\\/portal\\\/2024\\\/07\\\/08\\\/la-perdida-de-lo-autentico\\\/#respond\"]}]},{\"@type\":\"WebPage\",\"@id\":\"https:\\\/\\\/www.eldiario.net\\\/portal\\\/2024\\\/07\\\/08\\\/la-perdida-de-lo-autentico\\\/\",\"url\":\"https:\\\/\\\/www.eldiario.net\\\/portal\\\/2024\\\/07\\\/08\\\/la-perdida-de-lo-autentico\\\/\",\"name\":\"La p\u00e9rdida de lo aut\u00e9ntico - El Diario - Bolivia\",\"isPartOf\":{\"@id\":\"https:\\\/\\\/www.eldiario.net\\\/portal\\\/#website\"},\"primaryImageOfPage\":{\"@id\":\"https:\\\/\\\/www.eldiario.net\\\/portal\\\/2024\\\/07\\\/08\\\/la-perdida-de-lo-autentico\\\/#primaryimage\"},\"image\":{\"@id\":\"https:\\\/\\\/www.eldiario.net\\\/portal\\\/2024\\\/07\\\/08\\\/la-perdida-de-lo-autentico\\\/#primaryimage\"},\"thumbnailUrl\":\"https:\\\/\\\/www.eldiario.net\\\/portal\\\/wp-content\\\/uploads\\\/2023\\\/06\\\/Ernesto-Gonzalez-Valdes.jpg\",\"datePublished\":\"2024-07-08T10:13:32+00:00\",\"breadcrumb\":{\"@id\":\"https:\\\/\\\/www.eldiario.net\\\/portal\\\/2024\\\/07\\\/08\\\/la-perdida-de-lo-autentico\\\/#breadcrumb\"},\"inLanguage\":\"es\",\"potentialAction\":[{\"@type\":\"ReadAction\",\"target\":[\"https:\\\/\\\/www.eldiario.net\\\/portal\\\/2024\\\/07\\\/08\\\/la-perdida-de-lo-autentico\\\/\"]}]},{\"@type\":\"ImageObject\",\"inLanguage\":\"es\",\"@id\":\"https:\\\/\\\/www.eldiario.net\\\/portal\\\/2024\\\/07\\\/08\\\/la-perdida-de-lo-autentico\\\/#primaryimage\",\"url\":\"https:\\\/\\\/www.eldiario.net\\\/portal\\\/wp-content\\\/uploads\\\/2023\\\/06\\\/Ernesto-Gonzalez-Valdes.jpg\",\"contentUrl\":\"https:\\\/\\\/www.eldiario.net\\\/portal\\\/wp-content\\\/uploads\\\/2023\\\/06\\\/Ernesto-Gonzalez-Valdes.jpg\",\"width\":1200,\"height\":628,\"caption\":\"Ernesto Gonz\u00e1lez Vald\u00e9s\"},{\"@type\":\"BreadcrumbList\",\"@id\":\"https:\\\/\\\/www.eldiario.net\\\/portal\\\/2024\\\/07\\\/08\\\/la-perdida-de-lo-autentico\\\/#breadcrumb\",\"itemListElement\":[{\"@type\":\"ListItem\",\"position\":1,\"name\":\"Portada\",\"item\":\"https:\\\/\\\/www.eldiario.net\\\/portal\\\/\"},{\"@type\":\"ListItem\",\"position\":2,\"name\":\"La p\u00e9rdida de lo aut\u00e9ntico\"}]},{\"@type\":\"WebSite\",\"@id\":\"https:\\\/\\\/www.eldiario.net\\\/portal\\\/#website\",\"url\":\"https:\\\/\\\/www.eldiario.net\\\/portal\\\/\",\"name\":\"El Diario - Decano de la prensa nacional\",\"description\":\"El Diario - Decano de la prensa nacional\",\"publisher\":{\"@id\":\"https:\\\/\\\/www.eldiario.net\\\/portal\\\/#organization\"},\"potentialAction\":[{\"@type\":\"SearchAction\",\"target\":{\"@type\":\"EntryPoint\",\"urlTemplate\":\"https:\\\/\\\/www.eldiario.net\\\/portal\\\/?s={search_term_string}\"},\"query-input\":{\"@type\":\"PropertyValueSpecification\",\"valueRequired\":true,\"valueName\":\"search_term_string\"}}],\"inLanguage\":\"es\"},{\"@type\":\"Organization\",\"@id\":\"https:\\\/\\\/www.eldiario.net\\\/portal\\\/#organization\",\"name\":\"El Diario - Decano de la prensa nacional\",\"url\":\"https:\\\/\\\/www.eldiario.net\\\/portal\\\/\",\"logo\":{\"@type\":\"ImageObject\",\"inLanguage\":\"es\",\"@id\":\"https:\\\/\\\/www.eldiario.net\\\/portal\\\/#\\\/schema\\\/logo\\\/image\\\/\",\"url\":\"https:\\\/\\\/www.eldiario.net\\\/portal\\\/wp-content\\\/uploads\\\/2023\\\/07\\\/logo_ED.jpg\",\"contentUrl\":\"https:\\\/\\\/www.eldiario.net\\\/portal\\\/wp-content\\\/uploads\\\/2023\\\/07\\\/logo_ED.jpg\",\"width\":272,\"height\":52,\"caption\":\"El Diario - Decano de la prensa nacional\"},\"image\":{\"@id\":\"https:\\\/\\\/www.eldiario.net\\\/portal\\\/#\\\/schema\\\/logo\\\/image\\\/\"},\"sameAs\":[\"https:\\\/\\\/www.facebook.com\\\/eldiario.bolivia\\\/\",\"https:\\\/\\\/x.com\\\/eldiario_net\"]},{\"@type\":\"Person\",\"@id\":\"https:\\\/\\\/www.eldiario.net\\\/portal\\\/#\\\/schema\\\/person\\\/f46445640444750d7d753ccd04ae01b7\",\"name\":\"Jeanette\",\"image\":{\"@type\":\"ImageObject\",\"inLanguage\":\"es\",\"@id\":\"https:\\\/\\\/secure.gravatar.com\\\/avatar\\\/3ea2118a5f7dad2b7138b1187a6b7ee55f160b9968b66013c3a3ef39dd7e5798?s=96&d=mm&r=g\",\"url\":\"https:\\\/\\\/secure.gravatar.com\\\/avatar\\\/3ea2118a5f7dad2b7138b1187a6b7ee55f160b9968b66013c3a3ef39dd7e5798?s=96&d=mm&r=g\",\"contentUrl\":\"https:\\\/\\\/secure.gravatar.com\\\/avatar\\\/3ea2118a5f7dad2b7138b1187a6b7ee55f160b9968b66013c3a3ef39dd7e5798?s=96&d=mm&r=g\",\"caption\":\"Jeanette\"},\"sameAs\":[\"https:\\\/\\\/www.eldiario.net\\\/portal\"],\"url\":\"https:\\\/\\\/www.eldiario.net\\\/portal\\\/author\\\/jeanette\\\/\"}]}<\/script>\n<!-- \/ Yoast SEO plugin. -->","yoast_head_json":{"title":"La p\u00e9rdida de lo aut\u00e9ntico - El Diario - Bolivia","robots":{"index":"index","follow":"follow","max-snippet":"max-snippet:-1","max-image-preview":"max-image-preview:large","max-video-preview":"max-video-preview:-1"},"canonical":"https:\/\/www.eldiario.net\/portal\/2024\/07\/08\/la-perdida-de-lo-autentico\/","og_locale":"es_ES","og_type":"article","og_title":"La p\u00e9rdida de lo aut\u00e9ntico - El Diario - Bolivia","og_description":"Recuerdo que hace mucho tiempo una compa\u00f1era de trabajo, asistente de la direcci\u00f3n, tecleaba las actas del consejo t\u00e9cnico de la escuela, con m\u00e1quina de escribir alemana, supongo en ese entonces de la Alemania del Este, cuyo ruido era ensordecedor y para borrar un error hab\u00eda una especie de papelito y al teclear sobre \u00e9l, [&hellip;]","og_url":"https:\/\/www.eldiario.net\/portal\/2024\/07\/08\/la-perdida-de-lo-autentico\/","og_site_name":"El Diario - Bolivia","article_publisher":"https:\/\/www.facebook.com\/eldiario.bolivia\/","article_published_time":"2024-07-08T10:13:32+00:00","og_image":[{"width":1200,"height":628,"url":"https:\/\/www.eldiario.net\/portal\/wp-content\/uploads\/2023\/06\/Ernesto-Gonzalez-Valdes.jpg","type":"image\/jpeg"}],"author":"Jeanette","twitter_card":"summary_large_image","twitter_creator":"@eldiario_net","twitter_site":"@eldiario_net","twitter_misc":{"Escrito por":"Jeanette","Tiempo de lectura":"3 minutos"},"schema":{"@context":"https:\/\/schema.org","@graph":[{"@type":"Article","@id":"https:\/\/www.eldiario.net\/portal\/2024\/07\/08\/la-perdida-de-lo-autentico\/#article","isPartOf":{"@id":"https:\/\/www.eldiario.net\/portal\/2024\/07\/08\/la-perdida-de-lo-autentico\/"},"author":{"name":"Jeanette","@id":"https:\/\/www.eldiario.net\/portal\/#\/schema\/person\/f46445640444750d7d753ccd04ae01b7"},"headline":"La p\u00e9rdida de lo aut\u00e9ntico","datePublished":"2024-07-08T10:13:32+00:00","mainEntityOfPage":{"@id":"https:\/\/www.eldiario.net\/portal\/2024\/07\/08\/la-perdida-de-lo-autentico\/"},"wordCount":558,"commentCount":0,"publisher":{"@id":"https:\/\/www.eldiario.net\/portal\/#organization"},"image":{"@id":"https:\/\/www.eldiario.net\/portal\/2024\/07\/08\/la-perdida-de-lo-autentico\/#primaryimage"},"thumbnailUrl":"https:\/\/www.eldiario.net\/portal\/wp-content\/uploads\/2023\/06\/Ernesto-Gonzalez-Valdes.jpg","articleSection":["Opini\u00f3n"],"inLanguage":"es","potentialAction":[{"@type":"CommentAction","name":"Comment","target":["https:\/\/www.eldiario.net\/portal\/2024\/07\/08\/la-perdida-de-lo-autentico\/#respond"]}]},{"@type":"WebPage","@id":"https:\/\/www.eldiario.net\/portal\/2024\/07\/08\/la-perdida-de-lo-autentico\/","url":"https:\/\/www.eldiario.net\/portal\/2024\/07\/08\/la-perdida-de-lo-autentico\/","name":"La p\u00e9rdida de lo aut\u00e9ntico - El Diario - Bolivia","isPartOf":{"@id":"https:\/\/www.eldiario.net\/portal\/#website"},"primaryImageOfPage":{"@id":"https:\/\/www.eldiario.net\/portal\/2024\/07\/08\/la-perdida-de-lo-autentico\/#primaryimage"},"image":{"@id":"https:\/\/www.eldiario.net\/portal\/2024\/07\/08\/la-perdida-de-lo-autentico\/#primaryimage"},"thumbnailUrl":"https:\/\/www.eldiario.net\/portal\/wp-content\/uploads\/2023\/06\/Ernesto-Gonzalez-Valdes.jpg","datePublished":"2024-07-08T10:13:32+00:00","breadcrumb":{"@id":"https:\/\/www.eldiario.net\/portal\/2024\/07\/08\/la-perdida-de-lo-autentico\/#breadcrumb"},"inLanguage":"es","potentialAction":[{"@type":"ReadAction","target":["https:\/\/www.eldiario.net\/portal\/2024\/07\/08\/la-perdida-de-lo-autentico\/"]}]},{"@type":"ImageObject","inLanguage":"es","@id":"https:\/\/www.eldiario.net\/portal\/2024\/07\/08\/la-perdida-de-lo-autentico\/#primaryimage","url":"https:\/\/www.eldiario.net\/portal\/wp-content\/uploads\/2023\/06\/Ernesto-Gonzalez-Valdes.jpg","contentUrl":"https:\/\/www.eldiario.net\/portal\/wp-content\/uploads\/2023\/06\/Ernesto-Gonzalez-Valdes.jpg","width":1200,"height":628,"caption":"Ernesto Gonz\u00e1lez Vald\u00e9s"},{"@type":"BreadcrumbList","@id":"https:\/\/www.eldiario.net\/portal\/2024\/07\/08\/la-perdida-de-lo-autentico\/#breadcrumb","itemListElement":[{"@type":"ListItem","position":1,"name":"Portada","item":"https:\/\/www.eldiario.net\/portal\/"},{"@type":"ListItem","position":2,"name":"La p\u00e9rdida de lo aut\u00e9ntico"}]},{"@type":"WebSite","@id":"https:\/\/www.eldiario.net\/portal\/#website","url":"https:\/\/www.eldiario.net\/portal\/","name":"El Diario - Decano de la prensa nacional","description":"El Diario - Decano de la prensa nacional","publisher":{"@id":"https:\/\/www.eldiario.net\/portal\/#organization"},"potentialAction":[{"@type":"SearchAction","target":{"@type":"EntryPoint","urlTemplate":"https:\/\/www.eldiario.net\/portal\/?s={search_term_string}"},"query-input":{"@type":"PropertyValueSpecification","valueRequired":true,"valueName":"search_term_string"}}],"inLanguage":"es"},{"@type":"Organization","@id":"https:\/\/www.eldiario.net\/portal\/#organization","name":"El Diario - Decano de la prensa nacional","url":"https:\/\/www.eldiario.net\/portal\/","logo":{"@type":"ImageObject","inLanguage":"es","@id":"https:\/\/www.eldiario.net\/portal\/#\/schema\/logo\/image\/","url":"https:\/\/www.eldiario.net\/portal\/wp-content\/uploads\/2023\/07\/logo_ED.jpg","contentUrl":"https:\/\/www.eldiario.net\/portal\/wp-content\/uploads\/2023\/07\/logo_ED.jpg","width":272,"height":52,"caption":"El Diario - Decano de la prensa nacional"},"image":{"@id":"https:\/\/www.eldiario.net\/portal\/#\/schema\/logo\/image\/"},"sameAs":["https:\/\/www.facebook.com\/eldiario.bolivia\/","https:\/\/x.com\/eldiario_net"]},{"@type":"Person","@id":"https:\/\/www.eldiario.net\/portal\/#\/schema\/person\/f46445640444750d7d753ccd04ae01b7","name":"Jeanette","image":{"@type":"ImageObject","inLanguage":"es","@id":"https:\/\/secure.gravatar.com\/avatar\/3ea2118a5f7dad2b7138b1187a6b7ee55f160b9968b66013c3a3ef39dd7e5798?s=96&d=mm&r=g","url":"https:\/\/secure.gravatar.com\/avatar\/3ea2118a5f7dad2b7138b1187a6b7ee55f160b9968b66013c3a3ef39dd7e5798?s=96&d=mm&r=g","contentUrl":"https:\/\/secure.gravatar.com\/avatar\/3ea2118a5f7dad2b7138b1187a6b7ee55f160b9968b66013c3a3ef39dd7e5798?s=96&d=mm&r=g","caption":"Jeanette"},"sameAs":["https:\/\/www.eldiario.net\/portal"],"url":"https:\/\/www.eldiario.net\/portal\/author\/jeanette\/"}]}},"_links":{"self":[{"href":"https:\/\/www.eldiario.net\/portal\/wp-json\/wp\/v2\/posts\/232589","targetHints":{"allow":["GET"]}}],"collection":[{"href":"https:\/\/www.eldiario.net\/portal\/wp-json\/wp\/v2\/posts"}],"about":[{"href":"https:\/\/www.eldiario.net\/portal\/wp-json\/wp\/v2\/types\/post"}],"author":[{"embeddable":true,"href":"https:\/\/www.eldiario.net\/portal\/wp-json\/wp\/v2\/users\/1"}],"replies":[{"embeddable":true,"href":"https:\/\/www.eldiario.net\/portal\/wp-json\/wp\/v2\/comments?post=232589"}],"version-history":[{"count":1,"href":"https:\/\/www.eldiario.net\/portal\/wp-json\/wp\/v2\/posts\/232589\/revisions"}],"predecessor-version":[{"id":232590,"href":"https:\/\/www.eldiario.net\/portal\/wp-json\/wp\/v2\/posts\/232589\/revisions\/232590"}],"wp:featuredmedia":[{"embeddable":true,"href":"https:\/\/www.eldiario.net\/portal\/wp-json\/wp\/v2\/media\/160310"}],"wp:attachment":[{"href":"https:\/\/www.eldiario.net\/portal\/wp-json\/wp\/v2\/media?parent=232589"}],"wp:term":[{"taxonomy":"category","embeddable":true,"href":"https:\/\/www.eldiario.net\/portal\/wp-json\/wp\/v2\/categories?post=232589"},{"taxonomy":"post_tag","embeddable":true,"href":"https:\/\/www.eldiario.net\/portal\/wp-json\/wp\/v2\/tags?post=232589"}],"curies":[{"name":"wp","href":"https:\/\/api.w.org\/{rel}","templated":true}]}}