{"id":232581,"date":"2024-07-08T06:11:39","date_gmt":"2024-07-08T10:11:39","guid":{"rendered":"https:\/\/www.eldiario.net\/portal\/?p=232581"},"modified":"2024-07-08T06:11:39","modified_gmt":"2024-07-08T10:11:39","slug":"ratones-paranoicos-estrena-nuevo-single-y-video-rock-n-roll-total","status":"publish","type":"post","link":"https:\/\/www.eldiario.net\/portal\/2024\/07\/08\/ratones-paranoicos-estrena-nuevo-single-y-video-rock-n-roll-total\/","title":{"rendered":"Ratones Paranoicos estrena nuevo single y video Rock \u2018n\u2019 Roll Total"},"content":{"rendered":"<p>Se trata de un track con ADN 100% propio, compuesto por su vocalista y guitarrista Juanse, con el bajista Pablo Memi y junto al m\u00edtico Andrew Loog Oldham, que tambi\u00e9n realiz\u00f3 la mezcla y produjo el tema en t\u00e1ndem con el l\u00edder del grupo.<br \/>\nEl video, dirigido por Gabriel Rocca, muestra a trav\u00e9s de im\u00e1genes muy sugestivas en blanco y negro a los cuatro integrantes de Ratones \u2013que completan Sarco en guitarra y Roy en bater\u00eda\u2013 interactuando con un variado grupo de personas que bailan con ellos, entre quienes se luce Julie, esposa de Juanse.<br \/>\nAdem\u00e1s, la celebraci\u00f3n del lanzamiento se realiz\u00f3 en el CAI, primer Centro Audiovisual Inmersivo de Buenos Aires, ubicado en el barrio porte\u00f1o de Colegiales. So\u00f1ado y creado por Sasami \u2013especialistas en la creaci\u00f3n, producci\u00f3n y realizaci\u00f3n de experiencias audiovisuales innovadoras\u2013, es un espacio en donde la creatividad, el arte y la tecnolog\u00eda se funden en un entorno \u00fanico, que estimula todos los sentidos.<br \/>\nCon cuatro d\u00e9cadas de trayectoria, los Ratones Paranoicos se encuentran embarcados en \u201c\u00daltima Ceremonia Tour\u201d por su pa\u00eds para desatar la fiesta rockera con \u00e9xitos como \u201cRock del Gato\u201d, \u201cLa Nave\u201d, \u201cYa mor\u00ed\u201d, \u201cJuana de Arco\u201d, \u201cSigue girando\u201d, entre muchos m\u00e1s que forman parte del cancionero popular.<br \/>\nAsimismo, se est\u00e1n editando nuevas versiones en LP del rico cat\u00e1logo de la banda, como la reciente versi\u00f3n 25\u00ba Aniversario de \u201cElectroshock\u201d en vinilo transparente.<\/p>\n","protected":false},"excerpt":{"rendered":"<p>Se trata de un track con ADN 100% propio, compuesto por su vocalista y guitarrista Juanse, con el bajista Pablo Memi y junto al m\u00edtico Andrew Loog Oldham, que tambi\u00e9n realiz\u00f3 la mezcla y produjo el tema en t\u00e1ndem con el l\u00edder del grupo. El video, dirigido por Gabriel Rocca, muestra a trav\u00e9s de im\u00e1genes [&hellip;]<\/p>\n","protected":false},"author":1,"featured_media":232582,"comment_status":"open","ping_status":"open","sticky":false,"template":"","format":"standard","meta":{"_acf_changed":false,"footnotes":""},"categories":[8],"tags":[],"class_list":["post-232581","post","type-post","status-publish","format-standard","has-post-thumbnail","category-cultural"],"acf":{"antetitulo":"\u00cdconos del rock"},"yoast_head":"<!-- This site is optimized with the Yoast SEO plugin v28.4 - https:\/\/yoast.com\/product\/yoast-seo-wordpress\/ -->\n<title>Ratones Paranoicos estrena nuevo single y video Rock \u2018n\u2019 Roll Total - El Diario - Bolivia<\/title>\n<meta name=\"robots\" content=\"index, follow, max-snippet:-1, max-image-preview:large, max-video-preview:-1\" \/>\n<link rel=\"canonical\" href=\"https:\/\/www.eldiario.net\/portal\/2024\/07\/08\/ratones-paranoicos-estrena-nuevo-single-y-video-rock-n-roll-total\/\" \/>\n<meta property=\"og:locale\" content=\"es_ES\" \/>\n<meta property=\"og:type\" content=\"article\" \/>\n<meta property=\"og:title\" content=\"Ratones Paranoicos estrena nuevo single y video Rock \u2018n\u2019 Roll Total - El Diario - Bolivia\" \/>\n<meta property=\"og:description\" content=\"Se trata de un track con ADN 100% propio, compuesto por su vocalista y guitarrista Juanse, con el bajista Pablo Memi y junto al m\u00edtico Andrew Loog Oldham, que tambi\u00e9n realiz\u00f3 la mezcla y produjo el tema en t\u00e1ndem con el l\u00edder del grupo. El video, dirigido por Gabriel Rocca, muestra a trav\u00e9s de im\u00e1genes [&hellip;]\" \/>\n<meta property=\"og:url\" content=\"https:\/\/www.eldiario.net\/portal\/2024\/07\/08\/ratones-paranoicos-estrena-nuevo-single-y-video-rock-n-roll-total\/\" \/>\n<meta property=\"og:site_name\" content=\"El Diario - Bolivia\" \/>\n<meta property=\"article:publisher\" content=\"https:\/\/www.facebook.com\/eldiario.bolivia\/\" \/>\n<meta property=\"article:published_time\" content=\"2024-07-08T10:11:39+00:00\" \/>\n<meta property=\"og:image\" content=\"https:\/\/www.eldiario.net\/portal\/wp-content\/uploads\/2024\/07\/RATONES.jpg\" \/>\n\t<meta property=\"og:image:width\" content=\"1200\" \/>\n\t<meta property=\"og:image:height\" content=\"900\" \/>\n\t<meta property=\"og:image:type\" content=\"image\/jpeg\" \/>\n<meta name=\"author\" content=\"Jeanette\" \/>\n<meta name=\"twitter:card\" content=\"summary_large_image\" \/>\n<meta name=\"twitter:creator\" content=\"@eldiario_net\" \/>\n<meta name=\"twitter:site\" content=\"@eldiario_net\" \/>\n<meta name=\"twitter:label1\" content=\"Escrito por\" \/>\n\t<meta name=\"twitter:data1\" content=\"Jeanette\" \/>\n\t<meta name=\"twitter:label2\" content=\"Tiempo de lectura\" \/>\n\t<meta name=\"twitter:data2\" content=\"2 minutos\" \/>\n<script type=\"application\/ld+json\" class=\"yoast-schema-graph\">{\"@context\":\"https:\\\/\\\/schema.org\",\"@graph\":[{\"@type\":\"Article\",\"@id\":\"https:\\\/\\\/www.eldiario.net\\\/portal\\\/2024\\\/07\\\/08\\\/ratones-paranoicos-estrena-nuevo-single-y-video-rock-n-roll-total\\\/#article\",\"isPartOf\":{\"@id\":\"https:\\\/\\\/www.eldiario.net\\\/portal\\\/2024\\\/07\\\/08\\\/ratones-paranoicos-estrena-nuevo-single-y-video-rock-n-roll-total\\\/\"},\"author\":{\"name\":\"Jeanette\",\"@id\":\"https:\\\/\\\/www.eldiario.net\\\/portal\\\/#\\\/schema\\\/person\\\/f46445640444750d7d753ccd04ae01b7\"},\"headline\":\"Ratones Paranoicos estrena nuevo single y video Rock \u2018n\u2019 Roll Total\",\"datePublished\":\"2024-07-08T10:11:39+00:00\",\"mainEntityOfPage\":{\"@id\":\"https:\\\/\\\/www.eldiario.net\\\/portal\\\/2024\\\/07\\\/08\\\/ratones-paranoicos-estrena-nuevo-single-y-video-rock-n-roll-total\\\/\"},\"wordCount\":260,\"commentCount\":0,\"publisher\":{\"@id\":\"https:\\\/\\\/www.eldiario.net\\\/portal\\\/#organization\"},\"image\":{\"@id\":\"https:\\\/\\\/www.eldiario.net\\\/portal\\\/2024\\\/07\\\/08\\\/ratones-paranoicos-estrena-nuevo-single-y-video-rock-n-roll-total\\\/#primaryimage\"},\"thumbnailUrl\":\"https:\\\/\\\/www.eldiario.net\\\/portal\\\/wp-content\\\/uploads\\\/2024\\\/07\\\/RATONES.jpg\",\"articleSection\":[\"Cultural\"],\"inLanguage\":\"es\",\"potentialAction\":[{\"@type\":\"CommentAction\",\"name\":\"Comment\",\"target\":[\"https:\\\/\\\/www.eldiario.net\\\/portal\\\/2024\\\/07\\\/08\\\/ratones-paranoicos-estrena-nuevo-single-y-video-rock-n-roll-total\\\/#respond\"]}]},{\"@type\":\"WebPage\",\"@id\":\"https:\\\/\\\/www.eldiario.net\\\/portal\\\/2024\\\/07\\\/08\\\/ratones-paranoicos-estrena-nuevo-single-y-video-rock-n-roll-total\\\/\",\"url\":\"https:\\\/\\\/www.eldiario.net\\\/portal\\\/2024\\\/07\\\/08\\\/ratones-paranoicos-estrena-nuevo-single-y-video-rock-n-roll-total\\\/\",\"name\":\"Ratones Paranoicos estrena nuevo single y video Rock \u2018n\u2019 Roll Total - El Diario - Bolivia\",\"isPartOf\":{\"@id\":\"https:\\\/\\\/www.eldiario.net\\\/portal\\\/#website\"},\"primaryImageOfPage\":{\"@id\":\"https:\\\/\\\/www.eldiario.net\\\/portal\\\/2024\\\/07\\\/08\\\/ratones-paranoicos-estrena-nuevo-single-y-video-rock-n-roll-total\\\/#primaryimage\"},\"image\":{\"@id\":\"https:\\\/\\\/www.eldiario.net\\\/portal\\\/2024\\\/07\\\/08\\\/ratones-paranoicos-estrena-nuevo-single-y-video-rock-n-roll-total\\\/#primaryimage\"},\"thumbnailUrl\":\"https:\\\/\\\/www.eldiario.net\\\/portal\\\/wp-content\\\/uploads\\\/2024\\\/07\\\/RATONES.jpg\",\"datePublished\":\"2024-07-08T10:11:39+00:00\",\"breadcrumb\":{\"@id\":\"https:\\\/\\\/www.eldiario.net\\\/portal\\\/2024\\\/07\\\/08\\\/ratones-paranoicos-estrena-nuevo-single-y-video-rock-n-roll-total\\\/#breadcrumb\"},\"inLanguage\":\"es\",\"potentialAction\":[{\"@type\":\"ReadAction\",\"target\":[\"https:\\\/\\\/www.eldiario.net\\\/portal\\\/2024\\\/07\\\/08\\\/ratones-paranoicos-estrena-nuevo-single-y-video-rock-n-roll-total\\\/\"]}]},{\"@type\":\"ImageObject\",\"inLanguage\":\"es\",\"@id\":\"https:\\\/\\\/www.eldiario.net\\\/portal\\\/2024\\\/07\\\/08\\\/ratones-paranoicos-estrena-nuevo-single-y-video-rock-n-roll-total\\\/#primaryimage\",\"url\":\"https:\\\/\\\/www.eldiario.net\\\/portal\\\/wp-content\\\/uploads\\\/2024\\\/07\\\/RATONES.jpg\",\"contentUrl\":\"https:\\\/\\\/www.eldiario.net\\\/portal\\\/wp-content\\\/uploads\\\/2024\\\/07\\\/RATONES.jpg\",\"width\":1200,\"height\":900,\"caption\":\"INTEGRANTES DE LA BANDA DE ROCK ARGENTINA.\"},{\"@type\":\"BreadcrumbList\",\"@id\":\"https:\\\/\\\/www.eldiario.net\\\/portal\\\/2024\\\/07\\\/08\\\/ratones-paranoicos-estrena-nuevo-single-y-video-rock-n-roll-total\\\/#breadcrumb\",\"itemListElement\":[{\"@type\":\"ListItem\",\"position\":1,\"name\":\"Portada\",\"item\":\"https:\\\/\\\/www.eldiario.net\\\/portal\\\/\"},{\"@type\":\"ListItem\",\"position\":2,\"name\":\"Ratones Paranoicos estrena nuevo single y video Rock \u2018n\u2019 Roll Total\"}]},{\"@type\":\"WebSite\",\"@id\":\"https:\\\/\\\/www.eldiario.net\\\/portal\\\/#website\",\"url\":\"https:\\\/\\\/www.eldiario.net\\\/portal\\\/\",\"name\":\"El Diario - Decano de la prensa nacional\",\"description\":\"El Diario - Decano de la prensa nacional\",\"publisher\":{\"@id\":\"https:\\\/\\\/www.eldiario.net\\\/portal\\\/#organization\"},\"potentialAction\":[{\"@type\":\"SearchAction\",\"target\":{\"@type\":\"EntryPoint\",\"urlTemplate\":\"https:\\\/\\\/www.eldiario.net\\\/portal\\\/?s={search_term_string}\"},\"query-input\":{\"@type\":\"PropertyValueSpecification\",\"valueRequired\":true,\"valueName\":\"search_term_string\"}}],\"inLanguage\":\"es\"},{\"@type\":\"Organization\",\"@id\":\"https:\\\/\\\/www.eldiario.net\\\/portal\\\/#organization\",\"name\":\"El Diario - Decano de la prensa nacional\",\"url\":\"https:\\\/\\\/www.eldiario.net\\\/portal\\\/\",\"logo\":{\"@type\":\"ImageObject\",\"inLanguage\":\"es\",\"@id\":\"https:\\\/\\\/www.eldiario.net\\\/portal\\\/#\\\/schema\\\/logo\\\/image\\\/\",\"url\":\"https:\\\/\\\/www.eldiario.net\\\/portal\\\/wp-content\\\/uploads\\\/2023\\\/07\\\/logo_ED.jpg\",\"contentUrl\":\"https:\\\/\\\/www.eldiario.net\\\/portal\\\/wp-content\\\/uploads\\\/2023\\\/07\\\/logo_ED.jpg\",\"width\":272,\"height\":52,\"caption\":\"El Diario - Decano de la prensa nacional\"},\"image\":{\"@id\":\"https:\\\/\\\/www.eldiario.net\\\/portal\\\/#\\\/schema\\\/logo\\\/image\\\/\"},\"sameAs\":[\"https:\\\/\\\/www.facebook.com\\\/eldiario.bolivia\\\/\",\"https:\\\/\\\/x.com\\\/eldiario_net\"]},{\"@type\":\"Person\",\"@id\":\"https:\\\/\\\/www.eldiario.net\\\/portal\\\/#\\\/schema\\\/person\\\/f46445640444750d7d753ccd04ae01b7\",\"name\":\"Jeanette\",\"image\":{\"@type\":\"ImageObject\",\"inLanguage\":\"es\",\"@id\":\"https:\\\/\\\/secure.gravatar.com\\\/avatar\\\/3ea2118a5f7dad2b7138b1187a6b7ee55f160b9968b66013c3a3ef39dd7e5798?s=96&d=mm&r=g\",\"url\":\"https:\\\/\\\/secure.gravatar.com\\\/avatar\\\/3ea2118a5f7dad2b7138b1187a6b7ee55f160b9968b66013c3a3ef39dd7e5798?s=96&d=mm&r=g\",\"contentUrl\":\"https:\\\/\\\/secure.gravatar.com\\\/avatar\\\/3ea2118a5f7dad2b7138b1187a6b7ee55f160b9968b66013c3a3ef39dd7e5798?s=96&d=mm&r=g\",\"caption\":\"Jeanette\"},\"sameAs\":[\"https:\\\/\\\/www.eldiario.net\\\/portal\"],\"url\":\"https:\\\/\\\/www.eldiario.net\\\/portal\\\/author\\\/jeanette\\\/\"}]}<\/script>\n<!-- \/ Yoast SEO plugin. -->","yoast_head_json":{"title":"Ratones Paranoicos estrena nuevo single y video Rock \u2018n\u2019 Roll Total - El Diario - Bolivia","robots":{"index":"index","follow":"follow","max-snippet":"max-snippet:-1","max-image-preview":"max-image-preview:large","max-video-preview":"max-video-preview:-1"},"canonical":"https:\/\/www.eldiario.net\/portal\/2024\/07\/08\/ratones-paranoicos-estrena-nuevo-single-y-video-rock-n-roll-total\/","og_locale":"es_ES","og_type":"article","og_title":"Ratones Paranoicos estrena nuevo single y video Rock \u2018n\u2019 Roll Total - El Diario - Bolivia","og_description":"Se trata de un track con ADN 100% propio, compuesto por su vocalista y guitarrista Juanse, con el bajista Pablo Memi y junto al m\u00edtico Andrew Loog Oldham, que tambi\u00e9n realiz\u00f3 la mezcla y produjo el tema en t\u00e1ndem con el l\u00edder del grupo. El video, dirigido por Gabriel Rocca, muestra a trav\u00e9s de im\u00e1genes [&hellip;]","og_url":"https:\/\/www.eldiario.net\/portal\/2024\/07\/08\/ratones-paranoicos-estrena-nuevo-single-y-video-rock-n-roll-total\/","og_site_name":"El Diario - Bolivia","article_publisher":"https:\/\/www.facebook.com\/eldiario.bolivia\/","article_published_time":"2024-07-08T10:11:39+00:00","og_image":[{"width":1200,"height":900,"url":"https:\/\/www.eldiario.net\/portal\/wp-content\/uploads\/2024\/07\/RATONES.jpg","type":"image\/jpeg"}],"author":"Jeanette","twitter_card":"summary_large_image","twitter_creator":"@eldiario_net","twitter_site":"@eldiario_net","twitter_misc":{"Escrito por":"Jeanette","Tiempo de lectura":"2 minutos"},"schema":{"@context":"https:\/\/schema.org","@graph":[{"@type":"Article","@id":"https:\/\/www.eldiario.net\/portal\/2024\/07\/08\/ratones-paranoicos-estrena-nuevo-single-y-video-rock-n-roll-total\/#article","isPartOf":{"@id":"https:\/\/www.eldiario.net\/portal\/2024\/07\/08\/ratones-paranoicos-estrena-nuevo-single-y-video-rock-n-roll-total\/"},"author":{"name":"Jeanette","@id":"https:\/\/www.eldiario.net\/portal\/#\/schema\/person\/f46445640444750d7d753ccd04ae01b7"},"headline":"Ratones Paranoicos estrena nuevo single y video Rock \u2018n\u2019 Roll Total","datePublished":"2024-07-08T10:11:39+00:00","mainEntityOfPage":{"@id":"https:\/\/www.eldiario.net\/portal\/2024\/07\/08\/ratones-paranoicos-estrena-nuevo-single-y-video-rock-n-roll-total\/"},"wordCount":260,"commentCount":0,"publisher":{"@id":"https:\/\/www.eldiario.net\/portal\/#organization"},"image":{"@id":"https:\/\/www.eldiario.net\/portal\/2024\/07\/08\/ratones-paranoicos-estrena-nuevo-single-y-video-rock-n-roll-total\/#primaryimage"},"thumbnailUrl":"https:\/\/www.eldiario.net\/portal\/wp-content\/uploads\/2024\/07\/RATONES.jpg","articleSection":["Cultural"],"inLanguage":"es","potentialAction":[{"@type":"CommentAction","name":"Comment","target":["https:\/\/www.eldiario.net\/portal\/2024\/07\/08\/ratones-paranoicos-estrena-nuevo-single-y-video-rock-n-roll-total\/#respond"]}]},{"@type":"WebPage","@id":"https:\/\/www.eldiario.net\/portal\/2024\/07\/08\/ratones-paranoicos-estrena-nuevo-single-y-video-rock-n-roll-total\/","url":"https:\/\/www.eldiario.net\/portal\/2024\/07\/08\/ratones-paranoicos-estrena-nuevo-single-y-video-rock-n-roll-total\/","name":"Ratones Paranoicos estrena nuevo single y video Rock \u2018n\u2019 Roll Total - El Diario - Bolivia","isPartOf":{"@id":"https:\/\/www.eldiario.net\/portal\/#website"},"primaryImageOfPage":{"@id":"https:\/\/www.eldiario.net\/portal\/2024\/07\/08\/ratones-paranoicos-estrena-nuevo-single-y-video-rock-n-roll-total\/#primaryimage"},"image":{"@id":"https:\/\/www.eldiario.net\/portal\/2024\/07\/08\/ratones-paranoicos-estrena-nuevo-single-y-video-rock-n-roll-total\/#primaryimage"},"thumbnailUrl":"https:\/\/www.eldiario.net\/portal\/wp-content\/uploads\/2024\/07\/RATONES.jpg","datePublished":"2024-07-08T10:11:39+00:00","breadcrumb":{"@id":"https:\/\/www.eldiario.net\/portal\/2024\/07\/08\/ratones-paranoicos-estrena-nuevo-single-y-video-rock-n-roll-total\/#breadcrumb"},"inLanguage":"es","potentialAction":[{"@type":"ReadAction","target":["https:\/\/www.eldiario.net\/portal\/2024\/07\/08\/ratones-paranoicos-estrena-nuevo-single-y-video-rock-n-roll-total\/"]}]},{"@type":"ImageObject","inLanguage":"es","@id":"https:\/\/www.eldiario.net\/portal\/2024\/07\/08\/ratones-paranoicos-estrena-nuevo-single-y-video-rock-n-roll-total\/#primaryimage","url":"https:\/\/www.eldiario.net\/portal\/wp-content\/uploads\/2024\/07\/RATONES.jpg","contentUrl":"https:\/\/www.eldiario.net\/portal\/wp-content\/uploads\/2024\/07\/RATONES.jpg","width":1200,"height":900,"caption":"INTEGRANTES DE LA BANDA DE ROCK ARGENTINA."},{"@type":"BreadcrumbList","@id":"https:\/\/www.eldiario.net\/portal\/2024\/07\/08\/ratones-paranoicos-estrena-nuevo-single-y-video-rock-n-roll-total\/#breadcrumb","itemListElement":[{"@type":"ListItem","position":1,"name":"Portada","item":"https:\/\/www.eldiario.net\/portal\/"},{"@type":"ListItem","position":2,"name":"Ratones Paranoicos estrena nuevo single y video Rock \u2018n\u2019 Roll Total"}]},{"@type":"WebSite","@id":"https:\/\/www.eldiario.net\/portal\/#website","url":"https:\/\/www.eldiario.net\/portal\/","name":"El Diario - Decano de la prensa nacional","description":"El Diario - Decano de la prensa nacional","publisher":{"@id":"https:\/\/www.eldiario.net\/portal\/#organization"},"potentialAction":[{"@type":"SearchAction","target":{"@type":"EntryPoint","urlTemplate":"https:\/\/www.eldiario.net\/portal\/?s={search_term_string}"},"query-input":{"@type":"PropertyValueSpecification","valueRequired":true,"valueName":"search_term_string"}}],"inLanguage":"es"},{"@type":"Organization","@id":"https:\/\/www.eldiario.net\/portal\/#organization","name":"El Diario - Decano de la prensa nacional","url":"https:\/\/www.eldiario.net\/portal\/","logo":{"@type":"ImageObject","inLanguage":"es","@id":"https:\/\/www.eldiario.net\/portal\/#\/schema\/logo\/image\/","url":"https:\/\/www.eldiario.net\/portal\/wp-content\/uploads\/2023\/07\/logo_ED.jpg","contentUrl":"https:\/\/www.eldiario.net\/portal\/wp-content\/uploads\/2023\/07\/logo_ED.jpg","width":272,"height":52,"caption":"El Diario - Decano de la prensa nacional"},"image":{"@id":"https:\/\/www.eldiario.net\/portal\/#\/schema\/logo\/image\/"},"sameAs":["https:\/\/www.facebook.com\/eldiario.bolivia\/","https:\/\/x.com\/eldiario_net"]},{"@type":"Person","@id":"https:\/\/www.eldiario.net\/portal\/#\/schema\/person\/f46445640444750d7d753ccd04ae01b7","name":"Jeanette","image":{"@type":"ImageObject","inLanguage":"es","@id":"https:\/\/secure.gravatar.com\/avatar\/3ea2118a5f7dad2b7138b1187a6b7ee55f160b9968b66013c3a3ef39dd7e5798?s=96&d=mm&r=g","url":"https:\/\/secure.gravatar.com\/avatar\/3ea2118a5f7dad2b7138b1187a6b7ee55f160b9968b66013c3a3ef39dd7e5798?s=96&d=mm&r=g","contentUrl":"https:\/\/secure.gravatar.com\/avatar\/3ea2118a5f7dad2b7138b1187a6b7ee55f160b9968b66013c3a3ef39dd7e5798?s=96&d=mm&r=g","caption":"Jeanette"},"sameAs":["https:\/\/www.eldiario.net\/portal"],"url":"https:\/\/www.eldiario.net\/portal\/author\/jeanette\/"}]}},"_links":{"self":[{"href":"https:\/\/www.eldiario.net\/portal\/wp-json\/wp\/v2\/posts\/232581","targetHints":{"allow":["GET"]}}],"collection":[{"href":"https:\/\/www.eldiario.net\/portal\/wp-json\/wp\/v2\/posts"}],"about":[{"href":"https:\/\/www.eldiario.net\/portal\/wp-json\/wp\/v2\/types\/post"}],"author":[{"embeddable":true,"href":"https:\/\/www.eldiario.net\/portal\/wp-json\/wp\/v2\/users\/1"}],"replies":[{"embeddable":true,"href":"https:\/\/www.eldiario.net\/portal\/wp-json\/wp\/v2\/comments?post=232581"}],"version-history":[{"count":1,"href":"https:\/\/www.eldiario.net\/portal\/wp-json\/wp\/v2\/posts\/232581\/revisions"}],"predecessor-version":[{"id":232583,"href":"https:\/\/www.eldiario.net\/portal\/wp-json\/wp\/v2\/posts\/232581\/revisions\/232583"}],"wp:featuredmedia":[{"embeddable":true,"href":"https:\/\/www.eldiario.net\/portal\/wp-json\/wp\/v2\/media\/232582"}],"wp:attachment":[{"href":"https:\/\/www.eldiario.net\/portal\/wp-json\/wp\/v2\/media?parent=232581"}],"wp:term":[{"taxonomy":"category","embeddable":true,"href":"https:\/\/www.eldiario.net\/portal\/wp-json\/wp\/v2\/categories?post=232581"},{"taxonomy":"post_tag","embeddable":true,"href":"https:\/\/www.eldiario.net\/portal\/wp-json\/wp\/v2\/tags?post=232581"}],"curies":[{"name":"wp","href":"https:\/\/api.w.org\/{rel}","templated":true}]}}