{"id":232477,"date":"2024-07-08T05:43:08","date_gmt":"2024-07-08T09:43:08","guid":{"rendered":"https:\/\/www.eldiario.net\/portal\/?p=232477"},"modified":"2024-07-08T05:43:08","modified_gmt":"2024-07-08T09:43:08","slug":"si-alguien-quiere-subir-su-popularidad-que-cumpla-con-su-deber-con-lo-que-debe-hacer","status":"publish","type":"post","link":"https:\/\/www.eldiario.net\/portal\/2024\/07\/08\/si-alguien-quiere-subir-su-popularidad-que-cumpla-con-su-deber-con-lo-que-debe-hacer\/","title":{"rendered":"\u201cSi alguien quiere subir su popularidad que  cumpla con su deber, con lo que debe hacer\u201d"},"content":{"rendered":"<p>\u201cHay tantas cosas que podemos solucionar en nuestro pa\u00eds de esa manera, si alguien quiere ser importante en la sociedad, que trabaje, que haga las cosas como corresponde; si alguien quiere subir su popularidad, ser importante en la sociedad, que cumpla con su deber, con lo que debe hacer, esa es la manera\u201d, dijo el Arzobispo de Santa Cruz ayer durante su homil\u00eda.<br \/>\nLa autoridad de la Iglesia Cat\u00f3lica llam\u00f3 a la poblaci\u00f3n a reflexionar, record\u00f3 que ninguna persona es m\u00e1s importante que otra, pues todos fueron creados iguales y as\u00ed deben ser tratados.<br \/>\n\u201cNadie es m\u00e1s importante que otro, todos somos importantes. Ser\u00eda lindo si se aplica lo que dice, en Bolivia tanto lo repiten: la Constituci\u00f3n es para todos, pero a la hora de la verdad no es as\u00ed\u201d, sostuvo Leigue.<br \/>\nAsimismo, Leigue indic\u00f3 que todos tienen que cumplir con responsabilidades y deberes dentro de la sociedad; sin embargo, esto debe aplicarse sin segundas intenciones; es decir, hacerlo porque se debe no porque se quiere que los dem\u00e1s lo vean.<br \/>\n\u201cNo vamos hacer las cosas para que nos vean, hagamos las cosas porque nos toca hacerlas, porque es nuestro deber, no para que los dem\u00e1s simplemente vean, eso es lo que Jes\u00fas tambi\u00e9n nos dice, lo que hace tu mano derecha que no sepa la izquierda, no vamos a estar pregonando lo que somos, porque en estos tiempos, lo que se necesita m\u00e1s que palabras, son hechos, obras, algo m\u00e1s de acci\u00f3n\u201d, recalc\u00f3.<br \/>\nFinalmente, pidi\u00f3 a las personas escuchar a los dem\u00e1s y no solo dar cosas materiales, porque tal vez lo que las otras personas necesitan es \u201cque se los escuche, dialogar con alguien, una orientaci\u00f3n\u201d. (Santa Cruz, agencias)<\/p>\n","protected":false},"excerpt":{"rendered":"<p>\u201cHay tantas cosas que podemos solucionar en nuestro pa\u00eds de esa manera, si alguien quiere ser importante en la sociedad, que trabaje, que haga las cosas como corresponde; si alguien quiere subir su popularidad, ser importante en la sociedad, que cumpla con su deber, con lo que debe hacer, esa es la manera\u201d, dijo el [&hellip;]<\/p>\n","protected":false},"author":1,"featured_media":232478,"comment_status":"open","ping_status":"open","sticky":false,"template":"","format":"standard","meta":{"_acf_changed":false,"footnotes":""},"categories":[15],"tags":[],"class_list":["post-232477","post","type-post","status-publish","format-standard","has-post-thumbnail","category-portada"],"acf":{"antetitulo":"Arzobispo de Santa Cruz"},"yoast_head":"<!-- This site is optimized with the Yoast SEO plugin v28.3 - https:\/\/yoast.com\/product\/yoast-seo-wordpress\/ -->\n<title>\u201cSi alguien quiere subir su popularidad que cumpla con su deber, con lo que debe hacer\u201d - El Diario - Bolivia<\/title>\n<meta name=\"robots\" content=\"index, follow, max-snippet:-1, max-image-preview:large, max-video-preview:-1\" \/>\n<link rel=\"canonical\" href=\"https:\/\/www.eldiario.net\/portal\/2024\/07\/08\/si-alguien-quiere-subir-su-popularidad-que-cumpla-con-su-deber-con-lo-que-debe-hacer\/\" \/>\n<meta property=\"og:locale\" content=\"es_ES\" \/>\n<meta property=\"og:type\" content=\"article\" \/>\n<meta property=\"og:title\" content=\"\u201cSi alguien quiere subir su popularidad que cumpla con su deber, con lo que debe hacer\u201d - El Diario - Bolivia\" \/>\n<meta property=\"og:description\" content=\"\u201cHay tantas cosas que podemos solucionar en nuestro pa\u00eds de esa manera, si alguien quiere ser importante en la sociedad, que trabaje, que haga las cosas como corresponde; si alguien quiere subir su popularidad, ser importante en la sociedad, que cumpla con su deber, con lo que debe hacer, esa es la manera\u201d, dijo el [&hellip;]\" \/>\n<meta property=\"og:url\" content=\"https:\/\/www.eldiario.net\/portal\/2024\/07\/08\/si-alguien-quiere-subir-su-popularidad-que-cumpla-con-su-deber-con-lo-que-debe-hacer\/\" \/>\n<meta property=\"og:site_name\" content=\"El Diario - Bolivia\" \/>\n<meta property=\"article:publisher\" content=\"https:\/\/www.facebook.com\/eldiario.bolivia\/\" \/>\n<meta property=\"article:published_time\" content=\"2024-07-08T09:43:08+00:00\" \/>\n<meta property=\"og:image\" content=\"https:\/\/www.eldiario.net\/portal\/wp-content\/uploads\/2024\/07\/P-3.jpg\" \/>\n\t<meta property=\"og:image:width\" content=\"1280\" \/>\n\t<meta property=\"og:image:height\" content=\"545\" \/>\n\t<meta property=\"og:image:type\" content=\"image\/jpeg\" \/>\n<meta name=\"author\" content=\"Jeanette\" \/>\n<meta name=\"twitter:card\" content=\"summary_large_image\" \/>\n<meta name=\"twitter:creator\" content=\"@eldiario_net\" \/>\n<meta name=\"twitter:site\" content=\"@eldiario_net\" \/>\n<meta name=\"twitter:label1\" content=\"Escrito por\" \/>\n\t<meta name=\"twitter:data1\" content=\"Jeanette\" \/>\n\t<meta name=\"twitter:label2\" content=\"Tiempo de lectura\" \/>\n\t<meta name=\"twitter:data2\" content=\"2 minutos\" \/>\n<script type=\"application\/ld+json\" class=\"yoast-schema-graph\">{\"@context\":\"https:\\\/\\\/schema.org\",\"@graph\":[{\"@type\":\"Article\",\"@id\":\"https:\\\/\\\/www.eldiario.net\\\/portal\\\/2024\\\/07\\\/08\\\/si-alguien-quiere-subir-su-popularidad-que-cumpla-con-su-deber-con-lo-que-debe-hacer\\\/#article\",\"isPartOf\":{\"@id\":\"https:\\\/\\\/www.eldiario.net\\\/portal\\\/2024\\\/07\\\/08\\\/si-alguien-quiere-subir-su-popularidad-que-cumpla-con-su-deber-con-lo-que-debe-hacer\\\/\"},\"author\":{\"name\":\"Jeanette\",\"@id\":\"https:\\\/\\\/www.eldiario.net\\\/portal\\\/#\\\/schema\\\/person\\\/f46445640444750d7d753ccd04ae01b7\"},\"headline\":\"\u201cSi alguien quiere subir su popularidad que cumpla con su deber, con lo que debe hacer\u201d\",\"datePublished\":\"2024-07-08T09:43:08+00:00\",\"mainEntityOfPage\":{\"@id\":\"https:\\\/\\\/www.eldiario.net\\\/portal\\\/2024\\\/07\\\/08\\\/si-alguien-quiere-subir-su-popularidad-que-cumpla-con-su-deber-con-lo-que-debe-hacer\\\/\"},\"wordCount\":315,\"commentCount\":0,\"publisher\":{\"@id\":\"https:\\\/\\\/www.eldiario.net\\\/portal\\\/#organization\"},\"image\":{\"@id\":\"https:\\\/\\\/www.eldiario.net\\\/portal\\\/2024\\\/07\\\/08\\\/si-alguien-quiere-subir-su-popularidad-que-cumpla-con-su-deber-con-lo-que-debe-hacer\\\/#primaryimage\"},\"thumbnailUrl\":\"https:\\\/\\\/www.eldiario.net\\\/portal\\\/wp-content\\\/uploads\\\/2024\\\/07\\\/P-3.jpg\",\"articleSection\":[\"Portada\"],\"inLanguage\":\"es\",\"potentialAction\":[{\"@type\":\"CommentAction\",\"name\":\"Comment\",\"target\":[\"https:\\\/\\\/www.eldiario.net\\\/portal\\\/2024\\\/07\\\/08\\\/si-alguien-quiere-subir-su-popularidad-que-cumpla-con-su-deber-con-lo-que-debe-hacer\\\/#respond\"]}]},{\"@type\":\"WebPage\",\"@id\":\"https:\\\/\\\/www.eldiario.net\\\/portal\\\/2024\\\/07\\\/08\\\/si-alguien-quiere-subir-su-popularidad-que-cumpla-con-su-deber-con-lo-que-debe-hacer\\\/\",\"url\":\"https:\\\/\\\/www.eldiario.net\\\/portal\\\/2024\\\/07\\\/08\\\/si-alguien-quiere-subir-su-popularidad-que-cumpla-con-su-deber-con-lo-que-debe-hacer\\\/\",\"name\":\"\u201cSi alguien quiere subir su popularidad que cumpla con su deber, con lo que debe hacer\u201d - El Diario - Bolivia\",\"isPartOf\":{\"@id\":\"https:\\\/\\\/www.eldiario.net\\\/portal\\\/#website\"},\"primaryImageOfPage\":{\"@id\":\"https:\\\/\\\/www.eldiario.net\\\/portal\\\/2024\\\/07\\\/08\\\/si-alguien-quiere-subir-su-popularidad-que-cumpla-con-su-deber-con-lo-que-debe-hacer\\\/#primaryimage\"},\"image\":{\"@id\":\"https:\\\/\\\/www.eldiario.net\\\/portal\\\/2024\\\/07\\\/08\\\/si-alguien-quiere-subir-su-popularidad-que-cumpla-con-su-deber-con-lo-que-debe-hacer\\\/#primaryimage\"},\"thumbnailUrl\":\"https:\\\/\\\/www.eldiario.net\\\/portal\\\/wp-content\\\/uploads\\\/2024\\\/07\\\/P-3.jpg\",\"datePublished\":\"2024-07-08T09:43:08+00:00\",\"breadcrumb\":{\"@id\":\"https:\\\/\\\/www.eldiario.net\\\/portal\\\/2024\\\/07\\\/08\\\/si-alguien-quiere-subir-su-popularidad-que-cumpla-con-su-deber-con-lo-que-debe-hacer\\\/#breadcrumb\"},\"inLanguage\":\"es\",\"potentialAction\":[{\"@type\":\"ReadAction\",\"target\":[\"https:\\\/\\\/www.eldiario.net\\\/portal\\\/2024\\\/07\\\/08\\\/si-alguien-quiere-subir-su-popularidad-que-cumpla-con-su-deber-con-lo-que-debe-hacer\\\/\"]}]},{\"@type\":\"ImageObject\",\"inLanguage\":\"es\",\"@id\":\"https:\\\/\\\/www.eldiario.net\\\/portal\\\/2024\\\/07\\\/08\\\/si-alguien-quiere-subir-su-popularidad-que-cumpla-con-su-deber-con-lo-que-debe-hacer\\\/#primaryimage\",\"url\":\"https:\\\/\\\/www.eldiario.net\\\/portal\\\/wp-content\\\/uploads\\\/2024\\\/07\\\/P-3.jpg\",\"contentUrl\":\"https:\\\/\\\/www.eldiario.net\\\/portal\\\/wp-content\\\/uploads\\\/2024\\\/07\\\/P-3.jpg\",\"width\":1280,\"height\":545,\"caption\":\"El arzobispo de Santa Cruz, Monse\u00f1or Ren\u00e9 Leigue.\"},{\"@type\":\"BreadcrumbList\",\"@id\":\"https:\\\/\\\/www.eldiario.net\\\/portal\\\/2024\\\/07\\\/08\\\/si-alguien-quiere-subir-su-popularidad-que-cumpla-con-su-deber-con-lo-que-debe-hacer\\\/#breadcrumb\",\"itemListElement\":[{\"@type\":\"ListItem\",\"position\":1,\"name\":\"Portada\",\"item\":\"https:\\\/\\\/www.eldiario.net\\\/portal\\\/\"},{\"@type\":\"ListItem\",\"position\":2,\"name\":\"\u201cSi alguien quiere subir su popularidad que cumpla con su deber, con lo que debe hacer\u201d\"}]},{\"@type\":\"WebSite\",\"@id\":\"https:\\\/\\\/www.eldiario.net\\\/portal\\\/#website\",\"url\":\"https:\\\/\\\/www.eldiario.net\\\/portal\\\/\",\"name\":\"El Diario - Decano de la prensa nacional\",\"description\":\"El Diario - Decano de la prensa nacional\",\"publisher\":{\"@id\":\"https:\\\/\\\/www.eldiario.net\\\/portal\\\/#organization\"},\"potentialAction\":[{\"@type\":\"SearchAction\",\"target\":{\"@type\":\"EntryPoint\",\"urlTemplate\":\"https:\\\/\\\/www.eldiario.net\\\/portal\\\/?s={search_term_string}\"},\"query-input\":{\"@type\":\"PropertyValueSpecification\",\"valueRequired\":true,\"valueName\":\"search_term_string\"}}],\"inLanguage\":\"es\"},{\"@type\":\"Organization\",\"@id\":\"https:\\\/\\\/www.eldiario.net\\\/portal\\\/#organization\",\"name\":\"El Diario - Decano de la prensa nacional\",\"url\":\"https:\\\/\\\/www.eldiario.net\\\/portal\\\/\",\"logo\":{\"@type\":\"ImageObject\",\"inLanguage\":\"es\",\"@id\":\"https:\\\/\\\/www.eldiario.net\\\/portal\\\/#\\\/schema\\\/logo\\\/image\\\/\",\"url\":\"https:\\\/\\\/www.eldiario.net\\\/portal\\\/wp-content\\\/uploads\\\/2023\\\/07\\\/logo_ED.jpg\",\"contentUrl\":\"https:\\\/\\\/www.eldiario.net\\\/portal\\\/wp-content\\\/uploads\\\/2023\\\/07\\\/logo_ED.jpg\",\"width\":272,\"height\":52,\"caption\":\"El Diario - Decano de la prensa nacional\"},\"image\":{\"@id\":\"https:\\\/\\\/www.eldiario.net\\\/portal\\\/#\\\/schema\\\/logo\\\/image\\\/\"},\"sameAs\":[\"https:\\\/\\\/www.facebook.com\\\/eldiario.bolivia\\\/\",\"https:\\\/\\\/x.com\\\/eldiario_net\"]},{\"@type\":\"Person\",\"@id\":\"https:\\\/\\\/www.eldiario.net\\\/portal\\\/#\\\/schema\\\/person\\\/f46445640444750d7d753ccd04ae01b7\",\"name\":\"Jeanette\",\"image\":{\"@type\":\"ImageObject\",\"inLanguage\":\"es\",\"@id\":\"https:\\\/\\\/secure.gravatar.com\\\/avatar\\\/3ea2118a5f7dad2b7138b1187a6b7ee55f160b9968b66013c3a3ef39dd7e5798?s=96&d=mm&r=g\",\"url\":\"https:\\\/\\\/secure.gravatar.com\\\/avatar\\\/3ea2118a5f7dad2b7138b1187a6b7ee55f160b9968b66013c3a3ef39dd7e5798?s=96&d=mm&r=g\",\"contentUrl\":\"https:\\\/\\\/secure.gravatar.com\\\/avatar\\\/3ea2118a5f7dad2b7138b1187a6b7ee55f160b9968b66013c3a3ef39dd7e5798?s=96&d=mm&r=g\",\"caption\":\"Jeanette\"},\"sameAs\":[\"https:\\\/\\\/www.eldiario.net\\\/portal\"],\"url\":\"https:\\\/\\\/www.eldiario.net\\\/portal\\\/author\\\/jeanette\\\/\"}]}<\/script>\n<!-- \/ Yoast SEO plugin. -->","yoast_head_json":{"title":"\u201cSi alguien quiere subir su popularidad que cumpla con su deber, con lo que debe hacer\u201d - El Diario - Bolivia","robots":{"index":"index","follow":"follow","max-snippet":"max-snippet:-1","max-image-preview":"max-image-preview:large","max-video-preview":"max-video-preview:-1"},"canonical":"https:\/\/www.eldiario.net\/portal\/2024\/07\/08\/si-alguien-quiere-subir-su-popularidad-que-cumpla-con-su-deber-con-lo-que-debe-hacer\/","og_locale":"es_ES","og_type":"article","og_title":"\u201cSi alguien quiere subir su popularidad que cumpla con su deber, con lo que debe hacer\u201d - El Diario - Bolivia","og_description":"\u201cHay tantas cosas que podemos solucionar en nuestro pa\u00eds de esa manera, si alguien quiere ser importante en la sociedad, que trabaje, que haga las cosas como corresponde; si alguien quiere subir su popularidad, ser importante en la sociedad, que cumpla con su deber, con lo que debe hacer, esa es la manera\u201d, dijo el [&hellip;]","og_url":"https:\/\/www.eldiario.net\/portal\/2024\/07\/08\/si-alguien-quiere-subir-su-popularidad-que-cumpla-con-su-deber-con-lo-que-debe-hacer\/","og_site_name":"El Diario - Bolivia","article_publisher":"https:\/\/www.facebook.com\/eldiario.bolivia\/","article_published_time":"2024-07-08T09:43:08+00:00","og_image":[{"width":1280,"height":545,"url":"https:\/\/www.eldiario.net\/portal\/wp-content\/uploads\/2024\/07\/P-3.jpg","type":"image\/jpeg"}],"author":"Jeanette","twitter_card":"summary_large_image","twitter_creator":"@eldiario_net","twitter_site":"@eldiario_net","twitter_misc":{"Escrito por":"Jeanette","Tiempo de lectura":"2 minutos"},"schema":{"@context":"https:\/\/schema.org","@graph":[{"@type":"Article","@id":"https:\/\/www.eldiario.net\/portal\/2024\/07\/08\/si-alguien-quiere-subir-su-popularidad-que-cumpla-con-su-deber-con-lo-que-debe-hacer\/#article","isPartOf":{"@id":"https:\/\/www.eldiario.net\/portal\/2024\/07\/08\/si-alguien-quiere-subir-su-popularidad-que-cumpla-con-su-deber-con-lo-que-debe-hacer\/"},"author":{"name":"Jeanette","@id":"https:\/\/www.eldiario.net\/portal\/#\/schema\/person\/f46445640444750d7d753ccd04ae01b7"},"headline":"\u201cSi alguien quiere subir su popularidad que cumpla con su deber, con lo que debe hacer\u201d","datePublished":"2024-07-08T09:43:08+00:00","mainEntityOfPage":{"@id":"https:\/\/www.eldiario.net\/portal\/2024\/07\/08\/si-alguien-quiere-subir-su-popularidad-que-cumpla-con-su-deber-con-lo-que-debe-hacer\/"},"wordCount":315,"commentCount":0,"publisher":{"@id":"https:\/\/www.eldiario.net\/portal\/#organization"},"image":{"@id":"https:\/\/www.eldiario.net\/portal\/2024\/07\/08\/si-alguien-quiere-subir-su-popularidad-que-cumpla-con-su-deber-con-lo-que-debe-hacer\/#primaryimage"},"thumbnailUrl":"https:\/\/www.eldiario.net\/portal\/wp-content\/uploads\/2024\/07\/P-3.jpg","articleSection":["Portada"],"inLanguage":"es","potentialAction":[{"@type":"CommentAction","name":"Comment","target":["https:\/\/www.eldiario.net\/portal\/2024\/07\/08\/si-alguien-quiere-subir-su-popularidad-que-cumpla-con-su-deber-con-lo-que-debe-hacer\/#respond"]}]},{"@type":"WebPage","@id":"https:\/\/www.eldiario.net\/portal\/2024\/07\/08\/si-alguien-quiere-subir-su-popularidad-que-cumpla-con-su-deber-con-lo-que-debe-hacer\/","url":"https:\/\/www.eldiario.net\/portal\/2024\/07\/08\/si-alguien-quiere-subir-su-popularidad-que-cumpla-con-su-deber-con-lo-que-debe-hacer\/","name":"\u201cSi alguien quiere subir su popularidad que cumpla con su deber, con lo que debe hacer\u201d - El Diario - Bolivia","isPartOf":{"@id":"https:\/\/www.eldiario.net\/portal\/#website"},"primaryImageOfPage":{"@id":"https:\/\/www.eldiario.net\/portal\/2024\/07\/08\/si-alguien-quiere-subir-su-popularidad-que-cumpla-con-su-deber-con-lo-que-debe-hacer\/#primaryimage"},"image":{"@id":"https:\/\/www.eldiario.net\/portal\/2024\/07\/08\/si-alguien-quiere-subir-su-popularidad-que-cumpla-con-su-deber-con-lo-que-debe-hacer\/#primaryimage"},"thumbnailUrl":"https:\/\/www.eldiario.net\/portal\/wp-content\/uploads\/2024\/07\/P-3.jpg","datePublished":"2024-07-08T09:43:08+00:00","breadcrumb":{"@id":"https:\/\/www.eldiario.net\/portal\/2024\/07\/08\/si-alguien-quiere-subir-su-popularidad-que-cumpla-con-su-deber-con-lo-que-debe-hacer\/#breadcrumb"},"inLanguage":"es","potentialAction":[{"@type":"ReadAction","target":["https:\/\/www.eldiario.net\/portal\/2024\/07\/08\/si-alguien-quiere-subir-su-popularidad-que-cumpla-con-su-deber-con-lo-que-debe-hacer\/"]}]},{"@type":"ImageObject","inLanguage":"es","@id":"https:\/\/www.eldiario.net\/portal\/2024\/07\/08\/si-alguien-quiere-subir-su-popularidad-que-cumpla-con-su-deber-con-lo-que-debe-hacer\/#primaryimage","url":"https:\/\/www.eldiario.net\/portal\/wp-content\/uploads\/2024\/07\/P-3.jpg","contentUrl":"https:\/\/www.eldiario.net\/portal\/wp-content\/uploads\/2024\/07\/P-3.jpg","width":1280,"height":545,"caption":"El arzobispo de Santa Cruz, Monse\u00f1or Ren\u00e9 Leigue."},{"@type":"BreadcrumbList","@id":"https:\/\/www.eldiario.net\/portal\/2024\/07\/08\/si-alguien-quiere-subir-su-popularidad-que-cumpla-con-su-deber-con-lo-que-debe-hacer\/#breadcrumb","itemListElement":[{"@type":"ListItem","position":1,"name":"Portada","item":"https:\/\/www.eldiario.net\/portal\/"},{"@type":"ListItem","position":2,"name":"\u201cSi alguien quiere subir su popularidad que cumpla con su deber, con lo que debe hacer\u201d"}]},{"@type":"WebSite","@id":"https:\/\/www.eldiario.net\/portal\/#website","url":"https:\/\/www.eldiario.net\/portal\/","name":"El Diario - Decano de la prensa nacional","description":"El Diario - Decano de la prensa nacional","publisher":{"@id":"https:\/\/www.eldiario.net\/portal\/#organization"},"potentialAction":[{"@type":"SearchAction","target":{"@type":"EntryPoint","urlTemplate":"https:\/\/www.eldiario.net\/portal\/?s={search_term_string}"},"query-input":{"@type":"PropertyValueSpecification","valueRequired":true,"valueName":"search_term_string"}}],"inLanguage":"es"},{"@type":"Organization","@id":"https:\/\/www.eldiario.net\/portal\/#organization","name":"El Diario - Decano de la prensa nacional","url":"https:\/\/www.eldiario.net\/portal\/","logo":{"@type":"ImageObject","inLanguage":"es","@id":"https:\/\/www.eldiario.net\/portal\/#\/schema\/logo\/image\/","url":"https:\/\/www.eldiario.net\/portal\/wp-content\/uploads\/2023\/07\/logo_ED.jpg","contentUrl":"https:\/\/www.eldiario.net\/portal\/wp-content\/uploads\/2023\/07\/logo_ED.jpg","width":272,"height":52,"caption":"El Diario - Decano de la prensa nacional"},"image":{"@id":"https:\/\/www.eldiario.net\/portal\/#\/schema\/logo\/image\/"},"sameAs":["https:\/\/www.facebook.com\/eldiario.bolivia\/","https:\/\/x.com\/eldiario_net"]},{"@type":"Person","@id":"https:\/\/www.eldiario.net\/portal\/#\/schema\/person\/f46445640444750d7d753ccd04ae01b7","name":"Jeanette","image":{"@type":"ImageObject","inLanguage":"es","@id":"https:\/\/secure.gravatar.com\/avatar\/3ea2118a5f7dad2b7138b1187a6b7ee55f160b9968b66013c3a3ef39dd7e5798?s=96&d=mm&r=g","url":"https:\/\/secure.gravatar.com\/avatar\/3ea2118a5f7dad2b7138b1187a6b7ee55f160b9968b66013c3a3ef39dd7e5798?s=96&d=mm&r=g","contentUrl":"https:\/\/secure.gravatar.com\/avatar\/3ea2118a5f7dad2b7138b1187a6b7ee55f160b9968b66013c3a3ef39dd7e5798?s=96&d=mm&r=g","caption":"Jeanette"},"sameAs":["https:\/\/www.eldiario.net\/portal"],"url":"https:\/\/www.eldiario.net\/portal\/author\/jeanette\/"}]}},"_links":{"self":[{"href":"https:\/\/www.eldiario.net\/portal\/wp-json\/wp\/v2\/posts\/232477","targetHints":{"allow":["GET"]}}],"collection":[{"href":"https:\/\/www.eldiario.net\/portal\/wp-json\/wp\/v2\/posts"}],"about":[{"href":"https:\/\/www.eldiario.net\/portal\/wp-json\/wp\/v2\/types\/post"}],"author":[{"embeddable":true,"href":"https:\/\/www.eldiario.net\/portal\/wp-json\/wp\/v2\/users\/1"}],"replies":[{"embeddable":true,"href":"https:\/\/www.eldiario.net\/portal\/wp-json\/wp\/v2\/comments?post=232477"}],"version-history":[{"count":1,"href":"https:\/\/www.eldiario.net\/portal\/wp-json\/wp\/v2\/posts\/232477\/revisions"}],"predecessor-version":[{"id":232479,"href":"https:\/\/www.eldiario.net\/portal\/wp-json\/wp\/v2\/posts\/232477\/revisions\/232479"}],"wp:featuredmedia":[{"embeddable":true,"href":"https:\/\/www.eldiario.net\/portal\/wp-json\/wp\/v2\/media\/232478"}],"wp:attachment":[{"href":"https:\/\/www.eldiario.net\/portal\/wp-json\/wp\/v2\/media?parent=232477"}],"wp:term":[{"taxonomy":"category","embeddable":true,"href":"https:\/\/www.eldiario.net\/portal\/wp-json\/wp\/v2\/categories?post=232477"},{"taxonomy":"post_tag","embeddable":true,"href":"https:\/\/www.eldiario.net\/portal\/wp-json\/wp\/v2\/tags?post=232477"}],"curies":[{"name":"wp","href":"https:\/\/api.w.org\/{rel}","templated":true}]}}