{"id":232387,"date":"2024-07-07T07:28:50","date_gmt":"2024-07-07T11:28:50","guid":{"rendered":"https:\/\/www.eldiario.net\/portal\/?p=232387"},"modified":"2024-07-07T07:28:50","modified_gmt":"2024-07-07T11:28:50","slug":"nubia-ya-esta-en-el-mercado-boliviano-2","status":"publish","type":"post","link":"https:\/\/www.eldiario.net\/portal\/2024\/07\/07\/nubia-ya-esta-en-el-mercado-boliviano-2\/","title":{"rendered":"Nubia ya est\u00e1 en el mercado boliviano"},"content":{"rendered":"<p>Este a\u00f1o, el proveedor global de equipamiento de telecomunicaciones, terminales y soluciones de redes ZTE apost\u00f3 por traer al pa\u00eds Nubia, una marca que redefine la innovaci\u00f3n y la tecnolog\u00eda m\u00f3vil en el mundo, compitiendo con calidad y precios asequibles en un vers\u00e1til mercado de celulares.<\/p>\n<p>\u201cNuestro equipo ha trabajado incansablemente para traer un celular que no solo cumpla con los est\u00e1ndares m\u00e1s altos de calidad, sino que tambi\u00e9n est\u00e9 dise\u00f1ado para satisfacer las necesidades y deseos de nuestros usuarios bolivianos\u201d, asegura Melina Uzqueda Daza, gerente de Ventas Terminales, a\u00f1adiendo que nubia llega con cuatro dispositivos m\u00f3viles con diferente personalidad para abordar los diversos segmentos del mercado: nubia Music , nubia Neo 2, nubia Focus y nubia Focus Pro, estos \u00faltimos tres, ofrecen una red 5G y sus precios oscilan entre los 90 y 200 d\u00f3lares.<\/p>\n<p>Por su parte, Joaqu\u00edn Arias Jald\u00edn, Manager de Proyecto, destac\u00f3 que los dispositivos Nubia ofrecen especificaciones de gama alta a precios competitivos, lo que los hace una opci\u00f3n atractiva para los consumidores que buscan un equilibrio entre rendimiento y costo. \u00abCabe mencionar que Nubia es conocida globalmente por sus avances en tecnolog\u00eda de c\u00e1maras. Han sido pioneros en introducir c\u00e1maras de alta resoluci\u00f3n y funciones avanzadas de fotograf\u00eda, como modos profesionales, astrofotograf\u00eda y funciones de inteligencia artificial (IA) para mejorar la calidad de las im\u00e1genes\u201d.<\/p>\n\r\n                <style type=\"text\/css\">\r\n                    \r\n                    #tdi_1  .td-doubleSlider-2 .td-item1 {\r\n                        background: url(https:\/\/www.eldiario.net\/portal\/wp-content\/uploads\/2024\/07\/Melina-Uzqueda-gerente-de-ventas-terminales-ZTE-1-80x60.jpg) 0 0 no-repeat;\r\n                    }\r\n                    #tdi_1  .td-doubleSlider-2 .td-item2 {\r\n                        background: url(https:\/\/www.eldiario.net\/portal\/wp-content\/uploads\/2024\/07\/Pool-Paredes-gerente-minorista-ZTE-1-80x60.jpg) 0 0 no-repeat;\r\n                    }\r\n                    #tdi_1  .td-doubleSlider-2 .td-item3 {\r\n                        background: url(https:\/\/www.eldiario.net\/portal\/wp-content\/uploads\/2024\/07\/Brenda-Bosker-Bianka-Jordan-Gabriela-Buitrago-y-Hector-Otalora-1-80x60.jpg) 0 0 no-repeat;\r\n                    }\r\n                    #tdi_1  .td-doubleSlider-2 .td-item4 {\r\n                        background: url(https:\/\/www.eldiario.net\/portal\/wp-content\/uploads\/2024\/07\/Brenda-Bosker-Ismael-Cabrera-Gabriela-Buitrago-Rodolfo-Medina-y-Aylin-Reguerin-1-80x60.jpg) 0 0 no-repeat;\r\n                    }\r\n                    #tdi_1  .td-doubleSlider-2 .td-item5 {\r\n                        background: url(https:\/\/www.eldiario.net\/portal\/wp-content\/uploads\/2024\/07\/Brett-Cheng-Melina-Uzqueda-Alex-Hou-Robert-Jia-Joaquin-Arias-Pool-Paredes-y-Nils-Pena-Ejecutivos-de-ZTE-1-80x60.jpg) 0 0 no-repeat;\r\n                    }\r\n                    #tdi_1  .td-doubleSlider-2 .td-item6 {\r\n                        background: url(https:\/\/www.eldiario.net\/portal\/wp-content\/uploads\/2024\/07\/Joaquin-Arias-gerente-Field-Force-ZTE-1-80x60.jpg) 0 0 no-repeat;\r\n                    }\r\n                    #tdi_1  .td-doubleSlider-2 .td-item7 {\r\n                        background: url(https:\/\/www.eldiario.net\/portal\/wp-content\/uploads\/2024\/07\/Mariana-Villegas-Katya-Fuertes-y-Fer-Sandoval-1-80x60.jpg) 0 0 no-repeat;\r\n                    }\r\n                <\/style>\r\n\r\n                <div id=\"tdi_1\" class=\"td-gallery td-slide-on-2-columns\">\r\n                    <div class=\"post_td_gallery\">\r\n                        <div class=\"td-gallery-slide-top\">\r\n                           <div class=\"td-gallery-title\"><\/div>\r\n\r\n                            <div class=\"td-gallery-controls-wrapper\">\r\n                                <div class=\"td-gallery-slide-count\"><span class=\"td-gallery-slide-item-focus\">1<\/span> de 7<\/div>\r\n                                <div class=\"td-gallery-slide-prev-next-but\">\r\n                                    <i class = \"td-icon-left doubleSliderPrevButton\"><\/i>\r\n                                    <i class = \"td-icon-right doubleSliderNextButton\"><\/i>\r\n                                <\/div>\r\n                            <\/div>\r\n                        <\/div>\r\n\r\n                        <div class = \"td-doubleSlider-1 \">\r\n                            <div class = \"td-slider\">\r\n                                \r\n                    <div class = \"td-slide-item td-item1\">\r\n                        <figure class=\"td-slide-galery-figure td-slide-popup-gallery\">\r\n                            <a class=\"slide-gallery-image-link\" href=\"https:\/\/www.eldiario.net\/portal\/wp-content\/uploads\/2024\/07\/Melina-Uzqueda-gerente-de-ventas-terminales-ZTE-1.jpg\" title=\"Melina-Uzqueda,-gerente-de-ventas-terminales-ZTE\"  data-caption=\"MELINA UZQUEDA, GERENTE DE VENTAS TERMINALES ZTE.\"  data-description=\"\">\r\n                                <img decoding=\"async\" src=\"https:\/\/www.eldiario.net\/portal\/wp-content\/uploads\/2024\/07\/Melina-Uzqueda-gerente-de-ventas-terminales-ZTE-1-630x420.jpg\" srcset=\"https:\/\/www.eldiario.net\/portal\/wp-content\/uploads\/2024\/07\/Melina-Uzqueda-gerente-de-ventas-terminales-ZTE-1-630x420.jpg 630w, https:\/\/www.eldiario.net\/portal\/wp-content\/uploads\/2024\/07\/Melina-Uzqueda-gerente-de-ventas-terminales-ZTE-1-300x200.jpg 300w, https:\/\/www.eldiario.net\/portal\/wp-content\/uploads\/2024\/07\/Melina-Uzqueda-gerente-de-ventas-terminales-ZTE-1-1024x683.jpg 1024w, https:\/\/www.eldiario.net\/portal\/wp-content\/uploads\/2024\/07\/Melina-Uzqueda-gerente-de-ventas-terminales-ZTE-1-768x512.jpg 768w, https:\/\/www.eldiario.net\/portal\/wp-content\/uploads\/2024\/07\/Melina-Uzqueda-gerente-de-ventas-terminales-ZTE-1-696x464.jpg 696w, https:\/\/www.eldiario.net\/portal\/wp-content\/uploads\/2024\/07\/Melina-Uzqueda-gerente-de-ventas-terminales-ZTE-1-1068x712.jpg 1068w, https:\/\/www.eldiario.net\/portal\/wp-content\/uploads\/2024\/07\/Melina-Uzqueda-gerente-de-ventas-terminales-ZTE-1.jpg 1200w\" sizes=\"(max-width: 630px) 100vw, 630px\" alt=\"\">\r\n                            <\/a>\r\n                            <figcaption class = \"td-slide-caption td-gallery-slide-content\"><div class = \"td-gallery-slide-copywrite\">MELINA UZQUEDA, GERENTE DE VENTAS TERMINALES ZTE.<\/div><\/figcaption>\r\n                        <\/figure>\r\n                    <\/div>\r\n                    <div class = \"td-slide-item td-item2\">\r\n                        <figure class=\"td-slide-galery-figure td-slide-popup-gallery\">\r\n                            <a class=\"slide-gallery-image-link\" href=\"https:\/\/www.eldiario.net\/portal\/wp-content\/uploads\/2024\/07\/Pool-Paredes-gerente-minorista-ZTE-1.jpg\" title=\"Pool-Paredes,-gerente-minorista-ZTE\"  data-caption=\"POOL PAREDES, GERENTE MINORISTA ZTE.\"  data-description=\"\">\r\n                                <img decoding=\"async\" src=\"https:\/\/www.eldiario.net\/portal\/wp-content\/uploads\/2024\/07\/Pool-Paredes-gerente-minorista-ZTE-1-629x420.jpg\" srcset=\"https:\/\/www.eldiario.net\/portal\/wp-content\/uploads\/2024\/07\/Pool-Paredes-gerente-minorista-ZTE-1-629x420.jpg 629w, https:\/\/www.eldiario.net\/portal\/wp-content\/uploads\/2024\/07\/Pool-Paredes-gerente-minorista-ZTE-1-300x200.jpg 300w, https:\/\/www.eldiario.net\/portal\/wp-content\/uploads\/2024\/07\/Pool-Paredes-gerente-minorista-ZTE-1-1024x684.jpg 1024w, https:\/\/www.eldiario.net\/portal\/wp-content\/uploads\/2024\/07\/Pool-Paredes-gerente-minorista-ZTE-1-768x513.jpg 768w, https:\/\/www.eldiario.net\/portal\/wp-content\/uploads\/2024\/07\/Pool-Paredes-gerente-minorista-ZTE-1-696x465.jpg 696w, https:\/\/www.eldiario.net\/portal\/wp-content\/uploads\/2024\/07\/Pool-Paredes-gerente-minorista-ZTE-1-1068x713.jpg 1068w, https:\/\/www.eldiario.net\/portal\/wp-content\/uploads\/2024\/07\/Pool-Paredes-gerente-minorista-ZTE-1.jpg 1200w\" sizes=\"(max-width: 629px) 100vw, 629px\" alt=\"\">\r\n                            <\/a>\r\n                            <figcaption class = \"td-slide-caption td-gallery-slide-content\"><div class = \"td-gallery-slide-copywrite\">POOL PAREDES, GERENTE MINORISTA ZTE.<\/div><\/figcaption>\r\n                        <\/figure>\r\n                    <\/div>\r\n                    <div class = \"td-slide-item td-item3\">\r\n                        <figure class=\"td-slide-galery-figure td-slide-popup-gallery\">\r\n                            <a class=\"slide-gallery-image-link\" href=\"https:\/\/www.eldiario.net\/portal\/wp-content\/uploads\/2024\/07\/Brenda-Bosker-Bianka-Jordan-Gabriela-Buitrago-y-Hector-Otalora-1.jpg\" title=\"Brenda-Bosker,-Bianka-Jord\u00e1n,-Gabriela-Buitrago-y-H\u00e9ctor-Otalora\"  data-caption=\"BRENDA BOSKER, BIANKA JORD\u00c1N, GABRIELA BUITRAGO Y H\u00c9CTOR OTALORA.\"  data-description=\"\">\r\n                                <img decoding=\"async\" src=\"https:\/\/www.eldiario.net\/portal\/wp-content\/uploads\/2024\/07\/Brenda-Bosker-Bianka-Jordan-Gabriela-Buitrago-y-Hector-Otalora-1-630x420.jpg\" srcset=\"https:\/\/www.eldiario.net\/portal\/wp-content\/uploads\/2024\/07\/Brenda-Bosker-Bianka-Jordan-Gabriela-Buitrago-y-Hector-Otalora-1-630x420.jpg 630w, https:\/\/www.eldiario.net\/portal\/wp-content\/uploads\/2024\/07\/Brenda-Bosker-Bianka-Jordan-Gabriela-Buitrago-y-Hector-Otalora-1-300x200.jpg 300w, https:\/\/www.eldiario.net\/portal\/wp-content\/uploads\/2024\/07\/Brenda-Bosker-Bianka-Jordan-Gabriela-Buitrago-y-Hector-Otalora-1-1024x683.jpg 1024w, https:\/\/www.eldiario.net\/portal\/wp-content\/uploads\/2024\/07\/Brenda-Bosker-Bianka-Jordan-Gabriela-Buitrago-y-Hector-Otalora-1-768x512.jpg 768w, https:\/\/www.eldiario.net\/portal\/wp-content\/uploads\/2024\/07\/Brenda-Bosker-Bianka-Jordan-Gabriela-Buitrago-y-Hector-Otalora-1-696x464.jpg 696w, https:\/\/www.eldiario.net\/portal\/wp-content\/uploads\/2024\/07\/Brenda-Bosker-Bianka-Jordan-Gabriela-Buitrago-y-Hector-Otalora-1-1068x712.jpg 1068w, https:\/\/www.eldiario.net\/portal\/wp-content\/uploads\/2024\/07\/Brenda-Bosker-Bianka-Jordan-Gabriela-Buitrago-y-Hector-Otalora-1.jpg 1200w\" sizes=\"(max-width: 630px) 100vw, 630px\" alt=\"\">\r\n                            <\/a>\r\n                            <figcaption class = \"td-slide-caption td-gallery-slide-content\"><div class = \"td-gallery-slide-copywrite\">BRENDA BOSKER, BIANKA JORD\u00c1N, GABRIELA BUITRAGO Y H\u00c9CTOR OTALORA.<\/div><\/figcaption>\r\n                        <\/figure>\r\n                    <\/div>\r\n                    <div class = \"td-slide-item td-item4\">\r\n                        <figure class=\"td-slide-galery-figure td-slide-popup-gallery\">\r\n                            <a class=\"slide-gallery-image-link\" href=\"https:\/\/www.eldiario.net\/portal\/wp-content\/uploads\/2024\/07\/Brenda-Bosker-Ismael-Cabrera-Gabriela-Buitrago-Rodolfo-Medina-y-Aylin-Reguerin-1.jpg\" title=\"Brenda-Bosker,-Ismael-Cabrera,-Gabriela-Buitrago,-Rodolfo-Medina-y-Aylin-Reguerin\"  data-caption=\"BRENDA BOSKER, ISMAEL CABRERA, GABRIELA BUITRAGO, RODOLFO MEDINA Y AYLIN REGUERIN.\"  data-description=\"\">\r\n                                <img decoding=\"async\" src=\"https:\/\/www.eldiario.net\/portal\/wp-content\/uploads\/2024\/07\/Brenda-Bosker-Ismael-Cabrera-Gabriela-Buitrago-Rodolfo-Medina-y-Aylin-Reguerin-1-630x420.jpg\" srcset=\"https:\/\/www.eldiario.net\/portal\/wp-content\/uploads\/2024\/07\/Brenda-Bosker-Ismael-Cabrera-Gabriela-Buitrago-Rodolfo-Medina-y-Aylin-Reguerin-1-630x420.jpg 630w, https:\/\/www.eldiario.net\/portal\/wp-content\/uploads\/2024\/07\/Brenda-Bosker-Ismael-Cabrera-Gabriela-Buitrago-Rodolfo-Medina-y-Aylin-Reguerin-1-300x200.jpg 300w, https:\/\/www.eldiario.net\/portal\/wp-content\/uploads\/2024\/07\/Brenda-Bosker-Ismael-Cabrera-Gabriela-Buitrago-Rodolfo-Medina-y-Aylin-Reguerin-1-1024x683.jpg 1024w, https:\/\/www.eldiario.net\/portal\/wp-content\/uploads\/2024\/07\/Brenda-Bosker-Ismael-Cabrera-Gabriela-Buitrago-Rodolfo-Medina-y-Aylin-Reguerin-1-768x512.jpg 768w, https:\/\/www.eldiario.net\/portal\/wp-content\/uploads\/2024\/07\/Brenda-Bosker-Ismael-Cabrera-Gabriela-Buitrago-Rodolfo-Medina-y-Aylin-Reguerin-1-696x464.jpg 696w, https:\/\/www.eldiario.net\/portal\/wp-content\/uploads\/2024\/07\/Brenda-Bosker-Ismael-Cabrera-Gabriela-Buitrago-Rodolfo-Medina-y-Aylin-Reguerin-1-1068x712.jpg 1068w, https:\/\/www.eldiario.net\/portal\/wp-content\/uploads\/2024\/07\/Brenda-Bosker-Ismael-Cabrera-Gabriela-Buitrago-Rodolfo-Medina-y-Aylin-Reguerin-1.jpg 1200w\" sizes=\"(max-width: 630px) 100vw, 630px\" alt=\"\">\r\n                            <\/a>\r\n                            <figcaption class = \"td-slide-caption td-gallery-slide-content\"><div class = \"td-gallery-slide-copywrite\">BRENDA BOSKER, ISMAEL CABRERA, GABRIELA BUITRAGO, RODOLFO MEDINA Y AYLIN REGUERIN.<\/div><\/figcaption>\r\n                        <\/figure>\r\n                    <\/div>\r\n                    <div class = \"td-slide-item td-item5\">\r\n                        <figure class=\"td-slide-galery-figure td-slide-popup-gallery\">\r\n                            <a class=\"slide-gallery-image-link\" href=\"https:\/\/www.eldiario.net\/portal\/wp-content\/uploads\/2024\/07\/Brett-Cheng-Melina-Uzqueda-Alex-Hou-Robert-Jia-Joaquin-Arias-Pool-Paredes-y-Nils-Pena-Ejecutivos-de-ZTE-1.jpg\" title=\"Brett-Cheng,-Melina-Uzqueda,-Alex-Hou,-Robert-Jia,-Joaqu\u00edn-Arias,-Pool-Paredes-y-Nils-Pe\u00f1a-(Ejecutivos-de-ZTE)\"  data-caption=\"BRETT CHENG, MELINA UZQUEDA, ALEX HOU, ROBERT JIA, JOAQU\u00cdN ARIAS, POOL PAREDES Y NILS PE\u00d1A (EJECUTIVOS DE ZTE).\"  data-description=\"\">\r\n                                <img decoding=\"async\" src=\"https:\/\/www.eldiario.net\/portal\/wp-content\/uploads\/2024\/07\/Brett-Cheng-Melina-Uzqueda-Alex-Hou-Robert-Jia-Joaquin-Arias-Pool-Paredes-y-Nils-Pena-Ejecutivos-de-ZTE-1-650x420.jpg\" srcset=\"https:\/\/www.eldiario.net\/portal\/wp-content\/uploads\/2024\/07\/Brett-Cheng-Melina-Uzqueda-Alex-Hou-Robert-Jia-Joaquin-Arias-Pool-Paredes-y-Nils-Pena-Ejecutivos-de-ZTE-1-650x420.jpg 650w, https:\/\/www.eldiario.net\/portal\/wp-content\/uploads\/2024\/07\/Brett-Cheng-Melina-Uzqueda-Alex-Hou-Robert-Jia-Joaquin-Arias-Pool-Paredes-y-Nils-Pena-Ejecutivos-de-ZTE-1-300x194.jpg 300w, https:\/\/www.eldiario.net\/portal\/wp-content\/uploads\/2024\/07\/Brett-Cheng-Melina-Uzqueda-Alex-Hou-Robert-Jia-Joaquin-Arias-Pool-Paredes-y-Nils-Pena-Ejecutivos-de-ZTE-1-1024x661.jpg 1024w, https:\/\/www.eldiario.net\/portal\/wp-content\/uploads\/2024\/07\/Brett-Cheng-Melina-Uzqueda-Alex-Hou-Robert-Jia-Joaquin-Arias-Pool-Paredes-y-Nils-Pena-Ejecutivos-de-ZTE-1-768x496.jpg 768w, https:\/\/www.eldiario.net\/portal\/wp-content\/uploads\/2024\/07\/Brett-Cheng-Melina-Uzqueda-Alex-Hou-Robert-Jia-Joaquin-Arias-Pool-Paredes-y-Nils-Pena-Ejecutivos-de-ZTE-1-696x450.jpg 696w, https:\/\/www.eldiario.net\/portal\/wp-content\/uploads\/2024\/07\/Brett-Cheng-Melina-Uzqueda-Alex-Hou-Robert-Jia-Joaquin-Arias-Pool-Paredes-y-Nils-Pena-Ejecutivos-de-ZTE-1-1068x690.jpg 1068w, https:\/\/www.eldiario.net\/portal\/wp-content\/uploads\/2024\/07\/Brett-Cheng-Melina-Uzqueda-Alex-Hou-Robert-Jia-Joaquin-Arias-Pool-Paredes-y-Nils-Pena-Ejecutivos-de-ZTE-1.jpg 1200w\" sizes=\"(max-width: 650px) 100vw, 650px\" alt=\"\">\r\n                            <\/a>\r\n                            <figcaption class = \"td-slide-caption td-gallery-slide-content\"><div class = \"td-gallery-slide-copywrite\">BRETT CHENG, MELINA UZQUEDA, ALEX HOU, ROBERT JIA, JOAQU\u00cdN ARIAS, POOL PAREDES Y NILS PE\u00d1A (EJECUTIVOS DE ZTE).<\/div><\/figcaption>\r\n                        <\/figure>\r\n                    <\/div>\r\n                    <div class = \"td-slide-item td-item6\">\r\n                        <figure class=\"td-slide-galery-figure td-slide-popup-gallery\">\r\n                            <a class=\"slide-gallery-image-link\" href=\"https:\/\/www.eldiario.net\/portal\/wp-content\/uploads\/2024\/07\/Joaquin-Arias-gerente-Field-Force-ZTE-1.jpg\" title=\"Joaqu\u00edn-Arias,-gerente-Field-Force-ZTE\"  data-caption=\"JOAQU\u00cdN ARIAS, GERENTE FIELD FORCE ZTE.\"  data-description=\"\">\r\n                                <img decoding=\"async\" src=\"https:\/\/www.eldiario.net\/portal\/wp-content\/uploads\/2024\/07\/Joaquin-Arias-gerente-Field-Force-ZTE-1-630x420.jpg\" srcset=\"https:\/\/www.eldiario.net\/portal\/wp-content\/uploads\/2024\/07\/Joaquin-Arias-gerente-Field-Force-ZTE-1-630x420.jpg 630w, https:\/\/www.eldiario.net\/portal\/wp-content\/uploads\/2024\/07\/Joaquin-Arias-gerente-Field-Force-ZTE-1-300x200.jpg 300w, https:\/\/www.eldiario.net\/portal\/wp-content\/uploads\/2024\/07\/Joaquin-Arias-gerente-Field-Force-ZTE-1-1024x683.jpg 1024w, https:\/\/www.eldiario.net\/portal\/wp-content\/uploads\/2024\/07\/Joaquin-Arias-gerente-Field-Force-ZTE-1-768x512.jpg 768w, https:\/\/www.eldiario.net\/portal\/wp-content\/uploads\/2024\/07\/Joaquin-Arias-gerente-Field-Force-ZTE-1-696x464.jpg 696w, https:\/\/www.eldiario.net\/portal\/wp-content\/uploads\/2024\/07\/Joaquin-Arias-gerente-Field-Force-ZTE-1-1068x712.jpg 1068w, https:\/\/www.eldiario.net\/portal\/wp-content\/uploads\/2024\/07\/Joaquin-Arias-gerente-Field-Force-ZTE-1.jpg 1195w\" sizes=\"(max-width: 630px) 100vw, 630px\" alt=\"\">\r\n                            <\/a>\r\n                            <figcaption class = \"td-slide-caption td-gallery-slide-content\"><div class = \"td-gallery-slide-copywrite\">JOAQU\u00cdN ARIAS, GERENTE FIELD FORCE ZTE.<\/div><\/figcaption>\r\n                        <\/figure>\r\n                    <\/div>\r\n                    <div class = \"td-slide-item td-item7\">\r\n                        <figure class=\"td-slide-galery-figure td-slide-popup-gallery\">\r\n                            <a class=\"slide-gallery-image-link\" href=\"https:\/\/www.eldiario.net\/portal\/wp-content\/uploads\/2024\/07\/Mariana-Villegas-Katya-Fuertes-y-Fer-Sandoval-1.jpg\" title=\"Mariana-Villegas,-Katya-Fuertes-y-Fer-Sandoval\"  data-caption=\"MARIANA VILLEGAS, KATYA FUERTES Y FER SANDOVAL.\"  data-description=\"\">\r\n                                <img decoding=\"async\" src=\"https:\/\/www.eldiario.net\/portal\/wp-content\/uploads\/2024\/07\/Mariana-Villegas-Katya-Fuertes-y-Fer-Sandoval-1-630x420.jpg\" srcset=\"https:\/\/www.eldiario.net\/portal\/wp-content\/uploads\/2024\/07\/Mariana-Villegas-Katya-Fuertes-y-Fer-Sandoval-1-630x420.jpg 630w, https:\/\/www.eldiario.net\/portal\/wp-content\/uploads\/2024\/07\/Mariana-Villegas-Katya-Fuertes-y-Fer-Sandoval-1-300x200.jpg 300w, https:\/\/www.eldiario.net\/portal\/wp-content\/uploads\/2024\/07\/Mariana-Villegas-Katya-Fuertes-y-Fer-Sandoval-1-1024x683.jpg 1024w, https:\/\/www.eldiario.net\/portal\/wp-content\/uploads\/2024\/07\/Mariana-Villegas-Katya-Fuertes-y-Fer-Sandoval-1-768x512.jpg 768w, https:\/\/www.eldiario.net\/portal\/wp-content\/uploads\/2024\/07\/Mariana-Villegas-Katya-Fuertes-y-Fer-Sandoval-1-696x464.jpg 696w, https:\/\/www.eldiario.net\/portal\/wp-content\/uploads\/2024\/07\/Mariana-Villegas-Katya-Fuertes-y-Fer-Sandoval-1-1068x712.jpg 1068w, https:\/\/www.eldiario.net\/portal\/wp-content\/uploads\/2024\/07\/Mariana-Villegas-Katya-Fuertes-y-Fer-Sandoval-1.jpg 1200w\" sizes=\"(max-width: 630px) 100vw, 630px\" alt=\"\">\r\n                            <\/a>\r\n                            <figcaption class = \"td-slide-caption td-gallery-slide-content\"><div class = \"td-gallery-slide-copywrite\">MARIANA VILLEGAS, KATYA FUERTES Y FER SANDOVAL.<\/div><\/figcaption>\r\n                        <\/figure>\r\n                    <\/div>\r\n                            <\/div>\r\n                        <\/div>\r\n\r\n                        <div class = \"td-doubleSlider-2\">\r\n                            <div class = \"td-slider\">\r\n                                \r\n                    <div class = \"td-button td-item1\">\r\n                        <div class = \"td-border\"><\/div>\r\n                    <\/div>\r\n                    <div class = \"td-button td-item2\">\r\n                        <div class = \"td-border\"><\/div>\r\n                    <\/div>\r\n                    <div class = \"td-button td-item3\">\r\n                        <div class = \"td-border\"><\/div>\r\n                    <\/div>\r\n                    <div class = \"td-button td-item4\">\r\n                        <div class = \"td-border\"><\/div>\r\n                    <\/div>\r\n                    <div class = \"td-button td-item5\">\r\n                        <div class = \"td-border\"><\/div>\r\n                    <\/div>\r\n                    <div class = \"td-button td-item6\">\r\n                        <div class = \"td-border\"><\/div>\r\n                    <\/div>\r\n                    <div class = \"td-button td-item7\">\r\n                        <div class = \"td-border\"><\/div>\r\n                    <\/div>\r\n                            <\/div>\r\n                        <\/div>\r\n\r\n                    <\/div>\r\n\r\n                <\/div>\r\n                \n","protected":false},"excerpt":{"rendered":"<p>Este a\u00f1o, el proveedor global de equipamiento de telecomunicaciones, terminales y soluciones de redes ZTE apost\u00f3 por traer al pa\u00eds Nubia, una marca que redefine la innovaci\u00f3n y la tecnolog\u00eda m\u00f3vil en el mundo, compitiendo con calidad y precios asequibles en un vers\u00e1til mercado de celulares. \u201cNuestro equipo ha trabajado incansablemente para traer un celular [&hellip;]<\/p>\n","protected":false},"author":1,"featured_media":232392,"comment_status":"open","ping_status":"open","sticky":false,"template":"","format":"standard","meta":{"_acf_changed":false,"footnotes":""},"categories":[40],"tags":[],"class_list":["post-232387","post","type-post","status-publish","format-standard","has-post-thumbnail","category-sociales"],"acf":{"antetitulo":""},"yoast_head":"<!-- This site is optimized with the Yoast SEO plugin v28.3 - https:\/\/yoast.com\/product\/yoast-seo-wordpress\/ -->\n<title>Nubia ya est\u00e1 en el mercado boliviano - El Diario - Bolivia<\/title>\n<meta name=\"robots\" content=\"index, follow, max-snippet:-1, max-image-preview:large, max-video-preview:-1\" \/>\n<link rel=\"canonical\" href=\"https:\/\/www.eldiario.net\/portal\/2024\/07\/07\/nubia-ya-esta-en-el-mercado-boliviano-2\/\" \/>\n<meta property=\"og:locale\" content=\"es_ES\" \/>\n<meta property=\"og:type\" content=\"article\" \/>\n<meta property=\"og:title\" content=\"Nubia ya est\u00e1 en el mercado boliviano - El Diario - Bolivia\" \/>\n<meta property=\"og:description\" content=\"Este a\u00f1o, el proveedor global de equipamiento de telecomunicaciones, terminales y soluciones de redes ZTE apost\u00f3 por traer al pa\u00eds Nubia, una marca que redefine la innovaci\u00f3n y la tecnolog\u00eda m\u00f3vil en el mundo, compitiendo con calidad y precios asequibles en un vers\u00e1til mercado de celulares. \u201cNuestro equipo ha trabajado incansablemente para traer un celular [&hellip;]\" \/>\n<meta property=\"og:url\" content=\"https:\/\/www.eldiario.net\/portal\/2024\/07\/07\/nubia-ya-esta-en-el-mercado-boliviano-2\/\" \/>\n<meta property=\"og:site_name\" content=\"El Diario - Bolivia\" \/>\n<meta property=\"article:publisher\" content=\"https:\/\/www.facebook.com\/eldiario.bolivia\/\" \/>\n<meta property=\"article:published_time\" content=\"2024-07-07T11:28:50+00:00\" \/>\n<meta property=\"og:image\" content=\"https:\/\/www.eldiario.net\/portal\/wp-content\/uploads\/2024\/07\/Brett-Cheng-Melina-Uzqueda-Alex-Hou-Robert-Jia-Joaquin-Arias-Pool-Paredes-y-Nils-Pena-Ejecutivos-de-ZTE-1.jpg\" \/>\n\t<meta property=\"og:image:width\" content=\"1200\" \/>\n\t<meta property=\"og:image:height\" content=\"775\" \/>\n\t<meta property=\"og:image:type\" content=\"image\/jpeg\" \/>\n<meta name=\"author\" content=\"Jeanette\" \/>\n<meta name=\"twitter:card\" content=\"summary_large_image\" \/>\n<meta name=\"twitter:creator\" content=\"@eldiario_net\" \/>\n<meta name=\"twitter:site\" content=\"@eldiario_net\" \/>\n<meta name=\"twitter:label1\" content=\"Escrito por\" \/>\n\t<meta name=\"twitter:data1\" content=\"Jeanette\" \/>\n\t<meta name=\"twitter:label2\" content=\"Tiempo de lectura\" \/>\n\t<meta name=\"twitter:data2\" content=\"2 minutos\" \/>\n<script type=\"application\/ld+json\" class=\"yoast-schema-graph\">{\"@context\":\"https:\\\/\\\/schema.org\",\"@graph\":[{\"@type\":\"Article\",\"@id\":\"https:\\\/\\\/www.eldiario.net\\\/portal\\\/2024\\\/07\\\/07\\\/nubia-ya-esta-en-el-mercado-boliviano-2\\\/#article\",\"isPartOf\":{\"@id\":\"https:\\\/\\\/www.eldiario.net\\\/portal\\\/2024\\\/07\\\/07\\\/nubia-ya-esta-en-el-mercado-boliviano-2\\\/\"},\"author\":{\"name\":\"Jeanette\",\"@id\":\"https:\\\/\\\/www.eldiario.net\\\/portal\\\/#\\\/schema\\\/person\\\/f46445640444750d7d753ccd04ae01b7\"},\"headline\":\"Nubia ya est\u00e1 en el mercado boliviano\",\"datePublished\":\"2024-07-07T11:28:50+00:00\",\"mainEntityOfPage\":{\"@id\":\"https:\\\/\\\/www.eldiario.net\\\/portal\\\/2024\\\/07\\\/07\\\/nubia-ya-esta-en-el-mercado-boliviano-2\\\/\"},\"wordCount\":256,\"commentCount\":0,\"publisher\":{\"@id\":\"https:\\\/\\\/www.eldiario.net\\\/portal\\\/#organization\"},\"image\":{\"@id\":\"https:\\\/\\\/www.eldiario.net\\\/portal\\\/2024\\\/07\\\/07\\\/nubia-ya-esta-en-el-mercado-boliviano-2\\\/#primaryimage\"},\"thumbnailUrl\":\"https:\\\/\\\/www.eldiario.net\\\/portal\\\/wp-content\\\/uploads\\\/2024\\\/07\\\/Brett-Cheng-Melina-Uzqueda-Alex-Hou-Robert-Jia-Joaquin-Arias-Pool-Paredes-y-Nils-Pena-Ejecutivos-de-ZTE-1.jpg\",\"articleSection\":[\"Sociales\"],\"inLanguage\":\"es\",\"potentialAction\":[{\"@type\":\"CommentAction\",\"name\":\"Comment\",\"target\":[\"https:\\\/\\\/www.eldiario.net\\\/portal\\\/2024\\\/07\\\/07\\\/nubia-ya-esta-en-el-mercado-boliviano-2\\\/#respond\"]}]},{\"@type\":\"WebPage\",\"@id\":\"https:\\\/\\\/www.eldiario.net\\\/portal\\\/2024\\\/07\\\/07\\\/nubia-ya-esta-en-el-mercado-boliviano-2\\\/\",\"url\":\"https:\\\/\\\/www.eldiario.net\\\/portal\\\/2024\\\/07\\\/07\\\/nubia-ya-esta-en-el-mercado-boliviano-2\\\/\",\"name\":\"Nubia ya est\u00e1 en el mercado boliviano - El Diario - Bolivia\",\"isPartOf\":{\"@id\":\"https:\\\/\\\/www.eldiario.net\\\/portal\\\/#website\"},\"primaryImageOfPage\":{\"@id\":\"https:\\\/\\\/www.eldiario.net\\\/portal\\\/2024\\\/07\\\/07\\\/nubia-ya-esta-en-el-mercado-boliviano-2\\\/#primaryimage\"},\"image\":{\"@id\":\"https:\\\/\\\/www.eldiario.net\\\/portal\\\/2024\\\/07\\\/07\\\/nubia-ya-esta-en-el-mercado-boliviano-2\\\/#primaryimage\"},\"thumbnailUrl\":\"https:\\\/\\\/www.eldiario.net\\\/portal\\\/wp-content\\\/uploads\\\/2024\\\/07\\\/Brett-Cheng-Melina-Uzqueda-Alex-Hou-Robert-Jia-Joaquin-Arias-Pool-Paredes-y-Nils-Pena-Ejecutivos-de-ZTE-1.jpg\",\"datePublished\":\"2024-07-07T11:28:50+00:00\",\"breadcrumb\":{\"@id\":\"https:\\\/\\\/www.eldiario.net\\\/portal\\\/2024\\\/07\\\/07\\\/nubia-ya-esta-en-el-mercado-boliviano-2\\\/#breadcrumb\"},\"inLanguage\":\"es\",\"potentialAction\":[{\"@type\":\"ReadAction\",\"target\":[\"https:\\\/\\\/www.eldiario.net\\\/portal\\\/2024\\\/07\\\/07\\\/nubia-ya-esta-en-el-mercado-boliviano-2\\\/\"]}]},{\"@type\":\"ImageObject\",\"inLanguage\":\"es\",\"@id\":\"https:\\\/\\\/www.eldiario.net\\\/portal\\\/2024\\\/07\\\/07\\\/nubia-ya-esta-en-el-mercado-boliviano-2\\\/#primaryimage\",\"url\":\"https:\\\/\\\/www.eldiario.net\\\/portal\\\/wp-content\\\/uploads\\\/2024\\\/07\\\/Brett-Cheng-Melina-Uzqueda-Alex-Hou-Robert-Jia-Joaquin-Arias-Pool-Paredes-y-Nils-Pena-Ejecutivos-de-ZTE-1.jpg\",\"contentUrl\":\"https:\\\/\\\/www.eldiario.net\\\/portal\\\/wp-content\\\/uploads\\\/2024\\\/07\\\/Brett-Cheng-Melina-Uzqueda-Alex-Hou-Robert-Jia-Joaquin-Arias-Pool-Paredes-y-Nils-Pena-Ejecutivos-de-ZTE-1.jpg\",\"width\":1200,\"height\":775,\"caption\":\"BRETT CHENG, MELINA UZQUEDA, ALEX HOU, ROBERT JIA, JOAQU\u00cdN ARIAS, POOL PAREDES Y NILS PE\u00d1A (EJECUTIVOS DE ZTE).\"},{\"@type\":\"BreadcrumbList\",\"@id\":\"https:\\\/\\\/www.eldiario.net\\\/portal\\\/2024\\\/07\\\/07\\\/nubia-ya-esta-en-el-mercado-boliviano-2\\\/#breadcrumb\",\"itemListElement\":[{\"@type\":\"ListItem\",\"position\":1,\"name\":\"Portada\",\"item\":\"https:\\\/\\\/www.eldiario.net\\\/portal\\\/\"},{\"@type\":\"ListItem\",\"position\":2,\"name\":\"Nubia ya est\u00e1 en el mercado boliviano\"}]},{\"@type\":\"WebSite\",\"@id\":\"https:\\\/\\\/www.eldiario.net\\\/portal\\\/#website\",\"url\":\"https:\\\/\\\/www.eldiario.net\\\/portal\\\/\",\"name\":\"El Diario - Decano de la prensa nacional\",\"description\":\"El Diario - Decano de la prensa nacional\",\"publisher\":{\"@id\":\"https:\\\/\\\/www.eldiario.net\\\/portal\\\/#organization\"},\"potentialAction\":[{\"@type\":\"SearchAction\",\"target\":{\"@type\":\"EntryPoint\",\"urlTemplate\":\"https:\\\/\\\/www.eldiario.net\\\/portal\\\/?s={search_term_string}\"},\"query-input\":{\"@type\":\"PropertyValueSpecification\",\"valueRequired\":true,\"valueName\":\"search_term_string\"}}],\"inLanguage\":\"es\"},{\"@type\":\"Organization\",\"@id\":\"https:\\\/\\\/www.eldiario.net\\\/portal\\\/#organization\",\"name\":\"El Diario - Decano de la prensa nacional\",\"url\":\"https:\\\/\\\/www.eldiario.net\\\/portal\\\/\",\"logo\":{\"@type\":\"ImageObject\",\"inLanguage\":\"es\",\"@id\":\"https:\\\/\\\/www.eldiario.net\\\/portal\\\/#\\\/schema\\\/logo\\\/image\\\/\",\"url\":\"https:\\\/\\\/www.eldiario.net\\\/portal\\\/wp-content\\\/uploads\\\/2023\\\/07\\\/logo_ED.jpg\",\"contentUrl\":\"https:\\\/\\\/www.eldiario.net\\\/portal\\\/wp-content\\\/uploads\\\/2023\\\/07\\\/logo_ED.jpg\",\"width\":272,\"height\":52,\"caption\":\"El Diario - Decano de la prensa nacional\"},\"image\":{\"@id\":\"https:\\\/\\\/www.eldiario.net\\\/portal\\\/#\\\/schema\\\/logo\\\/image\\\/\"},\"sameAs\":[\"https:\\\/\\\/www.facebook.com\\\/eldiario.bolivia\\\/\",\"https:\\\/\\\/x.com\\\/eldiario_net\"]},{\"@type\":\"Person\",\"@id\":\"https:\\\/\\\/www.eldiario.net\\\/portal\\\/#\\\/schema\\\/person\\\/f46445640444750d7d753ccd04ae01b7\",\"name\":\"Jeanette\",\"image\":{\"@type\":\"ImageObject\",\"inLanguage\":\"es\",\"@id\":\"https:\\\/\\\/secure.gravatar.com\\\/avatar\\\/3ea2118a5f7dad2b7138b1187a6b7ee55f160b9968b66013c3a3ef39dd7e5798?s=96&d=mm&r=g\",\"url\":\"https:\\\/\\\/secure.gravatar.com\\\/avatar\\\/3ea2118a5f7dad2b7138b1187a6b7ee55f160b9968b66013c3a3ef39dd7e5798?s=96&d=mm&r=g\",\"contentUrl\":\"https:\\\/\\\/secure.gravatar.com\\\/avatar\\\/3ea2118a5f7dad2b7138b1187a6b7ee55f160b9968b66013c3a3ef39dd7e5798?s=96&d=mm&r=g\",\"caption\":\"Jeanette\"},\"sameAs\":[\"https:\\\/\\\/www.eldiario.net\\\/portal\"],\"url\":\"https:\\\/\\\/www.eldiario.net\\\/portal\\\/author\\\/jeanette\\\/\"}]}<\/script>\n<!-- \/ Yoast SEO plugin. -->","yoast_head_json":{"title":"Nubia ya est\u00e1 en el mercado boliviano - El Diario - Bolivia","robots":{"index":"index","follow":"follow","max-snippet":"max-snippet:-1","max-image-preview":"max-image-preview:large","max-video-preview":"max-video-preview:-1"},"canonical":"https:\/\/www.eldiario.net\/portal\/2024\/07\/07\/nubia-ya-esta-en-el-mercado-boliviano-2\/","og_locale":"es_ES","og_type":"article","og_title":"Nubia ya est\u00e1 en el mercado boliviano - El Diario - Bolivia","og_description":"Este a\u00f1o, el proveedor global de equipamiento de telecomunicaciones, terminales y soluciones de redes ZTE apost\u00f3 por traer al pa\u00eds Nubia, una marca que redefine la innovaci\u00f3n y la tecnolog\u00eda m\u00f3vil en el mundo, compitiendo con calidad y precios asequibles en un vers\u00e1til mercado de celulares. \u201cNuestro equipo ha trabajado incansablemente para traer un celular [&hellip;]","og_url":"https:\/\/www.eldiario.net\/portal\/2024\/07\/07\/nubia-ya-esta-en-el-mercado-boliviano-2\/","og_site_name":"El Diario - Bolivia","article_publisher":"https:\/\/www.facebook.com\/eldiario.bolivia\/","article_published_time":"2024-07-07T11:28:50+00:00","og_image":[{"width":1200,"height":775,"url":"https:\/\/www.eldiario.net\/portal\/wp-content\/uploads\/2024\/07\/Brett-Cheng-Melina-Uzqueda-Alex-Hou-Robert-Jia-Joaquin-Arias-Pool-Paredes-y-Nils-Pena-Ejecutivos-de-ZTE-1.jpg","type":"image\/jpeg"}],"author":"Jeanette","twitter_card":"summary_large_image","twitter_creator":"@eldiario_net","twitter_site":"@eldiario_net","twitter_misc":{"Escrito por":"Jeanette","Tiempo de lectura":"2 minutos"},"schema":{"@context":"https:\/\/schema.org","@graph":[{"@type":"Article","@id":"https:\/\/www.eldiario.net\/portal\/2024\/07\/07\/nubia-ya-esta-en-el-mercado-boliviano-2\/#article","isPartOf":{"@id":"https:\/\/www.eldiario.net\/portal\/2024\/07\/07\/nubia-ya-esta-en-el-mercado-boliviano-2\/"},"author":{"name":"Jeanette","@id":"https:\/\/www.eldiario.net\/portal\/#\/schema\/person\/f46445640444750d7d753ccd04ae01b7"},"headline":"Nubia ya est\u00e1 en el mercado boliviano","datePublished":"2024-07-07T11:28:50+00:00","mainEntityOfPage":{"@id":"https:\/\/www.eldiario.net\/portal\/2024\/07\/07\/nubia-ya-esta-en-el-mercado-boliviano-2\/"},"wordCount":256,"commentCount":0,"publisher":{"@id":"https:\/\/www.eldiario.net\/portal\/#organization"},"image":{"@id":"https:\/\/www.eldiario.net\/portal\/2024\/07\/07\/nubia-ya-esta-en-el-mercado-boliviano-2\/#primaryimage"},"thumbnailUrl":"https:\/\/www.eldiario.net\/portal\/wp-content\/uploads\/2024\/07\/Brett-Cheng-Melina-Uzqueda-Alex-Hou-Robert-Jia-Joaquin-Arias-Pool-Paredes-y-Nils-Pena-Ejecutivos-de-ZTE-1.jpg","articleSection":["Sociales"],"inLanguage":"es","potentialAction":[{"@type":"CommentAction","name":"Comment","target":["https:\/\/www.eldiario.net\/portal\/2024\/07\/07\/nubia-ya-esta-en-el-mercado-boliviano-2\/#respond"]}]},{"@type":"WebPage","@id":"https:\/\/www.eldiario.net\/portal\/2024\/07\/07\/nubia-ya-esta-en-el-mercado-boliviano-2\/","url":"https:\/\/www.eldiario.net\/portal\/2024\/07\/07\/nubia-ya-esta-en-el-mercado-boliviano-2\/","name":"Nubia ya est\u00e1 en el mercado boliviano - El Diario - Bolivia","isPartOf":{"@id":"https:\/\/www.eldiario.net\/portal\/#website"},"primaryImageOfPage":{"@id":"https:\/\/www.eldiario.net\/portal\/2024\/07\/07\/nubia-ya-esta-en-el-mercado-boliviano-2\/#primaryimage"},"image":{"@id":"https:\/\/www.eldiario.net\/portal\/2024\/07\/07\/nubia-ya-esta-en-el-mercado-boliviano-2\/#primaryimage"},"thumbnailUrl":"https:\/\/www.eldiario.net\/portal\/wp-content\/uploads\/2024\/07\/Brett-Cheng-Melina-Uzqueda-Alex-Hou-Robert-Jia-Joaquin-Arias-Pool-Paredes-y-Nils-Pena-Ejecutivos-de-ZTE-1.jpg","datePublished":"2024-07-07T11:28:50+00:00","breadcrumb":{"@id":"https:\/\/www.eldiario.net\/portal\/2024\/07\/07\/nubia-ya-esta-en-el-mercado-boliviano-2\/#breadcrumb"},"inLanguage":"es","potentialAction":[{"@type":"ReadAction","target":["https:\/\/www.eldiario.net\/portal\/2024\/07\/07\/nubia-ya-esta-en-el-mercado-boliviano-2\/"]}]},{"@type":"ImageObject","inLanguage":"es","@id":"https:\/\/www.eldiario.net\/portal\/2024\/07\/07\/nubia-ya-esta-en-el-mercado-boliviano-2\/#primaryimage","url":"https:\/\/www.eldiario.net\/portal\/wp-content\/uploads\/2024\/07\/Brett-Cheng-Melina-Uzqueda-Alex-Hou-Robert-Jia-Joaquin-Arias-Pool-Paredes-y-Nils-Pena-Ejecutivos-de-ZTE-1.jpg","contentUrl":"https:\/\/www.eldiario.net\/portal\/wp-content\/uploads\/2024\/07\/Brett-Cheng-Melina-Uzqueda-Alex-Hou-Robert-Jia-Joaquin-Arias-Pool-Paredes-y-Nils-Pena-Ejecutivos-de-ZTE-1.jpg","width":1200,"height":775,"caption":"BRETT CHENG, MELINA UZQUEDA, ALEX HOU, ROBERT JIA, JOAQU\u00cdN ARIAS, POOL PAREDES Y NILS PE\u00d1A (EJECUTIVOS DE ZTE)."},{"@type":"BreadcrumbList","@id":"https:\/\/www.eldiario.net\/portal\/2024\/07\/07\/nubia-ya-esta-en-el-mercado-boliviano-2\/#breadcrumb","itemListElement":[{"@type":"ListItem","position":1,"name":"Portada","item":"https:\/\/www.eldiario.net\/portal\/"},{"@type":"ListItem","position":2,"name":"Nubia ya est\u00e1 en el mercado boliviano"}]},{"@type":"WebSite","@id":"https:\/\/www.eldiario.net\/portal\/#website","url":"https:\/\/www.eldiario.net\/portal\/","name":"El Diario - Decano de la prensa nacional","description":"El Diario - Decano de la prensa nacional","publisher":{"@id":"https:\/\/www.eldiario.net\/portal\/#organization"},"potentialAction":[{"@type":"SearchAction","target":{"@type":"EntryPoint","urlTemplate":"https:\/\/www.eldiario.net\/portal\/?s={search_term_string}"},"query-input":{"@type":"PropertyValueSpecification","valueRequired":true,"valueName":"search_term_string"}}],"inLanguage":"es"},{"@type":"Organization","@id":"https:\/\/www.eldiario.net\/portal\/#organization","name":"El Diario - Decano de la prensa nacional","url":"https:\/\/www.eldiario.net\/portal\/","logo":{"@type":"ImageObject","inLanguage":"es","@id":"https:\/\/www.eldiario.net\/portal\/#\/schema\/logo\/image\/","url":"https:\/\/www.eldiario.net\/portal\/wp-content\/uploads\/2023\/07\/logo_ED.jpg","contentUrl":"https:\/\/www.eldiario.net\/portal\/wp-content\/uploads\/2023\/07\/logo_ED.jpg","width":272,"height":52,"caption":"El Diario - Decano de la prensa nacional"},"image":{"@id":"https:\/\/www.eldiario.net\/portal\/#\/schema\/logo\/image\/"},"sameAs":["https:\/\/www.facebook.com\/eldiario.bolivia\/","https:\/\/x.com\/eldiario_net"]},{"@type":"Person","@id":"https:\/\/www.eldiario.net\/portal\/#\/schema\/person\/f46445640444750d7d753ccd04ae01b7","name":"Jeanette","image":{"@type":"ImageObject","inLanguage":"es","@id":"https:\/\/secure.gravatar.com\/avatar\/3ea2118a5f7dad2b7138b1187a6b7ee55f160b9968b66013c3a3ef39dd7e5798?s=96&d=mm&r=g","url":"https:\/\/secure.gravatar.com\/avatar\/3ea2118a5f7dad2b7138b1187a6b7ee55f160b9968b66013c3a3ef39dd7e5798?s=96&d=mm&r=g","contentUrl":"https:\/\/secure.gravatar.com\/avatar\/3ea2118a5f7dad2b7138b1187a6b7ee55f160b9968b66013c3a3ef39dd7e5798?s=96&d=mm&r=g","caption":"Jeanette"},"sameAs":["https:\/\/www.eldiario.net\/portal"],"url":"https:\/\/www.eldiario.net\/portal\/author\/jeanette\/"}]}},"_links":{"self":[{"href":"https:\/\/www.eldiario.net\/portal\/wp-json\/wp\/v2\/posts\/232387","targetHints":{"allow":["GET"]}}],"collection":[{"href":"https:\/\/www.eldiario.net\/portal\/wp-json\/wp\/v2\/posts"}],"about":[{"href":"https:\/\/www.eldiario.net\/portal\/wp-json\/wp\/v2\/types\/post"}],"author":[{"embeddable":true,"href":"https:\/\/www.eldiario.net\/portal\/wp-json\/wp\/v2\/users\/1"}],"replies":[{"embeddable":true,"href":"https:\/\/www.eldiario.net\/portal\/wp-json\/wp\/v2\/comments?post=232387"}],"version-history":[{"count":1,"href":"https:\/\/www.eldiario.net\/portal\/wp-json\/wp\/v2\/posts\/232387\/revisions"}],"predecessor-version":[{"id":232395,"href":"https:\/\/www.eldiario.net\/portal\/wp-json\/wp\/v2\/posts\/232387\/revisions\/232395"}],"wp:featuredmedia":[{"embeddable":true,"href":"https:\/\/www.eldiario.net\/portal\/wp-json\/wp\/v2\/media\/232392"}],"wp:attachment":[{"href":"https:\/\/www.eldiario.net\/portal\/wp-json\/wp\/v2\/media?parent=232387"}],"wp:term":[{"taxonomy":"category","embeddable":true,"href":"https:\/\/www.eldiario.net\/portal\/wp-json\/wp\/v2\/categories?post=232387"},{"taxonomy":"post_tag","embeddable":true,"href":"https:\/\/www.eldiario.net\/portal\/wp-json\/wp\/v2\/tags?post=232387"}],"curies":[{"name":"wp","href":"https:\/\/api.w.org\/{rel}","templated":true}]}}