{"id":232268,"date":"2024-07-07T06:51:51","date_gmt":"2024-07-07T10:51:51","guid":{"rendered":"https:\/\/www.eldiario.net\/portal\/?p=232268"},"modified":"2024-07-07T06:51:51","modified_gmt":"2024-07-07T10:51:51","slug":"conservar-animales-y-plantas-que-cohabitan-con-10-comunidades","status":"publish","type":"post","link":"https:\/\/www.eldiario.net\/portal\/2024\/07\/07\/conservar-animales-y-plantas-que-cohabitan-con-10-comunidades\/","title":{"rendered":"Conservar animales y plantas que  cohabitan con 10 comunidades"},"content":{"rendered":"<p>El Palmar es uno de esos sitios todav\u00eda inexplicables de la naturaleza. Un lugar con islas de una palmera \u00fanica en el mundo, Janchicoco (Parajubaea torallyi), que puede vivir m\u00e1s de 500 a\u00f1os a m\u00e1s de 3.200 metros sobre el nivel del mar. Es el \u00fanico lugar en Bolivia, donde la Paraba frente roja (Ara rubrogenys) se reproduce en nidos que construye en la punta de troncos de esa palmera. Un lugar donde el oso jucumari (Tremarctus omatus) cohabita con el ser humano y, pese a las amenazas, logra reproducirse. El \u00fanico sitio, hasta ahora conocido en el pa\u00eds, donde una bandada de c\u00f3ndores andinos (Vultur gryphu) llega a ba\u00f1arse y sale a tomar el sol. Un tesoro natural que enfrenta el desaf\u00edo de conservar su alta biodiversidad en medio de deforestaci\u00f3n, incendios forestales e intensa actividad agraria y ganadera.<br \/>\nEl Palmar est\u00e1 en Chuquisaca, en medio de un paisaje muy degradado como los valles secos interandinos: un ecosistema de mesetas, colinas y monta\u00f1as. Le debe su nombre a la palmera janchicoco, vocablo quechua que significa \u201ccoco molido\u201d; una especie amenazada que puede alcanzar 28 metros de altura y cuyo tronco puede tener hasta 60 cent\u00edmetros de di\u00e1metro. Una especie que en 2021 fue alcanzada por un incendio forestal que devor\u00f3 una parte importante de sus bosques. En resumen, El Palmar es un \u00c1rea Natural de Manejo Integrado (ANMI) de 595 kil\u00f3metros cuadrados de extensi\u00f3n, en cuyo interior viven 10 comunidades quechuas dedicadas principalmente a la agricultura y la ganader\u00eda, quienes comparten territorio con animales y plantas de alta importancia.<br \/>\nESPECIES AMENAZADAS<br \/>\nTom\u00e1s Calahuma, el actual jefe de guardaparques de El Palmar, lleg\u00f3 a esta \u00e1rea protegida nacional en 2022 y desde entonces asegura que ha recorrido todos sus rincones. En enero pasado, pidi\u00f3 a dos de sus compa\u00f1eros que vigilaran un farall\u00f3n donde sospechaba que hab\u00eda actividad reproductiva de una pareja de c\u00f3ndores, especie \u201cvulnerable\u201d a la extinci\u00f3n. As\u00ed se descubri\u00f3 un nido con un pich\u00f3n macho que por entonces ten\u00eda aproximadamente mes y medio de edad. Aquello fue una motivaci\u00f3n extra, ya que actualmente los \u201cguardas\u201d siguen el desarrollo del ave, su alimentaci\u00f3n, el cuidado paterno y los primeros vuelos. \u201cEs el primer registro (de nacimiento) para El Palmar\u201d, dice Calahuma.<br \/>\nPero aquel no fue el \u00fanico nacimiento que los guardianes de este ANMI pudieron registrar. En 2021, gracias a c\u00e1maras trampa, observaron a dos D y junto a su madre en un bosque de palmera janchicoco. Similar n\u00famero de cachorros se anot\u00f3 en 2022, mientras que, en 2023, se capt\u00f3 a una cr\u00eda con su madre. Para este a\u00f1o tambi\u00e9n se tiene un registro. \u201cQuiere decir que El Palmar es un \u00e1rea muy importante para la especie, porque re\u00fane condiciones de topograf\u00eda y partes pr\u00edstinas (bosque primario o virgen)\u201d, opina Tom\u00e1s. La especie tambi\u00e9n se encuentra en estado \u201cVulnerable\u201d a la extinci\u00f3n.<br \/>\nDe igual manera, la Paraba frente roja, un ave que \u00fanicamente habita en los valles secos interandinos de Bolivia y est\u00e1 en peligro cr\u00edtico de extinci\u00f3n, se ha reproducido con \u00e9xito. En 2021, luego de un censo nacional de la especie, se estim\u00f3 que su poblaci\u00f3n total en vida silvestre alcanzaba unos 1.200 ejemplares. Durante ese conteo, en El Palmar se registraron ocho nidos en palmera janchicoco. En 2022, el reporte dio cuenta de otros ocho nidos. \u201cAunque no pudimos monitorearlos con c\u00e1maras trampa, consideramos que la mayor\u00eda fueron exitosos porque (los nidos) estaban en troncos muy altos\u201d, se\u00f1ala Calahuma. El a\u00f1o pasado se reportaron siete nidos y en lo que va de 2024, otros siete est\u00e1n apuntados.<br \/>\nEn un territorio en el que la fauna silvestre cohabita con comunidades campesinas de origen quechua, los reportes de nacimientos no deja de ser una esperanza. Pero, las c\u00e1maras trampa instaladas en puntos estrat\u00e9gicos, han detectado la presencia de animales no registrados para esta zona. \u201cPor ejemplo, salieron puercoespines, lo mismo que iguanas; algo que debe ser estudiado\u201d, afirma el jefe de guardaparques.<br \/>\nEn el tema de flora, adem\u00e1s de janchicoco, este ANMI es h\u00e1bitat de otras plantas end\u00e9micas de Bolivia, como la kewi\u00f1a (Polylepis tomentella). Asimismo, hay zonas, como una porci\u00f3n de bosque boliviano-tucumano, donde la palmera mencionada convive con el pino de monte (Podocarpus parlatorei), el ceibo y el cedro; especies de flora que est\u00e1n en v\u00edas de extinci\u00f3n.<br \/>\n\u201cLo llamativo tambi\u00e9n es una enorme diversidad de cactus que todav\u00eda no est\u00e1 siendo estudiada ni explorada. Hay especies que ser\u00edan nuevas para la ciencia y para Bolivia. Son cactus arb\u00f3reos y diminutos, que apenas se pueden diferenciar de la vegetaci\u00f3n\u201d, aclara el bi\u00f3logo Guido Salda\u00f1a, coordinador del Programa Paraba Frente Roja, de la Asociaci\u00f3n Civil Armon\u00eda, organizaci\u00f3n que trabaja en la conservaci\u00f3n de aves amenazadas de Bolivia.<br \/>\n\u201cTU CASA, MI CASA, NUESTRA CASA\u201d<br \/>\nArmon\u00eda trabaja en El Palmar desde 2021, cuando los resultados del Censo de esta paraba confirmaron el nacimiento de pichones en troncos de janchicoco; algo in\u00e9dito porque inicialmente se cre\u00eda que el ave solo se reproduc\u00eda en farallones de gran altura. Por eso, como una de sus estrategias para salvar a la especie, ahora busca proteger los bosques de esta palmera, en coordinaci\u00f3n con las comunidades que viven dentro del \u00e1rea protegida.<br \/>\n\u201cUna de las principales amenazas (de los bosques) son los incendios forestales y se trata de una especie (de palmera) que realmente tarda mucho en crecer y desarrollarse. Por eso pensamos en una restauraci\u00f3n a trav\u00e9s de la siembra directa\u201d, indica Salda\u00f1a.<br \/>\nLa otra preocupaci\u00f3n del bi\u00f3logo y su equipo es que se detect\u00f3 que ciertos nidos de paraba fueron puestos en troncos demasiado deteriorados y se perdieron pichones y adultos. Por ello se instal\u00f3 40 cajas-nido artificiales; en dos de las cuales se vio \u201cindicios de adopci\u00f3n\u201d. Aunque todav\u00eda no hubo \u00e9xito, \u201ctenemos mucha esperanza en que esta temporada reproductiva (las parabas) puedan usar alguna caja nido para reproducirse, ya que en el g\u00e9nero Ara, es normal que los individuos sean bastante cuidadosos en usar huecos para nidos\u201d, asegura el bi\u00f3logo Salda\u00f1a.<br \/>\nPero janchicoco no solamente beneficia a la Paraba frente roja. Sus frutos, una especie de coco con varias capas de fibra antes de llegar a una semilla tipo almendra, son el alimento preferido del oso de anteojos en esta zona.<br \/>\nMauricio Pe\u00f1aranda, bi\u00f3logo que ha trabajado varios a\u00f1os en investigaciones sobre la especie, dice que su presencia en El Palmar es bastante particular respecto a los otros sitios donde est\u00e1 registrada la distribuci\u00f3n del oso de anteojos. \u201cSe sabe de muy pocas poblaciones (en valles secos interandinos). Es decir, la especie ha vivido ah\u00ed durante muchos a\u00f1os, pero al ser estos valles utilizados por las personas, la tasa de deforestaci\u00f3n es s\u00faper alta; tambi\u00e9n la matanza de estos animales. Por ello, si se toma en cuenta las poblaciones de oso andino en los valles secos, s\u00ed se podr\u00eda considerar un santuario, principalmente porque sabemos que son pocas, fragmentadas, y por tener un lugar donde todav\u00eda puede reproducirse. No sabemos de muchos otros lugares donde est\u00e9 ocurriendo esto\u201d, explica.<br \/>\nEntre otros hallazgos, Pe\u00f1aranda confirm\u00f3 que en alrededores de bosques de palmera janchicoco, la probabilidad de tener jucumari es bastante alta. As\u00ed tambi\u00e9n, un estudiante de Biolog\u00eda encontr\u00f3 que el animal se alimenta de la cubierta del fruto de janchicoco. En ese contexto, el \u00e1rea protegida representa una parte importante para su conservaci\u00f3n.<br \/>\nHasta ahora no se sabe el n\u00famero de ejemplares que habr\u00eda en este lugar, por im\u00e1genes de c\u00e1maras trampa, hasta 2021 se estimaba 20 a 30 individuos que b\u00e1sicamente estaban en dos zonas: El Palmar y Palmarcito. Esta \u00faltima fue la m\u00e1s afectada por los incendios forestales en 2021.<br \/>\n\u201cCuando hubo este incendio, se quem\u00f3 un parche muy grande del cerro Palmarcito, donde viv\u00eda la mayor parte de osos, por tanto, seguramente esto ha tenido incidencia negativa sobre la poblaci\u00f3n. Por lo que me comentan los guardaparques esas palmeras no han muerto, pero no est\u00e1n dando frutos y eso significa menos comida para el oso, mayor desplazamiento y mayor conflicto con las personas\u201d, afirma el bi\u00f3logo.<br \/>\nEl a\u00f1o pasado hubo 13 casos de conflicto entre el ser humano y oso jucumari por ataques al ganado vacuno, seg\u00fan registros del Servicio Nacional de \u00c1reas Protegidas (Sernap). Uno de ellos deriv\u00f3 en un proceso por biocidio. \u201cEl principal alimento del oso es el fruto de janchicoco y tambi\u00e9n lo es del ganado. En t\u00e9rminos de poblaci\u00f3n, el ganado es mayor en n\u00famero, entonces para el oso no queda nada, y esa es la principal problem\u00e1tica que tiene El Palmar. Porque para el agricultor, una cabeza de ganado es como un ahorro en el banco\u201d, explica Tom\u00e1s Calahuma, el jefe de los guardaparques.<br \/>\nFrente a ello, tanto guardaparques como Armon\u00eda, la organizaci\u00f3n que trabaja en el \u00e1rea, apuntan a la educaci\u00f3n ambiental y alternativas sostenibles como el turismo comunitario, para lograr la coexistencia de las comunidades y las especies de fauna. Hasta ahora \u2014dice Tom\u00e1s\u2014 la gente se ha apropiado de la Paraba frente roja, el oso jucumari y el c\u00f3ndor andino, como emblemas del territorio. De ah\u00ed que reforzar estrategias para lograr una coexistencia en equilibrio es uno de los objetivos a corto plazo.<br \/>\nEL FARO DEL TURISMO<br \/>\nDesde este mirador es posible observar C\u00f3ndor Ba\u00f1ana, el sitio al que una bandada de c\u00f3ndores llega a refrescarse.<br \/>\nTras la pandemia por covid-19, El Palmar ha retomado el impulso para incentivar la visita de turistas. Con cuatro circuitos que permiten el avistamiento responsable de fauna, tanto comunidades como guardaparques esperan lograr la ansiada autosostenibilidad econ\u00f3mica del \u00e1rea. As\u00ed, 2022 cerr\u00f3 con 412 turistas (30 extranjeros), mientras que el a\u00f1o pasado hubo 689 (59 for\u00e1neos). Este a\u00f1o se espera superar esa cifra con la promoci\u00f3n de influencers invitados al ANMI, y mejoras en cuanto a hospedaje y transporte especialmente.<br \/>\nY es que no es dif\u00edcil promocionar los atractivos de este destino natural, no solo por su biodiversidad, sino por sitios hasta ahora in\u00e9ditos en Bolivia. Uno de ellos, \u201cC\u00f3ndor Ba\u00f1ana\u201d, permite ver grupos de hasta 30 c\u00f3ndores tomando ba\u00f1os en una poza natural, para despu\u00e9s secarse bajo el intenso sol, mostrando toda su majestuosidad.<br \/>\nPara Diego M\u00e9ndez, especialista del Programa de Investigaci\u00f3n de Aves Rapaces en Bolivia, \u201cen el pa\u00eds no se conocen otros sitios con caracter\u00edsticas similares\u201d. De hecho, tener tales congregaciones de c\u00f3ndores en una localidad espec\u00edfica, \u201ces muy interesante, porque probablemente indica que este tipo de lugares tienen, en general, una distribuci\u00f3n geogr\u00e1fica, dispersa y restringida\u201d.<br \/>\nSi bien un solo c\u00f3ndor puede moverse a trav\u00e9s de \u00e1reas de campeo de hasta alrededor de 40 mil kil\u00f3metros cuadrados; una superficie mayor a la de una sola \u00e1rea protegida, contar con el ANMI El Palmar, donde la especie encuentra espacios naturales clave para su ciclo vital \u2014como son sus dormideros, sitios de anidaci\u00f3n, alimentaci\u00f3n, y un ba\u00f1adero \u00fanico en su tipo\u2014 es muy importante para su conservaci\u00f3n.<br \/>\nPor las calles de El Palmar, una de las diez comunidades que est\u00e1 en el ANMI, las im\u00e1genes de animales y janchicoco reflejan un compromiso de la gente por mejorar la coexistencia entre el ser humano y una biodiversidad todav\u00eda no del todo estudiada. \u201cAqu\u00ed la gente ha empezado a apropiarse del turismo como alternativa econ\u00f3mica y eso es importante. Las amenazas existen, incendios, conflicto con la fauna, pero es verdad tambi\u00e9n que es posible la conservaci\u00f3n y el desarrollo\u201d, finaliza Tom\u00e1s. (La Regi\u00f3n \/Roc\u00edo Lloret C\u00e9spedes\/Erbol)<\/p>\n\r\n                <style type=\"text\/css\">\r\n                    \r\n                    #tdi_1  .td-doubleSlider-2 .td-item1 {\r\n                        background: url(https:\/\/www.eldiario.net\/portal\/wp-content\/uploads\/2024\/07\/73-NAL-3-80x60.jpg) 0 0 no-repeat;\r\n                    }\r\n                    #tdi_1  .td-doubleSlider-2 .td-item2 {\r\n                        background: url(https:\/\/www.eldiario.net\/portal\/wp-content\/uploads\/2024\/07\/70-NAL-2-80x60.jpg) 0 0 no-repeat;\r\n                    }\r\n                    #tdi_1  .td-doubleSlider-2 .td-item3 {\r\n                        background: url(https:\/\/www.eldiario.net\/portal\/wp-content\/uploads\/2024\/07\/71-NAL-3-80x60.jpg) 0 0 no-repeat;\r\n                    }\r\n                    #tdi_1  .td-doubleSlider-2 .td-item4 {\r\n                        background: url(https:\/\/www.eldiario.net\/portal\/wp-content\/uploads\/2024\/07\/72-NAL-3-80x60.jpg) 0 0 no-repeat;\r\n                    }\r\n                <\/style>\r\n\r\n                <div id=\"tdi_1\" class=\"td-gallery td-slide-on-2-columns\">\r\n                    <div class=\"post_td_gallery\">\r\n                        <div class=\"td-gallery-slide-top\">\r\n                           <div class=\"td-gallery-title\"><\/div>\r\n\r\n                            <div class=\"td-gallery-controls-wrapper\">\r\n                                <div class=\"td-gallery-slide-count\"><span class=\"td-gallery-slide-item-focus\">1<\/span> de 4<\/div>\r\n                                <div class=\"td-gallery-slide-prev-next-but\">\r\n                                    <i class = \"td-icon-left doubleSliderPrevButton\"><\/i>\r\n                                    <i class = \"td-icon-right doubleSliderNextButton\"><\/i>\r\n                                <\/div>\r\n                            <\/div>\r\n                        <\/div>\r\n\r\n                        <div class = \"td-doubleSlider-1 \">\r\n                            <div class = \"td-slider\">\r\n                                \r\n                    <div class = \"td-slide-item td-item1\">\r\n                        <figure class=\"td-slide-galery-figure td-slide-popup-gallery\">\r\n                            <a class=\"slide-gallery-image-link\" href=\"https:\/\/www.eldiario.net\/portal\/wp-content\/uploads\/2024\/07\/73-NAL-3.jpg\" title=\"73-NAL\"  data-caption=\"En El Palmar, la Paraba Frente Roja no se desplaza en bandadas como sucede en otros sitios de su h\u00e1bitat.\"  data-description=\"\">\r\n                                <img decoding=\"async\" src=\"https:\/\/www.eldiario.net\/portal\/wp-content\/uploads\/2024\/07\/73-NAL-3-477x420.jpg\" srcset=\"https:\/\/www.eldiario.net\/portal\/wp-content\/uploads\/2024\/07\/73-NAL-3-477x420.jpg 477w, https:\/\/www.eldiario.net\/portal\/wp-content\/uploads\/2024\/07\/73-NAL-3-300x264.jpg 300w, https:\/\/www.eldiario.net\/portal\/wp-content\/uploads\/2024\/07\/73-NAL-3-768x677.jpg 768w, https:\/\/www.eldiario.net\/portal\/wp-content\/uploads\/2024\/07\/73-NAL-3-696x613.jpg 696w, https:\/\/www.eldiario.net\/portal\/wp-content\/uploads\/2024\/07\/73-NAL-3.jpg 1024w\" sizes=\"(max-width: 477px) 100vw, 477px\" alt=\"\">\r\n                            <\/a>\r\n                            <figcaption class = \"td-slide-caption td-gallery-slide-content\"><div class = \"td-gallery-slide-copywrite\">En El Palmar, la Paraba Frente Roja no se desplaza en bandadas como sucede en otros sitios de su h\u00e1bitat.<\/div><\/figcaption>\r\n                        <\/figure>\r\n                    <\/div>\r\n                    <div class = \"td-slide-item td-item2\">\r\n                        <figure class=\"td-slide-galery-figure td-slide-popup-gallery\">\r\n                            <a class=\"slide-gallery-image-link\" href=\"https:\/\/www.eldiario.net\/portal\/wp-content\/uploads\/2024\/07\/70-NAL-2.jpg\" title=\"70-NAL\"  data-caption=\"Janchicoco, la palmera s\u00edmbolo de esta \u00e1rea protegida.\"  data-description=\"\">\r\n                                <img decoding=\"async\" src=\"https:\/\/www.eldiario.net\/portal\/wp-content\/uploads\/2024\/07\/70-NAL-2-667x420.jpg\" srcset=\"https:\/\/www.eldiario.net\/portal\/wp-content\/uploads\/2024\/07\/70-NAL-2-667x420.jpg 667w, https:\/\/www.eldiario.net\/portal\/wp-content\/uploads\/2024\/07\/70-NAL-2-300x189.jpg 300w, https:\/\/www.eldiario.net\/portal\/wp-content\/uploads\/2024\/07\/70-NAL-2-768x484.jpg 768w, https:\/\/www.eldiario.net\/portal\/wp-content\/uploads\/2024\/07\/70-NAL-2-696x438.jpg 696w, https:\/\/www.eldiario.net\/portal\/wp-content\/uploads\/2024\/07\/70-NAL-2.jpg 1000w\" sizes=\"(max-width: 667px) 100vw, 667px\" alt=\"\">\r\n                            <\/a>\r\n                            <figcaption class = \"td-slide-caption td-gallery-slide-content\"><div class = \"td-gallery-slide-copywrite\">Janchicoco, la palmera s\u00edmbolo de esta \u00e1rea protegida.<\/div><\/figcaption>\r\n                        <\/figure>\r\n                    <\/div>\r\n                    <div class = \"td-slide-item td-item3\">\r\n                        <figure class=\"td-slide-galery-figure td-slide-popup-gallery\">\r\n                            <a class=\"slide-gallery-image-link\" href=\"https:\/\/www.eldiario.net\/portal\/wp-content\/uploads\/2024\/07\/71-NAL-3.jpg\" title=\"71-NAL\"  data-caption=\" Tom\u00e1s Calahuma, jefe de guardaparques durante un monitoreo de especies.\"  data-description=\"\">\r\n                                <img decoding=\"async\" src=\"https:\/\/www.eldiario.net\/portal\/wp-content\/uploads\/2024\/07\/71-NAL-3-560x420.jpg\" srcset=\"https:\/\/www.eldiario.net\/portal\/wp-content\/uploads\/2024\/07\/71-NAL-3-560x420.jpg 560w, https:\/\/www.eldiario.net\/portal\/wp-content\/uploads\/2024\/07\/71-NAL-3-300x225.jpg 300w, https:\/\/www.eldiario.net\/portal\/wp-content\/uploads\/2024\/07\/71-NAL-3-768x576.jpg 768w, https:\/\/www.eldiario.net\/portal\/wp-content\/uploads\/2024\/07\/71-NAL-3-80x60.jpg 80w, https:\/\/www.eldiario.net\/portal\/wp-content\/uploads\/2024\/07\/71-NAL-3-696x522.jpg 696w, https:\/\/www.eldiario.net\/portal\/wp-content\/uploads\/2024\/07\/71-NAL-3.jpg 1024w\" sizes=\"(max-width: 560px) 100vw, 560px\" alt=\"\">\r\n                            <\/a>\r\n                            <figcaption class = \"td-slide-caption td-gallery-slide-content\"><div class = \"td-gallery-slide-copywrite\"> Tom\u00e1s Calahuma, jefe de guardaparques durante un monitoreo de especies.<\/div><\/figcaption>\r\n                        <\/figure>\r\n                    <\/div>\r\n                    <div class = \"td-slide-item td-item4\">\r\n                        <figure class=\"td-slide-galery-figure td-slide-popup-gallery\">\r\n                            <a class=\"slide-gallery-image-link\" href=\"https:\/\/www.eldiario.net\/portal\/wp-content\/uploads\/2024\/07\/72-NAL-3.jpg\" title=\"72-NAL\"  data-caption=\"Una cr\u00eda de oso de anteojos en un paraje del \u00e1rea protegida. \"  data-description=\"\">\r\n                                <img decoding=\"async\" src=\"https:\/\/www.eldiario.net\/portal\/wp-content\/uploads\/2024\/07\/72-NAL-3-560x420.jpg\" srcset=\"https:\/\/www.eldiario.net\/portal\/wp-content\/uploads\/2024\/07\/72-NAL-3-560x420.jpg 560w, https:\/\/www.eldiario.net\/portal\/wp-content\/uploads\/2024\/07\/72-NAL-3-300x225.jpg 300w, https:\/\/www.eldiario.net\/portal\/wp-content\/uploads\/2024\/07\/72-NAL-3-768x576.jpg 768w, https:\/\/www.eldiario.net\/portal\/wp-content\/uploads\/2024\/07\/72-NAL-3-80x60.jpg 80w, https:\/\/www.eldiario.net\/portal\/wp-content\/uploads\/2024\/07\/72-NAL-3-696x522.jpg 696w, https:\/\/www.eldiario.net\/portal\/wp-content\/uploads\/2024\/07\/72-NAL-3.jpg 1024w\" sizes=\"(max-width: 560px) 100vw, 560px\" alt=\"\">\r\n                            <\/a>\r\n                            <figcaption class = \"td-slide-caption td-gallery-slide-content\"><div class = \"td-gallery-slide-copywrite\">Una cr\u00eda de oso de anteojos en un paraje del \u00e1rea protegida. <\/div><\/figcaption>\r\n                        <\/figure>\r\n                    <\/div>\r\n                            <\/div>\r\n                        <\/div>\r\n\r\n                        <div class = \"td-doubleSlider-2\">\r\n                            <div class = \"td-slider\">\r\n                                \r\n                    <div class = \"td-button td-item1\">\r\n                        <div class = \"td-border\"><\/div>\r\n                    <\/div>\r\n                    <div class = \"td-button td-item2\">\r\n                        <div class = \"td-border\"><\/div>\r\n                    <\/div>\r\n                    <div class = \"td-button td-item3\">\r\n                        <div class = \"td-border\"><\/div>\r\n                    <\/div>\r\n                    <div class = \"td-button td-item4\">\r\n                        <div class = \"td-border\"><\/div>\r\n                    <\/div>\r\n                            <\/div>\r\n                        <\/div>\r\n\r\n                    <\/div>\r\n\r\n                <\/div>\r\n                \n<p>&nbsp;<\/p>\n","protected":false},"excerpt":{"rendered":"<p>El Palmar es uno de esos sitios todav\u00eda inexplicables de la naturaleza. Un lugar con islas de una palmera \u00fanica en el mundo, Janchicoco (Parajubaea torallyi), que puede vivir m\u00e1s de 500 a\u00f1os a m\u00e1s de 3.200 metros sobre el nivel del mar. Es el \u00fanico lugar en Bolivia, donde la Paraba frente roja (Ara [&hellip;]<\/p>\n","protected":false},"author":1,"featured_media":232270,"comment_status":"open","ping_status":"open","sticky":false,"template":"","format":"standard","meta":{"_acf_changed":false,"footnotes":""},"categories":[12],"tags":[],"class_list":["post-232268","post","type-post","status-publish","format-standard","has-post-thumbnail","category-nacional"],"acf":{"antetitulo":"El desaf\u00edo de El Palmar  "},"yoast_head":"<!-- This site is optimized with the Yoast SEO plugin v28.4 - https:\/\/yoast.com\/product\/yoast-seo-wordpress\/ -->\n<title>Conservar animales y plantas que cohabitan con 10 comunidades - El Diario - Bolivia<\/title>\n<meta name=\"robots\" content=\"index, follow, max-snippet:-1, max-image-preview:large, max-video-preview:-1\" \/>\n<link rel=\"canonical\" href=\"https:\/\/www.eldiario.net\/portal\/2024\/07\/07\/conservar-animales-y-plantas-que-cohabitan-con-10-comunidades\/\" \/>\n<meta property=\"og:locale\" content=\"es_ES\" \/>\n<meta property=\"og:type\" content=\"article\" \/>\n<meta property=\"og:title\" content=\"Conservar animales y plantas que cohabitan con 10 comunidades - El Diario - Bolivia\" \/>\n<meta property=\"og:description\" content=\"El Palmar es uno de esos sitios todav\u00eda inexplicables de la naturaleza. Un lugar con islas de una palmera \u00fanica en el mundo, Janchicoco (Parajubaea torallyi), que puede vivir m\u00e1s de 500 a\u00f1os a m\u00e1s de 3.200 metros sobre el nivel del mar. Es el \u00fanico lugar en Bolivia, donde la Paraba frente roja (Ara [&hellip;]\" \/>\n<meta property=\"og:url\" content=\"https:\/\/www.eldiario.net\/portal\/2024\/07\/07\/conservar-animales-y-plantas-que-cohabitan-con-10-comunidades\/\" \/>\n<meta property=\"og:site_name\" content=\"El Diario - Bolivia\" \/>\n<meta property=\"article:publisher\" content=\"https:\/\/www.facebook.com\/eldiario.bolivia\/\" \/>\n<meta property=\"article:published_time\" content=\"2024-07-07T10:51:51+00:00\" \/>\n<meta property=\"og:image\" content=\"https:\/\/www.eldiario.net\/portal\/wp-content\/uploads\/2024\/07\/70-NAL-2.jpg\" \/>\n\t<meta property=\"og:image:width\" content=\"1000\" \/>\n\t<meta property=\"og:image:height\" content=\"630\" \/>\n\t<meta property=\"og:image:type\" content=\"image\/jpeg\" \/>\n<meta name=\"author\" content=\"Jeanette\" \/>\n<meta name=\"twitter:card\" content=\"summary_large_image\" \/>\n<meta name=\"twitter:creator\" content=\"@eldiario_net\" \/>\n<meta name=\"twitter:site\" content=\"@eldiario_net\" \/>\n<meta name=\"twitter:label1\" content=\"Escrito por\" \/>\n\t<meta name=\"twitter:data1\" content=\"Jeanette\" \/>\n\t<meta name=\"twitter:label2\" content=\"Tiempo de lectura\" \/>\n\t<meta name=\"twitter:data2\" content=\"9 minutos\" \/>\n<script type=\"application\/ld+json\" class=\"yoast-schema-graph\">{\"@context\":\"https:\\\/\\\/schema.org\",\"@graph\":[{\"@type\":\"Article\",\"@id\":\"https:\\\/\\\/www.eldiario.net\\\/portal\\\/2024\\\/07\\\/07\\\/conservar-animales-y-plantas-que-cohabitan-con-10-comunidades\\\/#article\",\"isPartOf\":{\"@id\":\"https:\\\/\\\/www.eldiario.net\\\/portal\\\/2024\\\/07\\\/07\\\/conservar-animales-y-plantas-que-cohabitan-con-10-comunidades\\\/\"},\"author\":{\"name\":\"Jeanette\",\"@id\":\"https:\\\/\\\/www.eldiario.net\\\/portal\\\/#\\\/schema\\\/person\\\/f46445640444750d7d753ccd04ae01b7\"},\"headline\":\"Conservar animales y plantas que cohabitan con 10 comunidades\",\"datePublished\":\"2024-07-07T10:51:51+00:00\",\"mainEntityOfPage\":{\"@id\":\"https:\\\/\\\/www.eldiario.net\\\/portal\\\/2024\\\/07\\\/07\\\/conservar-animales-y-plantas-que-cohabitan-con-10-comunidades\\\/\"},\"wordCount\":2031,\"commentCount\":0,\"publisher\":{\"@id\":\"https:\\\/\\\/www.eldiario.net\\\/portal\\\/#organization\"},\"image\":{\"@id\":\"https:\\\/\\\/www.eldiario.net\\\/portal\\\/2024\\\/07\\\/07\\\/conservar-animales-y-plantas-que-cohabitan-con-10-comunidades\\\/#primaryimage\"},\"thumbnailUrl\":\"https:\\\/\\\/www.eldiario.net\\\/portal\\\/wp-content\\\/uploads\\\/2024\\\/07\\\/70-NAL-2.jpg\",\"articleSection\":[\"Nacional\"],\"inLanguage\":\"es\",\"potentialAction\":[{\"@type\":\"CommentAction\",\"name\":\"Comment\",\"target\":[\"https:\\\/\\\/www.eldiario.net\\\/portal\\\/2024\\\/07\\\/07\\\/conservar-animales-y-plantas-que-cohabitan-con-10-comunidades\\\/#respond\"]}]},{\"@type\":\"WebPage\",\"@id\":\"https:\\\/\\\/www.eldiario.net\\\/portal\\\/2024\\\/07\\\/07\\\/conservar-animales-y-plantas-que-cohabitan-con-10-comunidades\\\/\",\"url\":\"https:\\\/\\\/www.eldiario.net\\\/portal\\\/2024\\\/07\\\/07\\\/conservar-animales-y-plantas-que-cohabitan-con-10-comunidades\\\/\",\"name\":\"Conservar animales y plantas que cohabitan con 10 comunidades - El Diario - Bolivia\",\"isPartOf\":{\"@id\":\"https:\\\/\\\/www.eldiario.net\\\/portal\\\/#website\"},\"primaryImageOfPage\":{\"@id\":\"https:\\\/\\\/www.eldiario.net\\\/portal\\\/2024\\\/07\\\/07\\\/conservar-animales-y-plantas-que-cohabitan-con-10-comunidades\\\/#primaryimage\"},\"image\":{\"@id\":\"https:\\\/\\\/www.eldiario.net\\\/portal\\\/2024\\\/07\\\/07\\\/conservar-animales-y-plantas-que-cohabitan-con-10-comunidades\\\/#primaryimage\"},\"thumbnailUrl\":\"https:\\\/\\\/www.eldiario.net\\\/portal\\\/wp-content\\\/uploads\\\/2024\\\/07\\\/70-NAL-2.jpg\",\"datePublished\":\"2024-07-07T10:51:51+00:00\",\"breadcrumb\":{\"@id\":\"https:\\\/\\\/www.eldiario.net\\\/portal\\\/2024\\\/07\\\/07\\\/conservar-animales-y-plantas-que-cohabitan-con-10-comunidades\\\/#breadcrumb\"},\"inLanguage\":\"es\",\"potentialAction\":[{\"@type\":\"ReadAction\",\"target\":[\"https:\\\/\\\/www.eldiario.net\\\/portal\\\/2024\\\/07\\\/07\\\/conservar-animales-y-plantas-que-cohabitan-con-10-comunidades\\\/\"]}]},{\"@type\":\"ImageObject\",\"inLanguage\":\"es\",\"@id\":\"https:\\\/\\\/www.eldiario.net\\\/portal\\\/2024\\\/07\\\/07\\\/conservar-animales-y-plantas-que-cohabitan-con-10-comunidades\\\/#primaryimage\",\"url\":\"https:\\\/\\\/www.eldiario.net\\\/portal\\\/wp-content\\\/uploads\\\/2024\\\/07\\\/70-NAL-2.jpg\",\"contentUrl\":\"https:\\\/\\\/www.eldiario.net\\\/portal\\\/wp-content\\\/uploads\\\/2024\\\/07\\\/70-NAL-2.jpg\",\"width\":1000,\"height\":630,\"caption\":\"Janchicoco, la palmera s\u00edmbolo de esta \u00e1rea protegida.\"},{\"@type\":\"BreadcrumbList\",\"@id\":\"https:\\\/\\\/www.eldiario.net\\\/portal\\\/2024\\\/07\\\/07\\\/conservar-animales-y-plantas-que-cohabitan-con-10-comunidades\\\/#breadcrumb\",\"itemListElement\":[{\"@type\":\"ListItem\",\"position\":1,\"name\":\"Portada\",\"item\":\"https:\\\/\\\/www.eldiario.net\\\/portal\\\/\"},{\"@type\":\"ListItem\",\"position\":2,\"name\":\"Conservar animales y plantas que cohabitan con 10 comunidades\"}]},{\"@type\":\"WebSite\",\"@id\":\"https:\\\/\\\/www.eldiario.net\\\/portal\\\/#website\",\"url\":\"https:\\\/\\\/www.eldiario.net\\\/portal\\\/\",\"name\":\"El Diario - Decano de la prensa nacional\",\"description\":\"El Diario - Decano de la prensa nacional\",\"publisher\":{\"@id\":\"https:\\\/\\\/www.eldiario.net\\\/portal\\\/#organization\"},\"potentialAction\":[{\"@type\":\"SearchAction\",\"target\":{\"@type\":\"EntryPoint\",\"urlTemplate\":\"https:\\\/\\\/www.eldiario.net\\\/portal\\\/?s={search_term_string}\"},\"query-input\":{\"@type\":\"PropertyValueSpecification\",\"valueRequired\":true,\"valueName\":\"search_term_string\"}}],\"inLanguage\":\"es\"},{\"@type\":\"Organization\",\"@id\":\"https:\\\/\\\/www.eldiario.net\\\/portal\\\/#organization\",\"name\":\"El Diario - Decano de la prensa nacional\",\"url\":\"https:\\\/\\\/www.eldiario.net\\\/portal\\\/\",\"logo\":{\"@type\":\"ImageObject\",\"inLanguage\":\"es\",\"@id\":\"https:\\\/\\\/www.eldiario.net\\\/portal\\\/#\\\/schema\\\/logo\\\/image\\\/\",\"url\":\"https:\\\/\\\/www.eldiario.net\\\/portal\\\/wp-content\\\/uploads\\\/2023\\\/07\\\/logo_ED.jpg\",\"contentUrl\":\"https:\\\/\\\/www.eldiario.net\\\/portal\\\/wp-content\\\/uploads\\\/2023\\\/07\\\/logo_ED.jpg\",\"width\":272,\"height\":52,\"caption\":\"El Diario - Decano de la prensa nacional\"},\"image\":{\"@id\":\"https:\\\/\\\/www.eldiario.net\\\/portal\\\/#\\\/schema\\\/logo\\\/image\\\/\"},\"sameAs\":[\"https:\\\/\\\/www.facebook.com\\\/eldiario.bolivia\\\/\",\"https:\\\/\\\/x.com\\\/eldiario_net\"]},{\"@type\":\"Person\",\"@id\":\"https:\\\/\\\/www.eldiario.net\\\/portal\\\/#\\\/schema\\\/person\\\/f46445640444750d7d753ccd04ae01b7\",\"name\":\"Jeanette\",\"image\":{\"@type\":\"ImageObject\",\"inLanguage\":\"es\",\"@id\":\"https:\\\/\\\/secure.gravatar.com\\\/avatar\\\/3ea2118a5f7dad2b7138b1187a6b7ee55f160b9968b66013c3a3ef39dd7e5798?s=96&d=mm&r=g\",\"url\":\"https:\\\/\\\/secure.gravatar.com\\\/avatar\\\/3ea2118a5f7dad2b7138b1187a6b7ee55f160b9968b66013c3a3ef39dd7e5798?s=96&d=mm&r=g\",\"contentUrl\":\"https:\\\/\\\/secure.gravatar.com\\\/avatar\\\/3ea2118a5f7dad2b7138b1187a6b7ee55f160b9968b66013c3a3ef39dd7e5798?s=96&d=mm&r=g\",\"caption\":\"Jeanette\"},\"sameAs\":[\"https:\\\/\\\/www.eldiario.net\\\/portal\"],\"url\":\"https:\\\/\\\/www.eldiario.net\\\/portal\\\/author\\\/jeanette\\\/\"}]}<\/script>\n<!-- \/ Yoast SEO plugin. -->","yoast_head_json":{"title":"Conservar animales y plantas que cohabitan con 10 comunidades - El Diario - Bolivia","robots":{"index":"index","follow":"follow","max-snippet":"max-snippet:-1","max-image-preview":"max-image-preview:large","max-video-preview":"max-video-preview:-1"},"canonical":"https:\/\/www.eldiario.net\/portal\/2024\/07\/07\/conservar-animales-y-plantas-que-cohabitan-con-10-comunidades\/","og_locale":"es_ES","og_type":"article","og_title":"Conservar animales y plantas que cohabitan con 10 comunidades - El Diario - Bolivia","og_description":"El Palmar es uno de esos sitios todav\u00eda inexplicables de la naturaleza. Un lugar con islas de una palmera \u00fanica en el mundo, Janchicoco (Parajubaea torallyi), que puede vivir m\u00e1s de 500 a\u00f1os a m\u00e1s de 3.200 metros sobre el nivel del mar. Es el \u00fanico lugar en Bolivia, donde la Paraba frente roja (Ara [&hellip;]","og_url":"https:\/\/www.eldiario.net\/portal\/2024\/07\/07\/conservar-animales-y-plantas-que-cohabitan-con-10-comunidades\/","og_site_name":"El Diario - Bolivia","article_publisher":"https:\/\/www.facebook.com\/eldiario.bolivia\/","article_published_time":"2024-07-07T10:51:51+00:00","og_image":[{"width":1000,"height":630,"url":"https:\/\/www.eldiario.net\/portal\/wp-content\/uploads\/2024\/07\/70-NAL-2.jpg","type":"image\/jpeg"}],"author":"Jeanette","twitter_card":"summary_large_image","twitter_creator":"@eldiario_net","twitter_site":"@eldiario_net","twitter_misc":{"Escrito por":"Jeanette","Tiempo de lectura":"9 minutos"},"schema":{"@context":"https:\/\/schema.org","@graph":[{"@type":"Article","@id":"https:\/\/www.eldiario.net\/portal\/2024\/07\/07\/conservar-animales-y-plantas-que-cohabitan-con-10-comunidades\/#article","isPartOf":{"@id":"https:\/\/www.eldiario.net\/portal\/2024\/07\/07\/conservar-animales-y-plantas-que-cohabitan-con-10-comunidades\/"},"author":{"name":"Jeanette","@id":"https:\/\/www.eldiario.net\/portal\/#\/schema\/person\/f46445640444750d7d753ccd04ae01b7"},"headline":"Conservar animales y plantas que cohabitan con 10 comunidades","datePublished":"2024-07-07T10:51:51+00:00","mainEntityOfPage":{"@id":"https:\/\/www.eldiario.net\/portal\/2024\/07\/07\/conservar-animales-y-plantas-que-cohabitan-con-10-comunidades\/"},"wordCount":2031,"commentCount":0,"publisher":{"@id":"https:\/\/www.eldiario.net\/portal\/#organization"},"image":{"@id":"https:\/\/www.eldiario.net\/portal\/2024\/07\/07\/conservar-animales-y-plantas-que-cohabitan-con-10-comunidades\/#primaryimage"},"thumbnailUrl":"https:\/\/www.eldiario.net\/portal\/wp-content\/uploads\/2024\/07\/70-NAL-2.jpg","articleSection":["Nacional"],"inLanguage":"es","potentialAction":[{"@type":"CommentAction","name":"Comment","target":["https:\/\/www.eldiario.net\/portal\/2024\/07\/07\/conservar-animales-y-plantas-que-cohabitan-con-10-comunidades\/#respond"]}]},{"@type":"WebPage","@id":"https:\/\/www.eldiario.net\/portal\/2024\/07\/07\/conservar-animales-y-plantas-que-cohabitan-con-10-comunidades\/","url":"https:\/\/www.eldiario.net\/portal\/2024\/07\/07\/conservar-animales-y-plantas-que-cohabitan-con-10-comunidades\/","name":"Conservar animales y plantas que cohabitan con 10 comunidades - El Diario - Bolivia","isPartOf":{"@id":"https:\/\/www.eldiario.net\/portal\/#website"},"primaryImageOfPage":{"@id":"https:\/\/www.eldiario.net\/portal\/2024\/07\/07\/conservar-animales-y-plantas-que-cohabitan-con-10-comunidades\/#primaryimage"},"image":{"@id":"https:\/\/www.eldiario.net\/portal\/2024\/07\/07\/conservar-animales-y-plantas-que-cohabitan-con-10-comunidades\/#primaryimage"},"thumbnailUrl":"https:\/\/www.eldiario.net\/portal\/wp-content\/uploads\/2024\/07\/70-NAL-2.jpg","datePublished":"2024-07-07T10:51:51+00:00","breadcrumb":{"@id":"https:\/\/www.eldiario.net\/portal\/2024\/07\/07\/conservar-animales-y-plantas-que-cohabitan-con-10-comunidades\/#breadcrumb"},"inLanguage":"es","potentialAction":[{"@type":"ReadAction","target":["https:\/\/www.eldiario.net\/portal\/2024\/07\/07\/conservar-animales-y-plantas-que-cohabitan-con-10-comunidades\/"]}]},{"@type":"ImageObject","inLanguage":"es","@id":"https:\/\/www.eldiario.net\/portal\/2024\/07\/07\/conservar-animales-y-plantas-que-cohabitan-con-10-comunidades\/#primaryimage","url":"https:\/\/www.eldiario.net\/portal\/wp-content\/uploads\/2024\/07\/70-NAL-2.jpg","contentUrl":"https:\/\/www.eldiario.net\/portal\/wp-content\/uploads\/2024\/07\/70-NAL-2.jpg","width":1000,"height":630,"caption":"Janchicoco, la palmera s\u00edmbolo de esta \u00e1rea protegida."},{"@type":"BreadcrumbList","@id":"https:\/\/www.eldiario.net\/portal\/2024\/07\/07\/conservar-animales-y-plantas-que-cohabitan-con-10-comunidades\/#breadcrumb","itemListElement":[{"@type":"ListItem","position":1,"name":"Portada","item":"https:\/\/www.eldiario.net\/portal\/"},{"@type":"ListItem","position":2,"name":"Conservar animales y plantas que cohabitan con 10 comunidades"}]},{"@type":"WebSite","@id":"https:\/\/www.eldiario.net\/portal\/#website","url":"https:\/\/www.eldiario.net\/portal\/","name":"El Diario - Decano de la prensa nacional","description":"El Diario - Decano de la prensa nacional","publisher":{"@id":"https:\/\/www.eldiario.net\/portal\/#organization"},"potentialAction":[{"@type":"SearchAction","target":{"@type":"EntryPoint","urlTemplate":"https:\/\/www.eldiario.net\/portal\/?s={search_term_string}"},"query-input":{"@type":"PropertyValueSpecification","valueRequired":true,"valueName":"search_term_string"}}],"inLanguage":"es"},{"@type":"Organization","@id":"https:\/\/www.eldiario.net\/portal\/#organization","name":"El Diario - Decano de la prensa nacional","url":"https:\/\/www.eldiario.net\/portal\/","logo":{"@type":"ImageObject","inLanguage":"es","@id":"https:\/\/www.eldiario.net\/portal\/#\/schema\/logo\/image\/","url":"https:\/\/www.eldiario.net\/portal\/wp-content\/uploads\/2023\/07\/logo_ED.jpg","contentUrl":"https:\/\/www.eldiario.net\/portal\/wp-content\/uploads\/2023\/07\/logo_ED.jpg","width":272,"height":52,"caption":"El Diario - Decano de la prensa nacional"},"image":{"@id":"https:\/\/www.eldiario.net\/portal\/#\/schema\/logo\/image\/"},"sameAs":["https:\/\/www.facebook.com\/eldiario.bolivia\/","https:\/\/x.com\/eldiario_net"]},{"@type":"Person","@id":"https:\/\/www.eldiario.net\/portal\/#\/schema\/person\/f46445640444750d7d753ccd04ae01b7","name":"Jeanette","image":{"@type":"ImageObject","inLanguage":"es","@id":"https:\/\/secure.gravatar.com\/avatar\/3ea2118a5f7dad2b7138b1187a6b7ee55f160b9968b66013c3a3ef39dd7e5798?s=96&d=mm&r=g","url":"https:\/\/secure.gravatar.com\/avatar\/3ea2118a5f7dad2b7138b1187a6b7ee55f160b9968b66013c3a3ef39dd7e5798?s=96&d=mm&r=g","contentUrl":"https:\/\/secure.gravatar.com\/avatar\/3ea2118a5f7dad2b7138b1187a6b7ee55f160b9968b66013c3a3ef39dd7e5798?s=96&d=mm&r=g","caption":"Jeanette"},"sameAs":["https:\/\/www.eldiario.net\/portal"],"url":"https:\/\/www.eldiario.net\/portal\/author\/jeanette\/"}]}},"_links":{"self":[{"href":"https:\/\/www.eldiario.net\/portal\/wp-json\/wp\/v2\/posts\/232268","targetHints":{"allow":["GET"]}}],"collection":[{"href":"https:\/\/www.eldiario.net\/portal\/wp-json\/wp\/v2\/posts"}],"about":[{"href":"https:\/\/www.eldiario.net\/portal\/wp-json\/wp\/v2\/types\/post"}],"author":[{"embeddable":true,"href":"https:\/\/www.eldiario.net\/portal\/wp-json\/wp\/v2\/users\/1"}],"replies":[{"embeddable":true,"href":"https:\/\/www.eldiario.net\/portal\/wp-json\/wp\/v2\/comments?post=232268"}],"version-history":[{"count":1,"href":"https:\/\/www.eldiario.net\/portal\/wp-json\/wp\/v2\/posts\/232268\/revisions"}],"predecessor-version":[{"id":232273,"href":"https:\/\/www.eldiario.net\/portal\/wp-json\/wp\/v2\/posts\/232268\/revisions\/232273"}],"wp:featuredmedia":[{"embeddable":true,"href":"https:\/\/www.eldiario.net\/portal\/wp-json\/wp\/v2\/media\/232270"}],"wp:attachment":[{"href":"https:\/\/www.eldiario.net\/portal\/wp-json\/wp\/v2\/media?parent=232268"}],"wp:term":[{"taxonomy":"category","embeddable":true,"href":"https:\/\/www.eldiario.net\/portal\/wp-json\/wp\/v2\/categories?post=232268"},{"taxonomy":"post_tag","embeddable":true,"href":"https:\/\/www.eldiario.net\/portal\/wp-json\/wp\/v2\/tags?post=232268"}],"curies":[{"name":"wp","href":"https:\/\/api.w.org\/{rel}","templated":true}]}}