{"id":232265,"date":"2024-07-07T06:49:18","date_gmt":"2024-07-07T10:49:18","guid":{"rendered":"https:\/\/www.eldiario.net\/portal\/?p=232265"},"modified":"2024-07-07T06:49:18","modified_gmt":"2024-07-07T10:49:18","slug":"una-sala-monitorea-informacion-sobre-manejo-de-unidades-de-conservacion","status":"publish","type":"post","link":"https:\/\/www.eldiario.net\/portal\/2024\/07\/07\/una-sala-monitorea-informacion-sobre-manejo-de-unidades-de-conservacion\/","title":{"rendered":"Una sala monitorea informaci\u00f3n sobre manejo de unidades de conservaci\u00f3n"},"content":{"rendered":"<p>La Gobernaci\u00f3n de Santa Cruz inaugur\u00f3 la denominada \u201cSala de monitoreo harp\u00eda\u201d, con el objetivo de realizar de forma efectiva la gesti\u00f3n de la informaci\u00f3n, monitoreo de la deforestaci\u00f3n, biodiversidad, de objetos de conservaci\u00f3n y la efectividad de manejo de las Unidades de Conservaci\u00f3n de Patrimonio Natural (UCPN).<br \/>\nLa secretaria de Desarrollo Sostenible y Medio Ambiente, Ana Patricia Su\u00e1rez, inform\u00f3 que con esta sala se har\u00e1 el control de las 11 Unidades de Conservaci\u00f3n de Patrimonio Natural de Santa Cruz.<br \/>\nIndic\u00f3 que esta sala de monitoreo cuenta con tecnolog\u00eda adecuada para el trabajo de bi\u00f3logos y guardaparques.<br \/>\nPor su parte, Carina Castro, directora de la Direcci\u00f3n de Conservaci\u00f3n de Patrimonio Natural (Dicopan), resalt\u00f3 que la \u201cSala de monitoreo harp\u00eda\u201d, es el \u00fanico sistema a nivel subnacional que cuenta con una experiencia de plataformas colaborativa. (Santa Cruz, agencias)<\/p>\n","protected":false},"excerpt":{"rendered":"<p>La Gobernaci\u00f3n de Santa Cruz inaugur\u00f3 la denominada \u201cSala de monitoreo harp\u00eda\u201d, con el objetivo de realizar de forma efectiva la gesti\u00f3n de la informaci\u00f3n, monitoreo de la deforestaci\u00f3n, biodiversidad, de objetos de conservaci\u00f3n y la efectividad de manejo de las Unidades de Conservaci\u00f3n de Patrimonio Natural (UCPN). La secretaria de Desarrollo Sostenible y Medio [&hellip;]<\/p>\n","protected":false},"author":1,"featured_media":232266,"comment_status":"open","ping_status":"open","sticky":false,"template":"","format":"standard","meta":{"_acf_changed":false,"footnotes":""},"categories":[12],"tags":[],"class_list":["post-232265","post","type-post","status-publish","format-standard","has-post-thumbnail","category-nacional"],"acf":{"antetitulo":"Santa Cruz"},"yoast_head":"<!-- This site is optimized with the Yoast SEO plugin v28.3 - https:\/\/yoast.com\/product\/yoast-seo-wordpress\/ -->\n<title>Una sala monitorea informaci\u00f3n sobre manejo de unidades de conservaci\u00f3n - El Diario - Bolivia<\/title>\n<meta name=\"robots\" content=\"index, follow, max-snippet:-1, max-image-preview:large, max-video-preview:-1\" \/>\n<link rel=\"canonical\" href=\"https:\/\/www.eldiario.net\/portal\/2024\/07\/07\/una-sala-monitorea-informacion-sobre-manejo-de-unidades-de-conservacion\/\" \/>\n<meta property=\"og:locale\" content=\"es_ES\" \/>\n<meta property=\"og:type\" content=\"article\" \/>\n<meta property=\"og:title\" content=\"Una sala monitorea informaci\u00f3n sobre manejo de unidades de conservaci\u00f3n - El Diario - Bolivia\" \/>\n<meta property=\"og:description\" content=\"La Gobernaci\u00f3n de Santa Cruz inaugur\u00f3 la denominada \u201cSala de monitoreo harp\u00eda\u201d, con el objetivo de realizar de forma efectiva la gesti\u00f3n de la informaci\u00f3n, monitoreo de la deforestaci\u00f3n, biodiversidad, de objetos de conservaci\u00f3n y la efectividad de manejo de las Unidades de Conservaci\u00f3n de Patrimonio Natural (UCPN). La secretaria de Desarrollo Sostenible y Medio [&hellip;]\" \/>\n<meta property=\"og:url\" content=\"https:\/\/www.eldiario.net\/portal\/2024\/07\/07\/una-sala-monitorea-informacion-sobre-manejo-de-unidades-de-conservacion\/\" \/>\n<meta property=\"og:site_name\" content=\"El Diario - Bolivia\" \/>\n<meta property=\"article:publisher\" content=\"https:\/\/www.facebook.com\/eldiario.bolivia\/\" \/>\n<meta property=\"article:published_time\" content=\"2024-07-07T10:49:18+00:00\" \/>\n<meta property=\"og:image\" content=\"https:\/\/www.eldiario.net\/portal\/wp-content\/uploads\/2024\/07\/74-NAL.jpg\" \/>\n\t<meta property=\"og:image:width\" content=\"1560\" \/>\n\t<meta property=\"og:image:height\" content=\"876\" \/>\n\t<meta property=\"og:image:type\" content=\"image\/jpeg\" \/>\n<meta name=\"author\" content=\"Jeanette\" \/>\n<meta name=\"twitter:card\" content=\"summary_large_image\" \/>\n<meta name=\"twitter:creator\" content=\"@eldiario_net\" \/>\n<meta name=\"twitter:site\" content=\"@eldiario_net\" \/>\n<meta name=\"twitter:label1\" content=\"Escrito por\" \/>\n\t<meta name=\"twitter:data1\" content=\"Jeanette\" \/>\n\t<meta name=\"twitter:label2\" content=\"Tiempo de lectura\" \/>\n\t<meta name=\"twitter:data2\" content=\"1 minuto\" \/>\n<script type=\"application\/ld+json\" class=\"yoast-schema-graph\">{\"@context\":\"https:\\\/\\\/schema.org\",\"@graph\":[{\"@type\":\"Article\",\"@id\":\"https:\\\/\\\/www.eldiario.net\\\/portal\\\/2024\\\/07\\\/07\\\/una-sala-monitorea-informacion-sobre-manejo-de-unidades-de-conservacion\\\/#article\",\"isPartOf\":{\"@id\":\"https:\\\/\\\/www.eldiario.net\\\/portal\\\/2024\\\/07\\\/07\\\/una-sala-monitorea-informacion-sobre-manejo-de-unidades-de-conservacion\\\/\"},\"author\":{\"name\":\"Jeanette\",\"@id\":\"https:\\\/\\\/www.eldiario.net\\\/portal\\\/#\\\/schema\\\/person\\\/f46445640444750d7d753ccd04ae01b7\"},\"headline\":\"Una sala monitorea informaci\u00f3n sobre manejo de unidades de conservaci\u00f3n\",\"datePublished\":\"2024-07-07T10:49:18+00:00\",\"mainEntityOfPage\":{\"@id\":\"https:\\\/\\\/www.eldiario.net\\\/portal\\\/2024\\\/07\\\/07\\\/una-sala-monitorea-informacion-sobre-manejo-de-unidades-de-conservacion\\\/\"},\"wordCount\":162,\"commentCount\":0,\"publisher\":{\"@id\":\"https:\\\/\\\/www.eldiario.net\\\/portal\\\/#organization\"},\"image\":{\"@id\":\"https:\\\/\\\/www.eldiario.net\\\/portal\\\/2024\\\/07\\\/07\\\/una-sala-monitorea-informacion-sobre-manejo-de-unidades-de-conservacion\\\/#primaryimage\"},\"thumbnailUrl\":\"https:\\\/\\\/www.eldiario.net\\\/portal\\\/wp-content\\\/uploads\\\/2024\\\/07\\\/74-NAL.jpg\",\"articleSection\":[\"Nacional\"],\"inLanguage\":\"es\",\"potentialAction\":[{\"@type\":\"CommentAction\",\"name\":\"Comment\",\"target\":[\"https:\\\/\\\/www.eldiario.net\\\/portal\\\/2024\\\/07\\\/07\\\/una-sala-monitorea-informacion-sobre-manejo-de-unidades-de-conservacion\\\/#respond\"]}]},{\"@type\":\"WebPage\",\"@id\":\"https:\\\/\\\/www.eldiario.net\\\/portal\\\/2024\\\/07\\\/07\\\/una-sala-monitorea-informacion-sobre-manejo-de-unidades-de-conservacion\\\/\",\"url\":\"https:\\\/\\\/www.eldiario.net\\\/portal\\\/2024\\\/07\\\/07\\\/una-sala-monitorea-informacion-sobre-manejo-de-unidades-de-conservacion\\\/\",\"name\":\"Una sala monitorea informaci\u00f3n sobre manejo de unidades de conservaci\u00f3n - El Diario - Bolivia\",\"isPartOf\":{\"@id\":\"https:\\\/\\\/www.eldiario.net\\\/portal\\\/#website\"},\"primaryImageOfPage\":{\"@id\":\"https:\\\/\\\/www.eldiario.net\\\/portal\\\/2024\\\/07\\\/07\\\/una-sala-monitorea-informacion-sobre-manejo-de-unidades-de-conservacion\\\/#primaryimage\"},\"image\":{\"@id\":\"https:\\\/\\\/www.eldiario.net\\\/portal\\\/2024\\\/07\\\/07\\\/una-sala-monitorea-informacion-sobre-manejo-de-unidades-de-conservacion\\\/#primaryimage\"},\"thumbnailUrl\":\"https:\\\/\\\/www.eldiario.net\\\/portal\\\/wp-content\\\/uploads\\\/2024\\\/07\\\/74-NAL.jpg\",\"datePublished\":\"2024-07-07T10:49:18+00:00\",\"breadcrumb\":{\"@id\":\"https:\\\/\\\/www.eldiario.net\\\/portal\\\/2024\\\/07\\\/07\\\/una-sala-monitorea-informacion-sobre-manejo-de-unidades-de-conservacion\\\/#breadcrumb\"},\"inLanguage\":\"es\",\"potentialAction\":[{\"@type\":\"ReadAction\",\"target\":[\"https:\\\/\\\/www.eldiario.net\\\/portal\\\/2024\\\/07\\\/07\\\/una-sala-monitorea-informacion-sobre-manejo-de-unidades-de-conservacion\\\/\"]}]},{\"@type\":\"ImageObject\",\"inLanguage\":\"es\",\"@id\":\"https:\\\/\\\/www.eldiario.net\\\/portal\\\/2024\\\/07\\\/07\\\/una-sala-monitorea-informacion-sobre-manejo-de-unidades-de-conservacion\\\/#primaryimage\",\"url\":\"https:\\\/\\\/www.eldiario.net\\\/portal\\\/wp-content\\\/uploads\\\/2024\\\/07\\\/74-NAL.jpg\",\"contentUrl\":\"https:\\\/\\\/www.eldiario.net\\\/portal\\\/wp-content\\\/uploads\\\/2024\\\/07\\\/74-NAL.jpg\",\"width\":1560,\"height\":876,\"caption\":\"SALA DE MONITOREO\"},{\"@type\":\"BreadcrumbList\",\"@id\":\"https:\\\/\\\/www.eldiario.net\\\/portal\\\/2024\\\/07\\\/07\\\/una-sala-monitorea-informacion-sobre-manejo-de-unidades-de-conservacion\\\/#breadcrumb\",\"itemListElement\":[{\"@type\":\"ListItem\",\"position\":1,\"name\":\"Portada\",\"item\":\"https:\\\/\\\/www.eldiario.net\\\/portal\\\/\"},{\"@type\":\"ListItem\",\"position\":2,\"name\":\"Una sala monitorea informaci\u00f3n sobre manejo de unidades de conservaci\u00f3n\"}]},{\"@type\":\"WebSite\",\"@id\":\"https:\\\/\\\/www.eldiario.net\\\/portal\\\/#website\",\"url\":\"https:\\\/\\\/www.eldiario.net\\\/portal\\\/\",\"name\":\"El Diario - Decano de la prensa nacional\",\"description\":\"El Diario - Decano de la prensa nacional\",\"publisher\":{\"@id\":\"https:\\\/\\\/www.eldiario.net\\\/portal\\\/#organization\"},\"potentialAction\":[{\"@type\":\"SearchAction\",\"target\":{\"@type\":\"EntryPoint\",\"urlTemplate\":\"https:\\\/\\\/www.eldiario.net\\\/portal\\\/?s={search_term_string}\"},\"query-input\":{\"@type\":\"PropertyValueSpecification\",\"valueRequired\":true,\"valueName\":\"search_term_string\"}}],\"inLanguage\":\"es\"},{\"@type\":\"Organization\",\"@id\":\"https:\\\/\\\/www.eldiario.net\\\/portal\\\/#organization\",\"name\":\"El Diario - Decano de la prensa nacional\",\"url\":\"https:\\\/\\\/www.eldiario.net\\\/portal\\\/\",\"logo\":{\"@type\":\"ImageObject\",\"inLanguage\":\"es\",\"@id\":\"https:\\\/\\\/www.eldiario.net\\\/portal\\\/#\\\/schema\\\/logo\\\/image\\\/\",\"url\":\"https:\\\/\\\/www.eldiario.net\\\/portal\\\/wp-content\\\/uploads\\\/2023\\\/07\\\/logo_ED.jpg\",\"contentUrl\":\"https:\\\/\\\/www.eldiario.net\\\/portal\\\/wp-content\\\/uploads\\\/2023\\\/07\\\/logo_ED.jpg\",\"width\":272,\"height\":52,\"caption\":\"El Diario - Decano de la prensa nacional\"},\"image\":{\"@id\":\"https:\\\/\\\/www.eldiario.net\\\/portal\\\/#\\\/schema\\\/logo\\\/image\\\/\"},\"sameAs\":[\"https:\\\/\\\/www.facebook.com\\\/eldiario.bolivia\\\/\",\"https:\\\/\\\/x.com\\\/eldiario_net\"]},{\"@type\":\"Person\",\"@id\":\"https:\\\/\\\/www.eldiario.net\\\/portal\\\/#\\\/schema\\\/person\\\/f46445640444750d7d753ccd04ae01b7\",\"name\":\"Jeanette\",\"image\":{\"@type\":\"ImageObject\",\"inLanguage\":\"es\",\"@id\":\"https:\\\/\\\/secure.gravatar.com\\\/avatar\\\/3ea2118a5f7dad2b7138b1187a6b7ee55f160b9968b66013c3a3ef39dd7e5798?s=96&d=mm&r=g\",\"url\":\"https:\\\/\\\/secure.gravatar.com\\\/avatar\\\/3ea2118a5f7dad2b7138b1187a6b7ee55f160b9968b66013c3a3ef39dd7e5798?s=96&d=mm&r=g\",\"contentUrl\":\"https:\\\/\\\/secure.gravatar.com\\\/avatar\\\/3ea2118a5f7dad2b7138b1187a6b7ee55f160b9968b66013c3a3ef39dd7e5798?s=96&d=mm&r=g\",\"caption\":\"Jeanette\"},\"sameAs\":[\"https:\\\/\\\/www.eldiario.net\\\/portal\"],\"url\":\"https:\\\/\\\/www.eldiario.net\\\/portal\\\/author\\\/jeanette\\\/\"}]}<\/script>\n<!-- \/ Yoast SEO plugin. -->","yoast_head_json":{"title":"Una sala monitorea informaci\u00f3n sobre manejo de unidades de conservaci\u00f3n - El Diario - Bolivia","robots":{"index":"index","follow":"follow","max-snippet":"max-snippet:-1","max-image-preview":"max-image-preview:large","max-video-preview":"max-video-preview:-1"},"canonical":"https:\/\/www.eldiario.net\/portal\/2024\/07\/07\/una-sala-monitorea-informacion-sobre-manejo-de-unidades-de-conservacion\/","og_locale":"es_ES","og_type":"article","og_title":"Una sala monitorea informaci\u00f3n sobre manejo de unidades de conservaci\u00f3n - El Diario - Bolivia","og_description":"La Gobernaci\u00f3n de Santa Cruz inaugur\u00f3 la denominada \u201cSala de monitoreo harp\u00eda\u201d, con el objetivo de realizar de forma efectiva la gesti\u00f3n de la informaci\u00f3n, monitoreo de la deforestaci\u00f3n, biodiversidad, de objetos de conservaci\u00f3n y la efectividad de manejo de las Unidades de Conservaci\u00f3n de Patrimonio Natural (UCPN). La secretaria de Desarrollo Sostenible y Medio [&hellip;]","og_url":"https:\/\/www.eldiario.net\/portal\/2024\/07\/07\/una-sala-monitorea-informacion-sobre-manejo-de-unidades-de-conservacion\/","og_site_name":"El Diario - Bolivia","article_publisher":"https:\/\/www.facebook.com\/eldiario.bolivia\/","article_published_time":"2024-07-07T10:49:18+00:00","og_image":[{"width":1560,"height":876,"url":"https:\/\/www.eldiario.net\/portal\/wp-content\/uploads\/2024\/07\/74-NAL.jpg","type":"image\/jpeg"}],"author":"Jeanette","twitter_card":"summary_large_image","twitter_creator":"@eldiario_net","twitter_site":"@eldiario_net","twitter_misc":{"Escrito por":"Jeanette","Tiempo de lectura":"1 minuto"},"schema":{"@context":"https:\/\/schema.org","@graph":[{"@type":"Article","@id":"https:\/\/www.eldiario.net\/portal\/2024\/07\/07\/una-sala-monitorea-informacion-sobre-manejo-de-unidades-de-conservacion\/#article","isPartOf":{"@id":"https:\/\/www.eldiario.net\/portal\/2024\/07\/07\/una-sala-monitorea-informacion-sobre-manejo-de-unidades-de-conservacion\/"},"author":{"name":"Jeanette","@id":"https:\/\/www.eldiario.net\/portal\/#\/schema\/person\/f46445640444750d7d753ccd04ae01b7"},"headline":"Una sala monitorea informaci\u00f3n sobre manejo de unidades de conservaci\u00f3n","datePublished":"2024-07-07T10:49:18+00:00","mainEntityOfPage":{"@id":"https:\/\/www.eldiario.net\/portal\/2024\/07\/07\/una-sala-monitorea-informacion-sobre-manejo-de-unidades-de-conservacion\/"},"wordCount":162,"commentCount":0,"publisher":{"@id":"https:\/\/www.eldiario.net\/portal\/#organization"},"image":{"@id":"https:\/\/www.eldiario.net\/portal\/2024\/07\/07\/una-sala-monitorea-informacion-sobre-manejo-de-unidades-de-conservacion\/#primaryimage"},"thumbnailUrl":"https:\/\/www.eldiario.net\/portal\/wp-content\/uploads\/2024\/07\/74-NAL.jpg","articleSection":["Nacional"],"inLanguage":"es","potentialAction":[{"@type":"CommentAction","name":"Comment","target":["https:\/\/www.eldiario.net\/portal\/2024\/07\/07\/una-sala-monitorea-informacion-sobre-manejo-de-unidades-de-conservacion\/#respond"]}]},{"@type":"WebPage","@id":"https:\/\/www.eldiario.net\/portal\/2024\/07\/07\/una-sala-monitorea-informacion-sobre-manejo-de-unidades-de-conservacion\/","url":"https:\/\/www.eldiario.net\/portal\/2024\/07\/07\/una-sala-monitorea-informacion-sobre-manejo-de-unidades-de-conservacion\/","name":"Una sala monitorea informaci\u00f3n sobre manejo de unidades de conservaci\u00f3n - El Diario - Bolivia","isPartOf":{"@id":"https:\/\/www.eldiario.net\/portal\/#website"},"primaryImageOfPage":{"@id":"https:\/\/www.eldiario.net\/portal\/2024\/07\/07\/una-sala-monitorea-informacion-sobre-manejo-de-unidades-de-conservacion\/#primaryimage"},"image":{"@id":"https:\/\/www.eldiario.net\/portal\/2024\/07\/07\/una-sala-monitorea-informacion-sobre-manejo-de-unidades-de-conservacion\/#primaryimage"},"thumbnailUrl":"https:\/\/www.eldiario.net\/portal\/wp-content\/uploads\/2024\/07\/74-NAL.jpg","datePublished":"2024-07-07T10:49:18+00:00","breadcrumb":{"@id":"https:\/\/www.eldiario.net\/portal\/2024\/07\/07\/una-sala-monitorea-informacion-sobre-manejo-de-unidades-de-conservacion\/#breadcrumb"},"inLanguage":"es","potentialAction":[{"@type":"ReadAction","target":["https:\/\/www.eldiario.net\/portal\/2024\/07\/07\/una-sala-monitorea-informacion-sobre-manejo-de-unidades-de-conservacion\/"]}]},{"@type":"ImageObject","inLanguage":"es","@id":"https:\/\/www.eldiario.net\/portal\/2024\/07\/07\/una-sala-monitorea-informacion-sobre-manejo-de-unidades-de-conservacion\/#primaryimage","url":"https:\/\/www.eldiario.net\/portal\/wp-content\/uploads\/2024\/07\/74-NAL.jpg","contentUrl":"https:\/\/www.eldiario.net\/portal\/wp-content\/uploads\/2024\/07\/74-NAL.jpg","width":1560,"height":876,"caption":"SALA DE MONITOREO"},{"@type":"BreadcrumbList","@id":"https:\/\/www.eldiario.net\/portal\/2024\/07\/07\/una-sala-monitorea-informacion-sobre-manejo-de-unidades-de-conservacion\/#breadcrumb","itemListElement":[{"@type":"ListItem","position":1,"name":"Portada","item":"https:\/\/www.eldiario.net\/portal\/"},{"@type":"ListItem","position":2,"name":"Una sala monitorea informaci\u00f3n sobre manejo de unidades de conservaci\u00f3n"}]},{"@type":"WebSite","@id":"https:\/\/www.eldiario.net\/portal\/#website","url":"https:\/\/www.eldiario.net\/portal\/","name":"El Diario - Decano de la prensa nacional","description":"El Diario - Decano de la prensa nacional","publisher":{"@id":"https:\/\/www.eldiario.net\/portal\/#organization"},"potentialAction":[{"@type":"SearchAction","target":{"@type":"EntryPoint","urlTemplate":"https:\/\/www.eldiario.net\/portal\/?s={search_term_string}"},"query-input":{"@type":"PropertyValueSpecification","valueRequired":true,"valueName":"search_term_string"}}],"inLanguage":"es"},{"@type":"Organization","@id":"https:\/\/www.eldiario.net\/portal\/#organization","name":"El Diario - Decano de la prensa nacional","url":"https:\/\/www.eldiario.net\/portal\/","logo":{"@type":"ImageObject","inLanguage":"es","@id":"https:\/\/www.eldiario.net\/portal\/#\/schema\/logo\/image\/","url":"https:\/\/www.eldiario.net\/portal\/wp-content\/uploads\/2023\/07\/logo_ED.jpg","contentUrl":"https:\/\/www.eldiario.net\/portal\/wp-content\/uploads\/2023\/07\/logo_ED.jpg","width":272,"height":52,"caption":"El Diario - Decano de la prensa nacional"},"image":{"@id":"https:\/\/www.eldiario.net\/portal\/#\/schema\/logo\/image\/"},"sameAs":["https:\/\/www.facebook.com\/eldiario.bolivia\/","https:\/\/x.com\/eldiario_net"]},{"@type":"Person","@id":"https:\/\/www.eldiario.net\/portal\/#\/schema\/person\/f46445640444750d7d753ccd04ae01b7","name":"Jeanette","image":{"@type":"ImageObject","inLanguage":"es","@id":"https:\/\/secure.gravatar.com\/avatar\/3ea2118a5f7dad2b7138b1187a6b7ee55f160b9968b66013c3a3ef39dd7e5798?s=96&d=mm&r=g","url":"https:\/\/secure.gravatar.com\/avatar\/3ea2118a5f7dad2b7138b1187a6b7ee55f160b9968b66013c3a3ef39dd7e5798?s=96&d=mm&r=g","contentUrl":"https:\/\/secure.gravatar.com\/avatar\/3ea2118a5f7dad2b7138b1187a6b7ee55f160b9968b66013c3a3ef39dd7e5798?s=96&d=mm&r=g","caption":"Jeanette"},"sameAs":["https:\/\/www.eldiario.net\/portal"],"url":"https:\/\/www.eldiario.net\/portal\/author\/jeanette\/"}]}},"_links":{"self":[{"href":"https:\/\/www.eldiario.net\/portal\/wp-json\/wp\/v2\/posts\/232265","targetHints":{"allow":["GET"]}}],"collection":[{"href":"https:\/\/www.eldiario.net\/portal\/wp-json\/wp\/v2\/posts"}],"about":[{"href":"https:\/\/www.eldiario.net\/portal\/wp-json\/wp\/v2\/types\/post"}],"author":[{"embeddable":true,"href":"https:\/\/www.eldiario.net\/portal\/wp-json\/wp\/v2\/users\/1"}],"replies":[{"embeddable":true,"href":"https:\/\/www.eldiario.net\/portal\/wp-json\/wp\/v2\/comments?post=232265"}],"version-history":[{"count":1,"href":"https:\/\/www.eldiario.net\/portal\/wp-json\/wp\/v2\/posts\/232265\/revisions"}],"predecessor-version":[{"id":232267,"href":"https:\/\/www.eldiario.net\/portal\/wp-json\/wp\/v2\/posts\/232265\/revisions\/232267"}],"wp:featuredmedia":[{"embeddable":true,"href":"https:\/\/www.eldiario.net\/portal\/wp-json\/wp\/v2\/media\/232266"}],"wp:attachment":[{"href":"https:\/\/www.eldiario.net\/portal\/wp-json\/wp\/v2\/media?parent=232265"}],"wp:term":[{"taxonomy":"category","embeddable":true,"href":"https:\/\/www.eldiario.net\/portal\/wp-json\/wp\/v2\/categories?post=232265"},{"taxonomy":"post_tag","embeddable":true,"href":"https:\/\/www.eldiario.net\/portal\/wp-json\/wp\/v2\/tags?post=232265"}],"curies":[{"name":"wp","href":"https:\/\/api.w.org\/{rel}","templated":true}]}}