{"id":232235,"date":"2024-07-07T06:27:05","date_gmt":"2024-07-07T10:27:05","guid":{"rendered":"https:\/\/www.eldiario.net\/portal\/?p=232235"},"modified":"2024-07-07T06:30:11","modified_gmt":"2024-07-07T10:30:11","slug":"decision-de-navieras-afectara-a-la-importacion-de-productos","status":"publish","type":"post","link":"https:\/\/www.eldiario.net\/portal\/2024\/07\/07\/decision-de-navieras-afectara-a-la-importacion-de-productos\/","title":{"rendered":"Decisi\u00f3n de navieras afectar\u00e1  a la importaci\u00f3n de productos"},"content":{"rendered":"<p class=\"v1MsoNormal\">La decisi\u00f3n de algunas navieras de suspender la recepci\u00f3n de pagos en Bolivia golpear\u00e1 a\u00fan m\u00e1s las importaciones de productos debido a que encarecer\u00e1 los costos, advirti\u00f3 el presidente de la Asociaci\u00f3n de Transporte Pesado Internacional de Santa Cruz, Marcelo Cruz; entretanto, el presidente de despachantes de Aduana,\u00a0Julio Arzabe, sostiene que la determinaci\u00f3n puede causar alza de precios y desabastecimiento.<\/p>\n<p class=\"v1MsoNormal\">Cruz dijo Br\u00fajula Digital que \u00abprincipalmente esto va a afectar a la importaci\u00f3n, no tanto a la exportaci\u00f3n, por la cuesti\u00f3n de los documentos que son esenciales para poder importar\u00bb. Adem\u00e1s, se\u00f1al\u00f3 que significa un aumento de comisiones, de todo lo que significa la operativa.<\/p>\n<p class=\"v1MsoNormal\">El problema con el pago a las navieras no es reciente, manifest\u00f3 el dirigente, la diferencia es que ahora con los comunicados esto se oficializa.<\/p>\n<p class=\"v1MsoNormal\">\u00abSe ha ido complicando poco a poco, y en estos \u00faltimos dos meses ya la situaci\u00f3n se ha visto insostenible, principalmente para los importadores y tambi\u00e9n para el transporte, porque toda la cadena de procesos pasa tambi\u00e9n por el transportista\u00bb.<\/p>\n<p class=\"v1MsoNormal\"><b>A\u00fan menos importaciones<\/b><\/p>\n<p class=\"v1MsoNormal\">Cruz coment\u00f3 tambi\u00e9n que en los \u00faltimos meses, las importaciones han ca\u00eddo por la imposibilidad de acceder a d\u00f3lares y el incremento del precio de la divisa.<\/p>\n<p class=\"v1MsoNormal\">Un informe del Instituto Boliviano de Comercio Exterior (IBCE) refleja que en abril de 2024 el registro es 14% menos que el mismo per\u00edodo de 2023.<\/p>\n<p class=\"v1MsoNormal\">\u00a0\u00abNo sabemos realmente cu\u00e1nto ha afectado en este momento en junio. Ya por el trabajo, por el volumen de trabajo que estamos viendo, tranquilamente ha sobrepasado el 60% de afectaci\u00f3n. Se ha disminuido un 60%\u00bb, dijo Cruz.<\/p>\n<p class=\"v1MsoNormal\">Debido a la ca\u00edda de las importaciones, el dirigente indica que varios camiones est\u00e1n \u00abguardados\u00bb, lo que afecta \u00abtremendamente\u00bb el trabajo.<\/p>\n<p class=\"v1MsoNormal\">\u00a0\u00abEl importador obviamente est\u00e1 viendo una situaci\u00f3n de disminuir vol\u00famenes de importaci\u00f3n, de bajar personal y todo eso. Lamentablemente est\u00e1n cerrando (&#8230;) Nos est\u00e1n complicando m\u00e1s y en cualquier rato va a colapsar. Y solo las multinacionales, las que pueden pagar fuera del pa\u00eds, van a subsistir porque el mediano peque\u00f1o no tiene la capacidad\u00bb.<\/p>\n<p class=\"v1MsoNormal\">ANTECEDENTES<\/p>\n<p class=\"v1MsoNormal\">El jueves se conoci\u00f3 que las tres navieras m\u00e1s grandes del mundo MSC, Hapag Lloyd y Ocean Network Express (ONE) solo aceptar\u00e1n d\u00f3lares pagados en sus oficinas en Chile y Per\u00fa y el viernes se sum\u00f3 la empresa Maersk, para algunos servicios.<\/p>\n<p class=\"v1MsoNormal\">Si bien la gerente general de Mercator Bolivia, que representa a ONE, Eliana Cabrera, asegur\u00f3 que la compa\u00f1\u00eda no suspendi\u00f3 los pagos desde el pa\u00eds y garantiz\u00f3 que sus operaciones son normales, el comunicado que env\u00edo la compa\u00f1\u00eda a sus clientes contradice estos dichos.<\/p>\n<p class=\"v1MsoNormal\">ALZA DE PRECIOS Y DESABASTECIMIENTO<\/p>\n<p class=\"v1MsoNormal\">Por otro lado, el presidente de la C\u00e1mara Nacional de Despachantes de Aduana, Julio Arzabe, considera que la decisi\u00f3n de algunas navieras de suspender la recepci\u00f3n de pagos en el pa\u00eds puede afectar a todas las empresas productivas que abastecen el mercado interno, aumentar los precios para los consumidores e incluso derivar en desabastecimiento de algunos productos importados.<\/p>\n<p class=\"v1MsoNormal\">\u00a0\u00abConsiderando que cerca del 80% de las importaciones bolivianas son insumos y bienes de capital, la decisi\u00f3n de las empresas navieras puede afectar no solamente a exportadores e importadores, sino a todas las empresas productivas que abastecen el mercado interno nacional\u00bb, respondi\u00f3 Arzabe a un cuestionario escrito enviado por Br\u00fajula Digital.<\/p>\n<p class=\"v1MsoNormal\">Hace dos d\u00edas se conoci\u00f3 que las tres navieras m\u00e1s grandes del mundo MSC, Hapag Lloyd y Ocean Network Express (ONE) solo aceptar\u00e1n d\u00f3lares pagados en las oficinas de esas empresas en Chile y Per\u00fa. Al d\u00eda siguiente se sum\u00f3 la empresa Maersk, para algunos servicios.<\/p>\n<p class=\"v1MsoNormal\">El viernes, la gerente general de Mercator Bolivia, que representa a ONE, Eliana Cabrera asegur\u00f3 que la compa\u00f1\u00eda no suspendi\u00f3 los pagos desde el pa\u00eds y garantiz\u00f3 que sus operaciones son normales.<\/p>\n<p class=\"v1MsoNormal\">BARRERA ADICIONAL<\/p>\n<p class=\"v1MsoNormal\">Arzabe consider\u00f3 que las medidas asumidas por las empresas navieras constituyen \u00absin duda\u00bb una barrera adicional para las exportaciones e importaciones \u00abque se traduce en d\u00e9ficit de la balanza comercial y un obst\u00e1culo m\u00e1s para atraer divisas al pa\u00eds\u00bb.<\/p>\n<p class=\"v1MsoNormal\">El problema es que debido a la escasez de d\u00f3lares en Bolivia, los importadores deber\u00e1n gastar m\u00e1s para poder adquirir la divisa con la cual realizar sus pagos a las navieras. Todo apunta a que este incremento ser\u00e1 cargado al consumidor final, por ende, subir\u00e1n los precios de algunos productos que lleguen del exterior.<\/p>\n<p class=\"v1MsoNormal\">Arzabe advirti\u00f3 adem\u00e1s que una de las consecuencias m\u00e1s preocupantes de esta situaci\u00f3n es que pueda ocurrir un desabastecimiento de productos provenientes de pa\u00edses de ultramar, \u00aben el caso de que los importadores observen que el encarecimiento de los precios de sus productos, se tornen muy elevados para la realidad nacional\u00bb.<\/p>\n<p class=\"v1MsoNormal\">Aclar\u00f3 que si bien la decisi\u00f3n de las navieras no significa que se van del pa\u00eds, sino que recibir\u00e1n el pago en d\u00f3lares en las oficinas que tienen en Chile y Per\u00fa, advirti\u00f3 que \u00abcualquier decisi\u00f3n asumida por empresas que lideran los mercados de transporte internacional de mercanc\u00edas puede ser emulado por otras empresas que se estar\u00edan viendo afectadas por la imposibilidad o retraso en los pagos que reciben por operaciones de exportaci\u00f3n e importaci\u00f3n desde y hacia Bolivia\u00bb.<\/p>\n<p class=\"v1MsoNormal\">Este viernes, antes de conocerse la decisi\u00f3n de Maersk, el gerente ejecutivo de la Administraci\u00f3n de Servicios Portuarios- Bolivia (ASP-B), Dante Justiniano, indic\u00f3 que pedir\u00e1 explicaciones a las empresas navieras por la decisi\u00f3n unilateral que asumieron, aunque minimiz\u00f3 el anuncio.<\/p>\n<p class=\"v1MsoNormal\">\u00a0\u00abLas otras navieras s\u00ed manejan m\u00e1s del 50% de la carga boliviana y que les reitero est\u00e1n moviendo de manera normal, se est\u00e1 pagando de manera normal los fletes navieros y obviamente se est\u00e1 moviendo la carga boliviana\u00bb.<\/p>\n<p class=\"v1MsoNormal\">Detall\u00f3 que MSC maneja un 40% de la carga boliviana, Hapag Lloyd, 5% y One \u00abno llega ni al 2%\u00bb. (Br\u00fajula Digital)<\/p>\n<p class=\"v1MsoNormal\">\n","protected":false},"excerpt":{"rendered":"<p>La decisi\u00f3n de algunas navieras de suspender la recepci\u00f3n de pagos en Bolivia golpear\u00e1 a\u00fan m\u00e1s las importaciones de productos debido a que encarecer\u00e1 los costos, advirti\u00f3 el presidente de la Asociaci\u00f3n de Transporte Pesado Internacional de Santa Cruz, Marcelo Cruz; entretanto, el presidente de despachantes de Aduana,\u00a0Julio Arzabe, sostiene que la determinaci\u00f3n puede causar [&hellip;]<\/p>\n","protected":false},"author":1,"featured_media":232236,"comment_status":"open","ping_status":"open","sticky":false,"template":"","format":"standard","meta":{"_acf_changed":false,"footnotes":""},"categories":[17],"tags":[],"class_list":["post-232235","post","type-post","status-publish","format-standard","has-post-thumbnail","category-principal"],"acf":{"antetitulo":"Ante imposibilidad de acceder a d\u00f3lares"},"yoast_head":"<!-- This site is optimized with the Yoast SEO plugin v28.3 - https:\/\/yoast.com\/product\/yoast-seo-wordpress\/ -->\n<title>Decisi\u00f3n de navieras afectar\u00e1 a la importaci\u00f3n de productos - El Diario - Bolivia<\/title>\n<meta name=\"robots\" content=\"index, follow, max-snippet:-1, max-image-preview:large, max-video-preview:-1\" \/>\n<link rel=\"canonical\" href=\"https:\/\/www.eldiario.net\/portal\/2024\/07\/07\/decision-de-navieras-afectara-a-la-importacion-de-productos\/\" \/>\n<meta property=\"og:locale\" content=\"es_ES\" \/>\n<meta property=\"og:type\" content=\"article\" \/>\n<meta property=\"og:title\" content=\"Decisi\u00f3n de navieras afectar\u00e1 a la importaci\u00f3n de productos - El Diario - Bolivia\" \/>\n<meta property=\"og:description\" content=\"La decisi\u00f3n de algunas navieras de suspender la recepci\u00f3n de pagos en Bolivia golpear\u00e1 a\u00fan m\u00e1s las importaciones de productos debido a que encarecer\u00e1 los costos, advirti\u00f3 el presidente de la Asociaci\u00f3n de Transporte Pesado Internacional de Santa Cruz, Marcelo Cruz; entretanto, el presidente de despachantes de Aduana,\u00a0Julio Arzabe, sostiene que la determinaci\u00f3n puede causar [&hellip;]\" \/>\n<meta property=\"og:url\" content=\"https:\/\/www.eldiario.net\/portal\/2024\/07\/07\/decision-de-navieras-afectara-a-la-importacion-de-productos\/\" \/>\n<meta property=\"og:site_name\" content=\"El Diario - Bolivia\" \/>\n<meta property=\"article:publisher\" content=\"https:\/\/www.facebook.com\/eldiario.bolivia\/\" \/>\n<meta property=\"article:published_time\" content=\"2024-07-07T10:27:05+00:00\" \/>\n<meta property=\"article:modified_time\" content=\"2024-07-07T10:30:11+00:00\" \/>\n<meta property=\"og:image\" content=\"https:\/\/www.eldiario.net\/portal\/wp-content\/uploads\/2024\/07\/P-1-20-cm-x-10.jpeg\" \/>\n\t<meta property=\"og:image:width\" content=\"720\" \/>\n\t<meta property=\"og:image:height\" content=\"399\" \/>\n\t<meta property=\"og:image:type\" content=\"image\/jpeg\" \/>\n<meta name=\"author\" content=\"Jeanette\" \/>\n<meta name=\"twitter:card\" content=\"summary_large_image\" \/>\n<meta name=\"twitter:creator\" content=\"@eldiario_net\" \/>\n<meta name=\"twitter:site\" content=\"@eldiario_net\" \/>\n<meta name=\"twitter:label1\" content=\"Escrito por\" \/>\n\t<meta name=\"twitter:data1\" content=\"Jeanette\" \/>\n\t<meta name=\"twitter:label2\" content=\"Tiempo de lectura\" \/>\n\t<meta name=\"twitter:data2\" content=\"5 minutos\" \/>\n<script type=\"application\/ld+json\" class=\"yoast-schema-graph\">{\"@context\":\"https:\\\/\\\/schema.org\",\"@graph\":[{\"@type\":\"Article\",\"@id\":\"https:\\\/\\\/www.eldiario.net\\\/portal\\\/2024\\\/07\\\/07\\\/decision-de-navieras-afectara-a-la-importacion-de-productos\\\/#article\",\"isPartOf\":{\"@id\":\"https:\\\/\\\/www.eldiario.net\\\/portal\\\/2024\\\/07\\\/07\\\/decision-de-navieras-afectara-a-la-importacion-de-productos\\\/\"},\"author\":{\"name\":\"Jeanette\",\"@id\":\"https:\\\/\\\/www.eldiario.net\\\/portal\\\/#\\\/schema\\\/person\\\/f46445640444750d7d753ccd04ae01b7\"},\"headline\":\"Decisi\u00f3n de navieras afectar\u00e1 a la importaci\u00f3n de productos\",\"datePublished\":\"2024-07-07T10:27:05+00:00\",\"dateModified\":\"2024-07-07T10:30:11+00:00\",\"mainEntityOfPage\":{\"@id\":\"https:\\\/\\\/www.eldiario.net\\\/portal\\\/2024\\\/07\\\/07\\\/decision-de-navieras-afectara-a-la-importacion-de-productos\\\/\"},\"wordCount\":1023,\"commentCount\":0,\"publisher\":{\"@id\":\"https:\\\/\\\/www.eldiario.net\\\/portal\\\/#organization\"},\"image\":{\"@id\":\"https:\\\/\\\/www.eldiario.net\\\/portal\\\/2024\\\/07\\\/07\\\/decision-de-navieras-afectara-a-la-importacion-de-productos\\\/#primaryimage\"},\"thumbnailUrl\":\"https:\\\/\\\/www.eldiario.net\\\/portal\\\/wp-content\\\/uploads\\\/2024\\\/07\\\/P-1-20-cm-x-10.jpeg\",\"articleSection\":[\"Principal\"],\"inLanguage\":\"es\",\"potentialAction\":[{\"@type\":\"CommentAction\",\"name\":\"Comment\",\"target\":[\"https:\\\/\\\/www.eldiario.net\\\/portal\\\/2024\\\/07\\\/07\\\/decision-de-navieras-afectara-a-la-importacion-de-productos\\\/#respond\"]}]},{\"@type\":\"WebPage\",\"@id\":\"https:\\\/\\\/www.eldiario.net\\\/portal\\\/2024\\\/07\\\/07\\\/decision-de-navieras-afectara-a-la-importacion-de-productos\\\/\",\"url\":\"https:\\\/\\\/www.eldiario.net\\\/portal\\\/2024\\\/07\\\/07\\\/decision-de-navieras-afectara-a-la-importacion-de-productos\\\/\",\"name\":\"Decisi\u00f3n de navieras afectar\u00e1 a la importaci\u00f3n de productos - El Diario - Bolivia\",\"isPartOf\":{\"@id\":\"https:\\\/\\\/www.eldiario.net\\\/portal\\\/#website\"},\"primaryImageOfPage\":{\"@id\":\"https:\\\/\\\/www.eldiario.net\\\/portal\\\/2024\\\/07\\\/07\\\/decision-de-navieras-afectara-a-la-importacion-de-productos\\\/#primaryimage\"},\"image\":{\"@id\":\"https:\\\/\\\/www.eldiario.net\\\/portal\\\/2024\\\/07\\\/07\\\/decision-de-navieras-afectara-a-la-importacion-de-productos\\\/#primaryimage\"},\"thumbnailUrl\":\"https:\\\/\\\/www.eldiario.net\\\/portal\\\/wp-content\\\/uploads\\\/2024\\\/07\\\/P-1-20-cm-x-10.jpeg\",\"datePublished\":\"2024-07-07T10:27:05+00:00\",\"dateModified\":\"2024-07-07T10:30:11+00:00\",\"breadcrumb\":{\"@id\":\"https:\\\/\\\/www.eldiario.net\\\/portal\\\/2024\\\/07\\\/07\\\/decision-de-navieras-afectara-a-la-importacion-de-productos\\\/#breadcrumb\"},\"inLanguage\":\"es\",\"potentialAction\":[{\"@type\":\"ReadAction\",\"target\":[\"https:\\\/\\\/www.eldiario.net\\\/portal\\\/2024\\\/07\\\/07\\\/decision-de-navieras-afectara-a-la-importacion-de-productos\\\/\"]}]},{\"@type\":\"ImageObject\",\"inLanguage\":\"es\",\"@id\":\"https:\\\/\\\/www.eldiario.net\\\/portal\\\/2024\\\/07\\\/07\\\/decision-de-navieras-afectara-a-la-importacion-de-productos\\\/#primaryimage\",\"url\":\"https:\\\/\\\/www.eldiario.net\\\/portal\\\/wp-content\\\/uploads\\\/2024\\\/07\\\/P-1-20-cm-x-10.jpeg\",\"contentUrl\":\"https:\\\/\\\/www.eldiario.net\\\/portal\\\/wp-content\\\/uploads\\\/2024\\\/07\\\/P-1-20-cm-x-10.jpeg\",\"width\":720,\"height\":399,\"caption\":\"Un buque de MSC en el puerto de Arica. CR\u00c9DITO: Terminal Puerto Arica\"},{\"@type\":\"BreadcrumbList\",\"@id\":\"https:\\\/\\\/www.eldiario.net\\\/portal\\\/2024\\\/07\\\/07\\\/decision-de-navieras-afectara-a-la-importacion-de-productos\\\/#breadcrumb\",\"itemListElement\":[{\"@type\":\"ListItem\",\"position\":1,\"name\":\"Portada\",\"item\":\"https:\\\/\\\/www.eldiario.net\\\/portal\\\/\"},{\"@type\":\"ListItem\",\"position\":2,\"name\":\"Decisi\u00f3n de navieras afectar\u00e1 a la importaci\u00f3n de productos\"}]},{\"@type\":\"WebSite\",\"@id\":\"https:\\\/\\\/www.eldiario.net\\\/portal\\\/#website\",\"url\":\"https:\\\/\\\/www.eldiario.net\\\/portal\\\/\",\"name\":\"El Diario - Decano de la prensa nacional\",\"description\":\"El Diario - Decano de la prensa nacional\",\"publisher\":{\"@id\":\"https:\\\/\\\/www.eldiario.net\\\/portal\\\/#organization\"},\"potentialAction\":[{\"@type\":\"SearchAction\",\"target\":{\"@type\":\"EntryPoint\",\"urlTemplate\":\"https:\\\/\\\/www.eldiario.net\\\/portal\\\/?s={search_term_string}\"},\"query-input\":{\"@type\":\"PropertyValueSpecification\",\"valueRequired\":true,\"valueName\":\"search_term_string\"}}],\"inLanguage\":\"es\"},{\"@type\":\"Organization\",\"@id\":\"https:\\\/\\\/www.eldiario.net\\\/portal\\\/#organization\",\"name\":\"El Diario - Decano de la prensa nacional\",\"url\":\"https:\\\/\\\/www.eldiario.net\\\/portal\\\/\",\"logo\":{\"@type\":\"ImageObject\",\"inLanguage\":\"es\",\"@id\":\"https:\\\/\\\/www.eldiario.net\\\/portal\\\/#\\\/schema\\\/logo\\\/image\\\/\",\"url\":\"https:\\\/\\\/www.eldiario.net\\\/portal\\\/wp-content\\\/uploads\\\/2023\\\/07\\\/logo_ED.jpg\",\"contentUrl\":\"https:\\\/\\\/www.eldiario.net\\\/portal\\\/wp-content\\\/uploads\\\/2023\\\/07\\\/logo_ED.jpg\",\"width\":272,\"height\":52,\"caption\":\"El Diario - Decano de la prensa nacional\"},\"image\":{\"@id\":\"https:\\\/\\\/www.eldiario.net\\\/portal\\\/#\\\/schema\\\/logo\\\/image\\\/\"},\"sameAs\":[\"https:\\\/\\\/www.facebook.com\\\/eldiario.bolivia\\\/\",\"https:\\\/\\\/x.com\\\/eldiario_net\"]},{\"@type\":\"Person\",\"@id\":\"https:\\\/\\\/www.eldiario.net\\\/portal\\\/#\\\/schema\\\/person\\\/f46445640444750d7d753ccd04ae01b7\",\"name\":\"Jeanette\",\"image\":{\"@type\":\"ImageObject\",\"inLanguage\":\"es\",\"@id\":\"https:\\\/\\\/secure.gravatar.com\\\/avatar\\\/3ea2118a5f7dad2b7138b1187a6b7ee55f160b9968b66013c3a3ef39dd7e5798?s=96&d=mm&r=g\",\"url\":\"https:\\\/\\\/secure.gravatar.com\\\/avatar\\\/3ea2118a5f7dad2b7138b1187a6b7ee55f160b9968b66013c3a3ef39dd7e5798?s=96&d=mm&r=g\",\"contentUrl\":\"https:\\\/\\\/secure.gravatar.com\\\/avatar\\\/3ea2118a5f7dad2b7138b1187a6b7ee55f160b9968b66013c3a3ef39dd7e5798?s=96&d=mm&r=g\",\"caption\":\"Jeanette\"},\"sameAs\":[\"https:\\\/\\\/www.eldiario.net\\\/portal\"],\"url\":\"https:\\\/\\\/www.eldiario.net\\\/portal\\\/author\\\/jeanette\\\/\"}]}<\/script>\n<!-- \/ Yoast SEO plugin. -->","yoast_head_json":{"title":"Decisi\u00f3n de navieras afectar\u00e1 a la importaci\u00f3n de productos - El Diario - Bolivia","robots":{"index":"index","follow":"follow","max-snippet":"max-snippet:-1","max-image-preview":"max-image-preview:large","max-video-preview":"max-video-preview:-1"},"canonical":"https:\/\/www.eldiario.net\/portal\/2024\/07\/07\/decision-de-navieras-afectara-a-la-importacion-de-productos\/","og_locale":"es_ES","og_type":"article","og_title":"Decisi\u00f3n de navieras afectar\u00e1 a la importaci\u00f3n de productos - El Diario - Bolivia","og_description":"La decisi\u00f3n de algunas navieras de suspender la recepci\u00f3n de pagos en Bolivia golpear\u00e1 a\u00fan m\u00e1s las importaciones de productos debido a que encarecer\u00e1 los costos, advirti\u00f3 el presidente de la Asociaci\u00f3n de Transporte Pesado Internacional de Santa Cruz, Marcelo Cruz; entretanto, el presidente de despachantes de Aduana,\u00a0Julio Arzabe, sostiene que la determinaci\u00f3n puede causar [&hellip;]","og_url":"https:\/\/www.eldiario.net\/portal\/2024\/07\/07\/decision-de-navieras-afectara-a-la-importacion-de-productos\/","og_site_name":"El Diario - Bolivia","article_publisher":"https:\/\/www.facebook.com\/eldiario.bolivia\/","article_published_time":"2024-07-07T10:27:05+00:00","article_modified_time":"2024-07-07T10:30:11+00:00","og_image":[{"width":720,"height":399,"url":"https:\/\/www.eldiario.net\/portal\/wp-content\/uploads\/2024\/07\/P-1-20-cm-x-10.jpeg","type":"image\/jpeg"}],"author":"Jeanette","twitter_card":"summary_large_image","twitter_creator":"@eldiario_net","twitter_site":"@eldiario_net","twitter_misc":{"Escrito por":"Jeanette","Tiempo de lectura":"5 minutos"},"schema":{"@context":"https:\/\/schema.org","@graph":[{"@type":"Article","@id":"https:\/\/www.eldiario.net\/portal\/2024\/07\/07\/decision-de-navieras-afectara-a-la-importacion-de-productos\/#article","isPartOf":{"@id":"https:\/\/www.eldiario.net\/portal\/2024\/07\/07\/decision-de-navieras-afectara-a-la-importacion-de-productos\/"},"author":{"name":"Jeanette","@id":"https:\/\/www.eldiario.net\/portal\/#\/schema\/person\/f46445640444750d7d753ccd04ae01b7"},"headline":"Decisi\u00f3n de navieras afectar\u00e1 a la importaci\u00f3n de productos","datePublished":"2024-07-07T10:27:05+00:00","dateModified":"2024-07-07T10:30:11+00:00","mainEntityOfPage":{"@id":"https:\/\/www.eldiario.net\/portal\/2024\/07\/07\/decision-de-navieras-afectara-a-la-importacion-de-productos\/"},"wordCount":1023,"commentCount":0,"publisher":{"@id":"https:\/\/www.eldiario.net\/portal\/#organization"},"image":{"@id":"https:\/\/www.eldiario.net\/portal\/2024\/07\/07\/decision-de-navieras-afectara-a-la-importacion-de-productos\/#primaryimage"},"thumbnailUrl":"https:\/\/www.eldiario.net\/portal\/wp-content\/uploads\/2024\/07\/P-1-20-cm-x-10.jpeg","articleSection":["Principal"],"inLanguage":"es","potentialAction":[{"@type":"CommentAction","name":"Comment","target":["https:\/\/www.eldiario.net\/portal\/2024\/07\/07\/decision-de-navieras-afectara-a-la-importacion-de-productos\/#respond"]}]},{"@type":"WebPage","@id":"https:\/\/www.eldiario.net\/portal\/2024\/07\/07\/decision-de-navieras-afectara-a-la-importacion-de-productos\/","url":"https:\/\/www.eldiario.net\/portal\/2024\/07\/07\/decision-de-navieras-afectara-a-la-importacion-de-productos\/","name":"Decisi\u00f3n de navieras afectar\u00e1 a la importaci\u00f3n de productos - El Diario - Bolivia","isPartOf":{"@id":"https:\/\/www.eldiario.net\/portal\/#website"},"primaryImageOfPage":{"@id":"https:\/\/www.eldiario.net\/portal\/2024\/07\/07\/decision-de-navieras-afectara-a-la-importacion-de-productos\/#primaryimage"},"image":{"@id":"https:\/\/www.eldiario.net\/portal\/2024\/07\/07\/decision-de-navieras-afectara-a-la-importacion-de-productos\/#primaryimage"},"thumbnailUrl":"https:\/\/www.eldiario.net\/portal\/wp-content\/uploads\/2024\/07\/P-1-20-cm-x-10.jpeg","datePublished":"2024-07-07T10:27:05+00:00","dateModified":"2024-07-07T10:30:11+00:00","breadcrumb":{"@id":"https:\/\/www.eldiario.net\/portal\/2024\/07\/07\/decision-de-navieras-afectara-a-la-importacion-de-productos\/#breadcrumb"},"inLanguage":"es","potentialAction":[{"@type":"ReadAction","target":["https:\/\/www.eldiario.net\/portal\/2024\/07\/07\/decision-de-navieras-afectara-a-la-importacion-de-productos\/"]}]},{"@type":"ImageObject","inLanguage":"es","@id":"https:\/\/www.eldiario.net\/portal\/2024\/07\/07\/decision-de-navieras-afectara-a-la-importacion-de-productos\/#primaryimage","url":"https:\/\/www.eldiario.net\/portal\/wp-content\/uploads\/2024\/07\/P-1-20-cm-x-10.jpeg","contentUrl":"https:\/\/www.eldiario.net\/portal\/wp-content\/uploads\/2024\/07\/P-1-20-cm-x-10.jpeg","width":720,"height":399,"caption":"Un buque de MSC en el puerto de Arica. CR\u00c9DITO: Terminal Puerto Arica"},{"@type":"BreadcrumbList","@id":"https:\/\/www.eldiario.net\/portal\/2024\/07\/07\/decision-de-navieras-afectara-a-la-importacion-de-productos\/#breadcrumb","itemListElement":[{"@type":"ListItem","position":1,"name":"Portada","item":"https:\/\/www.eldiario.net\/portal\/"},{"@type":"ListItem","position":2,"name":"Decisi\u00f3n de navieras afectar\u00e1 a la importaci\u00f3n de productos"}]},{"@type":"WebSite","@id":"https:\/\/www.eldiario.net\/portal\/#website","url":"https:\/\/www.eldiario.net\/portal\/","name":"El Diario - Decano de la prensa nacional","description":"El Diario - Decano de la prensa nacional","publisher":{"@id":"https:\/\/www.eldiario.net\/portal\/#organization"},"potentialAction":[{"@type":"SearchAction","target":{"@type":"EntryPoint","urlTemplate":"https:\/\/www.eldiario.net\/portal\/?s={search_term_string}"},"query-input":{"@type":"PropertyValueSpecification","valueRequired":true,"valueName":"search_term_string"}}],"inLanguage":"es"},{"@type":"Organization","@id":"https:\/\/www.eldiario.net\/portal\/#organization","name":"El Diario - Decano de la prensa nacional","url":"https:\/\/www.eldiario.net\/portal\/","logo":{"@type":"ImageObject","inLanguage":"es","@id":"https:\/\/www.eldiario.net\/portal\/#\/schema\/logo\/image\/","url":"https:\/\/www.eldiario.net\/portal\/wp-content\/uploads\/2023\/07\/logo_ED.jpg","contentUrl":"https:\/\/www.eldiario.net\/portal\/wp-content\/uploads\/2023\/07\/logo_ED.jpg","width":272,"height":52,"caption":"El Diario - Decano de la prensa nacional"},"image":{"@id":"https:\/\/www.eldiario.net\/portal\/#\/schema\/logo\/image\/"},"sameAs":["https:\/\/www.facebook.com\/eldiario.bolivia\/","https:\/\/x.com\/eldiario_net"]},{"@type":"Person","@id":"https:\/\/www.eldiario.net\/portal\/#\/schema\/person\/f46445640444750d7d753ccd04ae01b7","name":"Jeanette","image":{"@type":"ImageObject","inLanguage":"es","@id":"https:\/\/secure.gravatar.com\/avatar\/3ea2118a5f7dad2b7138b1187a6b7ee55f160b9968b66013c3a3ef39dd7e5798?s=96&d=mm&r=g","url":"https:\/\/secure.gravatar.com\/avatar\/3ea2118a5f7dad2b7138b1187a6b7ee55f160b9968b66013c3a3ef39dd7e5798?s=96&d=mm&r=g","contentUrl":"https:\/\/secure.gravatar.com\/avatar\/3ea2118a5f7dad2b7138b1187a6b7ee55f160b9968b66013c3a3ef39dd7e5798?s=96&d=mm&r=g","caption":"Jeanette"},"sameAs":["https:\/\/www.eldiario.net\/portal"],"url":"https:\/\/www.eldiario.net\/portal\/author\/jeanette\/"}]}},"_links":{"self":[{"href":"https:\/\/www.eldiario.net\/portal\/wp-json\/wp\/v2\/posts\/232235","targetHints":{"allow":["GET"]}}],"collection":[{"href":"https:\/\/www.eldiario.net\/portal\/wp-json\/wp\/v2\/posts"}],"about":[{"href":"https:\/\/www.eldiario.net\/portal\/wp-json\/wp\/v2\/types\/post"}],"author":[{"embeddable":true,"href":"https:\/\/www.eldiario.net\/portal\/wp-json\/wp\/v2\/users\/1"}],"replies":[{"embeddable":true,"href":"https:\/\/www.eldiario.net\/portal\/wp-json\/wp\/v2\/comments?post=232235"}],"version-history":[{"count":2,"href":"https:\/\/www.eldiario.net\/portal\/wp-json\/wp\/v2\/posts\/232235\/revisions"}],"predecessor-version":[{"id":232245,"href":"https:\/\/www.eldiario.net\/portal\/wp-json\/wp\/v2\/posts\/232235\/revisions\/232245"}],"wp:featuredmedia":[{"embeddable":true,"href":"https:\/\/www.eldiario.net\/portal\/wp-json\/wp\/v2\/media\/232236"}],"wp:attachment":[{"href":"https:\/\/www.eldiario.net\/portal\/wp-json\/wp\/v2\/media?parent=232235"}],"wp:term":[{"taxonomy":"category","embeddable":true,"href":"https:\/\/www.eldiario.net\/portal\/wp-json\/wp\/v2\/categories?post=232235"},{"taxonomy":"post_tag","embeddable":true,"href":"https:\/\/www.eldiario.net\/portal\/wp-json\/wp\/v2\/tags?post=232235"}],"curies":[{"name":"wp","href":"https:\/\/api.w.org\/{rel}","templated":true}]}}