{"id":232200,"date":"2024-07-06T07:45:19","date_gmt":"2024-07-06T11:45:19","guid":{"rendered":"https:\/\/www.eldiario.net\/portal\/?p=232200"},"modified":"2024-07-06T07:45:19","modified_gmt":"2024-07-06T11:45:19","slug":"radio-beat-se-relanza-con-mas-fuerza-y-energia-que-nunca","status":"publish","type":"post","link":"https:\/\/www.eldiario.net\/portal\/2024\/07\/06\/radio-beat-se-relanza-con-mas-fuerza-y-energia-que-nunca\/","title":{"rendered":"Radio Beat se relanza con m\u00e1s  fuerza y energ\u00eda que nunca"},"content":{"rendered":"<p>El 12 de julio, desde las 14:00 horas, Radio Beat se relanza con m\u00e1s fuerza y energ\u00eda que nunca.<\/p>\n<p>\u201cRadio Beat es una radio online que ha conquistado corazones y o\u00eddos a trav\u00e9s de su se\u00f1al, difundida en diversas plataformas de redes sociales, como TikTok, Facebook, Twitch e Instagram. Adem\u00e1s, nos enorgullece presentar una programaci\u00f3n variada y emocionante, dise\u00f1ada para satisfacer todos los gustos musicales y brindar la mejor compa\u00f1\u00eda\u201d, afirma su director,<\/p>\n<p>Iv\u00e1n Marquez.<\/p>\n<p>Desde su lanzamiento inicial, Radio Beat se ha dedicado a ofrecer una experiencia musical inigualable. \u201cHemos sido reconocidos por nuestra innovaci\u00f3n y calidad, siendo acreedores del premio \u00abGalard\u00f3n Titicaca\u00bb como revelaci\u00f3n y mejor radio online en 2021 y el galard\u00f3n \u00abMix Masters\u00bb en 2023. Estos reconocimientos son un testimonio de nuestro compromiso con la excelencia y nuestro deseo de conectar con nuestra audiencia de manera aut\u00e9ntica y significativa\u201d, resalta Marquez.<\/p>\n<p><strong>PROGRAMACI\u00d3N ESPECIALIZADA <\/strong><\/p>\n<p>Lunes y Mi\u00e9rcoles: \u00abBunker del Vampiro\u00bb (19:00 a 21:00)<\/p>\n<p>Comienza la semana con el misterioso y encantador \u00abBunker del Vampiro\u00bb. D\u00e9jate llevar por una selecci\u00f3n de cl\u00e1sicos que te transportar\u00e1 a otras \u00e9pocas. El \u00abBunker del Vampiro\u00bb es tu refugio nocturno.<\/p>\n<p>Martes y Jueves: \u00abEl Vacil\u00f3n\u00bb (19:00 a 21:00)<\/p>\n<p>Programa dedicado a amenizar tus noches con m\u00fasica variada y full diversi\u00f3n.<\/p>\n<p>Jueves: \u00abMegaBeatMix\u00bb (17:00 a 19:00)<\/p>\n<p>El jueves es el d\u00eda de las mezclas explosivas en Radio Beat. De 17:00 a 19:00, \u00abMegaBeatMix\u00bb te trae a los DJs residentes de la radio, quienes presentan sus mejores sets en vivo.<\/p>\n<p>Viernes: \u00abWebeando Con Los Vampiros\u00bb (19:00 a 21:00)<\/p>\n<p>Un podcast dedicado a realzar el talento de nuestros artistas locales en entrevistas muy entretenidas. Con un formato din\u00e1mico y divertido, este programa te ofrece la oportunidad de conocer a los artistas desde una perspectiva m\u00e1s cercana y personal.<\/p>\n<p>S\u00e1bado: \u00abShow Beat\u00bb (15:00 a 18:00)<\/p>\n<p>Los s\u00e1bados por la tarde, de 15:00 a 18:00, \u00abShow Beat\u00bb te ofrece un programa especializado en mostrar el arte de ser DJ. Con invitados especiales cada semana, este programa te sumerge en el mundo de las mezclas y las tornamesas, brind\u00e1ndote una verdadera fiesta virtual. Aprende sobre las t\u00e9cnicas, inspiraciones y trayectorias de los DJs mientras disfrutas de sets en vivo que har\u00e1n de tus s\u00e1bados una experiencia \u00fanica y divertida. \u00abShow Beat\u00bb es la cita perfecta para los amantes de la m\u00fasica y las mezclas, asegurando que tus tardes de s\u00e1bado sean inolvidables.<\/p>\n<p>S\u00e1bado y Domingo: \u00abRanking Nacional Stereo Top Bol\u00bb (13:00 a 15:00)<\/p>\n<p>No te pierdas el \u00abRanking Nacional Stereo Top Bol\u00bb con Loy D\u00e1vila. Este programa te trae lo mejor del rock nacional, presentando las canciones m\u00e1s populares y las nuevas propuestas del g\u00e9nero. Con un enfoque en promover el talento local, \u00abRanking Nacional Stereo Top Bol\u00bb es el lugar perfecto para descubrir tu pr\u00f3xima banda favorita y estar al tanto de las tendencias del rock en Bolivia.<\/p>\n<p><strong>STAFF DE LOCUTORES <\/strong><\/p>\n<p>El equipo de Radio Beat est\u00e1 compuesto por un grupo de talentosos locutores y DJs que acompa\u00f1an a los oyentes a trav\u00e9s de sus transmisiones diarias, ofreciendo contenido de calidad. Ellos son:<\/p>\n<ul>\n<li>Kleyder Gusman: Un DJ reconocido en el \u00e1mbito radial, Kleyder trae su experiencia y pasi\u00f3n por la m\u00fasica a cada programa.<\/li>\n<li>Iv\u00f3n Alejandra Marquez (Ivonsauria): Con su carisma y conocimiento musical, Iv\u00f3n te lleva en un viaje sonoro \u00fanico.<\/li>\n<li>Loy D\u00e1vila: experta en rock nacional, Loy presenta el \u00abRanking Nacional Stereo Top Bol\u00bb con un enfoque en promover el talento local.<\/li>\n<li>Anita Sonrisas: Con la alegr\u00eda que la caracteriza har\u00e1 de tus noches todo un espect\u00e1culo.<\/li>\n<li>Karla D\u00edaz: Con su estilo fresco y din\u00e1mico, Karla a\u00f1ade un toque especial a cada transmisi\u00f3n.<\/li>\n<li>Iv\u00e1n Marquez (El Vampiro): Bajo su direcci\u00f3n, Radio Beat sigue creciendo y evolucionando, manteniendo siempre un alto est\u00e1ndar de calidad.<\/li>\n<\/ul>\n<p><strong>\u00bfC\u00d3MO ACCEDER A RADIO BEAT?<\/strong><\/p>\n<ol>\n<li>Redes Sociales: S\u00edguenos en TikTok, Facebook, Twitch e Instagram para estar al d\u00eda con las transmisiones en vivo. Interact\u00faa con nosotros y s\u00e9 parte de nuestra comunidad.<\/li>\n<li>Aplicaci\u00f3n M\u00f3vil: Descarga nuestra aplicaci\u00f3n m\u00f3vil disponible para iOS y Android. Con nuestra app, tendr\u00e1s acceso a todas nuestras transmisiones y contenidos exclusivos desde la comodidad de tu celular.<\/li>\n<li>P\u00e1gina Web: www.radiobeatbolivia.com para obtener la programaci\u00f3n completa, noticias y m\u00e1s informaci\u00f3n sobre tus programas y DJs favoritos. Navega por nuestro sitio para descubrir m\u00e1s sobre lo que Radio Beat tiene para ofrecer.<\/li>\n<\/ol>\n<p><strong>PRESENTE Y RELANZAMIENTO<\/strong><\/p>\n<p>Iv\u00e1n Marquez sostiene que los integrantes de Radio Beat est\u00e1n comprometidos con brindar a sus oyentes una experiencia musical inigualable, \u201cconect\u00e1ndote con la mejor m\u00fasica y el talento local de una manera accesible y moderna\u201d.<\/p>\n<p>\u201c\u00danete a nuestra comunidad de oyentes y s\u00e9 parte de la revoluci\u00f3n musical online. Estamos aqu\u00ed para ofrecerte una plataforma donde la m\u00fasica, la cultura y el entretenimiento se encuentran, creando un espacio \u00fanico para todos los amantes de la m\u00fasica.<\/p>\n<p>No te pierdas nuestro relanzamiento este 12 de julio desde las 14:00 horas. Ser\u00e1 un evento lleno de sorpresas, m\u00fasica y mucha diversi\u00f3n. \u00danete a nosotros y descubre por qu\u00e9 Radio Beat es la radio online que est\u00e1 revolucionando la manera en que disfrutas de la m\u00fasica.<\/p>\n<p>\u00a1Gracias por elegir Radio Beat, la radio que te lleva al siguiente nivel de entretenimiento musical! Disfruta de nuestra programaci\u00f3n y d\u00e9jate llevar por los ritmos y melod\u00edas que hacen de Radio Beat tu mejor opci\u00f3n para la m\u00fasica online\u201d, concluye.<\/p>\n\r\n                <style type=\"text\/css\">\r\n                    \r\n                    #tdi_1  .td-doubleSlider-2 .td-item1 {\r\n                        background: url(https:\/\/www.eldiario.net\/portal\/wp-content\/uploads\/2024\/07\/1-PRINCIPAL-2-80x60.jpg) 0 0 no-repeat;\r\n                    }\r\n                    #tdi_1  .td-doubleSlider-2 .td-item2 {\r\n                        background: url(https:\/\/www.eldiario.net\/portal\/wp-content\/uploads\/2024\/07\/2--80x60.jpg) 0 0 no-repeat;\r\n                    }\r\n                    #tdi_1  .td-doubleSlider-2 .td-item3 {\r\n                        background: url(https:\/\/www.eldiario.net\/portal\/wp-content\/uploads\/2024\/07\/3--80x60.jpg) 0 0 no-repeat;\r\n                    }\r\n                    #tdi_1  .td-doubleSlider-2 .td-item4 {\r\n                        background: url(https:\/\/www.eldiario.net\/portal\/wp-content\/uploads\/2024\/07\/4--80x60.jpg) 0 0 no-repeat;\r\n                    }\r\n                    #tdi_1  .td-doubleSlider-2 .td-item5 {\r\n                        background: url(https:\/\/www.eldiario.net\/portal\/wp-content\/uploads\/2024\/07\/5--80x60.jpg) 0 0 no-repeat;\r\n                    }\r\n                    #tdi_1  .td-doubleSlider-2 .td-item6 {\r\n                        background: url(https:\/\/www.eldiario.net\/portal\/wp-content\/uploads\/2024\/07\/6--80x60.jpg) 0 0 no-repeat;\r\n                    }\r\n                <\/style>\r\n\r\n                <div id=\"tdi_1\" class=\"td-gallery td-slide-on-2-columns\">\r\n                    <div class=\"post_td_gallery\">\r\n                        <div class=\"td-gallery-slide-top\">\r\n                           <div class=\"td-gallery-title\"><\/div>\r\n\r\n                            <div class=\"td-gallery-controls-wrapper\">\r\n                                <div class=\"td-gallery-slide-count\"><span class=\"td-gallery-slide-item-focus\">1<\/span> de 6<\/div>\r\n                                <div class=\"td-gallery-slide-prev-next-but\">\r\n                                    <i class = \"td-icon-left doubleSliderPrevButton\"><\/i>\r\n                                    <i class = \"td-icon-right doubleSliderNextButton\"><\/i>\r\n                                <\/div>\r\n                            <\/div>\r\n                        <\/div>\r\n\r\n                        <div class = \"td-doubleSlider-1 \">\r\n                            <div class = \"td-slider\">\r\n                                \r\n                    <div class = \"td-slide-item td-item1\">\r\n                        <figure class=\"td-slide-galery-figure td-slide-popup-gallery\">\r\n                            <a class=\"slide-gallery-image-link\" href=\"https:\/\/www.eldiario.net\/portal\/wp-content\/uploads\/2024\/07\/1-PRINCIPAL-2.jpg\" title=\"1-PRINCIPAL\"  data-caption=\"\"  data-description=\"\">\r\n                                <img decoding=\"async\" src=\"https:\/\/www.eldiario.net\/portal\/wp-content\/uploads\/2024\/07\/1-PRINCIPAL-2-840x420.jpg\" srcset=\"https:\/\/www.eldiario.net\/portal\/wp-content\/uploads\/2024\/07\/1-PRINCIPAL-2-840x420.jpg 840w, https:\/\/www.eldiario.net\/portal\/wp-content\/uploads\/2024\/07\/1-PRINCIPAL-2-300x150.jpg 300w, https:\/\/www.eldiario.net\/portal\/wp-content\/uploads\/2024\/07\/1-PRINCIPAL-2-1024x512.jpg 1024w, https:\/\/www.eldiario.net\/portal\/wp-content\/uploads\/2024\/07\/1-PRINCIPAL-2-768x384.jpg 768w, https:\/\/www.eldiario.net\/portal\/wp-content\/uploads\/2024\/07\/1-PRINCIPAL-2-696x348.jpg 696w, https:\/\/www.eldiario.net\/portal\/wp-content\/uploads\/2024\/07\/1-PRINCIPAL-2-1068x534.jpg 1068w, https:\/\/www.eldiario.net\/portal\/wp-content\/uploads\/2024\/07\/1-PRINCIPAL-2.jpg 1080w\" sizes=\"(max-width: 840px) 100vw, 840px\" alt=\"\">\r\n                            <\/a>\r\n                            \r\n                        <\/figure>\r\n                    <\/div>\r\n                    <div class = \"td-slide-item td-item2\">\r\n                        <figure class=\"td-slide-galery-figure td-slide-popup-gallery\">\r\n                            <a class=\"slide-gallery-image-link\" href=\"https:\/\/www.eldiario.net\/portal\/wp-content\/uploads\/2024\/07\/2-.jpg\" title=\"2-\"  data-caption=\"\"  data-description=\"\">\r\n                                <img decoding=\"async\" src=\"https:\/\/www.eldiario.net\/portal\/wp-content\/uploads\/2024\/07\/2--560x420.jpg\" srcset=\"https:\/\/www.eldiario.net\/portal\/wp-content\/uploads\/2024\/07\/2--560x420.jpg 560w, https:\/\/www.eldiario.net\/portal\/wp-content\/uploads\/2024\/07\/2--300x225.jpg 300w, https:\/\/www.eldiario.net\/portal\/wp-content\/uploads\/2024\/07\/2--1024x768.jpg 1024w, https:\/\/www.eldiario.net\/portal\/wp-content\/uploads\/2024\/07\/2--768x576.jpg 768w, https:\/\/www.eldiario.net\/portal\/wp-content\/uploads\/2024\/07\/2--80x60.jpg 80w, https:\/\/www.eldiario.net\/portal\/wp-content\/uploads\/2024\/07\/2--696x522.jpg 696w, https:\/\/www.eldiario.net\/portal\/wp-content\/uploads\/2024\/07\/2--1068x801.jpg 1068w, https:\/\/www.eldiario.net\/portal\/wp-content\/uploads\/2024\/07\/2-.jpg 1200w\" sizes=\"(max-width: 560px) 100vw, 560px\" alt=\"\">\r\n                            <\/a>\r\n                            \r\n                        <\/figure>\r\n                    <\/div>\r\n                    <div class = \"td-slide-item td-item3\">\r\n                        <figure class=\"td-slide-galery-figure td-slide-popup-gallery\">\r\n                            <a class=\"slide-gallery-image-link\" href=\"https:\/\/www.eldiario.net\/portal\/wp-content\/uploads\/2024\/07\/3-.jpg\" title=\"3-\"  data-caption=\"\"  data-description=\"\">\r\n                                <img decoding=\"async\" src=\"https:\/\/www.eldiario.net\/portal\/wp-content\/uploads\/2024\/07\/3--836x420.jpg\" srcset=\"https:\/\/www.eldiario.net\/portal\/wp-content\/uploads\/2024\/07\/3--836x420.jpg 836w, https:\/\/www.eldiario.net\/portal\/wp-content\/uploads\/2024\/07\/3--300x151.jpg 300w, https:\/\/www.eldiario.net\/portal\/wp-content\/uploads\/2024\/07\/3--1024x515.jpg 1024w, https:\/\/www.eldiario.net\/portal\/wp-content\/uploads\/2024\/07\/3--768x386.jpg 768w, https:\/\/www.eldiario.net\/portal\/wp-content\/uploads\/2024\/07\/3--696x350.jpg 696w, https:\/\/www.eldiario.net\/portal\/wp-content\/uploads\/2024\/07\/3--1068x537.jpg 1068w, https:\/\/www.eldiario.net\/portal\/wp-content\/uploads\/2024\/07\/3-.jpg 1200w\" sizes=\"(max-width: 836px) 100vw, 836px\" alt=\"\">\r\n                            <\/a>\r\n                            \r\n                        <\/figure>\r\n                    <\/div>\r\n                    <div class = \"td-slide-item td-item4\">\r\n                        <figure class=\"td-slide-galery-figure td-slide-popup-gallery\">\r\n                            <a class=\"slide-gallery-image-link\" href=\"https:\/\/www.eldiario.net\/portal\/wp-content\/uploads\/2024\/07\/4-.jpg\" title=\"4-\"  data-caption=\"\"  data-description=\"\">\r\n                                <img decoding=\"async\" src=\"https:\/\/www.eldiario.net\/portal\/wp-content\/uploads\/2024\/07\/4--560x420.jpg\" srcset=\"https:\/\/www.eldiario.net\/portal\/wp-content\/uploads\/2024\/07\/4--560x420.jpg 560w, https:\/\/www.eldiario.net\/portal\/wp-content\/uploads\/2024\/07\/4--300x225.jpg 300w, https:\/\/www.eldiario.net\/portal\/wp-content\/uploads\/2024\/07\/4--1024x768.jpg 1024w, https:\/\/www.eldiario.net\/portal\/wp-content\/uploads\/2024\/07\/4--768x576.jpg 768w, https:\/\/www.eldiario.net\/portal\/wp-content\/uploads\/2024\/07\/4--80x60.jpg 80w, https:\/\/www.eldiario.net\/portal\/wp-content\/uploads\/2024\/07\/4--696x522.jpg 696w, https:\/\/www.eldiario.net\/portal\/wp-content\/uploads\/2024\/07\/4--1068x801.jpg 1068w, https:\/\/www.eldiario.net\/portal\/wp-content\/uploads\/2024\/07\/4-.jpg 1200w\" sizes=\"(max-width: 560px) 100vw, 560px\" alt=\"\">\r\n                            <\/a>\r\n                            \r\n                        <\/figure>\r\n                    <\/div>\r\n                    <div class = \"td-slide-item td-item5\">\r\n                        <figure class=\"td-slide-galery-figure td-slide-popup-gallery\">\r\n                            <a class=\"slide-gallery-image-link\" href=\"https:\/\/www.eldiario.net\/portal\/wp-content\/uploads\/2024\/07\/5-.jpg\" title=\"5-\"  data-caption=\"\"  data-description=\"\">\r\n                                <img decoding=\"async\" src=\"https:\/\/www.eldiario.net\/portal\/wp-content\/uploads\/2024\/07\/5--560x420.jpg\" srcset=\"https:\/\/www.eldiario.net\/portal\/wp-content\/uploads\/2024\/07\/5--560x420.jpg 560w, https:\/\/www.eldiario.net\/portal\/wp-content\/uploads\/2024\/07\/5--300x225.jpg 300w, https:\/\/www.eldiario.net\/portal\/wp-content\/uploads\/2024\/07\/5--1024x768.jpg 1024w, https:\/\/www.eldiario.net\/portal\/wp-content\/uploads\/2024\/07\/5--768x576.jpg 768w, https:\/\/www.eldiario.net\/portal\/wp-content\/uploads\/2024\/07\/5--80x60.jpg 80w, https:\/\/www.eldiario.net\/portal\/wp-content\/uploads\/2024\/07\/5--696x522.jpg 696w, https:\/\/www.eldiario.net\/portal\/wp-content\/uploads\/2024\/07\/5--1068x801.jpg 1068w, https:\/\/www.eldiario.net\/portal\/wp-content\/uploads\/2024\/07\/5-.jpg 1200w\" sizes=\"(max-width: 560px) 100vw, 560px\" alt=\"\">\r\n                            <\/a>\r\n                            \r\n                        <\/figure>\r\n                    <\/div>\r\n                    <div class = \"td-slide-item td-item6\">\r\n                        <figure class=\"td-slide-galery-figure td-slide-popup-gallery\">\r\n                            <a class=\"slide-gallery-image-link\" href=\"https:\/\/www.eldiario.net\/portal\/wp-content\/uploads\/2024\/07\/6-.jpg\" title=\"6-\"  data-caption=\"\"  data-description=\"\">\r\n                                <img decoding=\"async\" src=\"https:\/\/www.eldiario.net\/portal\/wp-content\/uploads\/2024\/07\/6--560x420.jpg\" srcset=\"https:\/\/www.eldiario.net\/portal\/wp-content\/uploads\/2024\/07\/6--560x420.jpg 560w, https:\/\/www.eldiario.net\/portal\/wp-content\/uploads\/2024\/07\/6--300x225.jpg 300w, https:\/\/www.eldiario.net\/portal\/wp-content\/uploads\/2024\/07\/6--1024x768.jpg 1024w, https:\/\/www.eldiario.net\/portal\/wp-content\/uploads\/2024\/07\/6--768x576.jpg 768w, https:\/\/www.eldiario.net\/portal\/wp-content\/uploads\/2024\/07\/6--80x60.jpg 80w, https:\/\/www.eldiario.net\/portal\/wp-content\/uploads\/2024\/07\/6--696x522.jpg 696w, https:\/\/www.eldiario.net\/portal\/wp-content\/uploads\/2024\/07\/6--1068x801.jpg 1068w, https:\/\/www.eldiario.net\/portal\/wp-content\/uploads\/2024\/07\/6-.jpg 1200w\" sizes=\"(max-width: 560px) 100vw, 560px\" alt=\"\">\r\n                            <\/a>\r\n                            \r\n                        <\/figure>\r\n                    <\/div>\r\n                            <\/div>\r\n                        <\/div>\r\n\r\n                        <div class = \"td-doubleSlider-2\">\r\n                            <div class = \"td-slider\">\r\n                                \r\n                    <div class = \"td-button td-item1\">\r\n                        <div class = \"td-border\"><\/div>\r\n                    <\/div>\r\n                    <div class = \"td-button td-item2\">\r\n                        <div class = \"td-border\"><\/div>\r\n                    <\/div>\r\n                    <div class = \"td-button td-item3\">\r\n                        <div class = \"td-border\"><\/div>\r\n                    <\/div>\r\n                    <div class = \"td-button td-item4\">\r\n                        <div class = \"td-border\"><\/div>\r\n                    <\/div>\r\n                    <div class = \"td-button td-item5\">\r\n                        <div class = \"td-border\"><\/div>\r\n                    <\/div>\r\n                    <div class = \"td-button td-item6\">\r\n                        <div class = \"td-border\"><\/div>\r\n                    <\/div>\r\n                            <\/div>\r\n                        <\/div>\r\n\r\n                    <\/div>\r\n\r\n                <\/div>\r\n                \n","protected":false},"excerpt":{"rendered":"<p>El 12 de julio, desde las 14:00 horas, Radio Beat se relanza con m\u00e1s fuerza y energ\u00eda que nunca. \u201cRadio Beat es una radio online que ha conquistado corazones y o\u00eddos a trav\u00e9s de su se\u00f1al, difundida en diversas plataformas de redes sociales, como TikTok, Facebook, Twitch e Instagram. Adem\u00e1s, nos enorgullece presentar una programaci\u00f3n [&hellip;]<\/p>\n","protected":false},"author":1,"featured_media":232201,"comment_status":"open","ping_status":"open","sticky":false,"template":"","format":"standard","meta":{"_acf_changed":false,"footnotes":""},"categories":[41],"tags":[],"class_list":["post-232200","post","type-post","status-publish","format-standard","has-post-thumbnail","category-la-guia"],"acf":{"antetitulo":""},"yoast_head":"<!-- This site is optimized with the Yoast SEO plugin v28.3 - https:\/\/yoast.com\/product\/yoast-seo-wordpress\/ -->\n<title>Radio Beat se relanza con m\u00e1s fuerza y energ\u00eda que nunca - El Diario - Bolivia<\/title>\n<meta name=\"robots\" content=\"index, follow, max-snippet:-1, max-image-preview:large, max-video-preview:-1\" \/>\n<link rel=\"canonical\" href=\"https:\/\/www.eldiario.net\/portal\/2024\/07\/06\/radio-beat-se-relanza-con-mas-fuerza-y-energia-que-nunca\/\" \/>\n<meta property=\"og:locale\" content=\"es_ES\" \/>\n<meta property=\"og:type\" content=\"article\" \/>\n<meta property=\"og:title\" content=\"Radio Beat se relanza con m\u00e1s fuerza y energ\u00eda que nunca - El Diario - Bolivia\" \/>\n<meta property=\"og:description\" content=\"El 12 de julio, desde las 14:00 horas, Radio Beat se relanza con m\u00e1s fuerza y energ\u00eda que nunca. \u201cRadio Beat es una radio online que ha conquistado corazones y o\u00eddos a trav\u00e9s de su se\u00f1al, difundida en diversas plataformas de redes sociales, como TikTok, Facebook, Twitch e Instagram. Adem\u00e1s, nos enorgullece presentar una programaci\u00f3n [&hellip;]\" \/>\n<meta property=\"og:url\" content=\"https:\/\/www.eldiario.net\/portal\/2024\/07\/06\/radio-beat-se-relanza-con-mas-fuerza-y-energia-que-nunca\/\" \/>\n<meta property=\"og:site_name\" content=\"El Diario - Bolivia\" \/>\n<meta property=\"article:publisher\" content=\"https:\/\/www.facebook.com\/eldiario.bolivia\/\" \/>\n<meta property=\"article:published_time\" content=\"2024-07-06T11:45:19+00:00\" \/>\n<meta property=\"og:image\" content=\"https:\/\/www.eldiario.net\/portal\/wp-content\/uploads\/2024\/07\/1-PRINCIPAL-2.jpg\" \/>\n\t<meta property=\"og:image:width\" content=\"1080\" \/>\n\t<meta property=\"og:image:height\" content=\"540\" \/>\n\t<meta property=\"og:image:type\" content=\"image\/jpeg\" \/>\n<meta name=\"author\" content=\"Jeanette\" \/>\n<meta name=\"twitter:card\" content=\"summary_large_image\" \/>\n<meta name=\"twitter:creator\" content=\"@eldiario_net\" \/>\n<meta name=\"twitter:site\" content=\"@eldiario_net\" \/>\n<meta name=\"twitter:label1\" content=\"Escrito por\" \/>\n\t<meta name=\"twitter:data1\" content=\"Jeanette\" \/>\n\t<meta name=\"twitter:label2\" content=\"Tiempo de lectura\" \/>\n\t<meta name=\"twitter:data2\" content=\"5 minutos\" \/>\n<script type=\"application\/ld+json\" class=\"yoast-schema-graph\">{\"@context\":\"https:\\\/\\\/schema.org\",\"@graph\":[{\"@type\":\"Article\",\"@id\":\"https:\\\/\\\/www.eldiario.net\\\/portal\\\/2024\\\/07\\\/06\\\/radio-beat-se-relanza-con-mas-fuerza-y-energia-que-nunca\\\/#article\",\"isPartOf\":{\"@id\":\"https:\\\/\\\/www.eldiario.net\\\/portal\\\/2024\\\/07\\\/06\\\/radio-beat-se-relanza-con-mas-fuerza-y-energia-que-nunca\\\/\"},\"author\":{\"name\":\"Jeanette\",\"@id\":\"https:\\\/\\\/www.eldiario.net\\\/portal\\\/#\\\/schema\\\/person\\\/f46445640444750d7d753ccd04ae01b7\"},\"headline\":\"Radio Beat se relanza con m\u00e1s fuerza y energ\u00eda que nunca\",\"datePublished\":\"2024-07-06T11:45:19+00:00\",\"mainEntityOfPage\":{\"@id\":\"https:\\\/\\\/www.eldiario.net\\\/portal\\\/2024\\\/07\\\/06\\\/radio-beat-se-relanza-con-mas-fuerza-y-energia-que-nunca\\\/\"},\"wordCount\":965,\"commentCount\":0,\"publisher\":{\"@id\":\"https:\\\/\\\/www.eldiario.net\\\/portal\\\/#organization\"},\"image\":{\"@id\":\"https:\\\/\\\/www.eldiario.net\\\/portal\\\/2024\\\/07\\\/06\\\/radio-beat-se-relanza-con-mas-fuerza-y-energia-que-nunca\\\/#primaryimage\"},\"thumbnailUrl\":\"https:\\\/\\\/www.eldiario.net\\\/portal\\\/wp-content\\\/uploads\\\/2024\\\/07\\\/1-PRINCIPAL-2.jpg\",\"articleSection\":[\"La Gu\u00eda\"],\"inLanguage\":\"es\",\"potentialAction\":[{\"@type\":\"CommentAction\",\"name\":\"Comment\",\"target\":[\"https:\\\/\\\/www.eldiario.net\\\/portal\\\/2024\\\/07\\\/06\\\/radio-beat-se-relanza-con-mas-fuerza-y-energia-que-nunca\\\/#respond\"]}]},{\"@type\":\"WebPage\",\"@id\":\"https:\\\/\\\/www.eldiario.net\\\/portal\\\/2024\\\/07\\\/06\\\/radio-beat-se-relanza-con-mas-fuerza-y-energia-que-nunca\\\/\",\"url\":\"https:\\\/\\\/www.eldiario.net\\\/portal\\\/2024\\\/07\\\/06\\\/radio-beat-se-relanza-con-mas-fuerza-y-energia-que-nunca\\\/\",\"name\":\"Radio Beat se relanza con m\u00e1s fuerza y energ\u00eda que nunca - El Diario - Bolivia\",\"isPartOf\":{\"@id\":\"https:\\\/\\\/www.eldiario.net\\\/portal\\\/#website\"},\"primaryImageOfPage\":{\"@id\":\"https:\\\/\\\/www.eldiario.net\\\/portal\\\/2024\\\/07\\\/06\\\/radio-beat-se-relanza-con-mas-fuerza-y-energia-que-nunca\\\/#primaryimage\"},\"image\":{\"@id\":\"https:\\\/\\\/www.eldiario.net\\\/portal\\\/2024\\\/07\\\/06\\\/radio-beat-se-relanza-con-mas-fuerza-y-energia-que-nunca\\\/#primaryimage\"},\"thumbnailUrl\":\"https:\\\/\\\/www.eldiario.net\\\/portal\\\/wp-content\\\/uploads\\\/2024\\\/07\\\/1-PRINCIPAL-2.jpg\",\"datePublished\":\"2024-07-06T11:45:19+00:00\",\"breadcrumb\":{\"@id\":\"https:\\\/\\\/www.eldiario.net\\\/portal\\\/2024\\\/07\\\/06\\\/radio-beat-se-relanza-con-mas-fuerza-y-energia-que-nunca\\\/#breadcrumb\"},\"inLanguage\":\"es\",\"potentialAction\":[{\"@type\":\"ReadAction\",\"target\":[\"https:\\\/\\\/www.eldiario.net\\\/portal\\\/2024\\\/07\\\/06\\\/radio-beat-se-relanza-con-mas-fuerza-y-energia-que-nunca\\\/\"]}]},{\"@type\":\"ImageObject\",\"inLanguage\":\"es\",\"@id\":\"https:\\\/\\\/www.eldiario.net\\\/portal\\\/2024\\\/07\\\/06\\\/radio-beat-se-relanza-con-mas-fuerza-y-energia-que-nunca\\\/#primaryimage\",\"url\":\"https:\\\/\\\/www.eldiario.net\\\/portal\\\/wp-content\\\/uploads\\\/2024\\\/07\\\/1-PRINCIPAL-2.jpg\",\"contentUrl\":\"https:\\\/\\\/www.eldiario.net\\\/portal\\\/wp-content\\\/uploads\\\/2024\\\/07\\\/1-PRINCIPAL-2.jpg\",\"width\":1080,\"height\":540},{\"@type\":\"BreadcrumbList\",\"@id\":\"https:\\\/\\\/www.eldiario.net\\\/portal\\\/2024\\\/07\\\/06\\\/radio-beat-se-relanza-con-mas-fuerza-y-energia-que-nunca\\\/#breadcrumb\",\"itemListElement\":[{\"@type\":\"ListItem\",\"position\":1,\"name\":\"Portada\",\"item\":\"https:\\\/\\\/www.eldiario.net\\\/portal\\\/\"},{\"@type\":\"ListItem\",\"position\":2,\"name\":\"Radio Beat se relanza con m\u00e1s fuerza y energ\u00eda que nunca\"}]},{\"@type\":\"WebSite\",\"@id\":\"https:\\\/\\\/www.eldiario.net\\\/portal\\\/#website\",\"url\":\"https:\\\/\\\/www.eldiario.net\\\/portal\\\/\",\"name\":\"El Diario - Decano de la prensa nacional\",\"description\":\"El Diario - Decano de la prensa nacional\",\"publisher\":{\"@id\":\"https:\\\/\\\/www.eldiario.net\\\/portal\\\/#organization\"},\"potentialAction\":[{\"@type\":\"SearchAction\",\"target\":{\"@type\":\"EntryPoint\",\"urlTemplate\":\"https:\\\/\\\/www.eldiario.net\\\/portal\\\/?s={search_term_string}\"},\"query-input\":{\"@type\":\"PropertyValueSpecification\",\"valueRequired\":true,\"valueName\":\"search_term_string\"}}],\"inLanguage\":\"es\"},{\"@type\":\"Organization\",\"@id\":\"https:\\\/\\\/www.eldiario.net\\\/portal\\\/#organization\",\"name\":\"El Diario - Decano de la prensa nacional\",\"url\":\"https:\\\/\\\/www.eldiario.net\\\/portal\\\/\",\"logo\":{\"@type\":\"ImageObject\",\"inLanguage\":\"es\",\"@id\":\"https:\\\/\\\/www.eldiario.net\\\/portal\\\/#\\\/schema\\\/logo\\\/image\\\/\",\"url\":\"https:\\\/\\\/www.eldiario.net\\\/portal\\\/wp-content\\\/uploads\\\/2023\\\/07\\\/logo_ED.jpg\",\"contentUrl\":\"https:\\\/\\\/www.eldiario.net\\\/portal\\\/wp-content\\\/uploads\\\/2023\\\/07\\\/logo_ED.jpg\",\"width\":272,\"height\":52,\"caption\":\"El Diario - Decano de la prensa nacional\"},\"image\":{\"@id\":\"https:\\\/\\\/www.eldiario.net\\\/portal\\\/#\\\/schema\\\/logo\\\/image\\\/\"},\"sameAs\":[\"https:\\\/\\\/www.facebook.com\\\/eldiario.bolivia\\\/\",\"https:\\\/\\\/x.com\\\/eldiario_net\"]},{\"@type\":\"Person\",\"@id\":\"https:\\\/\\\/www.eldiario.net\\\/portal\\\/#\\\/schema\\\/person\\\/f46445640444750d7d753ccd04ae01b7\",\"name\":\"Jeanette\",\"image\":{\"@type\":\"ImageObject\",\"inLanguage\":\"es\",\"@id\":\"https:\\\/\\\/secure.gravatar.com\\\/avatar\\\/3ea2118a5f7dad2b7138b1187a6b7ee55f160b9968b66013c3a3ef39dd7e5798?s=96&d=mm&r=g\",\"url\":\"https:\\\/\\\/secure.gravatar.com\\\/avatar\\\/3ea2118a5f7dad2b7138b1187a6b7ee55f160b9968b66013c3a3ef39dd7e5798?s=96&d=mm&r=g\",\"contentUrl\":\"https:\\\/\\\/secure.gravatar.com\\\/avatar\\\/3ea2118a5f7dad2b7138b1187a6b7ee55f160b9968b66013c3a3ef39dd7e5798?s=96&d=mm&r=g\",\"caption\":\"Jeanette\"},\"sameAs\":[\"https:\\\/\\\/www.eldiario.net\\\/portal\"],\"url\":\"https:\\\/\\\/www.eldiario.net\\\/portal\\\/author\\\/jeanette\\\/\"}]}<\/script>\n<!-- \/ Yoast SEO plugin. -->","yoast_head_json":{"title":"Radio Beat se relanza con m\u00e1s fuerza y energ\u00eda que nunca - El Diario - Bolivia","robots":{"index":"index","follow":"follow","max-snippet":"max-snippet:-1","max-image-preview":"max-image-preview:large","max-video-preview":"max-video-preview:-1"},"canonical":"https:\/\/www.eldiario.net\/portal\/2024\/07\/06\/radio-beat-se-relanza-con-mas-fuerza-y-energia-que-nunca\/","og_locale":"es_ES","og_type":"article","og_title":"Radio Beat se relanza con m\u00e1s fuerza y energ\u00eda que nunca - El Diario - Bolivia","og_description":"El 12 de julio, desde las 14:00 horas, Radio Beat se relanza con m\u00e1s fuerza y energ\u00eda que nunca. \u201cRadio Beat es una radio online que ha conquistado corazones y o\u00eddos a trav\u00e9s de su se\u00f1al, difundida en diversas plataformas de redes sociales, como TikTok, Facebook, Twitch e Instagram. Adem\u00e1s, nos enorgullece presentar una programaci\u00f3n [&hellip;]","og_url":"https:\/\/www.eldiario.net\/portal\/2024\/07\/06\/radio-beat-se-relanza-con-mas-fuerza-y-energia-que-nunca\/","og_site_name":"El Diario - Bolivia","article_publisher":"https:\/\/www.facebook.com\/eldiario.bolivia\/","article_published_time":"2024-07-06T11:45:19+00:00","og_image":[{"width":1080,"height":540,"url":"https:\/\/www.eldiario.net\/portal\/wp-content\/uploads\/2024\/07\/1-PRINCIPAL-2.jpg","type":"image\/jpeg"}],"author":"Jeanette","twitter_card":"summary_large_image","twitter_creator":"@eldiario_net","twitter_site":"@eldiario_net","twitter_misc":{"Escrito por":"Jeanette","Tiempo de lectura":"5 minutos"},"schema":{"@context":"https:\/\/schema.org","@graph":[{"@type":"Article","@id":"https:\/\/www.eldiario.net\/portal\/2024\/07\/06\/radio-beat-se-relanza-con-mas-fuerza-y-energia-que-nunca\/#article","isPartOf":{"@id":"https:\/\/www.eldiario.net\/portal\/2024\/07\/06\/radio-beat-se-relanza-con-mas-fuerza-y-energia-que-nunca\/"},"author":{"name":"Jeanette","@id":"https:\/\/www.eldiario.net\/portal\/#\/schema\/person\/f46445640444750d7d753ccd04ae01b7"},"headline":"Radio Beat se relanza con m\u00e1s fuerza y energ\u00eda que nunca","datePublished":"2024-07-06T11:45:19+00:00","mainEntityOfPage":{"@id":"https:\/\/www.eldiario.net\/portal\/2024\/07\/06\/radio-beat-se-relanza-con-mas-fuerza-y-energia-que-nunca\/"},"wordCount":965,"commentCount":0,"publisher":{"@id":"https:\/\/www.eldiario.net\/portal\/#organization"},"image":{"@id":"https:\/\/www.eldiario.net\/portal\/2024\/07\/06\/radio-beat-se-relanza-con-mas-fuerza-y-energia-que-nunca\/#primaryimage"},"thumbnailUrl":"https:\/\/www.eldiario.net\/portal\/wp-content\/uploads\/2024\/07\/1-PRINCIPAL-2.jpg","articleSection":["La Gu\u00eda"],"inLanguage":"es","potentialAction":[{"@type":"CommentAction","name":"Comment","target":["https:\/\/www.eldiario.net\/portal\/2024\/07\/06\/radio-beat-se-relanza-con-mas-fuerza-y-energia-que-nunca\/#respond"]}]},{"@type":"WebPage","@id":"https:\/\/www.eldiario.net\/portal\/2024\/07\/06\/radio-beat-se-relanza-con-mas-fuerza-y-energia-que-nunca\/","url":"https:\/\/www.eldiario.net\/portal\/2024\/07\/06\/radio-beat-se-relanza-con-mas-fuerza-y-energia-que-nunca\/","name":"Radio Beat se relanza con m\u00e1s fuerza y energ\u00eda que nunca - El Diario - Bolivia","isPartOf":{"@id":"https:\/\/www.eldiario.net\/portal\/#website"},"primaryImageOfPage":{"@id":"https:\/\/www.eldiario.net\/portal\/2024\/07\/06\/radio-beat-se-relanza-con-mas-fuerza-y-energia-que-nunca\/#primaryimage"},"image":{"@id":"https:\/\/www.eldiario.net\/portal\/2024\/07\/06\/radio-beat-se-relanza-con-mas-fuerza-y-energia-que-nunca\/#primaryimage"},"thumbnailUrl":"https:\/\/www.eldiario.net\/portal\/wp-content\/uploads\/2024\/07\/1-PRINCIPAL-2.jpg","datePublished":"2024-07-06T11:45:19+00:00","breadcrumb":{"@id":"https:\/\/www.eldiario.net\/portal\/2024\/07\/06\/radio-beat-se-relanza-con-mas-fuerza-y-energia-que-nunca\/#breadcrumb"},"inLanguage":"es","potentialAction":[{"@type":"ReadAction","target":["https:\/\/www.eldiario.net\/portal\/2024\/07\/06\/radio-beat-se-relanza-con-mas-fuerza-y-energia-que-nunca\/"]}]},{"@type":"ImageObject","inLanguage":"es","@id":"https:\/\/www.eldiario.net\/portal\/2024\/07\/06\/radio-beat-se-relanza-con-mas-fuerza-y-energia-que-nunca\/#primaryimage","url":"https:\/\/www.eldiario.net\/portal\/wp-content\/uploads\/2024\/07\/1-PRINCIPAL-2.jpg","contentUrl":"https:\/\/www.eldiario.net\/portal\/wp-content\/uploads\/2024\/07\/1-PRINCIPAL-2.jpg","width":1080,"height":540},{"@type":"BreadcrumbList","@id":"https:\/\/www.eldiario.net\/portal\/2024\/07\/06\/radio-beat-se-relanza-con-mas-fuerza-y-energia-que-nunca\/#breadcrumb","itemListElement":[{"@type":"ListItem","position":1,"name":"Portada","item":"https:\/\/www.eldiario.net\/portal\/"},{"@type":"ListItem","position":2,"name":"Radio Beat se relanza con m\u00e1s fuerza y energ\u00eda que nunca"}]},{"@type":"WebSite","@id":"https:\/\/www.eldiario.net\/portal\/#website","url":"https:\/\/www.eldiario.net\/portal\/","name":"El Diario - Decano de la prensa nacional","description":"El Diario - Decano de la prensa nacional","publisher":{"@id":"https:\/\/www.eldiario.net\/portal\/#organization"},"potentialAction":[{"@type":"SearchAction","target":{"@type":"EntryPoint","urlTemplate":"https:\/\/www.eldiario.net\/portal\/?s={search_term_string}"},"query-input":{"@type":"PropertyValueSpecification","valueRequired":true,"valueName":"search_term_string"}}],"inLanguage":"es"},{"@type":"Organization","@id":"https:\/\/www.eldiario.net\/portal\/#organization","name":"El Diario - Decano de la prensa nacional","url":"https:\/\/www.eldiario.net\/portal\/","logo":{"@type":"ImageObject","inLanguage":"es","@id":"https:\/\/www.eldiario.net\/portal\/#\/schema\/logo\/image\/","url":"https:\/\/www.eldiario.net\/portal\/wp-content\/uploads\/2023\/07\/logo_ED.jpg","contentUrl":"https:\/\/www.eldiario.net\/portal\/wp-content\/uploads\/2023\/07\/logo_ED.jpg","width":272,"height":52,"caption":"El Diario - Decano de la prensa nacional"},"image":{"@id":"https:\/\/www.eldiario.net\/portal\/#\/schema\/logo\/image\/"},"sameAs":["https:\/\/www.facebook.com\/eldiario.bolivia\/","https:\/\/x.com\/eldiario_net"]},{"@type":"Person","@id":"https:\/\/www.eldiario.net\/portal\/#\/schema\/person\/f46445640444750d7d753ccd04ae01b7","name":"Jeanette","image":{"@type":"ImageObject","inLanguage":"es","@id":"https:\/\/secure.gravatar.com\/avatar\/3ea2118a5f7dad2b7138b1187a6b7ee55f160b9968b66013c3a3ef39dd7e5798?s=96&d=mm&r=g","url":"https:\/\/secure.gravatar.com\/avatar\/3ea2118a5f7dad2b7138b1187a6b7ee55f160b9968b66013c3a3ef39dd7e5798?s=96&d=mm&r=g","contentUrl":"https:\/\/secure.gravatar.com\/avatar\/3ea2118a5f7dad2b7138b1187a6b7ee55f160b9968b66013c3a3ef39dd7e5798?s=96&d=mm&r=g","caption":"Jeanette"},"sameAs":["https:\/\/www.eldiario.net\/portal"],"url":"https:\/\/www.eldiario.net\/portal\/author\/jeanette\/"}]}},"_links":{"self":[{"href":"https:\/\/www.eldiario.net\/portal\/wp-json\/wp\/v2\/posts\/232200","targetHints":{"allow":["GET"]}}],"collection":[{"href":"https:\/\/www.eldiario.net\/portal\/wp-json\/wp\/v2\/posts"}],"about":[{"href":"https:\/\/www.eldiario.net\/portal\/wp-json\/wp\/v2\/types\/post"}],"author":[{"embeddable":true,"href":"https:\/\/www.eldiario.net\/portal\/wp-json\/wp\/v2\/users\/1"}],"replies":[{"embeddable":true,"href":"https:\/\/www.eldiario.net\/portal\/wp-json\/wp\/v2\/comments?post=232200"}],"version-history":[{"count":1,"href":"https:\/\/www.eldiario.net\/portal\/wp-json\/wp\/v2\/posts\/232200\/revisions"}],"predecessor-version":[{"id":232207,"href":"https:\/\/www.eldiario.net\/portal\/wp-json\/wp\/v2\/posts\/232200\/revisions\/232207"}],"wp:featuredmedia":[{"embeddable":true,"href":"https:\/\/www.eldiario.net\/portal\/wp-json\/wp\/v2\/media\/232201"}],"wp:attachment":[{"href":"https:\/\/www.eldiario.net\/portal\/wp-json\/wp\/v2\/media?parent=232200"}],"wp:term":[{"taxonomy":"category","embeddable":true,"href":"https:\/\/www.eldiario.net\/portal\/wp-json\/wp\/v2\/categories?post=232200"},{"taxonomy":"post_tag","embeddable":true,"href":"https:\/\/www.eldiario.net\/portal\/wp-json\/wp\/v2\/tags?post=232200"}],"curies":[{"name":"wp","href":"https:\/\/api.w.org\/{rel}","templated":true}]}}