{"id":232191,"date":"2024-07-06T07:35:27","date_gmt":"2024-07-06T11:35:27","guid":{"rendered":"https:\/\/www.eldiario.net\/portal\/?p=232191"},"modified":"2024-07-06T08:28:23","modified_gmt":"2024-07-06T12:28:23","slug":"grande-canada","status":"publish","type":"post","link":"https:\/\/www.eldiario.net\/portal\/2024\/07\/06\/grande-canada\/","title":{"rendered":"\u00a1Grande Canad\u00e1!"},"content":{"rendered":"<p>Canad\u00e1 y Venezuela protagonizaron anoche una intensa batalla que se defini\u00f3 por la tanda de penales, que al benefici\u00f3 a los norteamericanos que ahora deben jugar contra Argentina para acariciar el t\u00edtulo dela Copa Am\u00e9rica 2024.<br \/>\nJacob Shaffelburg abri\u00f3 el marcador a los 12 minutos para Canad\u00e1, pero Salom\u00f3n rond\u00f3n aprovech\u00f3 un error canadiense para marcar un golazo al minuto 64. El empate 1- 1 aument\u00f3 la tensi\u00f3n.<br \/>\nEn el tiempo adicional, Canad\u00e1 arranc\u00f3 con m\u00e1s \u00edmpetu que Venezuela en ofensiva, con una media cancha comandada por Jonathan David que se convirti\u00f3 en el distribuidor de balones a Cyle Larin y Jacob Shaffelburg, quienes desde los primeros instantes incomodaron a la meta de Rafael Romo.<br \/>\nAl minuto 12 se desat\u00f3 la fiesta canadiense en Arlington con una descolgada por parte de Davis, quien se llev\u00f3 a la marca venezolana y en el \u00e1rea sirvi\u00f3 a Shaffelburg, que lleg\u00f3 puntual a la cita con el bal\u00f3n, para mandarlo al fondo de las piolas<br \/>\nEl tanto no s\u00f3lo meti\u00f3 m\u00e1s presi\u00f3n a Venezuela en su zina defensiva, tambi\u00e9n llev\u00f3 a Canad\u00e1 a no renunciar al ataque, en busca del segundo tanto, con el cual coquete\u00f3 durante los minutos de la primera mitad.En la parte complementaria Venezuela busc\u00f3 con insistencia el tanto del empate, pero al momento de abordar a los canadienses, la zaga de la Vinotinto dej\u00f3 varios espacios atr\u00e1s, en un juego de ida y vuelta.<br \/>\nAl minuto 64 una jugada a velocidad la culmin\u00f3 Salom\u00f3n rond\u00f3n, quien aprovech\u00f3 la mala salida de Maxime Crepeau, para puntearle el bal\u00f3n y empatar el juego.<br \/>\nCon el empate, el juego se abri\u00f3 para favorecer al espect\u00e1culo en el Cowboy Stadium, en un juego de toma y daca que se traslad\u00f3 a las \u00e1reas, con los canadienses asfixiando a los venezolanos, pero padeciendo en la definici\u00f3n.<br \/>\nCon el juego empatado tras 94 minutos de tiempo corrido, el rival de Argentina se defini\u00f3 en los penales, los cuales extendieron el drama y la batalla entre la Vinotinto y la Hoja de Maple<br \/>\nPor Venezuela marcaron Salom\u00f3n Rond\u00f3n, Tom\u00e1s Rinc\u00f3n, Jhonder C\u00e1diz. Yangel Herrera, Jefferson Savarino y Wilker \u00c1ngel fallaron su oportunidad<br \/>\nPor Canad\u00e1 anotaron Jonathan Davis, Moise Bombito, Alphonso Davis y Ismael Kon\u00e9. Liam Millar, Stephen Eustaquio erraron sus tiros.<\/p>\n<p><em><strong>AGENCIAS<\/strong><\/em><\/p>\n","protected":false},"excerpt":{"rendered":"<p>Canad\u00e1 y Venezuela protagonizaron anoche una intensa batalla que se defini\u00f3 por la tanda de penales, que al benefici\u00f3 a los norteamericanos que ahora deben jugar contra Argentina para acariciar el t\u00edtulo dela Copa Am\u00e9rica 2024. Jacob Shaffelburg abri\u00f3 el marcador a los 12 minutos para Canad\u00e1, pero Salom\u00f3n rond\u00f3n aprovech\u00f3 un error canadiense para [&hellip;]<\/p>\n","protected":false},"author":1,"featured_media":232192,"comment_status":"open","ping_status":"open","sticky":false,"template":"","format":"standard","meta":{"_acf_changed":false,"footnotes":""},"categories":[6],"tags":[],"class_list":["post-232191","post","type-post","status-publish","format-standard","has-post-thumbnail","category-deportes"],"acf":{"antetitulo":""},"yoast_head":"<!-- This site is optimized with the Yoast SEO plugin v28.3 - https:\/\/yoast.com\/product\/yoast-seo-wordpress\/ -->\n<title>\u00a1Grande Canad\u00e1! - El Diario - Bolivia<\/title>\n<meta name=\"robots\" content=\"index, follow, max-snippet:-1, max-image-preview:large, max-video-preview:-1\" \/>\n<link rel=\"canonical\" href=\"https:\/\/www.eldiario.net\/portal\/2024\/07\/06\/grande-canada\/\" \/>\n<meta property=\"og:locale\" content=\"es_ES\" \/>\n<meta property=\"og:type\" content=\"article\" \/>\n<meta property=\"og:title\" content=\"\u00a1Grande Canad\u00e1! - El Diario - Bolivia\" \/>\n<meta property=\"og:description\" content=\"Canad\u00e1 y Venezuela protagonizaron anoche una intensa batalla que se defini\u00f3 por la tanda de penales, que al benefici\u00f3 a los norteamericanos que ahora deben jugar contra Argentina para acariciar el t\u00edtulo dela Copa Am\u00e9rica 2024. Jacob Shaffelburg abri\u00f3 el marcador a los 12 minutos para Canad\u00e1, pero Salom\u00f3n rond\u00f3n aprovech\u00f3 un error canadiense para [&hellip;]\" \/>\n<meta property=\"og:url\" content=\"https:\/\/www.eldiario.net\/portal\/2024\/07\/06\/grande-canada\/\" \/>\n<meta property=\"og:site_name\" content=\"El Diario - Bolivia\" \/>\n<meta property=\"article:publisher\" content=\"https:\/\/www.facebook.com\/eldiario.bolivia\/\" \/>\n<meta property=\"article:published_time\" content=\"2024-07-06T11:35:27+00:00\" \/>\n<meta property=\"article:modified_time\" content=\"2024-07-06T12:28:23+00:00\" \/>\n<meta property=\"og:image\" content=\"https:\/\/www.eldiario.net\/portal\/wp-content\/uploads\/2024\/07\/CANADA-05.jpg\" \/>\n\t<meta property=\"og:image:width\" content=\"740\" \/>\n\t<meta property=\"og:image:height\" content=\"430\" \/>\n\t<meta property=\"og:image:type\" content=\"image\/jpeg\" \/>\n<meta name=\"author\" content=\"Jeanette\" \/>\n<meta name=\"twitter:card\" content=\"summary_large_image\" \/>\n<meta name=\"twitter:creator\" content=\"@eldiario_net\" \/>\n<meta name=\"twitter:site\" content=\"@eldiario_net\" \/>\n<meta name=\"twitter:label1\" content=\"Escrito por\" \/>\n\t<meta name=\"twitter:data1\" content=\"Jeanette\" \/>\n\t<meta name=\"twitter:label2\" content=\"Tiempo de lectura\" \/>\n\t<meta name=\"twitter:data2\" content=\"2 minutos\" \/>\n<script type=\"application\/ld+json\" class=\"yoast-schema-graph\">{\"@context\":\"https:\\\/\\\/schema.org\",\"@graph\":[{\"@type\":\"Article\",\"@id\":\"https:\\\/\\\/www.eldiario.net\\\/portal\\\/2024\\\/07\\\/06\\\/grande-canada\\\/#article\",\"isPartOf\":{\"@id\":\"https:\\\/\\\/www.eldiario.net\\\/portal\\\/2024\\\/07\\\/06\\\/grande-canada\\\/\"},\"author\":{\"name\":\"Jeanette\",\"@id\":\"https:\\\/\\\/www.eldiario.net\\\/portal\\\/#\\\/schema\\\/person\\\/f46445640444750d7d753ccd04ae01b7\"},\"headline\":\"\u00a1Grande Canad\u00e1!\",\"datePublished\":\"2024-07-06T11:35:27+00:00\",\"dateModified\":\"2024-07-06T12:28:23+00:00\",\"mainEntityOfPage\":{\"@id\":\"https:\\\/\\\/www.eldiario.net\\\/portal\\\/2024\\\/07\\\/06\\\/grande-canada\\\/\"},\"wordCount\":394,\"commentCount\":0,\"publisher\":{\"@id\":\"https:\\\/\\\/www.eldiario.net\\\/portal\\\/#organization\"},\"image\":{\"@id\":\"https:\\\/\\\/www.eldiario.net\\\/portal\\\/2024\\\/07\\\/06\\\/grande-canada\\\/#primaryimage\"},\"thumbnailUrl\":\"https:\\\/\\\/www.eldiario.net\\\/portal\\\/wp-content\\\/uploads\\\/2024\\\/07\\\/CANADA-05.jpg\",\"articleSection\":[\"Deportes\"],\"inLanguage\":\"es\",\"potentialAction\":[{\"@type\":\"CommentAction\",\"name\":\"Comment\",\"target\":[\"https:\\\/\\\/www.eldiario.net\\\/portal\\\/2024\\\/07\\\/06\\\/grande-canada\\\/#respond\"]}]},{\"@type\":\"WebPage\",\"@id\":\"https:\\\/\\\/www.eldiario.net\\\/portal\\\/2024\\\/07\\\/06\\\/grande-canada\\\/\",\"url\":\"https:\\\/\\\/www.eldiario.net\\\/portal\\\/2024\\\/07\\\/06\\\/grande-canada\\\/\",\"name\":\"\u00a1Grande Canad\u00e1! - El Diario - Bolivia\",\"isPartOf\":{\"@id\":\"https:\\\/\\\/www.eldiario.net\\\/portal\\\/#website\"},\"primaryImageOfPage\":{\"@id\":\"https:\\\/\\\/www.eldiario.net\\\/portal\\\/2024\\\/07\\\/06\\\/grande-canada\\\/#primaryimage\"},\"image\":{\"@id\":\"https:\\\/\\\/www.eldiario.net\\\/portal\\\/2024\\\/07\\\/06\\\/grande-canada\\\/#primaryimage\"},\"thumbnailUrl\":\"https:\\\/\\\/www.eldiario.net\\\/portal\\\/wp-content\\\/uploads\\\/2024\\\/07\\\/CANADA-05.jpg\",\"datePublished\":\"2024-07-06T11:35:27+00:00\",\"dateModified\":\"2024-07-06T12:28:23+00:00\",\"breadcrumb\":{\"@id\":\"https:\\\/\\\/www.eldiario.net\\\/portal\\\/2024\\\/07\\\/06\\\/grande-canada\\\/#breadcrumb\"},\"inLanguage\":\"es\",\"potentialAction\":[{\"@type\":\"ReadAction\",\"target\":[\"https:\\\/\\\/www.eldiario.net\\\/portal\\\/2024\\\/07\\\/06\\\/grande-canada\\\/\"]}]},{\"@type\":\"ImageObject\",\"inLanguage\":\"es\",\"@id\":\"https:\\\/\\\/www.eldiario.net\\\/portal\\\/2024\\\/07\\\/06\\\/grande-canada\\\/#primaryimage\",\"url\":\"https:\\\/\\\/www.eldiario.net\\\/portal\\\/wp-content\\\/uploads\\\/2024\\\/07\\\/CANADA-05.jpg\",\"contentUrl\":\"https:\\\/\\\/www.eldiario.net\\\/portal\\\/wp-content\\\/uploads\\\/2024\\\/07\\\/CANADA-05.jpg\",\"width\":740,\"height\":430},{\"@type\":\"BreadcrumbList\",\"@id\":\"https:\\\/\\\/www.eldiario.net\\\/portal\\\/2024\\\/07\\\/06\\\/grande-canada\\\/#breadcrumb\",\"itemListElement\":[{\"@type\":\"ListItem\",\"position\":1,\"name\":\"Portada\",\"item\":\"https:\\\/\\\/www.eldiario.net\\\/portal\\\/\"},{\"@type\":\"ListItem\",\"position\":2,\"name\":\"\u00a1Grande Canad\u00e1!\"}]},{\"@type\":\"WebSite\",\"@id\":\"https:\\\/\\\/www.eldiario.net\\\/portal\\\/#website\",\"url\":\"https:\\\/\\\/www.eldiario.net\\\/portal\\\/\",\"name\":\"El Diario - Decano de la prensa nacional\",\"description\":\"El Diario - Decano de la prensa nacional\",\"publisher\":{\"@id\":\"https:\\\/\\\/www.eldiario.net\\\/portal\\\/#organization\"},\"potentialAction\":[{\"@type\":\"SearchAction\",\"target\":{\"@type\":\"EntryPoint\",\"urlTemplate\":\"https:\\\/\\\/www.eldiario.net\\\/portal\\\/?s={search_term_string}\"},\"query-input\":{\"@type\":\"PropertyValueSpecification\",\"valueRequired\":true,\"valueName\":\"search_term_string\"}}],\"inLanguage\":\"es\"},{\"@type\":\"Organization\",\"@id\":\"https:\\\/\\\/www.eldiario.net\\\/portal\\\/#organization\",\"name\":\"El Diario - Decano de la prensa nacional\",\"url\":\"https:\\\/\\\/www.eldiario.net\\\/portal\\\/\",\"logo\":{\"@type\":\"ImageObject\",\"inLanguage\":\"es\",\"@id\":\"https:\\\/\\\/www.eldiario.net\\\/portal\\\/#\\\/schema\\\/logo\\\/image\\\/\",\"url\":\"https:\\\/\\\/www.eldiario.net\\\/portal\\\/wp-content\\\/uploads\\\/2023\\\/07\\\/logo_ED.jpg\",\"contentUrl\":\"https:\\\/\\\/www.eldiario.net\\\/portal\\\/wp-content\\\/uploads\\\/2023\\\/07\\\/logo_ED.jpg\",\"width\":272,\"height\":52,\"caption\":\"El Diario - Decano de la prensa nacional\"},\"image\":{\"@id\":\"https:\\\/\\\/www.eldiario.net\\\/portal\\\/#\\\/schema\\\/logo\\\/image\\\/\"},\"sameAs\":[\"https:\\\/\\\/www.facebook.com\\\/eldiario.bolivia\\\/\",\"https:\\\/\\\/x.com\\\/eldiario_net\"]},{\"@type\":\"Person\",\"@id\":\"https:\\\/\\\/www.eldiario.net\\\/portal\\\/#\\\/schema\\\/person\\\/f46445640444750d7d753ccd04ae01b7\",\"name\":\"Jeanette\",\"image\":{\"@type\":\"ImageObject\",\"inLanguage\":\"es\",\"@id\":\"https:\\\/\\\/secure.gravatar.com\\\/avatar\\\/3ea2118a5f7dad2b7138b1187a6b7ee55f160b9968b66013c3a3ef39dd7e5798?s=96&d=mm&r=g\",\"url\":\"https:\\\/\\\/secure.gravatar.com\\\/avatar\\\/3ea2118a5f7dad2b7138b1187a6b7ee55f160b9968b66013c3a3ef39dd7e5798?s=96&d=mm&r=g\",\"contentUrl\":\"https:\\\/\\\/secure.gravatar.com\\\/avatar\\\/3ea2118a5f7dad2b7138b1187a6b7ee55f160b9968b66013c3a3ef39dd7e5798?s=96&d=mm&r=g\",\"caption\":\"Jeanette\"},\"sameAs\":[\"https:\\\/\\\/www.eldiario.net\\\/portal\"],\"url\":\"https:\\\/\\\/www.eldiario.net\\\/portal\\\/author\\\/jeanette\\\/\"}]}<\/script>\n<!-- \/ Yoast SEO plugin. -->","yoast_head_json":{"title":"\u00a1Grande Canad\u00e1! - El Diario - Bolivia","robots":{"index":"index","follow":"follow","max-snippet":"max-snippet:-1","max-image-preview":"max-image-preview:large","max-video-preview":"max-video-preview:-1"},"canonical":"https:\/\/www.eldiario.net\/portal\/2024\/07\/06\/grande-canada\/","og_locale":"es_ES","og_type":"article","og_title":"\u00a1Grande Canad\u00e1! - El Diario - Bolivia","og_description":"Canad\u00e1 y Venezuela protagonizaron anoche una intensa batalla que se defini\u00f3 por la tanda de penales, que al benefici\u00f3 a los norteamericanos que ahora deben jugar contra Argentina para acariciar el t\u00edtulo dela Copa Am\u00e9rica 2024. Jacob Shaffelburg abri\u00f3 el marcador a los 12 minutos para Canad\u00e1, pero Salom\u00f3n rond\u00f3n aprovech\u00f3 un error canadiense para [&hellip;]","og_url":"https:\/\/www.eldiario.net\/portal\/2024\/07\/06\/grande-canada\/","og_site_name":"El Diario - Bolivia","article_publisher":"https:\/\/www.facebook.com\/eldiario.bolivia\/","article_published_time":"2024-07-06T11:35:27+00:00","article_modified_time":"2024-07-06T12:28:23+00:00","og_image":[{"width":740,"height":430,"url":"https:\/\/www.eldiario.net\/portal\/wp-content\/uploads\/2024\/07\/CANADA-05.jpg","type":"image\/jpeg"}],"author":"Jeanette","twitter_card":"summary_large_image","twitter_creator":"@eldiario_net","twitter_site":"@eldiario_net","twitter_misc":{"Escrito por":"Jeanette","Tiempo de lectura":"2 minutos"},"schema":{"@context":"https:\/\/schema.org","@graph":[{"@type":"Article","@id":"https:\/\/www.eldiario.net\/portal\/2024\/07\/06\/grande-canada\/#article","isPartOf":{"@id":"https:\/\/www.eldiario.net\/portal\/2024\/07\/06\/grande-canada\/"},"author":{"name":"Jeanette","@id":"https:\/\/www.eldiario.net\/portal\/#\/schema\/person\/f46445640444750d7d753ccd04ae01b7"},"headline":"\u00a1Grande Canad\u00e1!","datePublished":"2024-07-06T11:35:27+00:00","dateModified":"2024-07-06T12:28:23+00:00","mainEntityOfPage":{"@id":"https:\/\/www.eldiario.net\/portal\/2024\/07\/06\/grande-canada\/"},"wordCount":394,"commentCount":0,"publisher":{"@id":"https:\/\/www.eldiario.net\/portal\/#organization"},"image":{"@id":"https:\/\/www.eldiario.net\/portal\/2024\/07\/06\/grande-canada\/#primaryimage"},"thumbnailUrl":"https:\/\/www.eldiario.net\/portal\/wp-content\/uploads\/2024\/07\/CANADA-05.jpg","articleSection":["Deportes"],"inLanguage":"es","potentialAction":[{"@type":"CommentAction","name":"Comment","target":["https:\/\/www.eldiario.net\/portal\/2024\/07\/06\/grande-canada\/#respond"]}]},{"@type":"WebPage","@id":"https:\/\/www.eldiario.net\/portal\/2024\/07\/06\/grande-canada\/","url":"https:\/\/www.eldiario.net\/portal\/2024\/07\/06\/grande-canada\/","name":"\u00a1Grande Canad\u00e1! - El Diario - Bolivia","isPartOf":{"@id":"https:\/\/www.eldiario.net\/portal\/#website"},"primaryImageOfPage":{"@id":"https:\/\/www.eldiario.net\/portal\/2024\/07\/06\/grande-canada\/#primaryimage"},"image":{"@id":"https:\/\/www.eldiario.net\/portal\/2024\/07\/06\/grande-canada\/#primaryimage"},"thumbnailUrl":"https:\/\/www.eldiario.net\/portal\/wp-content\/uploads\/2024\/07\/CANADA-05.jpg","datePublished":"2024-07-06T11:35:27+00:00","dateModified":"2024-07-06T12:28:23+00:00","breadcrumb":{"@id":"https:\/\/www.eldiario.net\/portal\/2024\/07\/06\/grande-canada\/#breadcrumb"},"inLanguage":"es","potentialAction":[{"@type":"ReadAction","target":["https:\/\/www.eldiario.net\/portal\/2024\/07\/06\/grande-canada\/"]}]},{"@type":"ImageObject","inLanguage":"es","@id":"https:\/\/www.eldiario.net\/portal\/2024\/07\/06\/grande-canada\/#primaryimage","url":"https:\/\/www.eldiario.net\/portal\/wp-content\/uploads\/2024\/07\/CANADA-05.jpg","contentUrl":"https:\/\/www.eldiario.net\/portal\/wp-content\/uploads\/2024\/07\/CANADA-05.jpg","width":740,"height":430},{"@type":"BreadcrumbList","@id":"https:\/\/www.eldiario.net\/portal\/2024\/07\/06\/grande-canada\/#breadcrumb","itemListElement":[{"@type":"ListItem","position":1,"name":"Portada","item":"https:\/\/www.eldiario.net\/portal\/"},{"@type":"ListItem","position":2,"name":"\u00a1Grande Canad\u00e1!"}]},{"@type":"WebSite","@id":"https:\/\/www.eldiario.net\/portal\/#website","url":"https:\/\/www.eldiario.net\/portal\/","name":"El Diario - Decano de la prensa nacional","description":"El Diario - Decano de la prensa nacional","publisher":{"@id":"https:\/\/www.eldiario.net\/portal\/#organization"},"potentialAction":[{"@type":"SearchAction","target":{"@type":"EntryPoint","urlTemplate":"https:\/\/www.eldiario.net\/portal\/?s={search_term_string}"},"query-input":{"@type":"PropertyValueSpecification","valueRequired":true,"valueName":"search_term_string"}}],"inLanguage":"es"},{"@type":"Organization","@id":"https:\/\/www.eldiario.net\/portal\/#organization","name":"El Diario - Decano de la prensa nacional","url":"https:\/\/www.eldiario.net\/portal\/","logo":{"@type":"ImageObject","inLanguage":"es","@id":"https:\/\/www.eldiario.net\/portal\/#\/schema\/logo\/image\/","url":"https:\/\/www.eldiario.net\/portal\/wp-content\/uploads\/2023\/07\/logo_ED.jpg","contentUrl":"https:\/\/www.eldiario.net\/portal\/wp-content\/uploads\/2023\/07\/logo_ED.jpg","width":272,"height":52,"caption":"El Diario - Decano de la prensa nacional"},"image":{"@id":"https:\/\/www.eldiario.net\/portal\/#\/schema\/logo\/image\/"},"sameAs":["https:\/\/www.facebook.com\/eldiario.bolivia\/","https:\/\/x.com\/eldiario_net"]},{"@type":"Person","@id":"https:\/\/www.eldiario.net\/portal\/#\/schema\/person\/f46445640444750d7d753ccd04ae01b7","name":"Jeanette","image":{"@type":"ImageObject","inLanguage":"es","@id":"https:\/\/secure.gravatar.com\/avatar\/3ea2118a5f7dad2b7138b1187a6b7ee55f160b9968b66013c3a3ef39dd7e5798?s=96&d=mm&r=g","url":"https:\/\/secure.gravatar.com\/avatar\/3ea2118a5f7dad2b7138b1187a6b7ee55f160b9968b66013c3a3ef39dd7e5798?s=96&d=mm&r=g","contentUrl":"https:\/\/secure.gravatar.com\/avatar\/3ea2118a5f7dad2b7138b1187a6b7ee55f160b9968b66013c3a3ef39dd7e5798?s=96&d=mm&r=g","caption":"Jeanette"},"sameAs":["https:\/\/www.eldiario.net\/portal"],"url":"https:\/\/www.eldiario.net\/portal\/author\/jeanette\/"}]}},"_links":{"self":[{"href":"https:\/\/www.eldiario.net\/portal\/wp-json\/wp\/v2\/posts\/232191","targetHints":{"allow":["GET"]}}],"collection":[{"href":"https:\/\/www.eldiario.net\/portal\/wp-json\/wp\/v2\/posts"}],"about":[{"href":"https:\/\/www.eldiario.net\/portal\/wp-json\/wp\/v2\/types\/post"}],"author":[{"embeddable":true,"href":"https:\/\/www.eldiario.net\/portal\/wp-json\/wp\/v2\/users\/1"}],"replies":[{"embeddable":true,"href":"https:\/\/www.eldiario.net\/portal\/wp-json\/wp\/v2\/comments?post=232191"}],"version-history":[{"count":1,"href":"https:\/\/www.eldiario.net\/portal\/wp-json\/wp\/v2\/posts\/232191\/revisions"}],"predecessor-version":[{"id":232193,"href":"https:\/\/www.eldiario.net\/portal\/wp-json\/wp\/v2\/posts\/232191\/revisions\/232193"}],"wp:featuredmedia":[{"embeddable":true,"href":"https:\/\/www.eldiario.net\/portal\/wp-json\/wp\/v2\/media\/232192"}],"wp:attachment":[{"href":"https:\/\/www.eldiario.net\/portal\/wp-json\/wp\/v2\/media?parent=232191"}],"wp:term":[{"taxonomy":"category","embeddable":true,"href":"https:\/\/www.eldiario.net\/portal\/wp-json\/wp\/v2\/categories?post=232191"},{"taxonomy":"post_tag","embeddable":true,"href":"https:\/\/www.eldiario.net\/portal\/wp-json\/wp\/v2\/tags?post=232191"}],"curies":[{"name":"wp","href":"https:\/\/api.w.org\/{rel}","templated":true}]}}