{"id":232168,"date":"2024-07-06T07:28:02","date_gmt":"2024-07-06T11:28:02","guid":{"rendered":"https:\/\/www.eldiario.net\/portal\/?p=232168"},"modified":"2024-07-06T07:28:02","modified_gmt":"2024-07-06T11:28:02","slug":"las-otras-marcas-de-las-selecciones-conmebol","status":"publish","type":"post","link":"https:\/\/www.eldiario.net\/portal\/2024\/07\/06\/las-otras-marcas-de-las-selecciones-conmebol\/","title":{"rendered":"LAS OTRAS MARCAS DE LAS SELECCIONES CONMEBOL"},"content":{"rendered":"<p>Brasil puede aumentar su r\u00e9cord de m\u00e1s penales ganados: ya ha ganado cinco penales.<br \/>\nUruguay puede romper el empate con Argentina y convertirse en el \u00fanico poseedor del r\u00e9cord de m\u00e1s t\u00edtulos de Copa Am\u00e9rica (actualmente 15, con posibilidades de llegar a 16).<br \/>\nUruguay puede aumentar su r\u00e9cord de trofeos por el tercer lugar (actualmente nueve, podr\u00edan ser diez); sin embargo, el r\u00e9cord de Uruguay tambi\u00e9n podr\u00eda ser igualado por el de Per\u00fa, que termin\u00f3 tercero ocho veces.<br \/>\nUruguay ya aument\u00f3 su r\u00e9cord de m\u00e1s apariciones en torneos de la Copa Am\u00e9rica (esta es la 46\u00aa vez en la competici\u00f3n) y tambi\u00e9n aumentar\u00e1 su r\u00e9cord de m\u00e1s partidos jugados en la Copa Am\u00e9rica: el pa\u00eds ya jug\u00f3 206 partidos y jugar\u00e1 al menos tres partidos m\u00e1s en 2024, con posibilidad de jugar a\u00fan m\u00e1s partidos, si el equipo se clasifica para los octavos de final.<br \/>\nUruguay puede aumentar su r\u00e9cord de m\u00e1s penales jugados y perdidos: ha perdido seis de diez penales.<br \/>\nDesde el a\u00f1o inaugural en 1916, cuando gan\u00f3 Uruguay, Canad\u00e1 podr\u00eda convertirse en el primer pa\u00eds en ganar la Copa Am\u00e9rica en su a\u00f1o de debut.<br \/>\nChile es el pa\u00eds con mayor n\u00famero de partidos perdidos en la Copa Am\u00e9rica: son 88 derrotas desde el inicio del torneo.<br \/>\nParaguay puede aumentar su r\u00e9cord de m\u00e1s partidos terminados en empate, que actualmente es de 43, con Argentina en segundo lugar con 41 empates.<br \/>\nEcuador ostenta el r\u00e9cord de m\u00e1s goles en contra, 327. Chile, segundo en la lista, encaj\u00f3 11 menos.<br \/>\nEstados Unidos podr\u00eda convertirse en el primer anfitri\u00f3n no sudamericano en ganar la Copa Am\u00e9rica.<br \/>\nEn su tercera participaci\u00f3n en el torneo Copa Am\u00e9rica, Jamaica podr\u00eda marcar su primer gol, haza\u00f1a que no ha logrado hasta el momento.<\/p>\n<p><em><strong>BOLAVIP- ARGENTINA <\/strong><\/em><\/p>\n","protected":false},"excerpt":{"rendered":"<p>Brasil puede aumentar su r\u00e9cord de m\u00e1s penales ganados: ya ha ganado cinco penales. Uruguay puede romper el empate con Argentina y convertirse en el \u00fanico poseedor del r\u00e9cord de m\u00e1s t\u00edtulos de Copa Am\u00e9rica (actualmente 15, con posibilidades de llegar a 16). Uruguay puede aumentar su r\u00e9cord de trofeos por el tercer lugar (actualmente [&hellip;]<\/p>\n","protected":false},"author":1,"featured_media":232169,"comment_status":"open","ping_status":"open","sticky":false,"template":"","format":"standard","meta":{"_acf_changed":false,"footnotes":""},"categories":[6],"tags":[],"class_list":["post-232168","post","type-post","status-publish","format-standard","has-post-thumbnail","category-deportes"],"acf":{"antetitulo":""},"yoast_head":"<!-- This site is optimized with the Yoast SEO plugin v28.3 - https:\/\/yoast.com\/product\/yoast-seo-wordpress\/ -->\n<title>LAS OTRAS MARCAS DE LAS SELECCIONES CONMEBOL - El Diario - Bolivia<\/title>\n<meta name=\"robots\" content=\"index, follow, max-snippet:-1, max-image-preview:large, max-video-preview:-1\" \/>\n<link rel=\"canonical\" href=\"https:\/\/www.eldiario.net\/portal\/2024\/07\/06\/las-otras-marcas-de-las-selecciones-conmebol\/\" \/>\n<meta property=\"og:locale\" content=\"es_ES\" \/>\n<meta property=\"og:type\" content=\"article\" \/>\n<meta property=\"og:title\" content=\"LAS OTRAS MARCAS DE LAS SELECCIONES CONMEBOL - El Diario - Bolivia\" \/>\n<meta property=\"og:description\" content=\"Brasil puede aumentar su r\u00e9cord de m\u00e1s penales ganados: ya ha ganado cinco penales. Uruguay puede romper el empate con Argentina y convertirse en el \u00fanico poseedor del r\u00e9cord de m\u00e1s t\u00edtulos de Copa Am\u00e9rica (actualmente 15, con posibilidades de llegar a 16). Uruguay puede aumentar su r\u00e9cord de trofeos por el tercer lugar (actualmente [&hellip;]\" \/>\n<meta property=\"og:url\" content=\"https:\/\/www.eldiario.net\/portal\/2024\/07\/06\/las-otras-marcas-de-las-selecciones-conmebol\/\" \/>\n<meta property=\"og:site_name\" content=\"El Diario - Bolivia\" \/>\n<meta property=\"article:publisher\" content=\"https:\/\/www.facebook.com\/eldiario.bolivia\/\" \/>\n<meta property=\"article:published_time\" content=\"2024-07-06T11:28:02+00:00\" \/>\n<meta property=\"og:image\" content=\"https:\/\/www.eldiario.net\/portal\/wp-content\/uploads\/2024\/07\/FOTO-23.jpg\" \/>\n\t<meta property=\"og:image:width\" content=\"697\" \/>\n\t<meta property=\"og:image:height\" content=\"371\" \/>\n\t<meta property=\"og:image:type\" content=\"image\/jpeg\" \/>\n<meta name=\"author\" content=\"Jeanette\" \/>\n<meta name=\"twitter:card\" content=\"summary_large_image\" \/>\n<meta name=\"twitter:creator\" content=\"@eldiario_net\" \/>\n<meta name=\"twitter:site\" content=\"@eldiario_net\" \/>\n<meta name=\"twitter:label1\" content=\"Escrito por\" \/>\n\t<meta name=\"twitter:data1\" content=\"Jeanette\" \/>\n\t<meta name=\"twitter:label2\" content=\"Tiempo de lectura\" \/>\n\t<meta name=\"twitter:data2\" content=\"2 minutos\" \/>\n<script type=\"application\/ld+json\" class=\"yoast-schema-graph\">{\"@context\":\"https:\\\/\\\/schema.org\",\"@graph\":[{\"@type\":\"Article\",\"@id\":\"https:\\\/\\\/www.eldiario.net\\\/portal\\\/2024\\\/07\\\/06\\\/las-otras-marcas-de-las-selecciones-conmebol\\\/#article\",\"isPartOf\":{\"@id\":\"https:\\\/\\\/www.eldiario.net\\\/portal\\\/2024\\\/07\\\/06\\\/las-otras-marcas-de-las-selecciones-conmebol\\\/\"},\"author\":{\"name\":\"Jeanette\",\"@id\":\"https:\\\/\\\/www.eldiario.net\\\/portal\\\/#\\\/schema\\\/person\\\/f46445640444750d7d753ccd04ae01b7\"},\"headline\":\"LAS OTRAS MARCAS DE LAS SELECCIONES CONMEBOL\",\"datePublished\":\"2024-07-06T11:28:02+00:00\",\"mainEntityOfPage\":{\"@id\":\"https:\\\/\\\/www.eldiario.net\\\/portal\\\/2024\\\/07\\\/06\\\/las-otras-marcas-de-las-selecciones-conmebol\\\/\"},\"wordCount\":332,\"commentCount\":0,\"publisher\":{\"@id\":\"https:\\\/\\\/www.eldiario.net\\\/portal\\\/#organization\"},\"image\":{\"@id\":\"https:\\\/\\\/www.eldiario.net\\\/portal\\\/2024\\\/07\\\/06\\\/las-otras-marcas-de-las-selecciones-conmebol\\\/#primaryimage\"},\"thumbnailUrl\":\"https:\\\/\\\/www.eldiario.net\\\/portal\\\/wp-content\\\/uploads\\\/2024\\\/07\\\/FOTO-23.jpg\",\"articleSection\":[\"Deportes\"],\"inLanguage\":\"es\",\"potentialAction\":[{\"@type\":\"CommentAction\",\"name\":\"Comment\",\"target\":[\"https:\\\/\\\/www.eldiario.net\\\/portal\\\/2024\\\/07\\\/06\\\/las-otras-marcas-de-las-selecciones-conmebol\\\/#respond\"]}]},{\"@type\":\"WebPage\",\"@id\":\"https:\\\/\\\/www.eldiario.net\\\/portal\\\/2024\\\/07\\\/06\\\/las-otras-marcas-de-las-selecciones-conmebol\\\/\",\"url\":\"https:\\\/\\\/www.eldiario.net\\\/portal\\\/2024\\\/07\\\/06\\\/las-otras-marcas-de-las-selecciones-conmebol\\\/\",\"name\":\"LAS OTRAS MARCAS DE LAS SELECCIONES CONMEBOL - El Diario - Bolivia\",\"isPartOf\":{\"@id\":\"https:\\\/\\\/www.eldiario.net\\\/portal\\\/#website\"},\"primaryImageOfPage\":{\"@id\":\"https:\\\/\\\/www.eldiario.net\\\/portal\\\/2024\\\/07\\\/06\\\/las-otras-marcas-de-las-selecciones-conmebol\\\/#primaryimage\"},\"image\":{\"@id\":\"https:\\\/\\\/www.eldiario.net\\\/portal\\\/2024\\\/07\\\/06\\\/las-otras-marcas-de-las-selecciones-conmebol\\\/#primaryimage\"},\"thumbnailUrl\":\"https:\\\/\\\/www.eldiario.net\\\/portal\\\/wp-content\\\/uploads\\\/2024\\\/07\\\/FOTO-23.jpg\",\"datePublished\":\"2024-07-06T11:28:02+00:00\",\"breadcrumb\":{\"@id\":\"https:\\\/\\\/www.eldiario.net\\\/portal\\\/2024\\\/07\\\/06\\\/las-otras-marcas-de-las-selecciones-conmebol\\\/#breadcrumb\"},\"inLanguage\":\"es\",\"potentialAction\":[{\"@type\":\"ReadAction\",\"target\":[\"https:\\\/\\\/www.eldiario.net\\\/portal\\\/2024\\\/07\\\/06\\\/las-otras-marcas-de-las-selecciones-conmebol\\\/\"]}]},{\"@type\":\"ImageObject\",\"inLanguage\":\"es\",\"@id\":\"https:\\\/\\\/www.eldiario.net\\\/portal\\\/2024\\\/07\\\/06\\\/las-otras-marcas-de-las-selecciones-conmebol\\\/#primaryimage\",\"url\":\"https:\\\/\\\/www.eldiario.net\\\/portal\\\/wp-content\\\/uploads\\\/2024\\\/07\\\/FOTO-23.jpg\",\"contentUrl\":\"https:\\\/\\\/www.eldiario.net\\\/portal\\\/wp-content\\\/uploads\\\/2024\\\/07\\\/FOTO-23.jpg\",\"width\":697,\"height\":371},{\"@type\":\"BreadcrumbList\",\"@id\":\"https:\\\/\\\/www.eldiario.net\\\/portal\\\/2024\\\/07\\\/06\\\/las-otras-marcas-de-las-selecciones-conmebol\\\/#breadcrumb\",\"itemListElement\":[{\"@type\":\"ListItem\",\"position\":1,\"name\":\"Portada\",\"item\":\"https:\\\/\\\/www.eldiario.net\\\/portal\\\/\"},{\"@type\":\"ListItem\",\"position\":2,\"name\":\"LAS OTRAS MARCAS DE LAS SELECCIONES CONMEBOL\"}]},{\"@type\":\"WebSite\",\"@id\":\"https:\\\/\\\/www.eldiario.net\\\/portal\\\/#website\",\"url\":\"https:\\\/\\\/www.eldiario.net\\\/portal\\\/\",\"name\":\"El Diario - Decano de la prensa nacional\",\"description\":\"El Diario - Decano de la prensa nacional\",\"publisher\":{\"@id\":\"https:\\\/\\\/www.eldiario.net\\\/portal\\\/#organization\"},\"potentialAction\":[{\"@type\":\"SearchAction\",\"target\":{\"@type\":\"EntryPoint\",\"urlTemplate\":\"https:\\\/\\\/www.eldiario.net\\\/portal\\\/?s={search_term_string}\"},\"query-input\":{\"@type\":\"PropertyValueSpecification\",\"valueRequired\":true,\"valueName\":\"search_term_string\"}}],\"inLanguage\":\"es\"},{\"@type\":\"Organization\",\"@id\":\"https:\\\/\\\/www.eldiario.net\\\/portal\\\/#organization\",\"name\":\"El Diario - Decano de la prensa nacional\",\"url\":\"https:\\\/\\\/www.eldiario.net\\\/portal\\\/\",\"logo\":{\"@type\":\"ImageObject\",\"inLanguage\":\"es\",\"@id\":\"https:\\\/\\\/www.eldiario.net\\\/portal\\\/#\\\/schema\\\/logo\\\/image\\\/\",\"url\":\"https:\\\/\\\/www.eldiario.net\\\/portal\\\/wp-content\\\/uploads\\\/2023\\\/07\\\/logo_ED.jpg\",\"contentUrl\":\"https:\\\/\\\/www.eldiario.net\\\/portal\\\/wp-content\\\/uploads\\\/2023\\\/07\\\/logo_ED.jpg\",\"width\":272,\"height\":52,\"caption\":\"El Diario - Decano de la prensa nacional\"},\"image\":{\"@id\":\"https:\\\/\\\/www.eldiario.net\\\/portal\\\/#\\\/schema\\\/logo\\\/image\\\/\"},\"sameAs\":[\"https:\\\/\\\/www.facebook.com\\\/eldiario.bolivia\\\/\",\"https:\\\/\\\/x.com\\\/eldiario_net\"]},{\"@type\":\"Person\",\"@id\":\"https:\\\/\\\/www.eldiario.net\\\/portal\\\/#\\\/schema\\\/person\\\/f46445640444750d7d753ccd04ae01b7\",\"name\":\"Jeanette\",\"image\":{\"@type\":\"ImageObject\",\"inLanguage\":\"es\",\"@id\":\"https:\\\/\\\/secure.gravatar.com\\\/avatar\\\/3ea2118a5f7dad2b7138b1187a6b7ee55f160b9968b66013c3a3ef39dd7e5798?s=96&d=mm&r=g\",\"url\":\"https:\\\/\\\/secure.gravatar.com\\\/avatar\\\/3ea2118a5f7dad2b7138b1187a6b7ee55f160b9968b66013c3a3ef39dd7e5798?s=96&d=mm&r=g\",\"contentUrl\":\"https:\\\/\\\/secure.gravatar.com\\\/avatar\\\/3ea2118a5f7dad2b7138b1187a6b7ee55f160b9968b66013c3a3ef39dd7e5798?s=96&d=mm&r=g\",\"caption\":\"Jeanette\"},\"sameAs\":[\"https:\\\/\\\/www.eldiario.net\\\/portal\"],\"url\":\"https:\\\/\\\/www.eldiario.net\\\/portal\\\/author\\\/jeanette\\\/\"}]}<\/script>\n<!-- \/ Yoast SEO plugin. -->","yoast_head_json":{"title":"LAS OTRAS MARCAS DE LAS SELECCIONES CONMEBOL - El Diario - Bolivia","robots":{"index":"index","follow":"follow","max-snippet":"max-snippet:-1","max-image-preview":"max-image-preview:large","max-video-preview":"max-video-preview:-1"},"canonical":"https:\/\/www.eldiario.net\/portal\/2024\/07\/06\/las-otras-marcas-de-las-selecciones-conmebol\/","og_locale":"es_ES","og_type":"article","og_title":"LAS OTRAS MARCAS DE LAS SELECCIONES CONMEBOL - El Diario - Bolivia","og_description":"Brasil puede aumentar su r\u00e9cord de m\u00e1s penales ganados: ya ha ganado cinco penales. Uruguay puede romper el empate con Argentina y convertirse en el \u00fanico poseedor del r\u00e9cord de m\u00e1s t\u00edtulos de Copa Am\u00e9rica (actualmente 15, con posibilidades de llegar a 16). Uruguay puede aumentar su r\u00e9cord de trofeos por el tercer lugar (actualmente [&hellip;]","og_url":"https:\/\/www.eldiario.net\/portal\/2024\/07\/06\/las-otras-marcas-de-las-selecciones-conmebol\/","og_site_name":"El Diario - Bolivia","article_publisher":"https:\/\/www.facebook.com\/eldiario.bolivia\/","article_published_time":"2024-07-06T11:28:02+00:00","og_image":[{"width":697,"height":371,"url":"https:\/\/www.eldiario.net\/portal\/wp-content\/uploads\/2024\/07\/FOTO-23.jpg","type":"image\/jpeg"}],"author":"Jeanette","twitter_card":"summary_large_image","twitter_creator":"@eldiario_net","twitter_site":"@eldiario_net","twitter_misc":{"Escrito por":"Jeanette","Tiempo de lectura":"2 minutos"},"schema":{"@context":"https:\/\/schema.org","@graph":[{"@type":"Article","@id":"https:\/\/www.eldiario.net\/portal\/2024\/07\/06\/las-otras-marcas-de-las-selecciones-conmebol\/#article","isPartOf":{"@id":"https:\/\/www.eldiario.net\/portal\/2024\/07\/06\/las-otras-marcas-de-las-selecciones-conmebol\/"},"author":{"name":"Jeanette","@id":"https:\/\/www.eldiario.net\/portal\/#\/schema\/person\/f46445640444750d7d753ccd04ae01b7"},"headline":"LAS OTRAS MARCAS DE LAS SELECCIONES CONMEBOL","datePublished":"2024-07-06T11:28:02+00:00","mainEntityOfPage":{"@id":"https:\/\/www.eldiario.net\/portal\/2024\/07\/06\/las-otras-marcas-de-las-selecciones-conmebol\/"},"wordCount":332,"commentCount":0,"publisher":{"@id":"https:\/\/www.eldiario.net\/portal\/#organization"},"image":{"@id":"https:\/\/www.eldiario.net\/portal\/2024\/07\/06\/las-otras-marcas-de-las-selecciones-conmebol\/#primaryimage"},"thumbnailUrl":"https:\/\/www.eldiario.net\/portal\/wp-content\/uploads\/2024\/07\/FOTO-23.jpg","articleSection":["Deportes"],"inLanguage":"es","potentialAction":[{"@type":"CommentAction","name":"Comment","target":["https:\/\/www.eldiario.net\/portal\/2024\/07\/06\/las-otras-marcas-de-las-selecciones-conmebol\/#respond"]}]},{"@type":"WebPage","@id":"https:\/\/www.eldiario.net\/portal\/2024\/07\/06\/las-otras-marcas-de-las-selecciones-conmebol\/","url":"https:\/\/www.eldiario.net\/portal\/2024\/07\/06\/las-otras-marcas-de-las-selecciones-conmebol\/","name":"LAS OTRAS MARCAS DE LAS SELECCIONES CONMEBOL - El Diario - Bolivia","isPartOf":{"@id":"https:\/\/www.eldiario.net\/portal\/#website"},"primaryImageOfPage":{"@id":"https:\/\/www.eldiario.net\/portal\/2024\/07\/06\/las-otras-marcas-de-las-selecciones-conmebol\/#primaryimage"},"image":{"@id":"https:\/\/www.eldiario.net\/portal\/2024\/07\/06\/las-otras-marcas-de-las-selecciones-conmebol\/#primaryimage"},"thumbnailUrl":"https:\/\/www.eldiario.net\/portal\/wp-content\/uploads\/2024\/07\/FOTO-23.jpg","datePublished":"2024-07-06T11:28:02+00:00","breadcrumb":{"@id":"https:\/\/www.eldiario.net\/portal\/2024\/07\/06\/las-otras-marcas-de-las-selecciones-conmebol\/#breadcrumb"},"inLanguage":"es","potentialAction":[{"@type":"ReadAction","target":["https:\/\/www.eldiario.net\/portal\/2024\/07\/06\/las-otras-marcas-de-las-selecciones-conmebol\/"]}]},{"@type":"ImageObject","inLanguage":"es","@id":"https:\/\/www.eldiario.net\/portal\/2024\/07\/06\/las-otras-marcas-de-las-selecciones-conmebol\/#primaryimage","url":"https:\/\/www.eldiario.net\/portal\/wp-content\/uploads\/2024\/07\/FOTO-23.jpg","contentUrl":"https:\/\/www.eldiario.net\/portal\/wp-content\/uploads\/2024\/07\/FOTO-23.jpg","width":697,"height":371},{"@type":"BreadcrumbList","@id":"https:\/\/www.eldiario.net\/portal\/2024\/07\/06\/las-otras-marcas-de-las-selecciones-conmebol\/#breadcrumb","itemListElement":[{"@type":"ListItem","position":1,"name":"Portada","item":"https:\/\/www.eldiario.net\/portal\/"},{"@type":"ListItem","position":2,"name":"LAS OTRAS MARCAS DE LAS SELECCIONES CONMEBOL"}]},{"@type":"WebSite","@id":"https:\/\/www.eldiario.net\/portal\/#website","url":"https:\/\/www.eldiario.net\/portal\/","name":"El Diario - Decano de la prensa nacional","description":"El Diario - Decano de la prensa nacional","publisher":{"@id":"https:\/\/www.eldiario.net\/portal\/#organization"},"potentialAction":[{"@type":"SearchAction","target":{"@type":"EntryPoint","urlTemplate":"https:\/\/www.eldiario.net\/portal\/?s={search_term_string}"},"query-input":{"@type":"PropertyValueSpecification","valueRequired":true,"valueName":"search_term_string"}}],"inLanguage":"es"},{"@type":"Organization","@id":"https:\/\/www.eldiario.net\/portal\/#organization","name":"El Diario - Decano de la prensa nacional","url":"https:\/\/www.eldiario.net\/portal\/","logo":{"@type":"ImageObject","inLanguage":"es","@id":"https:\/\/www.eldiario.net\/portal\/#\/schema\/logo\/image\/","url":"https:\/\/www.eldiario.net\/portal\/wp-content\/uploads\/2023\/07\/logo_ED.jpg","contentUrl":"https:\/\/www.eldiario.net\/portal\/wp-content\/uploads\/2023\/07\/logo_ED.jpg","width":272,"height":52,"caption":"El Diario - Decano de la prensa nacional"},"image":{"@id":"https:\/\/www.eldiario.net\/portal\/#\/schema\/logo\/image\/"},"sameAs":["https:\/\/www.facebook.com\/eldiario.bolivia\/","https:\/\/x.com\/eldiario_net"]},{"@type":"Person","@id":"https:\/\/www.eldiario.net\/portal\/#\/schema\/person\/f46445640444750d7d753ccd04ae01b7","name":"Jeanette","image":{"@type":"ImageObject","inLanguage":"es","@id":"https:\/\/secure.gravatar.com\/avatar\/3ea2118a5f7dad2b7138b1187a6b7ee55f160b9968b66013c3a3ef39dd7e5798?s=96&d=mm&r=g","url":"https:\/\/secure.gravatar.com\/avatar\/3ea2118a5f7dad2b7138b1187a6b7ee55f160b9968b66013c3a3ef39dd7e5798?s=96&d=mm&r=g","contentUrl":"https:\/\/secure.gravatar.com\/avatar\/3ea2118a5f7dad2b7138b1187a6b7ee55f160b9968b66013c3a3ef39dd7e5798?s=96&d=mm&r=g","caption":"Jeanette"},"sameAs":["https:\/\/www.eldiario.net\/portal"],"url":"https:\/\/www.eldiario.net\/portal\/author\/jeanette\/"}]}},"_links":{"self":[{"href":"https:\/\/www.eldiario.net\/portal\/wp-json\/wp\/v2\/posts\/232168","targetHints":{"allow":["GET"]}}],"collection":[{"href":"https:\/\/www.eldiario.net\/portal\/wp-json\/wp\/v2\/posts"}],"about":[{"href":"https:\/\/www.eldiario.net\/portal\/wp-json\/wp\/v2\/types\/post"}],"author":[{"embeddable":true,"href":"https:\/\/www.eldiario.net\/portal\/wp-json\/wp\/v2\/users\/1"}],"replies":[{"embeddable":true,"href":"https:\/\/www.eldiario.net\/portal\/wp-json\/wp\/v2\/comments?post=232168"}],"version-history":[{"count":1,"href":"https:\/\/www.eldiario.net\/portal\/wp-json\/wp\/v2\/posts\/232168\/revisions"}],"predecessor-version":[{"id":232170,"href":"https:\/\/www.eldiario.net\/portal\/wp-json\/wp\/v2\/posts\/232168\/revisions\/232170"}],"wp:featuredmedia":[{"embeddable":true,"href":"https:\/\/www.eldiario.net\/portal\/wp-json\/wp\/v2\/media\/232169"}],"wp:attachment":[{"href":"https:\/\/www.eldiario.net\/portal\/wp-json\/wp\/v2\/media?parent=232168"}],"wp:term":[{"taxonomy":"category","embeddable":true,"href":"https:\/\/www.eldiario.net\/portal\/wp-json\/wp\/v2\/categories?post=232168"},{"taxonomy":"post_tag","embeddable":true,"href":"https:\/\/www.eldiario.net\/portal\/wp-json\/wp\/v2\/tags?post=232168"}],"curies":[{"name":"wp","href":"https:\/\/api.w.org\/{rel}","templated":true}]}}