{"id":232157,"date":"2024-07-06T07:23:18","date_gmt":"2024-07-06T11:23:18","guid":{"rendered":"https:\/\/www.eldiario.net\/portal\/?p=232157"},"modified":"2024-07-06T07:23:18","modified_gmt":"2024-07-06T11:23:18","slug":"apologia-de-la-tolerancia","status":"publish","type":"post","link":"https:\/\/www.eldiario.net\/portal\/2024\/07\/06\/apologia-de-la-tolerancia\/","title":{"rendered":"Apolog\u00eda de la tolerancia"},"content":{"rendered":"<p>Todo, incluso conceptos o palabras tan respetadas como libertad o democracia, puede ser objeto de relativizaci\u00f3n, porque nada ni nadie deber\u00eda estar por encima de la cr\u00edtica (\u00bfo s\u00ed?). Podr\u00edamos plantearnos n\u00famero de preguntas: \u00bffue el sistema democr\u00e1tico, basado en el raciocinio humano, el mejor garante del bienestar general? O \u00bfexistir\u00e1 realmente, como cre\u00edmos durante siglos, un raciocinio humano? \u00bfEs esa raz\u00f3n la que, ontol\u00f3gicamente hablando, nos pone por encima de una res que nos la comemos o una rata a la que repudiamos? Si de verdad existiera y confiamos en ella, \u00bfc\u00f3mo podr\u00edamos probar que sirvi\u00f3 para reducir el sufrimiento humano? \u00bfNo fue la raz\u00f3n la que devast\u00f3 Hiroshima o la que hizo los campos de concentraci\u00f3n en Auschwitz? \u00bfPodemos seguir creyendo en la existencia de un raciocinio divino, que comparte los destinos de este peque\u00f1o mundo con la raz\u00f3n del ser humano? \u00bfPor qu\u00e9 creemos en el alma humana y desechamos la posibilidad del alma del orangut\u00e1n o de los extintos dodos? \u00bfNo ser\u00e1 eso de la libertad humana un relato carente de respaldo cient\u00edfico que lo inventamos para quebrar v\u00ednculos con las teocracias, y que solamente nos movemos por pulsiones internas sobre las cuales en realidad no podemos decidir? \u00bfPor qu\u00e9 la medicina se sigue empecinando en alargar m\u00e1s la vida si, al menos seg\u00fan varias religiones, el m\u00e1s all\u00e1 es perfecto o por lo menos no tan infeliz?<br \/>\nEsas son solo algunas de las preguntas que, si tenemos algo de tiempo y un poco de predisposici\u00f3n de salir de nuestra zona de confort, nos podemos plantear. Las mismas palabras son limitadas y constituyen una parte de la representaci\u00f3n que a lo largo de milenios nos hemos hecho del mundo, un mundo que no necesariamente tiene que ser como lo describimos, pues, si somos tan limitados como en nuestros pocos momentos de modestia decimos ser, \u00bfpor qu\u00e9 nuestras capacidades visuales o mentales no tendr\u00edan que ser igual de limitadas para la comprensi\u00f3n de la realidad circundante? Desde la tierra.<br \/>\nSin embargo, como los sapiens nos sentir\u00edamos desolados sin un relato, sin una urdiembre de palabras e ideas con la que no seamos una especie m\u00e1s, nos cosamos a la realidad y le podamos dar un sentido a la vida y el mundo \u2014en cuyo armaz\u00f3n actual la libertad y la democracia son tal vez los puntales m\u00e1s importantes\u2014, no podemos excluir de nuestros proyectos vitales los ideales de vivir libremente y en sociedades en las que el poder recaiga no en monarcas, sino en eso que tan feliz y llanamente le decimos pueblo. Porque somos temerosos, porque nos da pavor la idea de que en realidad podamos ser seres ef\u00edmeros en el cosmos (acaso no m\u00e1s importantes que una lib\u00e9lula o un mono), es que tejemos sistemas dial\u00e9cticos (Bien\/Mal, Para\u00edso\/Infierno, izquierda\/derecha) que les otorguen sentido a las cosas y nos lo den a nosotros mismos.<br \/>\nEl Siglo XVIII, que de alguna manera quebr\u00f3 la relaci\u00f3n del hombre con Dios y los dioses y otorg\u00f3 a la tan alabada raz\u00f3n humana el privilegio de decidir por d\u00f3nde se deb\u00eda transitar, no resolvi\u00f3 las dudas existenciales de aquel ser que desde \u00e9pocas remotas se impuso en la tierra y la domin\u00f3. El XIX y el XX, centurias de la m\u00e1quina y las grandes ideolog\u00edas de izquierda y derecha, tampoco las resolvi\u00f3. Y el XXI, que al parecer estar\u00e1 insuflado por el auge de las nuevas tecnolog\u00edas digitales y la crisis clim\u00e1tica, al igual que los anteriores tambi\u00e9n ser\u00e1 dif\u00edcil que las resuelva. Y esto se debe a que la Verdad \u2014si existe\u2014 es inasible, est\u00e1 al muy lejos de nuestras capacidades.<br \/>\nEmpero, si algo se ha conquistado paulatinamente para reducir de manera m\u00e1s o menos efectiva o exitosa el sufrimiento humano en todo lo que va de historia, se llama tolerancia, que en palabras sencillas es dejar de pensar que mi ideolog\u00eda o identidad son superiores respecto a las del Otro, pero sobre todo que deber\u00edan suponer mi predominancia sobre aquel. Este concepto, el de la tolerancia, tambi\u00e9n puede ser puesto bajo el tamiz de la cr\u00edtica, pero mi intenci\u00f3n en este art\u00edculo es hacer una apolog\u00eda de \u00e9l. Las comunidades tribales del mundo, que ayer estaban aisladas unas de otras, cre\u00edan tener la raz\u00f3n y por ello apenas rozaban se hac\u00eda un estado de violencia. Pero la interconexi\u00f3n de culturas y la entrop\u00eda social en las que hoy est\u00e1 el mundo pueden hacer a\u00fan m\u00e1s amenazante la beligerancia. Una actitud de tolerancia o humildad ante lo que no corresponde a uno es capaz de atenuar la violencia a la que el ser humano ha sido propenso desde siempre. Colectiva e individualmente, deber\u00edamos cultivar esa pr\u00e1ctica ben\u00e9vola que, si no es capaz de hacer el bien, al menos hace que dejemos de infligir da\u00f1os al otro y que, mucho m\u00e1s que con la racionalidad, tiene que ver con la razonabilidad y la empat\u00eda.<\/p>\n<p>Ignacio Vera de Rada es polit\u00f3logo y comunicador social.<\/p>\n","protected":false},"excerpt":{"rendered":"<p>Todo, incluso conceptos o palabras tan respetadas como libertad o democracia, puede ser objeto de relativizaci\u00f3n, porque nada ni nadie deber\u00eda estar por encima de la cr\u00edtica (\u00bfo s\u00ed?). Podr\u00edamos plantearnos n\u00famero de preguntas: \u00bffue el sistema democr\u00e1tico, basado en el raciocinio humano, el mejor garante del bienestar general? O \u00bfexistir\u00e1 realmente, como cre\u00edmos durante [&hellip;]<\/p>\n","protected":false},"author":1,"featured_media":158964,"comment_status":"open","ping_status":"open","sticky":false,"template":"","format":"standard","meta":{"_acf_changed":false,"footnotes":""},"categories":[9],"tags":[],"class_list":["post-232157","post","type-post","status-publish","format-standard","has-post-thumbnail","category-opinion"],"acf":{"antetitulo":"La espada en la palabra"},"yoast_head":"<!-- This site is optimized with the Yoast SEO plugin v28.3 - https:\/\/yoast.com\/product\/yoast-seo-wordpress\/ -->\n<title>Apolog\u00eda de la tolerancia - El Diario - Bolivia<\/title>\n<meta name=\"robots\" content=\"index, follow, max-snippet:-1, max-image-preview:large, max-video-preview:-1\" \/>\n<link rel=\"canonical\" href=\"https:\/\/www.eldiario.net\/portal\/2024\/07\/06\/apologia-de-la-tolerancia\/\" \/>\n<meta property=\"og:locale\" content=\"es_ES\" \/>\n<meta property=\"og:type\" content=\"article\" \/>\n<meta property=\"og:title\" content=\"Apolog\u00eda de la tolerancia - El Diario - Bolivia\" \/>\n<meta property=\"og:description\" content=\"Todo, incluso conceptos o palabras tan respetadas como libertad o democracia, puede ser objeto de relativizaci\u00f3n, porque nada ni nadie deber\u00eda estar por encima de la cr\u00edtica (\u00bfo s\u00ed?). Podr\u00edamos plantearnos n\u00famero de preguntas: \u00bffue el sistema democr\u00e1tico, basado en el raciocinio humano, el mejor garante del bienestar general? O \u00bfexistir\u00e1 realmente, como cre\u00edmos durante [&hellip;]\" \/>\n<meta property=\"og:url\" content=\"https:\/\/www.eldiario.net\/portal\/2024\/07\/06\/apologia-de-la-tolerancia\/\" \/>\n<meta property=\"og:site_name\" content=\"El Diario - Bolivia\" \/>\n<meta property=\"article:publisher\" content=\"https:\/\/www.facebook.com\/eldiario.bolivia\/\" \/>\n<meta property=\"article:published_time\" content=\"2024-07-06T11:23:18+00:00\" \/>\n<meta property=\"og:image\" content=\"https:\/\/www.eldiario.net\/portal\/wp-content\/uploads\/2023\/06\/Ignacio-Vera-de-Rada-1.jpg\" \/>\n\t<meta property=\"og:image:width\" content=\"1200\" \/>\n\t<meta property=\"og:image:height\" content=\"628\" \/>\n\t<meta property=\"og:image:type\" content=\"image\/jpeg\" \/>\n<meta name=\"author\" content=\"Jeanette\" \/>\n<meta name=\"twitter:card\" content=\"summary_large_image\" \/>\n<meta name=\"twitter:creator\" content=\"@eldiario_net\" \/>\n<meta name=\"twitter:site\" content=\"@eldiario_net\" \/>\n<meta name=\"twitter:label1\" content=\"Escrito por\" \/>\n\t<meta name=\"twitter:data1\" content=\"Jeanette\" \/>\n\t<meta name=\"twitter:label2\" content=\"Tiempo de lectura\" \/>\n\t<meta name=\"twitter:data2\" content=\"4 minutos\" \/>\n<script type=\"application\/ld+json\" class=\"yoast-schema-graph\">{\"@context\":\"https:\\\/\\\/schema.org\",\"@graph\":[{\"@type\":\"Article\",\"@id\":\"https:\\\/\\\/www.eldiario.net\\\/portal\\\/2024\\\/07\\\/06\\\/apologia-de-la-tolerancia\\\/#article\",\"isPartOf\":{\"@id\":\"https:\\\/\\\/www.eldiario.net\\\/portal\\\/2024\\\/07\\\/06\\\/apologia-de-la-tolerancia\\\/\"},\"author\":{\"name\":\"Jeanette\",\"@id\":\"https:\\\/\\\/www.eldiario.net\\\/portal\\\/#\\\/schema\\\/person\\\/f46445640444750d7d753ccd04ae01b7\"},\"headline\":\"Apolog\u00eda de la tolerancia\",\"datePublished\":\"2024-07-06T11:23:18+00:00\",\"mainEntityOfPage\":{\"@id\":\"https:\\\/\\\/www.eldiario.net\\\/portal\\\/2024\\\/07\\\/06\\\/apologia-de-la-tolerancia\\\/\"},\"wordCount\":897,\"commentCount\":0,\"publisher\":{\"@id\":\"https:\\\/\\\/www.eldiario.net\\\/portal\\\/#organization\"},\"image\":{\"@id\":\"https:\\\/\\\/www.eldiario.net\\\/portal\\\/2024\\\/07\\\/06\\\/apologia-de-la-tolerancia\\\/#primaryimage\"},\"thumbnailUrl\":\"https:\\\/\\\/www.eldiario.net\\\/portal\\\/wp-content\\\/uploads\\\/2023\\\/06\\\/Ignacio-Vera-de-Rada-1.jpg\",\"articleSection\":[\"Opini\u00f3n\"],\"inLanguage\":\"es\",\"potentialAction\":[{\"@type\":\"CommentAction\",\"name\":\"Comment\",\"target\":[\"https:\\\/\\\/www.eldiario.net\\\/portal\\\/2024\\\/07\\\/06\\\/apologia-de-la-tolerancia\\\/#respond\"]}]},{\"@type\":\"WebPage\",\"@id\":\"https:\\\/\\\/www.eldiario.net\\\/portal\\\/2024\\\/07\\\/06\\\/apologia-de-la-tolerancia\\\/\",\"url\":\"https:\\\/\\\/www.eldiario.net\\\/portal\\\/2024\\\/07\\\/06\\\/apologia-de-la-tolerancia\\\/\",\"name\":\"Apolog\u00eda de la tolerancia - El Diario - Bolivia\",\"isPartOf\":{\"@id\":\"https:\\\/\\\/www.eldiario.net\\\/portal\\\/#website\"},\"primaryImageOfPage\":{\"@id\":\"https:\\\/\\\/www.eldiario.net\\\/portal\\\/2024\\\/07\\\/06\\\/apologia-de-la-tolerancia\\\/#primaryimage\"},\"image\":{\"@id\":\"https:\\\/\\\/www.eldiario.net\\\/portal\\\/2024\\\/07\\\/06\\\/apologia-de-la-tolerancia\\\/#primaryimage\"},\"thumbnailUrl\":\"https:\\\/\\\/www.eldiario.net\\\/portal\\\/wp-content\\\/uploads\\\/2023\\\/06\\\/Ignacio-Vera-de-Rada-1.jpg\",\"datePublished\":\"2024-07-06T11:23:18+00:00\",\"breadcrumb\":{\"@id\":\"https:\\\/\\\/www.eldiario.net\\\/portal\\\/2024\\\/07\\\/06\\\/apologia-de-la-tolerancia\\\/#breadcrumb\"},\"inLanguage\":\"es\",\"potentialAction\":[{\"@type\":\"ReadAction\",\"target\":[\"https:\\\/\\\/www.eldiario.net\\\/portal\\\/2024\\\/07\\\/06\\\/apologia-de-la-tolerancia\\\/\"]}]},{\"@type\":\"ImageObject\",\"inLanguage\":\"es\",\"@id\":\"https:\\\/\\\/www.eldiario.net\\\/portal\\\/2024\\\/07\\\/06\\\/apologia-de-la-tolerancia\\\/#primaryimage\",\"url\":\"https:\\\/\\\/www.eldiario.net\\\/portal\\\/wp-content\\\/uploads\\\/2023\\\/06\\\/Ignacio-Vera-de-Rada-1.jpg\",\"contentUrl\":\"https:\\\/\\\/www.eldiario.net\\\/portal\\\/wp-content\\\/uploads\\\/2023\\\/06\\\/Ignacio-Vera-de-Rada-1.jpg\",\"width\":1200,\"height\":628,\"caption\":\"Ignacio Vera de Rada\"},{\"@type\":\"BreadcrumbList\",\"@id\":\"https:\\\/\\\/www.eldiario.net\\\/portal\\\/2024\\\/07\\\/06\\\/apologia-de-la-tolerancia\\\/#breadcrumb\",\"itemListElement\":[{\"@type\":\"ListItem\",\"position\":1,\"name\":\"Portada\",\"item\":\"https:\\\/\\\/www.eldiario.net\\\/portal\\\/\"},{\"@type\":\"ListItem\",\"position\":2,\"name\":\"Apolog\u00eda de la tolerancia\"}]},{\"@type\":\"WebSite\",\"@id\":\"https:\\\/\\\/www.eldiario.net\\\/portal\\\/#website\",\"url\":\"https:\\\/\\\/www.eldiario.net\\\/portal\\\/\",\"name\":\"El Diario - Decano de la prensa nacional\",\"description\":\"El Diario - Decano de la prensa nacional\",\"publisher\":{\"@id\":\"https:\\\/\\\/www.eldiario.net\\\/portal\\\/#organization\"},\"potentialAction\":[{\"@type\":\"SearchAction\",\"target\":{\"@type\":\"EntryPoint\",\"urlTemplate\":\"https:\\\/\\\/www.eldiario.net\\\/portal\\\/?s={search_term_string}\"},\"query-input\":{\"@type\":\"PropertyValueSpecification\",\"valueRequired\":true,\"valueName\":\"search_term_string\"}}],\"inLanguage\":\"es\"},{\"@type\":\"Organization\",\"@id\":\"https:\\\/\\\/www.eldiario.net\\\/portal\\\/#organization\",\"name\":\"El Diario - Decano de la prensa nacional\",\"url\":\"https:\\\/\\\/www.eldiario.net\\\/portal\\\/\",\"logo\":{\"@type\":\"ImageObject\",\"inLanguage\":\"es\",\"@id\":\"https:\\\/\\\/www.eldiario.net\\\/portal\\\/#\\\/schema\\\/logo\\\/image\\\/\",\"url\":\"https:\\\/\\\/www.eldiario.net\\\/portal\\\/wp-content\\\/uploads\\\/2023\\\/07\\\/logo_ED.jpg\",\"contentUrl\":\"https:\\\/\\\/www.eldiario.net\\\/portal\\\/wp-content\\\/uploads\\\/2023\\\/07\\\/logo_ED.jpg\",\"width\":272,\"height\":52,\"caption\":\"El Diario - Decano de la prensa nacional\"},\"image\":{\"@id\":\"https:\\\/\\\/www.eldiario.net\\\/portal\\\/#\\\/schema\\\/logo\\\/image\\\/\"},\"sameAs\":[\"https:\\\/\\\/www.facebook.com\\\/eldiario.bolivia\\\/\",\"https:\\\/\\\/x.com\\\/eldiario_net\"]},{\"@type\":\"Person\",\"@id\":\"https:\\\/\\\/www.eldiario.net\\\/portal\\\/#\\\/schema\\\/person\\\/f46445640444750d7d753ccd04ae01b7\",\"name\":\"Jeanette\",\"image\":{\"@type\":\"ImageObject\",\"inLanguage\":\"es\",\"@id\":\"https:\\\/\\\/secure.gravatar.com\\\/avatar\\\/3ea2118a5f7dad2b7138b1187a6b7ee55f160b9968b66013c3a3ef39dd7e5798?s=96&d=mm&r=g\",\"url\":\"https:\\\/\\\/secure.gravatar.com\\\/avatar\\\/3ea2118a5f7dad2b7138b1187a6b7ee55f160b9968b66013c3a3ef39dd7e5798?s=96&d=mm&r=g\",\"contentUrl\":\"https:\\\/\\\/secure.gravatar.com\\\/avatar\\\/3ea2118a5f7dad2b7138b1187a6b7ee55f160b9968b66013c3a3ef39dd7e5798?s=96&d=mm&r=g\",\"caption\":\"Jeanette\"},\"sameAs\":[\"https:\\\/\\\/www.eldiario.net\\\/portal\"],\"url\":\"https:\\\/\\\/www.eldiario.net\\\/portal\\\/author\\\/jeanette\\\/\"}]}<\/script>\n<!-- \/ Yoast SEO plugin. -->","yoast_head_json":{"title":"Apolog\u00eda de la tolerancia - El Diario - Bolivia","robots":{"index":"index","follow":"follow","max-snippet":"max-snippet:-1","max-image-preview":"max-image-preview:large","max-video-preview":"max-video-preview:-1"},"canonical":"https:\/\/www.eldiario.net\/portal\/2024\/07\/06\/apologia-de-la-tolerancia\/","og_locale":"es_ES","og_type":"article","og_title":"Apolog\u00eda de la tolerancia - El Diario - Bolivia","og_description":"Todo, incluso conceptos o palabras tan respetadas como libertad o democracia, puede ser objeto de relativizaci\u00f3n, porque nada ni nadie deber\u00eda estar por encima de la cr\u00edtica (\u00bfo s\u00ed?). Podr\u00edamos plantearnos n\u00famero de preguntas: \u00bffue el sistema democr\u00e1tico, basado en el raciocinio humano, el mejor garante del bienestar general? O \u00bfexistir\u00e1 realmente, como cre\u00edmos durante [&hellip;]","og_url":"https:\/\/www.eldiario.net\/portal\/2024\/07\/06\/apologia-de-la-tolerancia\/","og_site_name":"El Diario - Bolivia","article_publisher":"https:\/\/www.facebook.com\/eldiario.bolivia\/","article_published_time":"2024-07-06T11:23:18+00:00","og_image":[{"width":1200,"height":628,"url":"https:\/\/www.eldiario.net\/portal\/wp-content\/uploads\/2023\/06\/Ignacio-Vera-de-Rada-1.jpg","type":"image\/jpeg"}],"author":"Jeanette","twitter_card":"summary_large_image","twitter_creator":"@eldiario_net","twitter_site":"@eldiario_net","twitter_misc":{"Escrito por":"Jeanette","Tiempo de lectura":"4 minutos"},"schema":{"@context":"https:\/\/schema.org","@graph":[{"@type":"Article","@id":"https:\/\/www.eldiario.net\/portal\/2024\/07\/06\/apologia-de-la-tolerancia\/#article","isPartOf":{"@id":"https:\/\/www.eldiario.net\/portal\/2024\/07\/06\/apologia-de-la-tolerancia\/"},"author":{"name":"Jeanette","@id":"https:\/\/www.eldiario.net\/portal\/#\/schema\/person\/f46445640444750d7d753ccd04ae01b7"},"headline":"Apolog\u00eda de la tolerancia","datePublished":"2024-07-06T11:23:18+00:00","mainEntityOfPage":{"@id":"https:\/\/www.eldiario.net\/portal\/2024\/07\/06\/apologia-de-la-tolerancia\/"},"wordCount":897,"commentCount":0,"publisher":{"@id":"https:\/\/www.eldiario.net\/portal\/#organization"},"image":{"@id":"https:\/\/www.eldiario.net\/portal\/2024\/07\/06\/apologia-de-la-tolerancia\/#primaryimage"},"thumbnailUrl":"https:\/\/www.eldiario.net\/portal\/wp-content\/uploads\/2023\/06\/Ignacio-Vera-de-Rada-1.jpg","articleSection":["Opini\u00f3n"],"inLanguage":"es","potentialAction":[{"@type":"CommentAction","name":"Comment","target":["https:\/\/www.eldiario.net\/portal\/2024\/07\/06\/apologia-de-la-tolerancia\/#respond"]}]},{"@type":"WebPage","@id":"https:\/\/www.eldiario.net\/portal\/2024\/07\/06\/apologia-de-la-tolerancia\/","url":"https:\/\/www.eldiario.net\/portal\/2024\/07\/06\/apologia-de-la-tolerancia\/","name":"Apolog\u00eda de la tolerancia - El Diario - Bolivia","isPartOf":{"@id":"https:\/\/www.eldiario.net\/portal\/#website"},"primaryImageOfPage":{"@id":"https:\/\/www.eldiario.net\/portal\/2024\/07\/06\/apologia-de-la-tolerancia\/#primaryimage"},"image":{"@id":"https:\/\/www.eldiario.net\/portal\/2024\/07\/06\/apologia-de-la-tolerancia\/#primaryimage"},"thumbnailUrl":"https:\/\/www.eldiario.net\/portal\/wp-content\/uploads\/2023\/06\/Ignacio-Vera-de-Rada-1.jpg","datePublished":"2024-07-06T11:23:18+00:00","breadcrumb":{"@id":"https:\/\/www.eldiario.net\/portal\/2024\/07\/06\/apologia-de-la-tolerancia\/#breadcrumb"},"inLanguage":"es","potentialAction":[{"@type":"ReadAction","target":["https:\/\/www.eldiario.net\/portal\/2024\/07\/06\/apologia-de-la-tolerancia\/"]}]},{"@type":"ImageObject","inLanguage":"es","@id":"https:\/\/www.eldiario.net\/portal\/2024\/07\/06\/apologia-de-la-tolerancia\/#primaryimage","url":"https:\/\/www.eldiario.net\/portal\/wp-content\/uploads\/2023\/06\/Ignacio-Vera-de-Rada-1.jpg","contentUrl":"https:\/\/www.eldiario.net\/portal\/wp-content\/uploads\/2023\/06\/Ignacio-Vera-de-Rada-1.jpg","width":1200,"height":628,"caption":"Ignacio Vera de Rada"},{"@type":"BreadcrumbList","@id":"https:\/\/www.eldiario.net\/portal\/2024\/07\/06\/apologia-de-la-tolerancia\/#breadcrumb","itemListElement":[{"@type":"ListItem","position":1,"name":"Portada","item":"https:\/\/www.eldiario.net\/portal\/"},{"@type":"ListItem","position":2,"name":"Apolog\u00eda de la tolerancia"}]},{"@type":"WebSite","@id":"https:\/\/www.eldiario.net\/portal\/#website","url":"https:\/\/www.eldiario.net\/portal\/","name":"El Diario - Decano de la prensa nacional","description":"El Diario - Decano de la prensa nacional","publisher":{"@id":"https:\/\/www.eldiario.net\/portal\/#organization"},"potentialAction":[{"@type":"SearchAction","target":{"@type":"EntryPoint","urlTemplate":"https:\/\/www.eldiario.net\/portal\/?s={search_term_string}"},"query-input":{"@type":"PropertyValueSpecification","valueRequired":true,"valueName":"search_term_string"}}],"inLanguage":"es"},{"@type":"Organization","@id":"https:\/\/www.eldiario.net\/portal\/#organization","name":"El Diario - Decano de la prensa nacional","url":"https:\/\/www.eldiario.net\/portal\/","logo":{"@type":"ImageObject","inLanguage":"es","@id":"https:\/\/www.eldiario.net\/portal\/#\/schema\/logo\/image\/","url":"https:\/\/www.eldiario.net\/portal\/wp-content\/uploads\/2023\/07\/logo_ED.jpg","contentUrl":"https:\/\/www.eldiario.net\/portal\/wp-content\/uploads\/2023\/07\/logo_ED.jpg","width":272,"height":52,"caption":"El Diario - Decano de la prensa nacional"},"image":{"@id":"https:\/\/www.eldiario.net\/portal\/#\/schema\/logo\/image\/"},"sameAs":["https:\/\/www.facebook.com\/eldiario.bolivia\/","https:\/\/x.com\/eldiario_net"]},{"@type":"Person","@id":"https:\/\/www.eldiario.net\/portal\/#\/schema\/person\/f46445640444750d7d753ccd04ae01b7","name":"Jeanette","image":{"@type":"ImageObject","inLanguage":"es","@id":"https:\/\/secure.gravatar.com\/avatar\/3ea2118a5f7dad2b7138b1187a6b7ee55f160b9968b66013c3a3ef39dd7e5798?s=96&d=mm&r=g","url":"https:\/\/secure.gravatar.com\/avatar\/3ea2118a5f7dad2b7138b1187a6b7ee55f160b9968b66013c3a3ef39dd7e5798?s=96&d=mm&r=g","contentUrl":"https:\/\/secure.gravatar.com\/avatar\/3ea2118a5f7dad2b7138b1187a6b7ee55f160b9968b66013c3a3ef39dd7e5798?s=96&d=mm&r=g","caption":"Jeanette"},"sameAs":["https:\/\/www.eldiario.net\/portal"],"url":"https:\/\/www.eldiario.net\/portal\/author\/jeanette\/"}]}},"_links":{"self":[{"href":"https:\/\/www.eldiario.net\/portal\/wp-json\/wp\/v2\/posts\/232157","targetHints":{"allow":["GET"]}}],"collection":[{"href":"https:\/\/www.eldiario.net\/portal\/wp-json\/wp\/v2\/posts"}],"about":[{"href":"https:\/\/www.eldiario.net\/portal\/wp-json\/wp\/v2\/types\/post"}],"author":[{"embeddable":true,"href":"https:\/\/www.eldiario.net\/portal\/wp-json\/wp\/v2\/users\/1"}],"replies":[{"embeddable":true,"href":"https:\/\/www.eldiario.net\/portal\/wp-json\/wp\/v2\/comments?post=232157"}],"version-history":[{"count":1,"href":"https:\/\/www.eldiario.net\/portal\/wp-json\/wp\/v2\/posts\/232157\/revisions"}],"predecessor-version":[{"id":232158,"href":"https:\/\/www.eldiario.net\/portal\/wp-json\/wp\/v2\/posts\/232157\/revisions\/232158"}],"wp:featuredmedia":[{"embeddable":true,"href":"https:\/\/www.eldiario.net\/portal\/wp-json\/wp\/v2\/media\/158964"}],"wp:attachment":[{"href":"https:\/\/www.eldiario.net\/portal\/wp-json\/wp\/v2\/media?parent=232157"}],"wp:term":[{"taxonomy":"category","embeddable":true,"href":"https:\/\/www.eldiario.net\/portal\/wp-json\/wp\/v2\/categories?post=232157"},{"taxonomy":"post_tag","embeddable":true,"href":"https:\/\/www.eldiario.net\/portal\/wp-json\/wp\/v2\/tags?post=232157"}],"curies":[{"name":"wp","href":"https:\/\/api.w.org\/{rel}","templated":true}]}}