{"id":232155,"date":"2024-07-06T07:22:45","date_gmt":"2024-07-06T11:22:45","guid":{"rendered":"https:\/\/www.eldiario.net\/portal\/?p=232155"},"modified":"2024-07-06T07:22:45","modified_gmt":"2024-07-06T11:22:45","slug":"el-top-10-del-no-estado-plurinacional","status":"publish","type":"post","link":"https:\/\/www.eldiario.net\/portal\/2024\/07\/06\/el-top-10-del-no-estado-plurinacional\/","title":{"rendered":"El top 10 del (No) Estado Plurinacional"},"content":{"rendered":"<p>En alg\u00fan momento, los habitantes de La Paz cedieron su espacio vital a una larga lista de grupos corporativos, sindicatos, autoridades, polic\u00edas y militares. Pocas ciudades enfrentan tantos tormentos cotidianos, la mayor\u00eda de los cuales son evitables. Hace una semana, los extra\u00f1os movimientos de veh\u00edculos militares y de uniformados en la principal plaza subieron la tensi\u00f3n ciudadana al borde de un ataque de nervios.<br \/>\nHist\u00f3ricamente, La Paz es poco pac\u00edfica, desde las etapas coloniales, a lo largo del Siglo XIX y, peor todav\u00eda, como sede de gobierno desde 1898. Sin embargo, hasta hace tres d\u00e9cadas, las protestas eran como un \u201ctinku\u201d ritual. Con la ampliaci\u00f3n de las libertades democr\u00e1ticas, la pr\u00e1ctica de ocupar las calles se desbord\u00f3.<br \/>\nEl d\u00eda en el cual los buses no tropiezan con alg\u00fan obst\u00e1culo imprevisto es la excepci\u00f3n. A lo largo de la semana &#8211;a veces inclusive en s\u00e1bado y domingo&#8211; los mismos habitantes o gente llegada de otros lares, ocupan las avenidas, bloquean las esquinas, cortan los puentes.<br \/>\nLos motivos de esas acciones abarcan un ampl\u00edsimo abanico: la ley del oro, un feminicidio, el aumento salarial para los maestros, la jubilaci\u00f3n de los m\u00e9dicos, la defensa de las mascotas, los abusos de la directora del colegio fiscal, los enfermos desatendidos, el precio del pasaje, la pelea entre dos municipios, el reclamo de los cocaleros.<br \/>\nCada tanto hay desfiles con diferentes motivos, algunos repartidos en varias jornadas y en diferentes distritos. Esa pr\u00e1ctica puede ser simp\u00e1tica en un pueblo, no en una ciudad agobiada. \u00bfHasta cu\u00e1ndo seguir\u00e1n estas convocatorias absurdas? Los colegiales no aprenden historia por lucir zapatos lustrados. Las autoridades confunden a Pedro Domingo Murillo con Eduardo Abaroa. Los discursos no cambian las derrotas.<br \/>\nEl resto de la poblaci\u00f3n enfrenta otro d\u00eda de tensi\u00f3n. Llega tarde al trabajo, al aeropuerto, pierde horas en el asiento del minib\u00fas, corre como puede.<br \/>\nA ello se agrega el creciente gusto de presidentes y ministros de inventar \u201cmanifestaciones espont\u00e1neas\u201d. Las oficinas p\u00fablicas quedan vac\u00edas; el eco repite estribillos, casi siempre rid\u00edculos. El perjuicio para los sectores productivos es incalculable.<br \/>\nEn los \u00faltimos meses, a ese panorama corriente, hay que sumar los desastres por descuidos en construcciones o por la falta de mantenimiento en los cauces de los r\u00edos. Emav\u00edas y el alcalde Iv\u00e1n Arias abren zanjas que no cierran en semanas. O en meses, como la cuadra (una sola cuadra) de la calle Abd\u00f3n Saavedra. Cortan al mismo tiempo v\u00edas alternativas, sin una planificaci\u00f3n de trabajo. Asfaltan Las Cholas al mediod\u00eda de un mi\u00e9rcoles, sin tomar en cuenta la importancia de ese nudo vial y la salida de estudiantes de cuatro colegios en la zona, precisamente en ese horario.<br \/>\nEl (No) Estado tambi\u00e9n est\u00e1 instalado en el gobierno municipal, que deshace las instituciones y los pocos espacios ordenados que exist\u00edan hasta la pandemia.<br \/>\nSin contar las colas en las gasolineras.<br \/>\nSin contar los inventos de a\u00f1os nuevos para tener m\u00e1s feriados.<br \/>\nLa cereza la puso la Polic\u00eda Nacional que organiz\u00f3 sus festejos como un preste en la principal avenida de la Zona Sur. La desprestigiada instituci\u00f3n intent\u00f3 mostrar sus logros descolgando efectivos de una pasarela, corriendo en sus motos, saltando piruetas sobre colchones. \u00bfC\u00f3mo es posible que no piensen en el perjuicio que causan a la poblaci\u00f3n? Esos mismos agentes que pasean entretenidos en sus charlas virtuales pegados al celular, lucen pesadas barrigas y tienen pereza para atender urgencias, quieren hacer creer que dos d\u00edas al a\u00f1o pueden ser atletas.<br \/>\nSi aquello fue exasperante, los sucesos del 26 de junio han trascendido todo lo imaginable. A alg\u00fan asesor se le habr\u00e1 ocurrido la idea de ampliar el bulo de 2019 al 2024. Si entonces funcion\u00f3 la teor\u00eda de una conspiraci\u00f3n de fuerzas externas ambiciosas de las riquezas naturales de Bolivia para sacar a Evo Morales, podr\u00eda ensayarse el mismo discurso para proyectar a Luis Arce.<br \/>\nNo contaron con la calidad de los improvisados actores del Golpe II. Sobre todo, no tuvieron en cuenta que la prensa oficialista de pa\u00edses vecinos no es igual que en el 19. TELAM y la televisi\u00f3n argentina ya no son kirchneristas. Hasta los sensibleros periodistas europeos esta vez dudaron y en vez de \u00abalzamiento\u00bb titularon \u00abopereta\u00bb.<br \/>\nEl alto costo del despliegue militar trasciende a la sede de gobierno. Expertos han previsto que no bajar\u00e1n los precios de la canasta familiar, faltar\u00e1n m\u00e1s d\u00f3lares, llegar\u00e1n menos turistas. No se divisan inversiones externas, ni siquiera de la mafia rusa.<br \/>\n\u00a1Qu\u00e9 diferencia con La Paz de 1924! Hace un siglo era una ciudad orgullosa, abierta a los migrantes que tra\u00edan capitales y tecnolog\u00edas, moderna, estrenando parques y avenidas. Coqueta. En este 16 de Julio el \u00fanico verbo repetido es \u00abirse, irse, irse\u00bb.<\/p>\n","protected":false},"excerpt":{"rendered":"<p>En alg\u00fan momento, los habitantes de La Paz cedieron su espacio vital a una larga lista de grupos corporativos, sindicatos, autoridades, polic\u00edas y militares. Pocas ciudades enfrentan tantos tormentos cotidianos, la mayor\u00eda de los cuales son evitables. Hace una semana, los extra\u00f1os movimientos de veh\u00edculos militares y de uniformados en la principal plaza subieron la [&hellip;]<\/p>\n","protected":false},"author":1,"featured_media":157862,"comment_status":"open","ping_status":"open","sticky":false,"template":"","format":"standard","meta":{"_acf_changed":false,"footnotes":""},"categories":[9],"tags":[],"class_list":["post-232155","post","type-post","status-publish","format-standard","has-post-thumbnail","category-opinion"],"acf":{"antetitulo":"Desde la tierra"},"yoast_head":"<!-- This site is optimized with the Yoast SEO plugin v28.4 - https:\/\/yoast.com\/product\/yoast-seo-wordpress\/ -->\n<title>El top 10 del (No) Estado Plurinacional - El Diario - Bolivia<\/title>\n<meta name=\"robots\" content=\"index, follow, max-snippet:-1, max-image-preview:large, max-video-preview:-1\" \/>\n<link rel=\"canonical\" href=\"https:\/\/www.eldiario.net\/portal\/2024\/07\/06\/el-top-10-del-no-estado-plurinacional\/\" \/>\n<meta property=\"og:locale\" content=\"es_ES\" \/>\n<meta property=\"og:type\" content=\"article\" \/>\n<meta property=\"og:title\" content=\"El top 10 del (No) Estado Plurinacional - El Diario - Bolivia\" \/>\n<meta property=\"og:description\" content=\"En alg\u00fan momento, los habitantes de La Paz cedieron su espacio vital a una larga lista de grupos corporativos, sindicatos, autoridades, polic\u00edas y militares. Pocas ciudades enfrentan tantos tormentos cotidianos, la mayor\u00eda de los cuales son evitables. Hace una semana, los extra\u00f1os movimientos de veh\u00edculos militares y de uniformados en la principal plaza subieron la [&hellip;]\" \/>\n<meta property=\"og:url\" content=\"https:\/\/www.eldiario.net\/portal\/2024\/07\/06\/el-top-10-del-no-estado-plurinacional\/\" \/>\n<meta property=\"og:site_name\" content=\"El Diario - Bolivia\" \/>\n<meta property=\"article:publisher\" content=\"https:\/\/www.facebook.com\/eldiario.bolivia\/\" \/>\n<meta property=\"article:published_time\" content=\"2024-07-06T11:22:45+00:00\" \/>\n<meta property=\"og:image\" content=\"https:\/\/www.eldiario.net\/portal\/wp-content\/uploads\/2023\/06\/Lupe-Cajias.jpg\" \/>\n\t<meta property=\"og:image:width\" content=\"1200\" \/>\n\t<meta property=\"og:image:height\" content=\"628\" \/>\n\t<meta property=\"og:image:type\" content=\"image\/jpeg\" \/>\n<meta name=\"author\" content=\"Jeanette\" \/>\n<meta name=\"twitter:card\" content=\"summary_large_image\" \/>\n<meta name=\"twitter:creator\" content=\"@eldiario_net\" \/>\n<meta name=\"twitter:site\" content=\"@eldiario_net\" \/>\n<meta name=\"twitter:label1\" content=\"Escrito por\" \/>\n\t<meta name=\"twitter:data1\" content=\"Jeanette\" \/>\n\t<meta name=\"twitter:label2\" content=\"Tiempo de lectura\" \/>\n\t<meta name=\"twitter:data2\" content=\"4 minutos\" \/>\n<script type=\"application\/ld+json\" class=\"yoast-schema-graph\">{\"@context\":\"https:\\\/\\\/schema.org\",\"@graph\":[{\"@type\":\"Article\",\"@id\":\"https:\\\/\\\/www.eldiario.net\\\/portal\\\/2024\\\/07\\\/06\\\/el-top-10-del-no-estado-plurinacional\\\/#article\",\"isPartOf\":{\"@id\":\"https:\\\/\\\/www.eldiario.net\\\/portal\\\/2024\\\/07\\\/06\\\/el-top-10-del-no-estado-plurinacional\\\/\"},\"author\":{\"name\":\"Jeanette\",\"@id\":\"https:\\\/\\\/www.eldiario.net\\\/portal\\\/#\\\/schema\\\/person\\\/f46445640444750d7d753ccd04ae01b7\"},\"headline\":\"El top 10 del (No) Estado Plurinacional\",\"datePublished\":\"2024-07-06T11:22:45+00:00\",\"mainEntityOfPage\":{\"@id\":\"https:\\\/\\\/www.eldiario.net\\\/portal\\\/2024\\\/07\\\/06\\\/el-top-10-del-no-estado-plurinacional\\\/\"},\"wordCount\":839,\"commentCount\":0,\"publisher\":{\"@id\":\"https:\\\/\\\/www.eldiario.net\\\/portal\\\/#organization\"},\"image\":{\"@id\":\"https:\\\/\\\/www.eldiario.net\\\/portal\\\/2024\\\/07\\\/06\\\/el-top-10-del-no-estado-plurinacional\\\/#primaryimage\"},\"thumbnailUrl\":\"https:\\\/\\\/www.eldiario.net\\\/portal\\\/wp-content\\\/uploads\\\/2023\\\/06\\\/Lupe-Cajias.jpg\",\"articleSection\":[\"Opini\u00f3n\"],\"inLanguage\":\"es\",\"potentialAction\":[{\"@type\":\"CommentAction\",\"name\":\"Comment\",\"target\":[\"https:\\\/\\\/www.eldiario.net\\\/portal\\\/2024\\\/07\\\/06\\\/el-top-10-del-no-estado-plurinacional\\\/#respond\"]}]},{\"@type\":\"WebPage\",\"@id\":\"https:\\\/\\\/www.eldiario.net\\\/portal\\\/2024\\\/07\\\/06\\\/el-top-10-del-no-estado-plurinacional\\\/\",\"url\":\"https:\\\/\\\/www.eldiario.net\\\/portal\\\/2024\\\/07\\\/06\\\/el-top-10-del-no-estado-plurinacional\\\/\",\"name\":\"El top 10 del (No) Estado Plurinacional - El Diario - Bolivia\",\"isPartOf\":{\"@id\":\"https:\\\/\\\/www.eldiario.net\\\/portal\\\/#website\"},\"primaryImageOfPage\":{\"@id\":\"https:\\\/\\\/www.eldiario.net\\\/portal\\\/2024\\\/07\\\/06\\\/el-top-10-del-no-estado-plurinacional\\\/#primaryimage\"},\"image\":{\"@id\":\"https:\\\/\\\/www.eldiario.net\\\/portal\\\/2024\\\/07\\\/06\\\/el-top-10-del-no-estado-plurinacional\\\/#primaryimage\"},\"thumbnailUrl\":\"https:\\\/\\\/www.eldiario.net\\\/portal\\\/wp-content\\\/uploads\\\/2023\\\/06\\\/Lupe-Cajias.jpg\",\"datePublished\":\"2024-07-06T11:22:45+00:00\",\"breadcrumb\":{\"@id\":\"https:\\\/\\\/www.eldiario.net\\\/portal\\\/2024\\\/07\\\/06\\\/el-top-10-del-no-estado-plurinacional\\\/#breadcrumb\"},\"inLanguage\":\"es\",\"potentialAction\":[{\"@type\":\"ReadAction\",\"target\":[\"https:\\\/\\\/www.eldiario.net\\\/portal\\\/2024\\\/07\\\/06\\\/el-top-10-del-no-estado-plurinacional\\\/\"]}]},{\"@type\":\"ImageObject\",\"inLanguage\":\"es\",\"@id\":\"https:\\\/\\\/www.eldiario.net\\\/portal\\\/2024\\\/07\\\/06\\\/el-top-10-del-no-estado-plurinacional\\\/#primaryimage\",\"url\":\"https:\\\/\\\/www.eldiario.net\\\/portal\\\/wp-content\\\/uploads\\\/2023\\\/06\\\/Lupe-Cajias.jpg\",\"contentUrl\":\"https:\\\/\\\/www.eldiario.net\\\/portal\\\/wp-content\\\/uploads\\\/2023\\\/06\\\/Lupe-Cajias.jpg\",\"width\":1200,\"height\":628,\"caption\":\"Lupe Caj\u00edas\"},{\"@type\":\"BreadcrumbList\",\"@id\":\"https:\\\/\\\/www.eldiario.net\\\/portal\\\/2024\\\/07\\\/06\\\/el-top-10-del-no-estado-plurinacional\\\/#breadcrumb\",\"itemListElement\":[{\"@type\":\"ListItem\",\"position\":1,\"name\":\"Portada\",\"item\":\"https:\\\/\\\/www.eldiario.net\\\/portal\\\/\"},{\"@type\":\"ListItem\",\"position\":2,\"name\":\"El top 10 del (No) Estado Plurinacional\"}]},{\"@type\":\"WebSite\",\"@id\":\"https:\\\/\\\/www.eldiario.net\\\/portal\\\/#website\",\"url\":\"https:\\\/\\\/www.eldiario.net\\\/portal\\\/\",\"name\":\"El Diario - Decano de la prensa nacional\",\"description\":\"El Diario - Decano de la prensa nacional\",\"publisher\":{\"@id\":\"https:\\\/\\\/www.eldiario.net\\\/portal\\\/#organization\"},\"potentialAction\":[{\"@type\":\"SearchAction\",\"target\":{\"@type\":\"EntryPoint\",\"urlTemplate\":\"https:\\\/\\\/www.eldiario.net\\\/portal\\\/?s={search_term_string}\"},\"query-input\":{\"@type\":\"PropertyValueSpecification\",\"valueRequired\":true,\"valueName\":\"search_term_string\"}}],\"inLanguage\":\"es\"},{\"@type\":\"Organization\",\"@id\":\"https:\\\/\\\/www.eldiario.net\\\/portal\\\/#organization\",\"name\":\"El Diario - Decano de la prensa nacional\",\"url\":\"https:\\\/\\\/www.eldiario.net\\\/portal\\\/\",\"logo\":{\"@type\":\"ImageObject\",\"inLanguage\":\"es\",\"@id\":\"https:\\\/\\\/www.eldiario.net\\\/portal\\\/#\\\/schema\\\/logo\\\/image\\\/\",\"url\":\"https:\\\/\\\/www.eldiario.net\\\/portal\\\/wp-content\\\/uploads\\\/2023\\\/07\\\/logo_ED.jpg\",\"contentUrl\":\"https:\\\/\\\/www.eldiario.net\\\/portal\\\/wp-content\\\/uploads\\\/2023\\\/07\\\/logo_ED.jpg\",\"width\":272,\"height\":52,\"caption\":\"El Diario - Decano de la prensa nacional\"},\"image\":{\"@id\":\"https:\\\/\\\/www.eldiario.net\\\/portal\\\/#\\\/schema\\\/logo\\\/image\\\/\"},\"sameAs\":[\"https:\\\/\\\/www.facebook.com\\\/eldiario.bolivia\\\/\",\"https:\\\/\\\/x.com\\\/eldiario_net\"]},{\"@type\":\"Person\",\"@id\":\"https:\\\/\\\/www.eldiario.net\\\/portal\\\/#\\\/schema\\\/person\\\/f46445640444750d7d753ccd04ae01b7\",\"name\":\"Jeanette\",\"image\":{\"@type\":\"ImageObject\",\"inLanguage\":\"es\",\"@id\":\"https:\\\/\\\/secure.gravatar.com\\\/avatar\\\/3ea2118a5f7dad2b7138b1187a6b7ee55f160b9968b66013c3a3ef39dd7e5798?s=96&d=mm&r=g\",\"url\":\"https:\\\/\\\/secure.gravatar.com\\\/avatar\\\/3ea2118a5f7dad2b7138b1187a6b7ee55f160b9968b66013c3a3ef39dd7e5798?s=96&d=mm&r=g\",\"contentUrl\":\"https:\\\/\\\/secure.gravatar.com\\\/avatar\\\/3ea2118a5f7dad2b7138b1187a6b7ee55f160b9968b66013c3a3ef39dd7e5798?s=96&d=mm&r=g\",\"caption\":\"Jeanette\"},\"sameAs\":[\"https:\\\/\\\/www.eldiario.net\\\/portal\"],\"url\":\"https:\\\/\\\/www.eldiario.net\\\/portal\\\/author\\\/jeanette\\\/\"}]}<\/script>\n<!-- \/ Yoast SEO plugin. -->","yoast_head_json":{"title":"El top 10 del (No) Estado Plurinacional - El Diario - Bolivia","robots":{"index":"index","follow":"follow","max-snippet":"max-snippet:-1","max-image-preview":"max-image-preview:large","max-video-preview":"max-video-preview:-1"},"canonical":"https:\/\/www.eldiario.net\/portal\/2024\/07\/06\/el-top-10-del-no-estado-plurinacional\/","og_locale":"es_ES","og_type":"article","og_title":"El top 10 del (No) Estado Plurinacional - El Diario - Bolivia","og_description":"En alg\u00fan momento, los habitantes de La Paz cedieron su espacio vital a una larga lista de grupos corporativos, sindicatos, autoridades, polic\u00edas y militares. Pocas ciudades enfrentan tantos tormentos cotidianos, la mayor\u00eda de los cuales son evitables. Hace una semana, los extra\u00f1os movimientos de veh\u00edculos militares y de uniformados en la principal plaza subieron la [&hellip;]","og_url":"https:\/\/www.eldiario.net\/portal\/2024\/07\/06\/el-top-10-del-no-estado-plurinacional\/","og_site_name":"El Diario - Bolivia","article_publisher":"https:\/\/www.facebook.com\/eldiario.bolivia\/","article_published_time":"2024-07-06T11:22:45+00:00","og_image":[{"width":1200,"height":628,"url":"https:\/\/www.eldiario.net\/portal\/wp-content\/uploads\/2023\/06\/Lupe-Cajias.jpg","type":"image\/jpeg"}],"author":"Jeanette","twitter_card":"summary_large_image","twitter_creator":"@eldiario_net","twitter_site":"@eldiario_net","twitter_misc":{"Escrito por":"Jeanette","Tiempo de lectura":"4 minutos"},"schema":{"@context":"https:\/\/schema.org","@graph":[{"@type":"Article","@id":"https:\/\/www.eldiario.net\/portal\/2024\/07\/06\/el-top-10-del-no-estado-plurinacional\/#article","isPartOf":{"@id":"https:\/\/www.eldiario.net\/portal\/2024\/07\/06\/el-top-10-del-no-estado-plurinacional\/"},"author":{"name":"Jeanette","@id":"https:\/\/www.eldiario.net\/portal\/#\/schema\/person\/f46445640444750d7d753ccd04ae01b7"},"headline":"El top 10 del (No) Estado Plurinacional","datePublished":"2024-07-06T11:22:45+00:00","mainEntityOfPage":{"@id":"https:\/\/www.eldiario.net\/portal\/2024\/07\/06\/el-top-10-del-no-estado-plurinacional\/"},"wordCount":839,"commentCount":0,"publisher":{"@id":"https:\/\/www.eldiario.net\/portal\/#organization"},"image":{"@id":"https:\/\/www.eldiario.net\/portal\/2024\/07\/06\/el-top-10-del-no-estado-plurinacional\/#primaryimage"},"thumbnailUrl":"https:\/\/www.eldiario.net\/portal\/wp-content\/uploads\/2023\/06\/Lupe-Cajias.jpg","articleSection":["Opini\u00f3n"],"inLanguage":"es","potentialAction":[{"@type":"CommentAction","name":"Comment","target":["https:\/\/www.eldiario.net\/portal\/2024\/07\/06\/el-top-10-del-no-estado-plurinacional\/#respond"]}]},{"@type":"WebPage","@id":"https:\/\/www.eldiario.net\/portal\/2024\/07\/06\/el-top-10-del-no-estado-plurinacional\/","url":"https:\/\/www.eldiario.net\/portal\/2024\/07\/06\/el-top-10-del-no-estado-plurinacional\/","name":"El top 10 del (No) Estado Plurinacional - El Diario - Bolivia","isPartOf":{"@id":"https:\/\/www.eldiario.net\/portal\/#website"},"primaryImageOfPage":{"@id":"https:\/\/www.eldiario.net\/portal\/2024\/07\/06\/el-top-10-del-no-estado-plurinacional\/#primaryimage"},"image":{"@id":"https:\/\/www.eldiario.net\/portal\/2024\/07\/06\/el-top-10-del-no-estado-plurinacional\/#primaryimage"},"thumbnailUrl":"https:\/\/www.eldiario.net\/portal\/wp-content\/uploads\/2023\/06\/Lupe-Cajias.jpg","datePublished":"2024-07-06T11:22:45+00:00","breadcrumb":{"@id":"https:\/\/www.eldiario.net\/portal\/2024\/07\/06\/el-top-10-del-no-estado-plurinacional\/#breadcrumb"},"inLanguage":"es","potentialAction":[{"@type":"ReadAction","target":["https:\/\/www.eldiario.net\/portal\/2024\/07\/06\/el-top-10-del-no-estado-plurinacional\/"]}]},{"@type":"ImageObject","inLanguage":"es","@id":"https:\/\/www.eldiario.net\/portal\/2024\/07\/06\/el-top-10-del-no-estado-plurinacional\/#primaryimage","url":"https:\/\/www.eldiario.net\/portal\/wp-content\/uploads\/2023\/06\/Lupe-Cajias.jpg","contentUrl":"https:\/\/www.eldiario.net\/portal\/wp-content\/uploads\/2023\/06\/Lupe-Cajias.jpg","width":1200,"height":628,"caption":"Lupe Caj\u00edas"},{"@type":"BreadcrumbList","@id":"https:\/\/www.eldiario.net\/portal\/2024\/07\/06\/el-top-10-del-no-estado-plurinacional\/#breadcrumb","itemListElement":[{"@type":"ListItem","position":1,"name":"Portada","item":"https:\/\/www.eldiario.net\/portal\/"},{"@type":"ListItem","position":2,"name":"El top 10 del (No) Estado Plurinacional"}]},{"@type":"WebSite","@id":"https:\/\/www.eldiario.net\/portal\/#website","url":"https:\/\/www.eldiario.net\/portal\/","name":"El Diario - Decano de la prensa nacional","description":"El Diario - Decano de la prensa nacional","publisher":{"@id":"https:\/\/www.eldiario.net\/portal\/#organization"},"potentialAction":[{"@type":"SearchAction","target":{"@type":"EntryPoint","urlTemplate":"https:\/\/www.eldiario.net\/portal\/?s={search_term_string}"},"query-input":{"@type":"PropertyValueSpecification","valueRequired":true,"valueName":"search_term_string"}}],"inLanguage":"es"},{"@type":"Organization","@id":"https:\/\/www.eldiario.net\/portal\/#organization","name":"El Diario - Decano de la prensa nacional","url":"https:\/\/www.eldiario.net\/portal\/","logo":{"@type":"ImageObject","inLanguage":"es","@id":"https:\/\/www.eldiario.net\/portal\/#\/schema\/logo\/image\/","url":"https:\/\/www.eldiario.net\/portal\/wp-content\/uploads\/2023\/07\/logo_ED.jpg","contentUrl":"https:\/\/www.eldiario.net\/portal\/wp-content\/uploads\/2023\/07\/logo_ED.jpg","width":272,"height":52,"caption":"El Diario - Decano de la prensa nacional"},"image":{"@id":"https:\/\/www.eldiario.net\/portal\/#\/schema\/logo\/image\/"},"sameAs":["https:\/\/www.facebook.com\/eldiario.bolivia\/","https:\/\/x.com\/eldiario_net"]},{"@type":"Person","@id":"https:\/\/www.eldiario.net\/portal\/#\/schema\/person\/f46445640444750d7d753ccd04ae01b7","name":"Jeanette","image":{"@type":"ImageObject","inLanguage":"es","@id":"https:\/\/secure.gravatar.com\/avatar\/3ea2118a5f7dad2b7138b1187a6b7ee55f160b9968b66013c3a3ef39dd7e5798?s=96&d=mm&r=g","url":"https:\/\/secure.gravatar.com\/avatar\/3ea2118a5f7dad2b7138b1187a6b7ee55f160b9968b66013c3a3ef39dd7e5798?s=96&d=mm&r=g","contentUrl":"https:\/\/secure.gravatar.com\/avatar\/3ea2118a5f7dad2b7138b1187a6b7ee55f160b9968b66013c3a3ef39dd7e5798?s=96&d=mm&r=g","caption":"Jeanette"},"sameAs":["https:\/\/www.eldiario.net\/portal"],"url":"https:\/\/www.eldiario.net\/portal\/author\/jeanette\/"}]}},"_links":{"self":[{"href":"https:\/\/www.eldiario.net\/portal\/wp-json\/wp\/v2\/posts\/232155","targetHints":{"allow":["GET"]}}],"collection":[{"href":"https:\/\/www.eldiario.net\/portal\/wp-json\/wp\/v2\/posts"}],"about":[{"href":"https:\/\/www.eldiario.net\/portal\/wp-json\/wp\/v2\/types\/post"}],"author":[{"embeddable":true,"href":"https:\/\/www.eldiario.net\/portal\/wp-json\/wp\/v2\/users\/1"}],"replies":[{"embeddable":true,"href":"https:\/\/www.eldiario.net\/portal\/wp-json\/wp\/v2\/comments?post=232155"}],"version-history":[{"count":1,"href":"https:\/\/www.eldiario.net\/portal\/wp-json\/wp\/v2\/posts\/232155\/revisions"}],"predecessor-version":[{"id":232156,"href":"https:\/\/www.eldiario.net\/portal\/wp-json\/wp\/v2\/posts\/232155\/revisions\/232156"}],"wp:featuredmedia":[{"embeddable":true,"href":"https:\/\/www.eldiario.net\/portal\/wp-json\/wp\/v2\/media\/157862"}],"wp:attachment":[{"href":"https:\/\/www.eldiario.net\/portal\/wp-json\/wp\/v2\/media?parent=232155"}],"wp:term":[{"taxonomy":"category","embeddable":true,"href":"https:\/\/www.eldiario.net\/portal\/wp-json\/wp\/v2\/categories?post=232155"},{"taxonomy":"post_tag","embeddable":true,"href":"https:\/\/www.eldiario.net\/portal\/wp-json\/wp\/v2\/tags?post=232155"}],"curies":[{"name":"wp","href":"https:\/\/api.w.org\/{rel}","templated":true}]}}