{"id":232152,"date":"2024-07-06T07:22:11","date_gmt":"2024-07-06T11:22:11","guid":{"rendered":"https:\/\/www.eldiario.net\/portal\/?p=232152"},"modified":"2024-07-06T07:22:11","modified_gmt":"2024-07-06T11:22:11","slug":"gobernacion-asegura-que-cuenta-con-bs-180-millones-para-atender-demandas","status":"publish","type":"post","link":"https:\/\/www.eldiario.net\/portal\/2024\/07\/06\/gobernacion-asegura-que-cuenta-con-bs-180-millones-para-atender-demandas\/","title":{"rendered":"Gobernaci\u00f3n asegura que cuenta con  Bs 180 millones para atender demandas"},"content":{"rendered":"<p>El asesor general de la Gobernaci\u00f3n, Adalid Zabala, dijo que solo se cuenta con un presupuesto de Bs 180 millones para atender todas las demandas del departamento.<br \/>\nLa reducci\u00f3n presupuestaria para los gobiernos departamentales, municipales y universidades del pa\u00eds generan una preocupaci\u00f3n en las autoridades, desde la Gobernaci\u00f3n de Cochabamba han aclarado la distribuci\u00f3n que se tienen para los recursos.<br \/>\n\u201cEl gobierno departamental este a\u00f1o, gesti\u00f3n 2024, tiene un presupuesto que supera los mil millones de bolivianos, pero estos mil millones est\u00e1n destinados, en su mayor\u00eda, al pago de salarios al sector salud, que supera los 500 millones de bolivianos, luego tenemos recursos destinados a la renta dignidad, al pago de prediarios, a las contrapartes de riego, Emagua y seguramente tambi\u00e9n todo aquello que tiene que ver con la ABC\u201d, aclar\u00f3 a Unitel, el asesor general de la Gobernaci\u00f3n, Adalid Zabala.<br \/>\n\u201cEl recurso que dispone el gobierno departamental, seg\u00fan presupuestariamente establecido en el sistema, es de Bs 220 millones, pero l\u00edquidos disponibles de este monto solamente alcanzan a los 170, 180 millones de bolivianos; con este recurso es lo que el gobierno departamental tiene que atender todas las demandas y necesidades en esta gesti\u00f3n para el departamento de Cochabamba\u201d, inform\u00f3.<br \/>\nZabala asegur\u00f3 que para ir solventando esta dificultad econ\u00f3mica, el Gobierno Departamental fue realizando ajustes presupuestarios desde inicios de a\u00f1o.<br \/>\n\u201cHemos ido haciendo los ajustes necesarios a fin de no tropezar justamente con estas dificultades, de todas maneras, hemos ido tomando previsiones ya desde enero e ir haciendo los ajustes presupuestarios, las modificaciones, los cambios de fuentes de financiamiento, pero efectivamente tenemos muchas dificultades en poder encarar presupuesto por el tema de disponibilidad y liquidez de recursos\u201d, sostuvo.<br \/>\nUno de los principales ajustes que la Gobernaci\u00f3n encara, fue dejar de contratar personal consultor y eventual.<br \/>\n\u201cLo que hemos hecho es hacer ajustes en la planilla presupuestaria a partir de enero, es decir, ya no hemos contratado personal eventual y personal consultor en l\u00ednea, hemos estado trabajando con el personal de planta, de esa manera hemos logrado resolver estos problemas. Obviamente que cualquier ajuste afecta, pero se est\u00e1n haciendo todos los esfuerzos necesarios a fin de no perjudicar la administraci\u00f3n ni el servicio que se ofrece desde la Gobernaci\u00f3n a la poblaci\u00f3n cochabambina\u201d, asever\u00f3.<br \/>\nAsimismo, Zabala inform\u00f3 que los nueve gobernadores tuvieron un encuentro con el presidente Luis Arce, donde este se ha comprometido a hacer ajustes y ayudar un poco para que los gobiernos departamentales tengan liquidez financiera.<br \/>\n\u201cNo es esta Gobernaci\u00f3n la que est\u00e1 sopesando esta dificultad, son las nueve gobernaciones, hay que ver de qu\u00e9 manera se modifican las fuentes de financiamiento porque por ahora las gobernaciones solo percibimos conceptos de regal\u00edas hidrocarbor\u00edferas, mineras, y estos no siempre son permanentes, pueden bajar o subir, y hay que darle una suerte de estabilidad econ\u00f3mica y autonom\u00eda econ\u00f3mica a nuestros gobiernos departamentales en el marco de la autonom\u00eda\u201d, agreg\u00f3. (Cochabamba, con datos de Unitel)<\/p>\n","protected":false},"excerpt":{"rendered":"<p>El asesor general de la Gobernaci\u00f3n, Adalid Zabala, dijo que solo se cuenta con un presupuesto de Bs 180 millones para atender todas las demandas del departamento. La reducci\u00f3n presupuestaria para los gobiernos departamentales, municipales y universidades del pa\u00eds generan una preocupaci\u00f3n en las autoridades, desde la Gobernaci\u00f3n de Cochabamba han aclarado la distribuci\u00f3n que [&hellip;]<\/p>\n","protected":false},"author":1,"featured_media":232153,"comment_status":"open","ping_status":"open","sticky":false,"template":"","format":"standard","meta":{"_acf_changed":false,"footnotes":""},"categories":[12],"tags":[],"class_list":["post-232152","post","type-post","status-publish","format-standard","has-post-thumbnail","category-nacional"],"acf":{"antetitulo":"Cochabamba"},"yoast_head":"<!-- This site is optimized with the Yoast SEO plugin v28.4 - https:\/\/yoast.com\/product\/yoast-seo-wordpress\/ -->\n<title>Gobernaci\u00f3n asegura que cuenta con Bs 180 millones para atender demandas - El Diario - Bolivia<\/title>\n<meta name=\"robots\" content=\"index, follow, max-snippet:-1, max-image-preview:large, max-video-preview:-1\" \/>\n<link rel=\"canonical\" href=\"https:\/\/www.eldiario.net\/portal\/2024\/07\/06\/gobernacion-asegura-que-cuenta-con-bs-180-millones-para-atender-demandas\/\" \/>\n<meta property=\"og:locale\" content=\"es_ES\" \/>\n<meta property=\"og:type\" content=\"article\" \/>\n<meta property=\"og:title\" content=\"Gobernaci\u00f3n asegura que cuenta con Bs 180 millones para atender demandas - El Diario - Bolivia\" \/>\n<meta property=\"og:description\" content=\"El asesor general de la Gobernaci\u00f3n, Adalid Zabala, dijo que solo se cuenta con un presupuesto de Bs 180 millones para atender todas las demandas del departamento. La reducci\u00f3n presupuestaria para los gobiernos departamentales, municipales y universidades del pa\u00eds generan una preocupaci\u00f3n en las autoridades, desde la Gobernaci\u00f3n de Cochabamba han aclarado la distribuci\u00f3n que [&hellip;]\" \/>\n<meta property=\"og:url\" content=\"https:\/\/www.eldiario.net\/portal\/2024\/07\/06\/gobernacion-asegura-que-cuenta-con-bs-180-millones-para-atender-demandas\/\" \/>\n<meta property=\"og:site_name\" content=\"El Diario - Bolivia\" \/>\n<meta property=\"article:publisher\" content=\"https:\/\/www.facebook.com\/eldiario.bolivia\/\" \/>\n<meta property=\"article:published_time\" content=\"2024-07-06T11:22:11+00:00\" \/>\n<meta property=\"og:image\" content=\"https:\/\/www.eldiario.net\/portal\/wp-content\/uploads\/2024\/07\/70-NAL-1.jpg\" \/>\n\t<meta property=\"og:image:width\" content=\"770\" \/>\n\t<meta property=\"og:image:height\" content=\"430\" \/>\n\t<meta property=\"og:image:type\" content=\"image\/jpeg\" \/>\n<meta name=\"author\" content=\"Jeanette\" \/>\n<meta name=\"twitter:card\" content=\"summary_large_image\" \/>\n<meta name=\"twitter:creator\" content=\"@eldiario_net\" \/>\n<meta name=\"twitter:site\" content=\"@eldiario_net\" \/>\n<meta name=\"twitter:label1\" content=\"Escrito por\" \/>\n\t<meta name=\"twitter:data1\" content=\"Jeanette\" \/>\n\t<meta name=\"twitter:label2\" content=\"Tiempo de lectura\" \/>\n\t<meta name=\"twitter:data2\" content=\"3 minutos\" \/>\n<script type=\"application\/ld+json\" class=\"yoast-schema-graph\">{\"@context\":\"https:\\\/\\\/schema.org\",\"@graph\":[{\"@type\":\"Article\",\"@id\":\"https:\\\/\\\/www.eldiario.net\\\/portal\\\/2024\\\/07\\\/06\\\/gobernacion-asegura-que-cuenta-con-bs-180-millones-para-atender-demandas\\\/#article\",\"isPartOf\":{\"@id\":\"https:\\\/\\\/www.eldiario.net\\\/portal\\\/2024\\\/07\\\/06\\\/gobernacion-asegura-que-cuenta-con-bs-180-millones-para-atender-demandas\\\/\"},\"author\":{\"name\":\"Jeanette\",\"@id\":\"https:\\\/\\\/www.eldiario.net\\\/portal\\\/#\\\/schema\\\/person\\\/f46445640444750d7d753ccd04ae01b7\"},\"headline\":\"Gobernaci\u00f3n asegura que cuenta con Bs 180 millones para atender demandas\",\"datePublished\":\"2024-07-06T11:22:11+00:00\",\"mainEntityOfPage\":{\"@id\":\"https:\\\/\\\/www.eldiario.net\\\/portal\\\/2024\\\/07\\\/06\\\/gobernacion-asegura-que-cuenta-con-bs-180-millones-para-atender-demandas\\\/\"},\"wordCount\":519,\"commentCount\":0,\"publisher\":{\"@id\":\"https:\\\/\\\/www.eldiario.net\\\/portal\\\/#organization\"},\"image\":{\"@id\":\"https:\\\/\\\/www.eldiario.net\\\/portal\\\/2024\\\/07\\\/06\\\/gobernacion-asegura-que-cuenta-con-bs-180-millones-para-atender-demandas\\\/#primaryimage\"},\"thumbnailUrl\":\"https:\\\/\\\/www.eldiario.net\\\/portal\\\/wp-content\\\/uploads\\\/2024\\\/07\\\/70-NAL-1.jpg\",\"articleSection\":[\"Nacional\"],\"inLanguage\":\"es\",\"potentialAction\":[{\"@type\":\"CommentAction\",\"name\":\"Comment\",\"target\":[\"https:\\\/\\\/www.eldiario.net\\\/portal\\\/2024\\\/07\\\/06\\\/gobernacion-asegura-que-cuenta-con-bs-180-millones-para-atender-demandas\\\/#respond\"]}]},{\"@type\":\"WebPage\",\"@id\":\"https:\\\/\\\/www.eldiario.net\\\/portal\\\/2024\\\/07\\\/06\\\/gobernacion-asegura-que-cuenta-con-bs-180-millones-para-atender-demandas\\\/\",\"url\":\"https:\\\/\\\/www.eldiario.net\\\/portal\\\/2024\\\/07\\\/06\\\/gobernacion-asegura-que-cuenta-con-bs-180-millones-para-atender-demandas\\\/\",\"name\":\"Gobernaci\u00f3n asegura que cuenta con Bs 180 millones para atender demandas - El Diario - Bolivia\",\"isPartOf\":{\"@id\":\"https:\\\/\\\/www.eldiario.net\\\/portal\\\/#website\"},\"primaryImageOfPage\":{\"@id\":\"https:\\\/\\\/www.eldiario.net\\\/portal\\\/2024\\\/07\\\/06\\\/gobernacion-asegura-que-cuenta-con-bs-180-millones-para-atender-demandas\\\/#primaryimage\"},\"image\":{\"@id\":\"https:\\\/\\\/www.eldiario.net\\\/portal\\\/2024\\\/07\\\/06\\\/gobernacion-asegura-que-cuenta-con-bs-180-millones-para-atender-demandas\\\/#primaryimage\"},\"thumbnailUrl\":\"https:\\\/\\\/www.eldiario.net\\\/portal\\\/wp-content\\\/uploads\\\/2024\\\/07\\\/70-NAL-1.jpg\",\"datePublished\":\"2024-07-06T11:22:11+00:00\",\"breadcrumb\":{\"@id\":\"https:\\\/\\\/www.eldiario.net\\\/portal\\\/2024\\\/07\\\/06\\\/gobernacion-asegura-que-cuenta-con-bs-180-millones-para-atender-demandas\\\/#breadcrumb\"},\"inLanguage\":\"es\",\"potentialAction\":[{\"@type\":\"ReadAction\",\"target\":[\"https:\\\/\\\/www.eldiario.net\\\/portal\\\/2024\\\/07\\\/06\\\/gobernacion-asegura-que-cuenta-con-bs-180-millones-para-atender-demandas\\\/\"]}]},{\"@type\":\"ImageObject\",\"inLanguage\":\"es\",\"@id\":\"https:\\\/\\\/www.eldiario.net\\\/portal\\\/2024\\\/07\\\/06\\\/gobernacion-asegura-que-cuenta-con-bs-180-millones-para-atender-demandas\\\/#primaryimage\",\"url\":\"https:\\\/\\\/www.eldiario.net\\\/portal\\\/wp-content\\\/uploads\\\/2024\\\/07\\\/70-NAL-1.jpg\",\"contentUrl\":\"https:\\\/\\\/www.eldiario.net\\\/portal\\\/wp-content\\\/uploads\\\/2024\\\/07\\\/70-NAL-1.jpg\",\"width\":770,\"height\":430,\"caption\":\"CIUDAD DE COCHABAMBA\"},{\"@type\":\"BreadcrumbList\",\"@id\":\"https:\\\/\\\/www.eldiario.net\\\/portal\\\/2024\\\/07\\\/06\\\/gobernacion-asegura-que-cuenta-con-bs-180-millones-para-atender-demandas\\\/#breadcrumb\",\"itemListElement\":[{\"@type\":\"ListItem\",\"position\":1,\"name\":\"Portada\",\"item\":\"https:\\\/\\\/www.eldiario.net\\\/portal\\\/\"},{\"@type\":\"ListItem\",\"position\":2,\"name\":\"Gobernaci\u00f3n asegura que cuenta con Bs 180 millones para atender demandas\"}]},{\"@type\":\"WebSite\",\"@id\":\"https:\\\/\\\/www.eldiario.net\\\/portal\\\/#website\",\"url\":\"https:\\\/\\\/www.eldiario.net\\\/portal\\\/\",\"name\":\"El Diario - Decano de la prensa nacional\",\"description\":\"El Diario - Decano de la prensa nacional\",\"publisher\":{\"@id\":\"https:\\\/\\\/www.eldiario.net\\\/portal\\\/#organization\"},\"potentialAction\":[{\"@type\":\"SearchAction\",\"target\":{\"@type\":\"EntryPoint\",\"urlTemplate\":\"https:\\\/\\\/www.eldiario.net\\\/portal\\\/?s={search_term_string}\"},\"query-input\":{\"@type\":\"PropertyValueSpecification\",\"valueRequired\":true,\"valueName\":\"search_term_string\"}}],\"inLanguage\":\"es\"},{\"@type\":\"Organization\",\"@id\":\"https:\\\/\\\/www.eldiario.net\\\/portal\\\/#organization\",\"name\":\"El Diario - Decano de la prensa nacional\",\"url\":\"https:\\\/\\\/www.eldiario.net\\\/portal\\\/\",\"logo\":{\"@type\":\"ImageObject\",\"inLanguage\":\"es\",\"@id\":\"https:\\\/\\\/www.eldiario.net\\\/portal\\\/#\\\/schema\\\/logo\\\/image\\\/\",\"url\":\"https:\\\/\\\/www.eldiario.net\\\/portal\\\/wp-content\\\/uploads\\\/2023\\\/07\\\/logo_ED.jpg\",\"contentUrl\":\"https:\\\/\\\/www.eldiario.net\\\/portal\\\/wp-content\\\/uploads\\\/2023\\\/07\\\/logo_ED.jpg\",\"width\":272,\"height\":52,\"caption\":\"El Diario - Decano de la prensa nacional\"},\"image\":{\"@id\":\"https:\\\/\\\/www.eldiario.net\\\/portal\\\/#\\\/schema\\\/logo\\\/image\\\/\"},\"sameAs\":[\"https:\\\/\\\/www.facebook.com\\\/eldiario.bolivia\\\/\",\"https:\\\/\\\/x.com\\\/eldiario_net\"]},{\"@type\":\"Person\",\"@id\":\"https:\\\/\\\/www.eldiario.net\\\/portal\\\/#\\\/schema\\\/person\\\/f46445640444750d7d753ccd04ae01b7\",\"name\":\"Jeanette\",\"image\":{\"@type\":\"ImageObject\",\"inLanguage\":\"es\",\"@id\":\"https:\\\/\\\/secure.gravatar.com\\\/avatar\\\/3ea2118a5f7dad2b7138b1187a6b7ee55f160b9968b66013c3a3ef39dd7e5798?s=96&d=mm&r=g\",\"url\":\"https:\\\/\\\/secure.gravatar.com\\\/avatar\\\/3ea2118a5f7dad2b7138b1187a6b7ee55f160b9968b66013c3a3ef39dd7e5798?s=96&d=mm&r=g\",\"contentUrl\":\"https:\\\/\\\/secure.gravatar.com\\\/avatar\\\/3ea2118a5f7dad2b7138b1187a6b7ee55f160b9968b66013c3a3ef39dd7e5798?s=96&d=mm&r=g\",\"caption\":\"Jeanette\"},\"sameAs\":[\"https:\\\/\\\/www.eldiario.net\\\/portal\"],\"url\":\"https:\\\/\\\/www.eldiario.net\\\/portal\\\/author\\\/jeanette\\\/\"}]}<\/script>\n<!-- \/ Yoast SEO plugin. -->","yoast_head_json":{"title":"Gobernaci\u00f3n asegura que cuenta con Bs 180 millones para atender demandas - El Diario - Bolivia","robots":{"index":"index","follow":"follow","max-snippet":"max-snippet:-1","max-image-preview":"max-image-preview:large","max-video-preview":"max-video-preview:-1"},"canonical":"https:\/\/www.eldiario.net\/portal\/2024\/07\/06\/gobernacion-asegura-que-cuenta-con-bs-180-millones-para-atender-demandas\/","og_locale":"es_ES","og_type":"article","og_title":"Gobernaci\u00f3n asegura que cuenta con Bs 180 millones para atender demandas - El Diario - Bolivia","og_description":"El asesor general de la Gobernaci\u00f3n, Adalid Zabala, dijo que solo se cuenta con un presupuesto de Bs 180 millones para atender todas las demandas del departamento. La reducci\u00f3n presupuestaria para los gobiernos departamentales, municipales y universidades del pa\u00eds generan una preocupaci\u00f3n en las autoridades, desde la Gobernaci\u00f3n de Cochabamba han aclarado la distribuci\u00f3n que [&hellip;]","og_url":"https:\/\/www.eldiario.net\/portal\/2024\/07\/06\/gobernacion-asegura-que-cuenta-con-bs-180-millones-para-atender-demandas\/","og_site_name":"El Diario - Bolivia","article_publisher":"https:\/\/www.facebook.com\/eldiario.bolivia\/","article_published_time":"2024-07-06T11:22:11+00:00","og_image":[{"width":770,"height":430,"url":"https:\/\/www.eldiario.net\/portal\/wp-content\/uploads\/2024\/07\/70-NAL-1.jpg","type":"image\/jpeg"}],"author":"Jeanette","twitter_card":"summary_large_image","twitter_creator":"@eldiario_net","twitter_site":"@eldiario_net","twitter_misc":{"Escrito por":"Jeanette","Tiempo de lectura":"3 minutos"},"schema":{"@context":"https:\/\/schema.org","@graph":[{"@type":"Article","@id":"https:\/\/www.eldiario.net\/portal\/2024\/07\/06\/gobernacion-asegura-que-cuenta-con-bs-180-millones-para-atender-demandas\/#article","isPartOf":{"@id":"https:\/\/www.eldiario.net\/portal\/2024\/07\/06\/gobernacion-asegura-que-cuenta-con-bs-180-millones-para-atender-demandas\/"},"author":{"name":"Jeanette","@id":"https:\/\/www.eldiario.net\/portal\/#\/schema\/person\/f46445640444750d7d753ccd04ae01b7"},"headline":"Gobernaci\u00f3n asegura que cuenta con Bs 180 millones para atender demandas","datePublished":"2024-07-06T11:22:11+00:00","mainEntityOfPage":{"@id":"https:\/\/www.eldiario.net\/portal\/2024\/07\/06\/gobernacion-asegura-que-cuenta-con-bs-180-millones-para-atender-demandas\/"},"wordCount":519,"commentCount":0,"publisher":{"@id":"https:\/\/www.eldiario.net\/portal\/#organization"},"image":{"@id":"https:\/\/www.eldiario.net\/portal\/2024\/07\/06\/gobernacion-asegura-que-cuenta-con-bs-180-millones-para-atender-demandas\/#primaryimage"},"thumbnailUrl":"https:\/\/www.eldiario.net\/portal\/wp-content\/uploads\/2024\/07\/70-NAL-1.jpg","articleSection":["Nacional"],"inLanguage":"es","potentialAction":[{"@type":"CommentAction","name":"Comment","target":["https:\/\/www.eldiario.net\/portal\/2024\/07\/06\/gobernacion-asegura-que-cuenta-con-bs-180-millones-para-atender-demandas\/#respond"]}]},{"@type":"WebPage","@id":"https:\/\/www.eldiario.net\/portal\/2024\/07\/06\/gobernacion-asegura-que-cuenta-con-bs-180-millones-para-atender-demandas\/","url":"https:\/\/www.eldiario.net\/portal\/2024\/07\/06\/gobernacion-asegura-que-cuenta-con-bs-180-millones-para-atender-demandas\/","name":"Gobernaci\u00f3n asegura que cuenta con Bs 180 millones para atender demandas - El Diario - Bolivia","isPartOf":{"@id":"https:\/\/www.eldiario.net\/portal\/#website"},"primaryImageOfPage":{"@id":"https:\/\/www.eldiario.net\/portal\/2024\/07\/06\/gobernacion-asegura-que-cuenta-con-bs-180-millones-para-atender-demandas\/#primaryimage"},"image":{"@id":"https:\/\/www.eldiario.net\/portal\/2024\/07\/06\/gobernacion-asegura-que-cuenta-con-bs-180-millones-para-atender-demandas\/#primaryimage"},"thumbnailUrl":"https:\/\/www.eldiario.net\/portal\/wp-content\/uploads\/2024\/07\/70-NAL-1.jpg","datePublished":"2024-07-06T11:22:11+00:00","breadcrumb":{"@id":"https:\/\/www.eldiario.net\/portal\/2024\/07\/06\/gobernacion-asegura-que-cuenta-con-bs-180-millones-para-atender-demandas\/#breadcrumb"},"inLanguage":"es","potentialAction":[{"@type":"ReadAction","target":["https:\/\/www.eldiario.net\/portal\/2024\/07\/06\/gobernacion-asegura-que-cuenta-con-bs-180-millones-para-atender-demandas\/"]}]},{"@type":"ImageObject","inLanguage":"es","@id":"https:\/\/www.eldiario.net\/portal\/2024\/07\/06\/gobernacion-asegura-que-cuenta-con-bs-180-millones-para-atender-demandas\/#primaryimage","url":"https:\/\/www.eldiario.net\/portal\/wp-content\/uploads\/2024\/07\/70-NAL-1.jpg","contentUrl":"https:\/\/www.eldiario.net\/portal\/wp-content\/uploads\/2024\/07\/70-NAL-1.jpg","width":770,"height":430,"caption":"CIUDAD DE COCHABAMBA"},{"@type":"BreadcrumbList","@id":"https:\/\/www.eldiario.net\/portal\/2024\/07\/06\/gobernacion-asegura-que-cuenta-con-bs-180-millones-para-atender-demandas\/#breadcrumb","itemListElement":[{"@type":"ListItem","position":1,"name":"Portada","item":"https:\/\/www.eldiario.net\/portal\/"},{"@type":"ListItem","position":2,"name":"Gobernaci\u00f3n asegura que cuenta con Bs 180 millones para atender demandas"}]},{"@type":"WebSite","@id":"https:\/\/www.eldiario.net\/portal\/#website","url":"https:\/\/www.eldiario.net\/portal\/","name":"El Diario - Decano de la prensa nacional","description":"El Diario - Decano de la prensa nacional","publisher":{"@id":"https:\/\/www.eldiario.net\/portal\/#organization"},"potentialAction":[{"@type":"SearchAction","target":{"@type":"EntryPoint","urlTemplate":"https:\/\/www.eldiario.net\/portal\/?s={search_term_string}"},"query-input":{"@type":"PropertyValueSpecification","valueRequired":true,"valueName":"search_term_string"}}],"inLanguage":"es"},{"@type":"Organization","@id":"https:\/\/www.eldiario.net\/portal\/#organization","name":"El Diario - Decano de la prensa nacional","url":"https:\/\/www.eldiario.net\/portal\/","logo":{"@type":"ImageObject","inLanguage":"es","@id":"https:\/\/www.eldiario.net\/portal\/#\/schema\/logo\/image\/","url":"https:\/\/www.eldiario.net\/portal\/wp-content\/uploads\/2023\/07\/logo_ED.jpg","contentUrl":"https:\/\/www.eldiario.net\/portal\/wp-content\/uploads\/2023\/07\/logo_ED.jpg","width":272,"height":52,"caption":"El Diario - Decano de la prensa nacional"},"image":{"@id":"https:\/\/www.eldiario.net\/portal\/#\/schema\/logo\/image\/"},"sameAs":["https:\/\/www.facebook.com\/eldiario.bolivia\/","https:\/\/x.com\/eldiario_net"]},{"@type":"Person","@id":"https:\/\/www.eldiario.net\/portal\/#\/schema\/person\/f46445640444750d7d753ccd04ae01b7","name":"Jeanette","image":{"@type":"ImageObject","inLanguage":"es","@id":"https:\/\/secure.gravatar.com\/avatar\/3ea2118a5f7dad2b7138b1187a6b7ee55f160b9968b66013c3a3ef39dd7e5798?s=96&d=mm&r=g","url":"https:\/\/secure.gravatar.com\/avatar\/3ea2118a5f7dad2b7138b1187a6b7ee55f160b9968b66013c3a3ef39dd7e5798?s=96&d=mm&r=g","contentUrl":"https:\/\/secure.gravatar.com\/avatar\/3ea2118a5f7dad2b7138b1187a6b7ee55f160b9968b66013c3a3ef39dd7e5798?s=96&d=mm&r=g","caption":"Jeanette"},"sameAs":["https:\/\/www.eldiario.net\/portal"],"url":"https:\/\/www.eldiario.net\/portal\/author\/jeanette\/"}]}},"_links":{"self":[{"href":"https:\/\/www.eldiario.net\/portal\/wp-json\/wp\/v2\/posts\/232152","targetHints":{"allow":["GET"]}}],"collection":[{"href":"https:\/\/www.eldiario.net\/portal\/wp-json\/wp\/v2\/posts"}],"about":[{"href":"https:\/\/www.eldiario.net\/portal\/wp-json\/wp\/v2\/types\/post"}],"author":[{"embeddable":true,"href":"https:\/\/www.eldiario.net\/portal\/wp-json\/wp\/v2\/users\/1"}],"replies":[{"embeddable":true,"href":"https:\/\/www.eldiario.net\/portal\/wp-json\/wp\/v2\/comments?post=232152"}],"version-history":[{"count":1,"href":"https:\/\/www.eldiario.net\/portal\/wp-json\/wp\/v2\/posts\/232152\/revisions"}],"predecessor-version":[{"id":232154,"href":"https:\/\/www.eldiario.net\/portal\/wp-json\/wp\/v2\/posts\/232152\/revisions\/232154"}],"wp:featuredmedia":[{"embeddable":true,"href":"https:\/\/www.eldiario.net\/portal\/wp-json\/wp\/v2\/media\/232153"}],"wp:attachment":[{"href":"https:\/\/www.eldiario.net\/portal\/wp-json\/wp\/v2\/media?parent=232152"}],"wp:term":[{"taxonomy":"category","embeddable":true,"href":"https:\/\/www.eldiario.net\/portal\/wp-json\/wp\/v2\/categories?post=232152"},{"taxonomy":"post_tag","embeddable":true,"href":"https:\/\/www.eldiario.net\/portal\/wp-json\/wp\/v2\/tags?post=232152"}],"curies":[{"name":"wp","href":"https:\/\/api.w.org\/{rel}","templated":true}]}}