{"id":231988,"date":"2024-07-05T06:50:29","date_gmt":"2024-07-05T10:50:29","guid":{"rendered":"https:\/\/www.eldiario.net\/portal\/?p=231988"},"modified":"2024-07-05T06:50:29","modified_gmt":"2024-07-05T10:50:29","slug":"el-estado-del-arte","status":"publish","type":"post","link":"https:\/\/www.eldiario.net\/portal\/2024\/07\/05\/el-estado-del-arte\/","title":{"rendered":"El Estado del Arte"},"content":{"rendered":"<p><strong>Por: Equipo Editor<\/strong><\/p>\n<p>&nbsp;<\/p>\n<p><strong>\u00bfQu\u00e9 es el Estado del Arte?<\/strong><\/p>\n<p>&nbsp;<\/p>\n<p>El Estado del Arte es un concepto fundamental en la investigaci\u00f3n y en la elaboraci\u00f3n de trabajos acad\u00e9micos. Se refiere a un an\u00e1lisis exhaustivo y sistem\u00e1tico de la literatura existente sobre un tema espec\u00edfico en un momento dado. Es decir, es una revisi\u00f3n cr\u00edtica y actualizada de todos los estudios previos, teor\u00edas, metodolog\u00edas y descubrimientos relevantes que est\u00e1n relacionados con el tema de inter\u00e9s.<\/p>\n<p>&nbsp;<\/p>\n<p><strong>\u00bfCaracter\u00edsticas del Estado del Arte?<\/strong><\/p>\n<p>&nbsp;<\/p>\n<p>El Estado del Arte, tambi\u00e9n conocido como estado de la cuesti\u00f3n o revisi\u00f3n bibliogr\u00e1fica, se caracteriza por varios aspectos fundamentales que lo hacen crucial en la investigaci\u00f3n y la elaboraci\u00f3n de trabajos acad\u00e9micos:<\/p>\n<p>&nbsp;<\/p>\n<p><strong>Exhaustividad.<\/strong> Es una revisi\u00f3n exhaustiva y completa de la literatura disponible sobre un tema espec\u00edfico. Esto implica recopilar y analizar una amplia gama de fuentes, incluyendo art\u00edculos cient\u00edficos, libros, conferencias, informes t\u00e9cnicos, entre otros.<\/p>\n<p>&nbsp;<\/p>\n<p><strong>Actualizaci\u00f3n.<\/strong> El Estado del Arte debe reflejar la situaci\u00f3n actual del conocimiento en el \u00e1rea de estudio. Esto significa incluir las investigaciones m\u00e1s recientes y relevantes, as\u00ed como discutir c\u00f3mo ha evolucionado el campo a lo largo del tiempo.<\/p>\n<p>&nbsp;<\/p>\n<p><strong>Sistematicidad.<\/strong> Se realiza de manera sistem\u00e1tica y organizada. Los investigadores utilizan m\u00e9todos estructurados para buscar, seleccionar y analizar la literatura relevante. Esto asegura que el proceso sea transparente y reproducible.<\/p>\n<p>&nbsp;<\/p>\n<p><strong>Enfoque cr\u00edtico.<\/strong> No se limita a enumerar estudios previos, sino que tambi\u00e9n implica evaluar cr\u00edticamente la calidad y relevancia de cada fuente. Se identifican fortalezas y limitaciones de los estudios revisados, as\u00ed como posibles sesgos o \u00e1reas de controversia.<\/p>\n<p>&nbsp;<\/p>\n<p><strong>Contextualizaci\u00f3n.<\/strong> Sit\u00faa el estudio dentro de un marco te\u00f3rico y conceptual m\u00e1s amplio. Esto implica conectar los hallazgos y teor\u00edas revisadas con el problema de investigaci\u00f3n espec\u00edfico que se est\u00e1 abordando.<\/p>\n<p>&nbsp;<\/p>\n<p><strong>Identificaci\u00f3n de tendencias y temas emergentes.<\/strong> Permite identificar tendencias en la investigaci\u00f3n, \u00e1reas de consenso y debates abiertos en el campo. Tambi\u00e9n puede revelar temas emergentes que podr\u00edan ser objeto de futuros estudios.<\/p>\n<p>&nbsp;<\/p>\n<p><strong>Contribuci\u00f3n al conocimiento.<\/strong> Finalmente, el Estado del Arte no solo resume lo que se conoce, sino que tambi\u00e9n destaca c\u00f3mo el estudio actual se relaciona y contribuye al conocimiento existente. Esto es crucial para justificar la relevancia y la originalidad del trabajo de investigaci\u00f3n.<\/p>\n<p>&nbsp;<\/p>\n<p><strong>Beneficios del Estado del Arte<\/strong><\/p>\n<p>&nbsp;<\/p>\n<ol>\n<li><strong>Contextualizaci\u00f3n y marco te\u00f3rico.<\/strong> Permite situar el estudio dentro del contexto m\u00e1s amplio de la investigaci\u00f3n existente. Esto es crucial para comprender c\u00f3mo se ha desarrollado el conocimiento en el \u00e1rea y cu\u00e1les son las teor\u00edas principales que gu\u00edan el campo de estudio.<\/li>\n<\/ol>\n<p>&nbsp;<\/p>\n<ol>\n<li><strong>Identificaci\u00f3n de lagunas y oportunidades.<\/strong> Al revisar exhaustivamente la literatura, se pueden identificar \u00e1reas donde existen vac\u00edos de conocimiento o preguntas que a\u00fan no han sido respondidas. Esto puede sugerir nuevas direcciones de investigaci\u00f3n o \u00e1reas donde se necesitan m\u00e1s estudios.<\/li>\n<\/ol>\n<p>&nbsp;<\/p>\n<ol>\n<li><strong>Evitar la duplicaci\u00f3n y el plagio.<\/strong> Al conocer lo que ya se ha investigado y publicado, se evita la repetici\u00f3n innecesaria de estudios similares. Adem\u00e1s, ayuda a evitar el plagio al asegurar que se reconozca adecuadamente el trabajo de otros investigadores.<\/li>\n<\/ol>\n<p>&nbsp;<\/p>\n<ol>\n<li><strong>Fundamentaci\u00f3n y justificaci\u00f3n.<\/strong> Proporciona una base s\u00f3lida para la justificaci\u00f3n de la importancia y relevancia del estudio que se est\u00e1 realizando. Ayuda a responder preguntas como por qu\u00e9 es importante el tema de investigaci\u00f3n y cu\u00e1l es su contribuci\u00f3n al conocimiento existente.<\/li>\n<\/ol>\n<p>&nbsp;<\/p>\n<ol>\n<li><strong>Apoyo en la toma de decisiones.<\/strong> Facilita la toma de decisiones metodol\u00f3gicas, como la selecci\u00f3n de enfoques te\u00f3ricos y metodol\u00f3gicos m\u00e1s adecuados para abordar el problema de investigaci\u00f3n. Tambi\u00e9n puede guiar la elecci\u00f3n de variables y la formulaci\u00f3n de hip\u00f3tesis.<\/li>\n<\/ol>\n<p>&nbsp;<\/p>\n<p>En resumen, el Estado del Arte es una herramienta esencial para cualquier investigador o estudiante que desee realizar un estudio s\u00f3lido y relevante. Proporciona una visi\u00f3n panor\u00e1mica y cr\u00edtica del conocimiento actual en un \u00e1rea espec\u00edfica, permitiendo construir sobre bases s\u00f3lidas y contribuir de manera significativa al avance del campo de estudio.<\/p>\n\r\n                <style type=\"text\/css\">\r\n                    \r\n                    #tdi_1  .td-doubleSlider-2 .td-item1 {\r\n                        background: url(https:\/\/www.eldiario.net\/portal\/wp-content\/uploads\/2024\/07\/TE-El-Estado-del-arte-80x60.jpg) 0 0 no-repeat;\r\n                    }\r\n                    #tdi_1  .td-doubleSlider-2 .td-item2 {\r\n                        background: url(https:\/\/www.eldiario.net\/portal\/wp-content\/uploads\/2024\/07\/TE-Esquema-del-Estado-del-arte-80x60.jpg) 0 0 no-repeat;\r\n                    }\r\n                <\/style>\r\n\r\n                <div id=\"tdi_1\" class=\"td-gallery td-slide-on-2-columns\">\r\n                    <div class=\"post_td_gallery\">\r\n                        <div class=\"td-gallery-slide-top\">\r\n                           <div class=\"td-gallery-title\"><\/div>\r\n\r\n                            <div class=\"td-gallery-controls-wrapper\">\r\n                                <div class=\"td-gallery-slide-count\"><span class=\"td-gallery-slide-item-focus\">1<\/span> de 2<\/div>\r\n                                <div class=\"td-gallery-slide-prev-next-but\">\r\n                                    <i class = \"td-icon-left doubleSliderPrevButton\"><\/i>\r\n                                    <i class = \"td-icon-right doubleSliderNextButton\"><\/i>\r\n                                <\/div>\r\n                            <\/div>\r\n                        <\/div>\r\n\r\n                        <div class = \"td-doubleSlider-1 \">\r\n                            <div class = \"td-slider\">\r\n                                \r\n                    <div class = \"td-slide-item td-item1\">\r\n                        <figure class=\"td-slide-galery-figure td-slide-popup-gallery\">\r\n                            <a class=\"slide-gallery-image-link\" href=\"https:\/\/www.eldiario.net\/portal\/wp-content\/uploads\/2024\/07\/TE-El-Estado-del-arte.jpg\" title=\"TE---El-Estado-del-arte\"  data-caption=\"\"  data-description=\"\">\r\n                                <img decoding=\"async\" src=\"https:\/\/www.eldiario.net\/portal\/wp-content\/uploads\/2024\/07\/TE-El-Estado-del-arte.jpg\" alt=\"\">\r\n                            <\/a>\r\n                            \r\n                        <\/figure>\r\n                    <\/div>\r\n                    <div class = \"td-slide-item td-item2\">\r\n                        <figure class=\"td-slide-galery-figure td-slide-popup-gallery\">\r\n                            <a class=\"slide-gallery-image-link\" href=\"https:\/\/www.eldiario.net\/portal\/wp-content\/uploads\/2024\/07\/TE-Esquema-del-Estado-del-arte.jpg\" title=\"TE---Esquema-del-Estado-del-arte\"  data-caption=\"\"  data-description=\"\">\r\n                                <img decoding=\"async\" src=\"https:\/\/www.eldiario.net\/portal\/wp-content\/uploads\/2024\/07\/TE-Esquema-del-Estado-del-arte-860x420.jpg\" srcset=\"https:\/\/www.eldiario.net\/portal\/wp-content\/uploads\/2024\/07\/TE-Esquema-del-Estado-del-arte-860x420.jpg 860w, https:\/\/www.eldiario.net\/portal\/wp-content\/uploads\/2024\/07\/TE-Esquema-del-Estado-del-arte-300x147.jpg 300w, https:\/\/www.eldiario.net\/portal\/wp-content\/uploads\/2024\/07\/TE-Esquema-del-Estado-del-arte-1024x500.jpg 1024w, https:\/\/www.eldiario.net\/portal\/wp-content\/uploads\/2024\/07\/TE-Esquema-del-Estado-del-arte-768x375.jpg 768w, https:\/\/www.eldiario.net\/portal\/wp-content\/uploads\/2024\/07\/TE-Esquema-del-Estado-del-arte-696x340.jpg 696w, https:\/\/www.eldiario.net\/portal\/wp-content\/uploads\/2024\/07\/TE-Esquema-del-Estado-del-arte-1068x522.jpg 1068w, https:\/\/www.eldiario.net\/portal\/wp-content\/uploads\/2024\/07\/TE-Esquema-del-Estado-del-arte.jpg 1363w\" sizes=\"(max-width: 860px) 100vw, 860px\" alt=\"\">\r\n                            <\/a>\r\n                            \r\n                        <\/figure>\r\n                    <\/div>\r\n                            <\/div>\r\n                        <\/div>\r\n\r\n                        <div class = \"td-doubleSlider-2\">\r\n                            <div class = \"td-slider\">\r\n                                \r\n                    <div class = \"td-button td-item1\">\r\n                        <div class = \"td-border\"><\/div>\r\n                    <\/div>\r\n                    <div class = \"td-button td-item2\">\r\n                        <div class = \"td-border\"><\/div>\r\n                    <\/div>\r\n                            <\/div>\r\n                        <\/div>\r\n\r\n                    <\/div>\r\n\r\n                <\/div>\r\n                \n","protected":false},"excerpt":{"rendered":"<p>Por: Equipo Editor &nbsp; \u00bfQu\u00e9 es el Estado del Arte? &nbsp; El Estado del Arte es un concepto fundamental en la investigaci\u00f3n y en la elaboraci\u00f3n de trabajos acad\u00e9micos. Se refiere a un an\u00e1lisis exhaustivo y sistem\u00e1tico de la literatura existente sobre un tema espec\u00edfico en un momento dado. Es decir, es una revisi\u00f3n cr\u00edtica [&hellip;]<\/p>\n","protected":false},"author":1,"featured_media":231990,"comment_status":"open","ping_status":"open","sticky":false,"template":"","format":"standard","meta":{"_acf_changed":false,"footnotes":""},"categories":[43],"tags":[],"class_list":["post-231988","post","type-post","status-publish","format-standard","has-post-thumbnail","category-nuevos-horizontes"],"acf":{"antetitulo":""},"yoast_head":"<!-- This site is optimized with the Yoast SEO plugin v28.4 - https:\/\/yoast.com\/product\/yoast-seo-wordpress\/ -->\n<title>El Estado del Arte - El Diario - Bolivia<\/title>\n<meta name=\"robots\" content=\"index, follow, max-snippet:-1, max-image-preview:large, max-video-preview:-1\" \/>\n<link rel=\"canonical\" href=\"https:\/\/www.eldiario.net\/portal\/2024\/07\/05\/el-estado-del-arte\/\" \/>\n<meta property=\"og:locale\" content=\"es_ES\" \/>\n<meta property=\"og:type\" content=\"article\" \/>\n<meta property=\"og:title\" content=\"El Estado del Arte - El Diario - Bolivia\" \/>\n<meta property=\"og:description\" content=\"Por: Equipo Editor &nbsp; \u00bfQu\u00e9 es el Estado del Arte? &nbsp; El Estado del Arte es un concepto fundamental en la investigaci\u00f3n y en la elaboraci\u00f3n de trabajos acad\u00e9micos. Se refiere a un an\u00e1lisis exhaustivo y sistem\u00e1tico de la literatura existente sobre un tema espec\u00edfico en un momento dado. Es decir, es una revisi\u00f3n cr\u00edtica [&hellip;]\" \/>\n<meta property=\"og:url\" content=\"https:\/\/www.eldiario.net\/portal\/2024\/07\/05\/el-estado-del-arte\/\" \/>\n<meta property=\"og:site_name\" content=\"El Diario - Bolivia\" \/>\n<meta property=\"article:publisher\" content=\"https:\/\/www.facebook.com\/eldiario.bolivia\/\" \/>\n<meta property=\"article:published_time\" content=\"2024-07-05T10:50:29+00:00\" \/>\n<meta property=\"og:image\" content=\"https:\/\/www.eldiario.net\/portal\/wp-content\/uploads\/2024\/07\/TE-Esquema-del-Estado-del-arte.jpg\" \/>\n\t<meta property=\"og:image:width\" content=\"1363\" \/>\n\t<meta property=\"og:image:height\" content=\"666\" \/>\n\t<meta property=\"og:image:type\" content=\"image\/jpeg\" \/>\n<meta name=\"author\" content=\"Jeanette\" \/>\n<meta name=\"twitter:card\" content=\"summary_large_image\" \/>\n<meta name=\"twitter:creator\" content=\"@eldiario_net\" \/>\n<meta name=\"twitter:site\" content=\"@eldiario_net\" \/>\n<meta name=\"twitter:label1\" content=\"Escrito por\" \/>\n\t<meta name=\"twitter:data1\" content=\"Jeanette\" \/>\n\t<meta name=\"twitter:label2\" content=\"Tiempo de lectura\" \/>\n\t<meta name=\"twitter:data2\" content=\"4 minutos\" \/>\n<script type=\"application\/ld+json\" class=\"yoast-schema-graph\">{\"@context\":\"https:\\\/\\\/schema.org\",\"@graph\":[{\"@type\":\"Article\",\"@id\":\"https:\\\/\\\/www.eldiario.net\\\/portal\\\/2024\\\/07\\\/05\\\/el-estado-del-arte\\\/#article\",\"isPartOf\":{\"@id\":\"https:\\\/\\\/www.eldiario.net\\\/portal\\\/2024\\\/07\\\/05\\\/el-estado-del-arte\\\/\"},\"author\":{\"name\":\"Jeanette\",\"@id\":\"https:\\\/\\\/www.eldiario.net\\\/portal\\\/#\\\/schema\\\/person\\\/2c57cf2b7a7ae032e449e4c9b1019eac\"},\"headline\":\"El Estado del Arte\",\"datePublished\":\"2024-07-05T10:50:29+00:00\",\"mainEntityOfPage\":{\"@id\":\"https:\\\/\\\/www.eldiario.net\\\/portal\\\/2024\\\/07\\\/05\\\/el-estado-del-arte\\\/\"},\"wordCount\":744,\"commentCount\":0,\"publisher\":{\"@id\":\"https:\\\/\\\/www.eldiario.net\\\/portal\\\/#organization\"},\"image\":{\"@id\":\"https:\\\/\\\/www.eldiario.net\\\/portal\\\/2024\\\/07\\\/05\\\/el-estado-del-arte\\\/#primaryimage\"},\"thumbnailUrl\":\"https:\\\/\\\/www.eldiario.net\\\/portal\\\/wp-content\\\/uploads\\\/2024\\\/07\\\/TE-Esquema-del-Estado-del-arte.jpg\",\"articleSection\":[\"Nuevos Horizontes\"],\"inLanguage\":\"es\",\"potentialAction\":[{\"@type\":\"CommentAction\",\"name\":\"Comment\",\"target\":[\"https:\\\/\\\/www.eldiario.net\\\/portal\\\/2024\\\/07\\\/05\\\/el-estado-del-arte\\\/#respond\"]}]},{\"@type\":\"WebPage\",\"@id\":\"https:\\\/\\\/www.eldiario.net\\\/portal\\\/2024\\\/07\\\/05\\\/el-estado-del-arte\\\/\",\"url\":\"https:\\\/\\\/www.eldiario.net\\\/portal\\\/2024\\\/07\\\/05\\\/el-estado-del-arte\\\/\",\"name\":\"El Estado del Arte - El Diario - Bolivia\",\"isPartOf\":{\"@id\":\"https:\\\/\\\/www.eldiario.net\\\/portal\\\/#website\"},\"primaryImageOfPage\":{\"@id\":\"https:\\\/\\\/www.eldiario.net\\\/portal\\\/2024\\\/07\\\/05\\\/el-estado-del-arte\\\/#primaryimage\"},\"image\":{\"@id\":\"https:\\\/\\\/www.eldiario.net\\\/portal\\\/2024\\\/07\\\/05\\\/el-estado-del-arte\\\/#primaryimage\"},\"thumbnailUrl\":\"https:\\\/\\\/www.eldiario.net\\\/portal\\\/wp-content\\\/uploads\\\/2024\\\/07\\\/TE-Esquema-del-Estado-del-arte.jpg\",\"datePublished\":\"2024-07-05T10:50:29+00:00\",\"breadcrumb\":{\"@id\":\"https:\\\/\\\/www.eldiario.net\\\/portal\\\/2024\\\/07\\\/05\\\/el-estado-del-arte\\\/#breadcrumb\"},\"inLanguage\":\"es\",\"potentialAction\":[{\"@type\":\"ReadAction\",\"target\":[\"https:\\\/\\\/www.eldiario.net\\\/portal\\\/2024\\\/07\\\/05\\\/el-estado-del-arte\\\/\"]}]},{\"@type\":\"ImageObject\",\"inLanguage\":\"es\",\"@id\":\"https:\\\/\\\/www.eldiario.net\\\/portal\\\/2024\\\/07\\\/05\\\/el-estado-del-arte\\\/#primaryimage\",\"url\":\"https:\\\/\\\/www.eldiario.net\\\/portal\\\/wp-content\\\/uploads\\\/2024\\\/07\\\/TE-Esquema-del-Estado-del-arte.jpg\",\"contentUrl\":\"https:\\\/\\\/www.eldiario.net\\\/portal\\\/wp-content\\\/uploads\\\/2024\\\/07\\\/TE-Esquema-del-Estado-del-arte.jpg\",\"width\":1363,\"height\":666},{\"@type\":\"BreadcrumbList\",\"@id\":\"https:\\\/\\\/www.eldiario.net\\\/portal\\\/2024\\\/07\\\/05\\\/el-estado-del-arte\\\/#breadcrumb\",\"itemListElement\":[{\"@type\":\"ListItem\",\"position\":1,\"name\":\"Portada\",\"item\":\"https:\\\/\\\/www.eldiario.net\\\/portal\\\/\"},{\"@type\":\"ListItem\",\"position\":2,\"name\":\"El Estado del Arte\"}]},{\"@type\":\"WebSite\",\"@id\":\"https:\\\/\\\/www.eldiario.net\\\/portal\\\/#website\",\"url\":\"https:\\\/\\\/www.eldiario.net\\\/portal\\\/\",\"name\":\"El Diario - Decano de la prensa nacional\",\"description\":\"El Diario - Decano de la prensa nacional\",\"publisher\":{\"@id\":\"https:\\\/\\\/www.eldiario.net\\\/portal\\\/#organization\"},\"potentialAction\":[{\"@type\":\"SearchAction\",\"target\":{\"@type\":\"EntryPoint\",\"urlTemplate\":\"https:\\\/\\\/www.eldiario.net\\\/portal\\\/?s={search_term_string}\"},\"query-input\":{\"@type\":\"PropertyValueSpecification\",\"valueRequired\":true,\"valueName\":\"search_term_string\"}}],\"inLanguage\":\"es\"},{\"@type\":\"Organization\",\"@id\":\"https:\\\/\\\/www.eldiario.net\\\/portal\\\/#organization\",\"name\":\"El Diario - Decano de la prensa nacional\",\"url\":\"https:\\\/\\\/www.eldiario.net\\\/portal\\\/\",\"logo\":{\"@type\":\"ImageObject\",\"inLanguage\":\"es\",\"@id\":\"https:\\\/\\\/www.eldiario.net\\\/portal\\\/#\\\/schema\\\/logo\\\/image\\\/\",\"url\":\"https:\\\/\\\/www.eldiario.net\\\/portal\\\/wp-content\\\/uploads\\\/2023\\\/07\\\/logo_ED.jpg\",\"contentUrl\":\"https:\\\/\\\/www.eldiario.net\\\/portal\\\/wp-content\\\/uploads\\\/2023\\\/07\\\/logo_ED.jpg\",\"width\":272,\"height\":52,\"caption\":\"El Diario - Decano de la prensa nacional\"},\"image\":{\"@id\":\"https:\\\/\\\/www.eldiario.net\\\/portal\\\/#\\\/schema\\\/logo\\\/image\\\/\"},\"sameAs\":[\"https:\\\/\\\/www.facebook.com\\\/eldiario.bolivia\\\/\",\"https:\\\/\\\/x.com\\\/eldiario_net\"]},{\"@type\":\"Person\",\"@id\":\"https:\\\/\\\/www.eldiario.net\\\/portal\\\/#\\\/schema\\\/person\\\/2c57cf2b7a7ae032e449e4c9b1019eac\",\"name\":\"Jeanette\",\"image\":{\"@type\":\"ImageObject\",\"inLanguage\":\"es\",\"@id\":\"https:\\\/\\\/secure.gravatar.com\\\/avatar\\\/3ea2118a5f7dad2b7138b1187a6b7ee55f160b9968b66013c3a3ef39dd7e5798?s=96&d=mm&r=g\",\"url\":\"https:\\\/\\\/secure.gravatar.com\\\/avatar\\\/3ea2118a5f7dad2b7138b1187a6b7ee55f160b9968b66013c3a3ef39dd7e5798?s=96&d=mm&r=g\",\"contentUrl\":\"https:\\\/\\\/secure.gravatar.com\\\/avatar\\\/3ea2118a5f7dad2b7138b1187a6b7ee55f160b9968b66013c3a3ef39dd7e5798?s=96&d=mm&r=g\",\"caption\":\"Jeanette\"},\"sameAs\":[\"https:\\\/\\\/www.eldiario.net\\\/portal\"],\"url\":\"https:\\\/\\\/www.eldiario.net\\\/portal\\\/author\\\/jeanette\\\/\"}]}<\/script>\n<!-- \/ Yoast SEO plugin. -->","yoast_head_json":{"title":"El Estado del Arte - El Diario - Bolivia","robots":{"index":"index","follow":"follow","max-snippet":"max-snippet:-1","max-image-preview":"max-image-preview:large","max-video-preview":"max-video-preview:-1"},"canonical":"https:\/\/www.eldiario.net\/portal\/2024\/07\/05\/el-estado-del-arte\/","og_locale":"es_ES","og_type":"article","og_title":"El Estado del Arte - El Diario - Bolivia","og_description":"Por: Equipo Editor &nbsp; \u00bfQu\u00e9 es el Estado del Arte? &nbsp; El Estado del Arte es un concepto fundamental en la investigaci\u00f3n y en la elaboraci\u00f3n de trabajos acad\u00e9micos. Se refiere a un an\u00e1lisis exhaustivo y sistem\u00e1tico de la literatura existente sobre un tema espec\u00edfico en un momento dado. Es decir, es una revisi\u00f3n cr\u00edtica [&hellip;]","og_url":"https:\/\/www.eldiario.net\/portal\/2024\/07\/05\/el-estado-del-arte\/","og_site_name":"El Diario - Bolivia","article_publisher":"https:\/\/www.facebook.com\/eldiario.bolivia\/","article_published_time":"2024-07-05T10:50:29+00:00","og_image":[{"width":1363,"height":666,"url":"https:\/\/www.eldiario.net\/portal\/wp-content\/uploads\/2024\/07\/TE-Esquema-del-Estado-del-arte.jpg","type":"image\/jpeg"}],"author":"Jeanette","twitter_card":"summary_large_image","twitter_creator":"@eldiario_net","twitter_site":"@eldiario_net","twitter_misc":{"Escrito por":"Jeanette","Tiempo de lectura":"4 minutos"},"schema":{"@context":"https:\/\/schema.org","@graph":[{"@type":"Article","@id":"https:\/\/www.eldiario.net\/portal\/2024\/07\/05\/el-estado-del-arte\/#article","isPartOf":{"@id":"https:\/\/www.eldiario.net\/portal\/2024\/07\/05\/el-estado-del-arte\/"},"author":{"name":"Jeanette","@id":"https:\/\/www.eldiario.net\/portal\/#\/schema\/person\/2c57cf2b7a7ae032e449e4c9b1019eac"},"headline":"El Estado del Arte","datePublished":"2024-07-05T10:50:29+00:00","mainEntityOfPage":{"@id":"https:\/\/www.eldiario.net\/portal\/2024\/07\/05\/el-estado-del-arte\/"},"wordCount":744,"commentCount":0,"publisher":{"@id":"https:\/\/www.eldiario.net\/portal\/#organization"},"image":{"@id":"https:\/\/www.eldiario.net\/portal\/2024\/07\/05\/el-estado-del-arte\/#primaryimage"},"thumbnailUrl":"https:\/\/www.eldiario.net\/portal\/wp-content\/uploads\/2024\/07\/TE-Esquema-del-Estado-del-arte.jpg","articleSection":["Nuevos Horizontes"],"inLanguage":"es","potentialAction":[{"@type":"CommentAction","name":"Comment","target":["https:\/\/www.eldiario.net\/portal\/2024\/07\/05\/el-estado-del-arte\/#respond"]}]},{"@type":"WebPage","@id":"https:\/\/www.eldiario.net\/portal\/2024\/07\/05\/el-estado-del-arte\/","url":"https:\/\/www.eldiario.net\/portal\/2024\/07\/05\/el-estado-del-arte\/","name":"El Estado del Arte - El Diario - Bolivia","isPartOf":{"@id":"https:\/\/www.eldiario.net\/portal\/#website"},"primaryImageOfPage":{"@id":"https:\/\/www.eldiario.net\/portal\/2024\/07\/05\/el-estado-del-arte\/#primaryimage"},"image":{"@id":"https:\/\/www.eldiario.net\/portal\/2024\/07\/05\/el-estado-del-arte\/#primaryimage"},"thumbnailUrl":"https:\/\/www.eldiario.net\/portal\/wp-content\/uploads\/2024\/07\/TE-Esquema-del-Estado-del-arte.jpg","datePublished":"2024-07-05T10:50:29+00:00","breadcrumb":{"@id":"https:\/\/www.eldiario.net\/portal\/2024\/07\/05\/el-estado-del-arte\/#breadcrumb"},"inLanguage":"es","potentialAction":[{"@type":"ReadAction","target":["https:\/\/www.eldiario.net\/portal\/2024\/07\/05\/el-estado-del-arte\/"]}]},{"@type":"ImageObject","inLanguage":"es","@id":"https:\/\/www.eldiario.net\/portal\/2024\/07\/05\/el-estado-del-arte\/#primaryimage","url":"https:\/\/www.eldiario.net\/portal\/wp-content\/uploads\/2024\/07\/TE-Esquema-del-Estado-del-arte.jpg","contentUrl":"https:\/\/www.eldiario.net\/portal\/wp-content\/uploads\/2024\/07\/TE-Esquema-del-Estado-del-arte.jpg","width":1363,"height":666},{"@type":"BreadcrumbList","@id":"https:\/\/www.eldiario.net\/portal\/2024\/07\/05\/el-estado-del-arte\/#breadcrumb","itemListElement":[{"@type":"ListItem","position":1,"name":"Portada","item":"https:\/\/www.eldiario.net\/portal\/"},{"@type":"ListItem","position":2,"name":"El Estado del Arte"}]},{"@type":"WebSite","@id":"https:\/\/www.eldiario.net\/portal\/#website","url":"https:\/\/www.eldiario.net\/portal\/","name":"El Diario - Decano de la prensa nacional","description":"El Diario - Decano de la prensa nacional","publisher":{"@id":"https:\/\/www.eldiario.net\/portal\/#organization"},"potentialAction":[{"@type":"SearchAction","target":{"@type":"EntryPoint","urlTemplate":"https:\/\/www.eldiario.net\/portal\/?s={search_term_string}"},"query-input":{"@type":"PropertyValueSpecification","valueRequired":true,"valueName":"search_term_string"}}],"inLanguage":"es"},{"@type":"Organization","@id":"https:\/\/www.eldiario.net\/portal\/#organization","name":"El Diario - Decano de la prensa nacional","url":"https:\/\/www.eldiario.net\/portal\/","logo":{"@type":"ImageObject","inLanguage":"es","@id":"https:\/\/www.eldiario.net\/portal\/#\/schema\/logo\/image\/","url":"https:\/\/www.eldiario.net\/portal\/wp-content\/uploads\/2023\/07\/logo_ED.jpg","contentUrl":"https:\/\/www.eldiario.net\/portal\/wp-content\/uploads\/2023\/07\/logo_ED.jpg","width":272,"height":52,"caption":"El Diario - Decano de la prensa nacional"},"image":{"@id":"https:\/\/www.eldiario.net\/portal\/#\/schema\/logo\/image\/"},"sameAs":["https:\/\/www.facebook.com\/eldiario.bolivia\/","https:\/\/x.com\/eldiario_net"]},{"@type":"Person","@id":"https:\/\/www.eldiario.net\/portal\/#\/schema\/person\/2c57cf2b7a7ae032e449e4c9b1019eac","name":"Jeanette","image":{"@type":"ImageObject","inLanguage":"es","@id":"https:\/\/secure.gravatar.com\/avatar\/3ea2118a5f7dad2b7138b1187a6b7ee55f160b9968b66013c3a3ef39dd7e5798?s=96&d=mm&r=g","url":"https:\/\/secure.gravatar.com\/avatar\/3ea2118a5f7dad2b7138b1187a6b7ee55f160b9968b66013c3a3ef39dd7e5798?s=96&d=mm&r=g","contentUrl":"https:\/\/secure.gravatar.com\/avatar\/3ea2118a5f7dad2b7138b1187a6b7ee55f160b9968b66013c3a3ef39dd7e5798?s=96&d=mm&r=g","caption":"Jeanette"},"sameAs":["https:\/\/www.eldiario.net\/portal"],"url":"https:\/\/www.eldiario.net\/portal\/author\/jeanette\/"}]}},"_links":{"self":[{"href":"https:\/\/www.eldiario.net\/portal\/wp-json\/wp\/v2\/posts\/231988","targetHints":{"allow":["GET"]}}],"collection":[{"href":"https:\/\/www.eldiario.net\/portal\/wp-json\/wp\/v2\/posts"}],"about":[{"href":"https:\/\/www.eldiario.net\/portal\/wp-json\/wp\/v2\/types\/post"}],"author":[{"embeddable":true,"href":"https:\/\/www.eldiario.net\/portal\/wp-json\/wp\/v2\/users\/1"}],"replies":[{"embeddable":true,"href":"https:\/\/www.eldiario.net\/portal\/wp-json\/wp\/v2\/comments?post=231988"}],"version-history":[{"count":1,"href":"https:\/\/www.eldiario.net\/portal\/wp-json\/wp\/v2\/posts\/231988\/revisions"}],"predecessor-version":[{"id":231991,"href":"https:\/\/www.eldiario.net\/portal\/wp-json\/wp\/v2\/posts\/231988\/revisions\/231991"}],"wp:featuredmedia":[{"embeddable":true,"href":"https:\/\/www.eldiario.net\/portal\/wp-json\/wp\/v2\/media\/231990"}],"wp:attachment":[{"href":"https:\/\/www.eldiario.net\/portal\/wp-json\/wp\/v2\/media?parent=231988"}],"wp:term":[{"taxonomy":"category","embeddable":true,"href":"https:\/\/www.eldiario.net\/portal\/wp-json\/wp\/v2\/categories?post=231988"},{"taxonomy":"post_tag","embeddable":true,"href":"https:\/\/www.eldiario.net\/portal\/wp-json\/wp\/v2\/tags?post=231988"}],"curies":[{"name":"wp","href":"https:\/\/api.w.org\/{rel}","templated":true}]}}