{"id":231984,"date":"2024-07-05T06:49:33","date_gmt":"2024-07-05T10:49:33","guid":{"rendered":"https:\/\/www.eldiario.net\/portal\/?p=231984"},"modified":"2024-07-05T06:49:33","modified_gmt":"2024-07-05T10:49:33","slug":"la-sociedad-y-su-estructura","status":"publish","type":"post","link":"https:\/\/www.eldiario.net\/portal\/2024\/07\/05\/la-sociedad-y-su-estructura\/","title":{"rendered":"La sociedad y su estructura"},"content":{"rendered":"<p><strong>Por: Equipo Editor<\/strong><\/p>\n<p>&nbsp;<\/p>\n<p><strong>\u00bfQu\u00e9 es la sociedad?<\/strong><\/p>\n<p>&nbsp;<\/p>\n<p>Una sociedad es un grupo grande de personas que viven juntas en un \u00e1rea geogr\u00e1fica y comparten formas de vida, normas, valores y cultura. Es como una comunidad extendida donde las personas interact\u00faan entre s\u00ed, forman relaciones, trabajan juntas y comparten recursos. La sociedad incluye diferentes tipos de personas con diversas creencias, tradiciones y formas de pensar, lo que enriquece la vida en comunidad.<\/p>\n<p>&nbsp;<\/p>\n<p>En una sociedad, cada persona tiene roles y responsabilidades basados en su edad, g\u00e9nero, ocupaci\u00f3n y posici\u00f3n social. Estos roles pueden incluir ser estudiante, trabajador, padre, amigo, entre otros. Adem\u00e1s, las sociedades est\u00e1n organizadas en instituciones como la familia, la escuela, el gobierno y la econom\u00eda, que ayudan a mantener el orden y la estructura social.<\/p>\n<p>&nbsp;<\/p>\n<p>Es importante entender que las sociedades pueden variar mucho de una regi\u00f3n a otra y pueden experimentar cambios a lo largo del tiempo debido a factores como la tecnolog\u00eda, la pol\u00edtica y los valores culturales. A trav\u00e9s de la interacci\u00f3n social y la colaboraci\u00f3n, las sociedades buscan satisfacer las necesidades de sus miembros y asegurar el bienestar colectivo.<\/p>\n<p>&nbsp;<\/p>\n<p><strong>\u00bfCu\u00e1l es la estructura de la sociedad?<\/strong><\/p>\n<p>&nbsp;<\/p>\n<p>La estructura de la sociedad es un concepto central en sociolog\u00eda que se refiere a la organizaci\u00f3n y disposici\u00f3n de sus componentes principales, as\u00ed como a las relaciones y jerarqu\u00edas que existen entre ellos. Aqu\u00ed te explico de manera detallada c\u00f3mo se desarrolla esta estructura:<\/p>\n<p>&nbsp;<\/p>\n<ol>\n<li><strong>Instituciones sociales.<\/strong> Las sociedades est\u00e1n organizadas en torno a instituciones sociales clave como la familia, la educaci\u00f3n, la religi\u00f3n, el gobierno, la econom\u00eda, entre otras. Cada una de estas instituciones cumple funciones espec\u00edficas y contribuye a la organizaci\u00f3n social general.<\/li>\n<\/ol>\n<p>&nbsp;<\/p>\n<ol>\n<li><strong>Roles sociales.<\/strong> Dentro de cada instituci\u00f3n, los individuos desempe\u00f1an roles sociales. Estos roles son conjuntos de comportamientos, derechos y obligaciones esperados de una persona en funci\u00f3n de su posici\u00f3n en la sociedad. Por ejemplo, el rol de padre\/madre en la familia, el rol de estudiante en el \u00e1mbito educativo, etc.<\/li>\n<\/ol>\n<p>&nbsp;<\/p>\n<ol>\n<li><strong>Estratificaci\u00f3n social.<\/strong> La estratificaci\u00f3n social se refiere a la divisi\u00f3n jer\u00e1rquica de la sociedad en grupos sociales que tienen diferentes niveles de acceso a recursos y oportunidades. Esto incluye la estratificaci\u00f3n basada en la clase social, el g\u00e9nero, la etnicidad, la edad, entre otros factores.<\/li>\n<\/ol>\n<p>&nbsp;<\/p>\n<ol>\n<li><strong>Status social.<\/strong> Junto con los roles, las personas ocupan diferentes estatus sociales que les confieren prestigio y reconocimiento dentro de la sociedad. Estos estatus pueden ser adquiridos (como el estatus derivado de la educaci\u00f3n o la profesi\u00f3n) o atribuidos (como el estatus derivado del origen \u00e9tnico o la posici\u00f3n familiar).<\/li>\n<\/ol>\n<p>&nbsp;<\/p>\n<ol>\n<li><strong>Redes sociales e interacciones.<\/strong> La estructura social tambi\u00e9n se desarrolla a trav\u00e9s de redes de interacciones sociales entre individuos y grupos. Estas redes pueden ser formales (como relaciones en el trabajo o en la escuela) o informales (como amistades y relaciones personales).<\/li>\n<\/ol>\n<p>&nbsp;<\/p>\n<ol>\n<li><strong>Cambio social.<\/strong> La estructura de la sociedad no es est\u00e1tica y est\u00e1 sujeta a cambios a lo largo del tiempo. Los cambios sociales pueden ocurrir debido a factores como la innovaci\u00f3n tecnol\u00f3gica, los movimientos sociales, los cambios demogr\u00e1ficos, entre otros. Estos cambios pueden alterar las instituciones, los roles sociales y las relaciones entre grupos.<\/li>\n<\/ol>\n<p>&nbsp;<\/p>\n<ol>\n<li><strong>Globalizaci\u00f3n y diversidad cultural.<\/strong> En un contexto globalizado, las estructuras sociales pueden verse influenciadas por la interconexi\u00f3n global y la diversidad cultural. Esto puede dar lugar a la creaci\u00f3n de nuevas identidades sociales y a la reconfiguraci\u00f3n de las relaciones sociales tradicionales.<\/li>\n<\/ol>\n<p>&nbsp;<\/p>\n<p>En resumen, la estructura de la sociedad es el resultado de la interacci\u00f3n compleja entre instituciones, roles sociales, estratificaci\u00f3n, redes sociales y cambios sociales. Estudiar c\u00f3mo se desarrolla esta estructura nos ayuda a entender c\u00f3mo se organiza y funciona una sociedad en diferentes contextos hist\u00f3ricos y culturales, as\u00ed como a analizar los desaf\u00edos y oportunidades que enfrenta en la actualidad.<\/p>\n\r\n                <style type=\"text\/css\">\r\n                    \r\n                    #tdi_1  .td-doubleSlider-2 .td-item1 {\r\n                        background: url(https:\/\/www.eldiario.net\/portal\/wp-content\/uploads\/2024\/07\/Socio-La-sociedad-80x60.jpg) 0 0 no-repeat;\r\n                    }\r\n                    #tdi_1  .td-doubleSlider-2 .td-item2 {\r\n                        background: url(https:\/\/www.eldiario.net\/portal\/wp-content\/uploads\/2024\/07\/Socio-Sociedad-80x60.jpg) 0 0 no-repeat;\r\n                    }\r\n                <\/style>\r\n\r\n                <div id=\"tdi_1\" class=\"td-gallery td-slide-on-2-columns\">\r\n                    <div class=\"post_td_gallery\">\r\n                        <div class=\"td-gallery-slide-top\">\r\n                           <div class=\"td-gallery-title\"><\/div>\r\n\r\n                            <div class=\"td-gallery-controls-wrapper\">\r\n                                <div class=\"td-gallery-slide-count\"><span class=\"td-gallery-slide-item-focus\">1<\/span> de 2<\/div>\r\n                                <div class=\"td-gallery-slide-prev-next-but\">\r\n                                    <i class = \"td-icon-left doubleSliderPrevButton\"><\/i>\r\n                                    <i class = \"td-icon-right doubleSliderNextButton\"><\/i>\r\n                                <\/div>\r\n                            <\/div>\r\n                        <\/div>\r\n\r\n                        <div class = \"td-doubleSlider-1 \">\r\n                            <div class = \"td-slider\">\r\n                                \r\n                    <div class = \"td-slide-item td-item1\">\r\n                        <figure class=\"td-slide-galery-figure td-slide-popup-gallery\">\r\n                            <a class=\"slide-gallery-image-link\" href=\"https:\/\/www.eldiario.net\/portal\/wp-content\/uploads\/2024\/07\/Socio-La-sociedad.jpg\" title=\"Socio---La-sociedad\"  data-caption=\"\"  data-description=\"\">\r\n                                <img decoding=\"async\" src=\"https:\/\/www.eldiario.net\/portal\/wp-content\/uploads\/2024\/07\/Socio-La-sociedad.jpg\" srcset=\"https:\/\/www.eldiario.net\/portal\/wp-content\/uploads\/2024\/07\/Socio-La-sociedad.jpg 225w, https:\/\/www.eldiario.net\/portal\/wp-content\/uploads\/2024\/07\/Socio-La-sociedad-150x150.jpg 150w\" sizes=\"(max-width: 225px) 100vw, 225px\" alt=\"\">\r\n                            <\/a>\r\n                            \r\n                        <\/figure>\r\n                    <\/div>\r\n                    <div class = \"td-slide-item td-item2\">\r\n                        <figure class=\"td-slide-galery-figure td-slide-popup-gallery\">\r\n                            <a class=\"slide-gallery-image-link\" href=\"https:\/\/www.eldiario.net\/portal\/wp-content\/uploads\/2024\/07\/Socio-Sociedad.jpg\" title=\"Socio---Sociedad\"  data-caption=\"\"  data-description=\"\">\r\n                                <img decoding=\"async\" src=\"https:\/\/www.eldiario.net\/portal\/wp-content\/uploads\/2024\/07\/Socio-Sociedad.jpg\" srcset=\"https:\/\/www.eldiario.net\/portal\/wp-content\/uploads\/2024\/07\/Socio-Sociedad.jpg 259w, https:\/\/www.eldiario.net\/portal\/wp-content\/uploads\/2024\/07\/Socio-Sociedad-80x60.jpg 80w\" sizes=\"(max-width: 259px) 100vw, 259px\" alt=\"\">\r\n                            <\/a>\r\n                            \r\n                        <\/figure>\r\n                    <\/div>\r\n                            <\/div>\r\n                        <\/div>\r\n\r\n                        <div class = \"td-doubleSlider-2\">\r\n                            <div class = \"td-slider\">\r\n                                \r\n                    <div class = \"td-button td-item1\">\r\n                        <div class = \"td-border\"><\/div>\r\n                    <\/div>\r\n                    <div class = \"td-button td-item2\">\r\n                        <div class = \"td-border\"><\/div>\r\n                    <\/div>\r\n                            <\/div>\r\n                        <\/div>\r\n\r\n                    <\/div>\r\n\r\n                <\/div>\r\n                \n","protected":false},"excerpt":{"rendered":"<p>Por: Equipo Editor &nbsp; \u00bfQu\u00e9 es la sociedad? &nbsp; Una sociedad es un grupo grande de personas que viven juntas en un \u00e1rea geogr\u00e1fica y comparten formas de vida, normas, valores y cultura. Es como una comunidad extendida donde las personas interact\u00faan entre s\u00ed, forman relaciones, trabajan juntas y comparten recursos. La sociedad incluye diferentes [&hellip;]<\/p>\n","protected":false},"author":1,"featured_media":231985,"comment_status":"open","ping_status":"open","sticky":false,"template":"","format":"standard","meta":{"_acf_changed":false,"footnotes":""},"categories":[43],"tags":[],"class_list":["post-231984","post","type-post","status-publish","format-standard","has-post-thumbnail","category-nuevos-horizontes"],"acf":{"antetitulo":""},"yoast_head":"<!-- This site is optimized with the Yoast SEO plugin v28.4 - https:\/\/yoast.com\/product\/yoast-seo-wordpress\/ -->\n<title>La sociedad y su estructura - El Diario - Bolivia<\/title>\n<meta name=\"robots\" content=\"index, follow, max-snippet:-1, max-image-preview:large, max-video-preview:-1\" \/>\n<link rel=\"canonical\" href=\"https:\/\/www.eldiario.net\/portal\/2024\/07\/05\/la-sociedad-y-su-estructura\/\" \/>\n<meta property=\"og:locale\" content=\"es_ES\" \/>\n<meta property=\"og:type\" content=\"article\" \/>\n<meta property=\"og:title\" content=\"La sociedad y su estructura - El Diario - Bolivia\" \/>\n<meta property=\"og:description\" content=\"Por: Equipo Editor &nbsp; \u00bfQu\u00e9 es la sociedad? &nbsp; Una sociedad es un grupo grande de personas que viven juntas en un \u00e1rea geogr\u00e1fica y comparten formas de vida, normas, valores y cultura. Es como una comunidad extendida donde las personas interact\u00faan entre s\u00ed, forman relaciones, trabajan juntas y comparten recursos. La sociedad incluye diferentes [&hellip;]\" \/>\n<meta property=\"og:url\" content=\"https:\/\/www.eldiario.net\/portal\/2024\/07\/05\/la-sociedad-y-su-estructura\/\" \/>\n<meta property=\"og:site_name\" content=\"El Diario - Bolivia\" \/>\n<meta property=\"article:publisher\" content=\"https:\/\/www.facebook.com\/eldiario.bolivia\/\" \/>\n<meta property=\"article:published_time\" content=\"2024-07-05T10:49:33+00:00\" \/>\n<meta property=\"og:image\" content=\"https:\/\/www.eldiario.net\/portal\/wp-content\/uploads\/2024\/07\/Socio-La-sociedad.jpg\" \/>\n\t<meta property=\"og:image:width\" content=\"225\" \/>\n\t<meta property=\"og:image:height\" content=\"225\" \/>\n\t<meta property=\"og:image:type\" content=\"image\/jpeg\" \/>\n<meta name=\"author\" content=\"Jeanette\" \/>\n<meta name=\"twitter:card\" content=\"summary_large_image\" \/>\n<meta name=\"twitter:creator\" content=\"@eldiario_net\" \/>\n<meta name=\"twitter:site\" content=\"@eldiario_net\" \/>\n<meta name=\"twitter:label1\" content=\"Escrito por\" \/>\n\t<meta name=\"twitter:data1\" content=\"Jeanette\" \/>\n\t<meta name=\"twitter:label2\" content=\"Tiempo de lectura\" \/>\n\t<meta name=\"twitter:data2\" content=\"4 minutos\" \/>\n<script type=\"application\/ld+json\" class=\"yoast-schema-graph\">{\"@context\":\"https:\\\/\\\/schema.org\",\"@graph\":[{\"@type\":\"Article\",\"@id\":\"https:\\\/\\\/www.eldiario.net\\\/portal\\\/2024\\\/07\\\/05\\\/la-sociedad-y-su-estructura\\\/#article\",\"isPartOf\":{\"@id\":\"https:\\\/\\\/www.eldiario.net\\\/portal\\\/2024\\\/07\\\/05\\\/la-sociedad-y-su-estructura\\\/\"},\"author\":{\"name\":\"Jeanette\",\"@id\":\"https:\\\/\\\/www.eldiario.net\\\/portal\\\/#\\\/schema\\\/person\\\/f46445640444750d7d753ccd04ae01b7\"},\"headline\":\"La sociedad y su estructura\",\"datePublished\":\"2024-07-05T10:49:33+00:00\",\"mainEntityOfPage\":{\"@id\":\"https:\\\/\\\/www.eldiario.net\\\/portal\\\/2024\\\/07\\\/05\\\/la-sociedad-y-su-estructura\\\/\"},\"wordCount\":704,\"commentCount\":0,\"publisher\":{\"@id\":\"https:\\\/\\\/www.eldiario.net\\\/portal\\\/#organization\"},\"image\":{\"@id\":\"https:\\\/\\\/www.eldiario.net\\\/portal\\\/2024\\\/07\\\/05\\\/la-sociedad-y-su-estructura\\\/#primaryimage\"},\"thumbnailUrl\":\"https:\\\/\\\/www.eldiario.net\\\/portal\\\/wp-content\\\/uploads\\\/2024\\\/07\\\/Socio-La-sociedad.jpg\",\"articleSection\":[\"Nuevos Horizontes\"],\"inLanguage\":\"es\",\"potentialAction\":[{\"@type\":\"CommentAction\",\"name\":\"Comment\",\"target\":[\"https:\\\/\\\/www.eldiario.net\\\/portal\\\/2024\\\/07\\\/05\\\/la-sociedad-y-su-estructura\\\/#respond\"]}]},{\"@type\":\"WebPage\",\"@id\":\"https:\\\/\\\/www.eldiario.net\\\/portal\\\/2024\\\/07\\\/05\\\/la-sociedad-y-su-estructura\\\/\",\"url\":\"https:\\\/\\\/www.eldiario.net\\\/portal\\\/2024\\\/07\\\/05\\\/la-sociedad-y-su-estructura\\\/\",\"name\":\"La sociedad y su estructura - El Diario - Bolivia\",\"isPartOf\":{\"@id\":\"https:\\\/\\\/www.eldiario.net\\\/portal\\\/#website\"},\"primaryImageOfPage\":{\"@id\":\"https:\\\/\\\/www.eldiario.net\\\/portal\\\/2024\\\/07\\\/05\\\/la-sociedad-y-su-estructura\\\/#primaryimage\"},\"image\":{\"@id\":\"https:\\\/\\\/www.eldiario.net\\\/portal\\\/2024\\\/07\\\/05\\\/la-sociedad-y-su-estructura\\\/#primaryimage\"},\"thumbnailUrl\":\"https:\\\/\\\/www.eldiario.net\\\/portal\\\/wp-content\\\/uploads\\\/2024\\\/07\\\/Socio-La-sociedad.jpg\",\"datePublished\":\"2024-07-05T10:49:33+00:00\",\"breadcrumb\":{\"@id\":\"https:\\\/\\\/www.eldiario.net\\\/portal\\\/2024\\\/07\\\/05\\\/la-sociedad-y-su-estructura\\\/#breadcrumb\"},\"inLanguage\":\"es\",\"potentialAction\":[{\"@type\":\"ReadAction\",\"target\":[\"https:\\\/\\\/www.eldiario.net\\\/portal\\\/2024\\\/07\\\/05\\\/la-sociedad-y-su-estructura\\\/\"]}]},{\"@type\":\"ImageObject\",\"inLanguage\":\"es\",\"@id\":\"https:\\\/\\\/www.eldiario.net\\\/portal\\\/2024\\\/07\\\/05\\\/la-sociedad-y-su-estructura\\\/#primaryimage\",\"url\":\"https:\\\/\\\/www.eldiario.net\\\/portal\\\/wp-content\\\/uploads\\\/2024\\\/07\\\/Socio-La-sociedad.jpg\",\"contentUrl\":\"https:\\\/\\\/www.eldiario.net\\\/portal\\\/wp-content\\\/uploads\\\/2024\\\/07\\\/Socio-La-sociedad.jpg\",\"width\":225,\"height\":225},{\"@type\":\"BreadcrumbList\",\"@id\":\"https:\\\/\\\/www.eldiario.net\\\/portal\\\/2024\\\/07\\\/05\\\/la-sociedad-y-su-estructura\\\/#breadcrumb\",\"itemListElement\":[{\"@type\":\"ListItem\",\"position\":1,\"name\":\"Portada\",\"item\":\"https:\\\/\\\/www.eldiario.net\\\/portal\\\/\"},{\"@type\":\"ListItem\",\"position\":2,\"name\":\"La sociedad y su estructura\"}]},{\"@type\":\"WebSite\",\"@id\":\"https:\\\/\\\/www.eldiario.net\\\/portal\\\/#website\",\"url\":\"https:\\\/\\\/www.eldiario.net\\\/portal\\\/\",\"name\":\"El Diario - Decano de la prensa nacional\",\"description\":\"El Diario - Decano de la prensa nacional\",\"publisher\":{\"@id\":\"https:\\\/\\\/www.eldiario.net\\\/portal\\\/#organization\"},\"potentialAction\":[{\"@type\":\"SearchAction\",\"target\":{\"@type\":\"EntryPoint\",\"urlTemplate\":\"https:\\\/\\\/www.eldiario.net\\\/portal\\\/?s={search_term_string}\"},\"query-input\":{\"@type\":\"PropertyValueSpecification\",\"valueRequired\":true,\"valueName\":\"search_term_string\"}}],\"inLanguage\":\"es\"},{\"@type\":\"Organization\",\"@id\":\"https:\\\/\\\/www.eldiario.net\\\/portal\\\/#organization\",\"name\":\"El Diario - Decano de la prensa nacional\",\"url\":\"https:\\\/\\\/www.eldiario.net\\\/portal\\\/\",\"logo\":{\"@type\":\"ImageObject\",\"inLanguage\":\"es\",\"@id\":\"https:\\\/\\\/www.eldiario.net\\\/portal\\\/#\\\/schema\\\/logo\\\/image\\\/\",\"url\":\"https:\\\/\\\/www.eldiario.net\\\/portal\\\/wp-content\\\/uploads\\\/2023\\\/07\\\/logo_ED.jpg\",\"contentUrl\":\"https:\\\/\\\/www.eldiario.net\\\/portal\\\/wp-content\\\/uploads\\\/2023\\\/07\\\/logo_ED.jpg\",\"width\":272,\"height\":52,\"caption\":\"El Diario - Decano de la prensa nacional\"},\"image\":{\"@id\":\"https:\\\/\\\/www.eldiario.net\\\/portal\\\/#\\\/schema\\\/logo\\\/image\\\/\"},\"sameAs\":[\"https:\\\/\\\/www.facebook.com\\\/eldiario.bolivia\\\/\",\"https:\\\/\\\/x.com\\\/eldiario_net\"]},{\"@type\":\"Person\",\"@id\":\"https:\\\/\\\/www.eldiario.net\\\/portal\\\/#\\\/schema\\\/person\\\/f46445640444750d7d753ccd04ae01b7\",\"name\":\"Jeanette\",\"image\":{\"@type\":\"ImageObject\",\"inLanguage\":\"es\",\"@id\":\"https:\\\/\\\/secure.gravatar.com\\\/avatar\\\/3ea2118a5f7dad2b7138b1187a6b7ee55f160b9968b66013c3a3ef39dd7e5798?s=96&d=mm&r=g\",\"url\":\"https:\\\/\\\/secure.gravatar.com\\\/avatar\\\/3ea2118a5f7dad2b7138b1187a6b7ee55f160b9968b66013c3a3ef39dd7e5798?s=96&d=mm&r=g\",\"contentUrl\":\"https:\\\/\\\/secure.gravatar.com\\\/avatar\\\/3ea2118a5f7dad2b7138b1187a6b7ee55f160b9968b66013c3a3ef39dd7e5798?s=96&d=mm&r=g\",\"caption\":\"Jeanette\"},\"sameAs\":[\"https:\\\/\\\/www.eldiario.net\\\/portal\"],\"url\":\"https:\\\/\\\/www.eldiario.net\\\/portal\\\/author\\\/jeanette\\\/\"}]}<\/script>\n<!-- \/ Yoast SEO plugin. -->","yoast_head_json":{"title":"La sociedad y su estructura - El Diario - Bolivia","robots":{"index":"index","follow":"follow","max-snippet":"max-snippet:-1","max-image-preview":"max-image-preview:large","max-video-preview":"max-video-preview:-1"},"canonical":"https:\/\/www.eldiario.net\/portal\/2024\/07\/05\/la-sociedad-y-su-estructura\/","og_locale":"es_ES","og_type":"article","og_title":"La sociedad y su estructura - El Diario - Bolivia","og_description":"Por: Equipo Editor &nbsp; \u00bfQu\u00e9 es la sociedad? &nbsp; Una sociedad es un grupo grande de personas que viven juntas en un \u00e1rea geogr\u00e1fica y comparten formas de vida, normas, valores y cultura. Es como una comunidad extendida donde las personas interact\u00faan entre s\u00ed, forman relaciones, trabajan juntas y comparten recursos. La sociedad incluye diferentes [&hellip;]","og_url":"https:\/\/www.eldiario.net\/portal\/2024\/07\/05\/la-sociedad-y-su-estructura\/","og_site_name":"El Diario - Bolivia","article_publisher":"https:\/\/www.facebook.com\/eldiario.bolivia\/","article_published_time":"2024-07-05T10:49:33+00:00","og_image":[{"width":225,"height":225,"url":"https:\/\/www.eldiario.net\/portal\/wp-content\/uploads\/2024\/07\/Socio-La-sociedad.jpg","type":"image\/jpeg"}],"author":"Jeanette","twitter_card":"summary_large_image","twitter_creator":"@eldiario_net","twitter_site":"@eldiario_net","twitter_misc":{"Escrito por":"Jeanette","Tiempo de lectura":"4 minutos"},"schema":{"@context":"https:\/\/schema.org","@graph":[{"@type":"Article","@id":"https:\/\/www.eldiario.net\/portal\/2024\/07\/05\/la-sociedad-y-su-estructura\/#article","isPartOf":{"@id":"https:\/\/www.eldiario.net\/portal\/2024\/07\/05\/la-sociedad-y-su-estructura\/"},"author":{"name":"Jeanette","@id":"https:\/\/www.eldiario.net\/portal\/#\/schema\/person\/f46445640444750d7d753ccd04ae01b7"},"headline":"La sociedad y su estructura","datePublished":"2024-07-05T10:49:33+00:00","mainEntityOfPage":{"@id":"https:\/\/www.eldiario.net\/portal\/2024\/07\/05\/la-sociedad-y-su-estructura\/"},"wordCount":704,"commentCount":0,"publisher":{"@id":"https:\/\/www.eldiario.net\/portal\/#organization"},"image":{"@id":"https:\/\/www.eldiario.net\/portal\/2024\/07\/05\/la-sociedad-y-su-estructura\/#primaryimage"},"thumbnailUrl":"https:\/\/www.eldiario.net\/portal\/wp-content\/uploads\/2024\/07\/Socio-La-sociedad.jpg","articleSection":["Nuevos Horizontes"],"inLanguage":"es","potentialAction":[{"@type":"CommentAction","name":"Comment","target":["https:\/\/www.eldiario.net\/portal\/2024\/07\/05\/la-sociedad-y-su-estructura\/#respond"]}]},{"@type":"WebPage","@id":"https:\/\/www.eldiario.net\/portal\/2024\/07\/05\/la-sociedad-y-su-estructura\/","url":"https:\/\/www.eldiario.net\/portal\/2024\/07\/05\/la-sociedad-y-su-estructura\/","name":"La sociedad y su estructura - El Diario - Bolivia","isPartOf":{"@id":"https:\/\/www.eldiario.net\/portal\/#website"},"primaryImageOfPage":{"@id":"https:\/\/www.eldiario.net\/portal\/2024\/07\/05\/la-sociedad-y-su-estructura\/#primaryimage"},"image":{"@id":"https:\/\/www.eldiario.net\/portal\/2024\/07\/05\/la-sociedad-y-su-estructura\/#primaryimage"},"thumbnailUrl":"https:\/\/www.eldiario.net\/portal\/wp-content\/uploads\/2024\/07\/Socio-La-sociedad.jpg","datePublished":"2024-07-05T10:49:33+00:00","breadcrumb":{"@id":"https:\/\/www.eldiario.net\/portal\/2024\/07\/05\/la-sociedad-y-su-estructura\/#breadcrumb"},"inLanguage":"es","potentialAction":[{"@type":"ReadAction","target":["https:\/\/www.eldiario.net\/portal\/2024\/07\/05\/la-sociedad-y-su-estructura\/"]}]},{"@type":"ImageObject","inLanguage":"es","@id":"https:\/\/www.eldiario.net\/portal\/2024\/07\/05\/la-sociedad-y-su-estructura\/#primaryimage","url":"https:\/\/www.eldiario.net\/portal\/wp-content\/uploads\/2024\/07\/Socio-La-sociedad.jpg","contentUrl":"https:\/\/www.eldiario.net\/portal\/wp-content\/uploads\/2024\/07\/Socio-La-sociedad.jpg","width":225,"height":225},{"@type":"BreadcrumbList","@id":"https:\/\/www.eldiario.net\/portal\/2024\/07\/05\/la-sociedad-y-su-estructura\/#breadcrumb","itemListElement":[{"@type":"ListItem","position":1,"name":"Portada","item":"https:\/\/www.eldiario.net\/portal\/"},{"@type":"ListItem","position":2,"name":"La sociedad y su estructura"}]},{"@type":"WebSite","@id":"https:\/\/www.eldiario.net\/portal\/#website","url":"https:\/\/www.eldiario.net\/portal\/","name":"El Diario - Decano de la prensa nacional","description":"El Diario - Decano de la prensa nacional","publisher":{"@id":"https:\/\/www.eldiario.net\/portal\/#organization"},"potentialAction":[{"@type":"SearchAction","target":{"@type":"EntryPoint","urlTemplate":"https:\/\/www.eldiario.net\/portal\/?s={search_term_string}"},"query-input":{"@type":"PropertyValueSpecification","valueRequired":true,"valueName":"search_term_string"}}],"inLanguage":"es"},{"@type":"Organization","@id":"https:\/\/www.eldiario.net\/portal\/#organization","name":"El Diario - Decano de la prensa nacional","url":"https:\/\/www.eldiario.net\/portal\/","logo":{"@type":"ImageObject","inLanguage":"es","@id":"https:\/\/www.eldiario.net\/portal\/#\/schema\/logo\/image\/","url":"https:\/\/www.eldiario.net\/portal\/wp-content\/uploads\/2023\/07\/logo_ED.jpg","contentUrl":"https:\/\/www.eldiario.net\/portal\/wp-content\/uploads\/2023\/07\/logo_ED.jpg","width":272,"height":52,"caption":"El Diario - Decano de la prensa nacional"},"image":{"@id":"https:\/\/www.eldiario.net\/portal\/#\/schema\/logo\/image\/"},"sameAs":["https:\/\/www.facebook.com\/eldiario.bolivia\/","https:\/\/x.com\/eldiario_net"]},{"@type":"Person","@id":"https:\/\/www.eldiario.net\/portal\/#\/schema\/person\/f46445640444750d7d753ccd04ae01b7","name":"Jeanette","image":{"@type":"ImageObject","inLanguage":"es","@id":"https:\/\/secure.gravatar.com\/avatar\/3ea2118a5f7dad2b7138b1187a6b7ee55f160b9968b66013c3a3ef39dd7e5798?s=96&d=mm&r=g","url":"https:\/\/secure.gravatar.com\/avatar\/3ea2118a5f7dad2b7138b1187a6b7ee55f160b9968b66013c3a3ef39dd7e5798?s=96&d=mm&r=g","contentUrl":"https:\/\/secure.gravatar.com\/avatar\/3ea2118a5f7dad2b7138b1187a6b7ee55f160b9968b66013c3a3ef39dd7e5798?s=96&d=mm&r=g","caption":"Jeanette"},"sameAs":["https:\/\/www.eldiario.net\/portal"],"url":"https:\/\/www.eldiario.net\/portal\/author\/jeanette\/"}]}},"_links":{"self":[{"href":"https:\/\/www.eldiario.net\/portal\/wp-json\/wp\/v2\/posts\/231984","targetHints":{"allow":["GET"]}}],"collection":[{"href":"https:\/\/www.eldiario.net\/portal\/wp-json\/wp\/v2\/posts"}],"about":[{"href":"https:\/\/www.eldiario.net\/portal\/wp-json\/wp\/v2\/types\/post"}],"author":[{"embeddable":true,"href":"https:\/\/www.eldiario.net\/portal\/wp-json\/wp\/v2\/users\/1"}],"replies":[{"embeddable":true,"href":"https:\/\/www.eldiario.net\/portal\/wp-json\/wp\/v2\/comments?post=231984"}],"version-history":[{"count":1,"href":"https:\/\/www.eldiario.net\/portal\/wp-json\/wp\/v2\/posts\/231984\/revisions"}],"predecessor-version":[{"id":231987,"href":"https:\/\/www.eldiario.net\/portal\/wp-json\/wp\/v2\/posts\/231984\/revisions\/231987"}],"wp:featuredmedia":[{"embeddable":true,"href":"https:\/\/www.eldiario.net\/portal\/wp-json\/wp\/v2\/media\/231985"}],"wp:attachment":[{"href":"https:\/\/www.eldiario.net\/portal\/wp-json\/wp\/v2\/media?parent=231984"}],"wp:term":[{"taxonomy":"category","embeddable":true,"href":"https:\/\/www.eldiario.net\/portal\/wp-json\/wp\/v2\/categories?post=231984"},{"taxonomy":"post_tag","embeddable":true,"href":"https:\/\/www.eldiario.net\/portal\/wp-json\/wp\/v2\/tags?post=231984"}],"curies":[{"name":"wp","href":"https:\/\/api.w.org\/{rel}","templated":true}]}}