{"id":231980,"date":"2024-07-05T06:48:08","date_gmt":"2024-07-05T10:48:08","guid":{"rendered":"https:\/\/www.eldiario.net\/portal\/?p=231980"},"modified":"2024-07-05T06:48:08","modified_gmt":"2024-07-05T10:48:08","slug":"el-sistema-nervioso","status":"publish","type":"post","link":"https:\/\/www.eldiario.net\/portal\/2024\/07\/05\/el-sistema-nervioso\/","title":{"rendered":"El sistema nervioso"},"content":{"rendered":"<p><strong>Por: Equipo Editor<\/strong><\/p>\n<p>&nbsp;<\/p>\n<p><strong>\u00bfQu\u00e9 es el sistema nervioso?<\/strong><\/p>\n<p>&nbsp;<\/p>\n<p>El sistema nervioso es como el director de una orquesta dentro de nuestro cuerpo, controlando y coordinando todas las actividades que realizamos, desde pensar y hablar hasta caminar y respirar.<\/p>\n<p>&nbsp;<\/p>\n<p>Primero, est\u00e1 dividido en dos partes principales: el sistema nervioso central (SNC) y el sistema nervioso perif\u00e9rico (SNP). El SNC est\u00e1 formado por el cerebro y la m\u00e9dula espinal, que son como el centro de mando donde se procesa la informaci\u00f3n y se toman decisiones. Imagina al cerebro como una computadora s\u00faper avanzada que controla todo lo que hacemos y sentimos.<\/p>\n<p>&nbsp;<\/p>\n<p>Por otro lado, el SNP incluye todos los nervios que se ramifican desde el SNC y van por todo el cuerpo. Estos nervios son como cables que llevan mensajes del cerebro a todas partes, permiti\u00e9ndonos mover los m\u00fasculos, sentir el tacto, el calor, el fr\u00edo y mucho m\u00e1s.<\/p>\n<p>&nbsp;<\/p>\n<p>Dentro del sistema nervioso, tambi\u00e9n tenemos dos tipos de c\u00e9lulas importantes: las neuronas y las c\u00e9lulas gliales. Las neuronas son las c\u00e9lulas especializadas en transmitir la informaci\u00f3n mediante se\u00f1ales el\u00e9ctricas y qu\u00edmicas. Son como los mensajeros del sistema nervioso. Las c\u00e9lulas gliales, por su parte, son como los asistentes personales de las neuronas, ayud\u00e1ndolas a funcionar correctamente y proporcion\u00e1ndoles soporte.<\/p>\n<p>&nbsp;<\/p>\n<p><strong>Caracter\u00edsticas del sistema nervioso<\/strong><\/p>\n<p>&nbsp;<\/p>\n<p>El sistema nervioso tiene varias caracter\u00edsticas clave que lo hacen \u00fanico y vital para el funcionamiento del cuerpo humano:<\/p>\n<p>&nbsp;<\/p>\n<ol>\n<li><strong>Centralidad y coordinaci\u00f3n.<\/strong> El sistema nervioso central (SNC), compuesto por el cerebro y la m\u00e9dula espinal, act\u00faa como el centro de control del cuerpo. Coordina todas las actividades conscientes e inconscientes, desde el pensamiento y la memoria hasta el control muscular y la regulaci\u00f3n de funciones autom\u00e1ticas como la respiraci\u00f3n y la digesti\u00f3n.<\/li>\n<\/ol>\n<p>&nbsp;<\/p>\n<ol>\n<li><strong>Comunicaci\u00f3n r\u00e1pida.<\/strong> Utiliza c\u00e9lulas especializadas llamadas neuronas para transmitir se\u00f1ales el\u00e9ctricas y qu\u00edmicas a lo largo de todo el cuerpo. Estas se\u00f1ales permiten una comunicaci\u00f3n r\u00e1pida y eficiente entre diferentes partes del sistema nervioso y con otros sistemas del cuerpo.<\/li>\n<\/ol>\n<p>&nbsp;<\/p>\n<ol>\n<li><strong>Plasticidad.<\/strong> El sistema nervioso tiene la capacidad de adaptarse y cambiar en respuesta a nuevas experiencias, aprendizaje y lesiones. Esta capacidad se conoce como plasticidad neuronal y es fundamental para el desarrollo y la recuperaci\u00f3n tras lesiones.<\/li>\n<\/ol>\n<p>&nbsp;<\/p>\n<ol>\n<li><strong>Sensibilidad y respuesta.<\/strong> Permite detectar est\u00edmulos del ambiente y del cuerpo (como dolor, calor, fr\u00edo) y responder de manera adecuada. Esta capacidad de percepci\u00f3n sensorial y respuesta motora es crucial para la supervivencia y la interacci\u00f3n con el entorno.<\/li>\n<\/ol>\n<p>&nbsp;<\/p>\n<ol>\n<li><strong>Autonom\u00eda y control.<\/strong> Adem\u00e1s del SNC, el sistema nervioso perif\u00e9rico (SNP) incluye nervios que se extienden por todo el cuerpo y son responsables de llevar informaci\u00f3n sensorial al SNC y transmitir \u00f3rdenes motoras desde el SNC a los m\u00fasculos y gl\u00e1ndulas.<\/li>\n<\/ol>\n<p>&nbsp;<\/p>\n<ol>\n<li><strong>Regulaci\u00f3n homeost\u00e1tica.<\/strong> El sistema nervioso tambi\u00e9n participa en la regulaci\u00f3n de funciones corporales autom\u00e1ticas, como la temperatura corporal, la presi\u00f3n arterial y la frecuencia card\u00edaca, para mantener un equilibrio interno (homeostasis) \u00f3ptimo para el funcionamiento del organismo.<\/li>\n<\/ol>\n<p>&nbsp;<\/p>\n<p>En conjunto, estas caracter\u00edsticas hacen del sistema nervioso uno de los sistemas m\u00e1s complejos y fundamentales del cuerpo humano, permitiendo la integraci\u00f3n de todas las funciones corporales y la adaptaci\u00f3n continua a cambios internos y externos.<\/p>\n<p><img loading=\"lazy\" decoding=\"async\" class=\"alignleft size-full wp-image-231982\" src=\"https:\/\/www.eldiario.net\/portal\/wp-content\/uploads\/2024\/07\/Bio-El-sistema-nervioso.jpg\" alt=\"\" width=\"214\" height=\"235\" \/><\/p>\n","protected":false},"excerpt":{"rendered":"<p>Por: Equipo Editor &nbsp; \u00bfQu\u00e9 es el sistema nervioso? &nbsp; El sistema nervioso es como el director de una orquesta dentro de nuestro cuerpo, controlando y coordinando todas las actividades que realizamos, desde pensar y hablar hasta caminar y respirar. &nbsp; Primero, est\u00e1 dividido en dos partes principales: el sistema nervioso central (SNC) y el [&hellip;]<\/p>\n","protected":false},"author":1,"featured_media":231981,"comment_status":"open","ping_status":"open","sticky":false,"template":"","format":"standard","meta":{"_acf_changed":false,"footnotes":""},"categories":[43],"tags":[],"class_list":["post-231980","post","type-post","status-publish","format-standard","has-post-thumbnail","category-nuevos-horizontes"],"acf":{"antetitulo":""},"yoast_head":"<!-- This site is optimized with the Yoast SEO plugin v28.4 - https:\/\/yoast.com\/product\/yoast-seo-wordpress\/ -->\n<title>El sistema nervioso - El Diario - Bolivia<\/title>\n<meta name=\"robots\" content=\"index, follow, max-snippet:-1, max-image-preview:large, max-video-preview:-1\" \/>\n<link rel=\"canonical\" href=\"https:\/\/www.eldiario.net\/portal\/2024\/07\/05\/el-sistema-nervioso\/\" \/>\n<meta property=\"og:locale\" content=\"es_ES\" \/>\n<meta property=\"og:type\" content=\"article\" \/>\n<meta property=\"og:title\" content=\"El sistema nervioso - El Diario - Bolivia\" \/>\n<meta property=\"og:description\" content=\"Por: Equipo Editor &nbsp; \u00bfQu\u00e9 es el sistema nervioso? &nbsp; El sistema nervioso es como el director de una orquesta dentro de nuestro cuerpo, controlando y coordinando todas las actividades que realizamos, desde pensar y hablar hasta caminar y respirar. &nbsp; Primero, est\u00e1 dividido en dos partes principales: el sistema nervioso central (SNC) y el [&hellip;]\" \/>\n<meta property=\"og:url\" content=\"https:\/\/www.eldiario.net\/portal\/2024\/07\/05\/el-sistema-nervioso\/\" \/>\n<meta property=\"og:site_name\" content=\"El Diario - Bolivia\" \/>\n<meta property=\"article:publisher\" content=\"https:\/\/www.facebook.com\/eldiario.bolivia\/\" \/>\n<meta property=\"article:published_time\" content=\"2024-07-05T10:48:08+00:00\" \/>\n<meta property=\"og:image\" content=\"https:\/\/www.eldiario.net\/portal\/wp-content\/uploads\/2024\/07\/Bio-Sistema-simpatico-y-parasimpatico.jpg\" \/>\n\t<meta property=\"og:image:width\" content=\"1100\" \/>\n\t<meta property=\"og:image:height\" content=\"1000\" \/>\n\t<meta property=\"og:image:type\" content=\"image\/jpeg\" \/>\n<meta name=\"author\" content=\"Jeanette\" \/>\n<meta name=\"twitter:card\" content=\"summary_large_image\" \/>\n<meta name=\"twitter:creator\" content=\"@eldiario_net\" \/>\n<meta name=\"twitter:site\" content=\"@eldiario_net\" \/>\n<meta name=\"twitter:label1\" content=\"Escrito por\" \/>\n\t<meta name=\"twitter:data1\" content=\"Jeanette\" \/>\n\t<meta name=\"twitter:label2\" content=\"Tiempo de lectura\" \/>\n\t<meta name=\"twitter:data2\" content=\"3 minutos\" \/>\n<script type=\"application\/ld+json\" class=\"yoast-schema-graph\">{\"@context\":\"https:\\\/\\\/schema.org\",\"@graph\":[{\"@type\":\"Article\",\"@id\":\"https:\\\/\\\/www.eldiario.net\\\/portal\\\/2024\\\/07\\\/05\\\/el-sistema-nervioso\\\/#article\",\"isPartOf\":{\"@id\":\"https:\\\/\\\/www.eldiario.net\\\/portal\\\/2024\\\/07\\\/05\\\/el-sistema-nervioso\\\/\"},\"author\":{\"name\":\"Jeanette\",\"@id\":\"https:\\\/\\\/www.eldiario.net\\\/portal\\\/#\\\/schema\\\/person\\\/f46445640444750d7d753ccd04ae01b7\"},\"headline\":\"El sistema nervioso\",\"datePublished\":\"2024-07-05T10:48:08+00:00\",\"mainEntityOfPage\":{\"@id\":\"https:\\\/\\\/www.eldiario.net\\\/portal\\\/2024\\\/07\\\/05\\\/el-sistema-nervioso\\\/\"},\"wordCount\":589,\"commentCount\":0,\"publisher\":{\"@id\":\"https:\\\/\\\/www.eldiario.net\\\/portal\\\/#organization\"},\"image\":{\"@id\":\"https:\\\/\\\/www.eldiario.net\\\/portal\\\/2024\\\/07\\\/05\\\/el-sistema-nervioso\\\/#primaryimage\"},\"thumbnailUrl\":\"https:\\\/\\\/www.eldiario.net\\\/portal\\\/wp-content\\\/uploads\\\/2024\\\/07\\\/Bio-Sistema-simpatico-y-parasimpatico.jpg\",\"articleSection\":[\"Nuevos Horizontes\"],\"inLanguage\":\"es\",\"potentialAction\":[{\"@type\":\"CommentAction\",\"name\":\"Comment\",\"target\":[\"https:\\\/\\\/www.eldiario.net\\\/portal\\\/2024\\\/07\\\/05\\\/el-sistema-nervioso\\\/#respond\"]}]},{\"@type\":\"WebPage\",\"@id\":\"https:\\\/\\\/www.eldiario.net\\\/portal\\\/2024\\\/07\\\/05\\\/el-sistema-nervioso\\\/\",\"url\":\"https:\\\/\\\/www.eldiario.net\\\/portal\\\/2024\\\/07\\\/05\\\/el-sistema-nervioso\\\/\",\"name\":\"El sistema nervioso - El Diario - Bolivia\",\"isPartOf\":{\"@id\":\"https:\\\/\\\/www.eldiario.net\\\/portal\\\/#website\"},\"primaryImageOfPage\":{\"@id\":\"https:\\\/\\\/www.eldiario.net\\\/portal\\\/2024\\\/07\\\/05\\\/el-sistema-nervioso\\\/#primaryimage\"},\"image\":{\"@id\":\"https:\\\/\\\/www.eldiario.net\\\/portal\\\/2024\\\/07\\\/05\\\/el-sistema-nervioso\\\/#primaryimage\"},\"thumbnailUrl\":\"https:\\\/\\\/www.eldiario.net\\\/portal\\\/wp-content\\\/uploads\\\/2024\\\/07\\\/Bio-Sistema-simpatico-y-parasimpatico.jpg\",\"datePublished\":\"2024-07-05T10:48:08+00:00\",\"breadcrumb\":{\"@id\":\"https:\\\/\\\/www.eldiario.net\\\/portal\\\/2024\\\/07\\\/05\\\/el-sistema-nervioso\\\/#breadcrumb\"},\"inLanguage\":\"es\",\"potentialAction\":[{\"@type\":\"ReadAction\",\"target\":[\"https:\\\/\\\/www.eldiario.net\\\/portal\\\/2024\\\/07\\\/05\\\/el-sistema-nervioso\\\/\"]}]},{\"@type\":\"ImageObject\",\"inLanguage\":\"es\",\"@id\":\"https:\\\/\\\/www.eldiario.net\\\/portal\\\/2024\\\/07\\\/05\\\/el-sistema-nervioso\\\/#primaryimage\",\"url\":\"https:\\\/\\\/www.eldiario.net\\\/portal\\\/wp-content\\\/uploads\\\/2024\\\/07\\\/Bio-Sistema-simpatico-y-parasimpatico.jpg\",\"contentUrl\":\"https:\\\/\\\/www.eldiario.net\\\/portal\\\/wp-content\\\/uploads\\\/2024\\\/07\\\/Bio-Sistema-simpatico-y-parasimpatico.jpg\",\"width\":1100,\"height\":1000},{\"@type\":\"BreadcrumbList\",\"@id\":\"https:\\\/\\\/www.eldiario.net\\\/portal\\\/2024\\\/07\\\/05\\\/el-sistema-nervioso\\\/#breadcrumb\",\"itemListElement\":[{\"@type\":\"ListItem\",\"position\":1,\"name\":\"Portada\",\"item\":\"https:\\\/\\\/www.eldiario.net\\\/portal\\\/\"},{\"@type\":\"ListItem\",\"position\":2,\"name\":\"El sistema nervioso\"}]},{\"@type\":\"WebSite\",\"@id\":\"https:\\\/\\\/www.eldiario.net\\\/portal\\\/#website\",\"url\":\"https:\\\/\\\/www.eldiario.net\\\/portal\\\/\",\"name\":\"El Diario - Decano de la prensa nacional\",\"description\":\"El Diario - Decano de la prensa nacional\",\"publisher\":{\"@id\":\"https:\\\/\\\/www.eldiario.net\\\/portal\\\/#organization\"},\"potentialAction\":[{\"@type\":\"SearchAction\",\"target\":{\"@type\":\"EntryPoint\",\"urlTemplate\":\"https:\\\/\\\/www.eldiario.net\\\/portal\\\/?s={search_term_string}\"},\"query-input\":{\"@type\":\"PropertyValueSpecification\",\"valueRequired\":true,\"valueName\":\"search_term_string\"}}],\"inLanguage\":\"es\"},{\"@type\":\"Organization\",\"@id\":\"https:\\\/\\\/www.eldiario.net\\\/portal\\\/#organization\",\"name\":\"El Diario - Decano de la prensa nacional\",\"url\":\"https:\\\/\\\/www.eldiario.net\\\/portal\\\/\",\"logo\":{\"@type\":\"ImageObject\",\"inLanguage\":\"es\",\"@id\":\"https:\\\/\\\/www.eldiario.net\\\/portal\\\/#\\\/schema\\\/logo\\\/image\\\/\",\"url\":\"https:\\\/\\\/www.eldiario.net\\\/portal\\\/wp-content\\\/uploads\\\/2023\\\/07\\\/logo_ED.jpg\",\"contentUrl\":\"https:\\\/\\\/www.eldiario.net\\\/portal\\\/wp-content\\\/uploads\\\/2023\\\/07\\\/logo_ED.jpg\",\"width\":272,\"height\":52,\"caption\":\"El Diario - Decano de la prensa nacional\"},\"image\":{\"@id\":\"https:\\\/\\\/www.eldiario.net\\\/portal\\\/#\\\/schema\\\/logo\\\/image\\\/\"},\"sameAs\":[\"https:\\\/\\\/www.facebook.com\\\/eldiario.bolivia\\\/\",\"https:\\\/\\\/x.com\\\/eldiario_net\"]},{\"@type\":\"Person\",\"@id\":\"https:\\\/\\\/www.eldiario.net\\\/portal\\\/#\\\/schema\\\/person\\\/f46445640444750d7d753ccd04ae01b7\",\"name\":\"Jeanette\",\"image\":{\"@type\":\"ImageObject\",\"inLanguage\":\"es\",\"@id\":\"https:\\\/\\\/secure.gravatar.com\\\/avatar\\\/3ea2118a5f7dad2b7138b1187a6b7ee55f160b9968b66013c3a3ef39dd7e5798?s=96&d=mm&r=g\",\"url\":\"https:\\\/\\\/secure.gravatar.com\\\/avatar\\\/3ea2118a5f7dad2b7138b1187a6b7ee55f160b9968b66013c3a3ef39dd7e5798?s=96&d=mm&r=g\",\"contentUrl\":\"https:\\\/\\\/secure.gravatar.com\\\/avatar\\\/3ea2118a5f7dad2b7138b1187a6b7ee55f160b9968b66013c3a3ef39dd7e5798?s=96&d=mm&r=g\",\"caption\":\"Jeanette\"},\"sameAs\":[\"https:\\\/\\\/www.eldiario.net\\\/portal\"],\"url\":\"https:\\\/\\\/www.eldiario.net\\\/portal\\\/author\\\/jeanette\\\/\"}]}<\/script>\n<!-- \/ Yoast SEO plugin. -->","yoast_head_json":{"title":"El sistema nervioso - El Diario - Bolivia","robots":{"index":"index","follow":"follow","max-snippet":"max-snippet:-1","max-image-preview":"max-image-preview:large","max-video-preview":"max-video-preview:-1"},"canonical":"https:\/\/www.eldiario.net\/portal\/2024\/07\/05\/el-sistema-nervioso\/","og_locale":"es_ES","og_type":"article","og_title":"El sistema nervioso - El Diario - Bolivia","og_description":"Por: Equipo Editor &nbsp; \u00bfQu\u00e9 es el sistema nervioso? &nbsp; El sistema nervioso es como el director de una orquesta dentro de nuestro cuerpo, controlando y coordinando todas las actividades que realizamos, desde pensar y hablar hasta caminar y respirar. &nbsp; Primero, est\u00e1 dividido en dos partes principales: el sistema nervioso central (SNC) y el [&hellip;]","og_url":"https:\/\/www.eldiario.net\/portal\/2024\/07\/05\/el-sistema-nervioso\/","og_site_name":"El Diario - Bolivia","article_publisher":"https:\/\/www.facebook.com\/eldiario.bolivia\/","article_published_time":"2024-07-05T10:48:08+00:00","og_image":[{"width":1100,"height":1000,"url":"https:\/\/www.eldiario.net\/portal\/wp-content\/uploads\/2024\/07\/Bio-Sistema-simpatico-y-parasimpatico.jpg","type":"image\/jpeg"}],"author":"Jeanette","twitter_card":"summary_large_image","twitter_creator":"@eldiario_net","twitter_site":"@eldiario_net","twitter_misc":{"Escrito por":"Jeanette","Tiempo de lectura":"3 minutos"},"schema":{"@context":"https:\/\/schema.org","@graph":[{"@type":"Article","@id":"https:\/\/www.eldiario.net\/portal\/2024\/07\/05\/el-sistema-nervioso\/#article","isPartOf":{"@id":"https:\/\/www.eldiario.net\/portal\/2024\/07\/05\/el-sistema-nervioso\/"},"author":{"name":"Jeanette","@id":"https:\/\/www.eldiario.net\/portal\/#\/schema\/person\/f46445640444750d7d753ccd04ae01b7"},"headline":"El sistema nervioso","datePublished":"2024-07-05T10:48:08+00:00","mainEntityOfPage":{"@id":"https:\/\/www.eldiario.net\/portal\/2024\/07\/05\/el-sistema-nervioso\/"},"wordCount":589,"commentCount":0,"publisher":{"@id":"https:\/\/www.eldiario.net\/portal\/#organization"},"image":{"@id":"https:\/\/www.eldiario.net\/portal\/2024\/07\/05\/el-sistema-nervioso\/#primaryimage"},"thumbnailUrl":"https:\/\/www.eldiario.net\/portal\/wp-content\/uploads\/2024\/07\/Bio-Sistema-simpatico-y-parasimpatico.jpg","articleSection":["Nuevos Horizontes"],"inLanguage":"es","potentialAction":[{"@type":"CommentAction","name":"Comment","target":["https:\/\/www.eldiario.net\/portal\/2024\/07\/05\/el-sistema-nervioso\/#respond"]}]},{"@type":"WebPage","@id":"https:\/\/www.eldiario.net\/portal\/2024\/07\/05\/el-sistema-nervioso\/","url":"https:\/\/www.eldiario.net\/portal\/2024\/07\/05\/el-sistema-nervioso\/","name":"El sistema nervioso - El Diario - Bolivia","isPartOf":{"@id":"https:\/\/www.eldiario.net\/portal\/#website"},"primaryImageOfPage":{"@id":"https:\/\/www.eldiario.net\/portal\/2024\/07\/05\/el-sistema-nervioso\/#primaryimage"},"image":{"@id":"https:\/\/www.eldiario.net\/portal\/2024\/07\/05\/el-sistema-nervioso\/#primaryimage"},"thumbnailUrl":"https:\/\/www.eldiario.net\/portal\/wp-content\/uploads\/2024\/07\/Bio-Sistema-simpatico-y-parasimpatico.jpg","datePublished":"2024-07-05T10:48:08+00:00","breadcrumb":{"@id":"https:\/\/www.eldiario.net\/portal\/2024\/07\/05\/el-sistema-nervioso\/#breadcrumb"},"inLanguage":"es","potentialAction":[{"@type":"ReadAction","target":["https:\/\/www.eldiario.net\/portal\/2024\/07\/05\/el-sistema-nervioso\/"]}]},{"@type":"ImageObject","inLanguage":"es","@id":"https:\/\/www.eldiario.net\/portal\/2024\/07\/05\/el-sistema-nervioso\/#primaryimage","url":"https:\/\/www.eldiario.net\/portal\/wp-content\/uploads\/2024\/07\/Bio-Sistema-simpatico-y-parasimpatico.jpg","contentUrl":"https:\/\/www.eldiario.net\/portal\/wp-content\/uploads\/2024\/07\/Bio-Sistema-simpatico-y-parasimpatico.jpg","width":1100,"height":1000},{"@type":"BreadcrumbList","@id":"https:\/\/www.eldiario.net\/portal\/2024\/07\/05\/el-sistema-nervioso\/#breadcrumb","itemListElement":[{"@type":"ListItem","position":1,"name":"Portada","item":"https:\/\/www.eldiario.net\/portal\/"},{"@type":"ListItem","position":2,"name":"El sistema nervioso"}]},{"@type":"WebSite","@id":"https:\/\/www.eldiario.net\/portal\/#website","url":"https:\/\/www.eldiario.net\/portal\/","name":"El Diario - Decano de la prensa nacional","description":"El Diario - Decano de la prensa nacional","publisher":{"@id":"https:\/\/www.eldiario.net\/portal\/#organization"},"potentialAction":[{"@type":"SearchAction","target":{"@type":"EntryPoint","urlTemplate":"https:\/\/www.eldiario.net\/portal\/?s={search_term_string}"},"query-input":{"@type":"PropertyValueSpecification","valueRequired":true,"valueName":"search_term_string"}}],"inLanguage":"es"},{"@type":"Organization","@id":"https:\/\/www.eldiario.net\/portal\/#organization","name":"El Diario - Decano de la prensa nacional","url":"https:\/\/www.eldiario.net\/portal\/","logo":{"@type":"ImageObject","inLanguage":"es","@id":"https:\/\/www.eldiario.net\/portal\/#\/schema\/logo\/image\/","url":"https:\/\/www.eldiario.net\/portal\/wp-content\/uploads\/2023\/07\/logo_ED.jpg","contentUrl":"https:\/\/www.eldiario.net\/portal\/wp-content\/uploads\/2023\/07\/logo_ED.jpg","width":272,"height":52,"caption":"El Diario - Decano de la prensa nacional"},"image":{"@id":"https:\/\/www.eldiario.net\/portal\/#\/schema\/logo\/image\/"},"sameAs":["https:\/\/www.facebook.com\/eldiario.bolivia\/","https:\/\/x.com\/eldiario_net"]},{"@type":"Person","@id":"https:\/\/www.eldiario.net\/portal\/#\/schema\/person\/f46445640444750d7d753ccd04ae01b7","name":"Jeanette","image":{"@type":"ImageObject","inLanguage":"es","@id":"https:\/\/secure.gravatar.com\/avatar\/3ea2118a5f7dad2b7138b1187a6b7ee55f160b9968b66013c3a3ef39dd7e5798?s=96&d=mm&r=g","url":"https:\/\/secure.gravatar.com\/avatar\/3ea2118a5f7dad2b7138b1187a6b7ee55f160b9968b66013c3a3ef39dd7e5798?s=96&d=mm&r=g","contentUrl":"https:\/\/secure.gravatar.com\/avatar\/3ea2118a5f7dad2b7138b1187a6b7ee55f160b9968b66013c3a3ef39dd7e5798?s=96&d=mm&r=g","caption":"Jeanette"},"sameAs":["https:\/\/www.eldiario.net\/portal"],"url":"https:\/\/www.eldiario.net\/portal\/author\/jeanette\/"}]}},"_links":{"self":[{"href":"https:\/\/www.eldiario.net\/portal\/wp-json\/wp\/v2\/posts\/231980","targetHints":{"allow":["GET"]}}],"collection":[{"href":"https:\/\/www.eldiario.net\/portal\/wp-json\/wp\/v2\/posts"}],"about":[{"href":"https:\/\/www.eldiario.net\/portal\/wp-json\/wp\/v2\/types\/post"}],"author":[{"embeddable":true,"href":"https:\/\/www.eldiario.net\/portal\/wp-json\/wp\/v2\/users\/1"}],"replies":[{"embeddable":true,"href":"https:\/\/www.eldiario.net\/portal\/wp-json\/wp\/v2\/comments?post=231980"}],"version-history":[{"count":1,"href":"https:\/\/www.eldiario.net\/portal\/wp-json\/wp\/v2\/posts\/231980\/revisions"}],"predecessor-version":[{"id":231983,"href":"https:\/\/www.eldiario.net\/portal\/wp-json\/wp\/v2\/posts\/231980\/revisions\/231983"}],"wp:featuredmedia":[{"embeddable":true,"href":"https:\/\/www.eldiario.net\/portal\/wp-json\/wp\/v2\/media\/231981"}],"wp:attachment":[{"href":"https:\/\/www.eldiario.net\/portal\/wp-json\/wp\/v2\/media?parent=231980"}],"wp:term":[{"taxonomy":"category","embeddable":true,"href":"https:\/\/www.eldiario.net\/portal\/wp-json\/wp\/v2\/categories?post=231980"},{"taxonomy":"post_tag","embeddable":true,"href":"https:\/\/www.eldiario.net\/portal\/wp-json\/wp\/v2\/tags?post=231980"}],"curies":[{"name":"wp","href":"https:\/\/api.w.org\/{rel}","templated":true}]}}