{"id":231952,"date":"2024-07-05T06:39:32","date_gmt":"2024-07-05T10:39:32","guid":{"rendered":"https:\/\/www.eldiario.net\/portal\/?p=231952"},"modified":"2024-07-05T06:39:32","modified_gmt":"2024-07-05T10:39:32","slug":"conadanz-presenta-grandiosa-la-paz","status":"publish","type":"post","link":"https:\/\/www.eldiario.net\/portal\/2024\/07\/05\/conadanz-presenta-grandiosa-la-paz\/","title":{"rendered":"CONADANZ presenta \u201cGrandiosa La Paz\u201d"},"content":{"rendered":"<p>\u201cGrandiosa La Paz\u201d, as\u00ed titula el espect\u00e1culo que presentar\u00e1 la Compa\u00f1\u00eda Nacional de Danza (CONADANZ), que dirige Yolanda Mazuelos, con motivo de celebrar las Fiestas Julias y recordar el 215 aniversario de la revoluci\u00f3n independentista que se dio en La Paz el 16 de julio de 1809.<\/p>\n<p>La puesta en escena ser\u00e1 el martes 9 y mi\u00e9rcoles 10 de julio, a horas 19:30, en el Teatro Municipal \u201cAlberto Saavedra P\u00e9rez\u201d, donde CONADANZ tendr\u00e1 el especial acompa\u00f1amiento de la orquesta M\u00fasica de Maestros que dirige el maestro Rolando Encinas.<\/p>\n<p>\u201cEn el programa que se pondr\u00e1 a consideraci\u00f3n del p\u00fablico, podremos escuchar y apreciar m\u00fasica y danzas provenientes del mestizaje de la primera \u00e9poca de la Rep\u00fablica y danzas de las comunidades de las provincias aleda\u00f1as a la ciudad de La Paz\u201d, menciona la nota de prensa de CONADANZ.<\/p>\n<p>Para el espect\u00e1culo se ha escogido danzas y m\u00fasica de los pueblos y comunidades de las provincias altipl\u00e1nicas de Pacajes, Omasuyos, Los Andes y las provincias de los valles de Loayza, Camacho y Bautista Saavedra. Esto como reconocimiento al aporte que hicieron y hacen a la amplia expresi\u00f3n musical y danc\u00edstica de La Paz, lo que le permite ser uno de los departamentos del pa\u00eds con mayor diversidad. De esta manera tambi\u00e9n se muestra que la ciudad de La Paz es un espacio de convivencia de estas expresiones art\u00edsticas y culturales.<\/p>\n<p>La presentaci\u00f3n propone, tambi\u00e9n, reconocer a las personalidades que nacieron en estas provincias y fueron destacadas figuras para la construcci\u00f3n de una identidad pace\u00f1a y la total identificaci\u00f3n con Bolivia. \u201cEsta identidad trasciende nuestras fronteras locales y nacionales. Eso se ve con las reproducciones de las festividades por los pace\u00f1os y pace\u00f1as migrantes hacia pa\u00edses vecinos y m\u00e1s all\u00e1 del continente sudamericano\u201d, destaca la nota de prensa.<\/p>\n<p>La Compa\u00f1\u00eda Nacional de Danza (CONADANZ), durante m\u00e1s de tres d\u00e9cadas de trabajo comprometido con la investigaci\u00f3n, rescate y preservaci\u00f3n de las manifestaciones culturales trasmitidas a trav\u00e9s de la m\u00fasica y las danzas tradicionales de las diferentes culturas, ha venido recopilando y proponiendo trabajos musicales y coreogr\u00e1ficos presentados a nivel nacional e internacional, con el marco musical de la orquesta M\u00fasica de Maestros, con el fin de dar a conocer a las nuevas generaciones la riqueza del patrimonio cultural inmaterial de nuestros pueblos.<\/p>\n<p>Efectivamente, la Compa\u00f1\u00eda Nacional de Danza cumpli\u00f3 31 a\u00f1os de actividad y su l\u00ednea de trabajo continu\u00f3 con la investigaci\u00f3n y reposici\u00f3n a trav\u00e9s de obras basadas en leyendas, como \u201cSurimana\u201d y \u201cCuentos del Chaco\u201d, obra que a trav\u00e9s de cuecas, huay\u00f1os y carnavales recre\u00f3 la historia vivida por los H\u00e9roes del Chaco, as\u00ed como a los compositores y autores que participaron en esta contienda b\u00e9lica; \u201cSupay, el Lucero de las Monta\u00f1as\u201d, \u201cLatin\u00c1frica\u201d, \u201cKhari Khari\u201d y \u201cAlcemos pa\u00f1uelos\u201d, homenaje a la danza nacional \u201cLa Cueca\u201d, entre otras.<\/p>\n<p>Cabe recordar que CONADANZ se cre\u00f3 el 18 de enero de 1993, queriendo cubrir la demanda de investigaci\u00f3n y reposici\u00f3n de danzas de las diferentes culturas del pa\u00eds. Durante m\u00e1s de tres d\u00e9cadas, siguiendo la visi\u00f3n de su directora, la maestra Yolanda Mazuelos, la l\u00ednea de trabajo ha alcanzado un gran reconocimiento de la ciudadan\u00eda de La Paz, especialmente por la interpretaci\u00f3n de la Cueca y tambi\u00e9n a nivel nacional e internacional por la realizaci\u00f3n de giras representando a Bolivia.<\/p>\n<p>Se han recuperado formas y pasos tradicionales de baile, estableciendo un estilo que ha sido replicado por otros grupos de danza en todo el pa\u00eds, siendo un referente en la interpretaci\u00f3n y expresi\u00f3n coreogr\u00e1fica de las danzas bolivianas. \u201cEs en ese sentido que la propuesta que ofrece en esta ocasi\u00f3n CONADANZ ser\u00e1 un aporte m\u00e1s al arte y la cultura del pa\u00eds, tomando en cuenta que a trav\u00e9s de la danza hacemos historia.<\/p>\n<p>Ser\u00e1 un espect\u00e1culo de m\u00fasica y danza que compartimos con el pueblo pace\u00f1o junto a la orquesta M\u00fasica de Maestros, en dos noches inolvidables para recordar, sentir y disfrutar. El elenco de danza y m\u00fasicos estaremos agradecidos con su participaci\u00f3n. La invitaci\u00f3n queda extendida a toda la ciudad de La Paz y El Alto. Las entradas ya est\u00e1n disponibles de manera digital en:<\/p>\n<p>Ticketsline https:\/\/tkl.arte.bo\/index.php y de manera f\u00edsica en boleter\u00eda del Teatro Municipal \u201cAlberto Saavedra P\u00e9rez\u201d, ubicado en la calle Indaburo y calle Jenaro Sanjin\u00e9s, solamente durante los d\u00edas martes 9 y mi\u00e9rcoles 10 de julio, y tendr\u00e1n un costo de Platea Bs. 60, anfiteatro Bs. 40 y galer\u00eda Bs. 30, para tomar en cuenta por el p\u00fablico que se sienta motivado para asistir a este importante momento de arte\u201d, concluye la nota de prensa.<\/p>\n<p>Reserva y venta de entradas: 68090491. Informes: 77248143 \u2013 70543667.<\/p>\n\r\n                <style type=\"text\/css\">\r\n                    \r\n                    #tdi_1  .td-doubleSlider-2 .td-item1 {\r\n                        background: url(https:\/\/www.eldiario.net\/portal\/wp-content\/uploads\/2024\/07\/1-PRINCIPAL-1-80x60.jpg) 0 0 no-repeat;\r\n                    }\r\n                    #tdi_1  .td-doubleSlider-2 .td-item2 {\r\n                        background: url(https:\/\/www.eldiario.net\/portal\/wp-content\/uploads\/2024\/07\/2-1-80x60.jpg) 0 0 no-repeat;\r\n                    }\r\n                    #tdi_1  .td-doubleSlider-2 .td-item3 {\r\n                        background: url(https:\/\/www.eldiario.net\/portal\/wp-content\/uploads\/2024\/07\/3.-Yolanda-Mazuelos-directora-de-CONADANZ-80x60.jpg) 0 0 no-repeat;\r\n                    }\r\n                    #tdi_1  .td-doubleSlider-2 .td-item4 {\r\n                        background: url(https:\/\/www.eldiario.net\/portal\/wp-content\/uploads\/2024\/07\/4-2-80x60.jpg) 0 0 no-repeat;\r\n                    }\r\n                    #tdi_1  .td-doubleSlider-2 .td-item5 {\r\n                        background: url(https:\/\/www.eldiario.net\/portal\/wp-content\/uploads\/2024\/07\/5-2-80x60.jpg) 0 0 no-repeat;\r\n                    }\r\n                    #tdi_1  .td-doubleSlider-2 .td-item6 {\r\n                        background: url(https:\/\/www.eldiario.net\/portal\/wp-content\/uploads\/2024\/07\/6-2-80x60.jpg) 0 0 no-repeat;\r\n                    }\r\n                    #tdi_1  .td-doubleSlider-2 .td-item7 {\r\n                        background: url(https:\/\/www.eldiario.net\/portal\/wp-content\/uploads\/2024\/07\/7-1-80x60.jpg) 0 0 no-repeat;\r\n                    }\r\n                <\/style>\r\n\r\n                <div id=\"tdi_1\" class=\"td-gallery td-slide-on-2-columns\">\r\n                    <div class=\"post_td_gallery\">\r\n                        <div class=\"td-gallery-slide-top\">\r\n                           <div class=\"td-gallery-title\"><\/div>\r\n\r\n                            <div class=\"td-gallery-controls-wrapper\">\r\n                                <div class=\"td-gallery-slide-count\"><span class=\"td-gallery-slide-item-focus\">1<\/span> de 7<\/div>\r\n                                <div class=\"td-gallery-slide-prev-next-but\">\r\n                                    <i class = \"td-icon-left doubleSliderPrevButton\"><\/i>\r\n                                    <i class = \"td-icon-right doubleSliderNextButton\"><\/i>\r\n                                <\/div>\r\n                            <\/div>\r\n                        <\/div>\r\n\r\n                        <div class = \"td-doubleSlider-1 \">\r\n                            <div class = \"td-slider\">\r\n                                \r\n                    <div class = \"td-slide-item td-item1\">\r\n                        <figure class=\"td-slide-galery-figure td-slide-popup-gallery\">\r\n                            <a class=\"slide-gallery-image-link\" href=\"https:\/\/www.eldiario.net\/portal\/wp-content\/uploads\/2024\/07\/1-PRINCIPAL-1.jpg\" title=\"1-PRINCIPAL\"  data-caption=\"\"  data-description=\"\">\r\n                                <img decoding=\"async\" src=\"https:\/\/www.eldiario.net\/portal\/wp-content\/uploads\/2024\/07\/1-PRINCIPAL-1-840x420.jpg\" srcset=\"https:\/\/www.eldiario.net\/portal\/wp-content\/uploads\/2024\/07\/1-PRINCIPAL-1-840x420.jpg 840w, https:\/\/www.eldiario.net\/portal\/wp-content\/uploads\/2024\/07\/1-PRINCIPAL-1-300x150.jpg 300w, https:\/\/www.eldiario.net\/portal\/wp-content\/uploads\/2024\/07\/1-PRINCIPAL-1-1024x512.jpg 1024w, https:\/\/www.eldiario.net\/portal\/wp-content\/uploads\/2024\/07\/1-PRINCIPAL-1-768x384.jpg 768w, https:\/\/www.eldiario.net\/portal\/wp-content\/uploads\/2024\/07\/1-PRINCIPAL-1-696x348.jpg 696w, https:\/\/www.eldiario.net\/portal\/wp-content\/uploads\/2024\/07\/1-PRINCIPAL-1-1068x534.jpg 1068w, https:\/\/www.eldiario.net\/portal\/wp-content\/uploads\/2024\/07\/1-PRINCIPAL-1.jpg 1200w\" sizes=\"(max-width: 840px) 100vw, 840px\" alt=\"\">\r\n                            <\/a>\r\n                            \r\n                        <\/figure>\r\n                    <\/div>\r\n                    <div class = \"td-slide-item td-item2\">\r\n                        <figure class=\"td-slide-galery-figure td-slide-popup-gallery\">\r\n                            <a class=\"slide-gallery-image-link\" href=\"https:\/\/www.eldiario.net\/portal\/wp-content\/uploads\/2024\/07\/2-1.jpg\" title=\"2\"  data-caption=\"\"  data-description=\"\">\r\n                                <img decoding=\"async\" src=\"https:\/\/www.eldiario.net\/portal\/wp-content\/uploads\/2024\/07\/2-1-635x420.jpg\" srcset=\"https:\/\/www.eldiario.net\/portal\/wp-content\/uploads\/2024\/07\/2-1-635x420.jpg 635w, https:\/\/www.eldiario.net\/portal\/wp-content\/uploads\/2024\/07\/2-1-300x199.jpg 300w, https:\/\/www.eldiario.net\/portal\/wp-content\/uploads\/2024\/07\/2-1-1024x678.jpg 1024w, https:\/\/www.eldiario.net\/portal\/wp-content\/uploads\/2024\/07\/2-1-768x508.jpg 768w, https:\/\/www.eldiario.net\/portal\/wp-content\/uploads\/2024\/07\/2-1-696x461.jpg 696w, https:\/\/www.eldiario.net\/portal\/wp-content\/uploads\/2024\/07\/2-1-1068x707.jpg 1068w, https:\/\/www.eldiario.net\/portal\/wp-content\/uploads\/2024\/07\/2-1.jpg 1200w\" sizes=\"(max-width: 635px) 100vw, 635px\" alt=\"\">\r\n                            <\/a>\r\n                            \r\n                        <\/figure>\r\n                    <\/div>\r\n                    <div class = \"td-slide-item td-item3\">\r\n                        <figure class=\"td-slide-galery-figure td-slide-popup-gallery\">\r\n                            <a class=\"slide-gallery-image-link\" href=\"https:\/\/www.eldiario.net\/portal\/wp-content\/uploads\/2024\/07\/3.-Yolanda-Mazuelos-directora-de-CONADANZ.jpg\" title=\"3.-Yolanda-Mazuelos,-directora-de-CONADANZ\"  data-caption=\"\"  data-description=\"\">\r\n                                <img decoding=\"async\" src=\"https:\/\/www.eldiario.net\/portal\/wp-content\/uploads\/2024\/07\/3.-Yolanda-Mazuelos-directora-de-CONADANZ-278x420.jpg\" srcset=\"https:\/\/www.eldiario.net\/portal\/wp-content\/uploads\/2024\/07\/3.-Yolanda-Mazuelos-directora-de-CONADANZ-278x420.jpg 278w, https:\/\/www.eldiario.net\/portal\/wp-content\/uploads\/2024\/07\/3.-Yolanda-Mazuelos-directora-de-CONADANZ-199x300.jpg 199w, https:\/\/www.eldiario.net\/portal\/wp-content\/uploads\/2024\/07\/3.-Yolanda-Mazuelos-directora-de-CONADANZ.jpg 636w\" sizes=\"(max-width: 278px) 100vw, 278px\" alt=\"\">\r\n                            <\/a>\r\n                            \r\n                        <\/figure>\r\n                    <\/div>\r\n                    <div class = \"td-slide-item td-item4\">\r\n                        <figure class=\"td-slide-galery-figure td-slide-popup-gallery\">\r\n                            <a class=\"slide-gallery-image-link\" href=\"https:\/\/www.eldiario.net\/portal\/wp-content\/uploads\/2024\/07\/4-2.jpg\" title=\"4\"  data-caption=\"\"  data-description=\"\">\r\n                                <img decoding=\"async\" src=\"https:\/\/www.eldiario.net\/portal\/wp-content\/uploads\/2024\/07\/4-2-635x420.jpg\" srcset=\"https:\/\/www.eldiario.net\/portal\/wp-content\/uploads\/2024\/07\/4-2-635x420.jpg 635w, https:\/\/www.eldiario.net\/portal\/wp-content\/uploads\/2024\/07\/4-2-300x199.jpg 300w, https:\/\/www.eldiario.net\/portal\/wp-content\/uploads\/2024\/07\/4-2-1024x678.jpg 1024w, https:\/\/www.eldiario.net\/portal\/wp-content\/uploads\/2024\/07\/4-2-768x508.jpg 768w, https:\/\/www.eldiario.net\/portal\/wp-content\/uploads\/2024\/07\/4-2-696x461.jpg 696w, https:\/\/www.eldiario.net\/portal\/wp-content\/uploads\/2024\/07\/4-2-1068x707.jpg 1068w, https:\/\/www.eldiario.net\/portal\/wp-content\/uploads\/2024\/07\/4-2.jpg 1200w\" sizes=\"(max-width: 635px) 100vw, 635px\" alt=\"\">\r\n                            <\/a>\r\n                            \r\n                        <\/figure>\r\n                    <\/div>\r\n                    <div class = \"td-slide-item td-item5\">\r\n                        <figure class=\"td-slide-galery-figure td-slide-popup-gallery\">\r\n                            <a class=\"slide-gallery-image-link\" href=\"https:\/\/www.eldiario.net\/portal\/wp-content\/uploads\/2024\/07\/5-2.jpg\" title=\"5\"  data-caption=\"\"  data-description=\"\">\r\n                                <img decoding=\"async\" src=\"https:\/\/www.eldiario.net\/portal\/wp-content\/uploads\/2024\/07\/5-2-278x420.jpg\" srcset=\"https:\/\/www.eldiario.net\/portal\/wp-content\/uploads\/2024\/07\/5-2-278x420.jpg 278w, https:\/\/www.eldiario.net\/portal\/wp-content\/uploads\/2024\/07\/5-2-199x300.jpg 199w, https:\/\/www.eldiario.net\/portal\/wp-content\/uploads\/2024\/07\/5-2-678x1024.jpg 678w, https:\/\/www.eldiario.net\/portal\/wp-content\/uploads\/2024\/07\/5-2-768x1160.jpg 768w, https:\/\/www.eldiario.net\/portal\/wp-content\/uploads\/2024\/07\/5-2-1017x1536.jpg 1017w, https:\/\/www.eldiario.net\/portal\/wp-content\/uploads\/2024\/07\/5-2-696x1051.jpg 696w, https:\/\/www.eldiario.net\/portal\/wp-content\/uploads\/2024\/07\/5-2-1068x1613.jpg 1068w, https:\/\/www.eldiario.net\/portal\/wp-content\/uploads\/2024\/07\/5-2.jpg 1200w\" sizes=\"(max-width: 278px) 100vw, 278px\" alt=\"\">\r\n                            <\/a>\r\n                            \r\n                        <\/figure>\r\n                    <\/div>\r\n                    <div class = \"td-slide-item td-item6\">\r\n                        <figure class=\"td-slide-galery-figure td-slide-popup-gallery\">\r\n                            <a class=\"slide-gallery-image-link\" href=\"https:\/\/www.eldiario.net\/portal\/wp-content\/uploads\/2024\/07\/6-2.jpg\" title=\"6\"  data-caption=\"\"  data-description=\"\">\r\n                                <img decoding=\"async\" src=\"https:\/\/www.eldiario.net\/portal\/wp-content\/uploads\/2024\/07\/6-2-635x420.jpg\" srcset=\"https:\/\/www.eldiario.net\/portal\/wp-content\/uploads\/2024\/07\/6-2-635x420.jpg 635w, https:\/\/www.eldiario.net\/portal\/wp-content\/uploads\/2024\/07\/6-2-300x199.jpg 300w, https:\/\/www.eldiario.net\/portal\/wp-content\/uploads\/2024\/07\/6-2-1024x678.jpg 1024w, https:\/\/www.eldiario.net\/portal\/wp-content\/uploads\/2024\/07\/6-2-768x508.jpg 768w, https:\/\/www.eldiario.net\/portal\/wp-content\/uploads\/2024\/07\/6-2-696x461.jpg 696w, https:\/\/www.eldiario.net\/portal\/wp-content\/uploads\/2024\/07\/6-2-1068x707.jpg 1068w, https:\/\/www.eldiario.net\/portal\/wp-content\/uploads\/2024\/07\/6-2.jpg 1200w\" sizes=\"(max-width: 635px) 100vw, 635px\" alt=\"\">\r\n                            <\/a>\r\n                            \r\n                        <\/figure>\r\n                    <\/div>\r\n                    <div class = \"td-slide-item td-item7\">\r\n                        <figure class=\"td-slide-galery-figure td-slide-popup-gallery\">\r\n                            <a class=\"slide-gallery-image-link\" href=\"https:\/\/www.eldiario.net\/portal\/wp-content\/uploads\/2024\/07\/7-1.jpg\" title=\"7\"  data-caption=\"\"  data-description=\"\">\r\n                                <img decoding=\"async\" src=\"https:\/\/www.eldiario.net\/portal\/wp-content\/uploads\/2024\/07\/7-1-635x420.jpg\" srcset=\"https:\/\/www.eldiario.net\/portal\/wp-content\/uploads\/2024\/07\/7-1-635x420.jpg 635w, https:\/\/www.eldiario.net\/portal\/wp-content\/uploads\/2024\/07\/7-1-300x199.jpg 300w, https:\/\/www.eldiario.net\/portal\/wp-content\/uploads\/2024\/07\/7-1-1024x678.jpg 1024w, https:\/\/www.eldiario.net\/portal\/wp-content\/uploads\/2024\/07\/7-1-768x508.jpg 768w, https:\/\/www.eldiario.net\/portal\/wp-content\/uploads\/2024\/07\/7-1-696x461.jpg 696w, https:\/\/www.eldiario.net\/portal\/wp-content\/uploads\/2024\/07\/7-1-1068x707.jpg 1068w, https:\/\/www.eldiario.net\/portal\/wp-content\/uploads\/2024\/07\/7-1.jpg 1200w\" sizes=\"(max-width: 635px) 100vw, 635px\" alt=\"\">\r\n                            <\/a>\r\n                            \r\n                        <\/figure>\r\n                    <\/div>\r\n                            <\/div>\r\n                        <\/div>\r\n\r\n                        <div class = \"td-doubleSlider-2\">\r\n                            <div class = \"td-slider\">\r\n                                \r\n                    <div class = \"td-button td-item1\">\r\n                        <div class = \"td-border\"><\/div>\r\n                    <\/div>\r\n                    <div class = \"td-button td-item2\">\r\n                        <div class = \"td-border\"><\/div>\r\n                    <\/div>\r\n                    <div class = \"td-button td-item3\">\r\n                        <div class = \"td-border\"><\/div>\r\n                    <\/div>\r\n                    <div class = \"td-button td-item4\">\r\n                        <div class = \"td-border\"><\/div>\r\n                    <\/div>\r\n                    <div class = \"td-button td-item5\">\r\n                        <div class = \"td-border\"><\/div>\r\n                    <\/div>\r\n                    <div class = \"td-button td-item6\">\r\n                        <div class = \"td-border\"><\/div>\r\n                    <\/div>\r\n                    <div class = \"td-button td-item7\">\r\n                        <div class = \"td-border\"><\/div>\r\n                    <\/div>\r\n                            <\/div>\r\n                        <\/div>\r\n\r\n                    <\/div>\r\n\r\n                <\/div>\r\n                \n","protected":false},"excerpt":{"rendered":"<p>\u201cGrandiosa La Paz\u201d, as\u00ed titula el espect\u00e1culo que presentar\u00e1 la Compa\u00f1\u00eda Nacional de Danza (CONADANZ), que dirige Yolanda Mazuelos, con motivo de celebrar las Fiestas Julias y recordar el 215 aniversario de la revoluci\u00f3n independentista que se dio en La Paz el 16 de julio de 1809. La puesta en escena ser\u00e1 el martes 9 [&hellip;]<\/p>\n","protected":false},"author":1,"featured_media":231953,"comment_status":"open","ping_status":"open","sticky":false,"template":"","format":"standard","meta":{"_acf_changed":false,"footnotes":""},"categories":[41],"tags":[],"class_list":["post-231952","post","type-post","status-publish","format-standard","has-post-thumbnail","category-la-guia"],"acf":{"antetitulo":""},"yoast_head":"<!-- This site is optimized with the Yoast SEO plugin v28.3 - https:\/\/yoast.com\/product\/yoast-seo-wordpress\/ -->\n<title>CONADANZ presenta \u201cGrandiosa La Paz\u201d - El Diario - Bolivia<\/title>\n<meta name=\"robots\" content=\"index, follow, max-snippet:-1, max-image-preview:large, max-video-preview:-1\" \/>\n<link rel=\"canonical\" href=\"https:\/\/www.eldiario.net\/portal\/2024\/07\/05\/conadanz-presenta-grandiosa-la-paz\/\" \/>\n<meta property=\"og:locale\" content=\"es_ES\" \/>\n<meta property=\"og:type\" content=\"article\" \/>\n<meta property=\"og:title\" content=\"CONADANZ presenta \u201cGrandiosa La Paz\u201d - El Diario - Bolivia\" \/>\n<meta property=\"og:description\" content=\"\u201cGrandiosa La Paz\u201d, as\u00ed titula el espect\u00e1culo que presentar\u00e1 la Compa\u00f1\u00eda Nacional de Danza (CONADANZ), que dirige Yolanda Mazuelos, con motivo de celebrar las Fiestas Julias y recordar el 215 aniversario de la revoluci\u00f3n independentista que se dio en La Paz el 16 de julio de 1809. La puesta en escena ser\u00e1 el martes 9 [&hellip;]\" \/>\n<meta property=\"og:url\" content=\"https:\/\/www.eldiario.net\/portal\/2024\/07\/05\/conadanz-presenta-grandiosa-la-paz\/\" \/>\n<meta property=\"og:site_name\" content=\"El Diario - Bolivia\" \/>\n<meta property=\"article:publisher\" content=\"https:\/\/www.facebook.com\/eldiario.bolivia\/\" \/>\n<meta property=\"article:published_time\" content=\"2024-07-05T10:39:32+00:00\" \/>\n<meta property=\"og:image\" content=\"https:\/\/www.eldiario.net\/portal\/wp-content\/uploads\/2024\/07\/1-PRINCIPAL-1.jpg\" \/>\n\t<meta property=\"og:image:width\" content=\"1200\" \/>\n\t<meta property=\"og:image:height\" content=\"600\" \/>\n\t<meta property=\"og:image:type\" content=\"image\/jpeg\" \/>\n<meta name=\"author\" content=\"Jeanette\" \/>\n<meta name=\"twitter:card\" content=\"summary_large_image\" \/>\n<meta name=\"twitter:creator\" content=\"@eldiario_net\" \/>\n<meta name=\"twitter:site\" content=\"@eldiario_net\" \/>\n<meta name=\"twitter:label1\" content=\"Escrito por\" \/>\n\t<meta name=\"twitter:data1\" content=\"Jeanette\" \/>\n\t<meta name=\"twitter:label2\" content=\"Tiempo de lectura\" \/>\n\t<meta name=\"twitter:data2\" content=\"4 minutos\" \/>\n<script type=\"application\/ld+json\" class=\"yoast-schema-graph\">{\"@context\":\"https:\\\/\\\/schema.org\",\"@graph\":[{\"@type\":\"Article\",\"@id\":\"https:\\\/\\\/www.eldiario.net\\\/portal\\\/2024\\\/07\\\/05\\\/conadanz-presenta-grandiosa-la-paz\\\/#article\",\"isPartOf\":{\"@id\":\"https:\\\/\\\/www.eldiario.net\\\/portal\\\/2024\\\/07\\\/05\\\/conadanz-presenta-grandiosa-la-paz\\\/\"},\"author\":{\"name\":\"Jeanette\",\"@id\":\"https:\\\/\\\/www.eldiario.net\\\/portal\\\/#\\\/schema\\\/person\\\/f46445640444750d7d753ccd04ae01b7\"},\"headline\":\"CONADANZ presenta \u201cGrandiosa La Paz\u201d\",\"datePublished\":\"2024-07-05T10:39:32+00:00\",\"mainEntityOfPage\":{\"@id\":\"https:\\\/\\\/www.eldiario.net\\\/portal\\\/2024\\\/07\\\/05\\\/conadanz-presenta-grandiosa-la-paz\\\/\"},\"wordCount\":852,\"commentCount\":0,\"publisher\":{\"@id\":\"https:\\\/\\\/www.eldiario.net\\\/portal\\\/#organization\"},\"image\":{\"@id\":\"https:\\\/\\\/www.eldiario.net\\\/portal\\\/2024\\\/07\\\/05\\\/conadanz-presenta-grandiosa-la-paz\\\/#primaryimage\"},\"thumbnailUrl\":\"https:\\\/\\\/www.eldiario.net\\\/portal\\\/wp-content\\\/uploads\\\/2024\\\/07\\\/1-PRINCIPAL-1.jpg\",\"articleSection\":[\"La Gu\u00eda\"],\"inLanguage\":\"es\",\"potentialAction\":[{\"@type\":\"CommentAction\",\"name\":\"Comment\",\"target\":[\"https:\\\/\\\/www.eldiario.net\\\/portal\\\/2024\\\/07\\\/05\\\/conadanz-presenta-grandiosa-la-paz\\\/#respond\"]}]},{\"@type\":\"WebPage\",\"@id\":\"https:\\\/\\\/www.eldiario.net\\\/portal\\\/2024\\\/07\\\/05\\\/conadanz-presenta-grandiosa-la-paz\\\/\",\"url\":\"https:\\\/\\\/www.eldiario.net\\\/portal\\\/2024\\\/07\\\/05\\\/conadanz-presenta-grandiosa-la-paz\\\/\",\"name\":\"CONADANZ presenta \u201cGrandiosa La Paz\u201d - El Diario - Bolivia\",\"isPartOf\":{\"@id\":\"https:\\\/\\\/www.eldiario.net\\\/portal\\\/#website\"},\"primaryImageOfPage\":{\"@id\":\"https:\\\/\\\/www.eldiario.net\\\/portal\\\/2024\\\/07\\\/05\\\/conadanz-presenta-grandiosa-la-paz\\\/#primaryimage\"},\"image\":{\"@id\":\"https:\\\/\\\/www.eldiario.net\\\/portal\\\/2024\\\/07\\\/05\\\/conadanz-presenta-grandiosa-la-paz\\\/#primaryimage\"},\"thumbnailUrl\":\"https:\\\/\\\/www.eldiario.net\\\/portal\\\/wp-content\\\/uploads\\\/2024\\\/07\\\/1-PRINCIPAL-1.jpg\",\"datePublished\":\"2024-07-05T10:39:32+00:00\",\"breadcrumb\":{\"@id\":\"https:\\\/\\\/www.eldiario.net\\\/portal\\\/2024\\\/07\\\/05\\\/conadanz-presenta-grandiosa-la-paz\\\/#breadcrumb\"},\"inLanguage\":\"es\",\"potentialAction\":[{\"@type\":\"ReadAction\",\"target\":[\"https:\\\/\\\/www.eldiario.net\\\/portal\\\/2024\\\/07\\\/05\\\/conadanz-presenta-grandiosa-la-paz\\\/\"]}]},{\"@type\":\"ImageObject\",\"inLanguage\":\"es\",\"@id\":\"https:\\\/\\\/www.eldiario.net\\\/portal\\\/2024\\\/07\\\/05\\\/conadanz-presenta-grandiosa-la-paz\\\/#primaryimage\",\"url\":\"https:\\\/\\\/www.eldiario.net\\\/portal\\\/wp-content\\\/uploads\\\/2024\\\/07\\\/1-PRINCIPAL-1.jpg\",\"contentUrl\":\"https:\\\/\\\/www.eldiario.net\\\/portal\\\/wp-content\\\/uploads\\\/2024\\\/07\\\/1-PRINCIPAL-1.jpg\",\"width\":1200,\"height\":600},{\"@type\":\"BreadcrumbList\",\"@id\":\"https:\\\/\\\/www.eldiario.net\\\/portal\\\/2024\\\/07\\\/05\\\/conadanz-presenta-grandiosa-la-paz\\\/#breadcrumb\",\"itemListElement\":[{\"@type\":\"ListItem\",\"position\":1,\"name\":\"Portada\",\"item\":\"https:\\\/\\\/www.eldiario.net\\\/portal\\\/\"},{\"@type\":\"ListItem\",\"position\":2,\"name\":\"CONADANZ presenta \u201cGrandiosa La Paz\u201d\"}]},{\"@type\":\"WebSite\",\"@id\":\"https:\\\/\\\/www.eldiario.net\\\/portal\\\/#website\",\"url\":\"https:\\\/\\\/www.eldiario.net\\\/portal\\\/\",\"name\":\"El Diario - Decano de la prensa nacional\",\"description\":\"El Diario - Decano de la prensa nacional\",\"publisher\":{\"@id\":\"https:\\\/\\\/www.eldiario.net\\\/portal\\\/#organization\"},\"potentialAction\":[{\"@type\":\"SearchAction\",\"target\":{\"@type\":\"EntryPoint\",\"urlTemplate\":\"https:\\\/\\\/www.eldiario.net\\\/portal\\\/?s={search_term_string}\"},\"query-input\":{\"@type\":\"PropertyValueSpecification\",\"valueRequired\":true,\"valueName\":\"search_term_string\"}}],\"inLanguage\":\"es\"},{\"@type\":\"Organization\",\"@id\":\"https:\\\/\\\/www.eldiario.net\\\/portal\\\/#organization\",\"name\":\"El Diario - Decano de la prensa nacional\",\"url\":\"https:\\\/\\\/www.eldiario.net\\\/portal\\\/\",\"logo\":{\"@type\":\"ImageObject\",\"inLanguage\":\"es\",\"@id\":\"https:\\\/\\\/www.eldiario.net\\\/portal\\\/#\\\/schema\\\/logo\\\/image\\\/\",\"url\":\"https:\\\/\\\/www.eldiario.net\\\/portal\\\/wp-content\\\/uploads\\\/2023\\\/07\\\/logo_ED.jpg\",\"contentUrl\":\"https:\\\/\\\/www.eldiario.net\\\/portal\\\/wp-content\\\/uploads\\\/2023\\\/07\\\/logo_ED.jpg\",\"width\":272,\"height\":52,\"caption\":\"El Diario - Decano de la prensa nacional\"},\"image\":{\"@id\":\"https:\\\/\\\/www.eldiario.net\\\/portal\\\/#\\\/schema\\\/logo\\\/image\\\/\"},\"sameAs\":[\"https:\\\/\\\/www.facebook.com\\\/eldiario.bolivia\\\/\",\"https:\\\/\\\/x.com\\\/eldiario_net\"]},{\"@type\":\"Person\",\"@id\":\"https:\\\/\\\/www.eldiario.net\\\/portal\\\/#\\\/schema\\\/person\\\/f46445640444750d7d753ccd04ae01b7\",\"name\":\"Jeanette\",\"image\":{\"@type\":\"ImageObject\",\"inLanguage\":\"es\",\"@id\":\"https:\\\/\\\/secure.gravatar.com\\\/avatar\\\/3ea2118a5f7dad2b7138b1187a6b7ee55f160b9968b66013c3a3ef39dd7e5798?s=96&d=mm&r=g\",\"url\":\"https:\\\/\\\/secure.gravatar.com\\\/avatar\\\/3ea2118a5f7dad2b7138b1187a6b7ee55f160b9968b66013c3a3ef39dd7e5798?s=96&d=mm&r=g\",\"contentUrl\":\"https:\\\/\\\/secure.gravatar.com\\\/avatar\\\/3ea2118a5f7dad2b7138b1187a6b7ee55f160b9968b66013c3a3ef39dd7e5798?s=96&d=mm&r=g\",\"caption\":\"Jeanette\"},\"sameAs\":[\"https:\\\/\\\/www.eldiario.net\\\/portal\"],\"url\":\"https:\\\/\\\/www.eldiario.net\\\/portal\\\/author\\\/jeanette\\\/\"}]}<\/script>\n<!-- \/ Yoast SEO plugin. -->","yoast_head_json":{"title":"CONADANZ presenta \u201cGrandiosa La Paz\u201d - El Diario - Bolivia","robots":{"index":"index","follow":"follow","max-snippet":"max-snippet:-1","max-image-preview":"max-image-preview:large","max-video-preview":"max-video-preview:-1"},"canonical":"https:\/\/www.eldiario.net\/portal\/2024\/07\/05\/conadanz-presenta-grandiosa-la-paz\/","og_locale":"es_ES","og_type":"article","og_title":"CONADANZ presenta \u201cGrandiosa La Paz\u201d - El Diario - Bolivia","og_description":"\u201cGrandiosa La Paz\u201d, as\u00ed titula el espect\u00e1culo que presentar\u00e1 la Compa\u00f1\u00eda Nacional de Danza (CONADANZ), que dirige Yolanda Mazuelos, con motivo de celebrar las Fiestas Julias y recordar el 215 aniversario de la revoluci\u00f3n independentista que se dio en La Paz el 16 de julio de 1809. La puesta en escena ser\u00e1 el martes 9 [&hellip;]","og_url":"https:\/\/www.eldiario.net\/portal\/2024\/07\/05\/conadanz-presenta-grandiosa-la-paz\/","og_site_name":"El Diario - Bolivia","article_publisher":"https:\/\/www.facebook.com\/eldiario.bolivia\/","article_published_time":"2024-07-05T10:39:32+00:00","og_image":[{"width":1200,"height":600,"url":"https:\/\/www.eldiario.net\/portal\/wp-content\/uploads\/2024\/07\/1-PRINCIPAL-1.jpg","type":"image\/jpeg"}],"author":"Jeanette","twitter_card":"summary_large_image","twitter_creator":"@eldiario_net","twitter_site":"@eldiario_net","twitter_misc":{"Escrito por":"Jeanette","Tiempo de lectura":"4 minutos"},"schema":{"@context":"https:\/\/schema.org","@graph":[{"@type":"Article","@id":"https:\/\/www.eldiario.net\/portal\/2024\/07\/05\/conadanz-presenta-grandiosa-la-paz\/#article","isPartOf":{"@id":"https:\/\/www.eldiario.net\/portal\/2024\/07\/05\/conadanz-presenta-grandiosa-la-paz\/"},"author":{"name":"Jeanette","@id":"https:\/\/www.eldiario.net\/portal\/#\/schema\/person\/f46445640444750d7d753ccd04ae01b7"},"headline":"CONADANZ presenta \u201cGrandiosa La Paz\u201d","datePublished":"2024-07-05T10:39:32+00:00","mainEntityOfPage":{"@id":"https:\/\/www.eldiario.net\/portal\/2024\/07\/05\/conadanz-presenta-grandiosa-la-paz\/"},"wordCount":852,"commentCount":0,"publisher":{"@id":"https:\/\/www.eldiario.net\/portal\/#organization"},"image":{"@id":"https:\/\/www.eldiario.net\/portal\/2024\/07\/05\/conadanz-presenta-grandiosa-la-paz\/#primaryimage"},"thumbnailUrl":"https:\/\/www.eldiario.net\/portal\/wp-content\/uploads\/2024\/07\/1-PRINCIPAL-1.jpg","articleSection":["La Gu\u00eda"],"inLanguage":"es","potentialAction":[{"@type":"CommentAction","name":"Comment","target":["https:\/\/www.eldiario.net\/portal\/2024\/07\/05\/conadanz-presenta-grandiosa-la-paz\/#respond"]}]},{"@type":"WebPage","@id":"https:\/\/www.eldiario.net\/portal\/2024\/07\/05\/conadanz-presenta-grandiosa-la-paz\/","url":"https:\/\/www.eldiario.net\/portal\/2024\/07\/05\/conadanz-presenta-grandiosa-la-paz\/","name":"CONADANZ presenta \u201cGrandiosa La Paz\u201d - El Diario - Bolivia","isPartOf":{"@id":"https:\/\/www.eldiario.net\/portal\/#website"},"primaryImageOfPage":{"@id":"https:\/\/www.eldiario.net\/portal\/2024\/07\/05\/conadanz-presenta-grandiosa-la-paz\/#primaryimage"},"image":{"@id":"https:\/\/www.eldiario.net\/portal\/2024\/07\/05\/conadanz-presenta-grandiosa-la-paz\/#primaryimage"},"thumbnailUrl":"https:\/\/www.eldiario.net\/portal\/wp-content\/uploads\/2024\/07\/1-PRINCIPAL-1.jpg","datePublished":"2024-07-05T10:39:32+00:00","breadcrumb":{"@id":"https:\/\/www.eldiario.net\/portal\/2024\/07\/05\/conadanz-presenta-grandiosa-la-paz\/#breadcrumb"},"inLanguage":"es","potentialAction":[{"@type":"ReadAction","target":["https:\/\/www.eldiario.net\/portal\/2024\/07\/05\/conadanz-presenta-grandiosa-la-paz\/"]}]},{"@type":"ImageObject","inLanguage":"es","@id":"https:\/\/www.eldiario.net\/portal\/2024\/07\/05\/conadanz-presenta-grandiosa-la-paz\/#primaryimage","url":"https:\/\/www.eldiario.net\/portal\/wp-content\/uploads\/2024\/07\/1-PRINCIPAL-1.jpg","contentUrl":"https:\/\/www.eldiario.net\/portal\/wp-content\/uploads\/2024\/07\/1-PRINCIPAL-1.jpg","width":1200,"height":600},{"@type":"BreadcrumbList","@id":"https:\/\/www.eldiario.net\/portal\/2024\/07\/05\/conadanz-presenta-grandiosa-la-paz\/#breadcrumb","itemListElement":[{"@type":"ListItem","position":1,"name":"Portada","item":"https:\/\/www.eldiario.net\/portal\/"},{"@type":"ListItem","position":2,"name":"CONADANZ presenta \u201cGrandiosa La Paz\u201d"}]},{"@type":"WebSite","@id":"https:\/\/www.eldiario.net\/portal\/#website","url":"https:\/\/www.eldiario.net\/portal\/","name":"El Diario - Decano de la prensa nacional","description":"El Diario - Decano de la prensa nacional","publisher":{"@id":"https:\/\/www.eldiario.net\/portal\/#organization"},"potentialAction":[{"@type":"SearchAction","target":{"@type":"EntryPoint","urlTemplate":"https:\/\/www.eldiario.net\/portal\/?s={search_term_string}"},"query-input":{"@type":"PropertyValueSpecification","valueRequired":true,"valueName":"search_term_string"}}],"inLanguage":"es"},{"@type":"Organization","@id":"https:\/\/www.eldiario.net\/portal\/#organization","name":"El Diario - Decano de la prensa nacional","url":"https:\/\/www.eldiario.net\/portal\/","logo":{"@type":"ImageObject","inLanguage":"es","@id":"https:\/\/www.eldiario.net\/portal\/#\/schema\/logo\/image\/","url":"https:\/\/www.eldiario.net\/portal\/wp-content\/uploads\/2023\/07\/logo_ED.jpg","contentUrl":"https:\/\/www.eldiario.net\/portal\/wp-content\/uploads\/2023\/07\/logo_ED.jpg","width":272,"height":52,"caption":"El Diario - Decano de la prensa nacional"},"image":{"@id":"https:\/\/www.eldiario.net\/portal\/#\/schema\/logo\/image\/"},"sameAs":["https:\/\/www.facebook.com\/eldiario.bolivia\/","https:\/\/x.com\/eldiario_net"]},{"@type":"Person","@id":"https:\/\/www.eldiario.net\/portal\/#\/schema\/person\/f46445640444750d7d753ccd04ae01b7","name":"Jeanette","image":{"@type":"ImageObject","inLanguage":"es","@id":"https:\/\/secure.gravatar.com\/avatar\/3ea2118a5f7dad2b7138b1187a6b7ee55f160b9968b66013c3a3ef39dd7e5798?s=96&d=mm&r=g","url":"https:\/\/secure.gravatar.com\/avatar\/3ea2118a5f7dad2b7138b1187a6b7ee55f160b9968b66013c3a3ef39dd7e5798?s=96&d=mm&r=g","contentUrl":"https:\/\/secure.gravatar.com\/avatar\/3ea2118a5f7dad2b7138b1187a6b7ee55f160b9968b66013c3a3ef39dd7e5798?s=96&d=mm&r=g","caption":"Jeanette"},"sameAs":["https:\/\/www.eldiario.net\/portal"],"url":"https:\/\/www.eldiario.net\/portal\/author\/jeanette\/"}]}},"_links":{"self":[{"href":"https:\/\/www.eldiario.net\/portal\/wp-json\/wp\/v2\/posts\/231952","targetHints":{"allow":["GET"]}}],"collection":[{"href":"https:\/\/www.eldiario.net\/portal\/wp-json\/wp\/v2\/posts"}],"about":[{"href":"https:\/\/www.eldiario.net\/portal\/wp-json\/wp\/v2\/types\/post"}],"author":[{"embeddable":true,"href":"https:\/\/www.eldiario.net\/portal\/wp-json\/wp\/v2\/users\/1"}],"replies":[{"embeddable":true,"href":"https:\/\/www.eldiario.net\/portal\/wp-json\/wp\/v2\/comments?post=231952"}],"version-history":[{"count":1,"href":"https:\/\/www.eldiario.net\/portal\/wp-json\/wp\/v2\/posts\/231952\/revisions"}],"predecessor-version":[{"id":231960,"href":"https:\/\/www.eldiario.net\/portal\/wp-json\/wp\/v2\/posts\/231952\/revisions\/231960"}],"wp:featuredmedia":[{"embeddable":true,"href":"https:\/\/www.eldiario.net\/portal\/wp-json\/wp\/v2\/media\/231953"}],"wp:attachment":[{"href":"https:\/\/www.eldiario.net\/portal\/wp-json\/wp\/v2\/media?parent=231952"}],"wp:term":[{"taxonomy":"category","embeddable":true,"href":"https:\/\/www.eldiario.net\/portal\/wp-json\/wp\/v2\/categories?post=231952"},{"taxonomy":"post_tag","embeddable":true,"href":"https:\/\/www.eldiario.net\/portal\/wp-json\/wp\/v2\/tags?post=231952"}],"curies":[{"name":"wp","href":"https:\/\/api.w.org\/{rel}","templated":true}]}}