{"id":231937,"date":"2024-07-05T06:34:11","date_gmt":"2024-07-05T10:34:11","guid":{"rendered":"https:\/\/www.eldiario.net\/portal\/?p=231937"},"modified":"2024-07-05T06:34:11","modified_gmt":"2024-07-05T10:34:11","slug":"miguelito-vuelve-a-ser-titular-en-el-santos-sub-20","status":"publish","type":"post","link":"https:\/\/www.eldiario.net\/portal\/2024\/07\/05\/miguelito-vuelve-a-ser-titular-en-el-santos-sub-20\/","title":{"rendered":"\u00abMIGUELITO\u00bb VUELVE A SER TITULAR EN EL SANTOS SUB \u2013 20"},"content":{"rendered":"<p>El pasado lunes 1 de junio Miguel Terceros fue titular en el \u00faltimo partido de la selecci\u00f3n boliviana de futbol, frente a Panam\u00e1 por la Copa Am\u00e9rica. Al igual que el resto de sus compa\u00f1eros, dej\u00f3 la concentraci\u00f3n el martes por la noche, lleg\u00f3 a Sao Paulo el mi\u00e9rcoles y ayer se puso la camiseta del Santos FC. para disputar el cl\u00e1sico frente al Palmeiras por la fecha 12 del Brasileirao sub \u2013 20, en el estadio Bruno Jos\u00e9 Daniel de Santo Andr\u00e9.<br \/>\nTerceros jug\u00f3 el segundo tiempo en el debut de la Verde frente a Estados Unidos; fue titular frente a Uruguay y Zago decidi\u00f3 su cambio a los 70 minutos. Ante Panam\u00e1 tambi\u00e9n estuvo desde el inicio, pero sali\u00f3 a los 81 minutos.<br \/>\n\u00abMiguelito\u00bb tuvo dos oportunidades claras para poder anotar, aprovechando su fortaleza f\u00edsica y velocidad, logr\u00f3 sobrepasar la \u00faltima l\u00ednea de los centrales del \u201cverdao\u201d pero sus remates se fueron por encima de la porter\u00eda del cuadro local.<br \/>\nEl delantero nacional Enzo Monteiro, que no fue convocado a la selecci\u00f3n, tambi\u00e9n fue titular en el equipo que dirige el t\u00e9cnico Orlando Ribeiro<br \/>\nMonteiro estuvo participativo en las jugadas de peligro, pero no pudo anotar; quien si anot\u00f3 fue el atacante del Alviverde Filipe Riquelme a los 82&#8242;. Con esta derrota el \u201cPeixe\u201d se queda en el sexto lugar del torneo con 19 puntos, el pr\u00f3ximo partido ser\u00e1 en el CT Rei Pel\u00e9 de Santos por la fecha 13 frente a Red Bull Bragantino. (Gustavo Salguero).<\/p>\n","protected":false},"excerpt":{"rendered":"<p>El pasado lunes 1 de junio Miguel Terceros fue titular en el \u00faltimo partido de la selecci\u00f3n boliviana de futbol, frente a Panam\u00e1 por la Copa Am\u00e9rica. Al igual que el resto de sus compa\u00f1eros, dej\u00f3 la concentraci\u00f3n el martes por la noche, lleg\u00f3 a Sao Paulo el mi\u00e9rcoles y ayer se puso la camiseta [&hellip;]<\/p>\n","protected":false},"author":1,"featured_media":231938,"comment_status":"open","ping_status":"open","sticky":false,"template":"","format":"standard","meta":{"_acf_changed":false,"footnotes":""},"categories":[6],"tags":[],"class_list":["post-231937","post","type-post","status-publish","format-standard","has-post-thumbnail","category-deportes"],"acf":{"antetitulo":""},"yoast_head":"<!-- This site is optimized with the Yoast SEO plugin v28.3 - https:\/\/yoast.com\/product\/yoast-seo-wordpress\/ -->\n<title>&quot;MIGUELITO&quot; VUELVE A SER TITULAR EN EL SANTOS SUB \u2013 20 - El Diario - Bolivia<\/title>\n<meta name=\"robots\" content=\"index, follow, max-snippet:-1, max-image-preview:large, max-video-preview:-1\" \/>\n<link rel=\"canonical\" href=\"https:\/\/www.eldiario.net\/portal\/2024\/07\/05\/miguelito-vuelve-a-ser-titular-en-el-santos-sub-20\/\" \/>\n<meta property=\"og:locale\" content=\"es_ES\" \/>\n<meta property=\"og:type\" content=\"article\" \/>\n<meta property=\"og:title\" content=\"&quot;MIGUELITO&quot; VUELVE A SER TITULAR EN EL SANTOS SUB \u2013 20 - El Diario - Bolivia\" \/>\n<meta property=\"og:description\" content=\"El pasado lunes 1 de junio Miguel Terceros fue titular en el \u00faltimo partido de la selecci\u00f3n boliviana de futbol, frente a Panam\u00e1 por la Copa Am\u00e9rica. Al igual que el resto de sus compa\u00f1eros, dej\u00f3 la concentraci\u00f3n el martes por la noche, lleg\u00f3 a Sao Paulo el mi\u00e9rcoles y ayer se puso la camiseta [&hellip;]\" \/>\n<meta property=\"og:url\" content=\"https:\/\/www.eldiario.net\/portal\/2024\/07\/05\/miguelito-vuelve-a-ser-titular-en-el-santos-sub-20\/\" \/>\n<meta property=\"og:site_name\" content=\"El Diario - Bolivia\" \/>\n<meta property=\"article:publisher\" content=\"https:\/\/www.facebook.com\/eldiario.bolivia\/\" \/>\n<meta property=\"article:published_time\" content=\"2024-07-05T10:34:11+00:00\" \/>\n<meta property=\"og:image\" content=\"https:\/\/www.eldiario.net\/portal\/wp-content\/uploads\/2024\/07\/terceros.jpg\" \/>\n\t<meta property=\"og:image:width\" content=\"583\" \/>\n\t<meta property=\"og:image:height\" content=\"328\" \/>\n\t<meta property=\"og:image:type\" content=\"image\/jpeg\" \/>\n<meta name=\"author\" content=\"Jeanette\" \/>\n<meta name=\"twitter:card\" content=\"summary_large_image\" \/>\n<meta name=\"twitter:creator\" content=\"@eldiario_net\" \/>\n<meta name=\"twitter:site\" content=\"@eldiario_net\" \/>\n<meta name=\"twitter:label1\" content=\"Escrito por\" \/>\n\t<meta name=\"twitter:data1\" content=\"Jeanette\" \/>\n\t<meta name=\"twitter:label2\" content=\"Tiempo de lectura\" \/>\n\t<meta name=\"twitter:data2\" content=\"2 minutos\" \/>\n<script type=\"application\/ld+json\" class=\"yoast-schema-graph\">{\"@context\":\"https:\\\/\\\/schema.org\",\"@graph\":[{\"@type\":\"Article\",\"@id\":\"https:\\\/\\\/www.eldiario.net\\\/portal\\\/2024\\\/07\\\/05\\\/miguelito-vuelve-a-ser-titular-en-el-santos-sub-20\\\/#article\",\"isPartOf\":{\"@id\":\"https:\\\/\\\/www.eldiario.net\\\/portal\\\/2024\\\/07\\\/05\\\/miguelito-vuelve-a-ser-titular-en-el-santos-sub-20\\\/\"},\"author\":{\"name\":\"Jeanette\",\"@id\":\"https:\\\/\\\/www.eldiario.net\\\/portal\\\/#\\\/schema\\\/person\\\/f46445640444750d7d753ccd04ae01b7\"},\"headline\":\"\u00abMIGUELITO\u00bb VUELVE A SER TITULAR EN EL SANTOS SUB \u2013 20\",\"datePublished\":\"2024-07-05T10:34:11+00:00\",\"mainEntityOfPage\":{\"@id\":\"https:\\\/\\\/www.eldiario.net\\\/portal\\\/2024\\\/07\\\/05\\\/miguelito-vuelve-a-ser-titular-en-el-santos-sub-20\\\/\"},\"wordCount\":263,\"commentCount\":0,\"publisher\":{\"@id\":\"https:\\\/\\\/www.eldiario.net\\\/portal\\\/#organization\"},\"image\":{\"@id\":\"https:\\\/\\\/www.eldiario.net\\\/portal\\\/2024\\\/07\\\/05\\\/miguelito-vuelve-a-ser-titular-en-el-santos-sub-20\\\/#primaryimage\"},\"thumbnailUrl\":\"https:\\\/\\\/www.eldiario.net\\\/portal\\\/wp-content\\\/uploads\\\/2024\\\/07\\\/terceros.jpg\",\"articleSection\":[\"Deportes\"],\"inLanguage\":\"es\",\"potentialAction\":[{\"@type\":\"CommentAction\",\"name\":\"Comment\",\"target\":[\"https:\\\/\\\/www.eldiario.net\\\/portal\\\/2024\\\/07\\\/05\\\/miguelito-vuelve-a-ser-titular-en-el-santos-sub-20\\\/#respond\"]}]},{\"@type\":\"WebPage\",\"@id\":\"https:\\\/\\\/www.eldiario.net\\\/portal\\\/2024\\\/07\\\/05\\\/miguelito-vuelve-a-ser-titular-en-el-santos-sub-20\\\/\",\"url\":\"https:\\\/\\\/www.eldiario.net\\\/portal\\\/2024\\\/07\\\/05\\\/miguelito-vuelve-a-ser-titular-en-el-santos-sub-20\\\/\",\"name\":\"\\\"MIGUELITO\\\" VUELVE A SER TITULAR EN EL SANTOS SUB \u2013 20 - El Diario - Bolivia\",\"isPartOf\":{\"@id\":\"https:\\\/\\\/www.eldiario.net\\\/portal\\\/#website\"},\"primaryImageOfPage\":{\"@id\":\"https:\\\/\\\/www.eldiario.net\\\/portal\\\/2024\\\/07\\\/05\\\/miguelito-vuelve-a-ser-titular-en-el-santos-sub-20\\\/#primaryimage\"},\"image\":{\"@id\":\"https:\\\/\\\/www.eldiario.net\\\/portal\\\/2024\\\/07\\\/05\\\/miguelito-vuelve-a-ser-titular-en-el-santos-sub-20\\\/#primaryimage\"},\"thumbnailUrl\":\"https:\\\/\\\/www.eldiario.net\\\/portal\\\/wp-content\\\/uploads\\\/2024\\\/07\\\/terceros.jpg\",\"datePublished\":\"2024-07-05T10:34:11+00:00\",\"breadcrumb\":{\"@id\":\"https:\\\/\\\/www.eldiario.net\\\/portal\\\/2024\\\/07\\\/05\\\/miguelito-vuelve-a-ser-titular-en-el-santos-sub-20\\\/#breadcrumb\"},\"inLanguage\":\"es\",\"potentialAction\":[{\"@type\":\"ReadAction\",\"target\":[\"https:\\\/\\\/www.eldiario.net\\\/portal\\\/2024\\\/07\\\/05\\\/miguelito-vuelve-a-ser-titular-en-el-santos-sub-20\\\/\"]}]},{\"@type\":\"ImageObject\",\"inLanguage\":\"es\",\"@id\":\"https:\\\/\\\/www.eldiario.net\\\/portal\\\/2024\\\/07\\\/05\\\/miguelito-vuelve-a-ser-titular-en-el-santos-sub-20\\\/#primaryimage\",\"url\":\"https:\\\/\\\/www.eldiario.net\\\/portal\\\/wp-content\\\/uploads\\\/2024\\\/07\\\/terceros.jpg\",\"contentUrl\":\"https:\\\/\\\/www.eldiario.net\\\/portal\\\/wp-content\\\/uploads\\\/2024\\\/07\\\/terceros.jpg\",\"width\":583,\"height\":328},{\"@type\":\"BreadcrumbList\",\"@id\":\"https:\\\/\\\/www.eldiario.net\\\/portal\\\/2024\\\/07\\\/05\\\/miguelito-vuelve-a-ser-titular-en-el-santos-sub-20\\\/#breadcrumb\",\"itemListElement\":[{\"@type\":\"ListItem\",\"position\":1,\"name\":\"Portada\",\"item\":\"https:\\\/\\\/www.eldiario.net\\\/portal\\\/\"},{\"@type\":\"ListItem\",\"position\":2,\"name\":\"\u00abMIGUELITO\u00bb VUELVE A SER TITULAR EN EL SANTOS SUB \u2013 20\"}]},{\"@type\":\"WebSite\",\"@id\":\"https:\\\/\\\/www.eldiario.net\\\/portal\\\/#website\",\"url\":\"https:\\\/\\\/www.eldiario.net\\\/portal\\\/\",\"name\":\"El Diario - Decano de la prensa nacional\",\"description\":\"El Diario - Decano de la prensa nacional\",\"publisher\":{\"@id\":\"https:\\\/\\\/www.eldiario.net\\\/portal\\\/#organization\"},\"potentialAction\":[{\"@type\":\"SearchAction\",\"target\":{\"@type\":\"EntryPoint\",\"urlTemplate\":\"https:\\\/\\\/www.eldiario.net\\\/portal\\\/?s={search_term_string}\"},\"query-input\":{\"@type\":\"PropertyValueSpecification\",\"valueRequired\":true,\"valueName\":\"search_term_string\"}}],\"inLanguage\":\"es\"},{\"@type\":\"Organization\",\"@id\":\"https:\\\/\\\/www.eldiario.net\\\/portal\\\/#organization\",\"name\":\"El Diario - Decano de la prensa nacional\",\"url\":\"https:\\\/\\\/www.eldiario.net\\\/portal\\\/\",\"logo\":{\"@type\":\"ImageObject\",\"inLanguage\":\"es\",\"@id\":\"https:\\\/\\\/www.eldiario.net\\\/portal\\\/#\\\/schema\\\/logo\\\/image\\\/\",\"url\":\"https:\\\/\\\/www.eldiario.net\\\/portal\\\/wp-content\\\/uploads\\\/2023\\\/07\\\/logo_ED.jpg\",\"contentUrl\":\"https:\\\/\\\/www.eldiario.net\\\/portal\\\/wp-content\\\/uploads\\\/2023\\\/07\\\/logo_ED.jpg\",\"width\":272,\"height\":52,\"caption\":\"El Diario - Decano de la prensa nacional\"},\"image\":{\"@id\":\"https:\\\/\\\/www.eldiario.net\\\/portal\\\/#\\\/schema\\\/logo\\\/image\\\/\"},\"sameAs\":[\"https:\\\/\\\/www.facebook.com\\\/eldiario.bolivia\\\/\",\"https:\\\/\\\/x.com\\\/eldiario_net\"]},{\"@type\":\"Person\",\"@id\":\"https:\\\/\\\/www.eldiario.net\\\/portal\\\/#\\\/schema\\\/person\\\/f46445640444750d7d753ccd04ae01b7\",\"name\":\"Jeanette\",\"image\":{\"@type\":\"ImageObject\",\"inLanguage\":\"es\",\"@id\":\"https:\\\/\\\/secure.gravatar.com\\\/avatar\\\/3ea2118a5f7dad2b7138b1187a6b7ee55f160b9968b66013c3a3ef39dd7e5798?s=96&d=mm&r=g\",\"url\":\"https:\\\/\\\/secure.gravatar.com\\\/avatar\\\/3ea2118a5f7dad2b7138b1187a6b7ee55f160b9968b66013c3a3ef39dd7e5798?s=96&d=mm&r=g\",\"contentUrl\":\"https:\\\/\\\/secure.gravatar.com\\\/avatar\\\/3ea2118a5f7dad2b7138b1187a6b7ee55f160b9968b66013c3a3ef39dd7e5798?s=96&d=mm&r=g\",\"caption\":\"Jeanette\"},\"sameAs\":[\"https:\\\/\\\/www.eldiario.net\\\/portal\"],\"url\":\"https:\\\/\\\/www.eldiario.net\\\/portal\\\/author\\\/jeanette\\\/\"}]}<\/script>\n<!-- \/ Yoast SEO plugin. -->","yoast_head_json":{"title":"\"MIGUELITO\" VUELVE A SER TITULAR EN EL SANTOS SUB \u2013 20 - El Diario - Bolivia","robots":{"index":"index","follow":"follow","max-snippet":"max-snippet:-1","max-image-preview":"max-image-preview:large","max-video-preview":"max-video-preview:-1"},"canonical":"https:\/\/www.eldiario.net\/portal\/2024\/07\/05\/miguelito-vuelve-a-ser-titular-en-el-santos-sub-20\/","og_locale":"es_ES","og_type":"article","og_title":"\"MIGUELITO\" VUELVE A SER TITULAR EN EL SANTOS SUB \u2013 20 - El Diario - Bolivia","og_description":"El pasado lunes 1 de junio Miguel Terceros fue titular en el \u00faltimo partido de la selecci\u00f3n boliviana de futbol, frente a Panam\u00e1 por la Copa Am\u00e9rica. Al igual que el resto de sus compa\u00f1eros, dej\u00f3 la concentraci\u00f3n el martes por la noche, lleg\u00f3 a Sao Paulo el mi\u00e9rcoles y ayer se puso la camiseta [&hellip;]","og_url":"https:\/\/www.eldiario.net\/portal\/2024\/07\/05\/miguelito-vuelve-a-ser-titular-en-el-santos-sub-20\/","og_site_name":"El Diario - Bolivia","article_publisher":"https:\/\/www.facebook.com\/eldiario.bolivia\/","article_published_time":"2024-07-05T10:34:11+00:00","og_image":[{"width":583,"height":328,"url":"https:\/\/www.eldiario.net\/portal\/wp-content\/uploads\/2024\/07\/terceros.jpg","type":"image\/jpeg"}],"author":"Jeanette","twitter_card":"summary_large_image","twitter_creator":"@eldiario_net","twitter_site":"@eldiario_net","twitter_misc":{"Escrito por":"Jeanette","Tiempo de lectura":"2 minutos"},"schema":{"@context":"https:\/\/schema.org","@graph":[{"@type":"Article","@id":"https:\/\/www.eldiario.net\/portal\/2024\/07\/05\/miguelito-vuelve-a-ser-titular-en-el-santos-sub-20\/#article","isPartOf":{"@id":"https:\/\/www.eldiario.net\/portal\/2024\/07\/05\/miguelito-vuelve-a-ser-titular-en-el-santos-sub-20\/"},"author":{"name":"Jeanette","@id":"https:\/\/www.eldiario.net\/portal\/#\/schema\/person\/f46445640444750d7d753ccd04ae01b7"},"headline":"\u00abMIGUELITO\u00bb VUELVE A SER TITULAR EN EL SANTOS SUB \u2013 20","datePublished":"2024-07-05T10:34:11+00:00","mainEntityOfPage":{"@id":"https:\/\/www.eldiario.net\/portal\/2024\/07\/05\/miguelito-vuelve-a-ser-titular-en-el-santos-sub-20\/"},"wordCount":263,"commentCount":0,"publisher":{"@id":"https:\/\/www.eldiario.net\/portal\/#organization"},"image":{"@id":"https:\/\/www.eldiario.net\/portal\/2024\/07\/05\/miguelito-vuelve-a-ser-titular-en-el-santos-sub-20\/#primaryimage"},"thumbnailUrl":"https:\/\/www.eldiario.net\/portal\/wp-content\/uploads\/2024\/07\/terceros.jpg","articleSection":["Deportes"],"inLanguage":"es","potentialAction":[{"@type":"CommentAction","name":"Comment","target":["https:\/\/www.eldiario.net\/portal\/2024\/07\/05\/miguelito-vuelve-a-ser-titular-en-el-santos-sub-20\/#respond"]}]},{"@type":"WebPage","@id":"https:\/\/www.eldiario.net\/portal\/2024\/07\/05\/miguelito-vuelve-a-ser-titular-en-el-santos-sub-20\/","url":"https:\/\/www.eldiario.net\/portal\/2024\/07\/05\/miguelito-vuelve-a-ser-titular-en-el-santos-sub-20\/","name":"\"MIGUELITO\" VUELVE A SER TITULAR EN EL SANTOS SUB \u2013 20 - El Diario - Bolivia","isPartOf":{"@id":"https:\/\/www.eldiario.net\/portal\/#website"},"primaryImageOfPage":{"@id":"https:\/\/www.eldiario.net\/portal\/2024\/07\/05\/miguelito-vuelve-a-ser-titular-en-el-santos-sub-20\/#primaryimage"},"image":{"@id":"https:\/\/www.eldiario.net\/portal\/2024\/07\/05\/miguelito-vuelve-a-ser-titular-en-el-santos-sub-20\/#primaryimage"},"thumbnailUrl":"https:\/\/www.eldiario.net\/portal\/wp-content\/uploads\/2024\/07\/terceros.jpg","datePublished":"2024-07-05T10:34:11+00:00","breadcrumb":{"@id":"https:\/\/www.eldiario.net\/portal\/2024\/07\/05\/miguelito-vuelve-a-ser-titular-en-el-santos-sub-20\/#breadcrumb"},"inLanguage":"es","potentialAction":[{"@type":"ReadAction","target":["https:\/\/www.eldiario.net\/portal\/2024\/07\/05\/miguelito-vuelve-a-ser-titular-en-el-santos-sub-20\/"]}]},{"@type":"ImageObject","inLanguage":"es","@id":"https:\/\/www.eldiario.net\/portal\/2024\/07\/05\/miguelito-vuelve-a-ser-titular-en-el-santos-sub-20\/#primaryimage","url":"https:\/\/www.eldiario.net\/portal\/wp-content\/uploads\/2024\/07\/terceros.jpg","contentUrl":"https:\/\/www.eldiario.net\/portal\/wp-content\/uploads\/2024\/07\/terceros.jpg","width":583,"height":328},{"@type":"BreadcrumbList","@id":"https:\/\/www.eldiario.net\/portal\/2024\/07\/05\/miguelito-vuelve-a-ser-titular-en-el-santos-sub-20\/#breadcrumb","itemListElement":[{"@type":"ListItem","position":1,"name":"Portada","item":"https:\/\/www.eldiario.net\/portal\/"},{"@type":"ListItem","position":2,"name":"\u00abMIGUELITO\u00bb VUELVE A SER TITULAR EN EL SANTOS SUB \u2013 20"}]},{"@type":"WebSite","@id":"https:\/\/www.eldiario.net\/portal\/#website","url":"https:\/\/www.eldiario.net\/portal\/","name":"El Diario - Decano de la prensa nacional","description":"El Diario - Decano de la prensa nacional","publisher":{"@id":"https:\/\/www.eldiario.net\/portal\/#organization"},"potentialAction":[{"@type":"SearchAction","target":{"@type":"EntryPoint","urlTemplate":"https:\/\/www.eldiario.net\/portal\/?s={search_term_string}"},"query-input":{"@type":"PropertyValueSpecification","valueRequired":true,"valueName":"search_term_string"}}],"inLanguage":"es"},{"@type":"Organization","@id":"https:\/\/www.eldiario.net\/portal\/#organization","name":"El Diario - Decano de la prensa nacional","url":"https:\/\/www.eldiario.net\/portal\/","logo":{"@type":"ImageObject","inLanguage":"es","@id":"https:\/\/www.eldiario.net\/portal\/#\/schema\/logo\/image\/","url":"https:\/\/www.eldiario.net\/portal\/wp-content\/uploads\/2023\/07\/logo_ED.jpg","contentUrl":"https:\/\/www.eldiario.net\/portal\/wp-content\/uploads\/2023\/07\/logo_ED.jpg","width":272,"height":52,"caption":"El Diario - Decano de la prensa nacional"},"image":{"@id":"https:\/\/www.eldiario.net\/portal\/#\/schema\/logo\/image\/"},"sameAs":["https:\/\/www.facebook.com\/eldiario.bolivia\/","https:\/\/x.com\/eldiario_net"]},{"@type":"Person","@id":"https:\/\/www.eldiario.net\/portal\/#\/schema\/person\/f46445640444750d7d753ccd04ae01b7","name":"Jeanette","image":{"@type":"ImageObject","inLanguage":"es","@id":"https:\/\/secure.gravatar.com\/avatar\/3ea2118a5f7dad2b7138b1187a6b7ee55f160b9968b66013c3a3ef39dd7e5798?s=96&d=mm&r=g","url":"https:\/\/secure.gravatar.com\/avatar\/3ea2118a5f7dad2b7138b1187a6b7ee55f160b9968b66013c3a3ef39dd7e5798?s=96&d=mm&r=g","contentUrl":"https:\/\/secure.gravatar.com\/avatar\/3ea2118a5f7dad2b7138b1187a6b7ee55f160b9968b66013c3a3ef39dd7e5798?s=96&d=mm&r=g","caption":"Jeanette"},"sameAs":["https:\/\/www.eldiario.net\/portal"],"url":"https:\/\/www.eldiario.net\/portal\/author\/jeanette\/"}]}},"_links":{"self":[{"href":"https:\/\/www.eldiario.net\/portal\/wp-json\/wp\/v2\/posts\/231937","targetHints":{"allow":["GET"]}}],"collection":[{"href":"https:\/\/www.eldiario.net\/portal\/wp-json\/wp\/v2\/posts"}],"about":[{"href":"https:\/\/www.eldiario.net\/portal\/wp-json\/wp\/v2\/types\/post"}],"author":[{"embeddable":true,"href":"https:\/\/www.eldiario.net\/portal\/wp-json\/wp\/v2\/users\/1"}],"replies":[{"embeddable":true,"href":"https:\/\/www.eldiario.net\/portal\/wp-json\/wp\/v2\/comments?post=231937"}],"version-history":[{"count":1,"href":"https:\/\/www.eldiario.net\/portal\/wp-json\/wp\/v2\/posts\/231937\/revisions"}],"predecessor-version":[{"id":231939,"href":"https:\/\/www.eldiario.net\/portal\/wp-json\/wp\/v2\/posts\/231937\/revisions\/231939"}],"wp:featuredmedia":[{"embeddable":true,"href":"https:\/\/www.eldiario.net\/portal\/wp-json\/wp\/v2\/media\/231938"}],"wp:attachment":[{"href":"https:\/\/www.eldiario.net\/portal\/wp-json\/wp\/v2\/media?parent=231937"}],"wp:term":[{"taxonomy":"category","embeddable":true,"href":"https:\/\/www.eldiario.net\/portal\/wp-json\/wp\/v2\/categories?post=231937"},{"taxonomy":"post_tag","embeddable":true,"href":"https:\/\/www.eldiario.net\/portal\/wp-json\/wp\/v2\/tags?post=231937"}],"curies":[{"name":"wp","href":"https:\/\/api.w.org\/{rel}","templated":true}]}}