{"id":231749,"date":"2024-07-04T06:55:40","date_gmt":"2024-07-04T10:55:40","guid":{"rendered":"https:\/\/www.eldiario.net\/portal\/?p=231749"},"modified":"2024-07-04T06:55:40","modified_gmt":"2024-07-04T10:55:40","slug":"zago-esta-bajo-la-lupa-del-comite-ejecutivo-de-la-fbf","status":"publish","type":"post","link":"https:\/\/www.eldiario.net\/portal\/2024\/07\/04\/zago-esta-bajo-la-lupa-del-comite-ejecutivo-de-la-fbf\/","title":{"rendered":"Zago est\u00e1 bajo la lupa del Comit\u00e9 Ejecutivo de la FBF"},"content":{"rendered":"<p>Concluida la actuaci\u00f3n de la Selecci\u00f3n Nacional, el Comit\u00e9 Ejecutivo de la Federaci\u00f3n Boliviana de F\u00fatbol (FBF) se reunir\u00e1 con el entrenador Antonio Carlos Zago, quien tendr\u00e1 que presentar un informe de la participaci\u00f3n del equipo en la Copa Am\u00e9rica USA 2024 y dar a conocer las proyecciones para los partidos de las clasificatorias mundialistas 2026.<\/p>\n<p>Zago rendir\u00e1 cuentas ante los miembros del Comit\u00e9 Ejecutivo, con la cabeza fr\u00eda, en los siguientes d\u00edas, donde se expondr\u00e1 los objetivos alcanzados y los errores que se cometieron, en procura de encontrar un mejor rendimiento.<\/p>\n<p>De momento, se conoce que la mayor\u00eda de los integrantes del Comit\u00e9 Ejecutivo, incluido el presidente, Fernando Costa, est\u00e1n a favor de la continuidad de Zago en el cargo, pero hay un par de voces que piden un cambio y sus argumentos ser\u00e1n escuchados en la pr\u00f3xima reuni\u00f3n, con fecha, hora y lugar por definirse.<\/p>\n<p>Los n\u00fameros est\u00e1n en contra de Zago, con tres derrotas, diez goles en contra y uno a favor. Pese a la frialdad de estas cifras, el entrenador brasile\u00f1o considera que hubo una mejora en la producci\u00f3n, con \u201cchispazos\u201d de f\u00fatbol como ocurri\u00f3 en los segundos tiempos de los cotejos contra Estados Unidos y Uruguay, y un desarrollo mayor \u2013en relaci\u00f3n a lo vista hasta entonces\u2013ante Panam\u00e1. De este aspecto, el cuerpo t\u00e9cnico se sujetar\u00e1 para defender su trabajo.<\/p>\n<p>Esta reuni\u00f3n estaba acordada antes del viaje a Estados Unidos, tambi\u00e9n antes de la salida de la delegaci\u00f3n, Costa, Zago y los jugadores coincidieron en que el objetivo principal es las clasificatorias mundialistas y la Copa Am\u00e9rica era una oportunidad para agarrar ritmo de competencia y dar espacio a nuevos valores.<\/p>\n<p>En esta siguiente cita no participar\u00e1 Julio C\u00e9sar Baldivieso, quien en octubre de 2023 fue presentado como gerente deportivo de la FBF y cuyo contrato con esta entidad finaliz\u00f3 el 30 de junio. En este tiempo, Baldivieso tuvo roces con Zago y con Pablo Daniel Escobar, entrenador de las selecciones juveniles.<\/p>\n<p>MARTINS<\/p>\n<p>Frente a la \u201cola\u201d de comentarios que piden la salida de Zago del cargo, Marcelo Martins, goleador hist\u00f3rico de la Selecci\u00f3n Nacional, con un total de 33 tantos, pidi\u00f3 en sus redes sociales mantener el proceso, sin perder el horizonte.<\/p>\n<p>&nbsp;<\/p>\n<p><strong>(APG)<\/strong><\/p>\n<p>&nbsp;<\/p>\n","protected":false},"excerpt":{"rendered":"<p>Concluida la actuaci\u00f3n de la Selecci\u00f3n Nacional, el Comit\u00e9 Ejecutivo de la Federaci\u00f3n Boliviana de F\u00fatbol (FBF) se reunir\u00e1 con el entrenador Antonio Carlos Zago, quien tendr\u00e1 que presentar un informe de la participaci\u00f3n del equipo en la Copa Am\u00e9rica USA 2024 y dar a conocer las proyecciones para los partidos de las clasificatorias mundialistas [&hellip;]<\/p>\n","protected":false},"author":1,"featured_media":231750,"comment_status":"open","ping_status":"open","sticky":false,"template":"","format":"standard","meta":{"_acf_changed":false,"footnotes":""},"categories":[6],"tags":[],"class_list":["post-231749","post","type-post","status-publish","format-standard","has-post-thumbnail","category-deportes"],"acf":{"antetitulo":""},"yoast_head":"<!-- This site is optimized with the Yoast SEO plugin v28.3 - https:\/\/yoast.com\/product\/yoast-seo-wordpress\/ -->\n<title>Zago est\u00e1 bajo la lupa del Comit\u00e9 Ejecutivo de la FBF - El Diario - Bolivia<\/title>\n<meta name=\"robots\" content=\"index, follow, max-snippet:-1, max-image-preview:large, max-video-preview:-1\" \/>\n<link rel=\"canonical\" href=\"https:\/\/www.eldiario.net\/portal\/2024\/07\/04\/zago-esta-bajo-la-lupa-del-comite-ejecutivo-de-la-fbf\/\" \/>\n<meta property=\"og:locale\" content=\"es_ES\" \/>\n<meta property=\"og:type\" content=\"article\" \/>\n<meta property=\"og:title\" content=\"Zago est\u00e1 bajo la lupa del Comit\u00e9 Ejecutivo de la FBF - El Diario - Bolivia\" \/>\n<meta property=\"og:description\" content=\"Concluida la actuaci\u00f3n de la Selecci\u00f3n Nacional, el Comit\u00e9 Ejecutivo de la Federaci\u00f3n Boliviana de F\u00fatbol (FBF) se reunir\u00e1 con el entrenador Antonio Carlos Zago, quien tendr\u00e1 que presentar un informe de la participaci\u00f3n del equipo en la Copa Am\u00e9rica USA 2024 y dar a conocer las proyecciones para los partidos de las clasificatorias mundialistas [&hellip;]\" \/>\n<meta property=\"og:url\" content=\"https:\/\/www.eldiario.net\/portal\/2024\/07\/04\/zago-esta-bajo-la-lupa-del-comite-ejecutivo-de-la-fbf\/\" \/>\n<meta property=\"og:site_name\" content=\"El Diario - Bolivia\" \/>\n<meta property=\"article:publisher\" content=\"https:\/\/www.facebook.com\/eldiario.bolivia\/\" \/>\n<meta property=\"article:published_time\" content=\"2024-07-04T10:55:40+00:00\" \/>\n<meta property=\"og:image\" content=\"https:\/\/www.eldiario.net\/portal\/wp-content\/uploads\/2024\/07\/Zago-03.jpg\" \/>\n\t<meta property=\"og:image:width\" content=\"1200\" \/>\n\t<meta property=\"og:image:height\" content=\"800\" \/>\n\t<meta property=\"og:image:type\" content=\"image\/jpeg\" \/>\n<meta name=\"author\" content=\"Jeanette\" \/>\n<meta name=\"twitter:card\" content=\"summary_large_image\" \/>\n<meta name=\"twitter:creator\" content=\"@eldiario_net\" \/>\n<meta name=\"twitter:site\" content=\"@eldiario_net\" \/>\n<meta name=\"twitter:label1\" content=\"Escrito por\" \/>\n\t<meta name=\"twitter:data1\" content=\"Jeanette\" \/>\n\t<meta name=\"twitter:label2\" content=\"Tiempo de lectura\" \/>\n\t<meta name=\"twitter:data2\" content=\"2 minutos\" \/>\n<script type=\"application\/ld+json\" class=\"yoast-schema-graph\">{\"@context\":\"https:\\\/\\\/schema.org\",\"@graph\":[{\"@type\":\"Article\",\"@id\":\"https:\\\/\\\/www.eldiario.net\\\/portal\\\/2024\\\/07\\\/04\\\/zago-esta-bajo-la-lupa-del-comite-ejecutivo-de-la-fbf\\\/#article\",\"isPartOf\":{\"@id\":\"https:\\\/\\\/www.eldiario.net\\\/portal\\\/2024\\\/07\\\/04\\\/zago-esta-bajo-la-lupa-del-comite-ejecutivo-de-la-fbf\\\/\"},\"author\":{\"name\":\"Jeanette\",\"@id\":\"https:\\\/\\\/www.eldiario.net\\\/portal\\\/#\\\/schema\\\/person\\\/f46445640444750d7d753ccd04ae01b7\"},\"headline\":\"Zago est\u00e1 bajo la lupa del Comit\u00e9 Ejecutivo de la FBF\",\"datePublished\":\"2024-07-04T10:55:40+00:00\",\"mainEntityOfPage\":{\"@id\":\"https:\\\/\\\/www.eldiario.net\\\/portal\\\/2024\\\/07\\\/04\\\/zago-esta-bajo-la-lupa-del-comite-ejecutivo-de-la-fbf\\\/\"},\"wordCount\":405,\"commentCount\":0,\"publisher\":{\"@id\":\"https:\\\/\\\/www.eldiario.net\\\/portal\\\/#organization\"},\"image\":{\"@id\":\"https:\\\/\\\/www.eldiario.net\\\/portal\\\/2024\\\/07\\\/04\\\/zago-esta-bajo-la-lupa-del-comite-ejecutivo-de-la-fbf\\\/#primaryimage\"},\"thumbnailUrl\":\"https:\\\/\\\/www.eldiario.net\\\/portal\\\/wp-content\\\/uploads\\\/2024\\\/07\\\/Zago-03.jpg\",\"articleSection\":[\"Deportes\"],\"inLanguage\":\"es\",\"potentialAction\":[{\"@type\":\"CommentAction\",\"name\":\"Comment\",\"target\":[\"https:\\\/\\\/www.eldiario.net\\\/portal\\\/2024\\\/07\\\/04\\\/zago-esta-bajo-la-lupa-del-comite-ejecutivo-de-la-fbf\\\/#respond\"]}]},{\"@type\":\"WebPage\",\"@id\":\"https:\\\/\\\/www.eldiario.net\\\/portal\\\/2024\\\/07\\\/04\\\/zago-esta-bajo-la-lupa-del-comite-ejecutivo-de-la-fbf\\\/\",\"url\":\"https:\\\/\\\/www.eldiario.net\\\/portal\\\/2024\\\/07\\\/04\\\/zago-esta-bajo-la-lupa-del-comite-ejecutivo-de-la-fbf\\\/\",\"name\":\"Zago est\u00e1 bajo la lupa del Comit\u00e9 Ejecutivo de la FBF - El Diario - Bolivia\",\"isPartOf\":{\"@id\":\"https:\\\/\\\/www.eldiario.net\\\/portal\\\/#website\"},\"primaryImageOfPage\":{\"@id\":\"https:\\\/\\\/www.eldiario.net\\\/portal\\\/2024\\\/07\\\/04\\\/zago-esta-bajo-la-lupa-del-comite-ejecutivo-de-la-fbf\\\/#primaryimage\"},\"image\":{\"@id\":\"https:\\\/\\\/www.eldiario.net\\\/portal\\\/2024\\\/07\\\/04\\\/zago-esta-bajo-la-lupa-del-comite-ejecutivo-de-la-fbf\\\/#primaryimage\"},\"thumbnailUrl\":\"https:\\\/\\\/www.eldiario.net\\\/portal\\\/wp-content\\\/uploads\\\/2024\\\/07\\\/Zago-03.jpg\",\"datePublished\":\"2024-07-04T10:55:40+00:00\",\"breadcrumb\":{\"@id\":\"https:\\\/\\\/www.eldiario.net\\\/portal\\\/2024\\\/07\\\/04\\\/zago-esta-bajo-la-lupa-del-comite-ejecutivo-de-la-fbf\\\/#breadcrumb\"},\"inLanguage\":\"es\",\"potentialAction\":[{\"@type\":\"ReadAction\",\"target\":[\"https:\\\/\\\/www.eldiario.net\\\/portal\\\/2024\\\/07\\\/04\\\/zago-esta-bajo-la-lupa-del-comite-ejecutivo-de-la-fbf\\\/\"]}]},{\"@type\":\"ImageObject\",\"inLanguage\":\"es\",\"@id\":\"https:\\\/\\\/www.eldiario.net\\\/portal\\\/2024\\\/07\\\/04\\\/zago-esta-bajo-la-lupa-del-comite-ejecutivo-de-la-fbf\\\/#primaryimage\",\"url\":\"https:\\\/\\\/www.eldiario.net\\\/portal\\\/wp-content\\\/uploads\\\/2024\\\/07\\\/Zago-03.jpg\",\"contentUrl\":\"https:\\\/\\\/www.eldiario.net\\\/portal\\\/wp-content\\\/uploads\\\/2024\\\/07\\\/Zago-03.jpg\",\"width\":1200,\"height\":800},{\"@type\":\"BreadcrumbList\",\"@id\":\"https:\\\/\\\/www.eldiario.net\\\/portal\\\/2024\\\/07\\\/04\\\/zago-esta-bajo-la-lupa-del-comite-ejecutivo-de-la-fbf\\\/#breadcrumb\",\"itemListElement\":[{\"@type\":\"ListItem\",\"position\":1,\"name\":\"Portada\",\"item\":\"https:\\\/\\\/www.eldiario.net\\\/portal\\\/\"},{\"@type\":\"ListItem\",\"position\":2,\"name\":\"Zago est\u00e1 bajo la lupa del Comit\u00e9 Ejecutivo de la FBF\"}]},{\"@type\":\"WebSite\",\"@id\":\"https:\\\/\\\/www.eldiario.net\\\/portal\\\/#website\",\"url\":\"https:\\\/\\\/www.eldiario.net\\\/portal\\\/\",\"name\":\"El Diario - Decano de la prensa nacional\",\"description\":\"El Diario - Decano de la prensa nacional\",\"publisher\":{\"@id\":\"https:\\\/\\\/www.eldiario.net\\\/portal\\\/#organization\"},\"potentialAction\":[{\"@type\":\"SearchAction\",\"target\":{\"@type\":\"EntryPoint\",\"urlTemplate\":\"https:\\\/\\\/www.eldiario.net\\\/portal\\\/?s={search_term_string}\"},\"query-input\":{\"@type\":\"PropertyValueSpecification\",\"valueRequired\":true,\"valueName\":\"search_term_string\"}}],\"inLanguage\":\"es\"},{\"@type\":\"Organization\",\"@id\":\"https:\\\/\\\/www.eldiario.net\\\/portal\\\/#organization\",\"name\":\"El Diario - Decano de la prensa nacional\",\"url\":\"https:\\\/\\\/www.eldiario.net\\\/portal\\\/\",\"logo\":{\"@type\":\"ImageObject\",\"inLanguage\":\"es\",\"@id\":\"https:\\\/\\\/www.eldiario.net\\\/portal\\\/#\\\/schema\\\/logo\\\/image\\\/\",\"url\":\"https:\\\/\\\/www.eldiario.net\\\/portal\\\/wp-content\\\/uploads\\\/2023\\\/07\\\/logo_ED.jpg\",\"contentUrl\":\"https:\\\/\\\/www.eldiario.net\\\/portal\\\/wp-content\\\/uploads\\\/2023\\\/07\\\/logo_ED.jpg\",\"width\":272,\"height\":52,\"caption\":\"El Diario - Decano de la prensa nacional\"},\"image\":{\"@id\":\"https:\\\/\\\/www.eldiario.net\\\/portal\\\/#\\\/schema\\\/logo\\\/image\\\/\"},\"sameAs\":[\"https:\\\/\\\/www.facebook.com\\\/eldiario.bolivia\\\/\",\"https:\\\/\\\/x.com\\\/eldiario_net\"]},{\"@type\":\"Person\",\"@id\":\"https:\\\/\\\/www.eldiario.net\\\/portal\\\/#\\\/schema\\\/person\\\/f46445640444750d7d753ccd04ae01b7\",\"name\":\"Jeanette\",\"image\":{\"@type\":\"ImageObject\",\"inLanguage\":\"es\",\"@id\":\"https:\\\/\\\/secure.gravatar.com\\\/avatar\\\/3ea2118a5f7dad2b7138b1187a6b7ee55f160b9968b66013c3a3ef39dd7e5798?s=96&d=mm&r=g\",\"url\":\"https:\\\/\\\/secure.gravatar.com\\\/avatar\\\/3ea2118a5f7dad2b7138b1187a6b7ee55f160b9968b66013c3a3ef39dd7e5798?s=96&d=mm&r=g\",\"contentUrl\":\"https:\\\/\\\/secure.gravatar.com\\\/avatar\\\/3ea2118a5f7dad2b7138b1187a6b7ee55f160b9968b66013c3a3ef39dd7e5798?s=96&d=mm&r=g\",\"caption\":\"Jeanette\"},\"sameAs\":[\"https:\\\/\\\/www.eldiario.net\\\/portal\"],\"url\":\"https:\\\/\\\/www.eldiario.net\\\/portal\\\/author\\\/jeanette\\\/\"}]}<\/script>\n<!-- \/ Yoast SEO plugin. -->","yoast_head_json":{"title":"Zago est\u00e1 bajo la lupa del Comit\u00e9 Ejecutivo de la FBF - El Diario - Bolivia","robots":{"index":"index","follow":"follow","max-snippet":"max-snippet:-1","max-image-preview":"max-image-preview:large","max-video-preview":"max-video-preview:-1"},"canonical":"https:\/\/www.eldiario.net\/portal\/2024\/07\/04\/zago-esta-bajo-la-lupa-del-comite-ejecutivo-de-la-fbf\/","og_locale":"es_ES","og_type":"article","og_title":"Zago est\u00e1 bajo la lupa del Comit\u00e9 Ejecutivo de la FBF - El Diario - Bolivia","og_description":"Concluida la actuaci\u00f3n de la Selecci\u00f3n Nacional, el Comit\u00e9 Ejecutivo de la Federaci\u00f3n Boliviana de F\u00fatbol (FBF) se reunir\u00e1 con el entrenador Antonio Carlos Zago, quien tendr\u00e1 que presentar un informe de la participaci\u00f3n del equipo en la Copa Am\u00e9rica USA 2024 y dar a conocer las proyecciones para los partidos de las clasificatorias mundialistas [&hellip;]","og_url":"https:\/\/www.eldiario.net\/portal\/2024\/07\/04\/zago-esta-bajo-la-lupa-del-comite-ejecutivo-de-la-fbf\/","og_site_name":"El Diario - Bolivia","article_publisher":"https:\/\/www.facebook.com\/eldiario.bolivia\/","article_published_time":"2024-07-04T10:55:40+00:00","og_image":[{"width":1200,"height":800,"url":"https:\/\/www.eldiario.net\/portal\/wp-content\/uploads\/2024\/07\/Zago-03.jpg","type":"image\/jpeg"}],"author":"Jeanette","twitter_card":"summary_large_image","twitter_creator":"@eldiario_net","twitter_site":"@eldiario_net","twitter_misc":{"Escrito por":"Jeanette","Tiempo de lectura":"2 minutos"},"schema":{"@context":"https:\/\/schema.org","@graph":[{"@type":"Article","@id":"https:\/\/www.eldiario.net\/portal\/2024\/07\/04\/zago-esta-bajo-la-lupa-del-comite-ejecutivo-de-la-fbf\/#article","isPartOf":{"@id":"https:\/\/www.eldiario.net\/portal\/2024\/07\/04\/zago-esta-bajo-la-lupa-del-comite-ejecutivo-de-la-fbf\/"},"author":{"name":"Jeanette","@id":"https:\/\/www.eldiario.net\/portal\/#\/schema\/person\/f46445640444750d7d753ccd04ae01b7"},"headline":"Zago est\u00e1 bajo la lupa del Comit\u00e9 Ejecutivo de la FBF","datePublished":"2024-07-04T10:55:40+00:00","mainEntityOfPage":{"@id":"https:\/\/www.eldiario.net\/portal\/2024\/07\/04\/zago-esta-bajo-la-lupa-del-comite-ejecutivo-de-la-fbf\/"},"wordCount":405,"commentCount":0,"publisher":{"@id":"https:\/\/www.eldiario.net\/portal\/#organization"},"image":{"@id":"https:\/\/www.eldiario.net\/portal\/2024\/07\/04\/zago-esta-bajo-la-lupa-del-comite-ejecutivo-de-la-fbf\/#primaryimage"},"thumbnailUrl":"https:\/\/www.eldiario.net\/portal\/wp-content\/uploads\/2024\/07\/Zago-03.jpg","articleSection":["Deportes"],"inLanguage":"es","potentialAction":[{"@type":"CommentAction","name":"Comment","target":["https:\/\/www.eldiario.net\/portal\/2024\/07\/04\/zago-esta-bajo-la-lupa-del-comite-ejecutivo-de-la-fbf\/#respond"]}]},{"@type":"WebPage","@id":"https:\/\/www.eldiario.net\/portal\/2024\/07\/04\/zago-esta-bajo-la-lupa-del-comite-ejecutivo-de-la-fbf\/","url":"https:\/\/www.eldiario.net\/portal\/2024\/07\/04\/zago-esta-bajo-la-lupa-del-comite-ejecutivo-de-la-fbf\/","name":"Zago est\u00e1 bajo la lupa del Comit\u00e9 Ejecutivo de la FBF - El Diario - Bolivia","isPartOf":{"@id":"https:\/\/www.eldiario.net\/portal\/#website"},"primaryImageOfPage":{"@id":"https:\/\/www.eldiario.net\/portal\/2024\/07\/04\/zago-esta-bajo-la-lupa-del-comite-ejecutivo-de-la-fbf\/#primaryimage"},"image":{"@id":"https:\/\/www.eldiario.net\/portal\/2024\/07\/04\/zago-esta-bajo-la-lupa-del-comite-ejecutivo-de-la-fbf\/#primaryimage"},"thumbnailUrl":"https:\/\/www.eldiario.net\/portal\/wp-content\/uploads\/2024\/07\/Zago-03.jpg","datePublished":"2024-07-04T10:55:40+00:00","breadcrumb":{"@id":"https:\/\/www.eldiario.net\/portal\/2024\/07\/04\/zago-esta-bajo-la-lupa-del-comite-ejecutivo-de-la-fbf\/#breadcrumb"},"inLanguage":"es","potentialAction":[{"@type":"ReadAction","target":["https:\/\/www.eldiario.net\/portal\/2024\/07\/04\/zago-esta-bajo-la-lupa-del-comite-ejecutivo-de-la-fbf\/"]}]},{"@type":"ImageObject","inLanguage":"es","@id":"https:\/\/www.eldiario.net\/portal\/2024\/07\/04\/zago-esta-bajo-la-lupa-del-comite-ejecutivo-de-la-fbf\/#primaryimage","url":"https:\/\/www.eldiario.net\/portal\/wp-content\/uploads\/2024\/07\/Zago-03.jpg","contentUrl":"https:\/\/www.eldiario.net\/portal\/wp-content\/uploads\/2024\/07\/Zago-03.jpg","width":1200,"height":800},{"@type":"BreadcrumbList","@id":"https:\/\/www.eldiario.net\/portal\/2024\/07\/04\/zago-esta-bajo-la-lupa-del-comite-ejecutivo-de-la-fbf\/#breadcrumb","itemListElement":[{"@type":"ListItem","position":1,"name":"Portada","item":"https:\/\/www.eldiario.net\/portal\/"},{"@type":"ListItem","position":2,"name":"Zago est\u00e1 bajo la lupa del Comit\u00e9 Ejecutivo de la FBF"}]},{"@type":"WebSite","@id":"https:\/\/www.eldiario.net\/portal\/#website","url":"https:\/\/www.eldiario.net\/portal\/","name":"El Diario - Decano de la prensa nacional","description":"El Diario - Decano de la prensa nacional","publisher":{"@id":"https:\/\/www.eldiario.net\/portal\/#organization"},"potentialAction":[{"@type":"SearchAction","target":{"@type":"EntryPoint","urlTemplate":"https:\/\/www.eldiario.net\/portal\/?s={search_term_string}"},"query-input":{"@type":"PropertyValueSpecification","valueRequired":true,"valueName":"search_term_string"}}],"inLanguage":"es"},{"@type":"Organization","@id":"https:\/\/www.eldiario.net\/portal\/#organization","name":"El Diario - Decano de la prensa nacional","url":"https:\/\/www.eldiario.net\/portal\/","logo":{"@type":"ImageObject","inLanguage":"es","@id":"https:\/\/www.eldiario.net\/portal\/#\/schema\/logo\/image\/","url":"https:\/\/www.eldiario.net\/portal\/wp-content\/uploads\/2023\/07\/logo_ED.jpg","contentUrl":"https:\/\/www.eldiario.net\/portal\/wp-content\/uploads\/2023\/07\/logo_ED.jpg","width":272,"height":52,"caption":"El Diario - Decano de la prensa nacional"},"image":{"@id":"https:\/\/www.eldiario.net\/portal\/#\/schema\/logo\/image\/"},"sameAs":["https:\/\/www.facebook.com\/eldiario.bolivia\/","https:\/\/x.com\/eldiario_net"]},{"@type":"Person","@id":"https:\/\/www.eldiario.net\/portal\/#\/schema\/person\/f46445640444750d7d753ccd04ae01b7","name":"Jeanette","image":{"@type":"ImageObject","inLanguage":"es","@id":"https:\/\/secure.gravatar.com\/avatar\/3ea2118a5f7dad2b7138b1187a6b7ee55f160b9968b66013c3a3ef39dd7e5798?s=96&d=mm&r=g","url":"https:\/\/secure.gravatar.com\/avatar\/3ea2118a5f7dad2b7138b1187a6b7ee55f160b9968b66013c3a3ef39dd7e5798?s=96&d=mm&r=g","contentUrl":"https:\/\/secure.gravatar.com\/avatar\/3ea2118a5f7dad2b7138b1187a6b7ee55f160b9968b66013c3a3ef39dd7e5798?s=96&d=mm&r=g","caption":"Jeanette"},"sameAs":["https:\/\/www.eldiario.net\/portal"],"url":"https:\/\/www.eldiario.net\/portal\/author\/jeanette\/"}]}},"_links":{"self":[{"href":"https:\/\/www.eldiario.net\/portal\/wp-json\/wp\/v2\/posts\/231749","targetHints":{"allow":["GET"]}}],"collection":[{"href":"https:\/\/www.eldiario.net\/portal\/wp-json\/wp\/v2\/posts"}],"about":[{"href":"https:\/\/www.eldiario.net\/portal\/wp-json\/wp\/v2\/types\/post"}],"author":[{"embeddable":true,"href":"https:\/\/www.eldiario.net\/portal\/wp-json\/wp\/v2\/users\/1"}],"replies":[{"embeddable":true,"href":"https:\/\/www.eldiario.net\/portal\/wp-json\/wp\/v2\/comments?post=231749"}],"version-history":[{"count":1,"href":"https:\/\/www.eldiario.net\/portal\/wp-json\/wp\/v2\/posts\/231749\/revisions"}],"predecessor-version":[{"id":231751,"href":"https:\/\/www.eldiario.net\/portal\/wp-json\/wp\/v2\/posts\/231749\/revisions\/231751"}],"wp:featuredmedia":[{"embeddable":true,"href":"https:\/\/www.eldiario.net\/portal\/wp-json\/wp\/v2\/media\/231750"}],"wp:attachment":[{"href":"https:\/\/www.eldiario.net\/portal\/wp-json\/wp\/v2\/media?parent=231749"}],"wp:term":[{"taxonomy":"category","embeddable":true,"href":"https:\/\/www.eldiario.net\/portal\/wp-json\/wp\/v2\/categories?post=231749"},{"taxonomy":"post_tag","embeddable":true,"href":"https:\/\/www.eldiario.net\/portal\/wp-json\/wp\/v2\/tags?post=231749"}],"curies":[{"name":"wp","href":"https:\/\/api.w.org\/{rel}","templated":true}]}}