{"id":231746,"date":"2024-07-04T06:54:47","date_gmt":"2024-07-04T10:54:47","guid":{"rendered":"https:\/\/www.eldiario.net\/portal\/?p=231746"},"modified":"2024-07-04T06:54:47","modified_gmt":"2024-07-04T10:54:47","slug":"la-palabra-de-scaloni-antes-del-choque-ante-ecuador","status":"publish","type":"post","link":"https:\/\/www.eldiario.net\/portal\/2024\/07\/04\/la-palabra-de-scaloni-antes-del-choque-ante-ecuador\/","title":{"rendered":"La palabra de Scaloni antes del choque ante Ecuador"},"content":{"rendered":"<p>Previo al duelo de ma\u00f1ana ante Ecuador, v\u00e1lido por los cuartos de final de la Copa Am\u00e9rica, Lionel Scaloni brind\u00f3 una conferencia de prensa en la que dio algunas precisiones sobre el equipo que plantar\u00e1 en cancha. La gran duda est\u00e1 instalada en la figura del capit\u00e1n Lionel Andr\u00e9s Messi, quien se ausent\u00f3 en la \u00faltima presentaci\u00f3n contra Per\u00fa por la fase de grupos del certamen continental por la molestia que arrastra en el aductor derecho. La cita de ma\u00f1ana comenzar\u00e1 a las 22 (hora argentina- 21:00 HB) en el estadio NRG de Houston.<\/p>\n<p>\u201cVamos a esperar un par de horas y tomaremos la decisi\u00f3n, est\u00e1 mejor, tenemos buenas sensaciones\u201d, prolog\u00f3 sobre el caso del atacante del Inter Miami, de 37 a\u00f1os, que en las \u00faltimas pr\u00e1cticas volvi\u00f3 a trabajar con pelota y a intensificar los trabajos.<\/p>\n<p>\u201cTodav\u00eda no habl\u00e9 de su situaci\u00f3n con Leo. Hoy lo hablar\u00e9, vamos a esperarlo hasta \u00faltimo momento\u201d, respondi\u00f3 cuando le preguntaron si pod\u00eda confirmar que al menos ir\u00eda al banco. Una alternativa que maneja es la de incluir a Juli\u00e1n \u00c1lvarez junto a Lautaro Mart\u00ednez; sus dos arietes en estado de gracia. De hecho, ambos convivieron en la alineaci\u00f3n que venci\u00f3 a Ecuador en el amistoso previo al inicio del certamen continental.<\/p>\n<p>La experiencia de ver el triunfo ante Per\u00fa desde un palco por suspensi\u00f3n<\/p>\n<p>\u201cEs l\u00f3gico que a todos les gusta estar lo m\u00e1s cerca de los jugadores, es una situaci\u00f3n extra\u00f1a. No me ha pasado a m\u00ed solo en esta Copa, intentaremos que no vuelva a suceder\u201d.<\/p>\n<p>&nbsp;<\/p>\n<p>SU AN\u00c1LISIS SOBRE ECUADOR<\/p>\n<p>\u201cEs un equipo muy bien trabajado, con buenos jugadores, un buen entrenador. Antes de empezar la Copa dije que ten\u00eda posibilidades reales de poder lucharla y sigo pensando lo mismo\u201d.<\/p>\n<p>&nbsp;<\/p>\n<p>CANDIDATOS A GANAR LA COPA<\/p>\n<p>\u201cEs una Copa Am\u00e9rica de alt\u00edsimo nivel, y Colombia, Uruguay, Brasil pueden ganarla. Ayer se vio un partido de alto nivel entre Colombia y Brasil. No me sorprende el rendimiento de Uruguay\u201d.<\/p>\n<p>Los t\u00e9cnicos argentinos en los equipos que ganaron grupos: Scaloni, Bielsa, Lorenzo y Fernando Batista<\/p>\n<p>\u201cMarca una buena tendencia. Las selecciones sudamericanas siempre se fijan en entrenadores argentinos y me pone contento porque los conozco, son buena gente y me pone muy bien\u201d.<\/p>\n<p>&nbsp;<\/p>\n<p>SU BUENA ESTAD\u00cdSTICA EN LOS PARTIDOS MATA-MATA<\/p>\n<p>\u201cAl final esa estad\u00edstica se puede romper y deberemos empezar de cero, pero si se mira la estad\u00edstica hist\u00f3rica la Argentina gana m\u00e1s de lo que pierde y creo que viene por ah\u00ed el tema. Ma\u00f1ana jugaremos el partido como si durara 180 minutos\u201d.<\/p>\n<p>&nbsp;<\/p>\n<p>EL NIVEL DE LAUTARO MART\u00cdNEZ, GOLEADOR DE LA COPA<\/p>\n<p>\u201cEst\u00e1 muy bien y en un buen momento, al igual que Juli\u00e1n. Esperemos que ma\u00f1ana siga la racha. Lautaro ha esperado su oportunidad y eso es lo que nos gusta. Que entre de esa manera y defina un partido nos pone muy contento, al igual que Juli\u00e1n\u201d.<\/p>\n<p>&nbsp;<\/p>\n<p>LAS CR\u00cdTICAS POR EL SUPUESTO FAVOR ARBITRAL A ARGENTINA<\/p>\n<p>\u201cHoy en las redes cualquiera puede escribir lo que sea. Yo ser\u00eda cuidadoso y en Catar dijeron lo mismo. Cuando uno gana se tiende a decir que a uno lo est\u00e1n favoreciendo. Yo no puedo negar que un \u00e1rbitro se puede equivocar y puede pasar. Hay jugadas que son milim\u00e9tricas y sigue estando el error humano. No tenemos la tecnolog\u00eda que hay en la Eurocopa con el fuera de juego que es autom\u00e1tico\u201d.<\/p>\n<p>&nbsp;<\/p>\n<p>\u00bfARGENTINA LLEGA MEJOR TENIENDO EN CUENTA EL TRIUNFO ANTE ECUADOR EN EL \u00daLTIMO AMISTOSO?<\/p>\n<p>\u201cEste es un partido diferente y con otros jugadores. Cada partido tiene su historia. Vimos ese partido otra vez y pensamos que va a ser diferente. S\u00ed podemos asegurar que nuestra manera de jugar ser\u00e1 la misma\u201d.<\/p>\n<p>&nbsp;<\/p>\n<p>SU OPINI\u00d3N SOBRE LA EUROCOPA<\/p>\n<p>\u201cHice el curso de entrenador con Luis de la Fuente, \u00bfno la ten\u00edas esa, eh? Quiero que a Espa\u00f1a le vaya bien y a los chicos que hicimos el curso en Las Rosas nos ayud\u00f3 mucho. Me gusta c\u00f3mo se maneja y c\u00f3mo se brindan los jugadores por \u00e9l. Parte de mi familia es espa\u00f1ola y l\u00f3gicamente voy por Espa\u00f1a\u201d.<\/p>\n<p><strong>\u00a0<\/strong><\/p>\n<p><strong>(INFOBAE)<\/strong><\/p>\n","protected":false},"excerpt":{"rendered":"<p>Previo al duelo de ma\u00f1ana ante Ecuador, v\u00e1lido por los cuartos de final de la Copa Am\u00e9rica, Lionel Scaloni brind\u00f3 una conferencia de prensa en la que dio algunas precisiones sobre el equipo que plantar\u00e1 en cancha. La gran duda est\u00e1 instalada en la figura del capit\u00e1n Lionel Andr\u00e9s Messi, quien se ausent\u00f3 en la [&hellip;]<\/p>\n","protected":false},"author":1,"featured_media":231747,"comment_status":"open","ping_status":"open","sticky":false,"template":"","format":"standard","meta":{"_acf_changed":false,"footnotes":""},"categories":[6],"tags":[],"class_list":["post-231746","post","type-post","status-publish","format-standard","has-post-thumbnail","category-deportes"],"acf":{"antetitulo":""},"yoast_head":"<!-- This site is optimized with the Yoast SEO plugin v28.3 - https:\/\/yoast.com\/product\/yoast-seo-wordpress\/ -->\n<title>La palabra de Scaloni antes del choque ante Ecuador - El Diario - Bolivia<\/title>\n<meta name=\"robots\" content=\"index, follow, max-snippet:-1, max-image-preview:large, max-video-preview:-1\" \/>\n<link rel=\"canonical\" href=\"https:\/\/www.eldiario.net\/portal\/2024\/07\/04\/la-palabra-de-scaloni-antes-del-choque-ante-ecuador\/\" \/>\n<meta property=\"og:locale\" content=\"es_ES\" \/>\n<meta property=\"og:type\" content=\"article\" \/>\n<meta property=\"og:title\" content=\"La palabra de Scaloni antes del choque ante Ecuador - El Diario - Bolivia\" \/>\n<meta property=\"og:description\" content=\"Previo al duelo de ma\u00f1ana ante Ecuador, v\u00e1lido por los cuartos de final de la Copa Am\u00e9rica, Lionel Scaloni brind\u00f3 una conferencia de prensa en la que dio algunas precisiones sobre el equipo que plantar\u00e1 en cancha. La gran duda est\u00e1 instalada en la figura del capit\u00e1n Lionel Andr\u00e9s Messi, quien se ausent\u00f3 en la [&hellip;]\" \/>\n<meta property=\"og:url\" content=\"https:\/\/www.eldiario.net\/portal\/2024\/07\/04\/la-palabra-de-scaloni-antes-del-choque-ante-ecuador\/\" \/>\n<meta property=\"og:site_name\" content=\"El Diario - Bolivia\" \/>\n<meta property=\"article:publisher\" content=\"https:\/\/www.facebook.com\/eldiario.bolivia\/\" \/>\n<meta property=\"article:published_time\" content=\"2024-07-04T10:54:47+00:00\" \/>\n<meta property=\"og:image\" content=\"https:\/\/www.eldiario.net\/portal\/wp-content\/uploads\/2024\/07\/Scaloni-03.jpg\" \/>\n\t<meta property=\"og:image:width\" content=\"720\" \/>\n\t<meta property=\"og:image:height\" content=\"412\" \/>\n\t<meta property=\"og:image:type\" content=\"image\/jpeg\" \/>\n<meta name=\"author\" content=\"Jeanette\" \/>\n<meta name=\"twitter:card\" content=\"summary_large_image\" \/>\n<meta name=\"twitter:creator\" content=\"@eldiario_net\" \/>\n<meta name=\"twitter:site\" content=\"@eldiario_net\" \/>\n<meta name=\"twitter:label1\" content=\"Escrito por\" \/>\n\t<meta name=\"twitter:data1\" content=\"Jeanette\" \/>\n\t<meta name=\"twitter:label2\" content=\"Tiempo de lectura\" \/>\n\t<meta name=\"twitter:data2\" content=\"4 minutos\" \/>\n<script type=\"application\/ld+json\" class=\"yoast-schema-graph\">{\"@context\":\"https:\\\/\\\/schema.org\",\"@graph\":[{\"@type\":\"Article\",\"@id\":\"https:\\\/\\\/www.eldiario.net\\\/portal\\\/2024\\\/07\\\/04\\\/la-palabra-de-scaloni-antes-del-choque-ante-ecuador\\\/#article\",\"isPartOf\":{\"@id\":\"https:\\\/\\\/www.eldiario.net\\\/portal\\\/2024\\\/07\\\/04\\\/la-palabra-de-scaloni-antes-del-choque-ante-ecuador\\\/\"},\"author\":{\"name\":\"Jeanette\",\"@id\":\"https:\\\/\\\/www.eldiario.net\\\/portal\\\/#\\\/schema\\\/person\\\/f46445640444750d7d753ccd04ae01b7\"},\"headline\":\"La palabra de Scaloni antes del choque ante Ecuador\",\"datePublished\":\"2024-07-04T10:54:47+00:00\",\"mainEntityOfPage\":{\"@id\":\"https:\\\/\\\/www.eldiario.net\\\/portal\\\/2024\\\/07\\\/04\\\/la-palabra-de-scaloni-antes-del-choque-ante-ecuador\\\/\"},\"wordCount\":739,\"commentCount\":0,\"publisher\":{\"@id\":\"https:\\\/\\\/www.eldiario.net\\\/portal\\\/#organization\"},\"image\":{\"@id\":\"https:\\\/\\\/www.eldiario.net\\\/portal\\\/2024\\\/07\\\/04\\\/la-palabra-de-scaloni-antes-del-choque-ante-ecuador\\\/#primaryimage\"},\"thumbnailUrl\":\"https:\\\/\\\/www.eldiario.net\\\/portal\\\/wp-content\\\/uploads\\\/2024\\\/07\\\/Scaloni-03.jpg\",\"articleSection\":[\"Deportes\"],\"inLanguage\":\"es\",\"potentialAction\":[{\"@type\":\"CommentAction\",\"name\":\"Comment\",\"target\":[\"https:\\\/\\\/www.eldiario.net\\\/portal\\\/2024\\\/07\\\/04\\\/la-palabra-de-scaloni-antes-del-choque-ante-ecuador\\\/#respond\"]}]},{\"@type\":\"WebPage\",\"@id\":\"https:\\\/\\\/www.eldiario.net\\\/portal\\\/2024\\\/07\\\/04\\\/la-palabra-de-scaloni-antes-del-choque-ante-ecuador\\\/\",\"url\":\"https:\\\/\\\/www.eldiario.net\\\/portal\\\/2024\\\/07\\\/04\\\/la-palabra-de-scaloni-antes-del-choque-ante-ecuador\\\/\",\"name\":\"La palabra de Scaloni antes del choque ante Ecuador - El Diario - Bolivia\",\"isPartOf\":{\"@id\":\"https:\\\/\\\/www.eldiario.net\\\/portal\\\/#website\"},\"primaryImageOfPage\":{\"@id\":\"https:\\\/\\\/www.eldiario.net\\\/portal\\\/2024\\\/07\\\/04\\\/la-palabra-de-scaloni-antes-del-choque-ante-ecuador\\\/#primaryimage\"},\"image\":{\"@id\":\"https:\\\/\\\/www.eldiario.net\\\/portal\\\/2024\\\/07\\\/04\\\/la-palabra-de-scaloni-antes-del-choque-ante-ecuador\\\/#primaryimage\"},\"thumbnailUrl\":\"https:\\\/\\\/www.eldiario.net\\\/portal\\\/wp-content\\\/uploads\\\/2024\\\/07\\\/Scaloni-03.jpg\",\"datePublished\":\"2024-07-04T10:54:47+00:00\",\"breadcrumb\":{\"@id\":\"https:\\\/\\\/www.eldiario.net\\\/portal\\\/2024\\\/07\\\/04\\\/la-palabra-de-scaloni-antes-del-choque-ante-ecuador\\\/#breadcrumb\"},\"inLanguage\":\"es\",\"potentialAction\":[{\"@type\":\"ReadAction\",\"target\":[\"https:\\\/\\\/www.eldiario.net\\\/portal\\\/2024\\\/07\\\/04\\\/la-palabra-de-scaloni-antes-del-choque-ante-ecuador\\\/\"]}]},{\"@type\":\"ImageObject\",\"inLanguage\":\"es\",\"@id\":\"https:\\\/\\\/www.eldiario.net\\\/portal\\\/2024\\\/07\\\/04\\\/la-palabra-de-scaloni-antes-del-choque-ante-ecuador\\\/#primaryimage\",\"url\":\"https:\\\/\\\/www.eldiario.net\\\/portal\\\/wp-content\\\/uploads\\\/2024\\\/07\\\/Scaloni-03.jpg\",\"contentUrl\":\"https:\\\/\\\/www.eldiario.net\\\/portal\\\/wp-content\\\/uploads\\\/2024\\\/07\\\/Scaloni-03.jpg\",\"width\":720,\"height\":412},{\"@type\":\"BreadcrumbList\",\"@id\":\"https:\\\/\\\/www.eldiario.net\\\/portal\\\/2024\\\/07\\\/04\\\/la-palabra-de-scaloni-antes-del-choque-ante-ecuador\\\/#breadcrumb\",\"itemListElement\":[{\"@type\":\"ListItem\",\"position\":1,\"name\":\"Portada\",\"item\":\"https:\\\/\\\/www.eldiario.net\\\/portal\\\/\"},{\"@type\":\"ListItem\",\"position\":2,\"name\":\"La palabra de Scaloni antes del choque ante Ecuador\"}]},{\"@type\":\"WebSite\",\"@id\":\"https:\\\/\\\/www.eldiario.net\\\/portal\\\/#website\",\"url\":\"https:\\\/\\\/www.eldiario.net\\\/portal\\\/\",\"name\":\"El Diario - Decano de la prensa nacional\",\"description\":\"El Diario - Decano de la prensa nacional\",\"publisher\":{\"@id\":\"https:\\\/\\\/www.eldiario.net\\\/portal\\\/#organization\"},\"potentialAction\":[{\"@type\":\"SearchAction\",\"target\":{\"@type\":\"EntryPoint\",\"urlTemplate\":\"https:\\\/\\\/www.eldiario.net\\\/portal\\\/?s={search_term_string}\"},\"query-input\":{\"@type\":\"PropertyValueSpecification\",\"valueRequired\":true,\"valueName\":\"search_term_string\"}}],\"inLanguage\":\"es\"},{\"@type\":\"Organization\",\"@id\":\"https:\\\/\\\/www.eldiario.net\\\/portal\\\/#organization\",\"name\":\"El Diario - Decano de la prensa nacional\",\"url\":\"https:\\\/\\\/www.eldiario.net\\\/portal\\\/\",\"logo\":{\"@type\":\"ImageObject\",\"inLanguage\":\"es\",\"@id\":\"https:\\\/\\\/www.eldiario.net\\\/portal\\\/#\\\/schema\\\/logo\\\/image\\\/\",\"url\":\"https:\\\/\\\/www.eldiario.net\\\/portal\\\/wp-content\\\/uploads\\\/2023\\\/07\\\/logo_ED.jpg\",\"contentUrl\":\"https:\\\/\\\/www.eldiario.net\\\/portal\\\/wp-content\\\/uploads\\\/2023\\\/07\\\/logo_ED.jpg\",\"width\":272,\"height\":52,\"caption\":\"El Diario - Decano de la prensa nacional\"},\"image\":{\"@id\":\"https:\\\/\\\/www.eldiario.net\\\/portal\\\/#\\\/schema\\\/logo\\\/image\\\/\"},\"sameAs\":[\"https:\\\/\\\/www.facebook.com\\\/eldiario.bolivia\\\/\",\"https:\\\/\\\/x.com\\\/eldiario_net\"]},{\"@type\":\"Person\",\"@id\":\"https:\\\/\\\/www.eldiario.net\\\/portal\\\/#\\\/schema\\\/person\\\/f46445640444750d7d753ccd04ae01b7\",\"name\":\"Jeanette\",\"image\":{\"@type\":\"ImageObject\",\"inLanguage\":\"es\",\"@id\":\"https:\\\/\\\/secure.gravatar.com\\\/avatar\\\/3ea2118a5f7dad2b7138b1187a6b7ee55f160b9968b66013c3a3ef39dd7e5798?s=96&d=mm&r=g\",\"url\":\"https:\\\/\\\/secure.gravatar.com\\\/avatar\\\/3ea2118a5f7dad2b7138b1187a6b7ee55f160b9968b66013c3a3ef39dd7e5798?s=96&d=mm&r=g\",\"contentUrl\":\"https:\\\/\\\/secure.gravatar.com\\\/avatar\\\/3ea2118a5f7dad2b7138b1187a6b7ee55f160b9968b66013c3a3ef39dd7e5798?s=96&d=mm&r=g\",\"caption\":\"Jeanette\"},\"sameAs\":[\"https:\\\/\\\/www.eldiario.net\\\/portal\"],\"url\":\"https:\\\/\\\/www.eldiario.net\\\/portal\\\/author\\\/jeanette\\\/\"}]}<\/script>\n<!-- \/ Yoast SEO plugin. -->","yoast_head_json":{"title":"La palabra de Scaloni antes del choque ante Ecuador - El Diario - Bolivia","robots":{"index":"index","follow":"follow","max-snippet":"max-snippet:-1","max-image-preview":"max-image-preview:large","max-video-preview":"max-video-preview:-1"},"canonical":"https:\/\/www.eldiario.net\/portal\/2024\/07\/04\/la-palabra-de-scaloni-antes-del-choque-ante-ecuador\/","og_locale":"es_ES","og_type":"article","og_title":"La palabra de Scaloni antes del choque ante Ecuador - El Diario - Bolivia","og_description":"Previo al duelo de ma\u00f1ana ante Ecuador, v\u00e1lido por los cuartos de final de la Copa Am\u00e9rica, Lionel Scaloni brind\u00f3 una conferencia de prensa en la que dio algunas precisiones sobre el equipo que plantar\u00e1 en cancha. La gran duda est\u00e1 instalada en la figura del capit\u00e1n Lionel Andr\u00e9s Messi, quien se ausent\u00f3 en la [&hellip;]","og_url":"https:\/\/www.eldiario.net\/portal\/2024\/07\/04\/la-palabra-de-scaloni-antes-del-choque-ante-ecuador\/","og_site_name":"El Diario - Bolivia","article_publisher":"https:\/\/www.facebook.com\/eldiario.bolivia\/","article_published_time":"2024-07-04T10:54:47+00:00","og_image":[{"width":720,"height":412,"url":"https:\/\/www.eldiario.net\/portal\/wp-content\/uploads\/2024\/07\/Scaloni-03.jpg","type":"image\/jpeg"}],"author":"Jeanette","twitter_card":"summary_large_image","twitter_creator":"@eldiario_net","twitter_site":"@eldiario_net","twitter_misc":{"Escrito por":"Jeanette","Tiempo de lectura":"4 minutos"},"schema":{"@context":"https:\/\/schema.org","@graph":[{"@type":"Article","@id":"https:\/\/www.eldiario.net\/portal\/2024\/07\/04\/la-palabra-de-scaloni-antes-del-choque-ante-ecuador\/#article","isPartOf":{"@id":"https:\/\/www.eldiario.net\/portal\/2024\/07\/04\/la-palabra-de-scaloni-antes-del-choque-ante-ecuador\/"},"author":{"name":"Jeanette","@id":"https:\/\/www.eldiario.net\/portal\/#\/schema\/person\/f46445640444750d7d753ccd04ae01b7"},"headline":"La palabra de Scaloni antes del choque ante Ecuador","datePublished":"2024-07-04T10:54:47+00:00","mainEntityOfPage":{"@id":"https:\/\/www.eldiario.net\/portal\/2024\/07\/04\/la-palabra-de-scaloni-antes-del-choque-ante-ecuador\/"},"wordCount":739,"commentCount":0,"publisher":{"@id":"https:\/\/www.eldiario.net\/portal\/#organization"},"image":{"@id":"https:\/\/www.eldiario.net\/portal\/2024\/07\/04\/la-palabra-de-scaloni-antes-del-choque-ante-ecuador\/#primaryimage"},"thumbnailUrl":"https:\/\/www.eldiario.net\/portal\/wp-content\/uploads\/2024\/07\/Scaloni-03.jpg","articleSection":["Deportes"],"inLanguage":"es","potentialAction":[{"@type":"CommentAction","name":"Comment","target":["https:\/\/www.eldiario.net\/portal\/2024\/07\/04\/la-palabra-de-scaloni-antes-del-choque-ante-ecuador\/#respond"]}]},{"@type":"WebPage","@id":"https:\/\/www.eldiario.net\/portal\/2024\/07\/04\/la-palabra-de-scaloni-antes-del-choque-ante-ecuador\/","url":"https:\/\/www.eldiario.net\/portal\/2024\/07\/04\/la-palabra-de-scaloni-antes-del-choque-ante-ecuador\/","name":"La palabra de Scaloni antes del choque ante Ecuador - El Diario - Bolivia","isPartOf":{"@id":"https:\/\/www.eldiario.net\/portal\/#website"},"primaryImageOfPage":{"@id":"https:\/\/www.eldiario.net\/portal\/2024\/07\/04\/la-palabra-de-scaloni-antes-del-choque-ante-ecuador\/#primaryimage"},"image":{"@id":"https:\/\/www.eldiario.net\/portal\/2024\/07\/04\/la-palabra-de-scaloni-antes-del-choque-ante-ecuador\/#primaryimage"},"thumbnailUrl":"https:\/\/www.eldiario.net\/portal\/wp-content\/uploads\/2024\/07\/Scaloni-03.jpg","datePublished":"2024-07-04T10:54:47+00:00","breadcrumb":{"@id":"https:\/\/www.eldiario.net\/portal\/2024\/07\/04\/la-palabra-de-scaloni-antes-del-choque-ante-ecuador\/#breadcrumb"},"inLanguage":"es","potentialAction":[{"@type":"ReadAction","target":["https:\/\/www.eldiario.net\/portal\/2024\/07\/04\/la-palabra-de-scaloni-antes-del-choque-ante-ecuador\/"]}]},{"@type":"ImageObject","inLanguage":"es","@id":"https:\/\/www.eldiario.net\/portal\/2024\/07\/04\/la-palabra-de-scaloni-antes-del-choque-ante-ecuador\/#primaryimage","url":"https:\/\/www.eldiario.net\/portal\/wp-content\/uploads\/2024\/07\/Scaloni-03.jpg","contentUrl":"https:\/\/www.eldiario.net\/portal\/wp-content\/uploads\/2024\/07\/Scaloni-03.jpg","width":720,"height":412},{"@type":"BreadcrumbList","@id":"https:\/\/www.eldiario.net\/portal\/2024\/07\/04\/la-palabra-de-scaloni-antes-del-choque-ante-ecuador\/#breadcrumb","itemListElement":[{"@type":"ListItem","position":1,"name":"Portada","item":"https:\/\/www.eldiario.net\/portal\/"},{"@type":"ListItem","position":2,"name":"La palabra de Scaloni antes del choque ante Ecuador"}]},{"@type":"WebSite","@id":"https:\/\/www.eldiario.net\/portal\/#website","url":"https:\/\/www.eldiario.net\/portal\/","name":"El Diario - Decano de la prensa nacional","description":"El Diario - Decano de la prensa nacional","publisher":{"@id":"https:\/\/www.eldiario.net\/portal\/#organization"},"potentialAction":[{"@type":"SearchAction","target":{"@type":"EntryPoint","urlTemplate":"https:\/\/www.eldiario.net\/portal\/?s={search_term_string}"},"query-input":{"@type":"PropertyValueSpecification","valueRequired":true,"valueName":"search_term_string"}}],"inLanguage":"es"},{"@type":"Organization","@id":"https:\/\/www.eldiario.net\/portal\/#organization","name":"El Diario - Decano de la prensa nacional","url":"https:\/\/www.eldiario.net\/portal\/","logo":{"@type":"ImageObject","inLanguage":"es","@id":"https:\/\/www.eldiario.net\/portal\/#\/schema\/logo\/image\/","url":"https:\/\/www.eldiario.net\/portal\/wp-content\/uploads\/2023\/07\/logo_ED.jpg","contentUrl":"https:\/\/www.eldiario.net\/portal\/wp-content\/uploads\/2023\/07\/logo_ED.jpg","width":272,"height":52,"caption":"El Diario - Decano de la prensa nacional"},"image":{"@id":"https:\/\/www.eldiario.net\/portal\/#\/schema\/logo\/image\/"},"sameAs":["https:\/\/www.facebook.com\/eldiario.bolivia\/","https:\/\/x.com\/eldiario_net"]},{"@type":"Person","@id":"https:\/\/www.eldiario.net\/portal\/#\/schema\/person\/f46445640444750d7d753ccd04ae01b7","name":"Jeanette","image":{"@type":"ImageObject","inLanguage":"es","@id":"https:\/\/secure.gravatar.com\/avatar\/3ea2118a5f7dad2b7138b1187a6b7ee55f160b9968b66013c3a3ef39dd7e5798?s=96&d=mm&r=g","url":"https:\/\/secure.gravatar.com\/avatar\/3ea2118a5f7dad2b7138b1187a6b7ee55f160b9968b66013c3a3ef39dd7e5798?s=96&d=mm&r=g","contentUrl":"https:\/\/secure.gravatar.com\/avatar\/3ea2118a5f7dad2b7138b1187a6b7ee55f160b9968b66013c3a3ef39dd7e5798?s=96&d=mm&r=g","caption":"Jeanette"},"sameAs":["https:\/\/www.eldiario.net\/portal"],"url":"https:\/\/www.eldiario.net\/portal\/author\/jeanette\/"}]}},"_links":{"self":[{"href":"https:\/\/www.eldiario.net\/portal\/wp-json\/wp\/v2\/posts\/231746","targetHints":{"allow":["GET"]}}],"collection":[{"href":"https:\/\/www.eldiario.net\/portal\/wp-json\/wp\/v2\/posts"}],"about":[{"href":"https:\/\/www.eldiario.net\/portal\/wp-json\/wp\/v2\/types\/post"}],"author":[{"embeddable":true,"href":"https:\/\/www.eldiario.net\/portal\/wp-json\/wp\/v2\/users\/1"}],"replies":[{"embeddable":true,"href":"https:\/\/www.eldiario.net\/portal\/wp-json\/wp\/v2\/comments?post=231746"}],"version-history":[{"count":1,"href":"https:\/\/www.eldiario.net\/portal\/wp-json\/wp\/v2\/posts\/231746\/revisions"}],"predecessor-version":[{"id":231748,"href":"https:\/\/www.eldiario.net\/portal\/wp-json\/wp\/v2\/posts\/231746\/revisions\/231748"}],"wp:featuredmedia":[{"embeddable":true,"href":"https:\/\/www.eldiario.net\/portal\/wp-json\/wp\/v2\/media\/231747"}],"wp:attachment":[{"href":"https:\/\/www.eldiario.net\/portal\/wp-json\/wp\/v2\/media?parent=231746"}],"wp:term":[{"taxonomy":"category","embeddable":true,"href":"https:\/\/www.eldiario.net\/portal\/wp-json\/wp\/v2\/categories?post=231746"},{"taxonomy":"post_tag","embeddable":true,"href":"https:\/\/www.eldiario.net\/portal\/wp-json\/wp\/v2\/tags?post=231746"}],"curies":[{"name":"wp","href":"https:\/\/api.w.org\/{rel}","templated":true}]}}