{"id":23173,"date":"2021-08-13T06:20:40","date_gmt":"2021-08-13T10:20:40","guid":{"rendered":"https:\/\/www.eldiario.net\/portal\/?p=23173"},"modified":"2021-08-13T06:20:40","modified_gmt":"2021-08-13T10:20:40","slug":"supuesto-borrador-de-corte-idh-sobre-reeleccion-indefinida-genero-polemica","status":"publish","type":"post","link":"https:\/\/www.eldiario.net\/portal\/2021\/08\/13\/supuesto-borrador-de-corte-idh-sobre-reeleccion-indefinida-genero-polemica\/","title":{"rendered":"Supuesto borrador de Corte IDH sobre  reelecci\u00f3n indefinida gener\u00f3 pol\u00e9mica"},"content":{"rendered":"<p>Un documento no oficial, que circul\u00f3 en redes la jornada pasada, en el que supuestamente la Corte Interamericana de Derechos Humanos (C-IDH) resolvi\u00f3 determinar que la reelecci\u00f3n presidencial indefinida no es un derecho humano y esta figura es contraria a los principios de una democracia representativa, provoc\u00f3 que pol\u00edticos y representantes de partidos opositores exigieran procesos contra los responsables de la habilitaci\u00f3n de Evo Morales a los comicios de 2019.<br \/>\nMediante la publicaci\u00f3n de este documento en borrador, que distintos medios digitales difundieron, se inform\u00f3 que la Corte-IDH notific\u00f3 al Gobierno boliviano sobre la resoluci\u00f3n de la opini\u00f3n consultiva OC-28\/21, en la que se declara que la reelecci\u00f3n presidencial indefinida no es un derecho humano que est\u00e9 contemplado por la Convenci\u00f3n Americana.<br \/>\n\u201cLa reelecci\u00f3n presidencial indefinida no constituye un derecho aut\u00f3nomo protegido por la Convenci\u00f3n Americana ni por el Corpus iuris\u2019 del derecho internacional de los derechos humanos. La prohibici\u00f3n de la reelecci\u00f3n indefinida es compatible con la Convenci\u00f3n Americana sobre Derechos Humanos, la Declaraci\u00f3n Americana de los Derechos y Deberes del Hombre, y la Carta Democr\u00e1tica Interamericana. La habilitaci\u00f3n de la reelecci\u00f3n presidencial indefinida, es contraria a los principios de una democracia representativa, y, por ende, a las obligaciones establecidas en la Convenci\u00f3n Americana sobre Derechos Humanos y Declaraci\u00f3n Americana de los Derechos y Deberes del Hombre\u201d, se\u00f1ala el documento que a\u00fan no fue oficializado.<br \/>\nUna vez conocida la noticia, distintos representantes de partidos de oposici\u00f3n y legisladores se\u00f1alaron que con este fallo se evitar\u00e1 que en el futuro se produzcan escenarios de abuso de poder por parte de gobernantes que intenten perpetuarse mediante interpretaciones arbitrarias de las normas.<br \/>\nEl l\u00edder opositor Carlos Mesa Gisbert se\u00f1al\u00f3 que mediante la mala interpretaci\u00f3n de este principio se han producido graves da\u00f1os a la democracia, por lo que plante\u00f3 el inicio de procesos en contra de Evo Morales y todas las autoridades que permitieron la violaci\u00f3n de la Constituci\u00f3n Pol\u00edtica del Estado, avalando una candidatura ilegal en 2019, en total desconocimiento de los resultados del refer\u00e9ndum vinculante del 21-F que neg\u00f3 esta posibilidad en el a\u00f1o 2016.<br \/>\n\u201cLa reelecci\u00f3n indefinida no es un derecho humano. La violaci\u00f3n de este principio gener\u00f3 graves arbitrariedades contra la democracia. Corresponde juicio a quienes, como Morales, en su ambici\u00f3n usaron tal falacia para violar la CPE y burlar la decisi\u00f3n del pueblo el 21F\u201d, manifest\u00f3 mediante su cuenta de Twitter.<br \/>\nCon una postura m\u00e1s cauta y esperando la oficializaci\u00f3n de este documento, el expresidente Jorge Quiroga Ram\u00edrez pidi\u00f3 calma y esperar que se confirme esta resoluci\u00f3n.<br \/>\n\u201cAnte el \u2018borrador\u2019 que circula con l\u00edneas numeradas, sin fecha, ni fundamentaciones, pido paciencia a Bolivia. La reelecci\u00f3n no puede ser un DDHH, por eso denunciamos a Evo ante la Corte-IDH en septiembre de 2017, fuimos varias veces a Colombia y trabajamos 4 a\u00f1os. Esperemos dictamen oficial de esta corte\u201d, se\u00f1al\u00f3<br \/>\nAgreg\u00f3 que existe calma en el pueblo boliviano, m\u00e1s no as\u00ed en Morales, quien en declaraciones desde Per\u00fa contin\u00faa mintiendo y especulando sobre la validez del pacto de San Jos\u00e9, en una actitud calificada como nerviosismo.<br \/>\nPara el diputado que proviene de los movimientos ciudadanos por la defensa y respeto de los resultados del 21-F, Alberto Astorga, la determinaci\u00f3n de la Corte-IDH representa una reivindicaci\u00f3n para los activistas que se manifestaron desde 2016 y se levantaron tras el fraude del 2019.<br \/>\n\u201cLa reelecci\u00f3n presidencial NO es un derecho humano, lo reafirma la Corte IDH el tiempo nos dio la raz\u00f3n a todos los activistas que defendimos el 21F, Evo Morales siempre fuiste un tirano que desconoci\u00f3 las normas y el voto ciudadano por eso el pueblo se levant\u00f3 el 2019\u201d, comparti\u00f3.<br \/>\nDesde el oficialismo, el ministro de Justicia, Iv\u00e1n Lima, reiter\u00f3 que el asunto de la reelecci\u00f3n indefinida ya fue resuelto con la convocatoria a las elecciones generales de 2020.<br \/>\n\u201cEn cuanto a la reelecci\u00f3n indefinida, en Bolivia este tema ya se ha resuelto cuando se convoc\u00f3 a las elecciones de octubre de 2020\u201d indic\u00f3 Lima mediante un comunicado de esta cartera.<br \/>\nLa autoridad cit\u00f3 el Par\u00e1grafo II del Art\u00edculo 19 de la Ley 1266 de R\u00e9gimen Excepcional y Transitorio para la Realizaci\u00f3n de Elecciones Generales, en el que establece que \u201cLas y los ciudadanos que hubieran sido reelectos de forma continua a un cargo electivo durante los dos periodos constitucionales anteriores, no podr\u00e1n postularse como candidatos al mismo cargo electivo\u201d.<br \/>\nEl l\u00edder cocalero Evo Morales, quien se encuentra en la capital peruana participando de encuentros de car\u00e1cter pol\u00edtico con sectores afines al MAS en este pa\u00eds, se\u00f1al\u00f3 que el pacto de San Jos\u00e9 establece la reelecci\u00f3n como un derecho y descalific\u00f3 el papel de la Organizaci\u00f3n de Estados Americanos y la Corte-IDH, se\u00f1alando que ambos organismos son antidemocr\u00e1ticos. \u201cEl Pacto de San Jos\u00e9 en su art\u00edculo 23 afirma que la reelecci\u00f3n es un derecho. Ahora sabemos a qui\u00e9n corresponde la Corte IDH y a quien obedece la OEA\u201d, dijo.<\/p>\n<p><a href=\"https:\/\/www.eldiario.net\/portal\/wp-content\/uploads\/2021\/08\/Pol-131.jpg\"><img loading=\"lazy\" decoding=\"async\" class=\"aligncenter size-medium wp-image-23175\" src=\"https:\/\/www.eldiario.net\/portal\/wp-content\/uploads\/2021\/08\/Pol-131-300x195.jpg\" alt=\"\" width=\"300\" height=\"195\" \/><\/a><\/p>\n","protected":false},"excerpt":{"rendered":"<p>Un documento no oficial, que circul\u00f3 en redes la jornada pasada, en el que supuestamente la Corte Interamericana de Derechos Humanos (C-IDH) resolvi\u00f3 determinar que la reelecci\u00f3n presidencial indefinida no es un derecho humano y esta figura es contraria a los principios de una democracia representativa, provoc\u00f3 que pol\u00edticos y representantes de partidos opositores exigieran [&hellip;]<\/p>\n","protected":false},"author":1,"featured_media":23174,"comment_status":"closed","ping_status":"closed","sticky":false,"template":"","format":"standard","meta":{"_acf_changed":false,"footnotes":""},"categories":[14],"tags":[],"class_list":["post-23173","post","type-post","status-publish","format-standard","has-post-thumbnail","category-politica"],"acf":{"antetitulo":""},"yoast_head":"<!-- This site is optimized with the Yoast SEO plugin v28.4 - https:\/\/yoast.com\/product\/yoast-seo-wordpress\/ -->\n<title>Supuesto borrador de Corte IDH sobre reelecci\u00f3n indefinida gener\u00f3 pol\u00e9mica - El Diario - Bolivia<\/title>\n<meta name=\"robots\" content=\"index, follow, max-snippet:-1, max-image-preview:large, max-video-preview:-1\" \/>\n<link rel=\"canonical\" href=\"https:\/\/www.eldiario.net\/portal\/2021\/08\/13\/supuesto-borrador-de-corte-idh-sobre-reeleccion-indefinida-genero-polemica\/\" \/>\n<meta property=\"og:locale\" content=\"es_ES\" \/>\n<meta property=\"og:type\" content=\"article\" \/>\n<meta property=\"og:title\" content=\"Supuesto borrador de Corte IDH sobre reelecci\u00f3n indefinida gener\u00f3 pol\u00e9mica - El Diario - Bolivia\" \/>\n<meta property=\"og:description\" content=\"Un documento no oficial, que circul\u00f3 en redes la jornada pasada, en el que supuestamente la Corte Interamericana de Derechos Humanos (C-IDH) resolvi\u00f3 determinar que la reelecci\u00f3n presidencial indefinida no es un derecho humano y esta figura es contraria a los principios de una democracia representativa, provoc\u00f3 que pol\u00edticos y representantes de partidos opositores exigieran [&hellip;]\" \/>\n<meta property=\"og:url\" content=\"https:\/\/www.eldiario.net\/portal\/2021\/08\/13\/supuesto-borrador-de-corte-idh-sobre-reeleccion-indefinida-genero-polemica\/\" \/>\n<meta property=\"og:site_name\" content=\"El Diario - Bolivia\" \/>\n<meta property=\"article:publisher\" content=\"https:\/\/www.facebook.com\/eldiario.bolivia\/\" \/>\n<meta property=\"article:published_time\" content=\"2021-08-13T10:20:40+00:00\" \/>\n<meta name=\"author\" content=\"Jeanette\" \/>\n<meta name=\"twitter:card\" content=\"summary_large_image\" \/>\n<meta name=\"twitter:creator\" content=\"@eldiario_net\" \/>\n<meta name=\"twitter:site\" content=\"@eldiario_net\" \/>\n<meta name=\"twitter:label1\" content=\"Escrito por\" \/>\n\t<meta name=\"twitter:data1\" content=\"Jeanette\" \/>\n\t<meta name=\"twitter:label2\" content=\"Tiempo de lectura\" \/>\n\t<meta name=\"twitter:data2\" content=\"4 minutos\" \/>\n<script type=\"application\/ld+json\" class=\"yoast-schema-graph\">{\"@context\":\"https:\\\/\\\/schema.org\",\"@graph\":[{\"@type\":\"Article\",\"@id\":\"https:\\\/\\\/www.eldiario.net\\\/portal\\\/2021\\\/08\\\/13\\\/supuesto-borrador-de-corte-idh-sobre-reeleccion-indefinida-genero-polemica\\\/#article\",\"isPartOf\":{\"@id\":\"https:\\\/\\\/www.eldiario.net\\\/portal\\\/2021\\\/08\\\/13\\\/supuesto-borrador-de-corte-idh-sobre-reeleccion-indefinida-genero-polemica\\\/\"},\"author\":{\"name\":\"Jeanette\",\"@id\":\"https:\\\/\\\/www.eldiario.net\\\/portal\\\/#\\\/schema\\\/person\\\/f46445640444750d7d753ccd04ae01b7\"},\"headline\":\"Supuesto borrador de Corte IDH sobre reelecci\u00f3n indefinida gener\u00f3 pol\u00e9mica\",\"datePublished\":\"2021-08-13T10:20:40+00:00\",\"mainEntityOfPage\":{\"@id\":\"https:\\\/\\\/www.eldiario.net\\\/portal\\\/2021\\\/08\\\/13\\\/supuesto-borrador-de-corte-idh-sobre-reeleccion-indefinida-genero-polemica\\\/\"},\"wordCount\":881,\"publisher\":{\"@id\":\"https:\\\/\\\/www.eldiario.net\\\/portal\\\/#organization\"},\"image\":{\"@id\":\"https:\\\/\\\/www.eldiario.net\\\/portal\\\/2021\\\/08\\\/13\\\/supuesto-borrador-de-corte-idh-sobre-reeleccion-indefinida-genero-polemica\\\/#primaryimage\"},\"thumbnailUrl\":\"\",\"articleSection\":[\"Pol\u00edtica\"],\"inLanguage\":\"es\"},{\"@type\":\"WebPage\",\"@id\":\"https:\\\/\\\/www.eldiario.net\\\/portal\\\/2021\\\/08\\\/13\\\/supuesto-borrador-de-corte-idh-sobre-reeleccion-indefinida-genero-polemica\\\/\",\"url\":\"https:\\\/\\\/www.eldiario.net\\\/portal\\\/2021\\\/08\\\/13\\\/supuesto-borrador-de-corte-idh-sobre-reeleccion-indefinida-genero-polemica\\\/\",\"name\":\"Supuesto borrador de Corte IDH sobre reelecci\u00f3n indefinida gener\u00f3 pol\u00e9mica - El Diario - Bolivia\",\"isPartOf\":{\"@id\":\"https:\\\/\\\/www.eldiario.net\\\/portal\\\/#website\"},\"primaryImageOfPage\":{\"@id\":\"https:\\\/\\\/www.eldiario.net\\\/portal\\\/2021\\\/08\\\/13\\\/supuesto-borrador-de-corte-idh-sobre-reeleccion-indefinida-genero-polemica\\\/#primaryimage\"},\"image\":{\"@id\":\"https:\\\/\\\/www.eldiario.net\\\/portal\\\/2021\\\/08\\\/13\\\/supuesto-borrador-de-corte-idh-sobre-reeleccion-indefinida-genero-polemica\\\/#primaryimage\"},\"thumbnailUrl\":\"\",\"datePublished\":\"2021-08-13T10:20:40+00:00\",\"breadcrumb\":{\"@id\":\"https:\\\/\\\/www.eldiario.net\\\/portal\\\/2021\\\/08\\\/13\\\/supuesto-borrador-de-corte-idh-sobre-reeleccion-indefinida-genero-polemica\\\/#breadcrumb\"},\"inLanguage\":\"es\",\"potentialAction\":[{\"@type\":\"ReadAction\",\"target\":[\"https:\\\/\\\/www.eldiario.net\\\/portal\\\/2021\\\/08\\\/13\\\/supuesto-borrador-de-corte-idh-sobre-reeleccion-indefinida-genero-polemica\\\/\"]}]},{\"@type\":\"ImageObject\",\"inLanguage\":\"es\",\"@id\":\"https:\\\/\\\/www.eldiario.net\\\/portal\\\/2021\\\/08\\\/13\\\/supuesto-borrador-de-corte-idh-sobre-reeleccion-indefinida-genero-polemica\\\/#primaryimage\",\"url\":\"\",\"contentUrl\":\"\"},{\"@type\":\"BreadcrumbList\",\"@id\":\"https:\\\/\\\/www.eldiario.net\\\/portal\\\/2021\\\/08\\\/13\\\/supuesto-borrador-de-corte-idh-sobre-reeleccion-indefinida-genero-polemica\\\/#breadcrumb\",\"itemListElement\":[{\"@type\":\"ListItem\",\"position\":1,\"name\":\"Portada\",\"item\":\"https:\\\/\\\/www.eldiario.net\\\/portal\\\/\"},{\"@type\":\"ListItem\",\"position\":2,\"name\":\"Supuesto borrador de Corte IDH sobre reelecci\u00f3n indefinida gener\u00f3 pol\u00e9mica\"}]},{\"@type\":\"WebSite\",\"@id\":\"https:\\\/\\\/www.eldiario.net\\\/portal\\\/#website\",\"url\":\"https:\\\/\\\/www.eldiario.net\\\/portal\\\/\",\"name\":\"El Diario - Decano de la prensa nacional\",\"description\":\"El Diario - Decano de la prensa nacional\",\"publisher\":{\"@id\":\"https:\\\/\\\/www.eldiario.net\\\/portal\\\/#organization\"},\"potentialAction\":[{\"@type\":\"SearchAction\",\"target\":{\"@type\":\"EntryPoint\",\"urlTemplate\":\"https:\\\/\\\/www.eldiario.net\\\/portal\\\/?s={search_term_string}\"},\"query-input\":{\"@type\":\"PropertyValueSpecification\",\"valueRequired\":true,\"valueName\":\"search_term_string\"}}],\"inLanguage\":\"es\"},{\"@type\":\"Organization\",\"@id\":\"https:\\\/\\\/www.eldiario.net\\\/portal\\\/#organization\",\"name\":\"El Diario - Decano de la prensa nacional\",\"url\":\"https:\\\/\\\/www.eldiario.net\\\/portal\\\/\",\"logo\":{\"@type\":\"ImageObject\",\"inLanguage\":\"es\",\"@id\":\"https:\\\/\\\/www.eldiario.net\\\/portal\\\/#\\\/schema\\\/logo\\\/image\\\/\",\"url\":\"https:\\\/\\\/www.eldiario.net\\\/portal\\\/wp-content\\\/uploads\\\/2023\\\/07\\\/logo_ED.jpg\",\"contentUrl\":\"https:\\\/\\\/www.eldiario.net\\\/portal\\\/wp-content\\\/uploads\\\/2023\\\/07\\\/logo_ED.jpg\",\"width\":272,\"height\":52,\"caption\":\"El Diario - Decano de la prensa nacional\"},\"image\":{\"@id\":\"https:\\\/\\\/www.eldiario.net\\\/portal\\\/#\\\/schema\\\/logo\\\/image\\\/\"},\"sameAs\":[\"https:\\\/\\\/www.facebook.com\\\/eldiario.bolivia\\\/\",\"https:\\\/\\\/x.com\\\/eldiario_net\"]},{\"@type\":\"Person\",\"@id\":\"https:\\\/\\\/www.eldiario.net\\\/portal\\\/#\\\/schema\\\/person\\\/f46445640444750d7d753ccd04ae01b7\",\"name\":\"Jeanette\",\"image\":{\"@type\":\"ImageObject\",\"inLanguage\":\"es\",\"@id\":\"https:\\\/\\\/secure.gravatar.com\\\/avatar\\\/3ea2118a5f7dad2b7138b1187a6b7ee55f160b9968b66013c3a3ef39dd7e5798?s=96&d=mm&r=g\",\"url\":\"https:\\\/\\\/secure.gravatar.com\\\/avatar\\\/3ea2118a5f7dad2b7138b1187a6b7ee55f160b9968b66013c3a3ef39dd7e5798?s=96&d=mm&r=g\",\"contentUrl\":\"https:\\\/\\\/secure.gravatar.com\\\/avatar\\\/3ea2118a5f7dad2b7138b1187a6b7ee55f160b9968b66013c3a3ef39dd7e5798?s=96&d=mm&r=g\",\"caption\":\"Jeanette\"},\"sameAs\":[\"https:\\\/\\\/www.eldiario.net\\\/portal\"],\"url\":\"https:\\\/\\\/www.eldiario.net\\\/portal\\\/author\\\/jeanette\\\/\"}]}<\/script>\n<!-- \/ Yoast SEO plugin. -->","yoast_head_json":{"title":"Supuesto borrador de Corte IDH sobre reelecci\u00f3n indefinida gener\u00f3 pol\u00e9mica - El Diario - Bolivia","robots":{"index":"index","follow":"follow","max-snippet":"max-snippet:-1","max-image-preview":"max-image-preview:large","max-video-preview":"max-video-preview:-1"},"canonical":"https:\/\/www.eldiario.net\/portal\/2021\/08\/13\/supuesto-borrador-de-corte-idh-sobre-reeleccion-indefinida-genero-polemica\/","og_locale":"es_ES","og_type":"article","og_title":"Supuesto borrador de Corte IDH sobre reelecci\u00f3n indefinida gener\u00f3 pol\u00e9mica - El Diario - Bolivia","og_description":"Un documento no oficial, que circul\u00f3 en redes la jornada pasada, en el que supuestamente la Corte Interamericana de Derechos Humanos (C-IDH) resolvi\u00f3 determinar que la reelecci\u00f3n presidencial indefinida no es un derecho humano y esta figura es contraria a los principios de una democracia representativa, provoc\u00f3 que pol\u00edticos y representantes de partidos opositores exigieran [&hellip;]","og_url":"https:\/\/www.eldiario.net\/portal\/2021\/08\/13\/supuesto-borrador-de-corte-idh-sobre-reeleccion-indefinida-genero-polemica\/","og_site_name":"El Diario - Bolivia","article_publisher":"https:\/\/www.facebook.com\/eldiario.bolivia\/","article_published_time":"2021-08-13T10:20:40+00:00","author":"Jeanette","twitter_card":"summary_large_image","twitter_creator":"@eldiario_net","twitter_site":"@eldiario_net","twitter_misc":{"Escrito por":"Jeanette","Tiempo de lectura":"4 minutos"},"schema":{"@context":"https:\/\/schema.org","@graph":[{"@type":"Article","@id":"https:\/\/www.eldiario.net\/portal\/2021\/08\/13\/supuesto-borrador-de-corte-idh-sobre-reeleccion-indefinida-genero-polemica\/#article","isPartOf":{"@id":"https:\/\/www.eldiario.net\/portal\/2021\/08\/13\/supuesto-borrador-de-corte-idh-sobre-reeleccion-indefinida-genero-polemica\/"},"author":{"name":"Jeanette","@id":"https:\/\/www.eldiario.net\/portal\/#\/schema\/person\/f46445640444750d7d753ccd04ae01b7"},"headline":"Supuesto borrador de Corte IDH sobre reelecci\u00f3n indefinida gener\u00f3 pol\u00e9mica","datePublished":"2021-08-13T10:20:40+00:00","mainEntityOfPage":{"@id":"https:\/\/www.eldiario.net\/portal\/2021\/08\/13\/supuesto-borrador-de-corte-idh-sobre-reeleccion-indefinida-genero-polemica\/"},"wordCount":881,"publisher":{"@id":"https:\/\/www.eldiario.net\/portal\/#organization"},"image":{"@id":"https:\/\/www.eldiario.net\/portal\/2021\/08\/13\/supuesto-borrador-de-corte-idh-sobre-reeleccion-indefinida-genero-polemica\/#primaryimage"},"thumbnailUrl":"","articleSection":["Pol\u00edtica"],"inLanguage":"es"},{"@type":"WebPage","@id":"https:\/\/www.eldiario.net\/portal\/2021\/08\/13\/supuesto-borrador-de-corte-idh-sobre-reeleccion-indefinida-genero-polemica\/","url":"https:\/\/www.eldiario.net\/portal\/2021\/08\/13\/supuesto-borrador-de-corte-idh-sobre-reeleccion-indefinida-genero-polemica\/","name":"Supuesto borrador de Corte IDH sobre reelecci\u00f3n indefinida gener\u00f3 pol\u00e9mica - El Diario - Bolivia","isPartOf":{"@id":"https:\/\/www.eldiario.net\/portal\/#website"},"primaryImageOfPage":{"@id":"https:\/\/www.eldiario.net\/portal\/2021\/08\/13\/supuesto-borrador-de-corte-idh-sobre-reeleccion-indefinida-genero-polemica\/#primaryimage"},"image":{"@id":"https:\/\/www.eldiario.net\/portal\/2021\/08\/13\/supuesto-borrador-de-corte-idh-sobre-reeleccion-indefinida-genero-polemica\/#primaryimage"},"thumbnailUrl":"","datePublished":"2021-08-13T10:20:40+00:00","breadcrumb":{"@id":"https:\/\/www.eldiario.net\/portal\/2021\/08\/13\/supuesto-borrador-de-corte-idh-sobre-reeleccion-indefinida-genero-polemica\/#breadcrumb"},"inLanguage":"es","potentialAction":[{"@type":"ReadAction","target":["https:\/\/www.eldiario.net\/portal\/2021\/08\/13\/supuesto-borrador-de-corte-idh-sobre-reeleccion-indefinida-genero-polemica\/"]}]},{"@type":"ImageObject","inLanguage":"es","@id":"https:\/\/www.eldiario.net\/portal\/2021\/08\/13\/supuesto-borrador-de-corte-idh-sobre-reeleccion-indefinida-genero-polemica\/#primaryimage","url":"","contentUrl":""},{"@type":"BreadcrumbList","@id":"https:\/\/www.eldiario.net\/portal\/2021\/08\/13\/supuesto-borrador-de-corte-idh-sobre-reeleccion-indefinida-genero-polemica\/#breadcrumb","itemListElement":[{"@type":"ListItem","position":1,"name":"Portada","item":"https:\/\/www.eldiario.net\/portal\/"},{"@type":"ListItem","position":2,"name":"Supuesto borrador de Corte IDH sobre reelecci\u00f3n indefinida gener\u00f3 pol\u00e9mica"}]},{"@type":"WebSite","@id":"https:\/\/www.eldiario.net\/portal\/#website","url":"https:\/\/www.eldiario.net\/portal\/","name":"El Diario - Decano de la prensa nacional","description":"El Diario - Decano de la prensa nacional","publisher":{"@id":"https:\/\/www.eldiario.net\/portal\/#organization"},"potentialAction":[{"@type":"SearchAction","target":{"@type":"EntryPoint","urlTemplate":"https:\/\/www.eldiario.net\/portal\/?s={search_term_string}"},"query-input":{"@type":"PropertyValueSpecification","valueRequired":true,"valueName":"search_term_string"}}],"inLanguage":"es"},{"@type":"Organization","@id":"https:\/\/www.eldiario.net\/portal\/#organization","name":"El Diario - Decano de la prensa nacional","url":"https:\/\/www.eldiario.net\/portal\/","logo":{"@type":"ImageObject","inLanguage":"es","@id":"https:\/\/www.eldiario.net\/portal\/#\/schema\/logo\/image\/","url":"https:\/\/www.eldiario.net\/portal\/wp-content\/uploads\/2023\/07\/logo_ED.jpg","contentUrl":"https:\/\/www.eldiario.net\/portal\/wp-content\/uploads\/2023\/07\/logo_ED.jpg","width":272,"height":52,"caption":"El Diario - Decano de la prensa nacional"},"image":{"@id":"https:\/\/www.eldiario.net\/portal\/#\/schema\/logo\/image\/"},"sameAs":["https:\/\/www.facebook.com\/eldiario.bolivia\/","https:\/\/x.com\/eldiario_net"]},{"@type":"Person","@id":"https:\/\/www.eldiario.net\/portal\/#\/schema\/person\/f46445640444750d7d753ccd04ae01b7","name":"Jeanette","image":{"@type":"ImageObject","inLanguage":"es","@id":"https:\/\/secure.gravatar.com\/avatar\/3ea2118a5f7dad2b7138b1187a6b7ee55f160b9968b66013c3a3ef39dd7e5798?s=96&d=mm&r=g","url":"https:\/\/secure.gravatar.com\/avatar\/3ea2118a5f7dad2b7138b1187a6b7ee55f160b9968b66013c3a3ef39dd7e5798?s=96&d=mm&r=g","contentUrl":"https:\/\/secure.gravatar.com\/avatar\/3ea2118a5f7dad2b7138b1187a6b7ee55f160b9968b66013c3a3ef39dd7e5798?s=96&d=mm&r=g","caption":"Jeanette"},"sameAs":["https:\/\/www.eldiario.net\/portal"],"url":"https:\/\/www.eldiario.net\/portal\/author\/jeanette\/"}]}},"_links":{"self":[{"href":"https:\/\/www.eldiario.net\/portal\/wp-json\/wp\/v2\/posts\/23173","targetHints":{"allow":["GET"]}}],"collection":[{"href":"https:\/\/www.eldiario.net\/portal\/wp-json\/wp\/v2\/posts"}],"about":[{"href":"https:\/\/www.eldiario.net\/portal\/wp-json\/wp\/v2\/types\/post"}],"author":[{"embeddable":true,"href":"https:\/\/www.eldiario.net\/portal\/wp-json\/wp\/v2\/users\/1"}],"replies":[{"embeddable":true,"href":"https:\/\/www.eldiario.net\/portal\/wp-json\/wp\/v2\/comments?post=23173"}],"version-history":[{"count":0,"href":"https:\/\/www.eldiario.net\/portal\/wp-json\/wp\/v2\/posts\/23173\/revisions"}],"wp:attachment":[{"href":"https:\/\/www.eldiario.net\/portal\/wp-json\/wp\/v2\/media?parent=23173"}],"wp:term":[{"taxonomy":"category","embeddable":true,"href":"https:\/\/www.eldiario.net\/portal\/wp-json\/wp\/v2\/categories?post=23173"},{"taxonomy":"post_tag","embeddable":true,"href":"https:\/\/www.eldiario.net\/portal\/wp-json\/wp\/v2\/tags?post=23173"}],"curies":[{"name":"wp","href":"https:\/\/api.w.org\/{rel}","templated":true}]}}