{"id":23170,"date":"2021-08-13T06:19:16","date_gmt":"2021-08-13T10:19:16","guid":{"rendered":"https:\/\/www.eldiario.net\/portal\/?p=23170"},"modified":"2021-08-13T06:19:16","modified_gmt":"2021-08-13T10:19:16","slug":"mesa-exige-que-se-respeten-los-derechos-ciudadanos-de-anez","status":"publish","type":"post","link":"https:\/\/www.eldiario.net\/portal\/2021\/08\/13\/mesa-exige-que-se-respeten-los-derechos-ciudadanos-de-anez\/","title":{"rendered":"Mesa exige que se respeten los  derechos ciudadanos de \u00c1\u00f1ez"},"content":{"rendered":"<p>Ante el delicado estado de salud de la expresidenta Jeanine A\u00f1ez, el l\u00edder de la alianza Comunidad Ciudadana (CC), Carlos Mesa Gisbert, expres\u00f3 su preocupaci\u00f3n por las condiciones en que la exmandataria es tratada en instalaciones penitenciarias y las irregularidades en su proceso, por lo que exigi\u00f3 que se termine con la violaci\u00f3n de sus derechos como ciudadana.<br \/>\nMediante un art\u00edculo publicado en su blog personal, Mesa exigi\u00f3 que cese la violaci\u00f3n de los derechos humanos de la expresidenta Jeanine \u00c1\u00f1ez, quien cumple detenci\u00f3n en el penal de Miraflores de La Paz desde el pasado13 de marzo.<br \/>\nManifest\u00f3 que se han vulnerado los derechos ciudadanos de la exmandataria, quien ha quedado desamparada por las autoridades competentes que deber\u00edan estar llamadas a hacer que sus derechos y garant\u00edas se cumplan.<br \/>\n\u201cLos derechos inalienables e imprescriptibles a garantizar su dignidad, proteger su salud, a no ser sometida a torturas ni tratos inhumanos, presumir su inocencia y guardar el respeto a su condici\u00f3n de mujer, exmandataria y exrepresentante de su departamento, han sido vulnerados y no le asiste ninguna protecci\u00f3n de quienes tienen mandato y compromiso de velar por el cumplimiento de estos derechos\u201d, indic\u00f3.<br \/>\nEsta postura surge luego que el pasado d\u00eda mi\u00e9rcoles la expresidenta fue trasladada al Hospital de Cl\u00ednicas de La Paz para recibir atenci\u00f3n m\u00e9dica por recomendaci\u00f3n del Instituto de Investigaciones Forenses debido a su cr\u00edtico estado de salud, sin embargo, a los minutos de haber salido con la autorizaci\u00f3n correspondiente, fue nuevamente ingresada al penal de Miraflores.<br \/>\nEl l\u00edder de oposici\u00f3n adem\u00e1s reproch\u00f3 el silencio de todos los que rodearon a A\u00f1ez en momentos en que se encontraba al frente del pa\u00eds y cuando se present\u00f3 como candidata a la presidencia del Estado.<br \/>\n\u201cHoy, muchos de quienes la vitorearon y la ensalzaron sin l\u00edmites cuando ocup\u00f3 la presidencia prefieren callar o, peor, apelan al conocido expediente de si te he visto, no me acuerdo\u201d, cuestion\u00f3 Mesa.<br \/>\nEl presidente de CC, reiter\u00f3 su cr\u00edtica a la gesti\u00f3n de A\u00f1ez y pidi\u00f3 que se investigue la violaci\u00f3n de derechos humanos y de corrupci\u00f3n en su gobierno, pero aclar\u00f3 que estas investigaciones deben alcanzar tambi\u00e9n a todos los ex presidentes que gobernaron antes de ella, garantizando un sistema judicial probo, id\u00f3neo e independiente del poder pol\u00edtico.<br \/>\n\u201cComo ciudadano, expresidente de Bolivia y Presidente de Comunidad Ciudadana, alzo la voz para exigir que se termine con esta violaci\u00f3n inadmisible de los derechos de la ciudadana y expresidenta Jeanine \u00c1\u00f1ez\u201d, finaliz\u00f3.<\/p>\n","protected":false},"excerpt":{"rendered":"<p>Ante el delicado estado de salud de la expresidenta Jeanine A\u00f1ez, el l\u00edder de la alianza Comunidad Ciudadana (CC), Carlos Mesa Gisbert, expres\u00f3 su preocupaci\u00f3n por las condiciones en que la exmandataria es tratada en instalaciones penitenciarias y las irregularidades en su proceso, por lo que exigi\u00f3 que se termine con la violaci\u00f3n de sus [&hellip;]<\/p>\n","protected":false},"author":1,"featured_media":23171,"comment_status":"closed","ping_status":"closed","sticky":false,"template":"","format":"standard","meta":{"_acf_changed":false,"footnotes":""},"categories":[14],"tags":[],"class_list":["post-23170","post","type-post","status-publish","format-standard","has-post-thumbnail","category-politica"],"acf":{"antetitulo":""},"yoast_head":"<!-- This site is optimized with the Yoast SEO plugin v28.4 - https:\/\/yoast.com\/product\/yoast-seo-wordpress\/ -->\n<title>Mesa exige que se respeten los derechos ciudadanos de \u00c1\u00f1ez - El Diario - Bolivia<\/title>\n<meta name=\"robots\" content=\"index, follow, max-snippet:-1, max-image-preview:large, max-video-preview:-1\" \/>\n<link rel=\"canonical\" href=\"https:\/\/www.eldiario.net\/portal\/2021\/08\/13\/mesa-exige-que-se-respeten-los-derechos-ciudadanos-de-anez\/\" \/>\n<meta property=\"og:locale\" content=\"es_ES\" \/>\n<meta property=\"og:type\" content=\"article\" \/>\n<meta property=\"og:title\" content=\"Mesa exige que se respeten los derechos ciudadanos de \u00c1\u00f1ez - El Diario - Bolivia\" \/>\n<meta property=\"og:description\" content=\"Ante el delicado estado de salud de la expresidenta Jeanine A\u00f1ez, el l\u00edder de la alianza Comunidad Ciudadana (CC), Carlos Mesa Gisbert, expres\u00f3 su preocupaci\u00f3n por las condiciones en que la exmandataria es tratada en instalaciones penitenciarias y las irregularidades en su proceso, por lo que exigi\u00f3 que se termine con la violaci\u00f3n de sus [&hellip;]\" \/>\n<meta property=\"og:url\" content=\"https:\/\/www.eldiario.net\/portal\/2021\/08\/13\/mesa-exige-que-se-respeten-los-derechos-ciudadanos-de-anez\/\" \/>\n<meta property=\"og:site_name\" content=\"El Diario - Bolivia\" \/>\n<meta property=\"article:publisher\" content=\"https:\/\/www.facebook.com\/eldiario.bolivia\/\" \/>\n<meta property=\"article:published_time\" content=\"2021-08-13T10:19:16+00:00\" \/>\n<meta name=\"author\" content=\"Jeanette\" \/>\n<meta name=\"twitter:card\" content=\"summary_large_image\" \/>\n<meta name=\"twitter:creator\" content=\"@eldiario_net\" \/>\n<meta name=\"twitter:site\" content=\"@eldiario_net\" \/>\n<meta name=\"twitter:label1\" content=\"Escrito por\" \/>\n\t<meta name=\"twitter:data1\" content=\"Jeanette\" \/>\n\t<meta name=\"twitter:label2\" content=\"Tiempo de lectura\" \/>\n\t<meta name=\"twitter:data2\" content=\"2 minutos\" \/>\n<script type=\"application\/ld+json\" class=\"yoast-schema-graph\">{\"@context\":\"https:\\\/\\\/schema.org\",\"@graph\":[{\"@type\":\"Article\",\"@id\":\"https:\\\/\\\/www.eldiario.net\\\/portal\\\/2021\\\/08\\\/13\\\/mesa-exige-que-se-respeten-los-derechos-ciudadanos-de-anez\\\/#article\",\"isPartOf\":{\"@id\":\"https:\\\/\\\/www.eldiario.net\\\/portal\\\/2021\\\/08\\\/13\\\/mesa-exige-que-se-respeten-los-derechos-ciudadanos-de-anez\\\/\"},\"author\":{\"name\":\"Jeanette\",\"@id\":\"https:\\\/\\\/www.eldiario.net\\\/portal\\\/#\\\/schema\\\/person\\\/f46445640444750d7d753ccd04ae01b7\"},\"headline\":\"Mesa exige que se respeten los derechos ciudadanos de \u00c1\u00f1ez\",\"datePublished\":\"2021-08-13T10:19:16+00:00\",\"mainEntityOfPage\":{\"@id\":\"https:\\\/\\\/www.eldiario.net\\\/portal\\\/2021\\\/08\\\/13\\\/mesa-exige-que-se-respeten-los-derechos-ciudadanos-de-anez\\\/\"},\"wordCount\":452,\"publisher\":{\"@id\":\"https:\\\/\\\/www.eldiario.net\\\/portal\\\/#organization\"},\"image\":{\"@id\":\"https:\\\/\\\/www.eldiario.net\\\/portal\\\/2021\\\/08\\\/13\\\/mesa-exige-que-se-respeten-los-derechos-ciudadanos-de-anez\\\/#primaryimage\"},\"thumbnailUrl\":\"\",\"articleSection\":[\"Pol\u00edtica\"],\"inLanguage\":\"es\"},{\"@type\":\"WebPage\",\"@id\":\"https:\\\/\\\/www.eldiario.net\\\/portal\\\/2021\\\/08\\\/13\\\/mesa-exige-que-se-respeten-los-derechos-ciudadanos-de-anez\\\/\",\"url\":\"https:\\\/\\\/www.eldiario.net\\\/portal\\\/2021\\\/08\\\/13\\\/mesa-exige-que-se-respeten-los-derechos-ciudadanos-de-anez\\\/\",\"name\":\"Mesa exige que se respeten los derechos ciudadanos de \u00c1\u00f1ez - El Diario - Bolivia\",\"isPartOf\":{\"@id\":\"https:\\\/\\\/www.eldiario.net\\\/portal\\\/#website\"},\"primaryImageOfPage\":{\"@id\":\"https:\\\/\\\/www.eldiario.net\\\/portal\\\/2021\\\/08\\\/13\\\/mesa-exige-que-se-respeten-los-derechos-ciudadanos-de-anez\\\/#primaryimage\"},\"image\":{\"@id\":\"https:\\\/\\\/www.eldiario.net\\\/portal\\\/2021\\\/08\\\/13\\\/mesa-exige-que-se-respeten-los-derechos-ciudadanos-de-anez\\\/#primaryimage\"},\"thumbnailUrl\":\"\",\"datePublished\":\"2021-08-13T10:19:16+00:00\",\"breadcrumb\":{\"@id\":\"https:\\\/\\\/www.eldiario.net\\\/portal\\\/2021\\\/08\\\/13\\\/mesa-exige-que-se-respeten-los-derechos-ciudadanos-de-anez\\\/#breadcrumb\"},\"inLanguage\":\"es\",\"potentialAction\":[{\"@type\":\"ReadAction\",\"target\":[\"https:\\\/\\\/www.eldiario.net\\\/portal\\\/2021\\\/08\\\/13\\\/mesa-exige-que-se-respeten-los-derechos-ciudadanos-de-anez\\\/\"]}]},{\"@type\":\"ImageObject\",\"inLanguage\":\"es\",\"@id\":\"https:\\\/\\\/www.eldiario.net\\\/portal\\\/2021\\\/08\\\/13\\\/mesa-exige-que-se-respeten-los-derechos-ciudadanos-de-anez\\\/#primaryimage\",\"url\":\"\",\"contentUrl\":\"\"},{\"@type\":\"BreadcrumbList\",\"@id\":\"https:\\\/\\\/www.eldiario.net\\\/portal\\\/2021\\\/08\\\/13\\\/mesa-exige-que-se-respeten-los-derechos-ciudadanos-de-anez\\\/#breadcrumb\",\"itemListElement\":[{\"@type\":\"ListItem\",\"position\":1,\"name\":\"Portada\",\"item\":\"https:\\\/\\\/www.eldiario.net\\\/portal\\\/\"},{\"@type\":\"ListItem\",\"position\":2,\"name\":\"Mesa exige que se respeten los derechos ciudadanos de \u00c1\u00f1ez\"}]},{\"@type\":\"WebSite\",\"@id\":\"https:\\\/\\\/www.eldiario.net\\\/portal\\\/#website\",\"url\":\"https:\\\/\\\/www.eldiario.net\\\/portal\\\/\",\"name\":\"El Diario - Decano de la prensa nacional\",\"description\":\"El Diario - Decano de la prensa nacional\",\"publisher\":{\"@id\":\"https:\\\/\\\/www.eldiario.net\\\/portal\\\/#organization\"},\"potentialAction\":[{\"@type\":\"SearchAction\",\"target\":{\"@type\":\"EntryPoint\",\"urlTemplate\":\"https:\\\/\\\/www.eldiario.net\\\/portal\\\/?s={search_term_string}\"},\"query-input\":{\"@type\":\"PropertyValueSpecification\",\"valueRequired\":true,\"valueName\":\"search_term_string\"}}],\"inLanguage\":\"es\"},{\"@type\":\"Organization\",\"@id\":\"https:\\\/\\\/www.eldiario.net\\\/portal\\\/#organization\",\"name\":\"El Diario - Decano de la prensa nacional\",\"url\":\"https:\\\/\\\/www.eldiario.net\\\/portal\\\/\",\"logo\":{\"@type\":\"ImageObject\",\"inLanguage\":\"es\",\"@id\":\"https:\\\/\\\/www.eldiario.net\\\/portal\\\/#\\\/schema\\\/logo\\\/image\\\/\",\"url\":\"https:\\\/\\\/www.eldiario.net\\\/portal\\\/wp-content\\\/uploads\\\/2023\\\/07\\\/logo_ED.jpg\",\"contentUrl\":\"https:\\\/\\\/www.eldiario.net\\\/portal\\\/wp-content\\\/uploads\\\/2023\\\/07\\\/logo_ED.jpg\",\"width\":272,\"height\":52,\"caption\":\"El Diario - Decano de la prensa nacional\"},\"image\":{\"@id\":\"https:\\\/\\\/www.eldiario.net\\\/portal\\\/#\\\/schema\\\/logo\\\/image\\\/\"},\"sameAs\":[\"https:\\\/\\\/www.facebook.com\\\/eldiario.bolivia\\\/\",\"https:\\\/\\\/x.com\\\/eldiario_net\"]},{\"@type\":\"Person\",\"@id\":\"https:\\\/\\\/www.eldiario.net\\\/portal\\\/#\\\/schema\\\/person\\\/f46445640444750d7d753ccd04ae01b7\",\"name\":\"Jeanette\",\"image\":{\"@type\":\"ImageObject\",\"inLanguage\":\"es\",\"@id\":\"https:\\\/\\\/secure.gravatar.com\\\/avatar\\\/3ea2118a5f7dad2b7138b1187a6b7ee55f160b9968b66013c3a3ef39dd7e5798?s=96&d=mm&r=g\",\"url\":\"https:\\\/\\\/secure.gravatar.com\\\/avatar\\\/3ea2118a5f7dad2b7138b1187a6b7ee55f160b9968b66013c3a3ef39dd7e5798?s=96&d=mm&r=g\",\"contentUrl\":\"https:\\\/\\\/secure.gravatar.com\\\/avatar\\\/3ea2118a5f7dad2b7138b1187a6b7ee55f160b9968b66013c3a3ef39dd7e5798?s=96&d=mm&r=g\",\"caption\":\"Jeanette\"},\"sameAs\":[\"https:\\\/\\\/www.eldiario.net\\\/portal\"],\"url\":\"https:\\\/\\\/www.eldiario.net\\\/portal\\\/author\\\/jeanette\\\/\"}]}<\/script>\n<!-- \/ Yoast SEO plugin. -->","yoast_head_json":{"title":"Mesa exige que se respeten los derechos ciudadanos de \u00c1\u00f1ez - El Diario - Bolivia","robots":{"index":"index","follow":"follow","max-snippet":"max-snippet:-1","max-image-preview":"max-image-preview:large","max-video-preview":"max-video-preview:-1"},"canonical":"https:\/\/www.eldiario.net\/portal\/2021\/08\/13\/mesa-exige-que-se-respeten-los-derechos-ciudadanos-de-anez\/","og_locale":"es_ES","og_type":"article","og_title":"Mesa exige que se respeten los derechos ciudadanos de \u00c1\u00f1ez - El Diario - Bolivia","og_description":"Ante el delicado estado de salud de la expresidenta Jeanine A\u00f1ez, el l\u00edder de la alianza Comunidad Ciudadana (CC), Carlos Mesa Gisbert, expres\u00f3 su preocupaci\u00f3n por las condiciones en que la exmandataria es tratada en instalaciones penitenciarias y las irregularidades en su proceso, por lo que exigi\u00f3 que se termine con la violaci\u00f3n de sus [&hellip;]","og_url":"https:\/\/www.eldiario.net\/portal\/2021\/08\/13\/mesa-exige-que-se-respeten-los-derechos-ciudadanos-de-anez\/","og_site_name":"El Diario - Bolivia","article_publisher":"https:\/\/www.facebook.com\/eldiario.bolivia\/","article_published_time":"2021-08-13T10:19:16+00:00","author":"Jeanette","twitter_card":"summary_large_image","twitter_creator":"@eldiario_net","twitter_site":"@eldiario_net","twitter_misc":{"Escrito por":"Jeanette","Tiempo de lectura":"2 minutos"},"schema":{"@context":"https:\/\/schema.org","@graph":[{"@type":"Article","@id":"https:\/\/www.eldiario.net\/portal\/2021\/08\/13\/mesa-exige-que-se-respeten-los-derechos-ciudadanos-de-anez\/#article","isPartOf":{"@id":"https:\/\/www.eldiario.net\/portal\/2021\/08\/13\/mesa-exige-que-se-respeten-los-derechos-ciudadanos-de-anez\/"},"author":{"name":"Jeanette","@id":"https:\/\/www.eldiario.net\/portal\/#\/schema\/person\/f46445640444750d7d753ccd04ae01b7"},"headline":"Mesa exige que se respeten los derechos ciudadanos de \u00c1\u00f1ez","datePublished":"2021-08-13T10:19:16+00:00","mainEntityOfPage":{"@id":"https:\/\/www.eldiario.net\/portal\/2021\/08\/13\/mesa-exige-que-se-respeten-los-derechos-ciudadanos-de-anez\/"},"wordCount":452,"publisher":{"@id":"https:\/\/www.eldiario.net\/portal\/#organization"},"image":{"@id":"https:\/\/www.eldiario.net\/portal\/2021\/08\/13\/mesa-exige-que-se-respeten-los-derechos-ciudadanos-de-anez\/#primaryimage"},"thumbnailUrl":"","articleSection":["Pol\u00edtica"],"inLanguage":"es"},{"@type":"WebPage","@id":"https:\/\/www.eldiario.net\/portal\/2021\/08\/13\/mesa-exige-que-se-respeten-los-derechos-ciudadanos-de-anez\/","url":"https:\/\/www.eldiario.net\/portal\/2021\/08\/13\/mesa-exige-que-se-respeten-los-derechos-ciudadanos-de-anez\/","name":"Mesa exige que se respeten los derechos ciudadanos de \u00c1\u00f1ez - El Diario - Bolivia","isPartOf":{"@id":"https:\/\/www.eldiario.net\/portal\/#website"},"primaryImageOfPage":{"@id":"https:\/\/www.eldiario.net\/portal\/2021\/08\/13\/mesa-exige-que-se-respeten-los-derechos-ciudadanos-de-anez\/#primaryimage"},"image":{"@id":"https:\/\/www.eldiario.net\/portal\/2021\/08\/13\/mesa-exige-que-se-respeten-los-derechos-ciudadanos-de-anez\/#primaryimage"},"thumbnailUrl":"","datePublished":"2021-08-13T10:19:16+00:00","breadcrumb":{"@id":"https:\/\/www.eldiario.net\/portal\/2021\/08\/13\/mesa-exige-que-se-respeten-los-derechos-ciudadanos-de-anez\/#breadcrumb"},"inLanguage":"es","potentialAction":[{"@type":"ReadAction","target":["https:\/\/www.eldiario.net\/portal\/2021\/08\/13\/mesa-exige-que-se-respeten-los-derechos-ciudadanos-de-anez\/"]}]},{"@type":"ImageObject","inLanguage":"es","@id":"https:\/\/www.eldiario.net\/portal\/2021\/08\/13\/mesa-exige-que-se-respeten-los-derechos-ciudadanos-de-anez\/#primaryimage","url":"","contentUrl":""},{"@type":"BreadcrumbList","@id":"https:\/\/www.eldiario.net\/portal\/2021\/08\/13\/mesa-exige-que-se-respeten-los-derechos-ciudadanos-de-anez\/#breadcrumb","itemListElement":[{"@type":"ListItem","position":1,"name":"Portada","item":"https:\/\/www.eldiario.net\/portal\/"},{"@type":"ListItem","position":2,"name":"Mesa exige que se respeten los derechos ciudadanos de \u00c1\u00f1ez"}]},{"@type":"WebSite","@id":"https:\/\/www.eldiario.net\/portal\/#website","url":"https:\/\/www.eldiario.net\/portal\/","name":"El Diario - Decano de la prensa nacional","description":"El Diario - Decano de la prensa nacional","publisher":{"@id":"https:\/\/www.eldiario.net\/portal\/#organization"},"potentialAction":[{"@type":"SearchAction","target":{"@type":"EntryPoint","urlTemplate":"https:\/\/www.eldiario.net\/portal\/?s={search_term_string}"},"query-input":{"@type":"PropertyValueSpecification","valueRequired":true,"valueName":"search_term_string"}}],"inLanguage":"es"},{"@type":"Organization","@id":"https:\/\/www.eldiario.net\/portal\/#organization","name":"El Diario - Decano de la prensa nacional","url":"https:\/\/www.eldiario.net\/portal\/","logo":{"@type":"ImageObject","inLanguage":"es","@id":"https:\/\/www.eldiario.net\/portal\/#\/schema\/logo\/image\/","url":"https:\/\/www.eldiario.net\/portal\/wp-content\/uploads\/2023\/07\/logo_ED.jpg","contentUrl":"https:\/\/www.eldiario.net\/portal\/wp-content\/uploads\/2023\/07\/logo_ED.jpg","width":272,"height":52,"caption":"El Diario - Decano de la prensa nacional"},"image":{"@id":"https:\/\/www.eldiario.net\/portal\/#\/schema\/logo\/image\/"},"sameAs":["https:\/\/www.facebook.com\/eldiario.bolivia\/","https:\/\/x.com\/eldiario_net"]},{"@type":"Person","@id":"https:\/\/www.eldiario.net\/portal\/#\/schema\/person\/f46445640444750d7d753ccd04ae01b7","name":"Jeanette","image":{"@type":"ImageObject","inLanguage":"es","@id":"https:\/\/secure.gravatar.com\/avatar\/3ea2118a5f7dad2b7138b1187a6b7ee55f160b9968b66013c3a3ef39dd7e5798?s=96&d=mm&r=g","url":"https:\/\/secure.gravatar.com\/avatar\/3ea2118a5f7dad2b7138b1187a6b7ee55f160b9968b66013c3a3ef39dd7e5798?s=96&d=mm&r=g","contentUrl":"https:\/\/secure.gravatar.com\/avatar\/3ea2118a5f7dad2b7138b1187a6b7ee55f160b9968b66013c3a3ef39dd7e5798?s=96&d=mm&r=g","caption":"Jeanette"},"sameAs":["https:\/\/www.eldiario.net\/portal"],"url":"https:\/\/www.eldiario.net\/portal\/author\/jeanette\/"}]}},"_links":{"self":[{"href":"https:\/\/www.eldiario.net\/portal\/wp-json\/wp\/v2\/posts\/23170","targetHints":{"allow":["GET"]}}],"collection":[{"href":"https:\/\/www.eldiario.net\/portal\/wp-json\/wp\/v2\/posts"}],"about":[{"href":"https:\/\/www.eldiario.net\/portal\/wp-json\/wp\/v2\/types\/post"}],"author":[{"embeddable":true,"href":"https:\/\/www.eldiario.net\/portal\/wp-json\/wp\/v2\/users\/1"}],"replies":[{"embeddable":true,"href":"https:\/\/www.eldiario.net\/portal\/wp-json\/wp\/v2\/comments?post=23170"}],"version-history":[{"count":0,"href":"https:\/\/www.eldiario.net\/portal\/wp-json\/wp\/v2\/posts\/23170\/revisions"}],"wp:attachment":[{"href":"https:\/\/www.eldiario.net\/portal\/wp-json\/wp\/v2\/media?parent=23170"}],"wp:term":[{"taxonomy":"category","embeddable":true,"href":"https:\/\/www.eldiario.net\/portal\/wp-json\/wp\/v2\/categories?post=23170"},{"taxonomy":"post_tag","embeddable":true,"href":"https:\/\/www.eldiario.net\/portal\/wp-json\/wp\/v2\/tags?post=23170"}],"curies":[{"name":"wp","href":"https:\/\/api.w.org\/{rel}","templated":true}]}}